{"id":18941,"date":"2024-07-08T12:48:07","date_gmt":"2024-07-08T15:48:07","guid":{"rendered":"https:\/\/apuntesdesanluis.com\/?p=18941"},"modified":"2024-07-08T12:48:07","modified_gmt":"2024-07-08T15:48:07","slug":"merlo-hizo-vibrar-a-una-multitud-con-el-rally-puntano","status":"publish","type":"post","link":"https:\/\/apuntesdesanluis.com\/index.php\/2024\/07\/08\/merlo-hizo-vibrar-a-una-multitud-con-el-rally-puntano\/","title":{"rendered":"MERLO HIZO VIBRAR A UNA MULTITUD CON EL RALLY PUNTANO"},"content":{"rendered":"<h3>Con una multitudinaria asistencia a lo largo de toda la jornada, la <strong>4ta. fecha provincial del Rally Puntano<\/strong> signific\u00f3 un verdadero \u00e9xito en la villa tur\u00edstica. No solo brind\u00f3 un fin de semana muy emocionante, sino que tambi\u00e9n gener\u00f3 una gran inyecci\u00f3n en la econom\u00eda local.<\/h3>\n<p><img fetchpriority=\"high\" decoding=\"async\" class=\"wp-image-18943 aligncenter\" src=\"https:\/\/apuntesdesanluis.com\/wp-content\/uploads\/2024\/07\/0c212905-40d1-4502-a9a5-54e68d407295-300x181.jpg\" alt=\"\" width=\"593\" height=\"358\" srcset=\"https:\/\/apuntesdesanluis.com\/wp-content\/uploads\/2024\/07\/0c212905-40d1-4502-a9a5-54e68d407295-300x181.jpg 300w, https:\/\/apuntesdesanluis.com\/wp-content\/uploads\/2024\/07\/0c212905-40d1-4502-a9a5-54e68d407295.jpg 700w\" sizes=\"(max-width: 593px) 100vw, 593px\" \/><\/p>\n<h3>El tan esperado evento deportivo comenz\u00f3 el viernes 5 con la exposici\u00f3n de equipos en el campo de asistencia, seguida por la entrega de la hoja de ruta. Alrededor de las 18 hs, los veh\u00edculos realizaron una vuelta por Avenida del Sol y Plaza Sobremonte. Posteriormente, se llev\u00f3 a cabo la reuni\u00f3n de pilotos en la Casa del Poeta, culminando con la largada simb\u00f3lica en la renovada Plaza Sobremonte, donde asistieron alrededor de 2.500 personas, demostrando el entusiasmo que gener\u00f3 la vuelta, luego de tres d\u00e9cadas, del Rally en Merlo.<\/h3>\n<p><img decoding=\"async\" class=\"wp-image-18944 aligncenter\" src=\"https:\/\/apuntesdesanluis.com\/wp-content\/uploads\/2024\/07\/2ac3fde8-d358-4f5b-b007-14a8a4cd3a1c-300x184.jpg\" alt=\"\" width=\"595\" height=\"365\" srcset=\"https:\/\/apuntesdesanluis.com\/wp-content\/uploads\/2024\/07\/2ac3fde8-d358-4f5b-b007-14a8a4cd3a1c-300x184.jpg 300w, https:\/\/apuntesdesanluis.com\/wp-content\/uploads\/2024\/07\/2ac3fde8-d358-4f5b-b007-14a8a4cd3a1c.jpg 586w\" sizes=\"(max-width: 595px) 100vw, 595px\" \/><\/p>\n<h3>El s\u00e1bado se realiz\u00f3 la largada del 1er y 2do tramo para finalizar la jornada con el Super Special en la Rotonda de Ingreso, donde asistieron m\u00e1s de 5.000 personas. El gran espect\u00e1culo cont\u00f3 con un circuito perfecto para emocionar a los aficionados del Rally.<\/h3>\n<p><img decoding=\"async\" class=\"wp-image-18945 aligncenter\" src=\"https:\/\/apuntesdesanluis.com\/wp-content\/uploads\/2024\/07\/6758c0e8-913a-4617-bdd2-76bf8e98703a-300x180.jpg\" alt=\"\" width=\"597\" height=\"358\" srcset=\"https:\/\/apuntesdesanluis.com\/wp-content\/uploads\/2024\/07\/6758c0e8-913a-4617-bdd2-76bf8e98703a-300x180.jpg 300w, https:\/\/apuntesdesanluis.com\/wp-content\/uploads\/2024\/07\/6758c0e8-913a-4617-bdd2-76bf8e98703a.jpg 700w\" sizes=\"(max-width: 597px) 100vw, 597px\" \/><\/p>\n<h3>Este domingo 7 de julio finaliz\u00f3 el evento automovil\u00edstico que se llev\u00f3 a cabo en la Villa de Merlo despu\u00e9s de tres d\u00e9cadas.<\/h3>\n<h3>Garc\u00eda, junto a su navegante Mat\u00edas Varas, a bordo de un VW Gol &#8220;A&#8221;, ganaron la 4ta fecha provincial. El segundo lugar del podio fue para los locales, Servando Etchepare y Nicol\u00e1s Mor\u00e1n (VW Gol &#8220;A&#8221;), dejando en el tercer puesto a Nelson y Diana Su\u00e1rez a 1m42s (VW Gol &#8220;A&#8221;), representando a Concar\u00e1n. Un podio que qued\u00f3 en el Valle del Conlara.<\/h3>\n<p><img loading=\"lazy\" decoding=\"async\" class=\"wp-image-18946 aligncenter\" src=\"https:\/\/apuntesdesanluis.com\/wp-content\/uploads\/2024\/07\/35380b85-a7ab-4649-ab0a-facd675613b6-300x197.jpg\" alt=\"\" width=\"595\" height=\"391\" srcset=\"https:\/\/apuntesdesanluis.com\/wp-content\/uploads\/2024\/07\/35380b85-a7ab-4649-ab0a-facd675613b6-300x197.jpg 300w, https:\/\/apuntesdesanluis.com\/wp-content\/uploads\/2024\/07\/35380b85-a7ab-4649-ab0a-facd675613b6.jpg 577w\" sizes=\"(max-width: 595px) 100vw, 595px\" \/><\/p>\n<h3>La cuarta posici\u00f3n en la general y la clase fue para Federico Bassi a 1m58s, mientras que el bonaerense Emanuel Braco se ubic\u00f3 en el quinto lugar de la clase a m\u00e1s de 15 minutos.<\/h3>\n<h3>En esta primera edici\u00f3n, luego de tres d\u00e9cadas, el Rally Puntano arroj\u00f3 una positiva estad\u00edstica de ocupaci\u00f3n en la Villa de Merlo. Seg\u00fan los datos aportados por la<\/h3>\n<h3>Secretar\u00eda de Turismo, el evento impuls\u00f3 significativamente el movimiento tur\u00edstico y econ\u00f3mico de la localidad. La ocupaci\u00f3n en caba\u00f1as y hoteles durante el fin de semana alcanz\u00f3 cifras r\u00e9cord, demostrando la importancia de este tipo de eventos deportivos.<\/h3>\n<p><img loading=\"lazy\" decoding=\"async\" class=\"wp-image-18947 aligncenter\" src=\"https:\/\/apuntesdesanluis.com\/wp-content\/uploads\/2024\/07\/c4efc7ab-45f7-4cab-bba0-c3c798087646-300x211.jpg\" alt=\"\" width=\"596\" height=\"419\" srcset=\"https:\/\/apuntesdesanluis.com\/wp-content\/uploads\/2024\/07\/c4efc7ab-45f7-4cab-bba0-c3c798087646-300x211.jpg 300w, https:\/\/apuntesdesanluis.com\/wp-content\/uploads\/2024\/07\/c4efc7ab-45f7-4cab-bba0-c3c798087646.jpg 553w\" sizes=\"(max-width: 596px) 100vw, 596px\" \/><\/p>\n<h3>De esta manera, las pol\u00edticas implementadas por la actual gesti\u00f3n para posicionar a Merlo como la Ciudad del Deporte contin\u00faan acrecent\u00e1ndose. El secretario de Deportes, Francisco Oviedo, destac\u00f3 la importancia de continuar trabajando en esta l\u00ednea, ya que estos eventos no solo brindan entretenimiento y deporte, sino que tambi\u00e9n dejan un significativo r\u00e9dito econ\u00f3mico en la comunidad.<\/h3>\n<h3>Estamos m\u00e1s que felices y orgullosos de haberle devuelto al p\u00fablico fierrero de la Villa de Merlo y la Costa de los Comechingones este hermoso espect\u00e1culo automovil\u00edstico.<\/h3>\n<p>&nbsp;<\/p>\n<p>&nbsp;<\/p>\n<p>&nbsp;<\/p>\n<p>&nbsp;<\/p>\n<p>&nbsp;<\/p>\n<p>&nbsp;<\/p>\n<h3><\/h3>\n<p>&nbsp;<\/p>\n<p>&nbsp;<\/p>\n","protected":false},"excerpt":{"rendered":"<p>Con una multitudinaria asistencia a lo largo de toda la jornada, la 4ta. fecha provincial&#8230;<\/p>\n","protected":false},"author":1,"featured_media":18942,"comment_status":"closed","ping_status":"closed","sticky":false,"template":"","format":"standard","meta":{"footnotes":""},"categories":[6,8],"tags":[],"class_list":["post-18941","post","type-post","status-publish","format-standard","has-post-thumbnail","hentry","category-ciudad-provincia","category-deportes"],"yoast_head":"<!-- This site is optimized with the Yoast SEO plugin v26.1.1 - https:\/\/yoast.com\/wordpress\/plugins\/seo\/ -->\n<title>MERLO HIZO VIBRAR A UNA MULTITUD CON EL RALLY PUNTANO - Apuntes de San Luis<\/title>\n<meta name=\"robots\" content=\"index, follow, max-snippet:-1, max-image-preview:large, max-video-preview:-1\" \/>\n<link rel=\"canonical\" href=\"https:\/\/apuntesdesanluis.com\/index.php\/2024\/07\/08\/merlo-hizo-vibrar-a-una-multitud-con-el-rally-puntano\/\" \/>\n<meta property=\"og:locale\" content=\"es_ES\" \/>\n<meta property=\"og:type\" content=\"article\" \/>\n<meta property=\"og:title\" content=\"MERLO HIZO VIBRAR A UNA MULTITUD CON EL RALLY PUNTANO - Apuntes de San Luis\" \/>\n<meta property=\"og:description\" content=\"Con una multitudinaria asistencia a lo largo de toda la jornada, la 4ta. fecha provincial...\" \/>\n<meta property=\"og:url\" content=\"https:\/\/apuntesdesanluis.com\/index.php\/2024\/07\/08\/merlo-hizo-vibrar-a-una-multitud-con-el-rally-puntano\/\" \/>\n<meta property=\"og:site_name\" content=\"Apuntes de San Luis\" \/>\n<meta property=\"article:published_time\" content=\"2024-07-08T15:48:07+00:00\" \/>\n<meta property=\"og:image\" content=\"https:\/\/apuntesdesanluis.com\/wp-content\/uploads\/2024\/07\/TAPA.jpg\" \/>\n\t<meta property=\"og:image:width\" content=\"661\" \/>\n\t<meta property=\"og:image:height\" content=\"356\" \/>\n\t<meta property=\"og:image:type\" content=\"image\/jpeg\" \/>\n<meta name=\"author\" content=\"apuntesdesanluis.com\" \/>\n<meta name=\"twitter:card\" content=\"summary_large_image\" \/>\n<meta name=\"twitter:label1\" content=\"Escrito por\" \/>\n\t<meta name=\"twitter:data1\" content=\"apuntesdesanluis.com\" \/>\n\t<meta name=\"twitter:label2\" content=\"Tiempo de lectura\" \/>\n\t<meta name=\"twitter:data2\" content=\"4 minutos\" \/>\n<script type=\"application\/ld+json\" class=\"yoast-schema-graph\">{\"@context\":\"https:\/\/schema.org\",\"@graph\":[{\"@type\":\"Article\",\"@id\":\"https:\/\/apuntesdesanluis.com\/index.php\/2024\/07\/08\/merlo-hizo-vibrar-a-una-multitud-con-el-rally-puntano\/#article\",\"isPartOf\":{\"@id\":\"https:\/\/apuntesdesanluis.com\/index.php\/2024\/07\/08\/merlo-hizo-vibrar-a-una-multitud-con-el-rally-puntano\/\"},\"author\":{\"name\":\"apuntesdesanluis.com\",\"@id\":\"https:\/\/apuntesdesanluis.com\/#\/schema\/person\/b55151d52296fcce64d1a72538a70b90\"},\"headline\":\"MERLO HIZO VIBRAR A UNA MULTITUD CON EL RALLY PUNTANO\",\"datePublished\":\"2024-07-08T15:48:07+00:00\",\"mainEntityOfPage\":{\"@id\":\"https:\/\/apuntesdesanluis.com\/index.php\/2024\/07\/08\/merlo-hizo-vibrar-a-una-multitud-con-el-rally-puntano\/\"},\"wordCount\":512,\"publisher\":{\"@id\":\"https:\/\/apuntesdesanluis.com\/#\/schema\/person\/b55151d52296fcce64d1a72538a70b90\"},\"image\":{\"@id\":\"https:\/\/apuntesdesanluis.com\/index.php\/2024\/07\/08\/merlo-hizo-vibrar-a-una-multitud-con-el-rally-puntano\/#primaryimage\"},\"thumbnailUrl\":\"https:\/\/apuntesdesanluis.com\/wp-content\/uploads\/2024\/07\/TAPA.jpg\",\"articleSection\":[\"Ciudad\/Provincia\",\"Deportes\"],\"inLanguage\":\"es-AR\"},{\"@type\":\"WebPage\",\"@id\":\"https:\/\/apuntesdesanluis.com\/index.php\/2024\/07\/08\/merlo-hizo-vibrar-a-una-multitud-con-el-rally-puntano\/\",\"url\":\"https:\/\/apuntesdesanluis.com\/index.php\/2024\/07\/08\/merlo-hizo-vibrar-a-una-multitud-con-el-rally-puntano\/\",\"name\":\"MERLO HIZO VIBRAR A UNA MULTITUD CON EL RALLY PUNTANO - Apuntes de San Luis\",\"isPartOf\":{\"@id\":\"https:\/\/apuntesdesanluis.com\/#website\"},\"primaryImageOfPage\":{\"@id\":\"https:\/\/apuntesdesanluis.com\/index.php\/2024\/07\/08\/merlo-hizo-vibrar-a-una-multitud-con-el-rally-puntano\/#primaryimage\"},\"image\":{\"@id\":\"https:\/\/apuntesdesanluis.com\/index.php\/2024\/07\/08\/merlo-hizo-vibrar-a-una-multitud-con-el-rally-puntano\/#primaryimage\"},\"thumbnailUrl\":\"https:\/\/apuntesdesanluis.com\/wp-content\/uploads\/2024\/07\/TAPA.jpg\",\"datePublished\":\"2024-07-08T15:48:07+00:00\",\"breadcrumb\":{\"@id\":\"https:\/\/apuntesdesanluis.com\/index.php\/2024\/07\/08\/merlo-hizo-vibrar-a-una-multitud-con-el-rally-puntano\/#breadcrumb\"},\"inLanguage\":\"es-AR\",\"potentialAction\":[{\"@type\":\"ReadAction\",\"target\":[\"https:\/\/apuntesdesanluis.com\/index.php\/2024\/07\/08\/merlo-hizo-vibrar-a-una-multitud-con-el-rally-puntano\/\"]}]},{\"@type\":\"ImageObject\",\"inLanguage\":\"es-AR\",\"@id\":\"https:\/\/apuntesdesanluis.com\/index.php\/2024\/07\/08\/merlo-hizo-vibrar-a-una-multitud-con-el-rally-puntano\/#primaryimage\",\"url\":\"https:\/\/apuntesdesanluis.com\/wp-content\/uploads\/2024\/07\/TAPA.jpg\",\"contentUrl\":\"https:\/\/apuntesdesanluis.com\/wp-content\/uploads\/2024\/07\/TAPA.jpg\",\"width\":661,\"height\":356},{\"@type\":\"BreadcrumbList\",\"@id\":\"https:\/\/apuntesdesanluis.com\/index.php\/2024\/07\/08\/merlo-hizo-vibrar-a-una-multitud-con-el-rally-puntano\/#breadcrumb\",\"itemListElement\":[{\"@type\":\"ListItem\",\"position\":1,\"name\":\"Inicio\",\"item\":\"https:\/\/apuntesdesanluis.com\/\"},{\"@type\":\"ListItem\",\"position\":2,\"name\":\"MERLO HIZO VIBRAR A UNA MULTITUD CON EL RALLY PUNTANO\"}]},{\"@type\":\"WebSite\",\"@id\":\"https:\/\/apuntesdesanluis.com\/#website\",\"url\":\"https:\/\/apuntesdesanluis.com\/\",\"name\":\"Apuntes de San Luis\",\"description\":\"\",\"publisher\":{\"@id\":\"https:\/\/apuntesdesanluis.com\/#\/schema\/person\/b55151d52296fcce64d1a72538a70b90\"},\"potentialAction\":[{\"@type\":\"SearchAction\",\"target\":{\"@type\":\"EntryPoint\",\"urlTemplate\":\"https:\/\/apuntesdesanluis.com\/?s={search_term_string}\"},\"query-input\":{\"@type\":\"PropertyValueSpecification\",\"valueRequired\":true,\"valueName\":\"search_term_string\"}}],\"inLanguage\":\"es-AR\"},{\"@type\":[\"Person\",\"Organization\"],\"@id\":\"https:\/\/apuntesdesanluis.com\/#\/schema\/person\/b55151d52296fcce64d1a72538a70b90\",\"name\":\"apuntesdesanluis.com\",\"image\":{\"@type\":\"ImageObject\",\"inLanguage\":\"es-AR\",\"@id\":\"https:\/\/apuntesdesanluis.com\/#\/schema\/person\/image\/\",\"url\":\"https:\/\/apuntesdesanluis.com\/wp-content\/uploads\/2023\/07\/cropped-apuntesdesanluis.png\",\"contentUrl\":\"https:\/\/apuntesdesanluis.com\/wp-content\/uploads\/2023\/07\/cropped-apuntesdesanluis.png\",\"width\":450,\"height\":112,\"caption\":\"apuntesdesanluis.com\"},\"logo\":{\"@id\":\"https:\/\/apuntesdesanluis.com\/#\/schema\/person\/image\/\"},\"sameAs\":[\"https:\/\/apuntesdesanluis.com\"],\"url\":\"https:\/\/apuntesdesanluis.com\/index.php\/author\/apuntesdesanluis-com\/\"}]}<\/script>\n<!-- \/ Yoast SEO plugin. -->","yoast_head_json":{"title":"MERLO HIZO VIBRAR A UNA MULTITUD CON EL RALLY PUNTANO - Apuntes de San Luis","robots":{"index":"index","follow":"follow","max-snippet":"max-snippet:-1","max-image-preview":"max-image-preview:large","max-video-preview":"max-video-preview:-1"},"canonical":"https:\/\/apuntesdesanluis.com\/index.php\/2024\/07\/08\/merlo-hizo-vibrar-a-una-multitud-con-el-rally-puntano\/","og_locale":"es_ES","og_type":"article","og_title":"MERLO HIZO VIBRAR A UNA MULTITUD CON EL RALLY PUNTANO - Apuntes de San Luis","og_description":"Con una multitudinaria asistencia a lo largo de toda la jornada, la 4ta. fecha provincial...","og_url":"https:\/\/apuntesdesanluis.com\/index.php\/2024\/07\/08\/merlo-hizo-vibrar-a-una-multitud-con-el-rally-puntano\/","og_site_name":"Apuntes de San Luis","article_published_time":"2024-07-08T15:48:07+00:00","og_image":[{"width":661,"height":356,"url":"https:\/\/apuntesdesanluis.com\/wp-content\/uploads\/2024\/07\/TAPA.jpg","type":"image\/jpeg"}],"author":"apuntesdesanluis.com","twitter_card":"summary_large_image","twitter_misc":{"Escrito por":"apuntesdesanluis.com","Tiempo de lectura":"4 minutos"},"schema":{"@context":"https:\/\/schema.org","@graph":[{"@type":"Article","@id":"https:\/\/apuntesdesanluis.com\/index.php\/2024\/07\/08\/merlo-hizo-vibrar-a-una-multitud-con-el-rally-puntano\/#article","isPartOf":{"@id":"https:\/\/apuntesdesanluis.com\/index.php\/2024\/07\/08\/merlo-hizo-vibrar-a-una-multitud-con-el-rally-puntano\/"},"author":{"name":"apuntesdesanluis.com","@id":"https:\/\/apuntesdesanluis.com\/#\/schema\/person\/b55151d52296fcce64d1a72538a70b90"},"headline":"MERLO HIZO VIBRAR A UNA MULTITUD CON EL RALLY PUNTANO","datePublished":"2024-07-08T15:48:07+00:00","mainEntityOfPage":{"@id":"https:\/\/apuntesdesanluis.com\/index.php\/2024\/07\/08\/merlo-hizo-vibrar-a-una-multitud-con-el-rally-puntano\/"},"wordCount":512,"publisher":{"@id":"https:\/\/apuntesdesanluis.com\/#\/schema\/person\/b55151d52296fcce64d1a72538a70b90"},"image":{"@id":"https:\/\/apuntesdesanluis.com\/index.php\/2024\/07\/08\/merlo-hizo-vibrar-a-una-multitud-con-el-rally-puntano\/#primaryimage"},"thumbnailUrl":"https:\/\/apuntesdesanluis.com\/wp-content\/uploads\/2024\/07\/TAPA.jpg","articleSection":["Ciudad\/Provincia","Deportes"],"inLanguage":"es-AR"},{"@type":"WebPage","@id":"https:\/\/apuntesdesanluis.com\/index.php\/2024\/07\/08\/merlo-hizo-vibrar-a-una-multitud-con-el-rally-puntano\/","url":"https:\/\/apuntesdesanluis.com\/index.php\/2024\/07\/08\/merlo-hizo-vibrar-a-una-multitud-con-el-rally-puntano\/","name":"MERLO HIZO VIBRAR A UNA MULTITUD CON EL RALLY PUNTANO - Apuntes de San Luis","isPartOf":{"@id":"https:\/\/apuntesdesanluis.com\/#website"},"primaryImageOfPage":{"@id":"https:\/\/apuntesdesanluis.com\/index.php\/2024\/07\/08\/merlo-hizo-vibrar-a-una-multitud-con-el-rally-puntano\/#primaryimage"},"image":{"@id":"https:\/\/apuntesdesanluis.com\/index.php\/2024\/07\/08\/merlo-hizo-vibrar-a-una-multitud-con-el-rally-puntano\/#primaryimage"},"thumbnailUrl":"https:\/\/apuntesdesanluis.com\/wp-content\/uploads\/2024\/07\/TAPA.jpg","datePublished":"2024-07-08T15:48:07+00:00","breadcrumb":{"@id":"https:\/\/apuntesdesanluis.com\/index.php\/2024\/07\/08\/merlo-hizo-vibrar-a-una-multitud-con-el-rally-puntano\/#breadcrumb"},"inLanguage":"es-AR","potentialAction":[{"@type":"ReadAction","target":["https:\/\/apuntesdesanluis.com\/index.php\/2024\/07\/08\/merlo-hizo-vibrar-a-una-multitud-con-el-rally-puntano\/"]}]},{"@type":"ImageObject","inLanguage":"es-AR","@id":"https:\/\/apuntesdesanluis.com\/index.php\/2024\/07\/08\/merlo-hizo-vibrar-a-una-multitud-con-el-rally-puntano\/#primaryimage","url":"https:\/\/apuntesdesanluis.com\/wp-content\/uploads\/2024\/07\/TAPA.jpg","contentUrl":"https:\/\/apuntesdesanluis.com\/wp-content\/uploads\/2024\/07\/TAPA.jpg","width":661,"height":356},{"@type":"BreadcrumbList","@id":"https:\/\/apuntesdesanluis.com\/index.php\/2024\/07\/08\/merlo-hizo-vibrar-a-una-multitud-con-el-rally-puntano\/#breadcrumb","itemListElement":[{"@type":"ListItem","position":1,"name":"Inicio","item":"https:\/\/apuntesdesanluis.com\/"},{"@type":"ListItem","position":2,"name":"MERLO HIZO VIBRAR A UNA MULTITUD CON EL RALLY PUNTANO"}]},{"@type":"WebSite","@id":"https:\/\/apuntesdesanluis.com\/#website","url":"https:\/\/apuntesdesanluis.com\/","name":"Apuntes de San Luis","description":"","publisher":{"@id":"https:\/\/apuntesdesanluis.com\/#\/schema\/person\/b55151d52296fcce64d1a72538a70b90"},"potentialAction":[{"@type":"SearchAction","target":{"@type":"EntryPoint","urlTemplate":"https:\/\/apuntesdesanluis.com\/?s={search_term_string}"},"query-input":{"@type":"PropertyValueSpecification","valueRequired":true,"valueName":"search_term_string"}}],"inLanguage":"es-AR"},{"@type":["Person","Organization"],"@id":"https:\/\/apuntesdesanluis.com\/#\/schema\/person\/b55151d52296fcce64d1a72538a70b90","name":"apuntesdesanluis.com","image":{"@type":"ImageObject","inLanguage":"es-AR","@id":"https:\/\/apuntesdesanluis.com\/#\/schema\/person\/image\/","url":"https:\/\/apuntesdesanluis.com\/wp-content\/uploads\/2023\/07\/cropped-apuntesdesanluis.png","contentUrl":"https:\/\/apuntesdesanluis.com\/wp-content\/uploads\/2023\/07\/cropped-apuntesdesanluis.png","width":450,"height":112,"caption":"apuntesdesanluis.com"},"logo":{"@id":"https:\/\/apuntesdesanluis.com\/#\/schema\/person\/image\/"},"sameAs":["https:\/\/apuntesdesanluis.com"],"url":"https:\/\/apuntesdesanluis.com\/index.php\/author\/apuntesdesanluis-com\/"}]}},"featured_image_urls":{"full":["https:\/\/apuntesdesanluis.com\/wp-content\/uploads\/2024\/07\/TAPA.jpg",661,356,false],"thumbnail":["https:\/\/apuntesdesanluis.com\/wp-content\/uploads\/2024\/07\/TAPA-150x150.jpg",150,150,true],"medium":["https:\/\/apuntesdesanluis.com\/wp-content\/uploads\/2024\/07\/TAPA-300x162.jpg",300,162,true],"medium_large":["https:\/\/apuntesdesanluis.com\/wp-content\/uploads\/2024\/07\/TAPA.jpg",640,345,false],"large":["https:\/\/apuntesdesanluis.com\/wp-content\/uploads\/2024\/07\/TAPA.jpg",640,345,false],"1536x1536":["https:\/\/apuntesdesanluis.com\/wp-content\/uploads\/2024\/07\/TAPA.jpg",661,356,false],"2048x2048":["https:\/\/apuntesdesanluis.com\/wp-content\/uploads\/2024\/07\/TAPA.jpg",661,356,false],"newsever-slider-full":["https:\/\/apuntesdesanluis.com\/wp-content\/uploads\/2024\/07\/TAPA.jpg",661,356,false],"newsever-featured":["https:\/\/apuntesdesanluis.com\/wp-content\/uploads\/2024\/07\/TAPA.jpg",661,356,false],"newsever-medium":["https:\/\/apuntesdesanluis.com\/wp-content\/uploads\/2024\/07\/TAPA.jpg",661,356,false]},"author_info":{"display_name":"apuntesdesanluis.com","author_link":"https:\/\/apuntesdesanluis.com\/index.php\/author\/apuntesdesanluis-com\/"},"category_info":"<a href=\"https:\/\/apuntesdesanluis.com\/index.php\/category\/ciudad-provincia\/\" rel=\"category tag\">Ciudad\/Provincia<\/a> <a href=\"https:\/\/apuntesdesanluis.com\/index.php\/category\/deportes\/\" rel=\"category tag\">Deportes<\/a>","tag_info":"Deportes","comment_count":"0","_links":{"self":[{"href":"https:\/\/apuntesdesanluis.com\/index.php\/wp-json\/wp\/v2\/posts\/18941","targetHints":{"allow":["GET"]}}],"collection":[{"href":"https:\/\/apuntesdesanluis.com\/index.php\/wp-json\/wp\/v2\/posts"}],"about":[{"href":"https:\/\/apuntesdesanluis.com\/index.php\/wp-json\/wp\/v2\/types\/post"}],"author":[{"embeddable":true,"href":"https:\/\/apuntesdesanluis.com\/index.php\/wp-json\/wp\/v2\/users\/1"}],"replies":[{"embeddable":true,"href":"https:\/\/apuntesdesanluis.com\/index.php\/wp-json\/wp\/v2\/comments?post=18941"}],"version-history":[{"count":1,"href":"https:\/\/apuntesdesanluis.com\/index.php\/wp-json\/wp\/v2\/posts\/18941\/revisions"}],"predecessor-version":[{"id":18948,"href":"https:\/\/apuntesdesanluis.com\/index.php\/wp-json\/wp\/v2\/posts\/18941\/revisions\/18948"}],"wp:featuredmedia":[{"embeddable":true,"href":"https:\/\/apuntesdesanluis.com\/index.php\/wp-json\/wp\/v2\/media\/18942"}],"wp:attachment":[{"href":"https:\/\/apuntesdesanluis.com\/index.php\/wp-json\/wp\/v2\/media?parent=18941"}],"wp:term":[{"taxonomy":"category","embeddable":true,"href":"https:\/\/apuntesdesanluis.com\/index.php\/wp-json\/wp\/v2\/categories?post=18941"},{"taxonomy":"post_tag","embeddable":true,"href":"https:\/\/apuntesdesanluis.com\/index.php\/wp-json\/wp\/v2\/tags?post=18941"}],"curies":[{"name":"wp","href":"https:\/\/api.w.org\/{rel}","templated":true}]}}