{"id":18959,"date":"2024-07-09T13:10:13","date_gmt":"2024-07-09T16:10:13","guid":{"rendered":"https:\/\/apuntesdesanluis.com\/?p=18959"},"modified":"2024-07-09T13:10:13","modified_gmt":"2024-07-09T16:10:13","slug":"nadie-se-puede-lavar-las-manos-ante-la-situacion-social-que-estamos-viviendo","status":"publish","type":"post","link":"https:\/\/apuntesdesanluis.com\/index.php\/2024\/07\/09\/nadie-se-puede-lavar-las-manos-ante-la-situacion-social-que-estamos-viviendo\/","title":{"rendered":"&#8220;NADIE SE PUEDE LAVAR LAS MANOS ANTE LA SITUACI\u00d3N SOCIAL QUE ESTAMOS VIVIENDO&#8221;"},"content":{"rendered":"<h3>As\u00ed se expres\u00f3 <strong>Jorge Ignacio Garc\u00eda Cuerva<\/strong> en el Ted\u00e9um por el D\u00eda de la Independencia. <strong>Javier Milei<\/strong> particip\u00f3 junto a su gabinete y luego preidi\u00f3 el desfile que se realiz\u00f3 en Avda. del Libertador.<\/h3>\n<h3>El presidente de la Naci\u00f3n, Javier Milei, particip\u00f3 del Ted\u00e9um que se realiza todos los a\u00f1os por el 9 de Julio, en la Catedral Metropolitana de Buenos Aires, junto a la vicepresidenta <strong>Victoria Villarruel<\/strong>, el jefe de Gobierno de la Ciudad, <strong>Jorge Macri<\/strong>, y la vicejefa porte\u00f1a, <strong>Clara Muzzio<\/strong>.<\/h3>\n<h3>De los ministros que conforman el gabinete nacional estuvieron presentes: Mario Russo (Salud), Diana Mondino (Relaciones Exteriores), Luis Petri (Defensa), Patricia Bullrich (Seguridad), Federico Sturzenegger (Desregulaci\u00f3n del Estado) y Mariano C\u00faneo Libarona (Justicia).<\/h3>\n<h3>Quien llev\u00f3 adelante el Ted\u00e9um fue el arzobispo Jorge Ignacio Garc\u00eda Cuerva, que comenz\u00f3 su discurso haciendo referencia a los \u201chermanos paralizados hace a\u00f1os en su esperanza\u201d y los que est\u00e1n \u201catravesados por el hambre la soledad\u201d.<\/h3>\n<p><iframe title=\"Homil\u00eda de Mons Garc\u00eda Cuerva | Te Deum del 9 de Julio con la presencia del Pres. Milei y comitiva\" width=\"640\" height=\"360\" src=\"https:\/\/www.youtube.com\/embed\/oeEDNEkn_EQ?feature=oembed\" frameborder=\"0\" allow=\"accelerometer; autoplay; clipboard-write; encrypted-media; gyroscope; picture-in-picture; web-share\" referrerpolicy=\"strict-origin-when-cross-origin\" allowfullscreen><\/iframe><\/p>\n<h3>\u201cUna justicia largamente esperada tantos argentinos tendidos, sobre una manta en el fr\u00edo de las veredas de las grandes ciudades del pa\u00eds, postrados a consecuencia de la falta de solidaridad y el ego\u00edsmo. En definitiva, tenemos una Argentina que nos duele hace mucho, que se dice independiente hace 208 a\u00f1os pero que a\u00fan hoy sufre las cadenas de diversas esclavitudes, que no nos dejan caminar como pueblo hacia un desarrollo pleno y una mejor calidad de vida para todos\u201d, sostuvo.<\/h3>\n<h3>Asimismo, se refiri\u00f3 al \u201cgran objetivo\u201d que debemos tener como sociedad que debe abogar a que \u201cArgentina se cure&#8221;, \u201cque se ponga de pie\u201d y que \u201cse independice de las camillas que la tienen postrada, paralizada y enferma\u201d; adem\u00e1s, haciendo alusi\u00f3n al Papa Francisco, se\u00f1al\u00f3 que \u201cno hay tiempo para la indiferencia\u201d y que nadie se puede \u201clavar las manos\u201d ante la situaci\u00f3n social que estamos viviendo como pa\u00eds.<\/h3>\n<h3>\u201cO somos hermanos o se viene todo abajo. Por eso invito a todos los aqu\u00ed presentes y tambi\u00e9n a quienes nos siguen por los medios de comunicaci\u00f3n y por las redes sociales a rezar juntos\u201d, concluy\u00f3.<\/h3>\n<p><img fetchpriority=\"high\" decoding=\"async\" class=\"wp-image-18960 aligncenter\" src=\"https:\/\/apuntesdesanluis.com\/wp-content\/uploads\/2024\/07\/32ae7fb7-c86c-45ac-b76f-357851a70709-300x214.jpg\" alt=\"\" width=\"606\" height=\"432\" srcset=\"https:\/\/apuntesdesanluis.com\/wp-content\/uploads\/2024\/07\/32ae7fb7-c86c-45ac-b76f-357851a70709-300x214.jpg 300w, https:\/\/apuntesdesanluis.com\/wp-content\/uploads\/2024\/07\/32ae7fb7-c86c-45ac-b76f-357851a70709.jpg 700w\" sizes=\"(max-width: 606px) 100vw, 606px\" \/><\/p>\n<h3>\u00a0La segunda actividad de la jornada ser\u00e1 el desfile militar que tendr\u00e1 lugar a las 11 por la Avenida Del Libertador. Milei retorn\u00f3 a pie a Rosada donde comparti\u00f3 un desayuno junto a sus ministros y secretarios.<\/h3>\n<h3>Despu\u00e9s, partieron al punto de encuentro para el despliegue militar que inici\u00f3 en el cruce de la Avenida del Libertador y Ag\u00fcero, en la zona del Museo de Bellas Artes, y se extender\u00e1 por toda la avenida hasta Olleros, en las inmediaciones de la estaci\u00f3n de trenes Lisandro de la Torre.<\/h3>\n<h3>El evento tuvo unas dos horas de duraci\u00f3n y desfilarron veteranos, las fuerzas armadas y de seguridad.<\/h3>\n<p><iframe title=\"Desfile militar por el D\u00eda de la Independencia\" width=\"640\" height=\"480\" src=\"https:\/\/www.youtube.com\/embed\/TChg7WIzwFo?feature=oembed\" frameborder=\"0\" allow=\"accelerometer; autoplay; clipboard-write; encrypted-media; gyroscope; picture-in-picture; web-share\" referrerpolicy=\"strict-origin-when-cross-origin\" allowfullscreen><\/iframe><\/p>\n<h3><\/h3>\n<p>&nbsp;<\/p>\n<p>&nbsp;<\/p>\n<p>&nbsp;<\/p>\n","protected":false},"excerpt":{"rendered":"<p>As\u00ed se expres\u00f3 Jorge Ignacio Garc\u00eda Cuerva en el Ted\u00e9um por el D\u00eda de la&#8230;<\/p>\n","protected":false},"author":1,"featured_media":18961,"comment_status":"closed","ping_status":"closed","sticky":false,"template":"","format":"standard","meta":{"footnotes":""},"categories":[5],"tags":[],"class_list":["post-18959","post","type-post","status-publish","format-standard","has-post-thumbnail","hentry","category-nacionales-internacionales"],"yoast_head":"<!-- This site is optimized with the Yoast SEO plugin v26.1.1 - https:\/\/yoast.com\/wordpress\/plugins\/seo\/ -->\n<title>&quot;NADIE SE PUEDE LAVAR LAS MANOS ANTE LA SITUACI\u00d3N SOCIAL QUE ESTAMOS VIVIENDO&quot; - Apuntes de San Luis<\/title>\n<meta name=\"robots\" content=\"index, follow, max-snippet:-1, max-image-preview:large, max-video-preview:-1\" \/>\n<link rel=\"canonical\" href=\"https:\/\/apuntesdesanluis.com\/index.php\/2024\/07\/09\/nadie-se-puede-lavar-las-manos-ante-la-situacion-social-que-estamos-viviendo\/\" \/>\n<meta property=\"og:locale\" content=\"es_ES\" \/>\n<meta property=\"og:type\" content=\"article\" \/>\n<meta property=\"og:title\" content=\"&quot;NADIE SE PUEDE LAVAR LAS MANOS ANTE LA SITUACI\u00d3N SOCIAL QUE ESTAMOS VIVIENDO&quot; - Apuntes de San Luis\" \/>\n<meta property=\"og:description\" content=\"As\u00ed se expres\u00f3 Jorge Ignacio Garc\u00eda Cuerva en el Ted\u00e9um por el D\u00eda de la...\" \/>\n<meta property=\"og:url\" content=\"https:\/\/apuntesdesanluis.com\/index.php\/2024\/07\/09\/nadie-se-puede-lavar-las-manos-ante-la-situacion-social-que-estamos-viviendo\/\" \/>\n<meta property=\"og:site_name\" content=\"Apuntes de San Luis\" \/>\n<meta property=\"article:published_time\" content=\"2024-07-09T16:10:13+00:00\" \/>\n<meta property=\"og:image\" content=\"https:\/\/apuntesdesanluis.com\/wp-content\/uploads\/2024\/07\/garcia-cuerva.png\" \/>\n\t<meta property=\"og:image:width\" content=\"700\" \/>\n\t<meta property=\"og:image:height\" content=\"458\" \/>\n\t<meta property=\"og:image:type\" content=\"image\/png\" \/>\n<meta name=\"author\" content=\"apuntesdesanluis.com\" \/>\n<meta name=\"twitter:card\" content=\"summary_large_image\" \/>\n<meta name=\"twitter:label1\" content=\"Escrito por\" \/>\n\t<meta name=\"twitter:data1\" content=\"apuntesdesanluis.com\" \/>\n\t<meta name=\"twitter:label2\" content=\"Tiempo de lectura\" \/>\n\t<meta name=\"twitter:data2\" content=\"3 minutos\" \/>\n<script type=\"application\/ld+json\" class=\"yoast-schema-graph\">{\"@context\":\"https:\/\/schema.org\",\"@graph\":[{\"@type\":\"Article\",\"@id\":\"https:\/\/apuntesdesanluis.com\/index.php\/2024\/07\/09\/nadie-se-puede-lavar-las-manos-ante-la-situacion-social-que-estamos-viviendo\/#article\",\"isPartOf\":{\"@id\":\"https:\/\/apuntesdesanluis.com\/index.php\/2024\/07\/09\/nadie-se-puede-lavar-las-manos-ante-la-situacion-social-que-estamos-viviendo\/\"},\"author\":{\"name\":\"apuntesdesanluis.com\",\"@id\":\"https:\/\/apuntesdesanluis.com\/#\/schema\/person\/b55151d52296fcce64d1a72538a70b90\"},\"headline\":\"&#8220;NADIE SE PUEDE LAVAR LAS MANOS ANTE LA SITUACI\u00d3N SOCIAL QUE ESTAMOS VIVIENDO&#8221;\",\"datePublished\":\"2024-07-09T16:10:13+00:00\",\"mainEntityOfPage\":{\"@id\":\"https:\/\/apuntesdesanluis.com\/index.php\/2024\/07\/09\/nadie-se-puede-lavar-las-manos-ante-la-situacion-social-que-estamos-viviendo\/\"},\"wordCount\":504,\"publisher\":{\"@id\":\"https:\/\/apuntesdesanluis.com\/#\/schema\/person\/b55151d52296fcce64d1a72538a70b90\"},\"image\":{\"@id\":\"https:\/\/apuntesdesanluis.com\/index.php\/2024\/07\/09\/nadie-se-puede-lavar-las-manos-ante-la-situacion-social-que-estamos-viviendo\/#primaryimage\"},\"thumbnailUrl\":\"https:\/\/apuntesdesanluis.com\/wp-content\/uploads\/2024\/07\/garcia-cuerva.png\",\"articleSection\":[\"Nacionales\/Internacionales\"],\"inLanguage\":\"es-AR\"},{\"@type\":\"WebPage\",\"@id\":\"https:\/\/apuntesdesanluis.com\/index.php\/2024\/07\/09\/nadie-se-puede-lavar-las-manos-ante-la-situacion-social-que-estamos-viviendo\/\",\"url\":\"https:\/\/apuntesdesanluis.com\/index.php\/2024\/07\/09\/nadie-se-puede-lavar-las-manos-ante-la-situacion-social-que-estamos-viviendo\/\",\"name\":\"\\\"NADIE SE PUEDE LAVAR LAS MANOS ANTE LA SITUACI\u00d3N SOCIAL QUE ESTAMOS VIVIENDO\\\" - Apuntes de San Luis\",\"isPartOf\":{\"@id\":\"https:\/\/apuntesdesanluis.com\/#website\"},\"primaryImageOfPage\":{\"@id\":\"https:\/\/apuntesdesanluis.com\/index.php\/2024\/07\/09\/nadie-se-puede-lavar-las-manos-ante-la-situacion-social-que-estamos-viviendo\/#primaryimage\"},\"image\":{\"@id\":\"https:\/\/apuntesdesanluis.com\/index.php\/2024\/07\/09\/nadie-se-puede-lavar-las-manos-ante-la-situacion-social-que-estamos-viviendo\/#primaryimage\"},\"thumbnailUrl\":\"https:\/\/apuntesdesanluis.com\/wp-content\/uploads\/2024\/07\/garcia-cuerva.png\",\"datePublished\":\"2024-07-09T16:10:13+00:00\",\"breadcrumb\":{\"@id\":\"https:\/\/apuntesdesanluis.com\/index.php\/2024\/07\/09\/nadie-se-puede-lavar-las-manos-ante-la-situacion-social-que-estamos-viviendo\/#breadcrumb\"},\"inLanguage\":\"es-AR\",\"potentialAction\":[{\"@type\":\"ReadAction\",\"target\":[\"https:\/\/apuntesdesanluis.com\/index.php\/2024\/07\/09\/nadie-se-puede-lavar-las-manos-ante-la-situacion-social-que-estamos-viviendo\/\"]}]},{\"@type\":\"ImageObject\",\"inLanguage\":\"es-AR\",\"@id\":\"https:\/\/apuntesdesanluis.com\/index.php\/2024\/07\/09\/nadie-se-puede-lavar-las-manos-ante-la-situacion-social-que-estamos-viviendo\/#primaryimage\",\"url\":\"https:\/\/apuntesdesanluis.com\/wp-content\/uploads\/2024\/07\/garcia-cuerva.png\",\"contentUrl\":\"https:\/\/apuntesdesanluis.com\/wp-content\/uploads\/2024\/07\/garcia-cuerva.png\",\"width\":700,\"height\":458},{\"@type\":\"BreadcrumbList\",\"@id\":\"https:\/\/apuntesdesanluis.com\/index.php\/2024\/07\/09\/nadie-se-puede-lavar-las-manos-ante-la-situacion-social-que-estamos-viviendo\/#breadcrumb\",\"itemListElement\":[{\"@type\":\"ListItem\",\"position\":1,\"name\":\"Inicio\",\"item\":\"https:\/\/apuntesdesanluis.com\/\"},{\"@type\":\"ListItem\",\"position\":2,\"name\":\"&#8220;NADIE SE PUEDE LAVAR LAS MANOS ANTE LA SITUACI\u00d3N SOCIAL QUE ESTAMOS VIVIENDO&#8221;\"}]},{\"@type\":\"WebSite\",\"@id\":\"https:\/\/apuntesdesanluis.com\/#website\",\"url\":\"https:\/\/apuntesdesanluis.com\/\",\"name\":\"Apuntes de San Luis\",\"description\":\"\",\"publisher\":{\"@id\":\"https:\/\/apuntesdesanluis.com\/#\/schema\/person\/b55151d52296fcce64d1a72538a70b90\"},\"potentialAction\":[{\"@type\":\"SearchAction\",\"target\":{\"@type\":\"EntryPoint\",\"urlTemplate\":\"https:\/\/apuntesdesanluis.com\/?s={search_term_string}\"},\"query-input\":{\"@type\":\"PropertyValueSpecification\",\"valueRequired\":true,\"valueName\":\"search_term_string\"}}],\"inLanguage\":\"es-AR\"},{\"@type\":[\"Person\",\"Organization\"],\"@id\":\"https:\/\/apuntesdesanluis.com\/#\/schema\/person\/b55151d52296fcce64d1a72538a70b90\",\"name\":\"apuntesdesanluis.com\",\"image\":{\"@type\":\"ImageObject\",\"inLanguage\":\"es-AR\",\"@id\":\"https:\/\/apuntesdesanluis.com\/#\/schema\/person\/image\/\",\"url\":\"https:\/\/apuntesdesanluis.com\/wp-content\/uploads\/2023\/07\/cropped-apuntesdesanluis.png\",\"contentUrl\":\"https:\/\/apuntesdesanluis.com\/wp-content\/uploads\/2023\/07\/cropped-apuntesdesanluis.png\",\"width\":450,\"height\":112,\"caption\":\"apuntesdesanluis.com\"},\"logo\":{\"@id\":\"https:\/\/apuntesdesanluis.com\/#\/schema\/person\/image\/\"},\"sameAs\":[\"https:\/\/apuntesdesanluis.com\"],\"url\":\"https:\/\/apuntesdesanluis.com\/index.php\/author\/apuntesdesanluis-com\/\"}]}<\/script>\n<!-- \/ Yoast SEO plugin. -->","yoast_head_json":{"title":"\"NADIE SE PUEDE LAVAR LAS MANOS ANTE LA SITUACI\u00d3N SOCIAL QUE ESTAMOS VIVIENDO\" - Apuntes de San Luis","robots":{"index":"index","follow":"follow","max-snippet":"max-snippet:-1","max-image-preview":"max-image-preview:large","max-video-preview":"max-video-preview:-1"},"canonical":"https:\/\/apuntesdesanluis.com\/index.php\/2024\/07\/09\/nadie-se-puede-lavar-las-manos-ante-la-situacion-social-que-estamos-viviendo\/","og_locale":"es_ES","og_type":"article","og_title":"\"NADIE SE PUEDE LAVAR LAS MANOS ANTE LA SITUACI\u00d3N SOCIAL QUE ESTAMOS VIVIENDO\" - Apuntes de San Luis","og_description":"As\u00ed se expres\u00f3 Jorge Ignacio Garc\u00eda Cuerva en el Ted\u00e9um por el D\u00eda de la...","og_url":"https:\/\/apuntesdesanluis.com\/index.php\/2024\/07\/09\/nadie-se-puede-lavar-las-manos-ante-la-situacion-social-que-estamos-viviendo\/","og_site_name":"Apuntes de San Luis","article_published_time":"2024-07-09T16:10:13+00:00","og_image":[{"width":700,"height":458,"url":"https:\/\/apuntesdesanluis.com\/wp-content\/uploads\/2024\/07\/garcia-cuerva.png","type":"image\/png"}],"author":"apuntesdesanluis.com","twitter_card":"summary_large_image","twitter_misc":{"Escrito por":"apuntesdesanluis.com","Tiempo de lectura":"3 minutos"},"schema":{"@context":"https:\/\/schema.org","@graph":[{"@type":"Article","@id":"https:\/\/apuntesdesanluis.com\/index.php\/2024\/07\/09\/nadie-se-puede-lavar-las-manos-ante-la-situacion-social-que-estamos-viviendo\/#article","isPartOf":{"@id":"https:\/\/apuntesdesanluis.com\/index.php\/2024\/07\/09\/nadie-se-puede-lavar-las-manos-ante-la-situacion-social-que-estamos-viviendo\/"},"author":{"name":"apuntesdesanluis.com","@id":"https:\/\/apuntesdesanluis.com\/#\/schema\/person\/b55151d52296fcce64d1a72538a70b90"},"headline":"&#8220;NADIE SE PUEDE LAVAR LAS MANOS ANTE LA SITUACI\u00d3N SOCIAL QUE ESTAMOS VIVIENDO&#8221;","datePublished":"2024-07-09T16:10:13+00:00","mainEntityOfPage":{"@id":"https:\/\/apuntesdesanluis.com\/index.php\/2024\/07\/09\/nadie-se-puede-lavar-las-manos-ante-la-situacion-social-que-estamos-viviendo\/"},"wordCount":504,"publisher":{"@id":"https:\/\/apuntesdesanluis.com\/#\/schema\/person\/b55151d52296fcce64d1a72538a70b90"},"image":{"@id":"https:\/\/apuntesdesanluis.com\/index.php\/2024\/07\/09\/nadie-se-puede-lavar-las-manos-ante-la-situacion-social-que-estamos-viviendo\/#primaryimage"},"thumbnailUrl":"https:\/\/apuntesdesanluis.com\/wp-content\/uploads\/2024\/07\/garcia-cuerva.png","articleSection":["Nacionales\/Internacionales"],"inLanguage":"es-AR"},{"@type":"WebPage","@id":"https:\/\/apuntesdesanluis.com\/index.php\/2024\/07\/09\/nadie-se-puede-lavar-las-manos-ante-la-situacion-social-que-estamos-viviendo\/","url":"https:\/\/apuntesdesanluis.com\/index.php\/2024\/07\/09\/nadie-se-puede-lavar-las-manos-ante-la-situacion-social-que-estamos-viviendo\/","name":"\"NADIE SE PUEDE LAVAR LAS MANOS ANTE LA SITUACI\u00d3N SOCIAL QUE ESTAMOS VIVIENDO\" - Apuntes de San Luis","isPartOf":{"@id":"https:\/\/apuntesdesanluis.com\/#website"},"primaryImageOfPage":{"@id":"https:\/\/apuntesdesanluis.com\/index.php\/2024\/07\/09\/nadie-se-puede-lavar-las-manos-ante-la-situacion-social-que-estamos-viviendo\/#primaryimage"},"image":{"@id":"https:\/\/apuntesdesanluis.com\/index.php\/2024\/07\/09\/nadie-se-puede-lavar-las-manos-ante-la-situacion-social-que-estamos-viviendo\/#primaryimage"},"thumbnailUrl":"https:\/\/apuntesdesanluis.com\/wp-content\/uploads\/2024\/07\/garcia-cuerva.png","datePublished":"2024-07-09T16:10:13+00:00","breadcrumb":{"@id":"https:\/\/apuntesdesanluis.com\/index.php\/2024\/07\/09\/nadie-se-puede-lavar-las-manos-ante-la-situacion-social-que-estamos-viviendo\/#breadcrumb"},"inLanguage":"es-AR","potentialAction":[{"@type":"ReadAction","target":["https:\/\/apuntesdesanluis.com\/index.php\/2024\/07\/09\/nadie-se-puede-lavar-las-manos-ante-la-situacion-social-que-estamos-viviendo\/"]}]},{"@type":"ImageObject","inLanguage":"es-AR","@id":"https:\/\/apuntesdesanluis.com\/index.php\/2024\/07\/09\/nadie-se-puede-lavar-las-manos-ante-la-situacion-social-que-estamos-viviendo\/#primaryimage","url":"https:\/\/apuntesdesanluis.com\/wp-content\/uploads\/2024\/07\/garcia-cuerva.png","contentUrl":"https:\/\/apuntesdesanluis.com\/wp-content\/uploads\/2024\/07\/garcia-cuerva.png","width":700,"height":458},{"@type":"BreadcrumbList","@id":"https:\/\/apuntesdesanluis.com\/index.php\/2024\/07\/09\/nadie-se-puede-lavar-las-manos-ante-la-situacion-social-que-estamos-viviendo\/#breadcrumb","itemListElement":[{"@type":"ListItem","position":1,"name":"Inicio","item":"https:\/\/apuntesdesanluis.com\/"},{"@type":"ListItem","position":2,"name":"&#8220;NADIE SE PUEDE LAVAR LAS MANOS ANTE LA SITUACI\u00d3N SOCIAL QUE ESTAMOS VIVIENDO&#8221;"}]},{"@type":"WebSite","@id":"https:\/\/apuntesdesanluis.com\/#website","url":"https:\/\/apuntesdesanluis.com\/","name":"Apuntes de San Luis","description":"","publisher":{"@id":"https:\/\/apuntesdesanluis.com\/#\/schema\/person\/b55151d52296fcce64d1a72538a70b90"},"potentialAction":[{"@type":"SearchAction","target":{"@type":"EntryPoint","urlTemplate":"https:\/\/apuntesdesanluis.com\/?s={search_term_string}"},"query-input":{"@type":"PropertyValueSpecification","valueRequired":true,"valueName":"search_term_string"}}],"inLanguage":"es-AR"},{"@type":["Person","Organization"],"@id":"https:\/\/apuntesdesanluis.com\/#\/schema\/person\/b55151d52296fcce64d1a72538a70b90","name":"apuntesdesanluis.com","image":{"@type":"ImageObject","inLanguage":"es-AR","@id":"https:\/\/apuntesdesanluis.com\/#\/schema\/person\/image\/","url":"https:\/\/apuntesdesanluis.com\/wp-content\/uploads\/2023\/07\/cropped-apuntesdesanluis.png","contentUrl":"https:\/\/apuntesdesanluis.com\/wp-content\/uploads\/2023\/07\/cropped-apuntesdesanluis.png","width":450,"height":112,"caption":"apuntesdesanluis.com"},"logo":{"@id":"https:\/\/apuntesdesanluis.com\/#\/schema\/person\/image\/"},"sameAs":["https:\/\/apuntesdesanluis.com"],"url":"https:\/\/apuntesdesanluis.com\/index.php\/author\/apuntesdesanluis-com\/"}]}},"featured_image_urls":{"full":["https:\/\/apuntesdesanluis.com\/wp-content\/uploads\/2024\/07\/garcia-cuerva.png",700,458,false],"thumbnail":["https:\/\/apuntesdesanluis.com\/wp-content\/uploads\/2024\/07\/garcia-cuerva-150x150.png",150,150,true],"medium":["https:\/\/apuntesdesanluis.com\/wp-content\/uploads\/2024\/07\/garcia-cuerva-300x196.png",300,196,true],"medium_large":["https:\/\/apuntesdesanluis.com\/wp-content\/uploads\/2024\/07\/garcia-cuerva.png",640,419,false],"large":["https:\/\/apuntesdesanluis.com\/wp-content\/uploads\/2024\/07\/garcia-cuerva.png",640,419,false],"1536x1536":["https:\/\/apuntesdesanluis.com\/wp-content\/uploads\/2024\/07\/garcia-cuerva.png",700,458,false],"2048x2048":["https:\/\/apuntesdesanluis.com\/wp-content\/uploads\/2024\/07\/garcia-cuerva.png",700,458,false],"newsever-slider-full":["https:\/\/apuntesdesanluis.com\/wp-content\/uploads\/2024\/07\/garcia-cuerva.png",700,458,false],"newsever-featured":["https:\/\/apuntesdesanluis.com\/wp-content\/uploads\/2024\/07\/garcia-cuerva.png",700,458,false],"newsever-medium":["https:\/\/apuntesdesanluis.com\/wp-content\/uploads\/2024\/07\/garcia-cuerva.png",700,458,false]},"author_info":{"display_name":"apuntesdesanluis.com","author_link":"https:\/\/apuntesdesanluis.com\/index.php\/author\/apuntesdesanluis-com\/"},"category_info":"<a href=\"https:\/\/apuntesdesanluis.com\/index.php\/category\/nacionales-internacionales\/\" rel=\"category tag\">Nacionales\/Internacionales<\/a>","tag_info":"Nacionales\/Internacionales","comment_count":"0","_links":{"self":[{"href":"https:\/\/apuntesdesanluis.com\/index.php\/wp-json\/wp\/v2\/posts\/18959","targetHints":{"allow":["GET"]}}],"collection":[{"href":"https:\/\/apuntesdesanluis.com\/index.php\/wp-json\/wp\/v2\/posts"}],"about":[{"href":"https:\/\/apuntesdesanluis.com\/index.php\/wp-json\/wp\/v2\/types\/post"}],"author":[{"embeddable":true,"href":"https:\/\/apuntesdesanluis.com\/index.php\/wp-json\/wp\/v2\/users\/1"}],"replies":[{"embeddable":true,"href":"https:\/\/apuntesdesanluis.com\/index.php\/wp-json\/wp\/v2\/comments?post=18959"}],"version-history":[{"count":1,"href":"https:\/\/apuntesdesanluis.com\/index.php\/wp-json\/wp\/v2\/posts\/18959\/revisions"}],"predecessor-version":[{"id":18962,"href":"https:\/\/apuntesdesanluis.com\/index.php\/wp-json\/wp\/v2\/posts\/18959\/revisions\/18962"}],"wp:featuredmedia":[{"embeddable":true,"href":"https:\/\/apuntesdesanluis.com\/index.php\/wp-json\/wp\/v2\/media\/18961"}],"wp:attachment":[{"href":"https:\/\/apuntesdesanluis.com\/index.php\/wp-json\/wp\/v2\/media?parent=18959"}],"wp:term":[{"taxonomy":"category","embeddable":true,"href":"https:\/\/apuntesdesanluis.com\/index.php\/wp-json\/wp\/v2\/categories?post=18959"},{"taxonomy":"post_tag","embeddable":true,"href":"https:\/\/apuntesdesanluis.com\/index.php\/wp-json\/wp\/v2\/tags?post=18959"}],"curies":[{"name":"wp","href":"https:\/\/api.w.org\/{rel}","templated":true}]}}