{"id":18966,"date":"2024-07-09T16:35:43","date_gmt":"2024-07-09T19:35:43","guid":{"rendered":"https:\/\/apuntesdesanluis.com\/?p=18966"},"modified":"2024-07-09T16:37:18","modified_gmt":"2024-07-09T19:37:18","slug":"el-gobernador-claudio-poggi-rubrico-el-pacto-de-mayo-en-tucuman","status":"publish","type":"post","link":"https:\/\/apuntesdesanluis.com\/index.php\/2024\/07\/09\/el-gobernador-claudio-poggi-rubrico-el-pacto-de-mayo-en-tucuman\/","title":{"rendered":"EL GOBERNADOR CLAUDIO POGGI RUBRIC\u00d3 EL \u2018PACTO DE MAYO\u2019 EN TUCUM\u00c1N"},"content":{"rendered":"<h3><strong>Claudio Poggi<\/strong> fue uno de los primeros en llegar a la provincia norte\u00f1a, donde el presidente Javier Milei convoc\u00f3 a los mandatarios provinciales para dar impulso a 10 pol\u00edticas de Estado. La firma se rubric\u00f3 pasada la medianoche. El documento ser\u00e1 clave para afianzar el crecimiento de Argentina y San Luis.<\/h3>\n<p><iframe title=\"Claudio Poggi participa de la firma del Pacto de Mayo\" width=\"640\" height=\"360\" src=\"https:\/\/www.youtube.com\/embed\/hB5kycvcSDE?feature=oembed\" frameborder=\"0\" allow=\"accelerometer; autoplay; clipboard-write; encrypted-media; gyroscope; picture-in-picture; web-share\" referrerpolicy=\"strict-origin-when-cross-origin\" allowfullscreen><\/iframe><\/p>\n<h3>Respecto a la propuesta y firma el Gobernador expres\u00f3 en declaraciones a La Gaceta de Tucuman que: \u201cEs una convocatoria muy especial que nos llena de expectativas y de esperanzas. Creo que es positivo que las autoridades del pa\u00eds y de las provincias podamos coincidir y comprometernos con puntos b\u00e1sicos que hacen al futuro del pa\u00eds y de nuestras provincias\u201d, sostuvo.<\/h3>\n<h3>La firma del Pacto de Mayo, impulsa una decena de pol\u00edticas de Estado que tienen en su esp\u00edritu poder encaminar al pa\u00eds en la senda del desarrollo.<\/h3>\n<h3>Fueron 18 los gobernadores que acompa\u00f1aron a Javier Milei en la capital tucumana, ya que a \u00faltimo momento se baj\u00f3 el titular del Ejecutivo de Santa Cruz, Claudio Vidal, debido a que el temporal de nieve que azota a su provincia no le permiti\u00f3 viajar.<\/h3>\n<h3><img fetchpriority=\"high\" decoding=\"async\" class=\"wp-image-18967 aligncenter\" src=\"https:\/\/apuntesdesanluis.com\/wp-content\/uploads\/2024\/07\/MILEI-POGGI-300x131.png\" alt=\"\" width=\"625\" height=\"273\" srcset=\"https:\/\/apuntesdesanluis.com\/wp-content\/uploads\/2024\/07\/MILEI-POGGI-300x131.png 300w, https:\/\/apuntesdesanluis.com\/wp-content\/uploads\/2024\/07\/MILEI-POGGI.png 600w\" sizes=\"(max-width: 625px) 100vw, 625px\" \/><\/h3>\n<h3>Poggi fue uno de los primeros en llegar, junto con el mendocino Alfredo Cornejo. Los otros gobernadores que dieron el presente, adem\u00e1s del local Osvaldo Jaldo, fueron Rogelio Frigerio (Entre R\u00edos), Ignacio Torres (Chubut), Leandro Zdero (Chaco), Jorge Macri(CABA), Marcelo Orrego (San Juan), Carlos Sadir (Jujuy), Maximiliano Pullaro (Santa Fe), Ra\u00fal Jalil (Catamarca), Mart\u00edn Llaryora (C\u00f3rdoba), Hugo Passalacqua (Misiones), Alberto Weretilneck (R\u00edo Negro), Gustavo Sa\u00e9nz (Salta) y Rolando Figueroa (Neuqu\u00e9n).<\/h3>\n<h3>El acta se firm\u00f3 pasada la medianoche, en la vigilia del 9 de Julio. De los expresidentes, participaron Mauricio Macri y Adolfo Rodr\u00edguez Sa\u00e1, el resto declin\u00f3 la invitaci\u00f3n.<\/h3>\n<p>&nbsp;<\/p>\n<p>&nbsp;<\/p>\n<p>&nbsp;<\/p>\n<p>&nbsp;<\/p>\n","protected":false},"excerpt":{"rendered":"<p>Claudio Poggi fue uno de los primeros en llegar a la provincia norte\u00f1a, donde el&#8230;<\/p>\n","protected":false},"author":1,"featured_media":18968,"comment_status":"closed","ping_status":"closed","sticky":false,"template":"","format":"standard","meta":{"footnotes":""},"categories":[5],"tags":[],"class_list":["post-18966","post","type-post","status-publish","format-standard","has-post-thumbnail","hentry","category-nacionales-internacionales"],"yoast_head":"<!-- This site is optimized with the Yoast SEO plugin v26.1.1 - https:\/\/yoast.com\/wordpress\/plugins\/seo\/ -->\n<title>EL GOBERNADOR CLAUDIO POGGI RUBRIC\u00d3 EL \u2018PACTO DE MAYO\u2019 EN TUCUM\u00c1N - Apuntes de San Luis<\/title>\n<meta name=\"robots\" content=\"index, follow, max-snippet:-1, max-image-preview:large, max-video-preview:-1\" \/>\n<link rel=\"canonical\" href=\"https:\/\/apuntesdesanluis.com\/index.php\/2024\/07\/09\/el-gobernador-claudio-poggi-rubrico-el-pacto-de-mayo-en-tucuman\/\" \/>\n<meta property=\"og:locale\" content=\"es_ES\" \/>\n<meta property=\"og:type\" content=\"article\" \/>\n<meta property=\"og:title\" content=\"EL GOBERNADOR CLAUDIO POGGI RUBRIC\u00d3 EL \u2018PACTO DE MAYO\u2019 EN TUCUM\u00c1N - Apuntes de San Luis\" \/>\n<meta property=\"og:description\" content=\"Claudio Poggi fue uno de los primeros en llegar a la provincia norte\u00f1a, donde el...\" \/>\n<meta property=\"og:url\" content=\"https:\/\/apuntesdesanluis.com\/index.php\/2024\/07\/09\/el-gobernador-claudio-poggi-rubrico-el-pacto-de-mayo-en-tucuman\/\" \/>\n<meta property=\"og:site_name\" content=\"Apuntes de San Luis\" \/>\n<meta property=\"article:published_time\" content=\"2024-07-09T19:35:43+00:00\" \/>\n<meta property=\"article:modified_time\" content=\"2024-07-09T19:37:18+00:00\" \/>\n<meta property=\"og:image\" content=\"https:\/\/apuntesdesanluis.com\/wp-content\/uploads\/2024\/07\/MLEI-FIRMA.png\" \/>\n\t<meta property=\"og:image:width\" content=\"700\" \/>\n\t<meta property=\"og:image:height\" content=\"431\" \/>\n\t<meta property=\"og:image:type\" content=\"image\/png\" \/>\n<meta name=\"author\" content=\"apuntesdesanluis.com\" \/>\n<meta name=\"twitter:card\" content=\"summary_large_image\" \/>\n<meta name=\"twitter:label1\" content=\"Escrito por\" \/>\n\t<meta name=\"twitter:data1\" content=\"apuntesdesanluis.com\" \/>\n\t<meta name=\"twitter:label2\" content=\"Tiempo de lectura\" \/>\n\t<meta name=\"twitter:data2\" content=\"2 minutos\" \/>\n<script type=\"application\/ld+json\" class=\"yoast-schema-graph\">{\"@context\":\"https:\/\/schema.org\",\"@graph\":[{\"@type\":\"Article\",\"@id\":\"https:\/\/apuntesdesanluis.com\/index.php\/2024\/07\/09\/el-gobernador-claudio-poggi-rubrico-el-pacto-de-mayo-en-tucuman\/#article\",\"isPartOf\":{\"@id\":\"https:\/\/apuntesdesanluis.com\/index.php\/2024\/07\/09\/el-gobernador-claudio-poggi-rubrico-el-pacto-de-mayo-en-tucuman\/\"},\"author\":{\"name\":\"apuntesdesanluis.com\",\"@id\":\"https:\/\/apuntesdesanluis.com\/#\/schema\/person\/b55151d52296fcce64d1a72538a70b90\"},\"headline\":\"EL GOBERNADOR CLAUDIO POGGI RUBRIC\u00d3 EL \u2018PACTO DE MAYO\u2019 EN TUCUM\u00c1N\",\"datePublished\":\"2024-07-09T19:35:43+00:00\",\"dateModified\":\"2024-07-09T19:37:18+00:00\",\"mainEntityOfPage\":{\"@id\":\"https:\/\/apuntesdesanluis.com\/index.php\/2024\/07\/09\/el-gobernador-claudio-poggi-rubrico-el-pacto-de-mayo-en-tucuman\/\"},\"wordCount\":323,\"publisher\":{\"@id\":\"https:\/\/apuntesdesanluis.com\/#\/schema\/person\/b55151d52296fcce64d1a72538a70b90\"},\"image\":{\"@id\":\"https:\/\/apuntesdesanluis.com\/index.php\/2024\/07\/09\/el-gobernador-claudio-poggi-rubrico-el-pacto-de-mayo-en-tucuman\/#primaryimage\"},\"thumbnailUrl\":\"https:\/\/apuntesdesanluis.com\/wp-content\/uploads\/2024\/07\/MLEI-FIRMA.png\",\"articleSection\":[\"Nacionales\/Internacionales\"],\"inLanguage\":\"es-AR\"},{\"@type\":\"WebPage\",\"@id\":\"https:\/\/apuntesdesanluis.com\/index.php\/2024\/07\/09\/el-gobernador-claudio-poggi-rubrico-el-pacto-de-mayo-en-tucuman\/\",\"url\":\"https:\/\/apuntesdesanluis.com\/index.php\/2024\/07\/09\/el-gobernador-claudio-poggi-rubrico-el-pacto-de-mayo-en-tucuman\/\",\"name\":\"EL GOBERNADOR CLAUDIO POGGI RUBRIC\u00d3 EL \u2018PACTO DE MAYO\u2019 EN TUCUM\u00c1N - Apuntes de San Luis\",\"isPartOf\":{\"@id\":\"https:\/\/apuntesdesanluis.com\/#website\"},\"primaryImageOfPage\":{\"@id\":\"https:\/\/apuntesdesanluis.com\/index.php\/2024\/07\/09\/el-gobernador-claudio-poggi-rubrico-el-pacto-de-mayo-en-tucuman\/#primaryimage\"},\"image\":{\"@id\":\"https:\/\/apuntesdesanluis.com\/index.php\/2024\/07\/09\/el-gobernador-claudio-poggi-rubrico-el-pacto-de-mayo-en-tucuman\/#primaryimage\"},\"thumbnailUrl\":\"https:\/\/apuntesdesanluis.com\/wp-content\/uploads\/2024\/07\/MLEI-FIRMA.png\",\"datePublished\":\"2024-07-09T19:35:43+00:00\",\"dateModified\":\"2024-07-09T19:37:18+00:00\",\"breadcrumb\":{\"@id\":\"https:\/\/apuntesdesanluis.com\/index.php\/2024\/07\/09\/el-gobernador-claudio-poggi-rubrico-el-pacto-de-mayo-en-tucuman\/#breadcrumb\"},\"inLanguage\":\"es-AR\",\"potentialAction\":[{\"@type\":\"ReadAction\",\"target\":[\"https:\/\/apuntesdesanluis.com\/index.php\/2024\/07\/09\/el-gobernador-claudio-poggi-rubrico-el-pacto-de-mayo-en-tucuman\/\"]}]},{\"@type\":\"ImageObject\",\"inLanguage\":\"es-AR\",\"@id\":\"https:\/\/apuntesdesanluis.com\/index.php\/2024\/07\/09\/el-gobernador-claudio-poggi-rubrico-el-pacto-de-mayo-en-tucuman\/#primaryimage\",\"url\":\"https:\/\/apuntesdesanluis.com\/wp-content\/uploads\/2024\/07\/MLEI-FIRMA.png\",\"contentUrl\":\"https:\/\/apuntesdesanluis.com\/wp-content\/uploads\/2024\/07\/MLEI-FIRMA.png\",\"width\":700,\"height\":431},{\"@type\":\"BreadcrumbList\",\"@id\":\"https:\/\/apuntesdesanluis.com\/index.php\/2024\/07\/09\/el-gobernador-claudio-poggi-rubrico-el-pacto-de-mayo-en-tucuman\/#breadcrumb\",\"itemListElement\":[{\"@type\":\"ListItem\",\"position\":1,\"name\":\"Inicio\",\"item\":\"https:\/\/apuntesdesanluis.com\/\"},{\"@type\":\"ListItem\",\"position\":2,\"name\":\"EL GOBERNADOR CLAUDIO POGGI RUBRIC\u00d3 EL \u2018PACTO DE MAYO\u2019 EN TUCUM\u00c1N\"}]},{\"@type\":\"WebSite\",\"@id\":\"https:\/\/apuntesdesanluis.com\/#website\",\"url\":\"https:\/\/apuntesdesanluis.com\/\",\"name\":\"Apuntes de San Luis\",\"description\":\"\",\"publisher\":{\"@id\":\"https:\/\/apuntesdesanluis.com\/#\/schema\/person\/b55151d52296fcce64d1a72538a70b90\"},\"potentialAction\":[{\"@type\":\"SearchAction\",\"target\":{\"@type\":\"EntryPoint\",\"urlTemplate\":\"https:\/\/apuntesdesanluis.com\/?s={search_term_string}\"},\"query-input\":{\"@type\":\"PropertyValueSpecification\",\"valueRequired\":true,\"valueName\":\"search_term_string\"}}],\"inLanguage\":\"es-AR\"},{\"@type\":[\"Person\",\"Organization\"],\"@id\":\"https:\/\/apuntesdesanluis.com\/#\/schema\/person\/b55151d52296fcce64d1a72538a70b90\",\"name\":\"apuntesdesanluis.com\",\"image\":{\"@type\":\"ImageObject\",\"inLanguage\":\"es-AR\",\"@id\":\"https:\/\/apuntesdesanluis.com\/#\/schema\/person\/image\/\",\"url\":\"https:\/\/apuntesdesanluis.com\/wp-content\/uploads\/2023\/07\/cropped-apuntesdesanluis.png\",\"contentUrl\":\"https:\/\/apuntesdesanluis.com\/wp-content\/uploads\/2023\/07\/cropped-apuntesdesanluis.png\",\"width\":450,\"height\":112,\"caption\":\"apuntesdesanluis.com\"},\"logo\":{\"@id\":\"https:\/\/apuntesdesanluis.com\/#\/schema\/person\/image\/\"},\"sameAs\":[\"https:\/\/apuntesdesanluis.com\"],\"url\":\"https:\/\/apuntesdesanluis.com\/index.php\/author\/apuntesdesanluis-com\/\"}]}<\/script>\n<!-- \/ Yoast SEO plugin. -->","yoast_head_json":{"title":"EL GOBERNADOR CLAUDIO POGGI RUBRIC\u00d3 EL \u2018PACTO DE MAYO\u2019 EN TUCUM\u00c1N - Apuntes de San Luis","robots":{"index":"index","follow":"follow","max-snippet":"max-snippet:-1","max-image-preview":"max-image-preview:large","max-video-preview":"max-video-preview:-1"},"canonical":"https:\/\/apuntesdesanluis.com\/index.php\/2024\/07\/09\/el-gobernador-claudio-poggi-rubrico-el-pacto-de-mayo-en-tucuman\/","og_locale":"es_ES","og_type":"article","og_title":"EL GOBERNADOR CLAUDIO POGGI RUBRIC\u00d3 EL \u2018PACTO DE MAYO\u2019 EN TUCUM\u00c1N - Apuntes de San Luis","og_description":"Claudio Poggi fue uno de los primeros en llegar a la provincia norte\u00f1a, donde el...","og_url":"https:\/\/apuntesdesanluis.com\/index.php\/2024\/07\/09\/el-gobernador-claudio-poggi-rubrico-el-pacto-de-mayo-en-tucuman\/","og_site_name":"Apuntes de San Luis","article_published_time":"2024-07-09T19:35:43+00:00","article_modified_time":"2024-07-09T19:37:18+00:00","og_image":[{"width":700,"height":431,"url":"https:\/\/apuntesdesanluis.com\/wp-content\/uploads\/2024\/07\/MLEI-FIRMA.png","type":"image\/png"}],"author":"apuntesdesanluis.com","twitter_card":"summary_large_image","twitter_misc":{"Escrito por":"apuntesdesanluis.com","Tiempo de lectura":"2 minutos"},"schema":{"@context":"https:\/\/schema.org","@graph":[{"@type":"Article","@id":"https:\/\/apuntesdesanluis.com\/index.php\/2024\/07\/09\/el-gobernador-claudio-poggi-rubrico-el-pacto-de-mayo-en-tucuman\/#article","isPartOf":{"@id":"https:\/\/apuntesdesanluis.com\/index.php\/2024\/07\/09\/el-gobernador-claudio-poggi-rubrico-el-pacto-de-mayo-en-tucuman\/"},"author":{"name":"apuntesdesanluis.com","@id":"https:\/\/apuntesdesanluis.com\/#\/schema\/person\/b55151d52296fcce64d1a72538a70b90"},"headline":"EL GOBERNADOR CLAUDIO POGGI RUBRIC\u00d3 EL \u2018PACTO DE MAYO\u2019 EN TUCUM\u00c1N","datePublished":"2024-07-09T19:35:43+00:00","dateModified":"2024-07-09T19:37:18+00:00","mainEntityOfPage":{"@id":"https:\/\/apuntesdesanluis.com\/index.php\/2024\/07\/09\/el-gobernador-claudio-poggi-rubrico-el-pacto-de-mayo-en-tucuman\/"},"wordCount":323,"publisher":{"@id":"https:\/\/apuntesdesanluis.com\/#\/schema\/person\/b55151d52296fcce64d1a72538a70b90"},"image":{"@id":"https:\/\/apuntesdesanluis.com\/index.php\/2024\/07\/09\/el-gobernador-claudio-poggi-rubrico-el-pacto-de-mayo-en-tucuman\/#primaryimage"},"thumbnailUrl":"https:\/\/apuntesdesanluis.com\/wp-content\/uploads\/2024\/07\/MLEI-FIRMA.png","articleSection":["Nacionales\/Internacionales"],"inLanguage":"es-AR"},{"@type":"WebPage","@id":"https:\/\/apuntesdesanluis.com\/index.php\/2024\/07\/09\/el-gobernador-claudio-poggi-rubrico-el-pacto-de-mayo-en-tucuman\/","url":"https:\/\/apuntesdesanluis.com\/index.php\/2024\/07\/09\/el-gobernador-claudio-poggi-rubrico-el-pacto-de-mayo-en-tucuman\/","name":"EL GOBERNADOR CLAUDIO POGGI RUBRIC\u00d3 EL \u2018PACTO DE MAYO\u2019 EN TUCUM\u00c1N - Apuntes de San Luis","isPartOf":{"@id":"https:\/\/apuntesdesanluis.com\/#website"},"primaryImageOfPage":{"@id":"https:\/\/apuntesdesanluis.com\/index.php\/2024\/07\/09\/el-gobernador-claudio-poggi-rubrico-el-pacto-de-mayo-en-tucuman\/#primaryimage"},"image":{"@id":"https:\/\/apuntesdesanluis.com\/index.php\/2024\/07\/09\/el-gobernador-claudio-poggi-rubrico-el-pacto-de-mayo-en-tucuman\/#primaryimage"},"thumbnailUrl":"https:\/\/apuntesdesanluis.com\/wp-content\/uploads\/2024\/07\/MLEI-FIRMA.png","datePublished":"2024-07-09T19:35:43+00:00","dateModified":"2024-07-09T19:37:18+00:00","breadcrumb":{"@id":"https:\/\/apuntesdesanluis.com\/index.php\/2024\/07\/09\/el-gobernador-claudio-poggi-rubrico-el-pacto-de-mayo-en-tucuman\/#breadcrumb"},"inLanguage":"es-AR","potentialAction":[{"@type":"ReadAction","target":["https:\/\/apuntesdesanluis.com\/index.php\/2024\/07\/09\/el-gobernador-claudio-poggi-rubrico-el-pacto-de-mayo-en-tucuman\/"]}]},{"@type":"ImageObject","inLanguage":"es-AR","@id":"https:\/\/apuntesdesanluis.com\/index.php\/2024\/07\/09\/el-gobernador-claudio-poggi-rubrico-el-pacto-de-mayo-en-tucuman\/#primaryimage","url":"https:\/\/apuntesdesanluis.com\/wp-content\/uploads\/2024\/07\/MLEI-FIRMA.png","contentUrl":"https:\/\/apuntesdesanluis.com\/wp-content\/uploads\/2024\/07\/MLEI-FIRMA.png","width":700,"height":431},{"@type":"BreadcrumbList","@id":"https:\/\/apuntesdesanluis.com\/index.php\/2024\/07\/09\/el-gobernador-claudio-poggi-rubrico-el-pacto-de-mayo-en-tucuman\/#breadcrumb","itemListElement":[{"@type":"ListItem","position":1,"name":"Inicio","item":"https:\/\/apuntesdesanluis.com\/"},{"@type":"ListItem","position":2,"name":"EL GOBERNADOR CLAUDIO POGGI RUBRIC\u00d3 EL \u2018PACTO DE MAYO\u2019 EN TUCUM\u00c1N"}]},{"@type":"WebSite","@id":"https:\/\/apuntesdesanluis.com\/#website","url":"https:\/\/apuntesdesanluis.com\/","name":"Apuntes de San Luis","description":"","publisher":{"@id":"https:\/\/apuntesdesanluis.com\/#\/schema\/person\/b55151d52296fcce64d1a72538a70b90"},"potentialAction":[{"@type":"SearchAction","target":{"@type":"EntryPoint","urlTemplate":"https:\/\/apuntesdesanluis.com\/?s={search_term_string}"},"query-input":{"@type":"PropertyValueSpecification","valueRequired":true,"valueName":"search_term_string"}}],"inLanguage":"es-AR"},{"@type":["Person","Organization"],"@id":"https:\/\/apuntesdesanluis.com\/#\/schema\/person\/b55151d52296fcce64d1a72538a70b90","name":"apuntesdesanluis.com","image":{"@type":"ImageObject","inLanguage":"es-AR","@id":"https:\/\/apuntesdesanluis.com\/#\/schema\/person\/image\/","url":"https:\/\/apuntesdesanluis.com\/wp-content\/uploads\/2023\/07\/cropped-apuntesdesanluis.png","contentUrl":"https:\/\/apuntesdesanluis.com\/wp-content\/uploads\/2023\/07\/cropped-apuntesdesanluis.png","width":450,"height":112,"caption":"apuntesdesanluis.com"},"logo":{"@id":"https:\/\/apuntesdesanluis.com\/#\/schema\/person\/image\/"},"sameAs":["https:\/\/apuntesdesanluis.com"],"url":"https:\/\/apuntesdesanluis.com\/index.php\/author\/apuntesdesanluis-com\/"}]}},"featured_image_urls":{"full":["https:\/\/apuntesdesanluis.com\/wp-content\/uploads\/2024\/07\/MLEI-FIRMA.png",700,431,false],"thumbnail":["https:\/\/apuntesdesanluis.com\/wp-content\/uploads\/2024\/07\/MLEI-FIRMA-150x150.png",150,150,true],"medium":["https:\/\/apuntesdesanluis.com\/wp-content\/uploads\/2024\/07\/MLEI-FIRMA-300x185.png",300,185,true],"medium_large":["https:\/\/apuntesdesanluis.com\/wp-content\/uploads\/2024\/07\/MLEI-FIRMA.png",640,394,false],"large":["https:\/\/apuntesdesanluis.com\/wp-content\/uploads\/2024\/07\/MLEI-FIRMA.png",640,394,false],"1536x1536":["https:\/\/apuntesdesanluis.com\/wp-content\/uploads\/2024\/07\/MLEI-FIRMA.png",700,431,false],"2048x2048":["https:\/\/apuntesdesanluis.com\/wp-content\/uploads\/2024\/07\/MLEI-FIRMA.png",700,431,false],"newsever-slider-full":["https:\/\/apuntesdesanluis.com\/wp-content\/uploads\/2024\/07\/MLEI-FIRMA.png",700,431,false],"newsever-featured":["https:\/\/apuntesdesanluis.com\/wp-content\/uploads\/2024\/07\/MLEI-FIRMA.png",700,431,false],"newsever-medium":["https:\/\/apuntesdesanluis.com\/wp-content\/uploads\/2024\/07\/MLEI-FIRMA.png",700,431,false]},"author_info":{"display_name":"apuntesdesanluis.com","author_link":"https:\/\/apuntesdesanluis.com\/index.php\/author\/apuntesdesanluis-com\/"},"category_info":"<a href=\"https:\/\/apuntesdesanluis.com\/index.php\/category\/nacionales-internacionales\/\" rel=\"category tag\">Nacionales\/Internacionales<\/a>","tag_info":"Nacionales\/Internacionales","comment_count":"0","_links":{"self":[{"href":"https:\/\/apuntesdesanluis.com\/index.php\/wp-json\/wp\/v2\/posts\/18966","targetHints":{"allow":["GET"]}}],"collection":[{"href":"https:\/\/apuntesdesanluis.com\/index.php\/wp-json\/wp\/v2\/posts"}],"about":[{"href":"https:\/\/apuntesdesanluis.com\/index.php\/wp-json\/wp\/v2\/types\/post"}],"author":[{"embeddable":true,"href":"https:\/\/apuntesdesanluis.com\/index.php\/wp-json\/wp\/v2\/users\/1"}],"replies":[{"embeddable":true,"href":"https:\/\/apuntesdesanluis.com\/index.php\/wp-json\/wp\/v2\/comments?post=18966"}],"version-history":[{"count":2,"href":"https:\/\/apuntesdesanluis.com\/index.php\/wp-json\/wp\/v2\/posts\/18966\/revisions"}],"predecessor-version":[{"id":18970,"href":"https:\/\/apuntesdesanluis.com\/index.php\/wp-json\/wp\/v2\/posts\/18966\/revisions\/18970"}],"wp:featuredmedia":[{"embeddable":true,"href":"https:\/\/apuntesdesanluis.com\/index.php\/wp-json\/wp\/v2\/media\/18968"}],"wp:attachment":[{"href":"https:\/\/apuntesdesanluis.com\/index.php\/wp-json\/wp\/v2\/media?parent=18966"}],"wp:term":[{"taxonomy":"category","embeddable":true,"href":"https:\/\/apuntesdesanluis.com\/index.php\/wp-json\/wp\/v2\/categories?post=18966"},{"taxonomy":"post_tag","embeddable":true,"href":"https:\/\/apuntesdesanluis.com\/index.php\/wp-json\/wp\/v2\/tags?post=18966"}],"curies":[{"name":"wp","href":"https:\/\/api.w.org\/{rel}","templated":true}]}}