{"id":1897,"date":"2023-08-22T11:47:06","date_gmt":"2023-08-22T14:47:06","guid":{"rendered":"https:\/\/apuntesdesanluis.com\/?p=1897"},"modified":"2023-08-22T11:47:06","modified_gmt":"2023-08-22T14:47:06","slug":"prision-preventiva-a-un-hombre-que-robo-estacion-de-servicio-en-villa-mercedes","status":"publish","type":"post","link":"https:\/\/apuntesdesanluis.com\/index.php\/2023\/08\/22\/prision-preventiva-a-un-hombre-que-robo-estacion-de-servicio-en-villa-mercedes\/","title":{"rendered":"PRISI\u00d3N PREVENTIVA A UN HOMBRE QUE ROB\u00d3 ESTACI\u00d3N DE SERVICIO EN VILLA MERCEDES"},"content":{"rendered":"<h3>Deber\u00e1 cumplir la prisi\u00f3n preventiva por 60 d\u00edas en el Servicio Penitenciario Provincial.<\/h3>\n<h3>Este martes se desarroll\u00f3 la audiencia para tratar sobre la medida de coerci\u00f3n de un hombre imputado por el delito de robo calificado por el empleo de un arma blanca en grado de tentativa. La formulaci\u00f3n de cargos se realiz\u00f3 el pasado 17 de agosto.<\/h3>\n<h3>El fiscal a cargo de la investigaci\u00f3n Dr. Leandro Estrada solicit\u00f3 la medida de prisi\u00f3n preventiva por 60 d\u00edas mientras que las defensoras Dras. Stefan\u00eda Cifuentes y Silvia Moran, solicitaron que se aplique una medida menos gravosa como una prisi\u00f3n domiciliaria o la firma del libro en fiscal\u00eda.<\/h3>\n<h3>El pasado 16 de agosto a la madrugada, un hombre ingres\u00f3 a un comercio ubicado en una estaci\u00f3n de servicio de calle Pringles y se dirigi\u00f3 a la ventanilla, a trav\u00e9s de la cual amenaz\u00f3 con un arma a dos empleadas que se encontraban all\u00ed con el objetivo de apoderarse de dinero. La polic\u00eda fue alertada, lleg\u00f3 al lugar y en ese momento el imputado huy\u00f3. Luego de una persecuci\u00f3n fue aprehendido y requisado, es all\u00ed donde se le secuestr\u00f3 un cuchillo y vestimenta.<\/h3>\n<h3>Al momento de resolver, el Dr. Alfredo Cuello, tuvo en cuenta los antecedentes del imputado, las caracter\u00edsticas del hecho, la conducta y la protecci\u00f3n a la v\u00edctima. Resolvi\u00f3 otorgar la prisi\u00f3n preventiva por el t\u00e9rmino de 60 d\u00edas inter se realiza la acusaci\u00f3n.<\/h3>\n","protected":false},"excerpt":{"rendered":"<p>Deber\u00e1 cumplir la prisi\u00f3n preventiva por 60 d\u00edas en el Servicio Penitenciario Provincial. Este martes&#8230;<\/p>\n","protected":false},"author":1,"featured_media":1898,"comment_status":"closed","ping_status":"closed","sticky":false,"template":"","format":"standard","meta":{"footnotes":""},"categories":[6],"tags":[],"class_list":["post-1897","post","type-post","status-publish","format-standard","has-post-thumbnail","hentry","category-ciudad-provincia"],"yoast_head":"<!-- This site is optimized with the Yoast SEO plugin v26.1.1 - https:\/\/yoast.com\/wordpress\/plugins\/seo\/ -->\n<title>PRISI\u00d3N PREVENTIVA A UN HOMBRE QUE ROB\u00d3 ESTACI\u00d3N DE SERVICIO EN VILLA MERCEDES - Apuntes de San Luis<\/title>\n<meta name=\"robots\" content=\"index, follow, max-snippet:-1, max-image-preview:large, max-video-preview:-1\" \/>\n<link rel=\"canonical\" href=\"https:\/\/apuntesdesanluis.com\/index.php\/2023\/08\/22\/prision-preventiva-a-un-hombre-que-robo-estacion-de-servicio-en-villa-mercedes\/\" \/>\n<meta property=\"og:locale\" content=\"es_ES\" \/>\n<meta property=\"og:type\" content=\"article\" \/>\n<meta property=\"og:title\" content=\"PRISI\u00d3N PREVENTIVA A UN HOMBRE QUE ROB\u00d3 ESTACI\u00d3N DE SERVICIO EN VILLA MERCEDES - Apuntes de San Luis\" \/>\n<meta property=\"og:description\" content=\"Deber\u00e1 cumplir la prisi\u00f3n preventiva por 60 d\u00edas en el Servicio Penitenciario Provincial. Este martes...\" \/>\n<meta property=\"og:url\" content=\"https:\/\/apuntesdesanluis.com\/index.php\/2023\/08\/22\/prision-preventiva-a-un-hombre-que-robo-estacion-de-servicio-en-villa-mercedes\/\" \/>\n<meta property=\"og:site_name\" content=\"Apuntes de San Luis\" \/>\n<meta property=\"article:published_time\" content=\"2023-08-22T14:47:06+00:00\" \/>\n<meta property=\"og:image\" content=\"https:\/\/apuntesdesanluis.com\/wp-content\/uploads\/2023\/08\/CUELLO.png\" \/>\n\t<meta property=\"og:image:width\" content=\"553\" \/>\n\t<meta property=\"og:image:height\" content=\"360\" \/>\n\t<meta property=\"og:image:type\" content=\"image\/png\" \/>\n<meta name=\"author\" content=\"apuntesdesanluis.com\" \/>\n<meta name=\"twitter:card\" content=\"summary_large_image\" \/>\n<meta name=\"twitter:label1\" content=\"Escrito por\" \/>\n\t<meta name=\"twitter:data1\" content=\"apuntesdesanluis.com\" \/>\n\t<meta name=\"twitter:label2\" content=\"Tiempo de lectura\" \/>\n\t<meta name=\"twitter:data2\" content=\"2 minutos\" \/>\n<script type=\"application\/ld+json\" class=\"yoast-schema-graph\">{\"@context\":\"https:\/\/schema.org\",\"@graph\":[{\"@type\":\"Article\",\"@id\":\"https:\/\/apuntesdesanluis.com\/index.php\/2023\/08\/22\/prision-preventiva-a-un-hombre-que-robo-estacion-de-servicio-en-villa-mercedes\/#article\",\"isPartOf\":{\"@id\":\"https:\/\/apuntesdesanluis.com\/index.php\/2023\/08\/22\/prision-preventiva-a-un-hombre-que-robo-estacion-de-servicio-en-villa-mercedes\/\"},\"author\":{\"name\":\"apuntesdesanluis.com\",\"@id\":\"https:\/\/apuntesdesanluis.com\/#\/schema\/person\/b55151d52296fcce64d1a72538a70b90\"},\"headline\":\"PRISI\u00d3N PREVENTIVA A UN HOMBRE QUE ROB\u00d3 ESTACI\u00d3N DE SERVICIO EN VILLA MERCEDES\",\"datePublished\":\"2023-08-22T14:47:06+00:00\",\"mainEntityOfPage\":{\"@id\":\"https:\/\/apuntesdesanluis.com\/index.php\/2023\/08\/22\/prision-preventiva-a-un-hombre-que-robo-estacion-de-servicio-en-villa-mercedes\/\"},\"wordCount\":264,\"publisher\":{\"@id\":\"https:\/\/apuntesdesanluis.com\/#\/schema\/person\/b55151d52296fcce64d1a72538a70b90\"},\"image\":{\"@id\":\"https:\/\/apuntesdesanluis.com\/index.php\/2023\/08\/22\/prision-preventiva-a-un-hombre-que-robo-estacion-de-servicio-en-villa-mercedes\/#primaryimage\"},\"thumbnailUrl\":\"https:\/\/apuntesdesanluis.com\/wp-content\/uploads\/2023\/08\/CUELLO.png\",\"articleSection\":[\"Ciudad\/Provincia\"],\"inLanguage\":\"es-AR\"},{\"@type\":\"WebPage\",\"@id\":\"https:\/\/apuntesdesanluis.com\/index.php\/2023\/08\/22\/prision-preventiva-a-un-hombre-que-robo-estacion-de-servicio-en-villa-mercedes\/\",\"url\":\"https:\/\/apuntesdesanluis.com\/index.php\/2023\/08\/22\/prision-preventiva-a-un-hombre-que-robo-estacion-de-servicio-en-villa-mercedes\/\",\"name\":\"PRISI\u00d3N PREVENTIVA A UN HOMBRE QUE ROB\u00d3 ESTACI\u00d3N DE SERVICIO EN VILLA MERCEDES - Apuntes de San Luis\",\"isPartOf\":{\"@id\":\"https:\/\/apuntesdesanluis.com\/#website\"},\"primaryImageOfPage\":{\"@id\":\"https:\/\/apuntesdesanluis.com\/index.php\/2023\/08\/22\/prision-preventiva-a-un-hombre-que-robo-estacion-de-servicio-en-villa-mercedes\/#primaryimage\"},\"image\":{\"@id\":\"https:\/\/apuntesdesanluis.com\/index.php\/2023\/08\/22\/prision-preventiva-a-un-hombre-que-robo-estacion-de-servicio-en-villa-mercedes\/#primaryimage\"},\"thumbnailUrl\":\"https:\/\/apuntesdesanluis.com\/wp-content\/uploads\/2023\/08\/CUELLO.png\",\"datePublished\":\"2023-08-22T14:47:06+00:00\",\"breadcrumb\":{\"@id\":\"https:\/\/apuntesdesanluis.com\/index.php\/2023\/08\/22\/prision-preventiva-a-un-hombre-que-robo-estacion-de-servicio-en-villa-mercedes\/#breadcrumb\"},\"inLanguage\":\"es-AR\",\"potentialAction\":[{\"@type\":\"ReadAction\",\"target\":[\"https:\/\/apuntesdesanluis.com\/index.php\/2023\/08\/22\/prision-preventiva-a-un-hombre-que-robo-estacion-de-servicio-en-villa-mercedes\/\"]}]},{\"@type\":\"ImageObject\",\"inLanguage\":\"es-AR\",\"@id\":\"https:\/\/apuntesdesanluis.com\/index.php\/2023\/08\/22\/prision-preventiva-a-un-hombre-que-robo-estacion-de-servicio-en-villa-mercedes\/#primaryimage\",\"url\":\"https:\/\/apuntesdesanluis.com\/wp-content\/uploads\/2023\/08\/CUELLO.png\",\"contentUrl\":\"https:\/\/apuntesdesanluis.com\/wp-content\/uploads\/2023\/08\/CUELLO.png\",\"width\":553,\"height\":360},{\"@type\":\"BreadcrumbList\",\"@id\":\"https:\/\/apuntesdesanluis.com\/index.php\/2023\/08\/22\/prision-preventiva-a-un-hombre-que-robo-estacion-de-servicio-en-villa-mercedes\/#breadcrumb\",\"itemListElement\":[{\"@type\":\"ListItem\",\"position\":1,\"name\":\"Inicio\",\"item\":\"https:\/\/apuntesdesanluis.com\/\"},{\"@type\":\"ListItem\",\"position\":2,\"name\":\"PRISI\u00d3N PREVENTIVA A UN HOMBRE QUE ROB\u00d3 ESTACI\u00d3N DE SERVICIO EN VILLA MERCEDES\"}]},{\"@type\":\"WebSite\",\"@id\":\"https:\/\/apuntesdesanluis.com\/#website\",\"url\":\"https:\/\/apuntesdesanluis.com\/\",\"name\":\"Apuntes de San Luis\",\"description\":\"\",\"publisher\":{\"@id\":\"https:\/\/apuntesdesanluis.com\/#\/schema\/person\/b55151d52296fcce64d1a72538a70b90\"},\"potentialAction\":[{\"@type\":\"SearchAction\",\"target\":{\"@type\":\"EntryPoint\",\"urlTemplate\":\"https:\/\/apuntesdesanluis.com\/?s={search_term_string}\"},\"query-input\":{\"@type\":\"PropertyValueSpecification\",\"valueRequired\":true,\"valueName\":\"search_term_string\"}}],\"inLanguage\":\"es-AR\"},{\"@type\":[\"Person\",\"Organization\"],\"@id\":\"https:\/\/apuntesdesanluis.com\/#\/schema\/person\/b55151d52296fcce64d1a72538a70b90\",\"name\":\"apuntesdesanluis.com\",\"image\":{\"@type\":\"ImageObject\",\"inLanguage\":\"es-AR\",\"@id\":\"https:\/\/apuntesdesanluis.com\/#\/schema\/person\/image\/\",\"url\":\"https:\/\/apuntesdesanluis.com\/wp-content\/uploads\/2023\/07\/cropped-apuntesdesanluis.png\",\"contentUrl\":\"https:\/\/apuntesdesanluis.com\/wp-content\/uploads\/2023\/07\/cropped-apuntesdesanluis.png\",\"width\":450,\"height\":112,\"caption\":\"apuntesdesanluis.com\"},\"logo\":{\"@id\":\"https:\/\/apuntesdesanluis.com\/#\/schema\/person\/image\/\"},\"sameAs\":[\"https:\/\/apuntesdesanluis.com\"],\"url\":\"https:\/\/apuntesdesanluis.com\/index.php\/author\/apuntesdesanluis-com\/\"}]}<\/script>\n<!-- \/ Yoast SEO plugin. -->","yoast_head_json":{"title":"PRISI\u00d3N PREVENTIVA A UN HOMBRE QUE ROB\u00d3 ESTACI\u00d3N DE SERVICIO EN VILLA MERCEDES - Apuntes de San Luis","robots":{"index":"index","follow":"follow","max-snippet":"max-snippet:-1","max-image-preview":"max-image-preview:large","max-video-preview":"max-video-preview:-1"},"canonical":"https:\/\/apuntesdesanluis.com\/index.php\/2023\/08\/22\/prision-preventiva-a-un-hombre-que-robo-estacion-de-servicio-en-villa-mercedes\/","og_locale":"es_ES","og_type":"article","og_title":"PRISI\u00d3N PREVENTIVA A UN HOMBRE QUE ROB\u00d3 ESTACI\u00d3N DE SERVICIO EN VILLA MERCEDES - Apuntes de San Luis","og_description":"Deber\u00e1 cumplir la prisi\u00f3n preventiva por 60 d\u00edas en el Servicio Penitenciario Provincial. Este martes...","og_url":"https:\/\/apuntesdesanluis.com\/index.php\/2023\/08\/22\/prision-preventiva-a-un-hombre-que-robo-estacion-de-servicio-en-villa-mercedes\/","og_site_name":"Apuntes de San Luis","article_published_time":"2023-08-22T14:47:06+00:00","og_image":[{"width":553,"height":360,"url":"https:\/\/apuntesdesanluis.com\/wp-content\/uploads\/2023\/08\/CUELLO.png","type":"image\/png"}],"author":"apuntesdesanluis.com","twitter_card":"summary_large_image","twitter_misc":{"Escrito por":"apuntesdesanluis.com","Tiempo de lectura":"2 minutos"},"schema":{"@context":"https:\/\/schema.org","@graph":[{"@type":"Article","@id":"https:\/\/apuntesdesanluis.com\/index.php\/2023\/08\/22\/prision-preventiva-a-un-hombre-que-robo-estacion-de-servicio-en-villa-mercedes\/#article","isPartOf":{"@id":"https:\/\/apuntesdesanluis.com\/index.php\/2023\/08\/22\/prision-preventiva-a-un-hombre-que-robo-estacion-de-servicio-en-villa-mercedes\/"},"author":{"name":"apuntesdesanluis.com","@id":"https:\/\/apuntesdesanluis.com\/#\/schema\/person\/b55151d52296fcce64d1a72538a70b90"},"headline":"PRISI\u00d3N PREVENTIVA A UN HOMBRE QUE ROB\u00d3 ESTACI\u00d3N DE SERVICIO EN VILLA MERCEDES","datePublished":"2023-08-22T14:47:06+00:00","mainEntityOfPage":{"@id":"https:\/\/apuntesdesanluis.com\/index.php\/2023\/08\/22\/prision-preventiva-a-un-hombre-que-robo-estacion-de-servicio-en-villa-mercedes\/"},"wordCount":264,"publisher":{"@id":"https:\/\/apuntesdesanluis.com\/#\/schema\/person\/b55151d52296fcce64d1a72538a70b90"},"image":{"@id":"https:\/\/apuntesdesanluis.com\/index.php\/2023\/08\/22\/prision-preventiva-a-un-hombre-que-robo-estacion-de-servicio-en-villa-mercedes\/#primaryimage"},"thumbnailUrl":"https:\/\/apuntesdesanluis.com\/wp-content\/uploads\/2023\/08\/CUELLO.png","articleSection":["Ciudad\/Provincia"],"inLanguage":"es-AR"},{"@type":"WebPage","@id":"https:\/\/apuntesdesanluis.com\/index.php\/2023\/08\/22\/prision-preventiva-a-un-hombre-que-robo-estacion-de-servicio-en-villa-mercedes\/","url":"https:\/\/apuntesdesanluis.com\/index.php\/2023\/08\/22\/prision-preventiva-a-un-hombre-que-robo-estacion-de-servicio-en-villa-mercedes\/","name":"PRISI\u00d3N PREVENTIVA A UN HOMBRE QUE ROB\u00d3 ESTACI\u00d3N DE SERVICIO EN VILLA MERCEDES - Apuntes de San Luis","isPartOf":{"@id":"https:\/\/apuntesdesanluis.com\/#website"},"primaryImageOfPage":{"@id":"https:\/\/apuntesdesanluis.com\/index.php\/2023\/08\/22\/prision-preventiva-a-un-hombre-que-robo-estacion-de-servicio-en-villa-mercedes\/#primaryimage"},"image":{"@id":"https:\/\/apuntesdesanluis.com\/index.php\/2023\/08\/22\/prision-preventiva-a-un-hombre-que-robo-estacion-de-servicio-en-villa-mercedes\/#primaryimage"},"thumbnailUrl":"https:\/\/apuntesdesanluis.com\/wp-content\/uploads\/2023\/08\/CUELLO.png","datePublished":"2023-08-22T14:47:06+00:00","breadcrumb":{"@id":"https:\/\/apuntesdesanluis.com\/index.php\/2023\/08\/22\/prision-preventiva-a-un-hombre-que-robo-estacion-de-servicio-en-villa-mercedes\/#breadcrumb"},"inLanguage":"es-AR","potentialAction":[{"@type":"ReadAction","target":["https:\/\/apuntesdesanluis.com\/index.php\/2023\/08\/22\/prision-preventiva-a-un-hombre-que-robo-estacion-de-servicio-en-villa-mercedes\/"]}]},{"@type":"ImageObject","inLanguage":"es-AR","@id":"https:\/\/apuntesdesanluis.com\/index.php\/2023\/08\/22\/prision-preventiva-a-un-hombre-que-robo-estacion-de-servicio-en-villa-mercedes\/#primaryimage","url":"https:\/\/apuntesdesanluis.com\/wp-content\/uploads\/2023\/08\/CUELLO.png","contentUrl":"https:\/\/apuntesdesanluis.com\/wp-content\/uploads\/2023\/08\/CUELLO.png","width":553,"height":360},{"@type":"BreadcrumbList","@id":"https:\/\/apuntesdesanluis.com\/index.php\/2023\/08\/22\/prision-preventiva-a-un-hombre-que-robo-estacion-de-servicio-en-villa-mercedes\/#breadcrumb","itemListElement":[{"@type":"ListItem","position":1,"name":"Inicio","item":"https:\/\/apuntesdesanluis.com\/"},{"@type":"ListItem","position":2,"name":"PRISI\u00d3N PREVENTIVA A UN HOMBRE QUE ROB\u00d3 ESTACI\u00d3N DE SERVICIO EN VILLA MERCEDES"}]},{"@type":"WebSite","@id":"https:\/\/apuntesdesanluis.com\/#website","url":"https:\/\/apuntesdesanluis.com\/","name":"Apuntes de San Luis","description":"","publisher":{"@id":"https:\/\/apuntesdesanluis.com\/#\/schema\/person\/b55151d52296fcce64d1a72538a70b90"},"potentialAction":[{"@type":"SearchAction","target":{"@type":"EntryPoint","urlTemplate":"https:\/\/apuntesdesanluis.com\/?s={search_term_string}"},"query-input":{"@type":"PropertyValueSpecification","valueRequired":true,"valueName":"search_term_string"}}],"inLanguage":"es-AR"},{"@type":["Person","Organization"],"@id":"https:\/\/apuntesdesanluis.com\/#\/schema\/person\/b55151d52296fcce64d1a72538a70b90","name":"apuntesdesanluis.com","image":{"@type":"ImageObject","inLanguage":"es-AR","@id":"https:\/\/apuntesdesanluis.com\/#\/schema\/person\/image\/","url":"https:\/\/apuntesdesanluis.com\/wp-content\/uploads\/2023\/07\/cropped-apuntesdesanluis.png","contentUrl":"https:\/\/apuntesdesanluis.com\/wp-content\/uploads\/2023\/07\/cropped-apuntesdesanluis.png","width":450,"height":112,"caption":"apuntesdesanluis.com"},"logo":{"@id":"https:\/\/apuntesdesanluis.com\/#\/schema\/person\/image\/"},"sameAs":["https:\/\/apuntesdesanluis.com"],"url":"https:\/\/apuntesdesanluis.com\/index.php\/author\/apuntesdesanluis-com\/"}]}},"featured_image_urls":{"full":["https:\/\/apuntesdesanluis.com\/wp-content\/uploads\/2023\/08\/CUELLO.png",553,360,false],"thumbnail":["https:\/\/apuntesdesanluis.com\/wp-content\/uploads\/2023\/08\/CUELLO-150x150.png",150,150,true],"medium":["https:\/\/apuntesdesanluis.com\/wp-content\/uploads\/2023\/08\/CUELLO-300x195.png",300,195,true],"medium_large":["https:\/\/apuntesdesanluis.com\/wp-content\/uploads\/2023\/08\/CUELLO.png",553,360,false],"large":["https:\/\/apuntesdesanluis.com\/wp-content\/uploads\/2023\/08\/CUELLO.png",553,360,false],"1536x1536":["https:\/\/apuntesdesanluis.com\/wp-content\/uploads\/2023\/08\/CUELLO.png",553,360,false],"2048x2048":["https:\/\/apuntesdesanluis.com\/wp-content\/uploads\/2023\/08\/CUELLO.png",553,360,false],"newsever-slider-full":["https:\/\/apuntesdesanluis.com\/wp-content\/uploads\/2023\/08\/CUELLO.png",553,360,false],"newsever-featured":["https:\/\/apuntesdesanluis.com\/wp-content\/uploads\/2023\/08\/CUELLO.png",553,360,false],"newsever-medium":["https:\/\/apuntesdesanluis.com\/wp-content\/uploads\/2023\/08\/CUELLO.png",553,360,false]},"author_info":{"display_name":"apuntesdesanluis.com","author_link":"https:\/\/apuntesdesanluis.com\/index.php\/author\/apuntesdesanluis-com\/"},"category_info":"<a href=\"https:\/\/apuntesdesanluis.com\/index.php\/category\/ciudad-provincia\/\" rel=\"category tag\">Ciudad\/Provincia<\/a>","tag_info":"Ciudad\/Provincia","comment_count":"0","_links":{"self":[{"href":"https:\/\/apuntesdesanluis.com\/index.php\/wp-json\/wp\/v2\/posts\/1897","targetHints":{"allow":["GET"]}}],"collection":[{"href":"https:\/\/apuntesdesanluis.com\/index.php\/wp-json\/wp\/v2\/posts"}],"about":[{"href":"https:\/\/apuntesdesanluis.com\/index.php\/wp-json\/wp\/v2\/types\/post"}],"author":[{"embeddable":true,"href":"https:\/\/apuntesdesanluis.com\/index.php\/wp-json\/wp\/v2\/users\/1"}],"replies":[{"embeddable":true,"href":"https:\/\/apuntesdesanluis.com\/index.php\/wp-json\/wp\/v2\/comments?post=1897"}],"version-history":[{"count":1,"href":"https:\/\/apuntesdesanluis.com\/index.php\/wp-json\/wp\/v2\/posts\/1897\/revisions"}],"predecessor-version":[{"id":1899,"href":"https:\/\/apuntesdesanluis.com\/index.php\/wp-json\/wp\/v2\/posts\/1897\/revisions\/1899"}],"wp:featuredmedia":[{"embeddable":true,"href":"https:\/\/apuntesdesanluis.com\/index.php\/wp-json\/wp\/v2\/media\/1898"}],"wp:attachment":[{"href":"https:\/\/apuntesdesanluis.com\/index.php\/wp-json\/wp\/v2\/media?parent=1897"}],"wp:term":[{"taxonomy":"category","embeddable":true,"href":"https:\/\/apuntesdesanluis.com\/index.php\/wp-json\/wp\/v2\/categories?post=1897"},{"taxonomy":"post_tag","embeddable":true,"href":"https:\/\/apuntesdesanluis.com\/index.php\/wp-json\/wp\/v2\/tags?post=1897"}],"curies":[{"name":"wp","href":"https:\/\/api.w.org\/{rel}","templated":true}]}}