{"id":18971,"date":"2024-07-09T17:34:52","date_gmt":"2024-07-09T20:34:52","guid":{"rendered":"https:\/\/apuntesdesanluis.com\/?p=18971"},"modified":"2024-07-09T17:39:42","modified_gmt":"2024-07-09T20:39:42","slug":"a-pesar-del-frio-villa-mercedes-vivio-a-pleno-el-dia-de-la-independencia","status":"publish","type":"post","link":"https:\/\/apuntesdesanluis.com\/index.php\/2024\/07\/09\/a-pesar-del-frio-villa-mercedes-vivio-a-pleno-el-dia-de-la-independencia\/","title":{"rendered":"A PESAR DEL FR\u00cdO, VILLA MERCEDES VIVI\u00d3 A PLENO EL D\u00cdA DE LA INDEPENDENCIA"},"content":{"rendered":"<h3>Las actividades comenzaron el lunes por la noche con la vigilia y este martes el intendente <strong>Maximiliano Frontera<\/strong> encabez\u00f3 el izamiento de la Bandera Argentina en plaza Pedernera.<\/h3>\n<p><img fetchpriority=\"high\" decoding=\"async\" class=\"wp-image-18973 aligncenter\" src=\"https:\/\/apuntesdesanluis.com\/wp-content\/uploads\/2024\/07\/IZAMIENTO-300x182.png\" alt=\"\" width=\"659\" height=\"400\" srcset=\"https:\/\/apuntesdesanluis.com\/wp-content\/uploads\/2024\/07\/IZAMIENTO-300x182.png 300w, https:\/\/apuntesdesanluis.com\/wp-content\/uploads\/2024\/07\/IZAMIENTO.png 700w\" sizes=\"(max-width: 659px) 100vw, 659px\" \/><\/p>\n<h3>Participaron autoridades locales y provinciales, fuerzas de Seguridad, instituciones y Veteranos y Excombatientes de Malvinas.<\/h3>\n<h3>Luego las autoridades asistieron al tradicional Tedeum en la Parroquia Nuestra Se\u00f1ora de la Merced, que fue presidido por Monse\u00f1or <strong>Gabriel Barba<\/strong>.<\/h3>\n<p><img decoding=\"async\" class=\"wp-image-18972 aligncenter\" src=\"https:\/\/apuntesdesanluis.com\/wp-content\/uploads\/2024\/07\/BARBA-300x173.png\" alt=\"\" width=\"677\" height=\"390\" srcset=\"https:\/\/apuntesdesanluis.com\/wp-content\/uploads\/2024\/07\/BARBA-300x173.png 300w, https:\/\/apuntesdesanluis.com\/wp-content\/uploads\/2024\/07\/BARBA-768x443.png 768w, https:\/\/apuntesdesanluis.com\/wp-content\/uploads\/2024\/07\/BARBA.png 792w\" sizes=\"(max-width: 677px) 100vw, 677px\" \/><\/p>\n<p><img decoding=\"async\" class=\"wp-image-18983 aligncenter\" src=\"https:\/\/apuntesdesanluis.com\/wp-content\/uploads\/2024\/07\/AUTORIDADES-FRENTE-IGLESIA-300x165.png\" alt=\"\" width=\"678\" height=\"373\" srcset=\"https:\/\/apuntesdesanluis.com\/wp-content\/uploads\/2024\/07\/AUTORIDADES-FRENTE-IGLESIA-300x165.png 300w, https:\/\/apuntesdesanluis.com\/wp-content\/uploads\/2024\/07\/AUTORIDADES-FRENTE-IGLESIA.png 700w\" sizes=\"(max-width: 678px) 100vw, 678px\" \/><\/p>\n<h3>Desde las 11 hs. las instituciones comenzaron a hacer su paso por Avda. Mitre en el tradicional desfile del 9 de Julio. El intendente Frontera encabez\u00f3 la apertura del evento, acompa\u00f1ado por el vicegobernador <strong>Ricardo Endeiza<\/strong>, legisladores y autoridades locales y provinciales, fuerzas de Seguridad, Excombatientes y Veteranos de Malvinas.<\/h3>\n<p><img loading=\"lazy\" decoding=\"async\" class=\"wp-image-18975 aligncenter\" src=\"https:\/\/apuntesdesanluis.com\/wp-content\/uploads\/2024\/07\/DESFILE-VICE-Y-MAXI-300x168.png\" alt=\"\" width=\"662\" height=\"371\" srcset=\"https:\/\/apuntesdesanluis.com\/wp-content\/uploads\/2024\/07\/DESFILE-VICE-Y-MAXI-300x168.png 300w, https:\/\/apuntesdesanluis.com\/wp-content\/uploads\/2024\/07\/DESFILE-VICE-Y-MAXI.png 700w\" sizes=\"(max-width: 662px) 100vw, 662px\" \/><\/p>\n<p><img loading=\"lazy\" decoding=\"async\" class=\"wp-image-18974 aligncenter\" src=\"https:\/\/apuntesdesanluis.com\/wp-content\/uploads\/2024\/07\/DESFILE-PAPELITOS-300x200.png\" alt=\"\" width=\"651\" height=\"434\" srcset=\"https:\/\/apuntesdesanluis.com\/wp-content\/uploads\/2024\/07\/DESFILE-PAPELITOS-300x200.png 300w, https:\/\/apuntesdesanluis.com\/wp-content\/uploads\/2024\/07\/DESFILE-PAPELITOS.png 600w\" sizes=\"(max-width: 651px) 100vw, 651px\" \/><\/p>\n<h3>Se entonaron las estrofas del Himno acompa\u00f1ados de EDAM, que hizo la interpretaci\u00f3n en Lengua de Se\u00f1as, tras lo cual la Agrupaci\u00f3n de Gauchos Mercedinos, portando la imagen de la Virgen de la Merced, hizo la apertura del desfile, que tuvo por escenario la avenida Mitre.<\/h3>\n<h3>La apertura art\u00edstica estuvo a cargo del Instituto Folkl\u00f3rico y Latinoamericano \u201cLucio B. Mansilla\u201d y las enfermeras Veteranas de Guerra de Malvinas.<\/h3>\n<h3>Luego hizo su paso el jard\u00edn de Infantes Manuelita, el primero en desfilar al celebrar sus 25 a\u00f1os.<\/h3>\n<p><img loading=\"lazy\" decoding=\"async\" class=\"wp-image-18976 aligncenter\" src=\"https:\/\/apuntesdesanluis.com\/wp-content\/uploads\/2024\/07\/chicos-300x182.png\" alt=\"\" width=\"678\" height=\"411\" srcset=\"https:\/\/apuntesdesanluis.com\/wp-content\/uploads\/2024\/07\/chicos-300x182.png 300w, https:\/\/apuntesdesanluis.com\/wp-content\/uploads\/2024\/07\/chicos.png 600w\" sizes=\"(max-width: 678px) 100vw, 678px\" \/><\/p>\n<p><img loading=\"lazy\" decoding=\"async\" class=\"wp-image-18977 aligncenter\" src=\"https:\/\/apuntesdesanluis.com\/wp-content\/uploads\/2024\/07\/cole-15-iam-300x186.png\" alt=\"\" width=\"687\" height=\"426\" srcset=\"https:\/\/apuntesdesanluis.com\/wp-content\/uploads\/2024\/07\/cole-15-iam-300x186.png 300w, https:\/\/apuntesdesanluis.com\/wp-content\/uploads\/2024\/07\/cole-15-iam-768x477.png 768w, https:\/\/apuntesdesanluis.com\/wp-content\/uploads\/2024\/07\/cole-15-iam.png 825w\" sizes=\"(max-width: 687px) 100vw, 687px\" \/><\/p>\n<p><img loading=\"lazy\" decoding=\"async\" class=\"wp-image-18978 aligncenter\" src=\"https:\/\/apuntesdesanluis.com\/wp-content\/uploads\/2024\/07\/verdes-300x191.png\" alt=\"\" width=\"682\" height=\"434\" srcset=\"https:\/\/apuntesdesanluis.com\/wp-content\/uploads\/2024\/07\/verdes-300x191.png 300w, https:\/\/apuntesdesanluis.com\/wp-content\/uploads\/2024\/07\/verdes.png 712w\" sizes=\"(max-width: 682px) 100vw, 682px\" \/><\/p>\n<p><img loading=\"lazy\" decoding=\"async\" class=\"wp-image-18979 aligncenter\" src=\"https:\/\/apuntesdesanluis.com\/wp-content\/uploads\/2024\/07\/maquinas-300x183.png\" alt=\"\" width=\"684\" height=\"417\" srcset=\"https:\/\/apuntesdesanluis.com\/wp-content\/uploads\/2024\/07\/maquinas-300x183.png 300w, https:\/\/apuntesdesanluis.com\/wp-content\/uploads\/2024\/07\/maquinas.png 600w\" sizes=\"(max-width: 684px) 100vw, 684px\" \/><\/p>\n<p><img loading=\"lazy\" decoding=\"async\" class=\"wp-image-18980 aligncenter\" src=\"https:\/\/apuntesdesanluis.com\/wp-content\/uploads\/2024\/07\/desfile-general-300x182.png\" alt=\"\" width=\"675\" height=\"409\" srcset=\"https:\/\/apuntesdesanluis.com\/wp-content\/uploads\/2024\/07\/desfile-general-300x182.png 300w, https:\/\/apuntesdesanluis.com\/wp-content\/uploads\/2024\/07\/desfile-general.png 600w\" sizes=\"(max-width: 675px) 100vw, 675px\" \/><\/p>\n<p>&nbsp;<\/p>\n<p>&nbsp;<\/p>\n<p>&nbsp;<\/p>\n<p>&nbsp;<\/p>\n<p>&nbsp;<\/p>\n<p>&nbsp;<\/p>\n<p>&nbsp;<\/p>\n<p>&nbsp;<\/p>\n<p>&nbsp;<\/p>\n<p>&nbsp;<\/p>\n","protected":false},"excerpt":{"rendered":"<p>Las actividades comenzaron el lunes por la noche con la vigilia y este martes el&#8230;<\/p>\n","protected":false},"author":1,"featured_media":18981,"comment_status":"closed","ping_status":"closed","sticky":false,"template":"","format":"standard","meta":{"footnotes":""},"categories":[6],"tags":[],"class_list":["post-18971","post","type-post","status-publish","format-standard","has-post-thumbnail","hentry","category-ciudad-provincia"],"yoast_head":"<!-- This site is optimized with the Yoast SEO plugin v26.1.1 - https:\/\/yoast.com\/wordpress\/plugins\/seo\/ -->\n<title>A PESAR DEL FR\u00cdO, VILLA MERCEDES VIVI\u00d3 A PLENO EL D\u00cdA DE LA INDEPENDENCIA - Apuntes de San Luis<\/title>\n<meta name=\"robots\" content=\"index, follow, max-snippet:-1, max-image-preview:large, max-video-preview:-1\" \/>\n<link rel=\"canonical\" href=\"https:\/\/apuntesdesanluis.com\/index.php\/2024\/07\/09\/a-pesar-del-frio-villa-mercedes-vivio-a-pleno-el-dia-de-la-independencia\/\" \/>\n<meta property=\"og:locale\" content=\"es_ES\" \/>\n<meta property=\"og:type\" content=\"article\" \/>\n<meta property=\"og:title\" content=\"A PESAR DEL FR\u00cdO, VILLA MERCEDES VIVI\u00d3 A PLENO EL D\u00cdA DE LA INDEPENDENCIA - Apuntes de San Luis\" \/>\n<meta property=\"og:description\" content=\"Las actividades comenzaron el lunes por la noche con la vigilia y este martes el...\" \/>\n<meta property=\"og:url\" content=\"https:\/\/apuntesdesanluis.com\/index.php\/2024\/07\/09\/a-pesar-del-frio-villa-mercedes-vivio-a-pleno-el-dia-de-la-independencia\/\" \/>\n<meta property=\"og:site_name\" content=\"Apuntes de San Luis\" \/>\n<meta property=\"article:published_time\" content=\"2024-07-09T20:34:52+00:00\" \/>\n<meta property=\"article:modified_time\" content=\"2024-07-09T20:39:42+00:00\" \/>\n<meta property=\"og:image\" content=\"https:\/\/apuntesdesanluis.com\/wp-content\/uploads\/2024\/07\/DESFILE-ESCENARIO.png\" \/>\n\t<meta property=\"og:image:width\" content=\"700\" \/>\n\t<meta property=\"og:image:height\" content=\"436\" \/>\n\t<meta property=\"og:image:type\" content=\"image\/png\" \/>\n<meta name=\"author\" content=\"apuntesdesanluis.com\" \/>\n<meta name=\"twitter:card\" content=\"summary_large_image\" \/>\n<meta name=\"twitter:label1\" content=\"Escrito por\" \/>\n\t<meta name=\"twitter:data1\" content=\"apuntesdesanluis.com\" \/>\n\t<meta name=\"twitter:label2\" content=\"Tiempo de lectura\" \/>\n\t<meta name=\"twitter:data2\" content=\"4 minutos\" \/>\n<script type=\"application\/ld+json\" class=\"yoast-schema-graph\">{\"@context\":\"https:\/\/schema.org\",\"@graph\":[{\"@type\":\"Article\",\"@id\":\"https:\/\/apuntesdesanluis.com\/index.php\/2024\/07\/09\/a-pesar-del-frio-villa-mercedes-vivio-a-pleno-el-dia-de-la-independencia\/#article\",\"isPartOf\":{\"@id\":\"https:\/\/apuntesdesanluis.com\/index.php\/2024\/07\/09\/a-pesar-del-frio-villa-mercedes-vivio-a-pleno-el-dia-de-la-independencia\/\"},\"author\":{\"name\":\"apuntesdesanluis.com\",\"@id\":\"https:\/\/apuntesdesanluis.com\/#\/schema\/person\/b55151d52296fcce64d1a72538a70b90\"},\"headline\":\"A PESAR DEL FR\u00cdO, VILLA MERCEDES VIVI\u00d3 A PLENO EL D\u00cdA DE LA INDEPENDENCIA\",\"datePublished\":\"2024-07-09T20:34:52+00:00\",\"dateModified\":\"2024-07-09T20:39:42+00:00\",\"mainEntityOfPage\":{\"@id\":\"https:\/\/apuntesdesanluis.com\/index.php\/2024\/07\/09\/a-pesar-del-frio-villa-mercedes-vivio-a-pleno-el-dia-de-la-independencia\/\"},\"wordCount\":235,\"publisher\":{\"@id\":\"https:\/\/apuntesdesanluis.com\/#\/schema\/person\/b55151d52296fcce64d1a72538a70b90\"},\"image\":{\"@id\":\"https:\/\/apuntesdesanluis.com\/index.php\/2024\/07\/09\/a-pesar-del-frio-villa-mercedes-vivio-a-pleno-el-dia-de-la-independencia\/#primaryimage\"},\"thumbnailUrl\":\"https:\/\/apuntesdesanluis.com\/wp-content\/uploads\/2024\/07\/DESFILE-ESCENARIO.png\",\"articleSection\":[\"Ciudad\/Provincia\"],\"inLanguage\":\"es-AR\"},{\"@type\":\"WebPage\",\"@id\":\"https:\/\/apuntesdesanluis.com\/index.php\/2024\/07\/09\/a-pesar-del-frio-villa-mercedes-vivio-a-pleno-el-dia-de-la-independencia\/\",\"url\":\"https:\/\/apuntesdesanluis.com\/index.php\/2024\/07\/09\/a-pesar-del-frio-villa-mercedes-vivio-a-pleno-el-dia-de-la-independencia\/\",\"name\":\"A PESAR DEL FR\u00cdO, VILLA MERCEDES VIVI\u00d3 A PLENO EL D\u00cdA DE LA INDEPENDENCIA - Apuntes de San Luis\",\"isPartOf\":{\"@id\":\"https:\/\/apuntesdesanluis.com\/#website\"},\"primaryImageOfPage\":{\"@id\":\"https:\/\/apuntesdesanluis.com\/index.php\/2024\/07\/09\/a-pesar-del-frio-villa-mercedes-vivio-a-pleno-el-dia-de-la-independencia\/#primaryimage\"},\"image\":{\"@id\":\"https:\/\/apuntesdesanluis.com\/index.php\/2024\/07\/09\/a-pesar-del-frio-villa-mercedes-vivio-a-pleno-el-dia-de-la-independencia\/#primaryimage\"},\"thumbnailUrl\":\"https:\/\/apuntesdesanluis.com\/wp-content\/uploads\/2024\/07\/DESFILE-ESCENARIO.png\",\"datePublished\":\"2024-07-09T20:34:52+00:00\",\"dateModified\":\"2024-07-09T20:39:42+00:00\",\"breadcrumb\":{\"@id\":\"https:\/\/apuntesdesanluis.com\/index.php\/2024\/07\/09\/a-pesar-del-frio-villa-mercedes-vivio-a-pleno-el-dia-de-la-independencia\/#breadcrumb\"},\"inLanguage\":\"es-AR\",\"potentialAction\":[{\"@type\":\"ReadAction\",\"target\":[\"https:\/\/apuntesdesanluis.com\/index.php\/2024\/07\/09\/a-pesar-del-frio-villa-mercedes-vivio-a-pleno-el-dia-de-la-independencia\/\"]}]},{\"@type\":\"ImageObject\",\"inLanguage\":\"es-AR\",\"@id\":\"https:\/\/apuntesdesanluis.com\/index.php\/2024\/07\/09\/a-pesar-del-frio-villa-mercedes-vivio-a-pleno-el-dia-de-la-independencia\/#primaryimage\",\"url\":\"https:\/\/apuntesdesanluis.com\/wp-content\/uploads\/2024\/07\/DESFILE-ESCENARIO.png\",\"contentUrl\":\"https:\/\/apuntesdesanluis.com\/wp-content\/uploads\/2024\/07\/DESFILE-ESCENARIO.png\",\"width\":700,\"height\":436},{\"@type\":\"BreadcrumbList\",\"@id\":\"https:\/\/apuntesdesanluis.com\/index.php\/2024\/07\/09\/a-pesar-del-frio-villa-mercedes-vivio-a-pleno-el-dia-de-la-independencia\/#breadcrumb\",\"itemListElement\":[{\"@type\":\"ListItem\",\"position\":1,\"name\":\"Inicio\",\"item\":\"https:\/\/apuntesdesanluis.com\/\"},{\"@type\":\"ListItem\",\"position\":2,\"name\":\"A PESAR DEL FR\u00cdO, VILLA MERCEDES VIVI\u00d3 A PLENO EL D\u00cdA DE LA INDEPENDENCIA\"}]},{\"@type\":\"WebSite\",\"@id\":\"https:\/\/apuntesdesanluis.com\/#website\",\"url\":\"https:\/\/apuntesdesanluis.com\/\",\"name\":\"Apuntes de San Luis\",\"description\":\"\",\"publisher\":{\"@id\":\"https:\/\/apuntesdesanluis.com\/#\/schema\/person\/b55151d52296fcce64d1a72538a70b90\"},\"potentialAction\":[{\"@type\":\"SearchAction\",\"target\":{\"@type\":\"EntryPoint\",\"urlTemplate\":\"https:\/\/apuntesdesanluis.com\/?s={search_term_string}\"},\"query-input\":{\"@type\":\"PropertyValueSpecification\",\"valueRequired\":true,\"valueName\":\"search_term_string\"}}],\"inLanguage\":\"es-AR\"},{\"@type\":[\"Person\",\"Organization\"],\"@id\":\"https:\/\/apuntesdesanluis.com\/#\/schema\/person\/b55151d52296fcce64d1a72538a70b90\",\"name\":\"apuntesdesanluis.com\",\"image\":{\"@type\":\"ImageObject\",\"inLanguage\":\"es-AR\",\"@id\":\"https:\/\/apuntesdesanluis.com\/#\/schema\/person\/image\/\",\"url\":\"https:\/\/apuntesdesanluis.com\/wp-content\/uploads\/2023\/07\/cropped-apuntesdesanluis.png\",\"contentUrl\":\"https:\/\/apuntesdesanluis.com\/wp-content\/uploads\/2023\/07\/cropped-apuntesdesanluis.png\",\"width\":450,\"height\":112,\"caption\":\"apuntesdesanluis.com\"},\"logo\":{\"@id\":\"https:\/\/apuntesdesanluis.com\/#\/schema\/person\/image\/\"},\"sameAs\":[\"https:\/\/apuntesdesanluis.com\"],\"url\":\"https:\/\/apuntesdesanluis.com\/index.php\/author\/apuntesdesanluis-com\/\"}]}<\/script>\n<!-- \/ Yoast SEO plugin. -->","yoast_head_json":{"title":"A PESAR DEL FR\u00cdO, VILLA MERCEDES VIVI\u00d3 A PLENO EL D\u00cdA DE LA INDEPENDENCIA - Apuntes de San Luis","robots":{"index":"index","follow":"follow","max-snippet":"max-snippet:-1","max-image-preview":"max-image-preview:large","max-video-preview":"max-video-preview:-1"},"canonical":"https:\/\/apuntesdesanluis.com\/index.php\/2024\/07\/09\/a-pesar-del-frio-villa-mercedes-vivio-a-pleno-el-dia-de-la-independencia\/","og_locale":"es_ES","og_type":"article","og_title":"A PESAR DEL FR\u00cdO, VILLA MERCEDES VIVI\u00d3 A PLENO EL D\u00cdA DE LA INDEPENDENCIA - Apuntes de San Luis","og_description":"Las actividades comenzaron el lunes por la noche con la vigilia y este martes el...","og_url":"https:\/\/apuntesdesanluis.com\/index.php\/2024\/07\/09\/a-pesar-del-frio-villa-mercedes-vivio-a-pleno-el-dia-de-la-independencia\/","og_site_name":"Apuntes de San Luis","article_published_time":"2024-07-09T20:34:52+00:00","article_modified_time":"2024-07-09T20:39:42+00:00","og_image":[{"width":700,"height":436,"url":"https:\/\/apuntesdesanluis.com\/wp-content\/uploads\/2024\/07\/DESFILE-ESCENARIO.png","type":"image\/png"}],"author":"apuntesdesanluis.com","twitter_card":"summary_large_image","twitter_misc":{"Escrito por":"apuntesdesanluis.com","Tiempo de lectura":"4 minutos"},"schema":{"@context":"https:\/\/schema.org","@graph":[{"@type":"Article","@id":"https:\/\/apuntesdesanluis.com\/index.php\/2024\/07\/09\/a-pesar-del-frio-villa-mercedes-vivio-a-pleno-el-dia-de-la-independencia\/#article","isPartOf":{"@id":"https:\/\/apuntesdesanluis.com\/index.php\/2024\/07\/09\/a-pesar-del-frio-villa-mercedes-vivio-a-pleno-el-dia-de-la-independencia\/"},"author":{"name":"apuntesdesanluis.com","@id":"https:\/\/apuntesdesanluis.com\/#\/schema\/person\/b55151d52296fcce64d1a72538a70b90"},"headline":"A PESAR DEL FR\u00cdO, VILLA MERCEDES VIVI\u00d3 A PLENO EL D\u00cdA DE LA INDEPENDENCIA","datePublished":"2024-07-09T20:34:52+00:00","dateModified":"2024-07-09T20:39:42+00:00","mainEntityOfPage":{"@id":"https:\/\/apuntesdesanluis.com\/index.php\/2024\/07\/09\/a-pesar-del-frio-villa-mercedes-vivio-a-pleno-el-dia-de-la-independencia\/"},"wordCount":235,"publisher":{"@id":"https:\/\/apuntesdesanluis.com\/#\/schema\/person\/b55151d52296fcce64d1a72538a70b90"},"image":{"@id":"https:\/\/apuntesdesanluis.com\/index.php\/2024\/07\/09\/a-pesar-del-frio-villa-mercedes-vivio-a-pleno-el-dia-de-la-independencia\/#primaryimage"},"thumbnailUrl":"https:\/\/apuntesdesanluis.com\/wp-content\/uploads\/2024\/07\/DESFILE-ESCENARIO.png","articleSection":["Ciudad\/Provincia"],"inLanguage":"es-AR"},{"@type":"WebPage","@id":"https:\/\/apuntesdesanluis.com\/index.php\/2024\/07\/09\/a-pesar-del-frio-villa-mercedes-vivio-a-pleno-el-dia-de-la-independencia\/","url":"https:\/\/apuntesdesanluis.com\/index.php\/2024\/07\/09\/a-pesar-del-frio-villa-mercedes-vivio-a-pleno-el-dia-de-la-independencia\/","name":"A PESAR DEL FR\u00cdO, VILLA MERCEDES VIVI\u00d3 A PLENO EL D\u00cdA DE LA INDEPENDENCIA - Apuntes de San Luis","isPartOf":{"@id":"https:\/\/apuntesdesanluis.com\/#website"},"primaryImageOfPage":{"@id":"https:\/\/apuntesdesanluis.com\/index.php\/2024\/07\/09\/a-pesar-del-frio-villa-mercedes-vivio-a-pleno-el-dia-de-la-independencia\/#primaryimage"},"image":{"@id":"https:\/\/apuntesdesanluis.com\/index.php\/2024\/07\/09\/a-pesar-del-frio-villa-mercedes-vivio-a-pleno-el-dia-de-la-independencia\/#primaryimage"},"thumbnailUrl":"https:\/\/apuntesdesanluis.com\/wp-content\/uploads\/2024\/07\/DESFILE-ESCENARIO.png","datePublished":"2024-07-09T20:34:52+00:00","dateModified":"2024-07-09T20:39:42+00:00","breadcrumb":{"@id":"https:\/\/apuntesdesanluis.com\/index.php\/2024\/07\/09\/a-pesar-del-frio-villa-mercedes-vivio-a-pleno-el-dia-de-la-independencia\/#breadcrumb"},"inLanguage":"es-AR","potentialAction":[{"@type":"ReadAction","target":["https:\/\/apuntesdesanluis.com\/index.php\/2024\/07\/09\/a-pesar-del-frio-villa-mercedes-vivio-a-pleno-el-dia-de-la-independencia\/"]}]},{"@type":"ImageObject","inLanguage":"es-AR","@id":"https:\/\/apuntesdesanluis.com\/index.php\/2024\/07\/09\/a-pesar-del-frio-villa-mercedes-vivio-a-pleno-el-dia-de-la-independencia\/#primaryimage","url":"https:\/\/apuntesdesanluis.com\/wp-content\/uploads\/2024\/07\/DESFILE-ESCENARIO.png","contentUrl":"https:\/\/apuntesdesanluis.com\/wp-content\/uploads\/2024\/07\/DESFILE-ESCENARIO.png","width":700,"height":436},{"@type":"BreadcrumbList","@id":"https:\/\/apuntesdesanluis.com\/index.php\/2024\/07\/09\/a-pesar-del-frio-villa-mercedes-vivio-a-pleno-el-dia-de-la-independencia\/#breadcrumb","itemListElement":[{"@type":"ListItem","position":1,"name":"Inicio","item":"https:\/\/apuntesdesanluis.com\/"},{"@type":"ListItem","position":2,"name":"A PESAR DEL FR\u00cdO, VILLA MERCEDES VIVI\u00d3 A PLENO EL D\u00cdA DE LA INDEPENDENCIA"}]},{"@type":"WebSite","@id":"https:\/\/apuntesdesanluis.com\/#website","url":"https:\/\/apuntesdesanluis.com\/","name":"Apuntes de San Luis","description":"","publisher":{"@id":"https:\/\/apuntesdesanluis.com\/#\/schema\/person\/b55151d52296fcce64d1a72538a70b90"},"potentialAction":[{"@type":"SearchAction","target":{"@type":"EntryPoint","urlTemplate":"https:\/\/apuntesdesanluis.com\/?s={search_term_string}"},"query-input":{"@type":"PropertyValueSpecification","valueRequired":true,"valueName":"search_term_string"}}],"inLanguage":"es-AR"},{"@type":["Person","Organization"],"@id":"https:\/\/apuntesdesanluis.com\/#\/schema\/person\/b55151d52296fcce64d1a72538a70b90","name":"apuntesdesanluis.com","image":{"@type":"ImageObject","inLanguage":"es-AR","@id":"https:\/\/apuntesdesanluis.com\/#\/schema\/person\/image\/","url":"https:\/\/apuntesdesanluis.com\/wp-content\/uploads\/2023\/07\/cropped-apuntesdesanluis.png","contentUrl":"https:\/\/apuntesdesanluis.com\/wp-content\/uploads\/2023\/07\/cropped-apuntesdesanluis.png","width":450,"height":112,"caption":"apuntesdesanluis.com"},"logo":{"@id":"https:\/\/apuntesdesanluis.com\/#\/schema\/person\/image\/"},"sameAs":["https:\/\/apuntesdesanluis.com"],"url":"https:\/\/apuntesdesanluis.com\/index.php\/author\/apuntesdesanluis-com\/"}]}},"featured_image_urls":{"full":["https:\/\/apuntesdesanluis.com\/wp-content\/uploads\/2024\/07\/DESFILE-ESCENARIO.png",700,436,false],"thumbnail":["https:\/\/apuntesdesanluis.com\/wp-content\/uploads\/2024\/07\/DESFILE-ESCENARIO-150x150.png",150,150,true],"medium":["https:\/\/apuntesdesanluis.com\/wp-content\/uploads\/2024\/07\/DESFILE-ESCENARIO-300x187.png",300,187,true],"medium_large":["https:\/\/apuntesdesanluis.com\/wp-content\/uploads\/2024\/07\/DESFILE-ESCENARIO.png",640,399,false],"large":["https:\/\/apuntesdesanluis.com\/wp-content\/uploads\/2024\/07\/DESFILE-ESCENARIO.png",640,399,false],"1536x1536":["https:\/\/apuntesdesanluis.com\/wp-content\/uploads\/2024\/07\/DESFILE-ESCENARIO.png",700,436,false],"2048x2048":["https:\/\/apuntesdesanluis.com\/wp-content\/uploads\/2024\/07\/DESFILE-ESCENARIO.png",700,436,false],"newsever-slider-full":["https:\/\/apuntesdesanluis.com\/wp-content\/uploads\/2024\/07\/DESFILE-ESCENARIO.png",700,436,false],"newsever-featured":["https:\/\/apuntesdesanluis.com\/wp-content\/uploads\/2024\/07\/DESFILE-ESCENARIO.png",700,436,false],"newsever-medium":["https:\/\/apuntesdesanluis.com\/wp-content\/uploads\/2024\/07\/DESFILE-ESCENARIO.png",700,436,false]},"author_info":{"display_name":"apuntesdesanluis.com","author_link":"https:\/\/apuntesdesanluis.com\/index.php\/author\/apuntesdesanluis-com\/"},"category_info":"<a href=\"https:\/\/apuntesdesanluis.com\/index.php\/category\/ciudad-provincia\/\" rel=\"category tag\">Ciudad\/Provincia<\/a>","tag_info":"Ciudad\/Provincia","comment_count":"0","_links":{"self":[{"href":"https:\/\/apuntesdesanluis.com\/index.php\/wp-json\/wp\/v2\/posts\/18971","targetHints":{"allow":["GET"]}}],"collection":[{"href":"https:\/\/apuntesdesanluis.com\/index.php\/wp-json\/wp\/v2\/posts"}],"about":[{"href":"https:\/\/apuntesdesanluis.com\/index.php\/wp-json\/wp\/v2\/types\/post"}],"author":[{"embeddable":true,"href":"https:\/\/apuntesdesanluis.com\/index.php\/wp-json\/wp\/v2\/users\/1"}],"replies":[{"embeddable":true,"href":"https:\/\/apuntesdesanluis.com\/index.php\/wp-json\/wp\/v2\/comments?post=18971"}],"version-history":[{"count":3,"href":"https:\/\/apuntesdesanluis.com\/index.php\/wp-json\/wp\/v2\/posts\/18971\/revisions"}],"predecessor-version":[{"id":18985,"href":"https:\/\/apuntesdesanluis.com\/index.php\/wp-json\/wp\/v2\/posts\/18971\/revisions\/18985"}],"wp:featuredmedia":[{"embeddable":true,"href":"https:\/\/apuntesdesanluis.com\/index.php\/wp-json\/wp\/v2\/media\/18981"}],"wp:attachment":[{"href":"https:\/\/apuntesdesanluis.com\/index.php\/wp-json\/wp\/v2\/media?parent=18971"}],"wp:term":[{"taxonomy":"category","embeddable":true,"href":"https:\/\/apuntesdesanluis.com\/index.php\/wp-json\/wp\/v2\/categories?post=18971"},{"taxonomy":"post_tag","embeddable":true,"href":"https:\/\/apuntesdesanluis.com\/index.php\/wp-json\/wp\/v2\/tags?post=18971"}],"curies":[{"name":"wp","href":"https:\/\/api.w.org\/{rel}","templated":true}]}}