{"id":18986,"date":"2024-07-09T18:15:59","date_gmt":"2024-07-09T21:15:59","guid":{"rendered":"https:\/\/apuntesdesanluis.com\/?p=18986"},"modified":"2024-07-09T18:15:59","modified_gmt":"2024-07-09T21:15:59","slug":"el-cuartel-de-bomberos-el-fortin-tendra-un-destacamento-en-la-pedrera","status":"publish","type":"post","link":"https:\/\/apuntesdesanluis.com\/index.php\/2024\/07\/09\/el-cuartel-de-bomberos-el-fortin-tendra-un-destacamento-en-la-pedrera\/","title":{"rendered":"EL CUARTEL DE BOMBEROS EL FORT\u00cdN TENDR\u00c1 UN DESTACAMENTO EN LA PEDRERA"},"content":{"rendered":"<h3>Despu\u00e9s de muchos a\u00f1os de espera, finalmente el servicio que brindan los bomberos voluntarios \u201cEl Fort\u00edn\u201d se extender\u00e1 para cubrir la zona sud-oeste de Villa Mercedes.<\/h3>\n<h3>Desde la creaci\u00f3n del Complejo Urban\u00edstico La Ribera y luego la construcci\u00f3n de La Pedrera, se ven\u00eda hablando sobre la necesidad de instalar un destacamento.<\/h3>\n<h3>La zona continu\u00f3 creciendo, a partir de la construcci\u00f3n de complejos recreativos y casas de fin de semana, sobre la ruta que comunica con el dique Vulpiani y Liborio Luna y, el a\u00f1o pasado, con el nuevo barrio \u201cUni\u00f3n\u201d, en la ruta 2B.<\/h3>\n<h3>Finalmente se tom\u00f3 la decisi\u00f3n y este jueves 11 a las 14:45 h tendr\u00e1 lugar la inauguraci\u00f3n del Destacamento N\u00b0 1 de los bomberos voluntarios \u201cEl Fort\u00edn\u201d, en instalaciones del parque La Pedrera.<\/h3>\n<p>&nbsp;<\/p>\n<p><img fetchpriority=\"high\" decoding=\"async\" class=\"wp-image-18988 aligncenter\" src=\"https:\/\/apuntesdesanluis.com\/wp-content\/uploads\/2024\/07\/POSTEO-BOMBEROS-300x256.png\" alt=\"\" width=\"625\" height=\"533\" srcset=\"https:\/\/apuntesdesanluis.com\/wp-content\/uploads\/2024\/07\/POSTEO-BOMBEROS-300x256.png 300w, https:\/\/apuntesdesanluis.com\/wp-content\/uploads\/2024\/07\/POSTEO-BOMBEROS.png 600w\" sizes=\"(max-width: 625px) 100vw, 625px\" \/><\/p>\n<p>&nbsp;<\/p>\n<p>&nbsp;<\/p>\n<p>&nbsp;<\/p>\n<p>&nbsp;<\/p>\n<p>&nbsp;<\/p>\n<p>&nbsp;<\/p>\n","protected":false},"excerpt":{"rendered":"<p>Despu\u00e9s de muchos a\u00f1os de espera, finalmente el servicio que brindan los bomberos voluntarios \u201cEl&#8230;<\/p>\n","protected":false},"author":1,"featured_media":18987,"comment_status":"closed","ping_status":"closed","sticky":false,"template":"","format":"standard","meta":{"footnotes":""},"categories":[6],"tags":[],"class_list":["post-18986","post","type-post","status-publish","format-standard","has-post-thumbnail","hentry","category-ciudad-provincia"],"yoast_head":"<!-- This site is optimized with the Yoast SEO plugin v26.1.1 - https:\/\/yoast.com\/wordpress\/plugins\/seo\/ -->\n<title>EL CUARTEL DE BOMBEROS EL FORT\u00cdN TENDR\u00c1 UN DESTACAMENTO EN LA PEDRERA - Apuntes de San Luis<\/title>\n<meta name=\"robots\" content=\"index, follow, max-snippet:-1, max-image-preview:large, max-video-preview:-1\" \/>\n<link rel=\"canonical\" href=\"https:\/\/apuntesdesanluis.com\/index.php\/2024\/07\/09\/el-cuartel-de-bomberos-el-fortin-tendra-un-destacamento-en-la-pedrera\/\" \/>\n<meta property=\"og:locale\" content=\"es_ES\" \/>\n<meta property=\"og:type\" content=\"article\" \/>\n<meta property=\"og:title\" content=\"EL CUARTEL DE BOMBEROS EL FORT\u00cdN TENDR\u00c1 UN DESTACAMENTO EN LA PEDRERA - Apuntes de San Luis\" \/>\n<meta property=\"og:description\" content=\"Despu\u00e9s de muchos a\u00f1os de espera, finalmente el servicio que brindan los bomberos voluntarios \u201cEl...\" \/>\n<meta property=\"og:url\" content=\"https:\/\/apuntesdesanluis.com\/index.php\/2024\/07\/09\/el-cuartel-de-bomberos-el-fortin-tendra-un-destacamento-en-la-pedrera\/\" \/>\n<meta property=\"og:site_name\" content=\"Apuntes de San Luis\" \/>\n<meta property=\"article:published_time\" content=\"2024-07-09T21:15:59+00:00\" \/>\n<meta property=\"og:image\" content=\"https:\/\/apuntesdesanluis.com\/wp-content\/uploads\/2024\/07\/BOMBEROS.png\" \/>\n\t<meta property=\"og:image:width\" content=\"617\" \/>\n\t<meta property=\"og:image:height\" content=\"399\" \/>\n\t<meta property=\"og:image:type\" content=\"image\/png\" \/>\n<meta name=\"author\" content=\"apuntesdesanluis.com\" \/>\n<meta name=\"twitter:card\" content=\"summary_large_image\" \/>\n<meta name=\"twitter:label1\" content=\"Escrito por\" \/>\n\t<meta name=\"twitter:data1\" content=\"apuntesdesanluis.com\" \/>\n\t<meta name=\"twitter:label2\" content=\"Tiempo de lectura\" \/>\n\t<meta name=\"twitter:data2\" content=\"1 minuto\" \/>\n<script type=\"application\/ld+json\" class=\"yoast-schema-graph\">{\"@context\":\"https:\/\/schema.org\",\"@graph\":[{\"@type\":\"Article\",\"@id\":\"https:\/\/apuntesdesanluis.com\/index.php\/2024\/07\/09\/el-cuartel-de-bomberos-el-fortin-tendra-un-destacamento-en-la-pedrera\/#article\",\"isPartOf\":{\"@id\":\"https:\/\/apuntesdesanluis.com\/index.php\/2024\/07\/09\/el-cuartel-de-bomberos-el-fortin-tendra-un-destacamento-en-la-pedrera\/\"},\"author\":{\"name\":\"apuntesdesanluis.com\",\"@id\":\"https:\/\/apuntesdesanluis.com\/#\/schema\/person\/b55151d52296fcce64d1a72538a70b90\"},\"headline\":\"EL CUARTEL DE BOMBEROS EL FORT\u00cdN TENDR\u00c1 UN DESTACAMENTO EN LA PEDRERA\",\"datePublished\":\"2024-07-09T21:15:59+00:00\",\"mainEntityOfPage\":{\"@id\":\"https:\/\/apuntesdesanluis.com\/index.php\/2024\/07\/09\/el-cuartel-de-bomberos-el-fortin-tendra-un-destacamento-en-la-pedrera\/\"},\"wordCount\":157,\"publisher\":{\"@id\":\"https:\/\/apuntesdesanluis.com\/#\/schema\/person\/b55151d52296fcce64d1a72538a70b90\"},\"image\":{\"@id\":\"https:\/\/apuntesdesanluis.com\/index.php\/2024\/07\/09\/el-cuartel-de-bomberos-el-fortin-tendra-un-destacamento-en-la-pedrera\/#primaryimage\"},\"thumbnailUrl\":\"https:\/\/apuntesdesanluis.com\/wp-content\/uploads\/2024\/07\/BOMBEROS.png\",\"articleSection\":[\"Ciudad\/Provincia\"],\"inLanguage\":\"es-AR\"},{\"@type\":\"WebPage\",\"@id\":\"https:\/\/apuntesdesanluis.com\/index.php\/2024\/07\/09\/el-cuartel-de-bomberos-el-fortin-tendra-un-destacamento-en-la-pedrera\/\",\"url\":\"https:\/\/apuntesdesanluis.com\/index.php\/2024\/07\/09\/el-cuartel-de-bomberos-el-fortin-tendra-un-destacamento-en-la-pedrera\/\",\"name\":\"EL CUARTEL DE BOMBEROS EL FORT\u00cdN TENDR\u00c1 UN DESTACAMENTO EN LA PEDRERA - Apuntes de San Luis\",\"isPartOf\":{\"@id\":\"https:\/\/apuntesdesanluis.com\/#website\"},\"primaryImageOfPage\":{\"@id\":\"https:\/\/apuntesdesanluis.com\/index.php\/2024\/07\/09\/el-cuartel-de-bomberos-el-fortin-tendra-un-destacamento-en-la-pedrera\/#primaryimage\"},\"image\":{\"@id\":\"https:\/\/apuntesdesanluis.com\/index.php\/2024\/07\/09\/el-cuartel-de-bomberos-el-fortin-tendra-un-destacamento-en-la-pedrera\/#primaryimage\"},\"thumbnailUrl\":\"https:\/\/apuntesdesanluis.com\/wp-content\/uploads\/2024\/07\/BOMBEROS.png\",\"datePublished\":\"2024-07-09T21:15:59+00:00\",\"breadcrumb\":{\"@id\":\"https:\/\/apuntesdesanluis.com\/index.php\/2024\/07\/09\/el-cuartel-de-bomberos-el-fortin-tendra-un-destacamento-en-la-pedrera\/#breadcrumb\"},\"inLanguage\":\"es-AR\",\"potentialAction\":[{\"@type\":\"ReadAction\",\"target\":[\"https:\/\/apuntesdesanluis.com\/index.php\/2024\/07\/09\/el-cuartel-de-bomberos-el-fortin-tendra-un-destacamento-en-la-pedrera\/\"]}]},{\"@type\":\"ImageObject\",\"inLanguage\":\"es-AR\",\"@id\":\"https:\/\/apuntesdesanluis.com\/index.php\/2024\/07\/09\/el-cuartel-de-bomberos-el-fortin-tendra-un-destacamento-en-la-pedrera\/#primaryimage\",\"url\":\"https:\/\/apuntesdesanluis.com\/wp-content\/uploads\/2024\/07\/BOMBEROS.png\",\"contentUrl\":\"https:\/\/apuntesdesanluis.com\/wp-content\/uploads\/2024\/07\/BOMBEROS.png\",\"width\":617,\"height\":399},{\"@type\":\"BreadcrumbList\",\"@id\":\"https:\/\/apuntesdesanluis.com\/index.php\/2024\/07\/09\/el-cuartel-de-bomberos-el-fortin-tendra-un-destacamento-en-la-pedrera\/#breadcrumb\",\"itemListElement\":[{\"@type\":\"ListItem\",\"position\":1,\"name\":\"Inicio\",\"item\":\"https:\/\/apuntesdesanluis.com\/\"},{\"@type\":\"ListItem\",\"position\":2,\"name\":\"EL CUARTEL DE BOMBEROS EL FORT\u00cdN TENDR\u00c1 UN DESTACAMENTO EN LA PEDRERA\"}]},{\"@type\":\"WebSite\",\"@id\":\"https:\/\/apuntesdesanluis.com\/#website\",\"url\":\"https:\/\/apuntesdesanluis.com\/\",\"name\":\"Apuntes de San Luis\",\"description\":\"\",\"publisher\":{\"@id\":\"https:\/\/apuntesdesanluis.com\/#\/schema\/person\/b55151d52296fcce64d1a72538a70b90\"},\"potentialAction\":[{\"@type\":\"SearchAction\",\"target\":{\"@type\":\"EntryPoint\",\"urlTemplate\":\"https:\/\/apuntesdesanluis.com\/?s={search_term_string}\"},\"query-input\":{\"@type\":\"PropertyValueSpecification\",\"valueRequired\":true,\"valueName\":\"search_term_string\"}}],\"inLanguage\":\"es-AR\"},{\"@type\":[\"Person\",\"Organization\"],\"@id\":\"https:\/\/apuntesdesanluis.com\/#\/schema\/person\/b55151d52296fcce64d1a72538a70b90\",\"name\":\"apuntesdesanluis.com\",\"image\":{\"@type\":\"ImageObject\",\"inLanguage\":\"es-AR\",\"@id\":\"https:\/\/apuntesdesanluis.com\/#\/schema\/person\/image\/\",\"url\":\"https:\/\/apuntesdesanluis.com\/wp-content\/uploads\/2023\/07\/cropped-apuntesdesanluis.png\",\"contentUrl\":\"https:\/\/apuntesdesanluis.com\/wp-content\/uploads\/2023\/07\/cropped-apuntesdesanluis.png\",\"width\":450,\"height\":112,\"caption\":\"apuntesdesanluis.com\"},\"logo\":{\"@id\":\"https:\/\/apuntesdesanluis.com\/#\/schema\/person\/image\/\"},\"sameAs\":[\"https:\/\/apuntesdesanluis.com\"],\"url\":\"https:\/\/apuntesdesanluis.com\/index.php\/author\/apuntesdesanluis-com\/\"}]}<\/script>\n<!-- \/ Yoast SEO plugin. -->","yoast_head_json":{"title":"EL CUARTEL DE BOMBEROS EL FORT\u00cdN TENDR\u00c1 UN DESTACAMENTO EN LA PEDRERA - Apuntes de San Luis","robots":{"index":"index","follow":"follow","max-snippet":"max-snippet:-1","max-image-preview":"max-image-preview:large","max-video-preview":"max-video-preview:-1"},"canonical":"https:\/\/apuntesdesanluis.com\/index.php\/2024\/07\/09\/el-cuartel-de-bomberos-el-fortin-tendra-un-destacamento-en-la-pedrera\/","og_locale":"es_ES","og_type":"article","og_title":"EL CUARTEL DE BOMBEROS EL FORT\u00cdN TENDR\u00c1 UN DESTACAMENTO EN LA PEDRERA - Apuntes de San Luis","og_description":"Despu\u00e9s de muchos a\u00f1os de espera, finalmente el servicio que brindan los bomberos voluntarios \u201cEl...","og_url":"https:\/\/apuntesdesanluis.com\/index.php\/2024\/07\/09\/el-cuartel-de-bomberos-el-fortin-tendra-un-destacamento-en-la-pedrera\/","og_site_name":"Apuntes de San Luis","article_published_time":"2024-07-09T21:15:59+00:00","og_image":[{"width":617,"height":399,"url":"https:\/\/apuntesdesanluis.com\/wp-content\/uploads\/2024\/07\/BOMBEROS.png","type":"image\/png"}],"author":"apuntesdesanluis.com","twitter_card":"summary_large_image","twitter_misc":{"Escrito por":"apuntesdesanluis.com","Tiempo de lectura":"1 minuto"},"schema":{"@context":"https:\/\/schema.org","@graph":[{"@type":"Article","@id":"https:\/\/apuntesdesanluis.com\/index.php\/2024\/07\/09\/el-cuartel-de-bomberos-el-fortin-tendra-un-destacamento-en-la-pedrera\/#article","isPartOf":{"@id":"https:\/\/apuntesdesanluis.com\/index.php\/2024\/07\/09\/el-cuartel-de-bomberos-el-fortin-tendra-un-destacamento-en-la-pedrera\/"},"author":{"name":"apuntesdesanluis.com","@id":"https:\/\/apuntesdesanluis.com\/#\/schema\/person\/b55151d52296fcce64d1a72538a70b90"},"headline":"EL CUARTEL DE BOMBEROS EL FORT\u00cdN TENDR\u00c1 UN DESTACAMENTO EN LA PEDRERA","datePublished":"2024-07-09T21:15:59+00:00","mainEntityOfPage":{"@id":"https:\/\/apuntesdesanluis.com\/index.php\/2024\/07\/09\/el-cuartel-de-bomberos-el-fortin-tendra-un-destacamento-en-la-pedrera\/"},"wordCount":157,"publisher":{"@id":"https:\/\/apuntesdesanluis.com\/#\/schema\/person\/b55151d52296fcce64d1a72538a70b90"},"image":{"@id":"https:\/\/apuntesdesanluis.com\/index.php\/2024\/07\/09\/el-cuartel-de-bomberos-el-fortin-tendra-un-destacamento-en-la-pedrera\/#primaryimage"},"thumbnailUrl":"https:\/\/apuntesdesanluis.com\/wp-content\/uploads\/2024\/07\/BOMBEROS.png","articleSection":["Ciudad\/Provincia"],"inLanguage":"es-AR"},{"@type":"WebPage","@id":"https:\/\/apuntesdesanluis.com\/index.php\/2024\/07\/09\/el-cuartel-de-bomberos-el-fortin-tendra-un-destacamento-en-la-pedrera\/","url":"https:\/\/apuntesdesanluis.com\/index.php\/2024\/07\/09\/el-cuartel-de-bomberos-el-fortin-tendra-un-destacamento-en-la-pedrera\/","name":"EL CUARTEL DE BOMBEROS EL FORT\u00cdN TENDR\u00c1 UN DESTACAMENTO EN LA PEDRERA - Apuntes de San Luis","isPartOf":{"@id":"https:\/\/apuntesdesanluis.com\/#website"},"primaryImageOfPage":{"@id":"https:\/\/apuntesdesanluis.com\/index.php\/2024\/07\/09\/el-cuartel-de-bomberos-el-fortin-tendra-un-destacamento-en-la-pedrera\/#primaryimage"},"image":{"@id":"https:\/\/apuntesdesanluis.com\/index.php\/2024\/07\/09\/el-cuartel-de-bomberos-el-fortin-tendra-un-destacamento-en-la-pedrera\/#primaryimage"},"thumbnailUrl":"https:\/\/apuntesdesanluis.com\/wp-content\/uploads\/2024\/07\/BOMBEROS.png","datePublished":"2024-07-09T21:15:59+00:00","breadcrumb":{"@id":"https:\/\/apuntesdesanluis.com\/index.php\/2024\/07\/09\/el-cuartel-de-bomberos-el-fortin-tendra-un-destacamento-en-la-pedrera\/#breadcrumb"},"inLanguage":"es-AR","potentialAction":[{"@type":"ReadAction","target":["https:\/\/apuntesdesanluis.com\/index.php\/2024\/07\/09\/el-cuartel-de-bomberos-el-fortin-tendra-un-destacamento-en-la-pedrera\/"]}]},{"@type":"ImageObject","inLanguage":"es-AR","@id":"https:\/\/apuntesdesanluis.com\/index.php\/2024\/07\/09\/el-cuartel-de-bomberos-el-fortin-tendra-un-destacamento-en-la-pedrera\/#primaryimage","url":"https:\/\/apuntesdesanluis.com\/wp-content\/uploads\/2024\/07\/BOMBEROS.png","contentUrl":"https:\/\/apuntesdesanluis.com\/wp-content\/uploads\/2024\/07\/BOMBEROS.png","width":617,"height":399},{"@type":"BreadcrumbList","@id":"https:\/\/apuntesdesanluis.com\/index.php\/2024\/07\/09\/el-cuartel-de-bomberos-el-fortin-tendra-un-destacamento-en-la-pedrera\/#breadcrumb","itemListElement":[{"@type":"ListItem","position":1,"name":"Inicio","item":"https:\/\/apuntesdesanluis.com\/"},{"@type":"ListItem","position":2,"name":"EL CUARTEL DE BOMBEROS EL FORT\u00cdN TENDR\u00c1 UN DESTACAMENTO EN LA PEDRERA"}]},{"@type":"WebSite","@id":"https:\/\/apuntesdesanluis.com\/#website","url":"https:\/\/apuntesdesanluis.com\/","name":"Apuntes de San Luis","description":"","publisher":{"@id":"https:\/\/apuntesdesanluis.com\/#\/schema\/person\/b55151d52296fcce64d1a72538a70b90"},"potentialAction":[{"@type":"SearchAction","target":{"@type":"EntryPoint","urlTemplate":"https:\/\/apuntesdesanluis.com\/?s={search_term_string}"},"query-input":{"@type":"PropertyValueSpecification","valueRequired":true,"valueName":"search_term_string"}}],"inLanguage":"es-AR"},{"@type":["Person","Organization"],"@id":"https:\/\/apuntesdesanluis.com\/#\/schema\/person\/b55151d52296fcce64d1a72538a70b90","name":"apuntesdesanluis.com","image":{"@type":"ImageObject","inLanguage":"es-AR","@id":"https:\/\/apuntesdesanluis.com\/#\/schema\/person\/image\/","url":"https:\/\/apuntesdesanluis.com\/wp-content\/uploads\/2023\/07\/cropped-apuntesdesanluis.png","contentUrl":"https:\/\/apuntesdesanluis.com\/wp-content\/uploads\/2023\/07\/cropped-apuntesdesanluis.png","width":450,"height":112,"caption":"apuntesdesanluis.com"},"logo":{"@id":"https:\/\/apuntesdesanluis.com\/#\/schema\/person\/image\/"},"sameAs":["https:\/\/apuntesdesanluis.com"],"url":"https:\/\/apuntesdesanluis.com\/index.php\/author\/apuntesdesanluis-com\/"}]}},"featured_image_urls":{"full":["https:\/\/apuntesdesanluis.com\/wp-content\/uploads\/2024\/07\/BOMBEROS.png",617,399,false],"thumbnail":["https:\/\/apuntesdesanluis.com\/wp-content\/uploads\/2024\/07\/BOMBEROS-150x150.png",150,150,true],"medium":["https:\/\/apuntesdesanluis.com\/wp-content\/uploads\/2024\/07\/BOMBEROS-300x194.png",300,194,true],"medium_large":["https:\/\/apuntesdesanluis.com\/wp-content\/uploads\/2024\/07\/BOMBEROS.png",617,399,false],"large":["https:\/\/apuntesdesanluis.com\/wp-content\/uploads\/2024\/07\/BOMBEROS.png",617,399,false],"1536x1536":["https:\/\/apuntesdesanluis.com\/wp-content\/uploads\/2024\/07\/BOMBEROS.png",617,399,false],"2048x2048":["https:\/\/apuntesdesanluis.com\/wp-content\/uploads\/2024\/07\/BOMBEROS.png",617,399,false],"newsever-slider-full":["https:\/\/apuntesdesanluis.com\/wp-content\/uploads\/2024\/07\/BOMBEROS.png",617,399,false],"newsever-featured":["https:\/\/apuntesdesanluis.com\/wp-content\/uploads\/2024\/07\/BOMBEROS.png",617,399,false],"newsever-medium":["https:\/\/apuntesdesanluis.com\/wp-content\/uploads\/2024\/07\/BOMBEROS.png",617,399,false]},"author_info":{"display_name":"apuntesdesanluis.com","author_link":"https:\/\/apuntesdesanluis.com\/index.php\/author\/apuntesdesanluis-com\/"},"category_info":"<a href=\"https:\/\/apuntesdesanluis.com\/index.php\/category\/ciudad-provincia\/\" rel=\"category tag\">Ciudad\/Provincia<\/a>","tag_info":"Ciudad\/Provincia","comment_count":"0","_links":{"self":[{"href":"https:\/\/apuntesdesanluis.com\/index.php\/wp-json\/wp\/v2\/posts\/18986","targetHints":{"allow":["GET"]}}],"collection":[{"href":"https:\/\/apuntesdesanluis.com\/index.php\/wp-json\/wp\/v2\/posts"}],"about":[{"href":"https:\/\/apuntesdesanluis.com\/index.php\/wp-json\/wp\/v2\/types\/post"}],"author":[{"embeddable":true,"href":"https:\/\/apuntesdesanluis.com\/index.php\/wp-json\/wp\/v2\/users\/1"}],"replies":[{"embeddable":true,"href":"https:\/\/apuntesdesanluis.com\/index.php\/wp-json\/wp\/v2\/comments?post=18986"}],"version-history":[{"count":1,"href":"https:\/\/apuntesdesanluis.com\/index.php\/wp-json\/wp\/v2\/posts\/18986\/revisions"}],"predecessor-version":[{"id":18989,"href":"https:\/\/apuntesdesanluis.com\/index.php\/wp-json\/wp\/v2\/posts\/18986\/revisions\/18989"}],"wp:featuredmedia":[{"embeddable":true,"href":"https:\/\/apuntesdesanluis.com\/index.php\/wp-json\/wp\/v2\/media\/18987"}],"wp:attachment":[{"href":"https:\/\/apuntesdesanluis.com\/index.php\/wp-json\/wp\/v2\/media?parent=18986"}],"wp:term":[{"taxonomy":"category","embeddable":true,"href":"https:\/\/apuntesdesanluis.com\/index.php\/wp-json\/wp\/v2\/categories?post=18986"},{"taxonomy":"post_tag","embeddable":true,"href":"https:\/\/apuntesdesanluis.com\/index.php\/wp-json\/wp\/v2\/tags?post=18986"}],"curies":[{"name":"wp","href":"https:\/\/api.w.org\/{rel}","templated":true}]}}