{"id":19,"date":"2023-07-15T19:33:28","date_gmt":"2023-07-15T22:33:28","guid":{"rendered":"https:\/\/apuntesdesanluis.com\/?p=19"},"modified":"2023-07-17T00:43:54","modified_gmt":"2023-07-17T03:43:54","slug":"mas-de-un-millon-de-jubilados-y-pensionados-cobraran-un-adicional-por-el-aumento-del-salario-minimo","status":"publish","type":"post","link":"https:\/\/apuntesdesanluis.com\/index.php\/2023\/07\/15\/mas-de-un-millon-de-jubilados-y-pensionados-cobraran-un-adicional-por-el-aumento-del-salario-minimo\/","title":{"rendered":"M\u00c1S DE UN MILL\u00d3N DE JUBILADOS Y PENSIONADOS COBRAR\u00c1N UN ADICIONAL POR EL AUMENTO DEL SALARIO M\u00cdNIMO"},"content":{"rendered":"<h3 dir=\"auto\">Alrededor de 1,4 millones de jubilados y pensionados que cumplieron con los 30 a\u00f1os o m\u00e1s de aportes efectivos, sin acudir a moratorias, tendr\u00e1n un plus de $ 15.572.<\/h3>\n<h3 dir=\"auto\">La medida se adopt\u00f3 a partir de que el Consejo del Salario determinara el incremento del 34% sobre el Salario M\u00ednimo Vital y M\u00f3vil (SMVM), que en julio sube de $ 87.987 a $ 105.500.<\/h3>\n<h3 dir=\"auto\">Esto es as\u00ed porque la ley 27.426, aprobada en diciembre de 2017, estableci\u00f3 este grupo no puede cobrar menos del 82% del SMVM. Seg\u00fan el art\u00edculo N\u00b05, los jubilados y pensionados \u201ccon 30 a\u00f1os o m\u00e1s de servicios con aportes efectivos\u201d cobrar\u00e1n \u201cun suplemento dinerario hasta alcanzar un haber previsional equivalente al ochenta y dos por ciento (82%) del valor del Salario M\u00ednimo Vital y M\u00f3vil\u201d.<\/h3>\n<h3 dir=\"auto\">En julio, el SMVM sube a $ 105.500. El 82% de este valor ($ 86.150) es superior a la jubilaci\u00f3n m\u00ednima ($ 70.938) en $ 15.572. Este adicional se suma al bono de $ 17.000 que percibir\u00e1n en julio. En total son $ 103.510 (jubilaci\u00f3n m\u00ednima de $ 70.938 brutos + $ 17.000 de bono + $ 15.572 de plus).<\/h3>\n<h3 dir=\"auto\">Dado lo avanzado de los pagos de este mes, la ANSeS explic\u00f3 que har\u00e1 una liquidaci\u00f3n complementaria con el plus de $ 15.572.<\/h3>\n<h3 dir=\"auto\">Luego, en agosto, el SMVM sube a $ 112.500. El 82% es $ 92.250, superior a la jubilaci\u00f3n m\u00ednima en $ 21.312. As\u00ed, cobrar\u00edan en total $ 112.250 ($ 70.938 + $ 20.000 de bono + $ 21.312).<\/h3>\n<h3 dir=\"auto\">En septiembre, el SMVM asciende a $ 118.000 pero ese mes la jubilaci\u00f3n m\u00ednima aumenta por la movilidad. Reci\u00e9n entonces se sabr\u00e1 si el nuevo haber m\u00ednimo se ubica o no por encima del 82% sobre los $ 118.000.<\/h3>\n<h3 dir=\"auto\">Desde su aprobaci\u00f3n, ese plus transitorio se pag\u00f3 en enero-mayo y de julio a noviembre de 2018; en agosto y en octubre- noviembre de 2019, en octubre y noviembre 2021, en agosto, en octubre, noviembre y diciembre 2022 y en enero y febrero y en abril, mayo y junio 2023.<\/h3>\n<h3 dir=\"auto\">Aquellos jubilados y pensionados que cobran el haber m\u00ednimo, pero se jubilaron acudiendo a moratorias, no cobran ese plus.<\/h3>\n<h3 dir=\"auto\">Por otra parte, los jubilados y pensionados con haberes m\u00e1s altos tampoco reciben este beneficio ni los bonos que se fueron otorgando durante estos a\u00f1os.<\/h3>\n","protected":false},"excerpt":{"rendered":"<p>Alrededor de 1,4 millones de jubilados y pensionados que cumplieron con los 30 a\u00f1os o&#8230;<\/p>\n","protected":false},"author":1,"featured_media":20,"comment_status":"closed","ping_status":"open","sticky":false,"template":"","format":"standard","meta":{"footnotes":""},"categories":[5],"tags":[],"class_list":["post-19","post","type-post","status-publish","format-standard","has-post-thumbnail","hentry","category-nacionales-internacionales"],"yoast_head":"<!-- This site is optimized with the Yoast SEO plugin v26.1.1 - https:\/\/yoast.com\/wordpress\/plugins\/seo\/ -->\n<title>M\u00c1S DE UN MILL\u00d3N DE JUBILADOS Y PENSIONADOS COBRAR\u00c1N UN ADICIONAL POR EL AUMENTO DEL SALARIO M\u00cdNIMO - Apuntes de San Luis<\/title>\n<meta name=\"robots\" content=\"index, follow, max-snippet:-1, max-image-preview:large, max-video-preview:-1\" \/>\n<link rel=\"canonical\" href=\"https:\/\/apuntesdesanluis.com\/index.php\/2023\/07\/15\/mas-de-un-millon-de-jubilados-y-pensionados-cobraran-un-adicional-por-el-aumento-del-salario-minimo\/\" \/>\n<meta property=\"og:locale\" content=\"es_ES\" \/>\n<meta property=\"og:type\" content=\"article\" \/>\n<meta property=\"og:title\" content=\"M\u00c1S DE UN MILL\u00d3N DE JUBILADOS Y PENSIONADOS COBRAR\u00c1N UN ADICIONAL POR EL AUMENTO DEL SALARIO M\u00cdNIMO - Apuntes de San Luis\" \/>\n<meta property=\"og:description\" content=\"Alrededor de 1,4 millones de jubilados y pensionados que cumplieron con los 30 a\u00f1os o...\" \/>\n<meta property=\"og:url\" content=\"https:\/\/apuntesdesanluis.com\/index.php\/2023\/07\/15\/mas-de-un-millon-de-jubilados-y-pensionados-cobraran-un-adicional-por-el-aumento-del-salario-minimo\/\" \/>\n<meta property=\"og:site_name\" content=\"Apuntes de San Luis\" \/>\n<meta property=\"article:published_time\" content=\"2023-07-15T22:33:28+00:00\" \/>\n<meta property=\"article:modified_time\" content=\"2023-07-17T03:43:54+00:00\" \/>\n<meta property=\"og:image\" content=\"https:\/\/apuntesdesanluis.com\/wp-content\/uploads\/2023\/07\/jubilados.jpg\" \/>\n\t<meta property=\"og:image:width\" content=\"638\" \/>\n\t<meta property=\"og:image:height\" content=\"423\" \/>\n\t<meta property=\"og:image:type\" content=\"image\/jpeg\" \/>\n<meta name=\"author\" content=\"apuntesdesanluis.com\" \/>\n<meta name=\"twitter:card\" content=\"summary_large_image\" \/>\n<meta name=\"twitter:label1\" content=\"Escrito por\" \/>\n\t<meta name=\"twitter:data1\" content=\"apuntesdesanluis.com\" \/>\n\t<meta name=\"twitter:label2\" content=\"Tiempo de lectura\" \/>\n\t<meta name=\"twitter:data2\" content=\"2 minutos\" \/>\n<script type=\"application\/ld+json\" class=\"yoast-schema-graph\">{\"@context\":\"https:\/\/schema.org\",\"@graph\":[{\"@type\":\"Article\",\"@id\":\"https:\/\/apuntesdesanluis.com\/index.php\/2023\/07\/15\/mas-de-un-millon-de-jubilados-y-pensionados-cobraran-un-adicional-por-el-aumento-del-salario-minimo\/#article\",\"isPartOf\":{\"@id\":\"https:\/\/apuntesdesanluis.com\/index.php\/2023\/07\/15\/mas-de-un-millon-de-jubilados-y-pensionados-cobraran-un-adicional-por-el-aumento-del-salario-minimo\/\"},\"author\":{\"name\":\"apuntesdesanluis.com\",\"@id\":\"https:\/\/apuntesdesanluis.com\/#\/schema\/person\/b55151d52296fcce64d1a72538a70b90\"},\"headline\":\"M\u00c1S DE UN MILL\u00d3N DE JUBILADOS Y PENSIONADOS COBRAR\u00c1N UN ADICIONAL POR EL AUMENTO DEL SALARIO M\u00cdNIMO\",\"datePublished\":\"2023-07-15T22:33:28+00:00\",\"dateModified\":\"2023-07-17T03:43:54+00:00\",\"mainEntityOfPage\":{\"@id\":\"https:\/\/apuntesdesanluis.com\/index.php\/2023\/07\/15\/mas-de-un-millon-de-jubilados-y-pensionados-cobraran-un-adicional-por-el-aumento-del-salario-minimo\/\"},\"wordCount\":370,\"publisher\":{\"@id\":\"https:\/\/apuntesdesanluis.com\/#\/schema\/person\/b55151d52296fcce64d1a72538a70b90\"},\"image\":{\"@id\":\"https:\/\/apuntesdesanluis.com\/index.php\/2023\/07\/15\/mas-de-un-millon-de-jubilados-y-pensionados-cobraran-un-adicional-por-el-aumento-del-salario-minimo\/#primaryimage\"},\"thumbnailUrl\":\"https:\/\/apuntesdesanluis.com\/wp-content\/uploads\/2023\/07\/jubilados.jpg\",\"articleSection\":[\"Nacionales\/Internacionales\"],\"inLanguage\":\"es-AR\"},{\"@type\":\"WebPage\",\"@id\":\"https:\/\/apuntesdesanluis.com\/index.php\/2023\/07\/15\/mas-de-un-millon-de-jubilados-y-pensionados-cobraran-un-adicional-por-el-aumento-del-salario-minimo\/\",\"url\":\"https:\/\/apuntesdesanluis.com\/index.php\/2023\/07\/15\/mas-de-un-millon-de-jubilados-y-pensionados-cobraran-un-adicional-por-el-aumento-del-salario-minimo\/\",\"name\":\"M\u00c1S DE UN MILL\u00d3N DE JUBILADOS Y PENSIONADOS COBRAR\u00c1N UN ADICIONAL POR EL AUMENTO DEL SALARIO M\u00cdNIMO - Apuntes de San Luis\",\"isPartOf\":{\"@id\":\"https:\/\/apuntesdesanluis.com\/#website\"},\"primaryImageOfPage\":{\"@id\":\"https:\/\/apuntesdesanluis.com\/index.php\/2023\/07\/15\/mas-de-un-millon-de-jubilados-y-pensionados-cobraran-un-adicional-por-el-aumento-del-salario-minimo\/#primaryimage\"},\"image\":{\"@id\":\"https:\/\/apuntesdesanluis.com\/index.php\/2023\/07\/15\/mas-de-un-millon-de-jubilados-y-pensionados-cobraran-un-adicional-por-el-aumento-del-salario-minimo\/#primaryimage\"},\"thumbnailUrl\":\"https:\/\/apuntesdesanluis.com\/wp-content\/uploads\/2023\/07\/jubilados.jpg\",\"datePublished\":\"2023-07-15T22:33:28+00:00\",\"dateModified\":\"2023-07-17T03:43:54+00:00\",\"breadcrumb\":{\"@id\":\"https:\/\/apuntesdesanluis.com\/index.php\/2023\/07\/15\/mas-de-un-millon-de-jubilados-y-pensionados-cobraran-un-adicional-por-el-aumento-del-salario-minimo\/#breadcrumb\"},\"inLanguage\":\"es-AR\",\"potentialAction\":[{\"@type\":\"ReadAction\",\"target\":[\"https:\/\/apuntesdesanluis.com\/index.php\/2023\/07\/15\/mas-de-un-millon-de-jubilados-y-pensionados-cobraran-un-adicional-por-el-aumento-del-salario-minimo\/\"]}]},{\"@type\":\"ImageObject\",\"inLanguage\":\"es-AR\",\"@id\":\"https:\/\/apuntesdesanluis.com\/index.php\/2023\/07\/15\/mas-de-un-millon-de-jubilados-y-pensionados-cobraran-un-adicional-por-el-aumento-del-salario-minimo\/#primaryimage\",\"url\":\"https:\/\/apuntesdesanluis.com\/wp-content\/uploads\/2023\/07\/jubilados.jpg\",\"contentUrl\":\"https:\/\/apuntesdesanluis.com\/wp-content\/uploads\/2023\/07\/jubilados.jpg\",\"width\":638,\"height\":423},{\"@type\":\"BreadcrumbList\",\"@id\":\"https:\/\/apuntesdesanluis.com\/index.php\/2023\/07\/15\/mas-de-un-millon-de-jubilados-y-pensionados-cobraran-un-adicional-por-el-aumento-del-salario-minimo\/#breadcrumb\",\"itemListElement\":[{\"@type\":\"ListItem\",\"position\":1,\"name\":\"Inicio\",\"item\":\"https:\/\/apuntesdesanluis.com\/\"},{\"@type\":\"ListItem\",\"position\":2,\"name\":\"M\u00c1S DE UN MILL\u00d3N DE JUBILADOS Y PENSIONADOS COBRAR\u00c1N UN ADICIONAL POR EL AUMENTO DEL SALARIO M\u00cdNIMO\"}]},{\"@type\":\"WebSite\",\"@id\":\"https:\/\/apuntesdesanluis.com\/#website\",\"url\":\"https:\/\/apuntesdesanluis.com\/\",\"name\":\"Apuntes de San Luis\",\"description\":\"\",\"publisher\":{\"@id\":\"https:\/\/apuntesdesanluis.com\/#\/schema\/person\/b55151d52296fcce64d1a72538a70b90\"},\"potentialAction\":[{\"@type\":\"SearchAction\",\"target\":{\"@type\":\"EntryPoint\",\"urlTemplate\":\"https:\/\/apuntesdesanluis.com\/?s={search_term_string}\"},\"query-input\":{\"@type\":\"PropertyValueSpecification\",\"valueRequired\":true,\"valueName\":\"search_term_string\"}}],\"inLanguage\":\"es-AR\"},{\"@type\":[\"Person\",\"Organization\"],\"@id\":\"https:\/\/apuntesdesanluis.com\/#\/schema\/person\/b55151d52296fcce64d1a72538a70b90\",\"name\":\"apuntesdesanluis.com\",\"image\":{\"@type\":\"ImageObject\",\"inLanguage\":\"es-AR\",\"@id\":\"https:\/\/apuntesdesanluis.com\/#\/schema\/person\/image\/\",\"url\":\"https:\/\/apuntesdesanluis.com\/wp-content\/uploads\/2023\/07\/cropped-apuntesdesanluis.png\",\"contentUrl\":\"https:\/\/apuntesdesanluis.com\/wp-content\/uploads\/2023\/07\/cropped-apuntesdesanluis.png\",\"width\":450,\"height\":112,\"caption\":\"apuntesdesanluis.com\"},\"logo\":{\"@id\":\"https:\/\/apuntesdesanluis.com\/#\/schema\/person\/image\/\"},\"sameAs\":[\"https:\/\/apuntesdesanluis.com\"],\"url\":\"https:\/\/apuntesdesanluis.com\/index.php\/author\/apuntesdesanluis-com\/\"}]}<\/script>\n<!-- \/ Yoast SEO plugin. -->","yoast_head_json":{"title":"M\u00c1S DE UN MILL\u00d3N DE JUBILADOS Y PENSIONADOS COBRAR\u00c1N UN ADICIONAL POR EL AUMENTO DEL SALARIO M\u00cdNIMO - Apuntes de San Luis","robots":{"index":"index","follow":"follow","max-snippet":"max-snippet:-1","max-image-preview":"max-image-preview:large","max-video-preview":"max-video-preview:-1"},"canonical":"https:\/\/apuntesdesanluis.com\/index.php\/2023\/07\/15\/mas-de-un-millon-de-jubilados-y-pensionados-cobraran-un-adicional-por-el-aumento-del-salario-minimo\/","og_locale":"es_ES","og_type":"article","og_title":"M\u00c1S DE UN MILL\u00d3N DE JUBILADOS Y PENSIONADOS COBRAR\u00c1N UN ADICIONAL POR EL AUMENTO DEL SALARIO M\u00cdNIMO - Apuntes de San Luis","og_description":"Alrededor de 1,4 millones de jubilados y pensionados que cumplieron con los 30 a\u00f1os o...","og_url":"https:\/\/apuntesdesanluis.com\/index.php\/2023\/07\/15\/mas-de-un-millon-de-jubilados-y-pensionados-cobraran-un-adicional-por-el-aumento-del-salario-minimo\/","og_site_name":"Apuntes de San Luis","article_published_time":"2023-07-15T22:33:28+00:00","article_modified_time":"2023-07-17T03:43:54+00:00","og_image":[{"width":638,"height":423,"url":"https:\/\/apuntesdesanluis.com\/wp-content\/uploads\/2023\/07\/jubilados.jpg","type":"image\/jpeg"}],"author":"apuntesdesanluis.com","twitter_card":"summary_large_image","twitter_misc":{"Escrito por":"apuntesdesanluis.com","Tiempo de lectura":"2 minutos"},"schema":{"@context":"https:\/\/schema.org","@graph":[{"@type":"Article","@id":"https:\/\/apuntesdesanluis.com\/index.php\/2023\/07\/15\/mas-de-un-millon-de-jubilados-y-pensionados-cobraran-un-adicional-por-el-aumento-del-salario-minimo\/#article","isPartOf":{"@id":"https:\/\/apuntesdesanluis.com\/index.php\/2023\/07\/15\/mas-de-un-millon-de-jubilados-y-pensionados-cobraran-un-adicional-por-el-aumento-del-salario-minimo\/"},"author":{"name":"apuntesdesanluis.com","@id":"https:\/\/apuntesdesanluis.com\/#\/schema\/person\/b55151d52296fcce64d1a72538a70b90"},"headline":"M\u00c1S DE UN MILL\u00d3N DE JUBILADOS Y PENSIONADOS COBRAR\u00c1N UN ADICIONAL POR EL AUMENTO DEL SALARIO M\u00cdNIMO","datePublished":"2023-07-15T22:33:28+00:00","dateModified":"2023-07-17T03:43:54+00:00","mainEntityOfPage":{"@id":"https:\/\/apuntesdesanluis.com\/index.php\/2023\/07\/15\/mas-de-un-millon-de-jubilados-y-pensionados-cobraran-un-adicional-por-el-aumento-del-salario-minimo\/"},"wordCount":370,"publisher":{"@id":"https:\/\/apuntesdesanluis.com\/#\/schema\/person\/b55151d52296fcce64d1a72538a70b90"},"image":{"@id":"https:\/\/apuntesdesanluis.com\/index.php\/2023\/07\/15\/mas-de-un-millon-de-jubilados-y-pensionados-cobraran-un-adicional-por-el-aumento-del-salario-minimo\/#primaryimage"},"thumbnailUrl":"https:\/\/apuntesdesanluis.com\/wp-content\/uploads\/2023\/07\/jubilados.jpg","articleSection":["Nacionales\/Internacionales"],"inLanguage":"es-AR"},{"@type":"WebPage","@id":"https:\/\/apuntesdesanluis.com\/index.php\/2023\/07\/15\/mas-de-un-millon-de-jubilados-y-pensionados-cobraran-un-adicional-por-el-aumento-del-salario-minimo\/","url":"https:\/\/apuntesdesanluis.com\/index.php\/2023\/07\/15\/mas-de-un-millon-de-jubilados-y-pensionados-cobraran-un-adicional-por-el-aumento-del-salario-minimo\/","name":"M\u00c1S DE UN MILL\u00d3N DE JUBILADOS Y PENSIONADOS COBRAR\u00c1N UN ADICIONAL POR EL AUMENTO DEL SALARIO M\u00cdNIMO - Apuntes de San Luis","isPartOf":{"@id":"https:\/\/apuntesdesanluis.com\/#website"},"primaryImageOfPage":{"@id":"https:\/\/apuntesdesanluis.com\/index.php\/2023\/07\/15\/mas-de-un-millon-de-jubilados-y-pensionados-cobraran-un-adicional-por-el-aumento-del-salario-minimo\/#primaryimage"},"image":{"@id":"https:\/\/apuntesdesanluis.com\/index.php\/2023\/07\/15\/mas-de-un-millon-de-jubilados-y-pensionados-cobraran-un-adicional-por-el-aumento-del-salario-minimo\/#primaryimage"},"thumbnailUrl":"https:\/\/apuntesdesanluis.com\/wp-content\/uploads\/2023\/07\/jubilados.jpg","datePublished":"2023-07-15T22:33:28+00:00","dateModified":"2023-07-17T03:43:54+00:00","breadcrumb":{"@id":"https:\/\/apuntesdesanluis.com\/index.php\/2023\/07\/15\/mas-de-un-millon-de-jubilados-y-pensionados-cobraran-un-adicional-por-el-aumento-del-salario-minimo\/#breadcrumb"},"inLanguage":"es-AR","potentialAction":[{"@type":"ReadAction","target":["https:\/\/apuntesdesanluis.com\/index.php\/2023\/07\/15\/mas-de-un-millon-de-jubilados-y-pensionados-cobraran-un-adicional-por-el-aumento-del-salario-minimo\/"]}]},{"@type":"ImageObject","inLanguage":"es-AR","@id":"https:\/\/apuntesdesanluis.com\/index.php\/2023\/07\/15\/mas-de-un-millon-de-jubilados-y-pensionados-cobraran-un-adicional-por-el-aumento-del-salario-minimo\/#primaryimage","url":"https:\/\/apuntesdesanluis.com\/wp-content\/uploads\/2023\/07\/jubilados.jpg","contentUrl":"https:\/\/apuntesdesanluis.com\/wp-content\/uploads\/2023\/07\/jubilados.jpg","width":638,"height":423},{"@type":"BreadcrumbList","@id":"https:\/\/apuntesdesanluis.com\/index.php\/2023\/07\/15\/mas-de-un-millon-de-jubilados-y-pensionados-cobraran-un-adicional-por-el-aumento-del-salario-minimo\/#breadcrumb","itemListElement":[{"@type":"ListItem","position":1,"name":"Inicio","item":"https:\/\/apuntesdesanluis.com\/"},{"@type":"ListItem","position":2,"name":"M\u00c1S DE UN MILL\u00d3N DE JUBILADOS Y PENSIONADOS COBRAR\u00c1N UN ADICIONAL POR EL AUMENTO DEL SALARIO M\u00cdNIMO"}]},{"@type":"WebSite","@id":"https:\/\/apuntesdesanluis.com\/#website","url":"https:\/\/apuntesdesanluis.com\/","name":"Apuntes de San Luis","description":"","publisher":{"@id":"https:\/\/apuntesdesanluis.com\/#\/schema\/person\/b55151d52296fcce64d1a72538a70b90"},"potentialAction":[{"@type":"SearchAction","target":{"@type":"EntryPoint","urlTemplate":"https:\/\/apuntesdesanluis.com\/?s={search_term_string}"},"query-input":{"@type":"PropertyValueSpecification","valueRequired":true,"valueName":"search_term_string"}}],"inLanguage":"es-AR"},{"@type":["Person","Organization"],"@id":"https:\/\/apuntesdesanluis.com\/#\/schema\/person\/b55151d52296fcce64d1a72538a70b90","name":"apuntesdesanluis.com","image":{"@type":"ImageObject","inLanguage":"es-AR","@id":"https:\/\/apuntesdesanluis.com\/#\/schema\/person\/image\/","url":"https:\/\/apuntesdesanluis.com\/wp-content\/uploads\/2023\/07\/cropped-apuntesdesanluis.png","contentUrl":"https:\/\/apuntesdesanluis.com\/wp-content\/uploads\/2023\/07\/cropped-apuntesdesanluis.png","width":450,"height":112,"caption":"apuntesdesanluis.com"},"logo":{"@id":"https:\/\/apuntesdesanluis.com\/#\/schema\/person\/image\/"},"sameAs":["https:\/\/apuntesdesanluis.com"],"url":"https:\/\/apuntesdesanluis.com\/index.php\/author\/apuntesdesanluis-com\/"}]}},"featured_image_urls":{"full":["https:\/\/apuntesdesanluis.com\/wp-content\/uploads\/2023\/07\/jubilados.jpg",638,423,false],"thumbnail":["https:\/\/apuntesdesanluis.com\/wp-content\/uploads\/2023\/07\/jubilados-150x150.jpg",150,150,true],"medium":["https:\/\/apuntesdesanluis.com\/wp-content\/uploads\/2023\/07\/jubilados-300x199.jpg",300,199,true],"medium_large":["https:\/\/apuntesdesanluis.com\/wp-content\/uploads\/2023\/07\/jubilados.jpg",638,423,false],"large":["https:\/\/apuntesdesanluis.com\/wp-content\/uploads\/2023\/07\/jubilados.jpg",638,423,false],"1536x1536":["https:\/\/apuntesdesanluis.com\/wp-content\/uploads\/2023\/07\/jubilados.jpg",638,423,false],"2048x2048":["https:\/\/apuntesdesanluis.com\/wp-content\/uploads\/2023\/07\/jubilados.jpg",638,423,false],"newsever-slider-full":["https:\/\/apuntesdesanluis.com\/wp-content\/uploads\/2023\/07\/jubilados.jpg",638,423,false],"newsever-featured":["https:\/\/apuntesdesanluis.com\/wp-content\/uploads\/2023\/07\/jubilados.jpg",638,423,false],"newsever-medium":["https:\/\/apuntesdesanluis.com\/wp-content\/uploads\/2023\/07\/jubilados.jpg",638,423,false]},"author_info":{"display_name":"apuntesdesanluis.com","author_link":"https:\/\/apuntesdesanluis.com\/index.php\/author\/apuntesdesanluis-com\/"},"category_info":"<a href=\"https:\/\/apuntesdesanluis.com\/index.php\/category\/nacionales-internacionales\/\" rel=\"category tag\">Nacionales\/Internacionales<\/a>","tag_info":"Nacionales\/Internacionales","comment_count":"0","_links":{"self":[{"href":"https:\/\/apuntesdesanluis.com\/index.php\/wp-json\/wp\/v2\/posts\/19","targetHints":{"allow":["GET"]}}],"collection":[{"href":"https:\/\/apuntesdesanluis.com\/index.php\/wp-json\/wp\/v2\/posts"}],"about":[{"href":"https:\/\/apuntesdesanluis.com\/index.php\/wp-json\/wp\/v2\/types\/post"}],"author":[{"embeddable":true,"href":"https:\/\/apuntesdesanluis.com\/index.php\/wp-json\/wp\/v2\/users\/1"}],"replies":[{"embeddable":true,"href":"https:\/\/apuntesdesanluis.com\/index.php\/wp-json\/wp\/v2\/comments?post=19"}],"version-history":[{"count":0,"href":"https:\/\/apuntesdesanluis.com\/index.php\/wp-json\/wp\/v2\/posts\/19\/revisions"}],"wp:featuredmedia":[{"embeddable":true,"href":"https:\/\/apuntesdesanluis.com\/index.php\/wp-json\/wp\/v2\/media\/20"}],"wp:attachment":[{"href":"https:\/\/apuntesdesanluis.com\/index.php\/wp-json\/wp\/v2\/media?parent=19"}],"wp:term":[{"taxonomy":"category","embeddable":true,"href":"https:\/\/apuntesdesanluis.com\/index.php\/wp-json\/wp\/v2\/categories?post=19"},{"taxonomy":"post_tag","embeddable":true,"href":"https:\/\/apuntesdesanluis.com\/index.php\/wp-json\/wp\/v2\/tags?post=19"}],"curies":[{"name":"wp","href":"https:\/\/api.w.org\/{rel}","templated":true}]}}