{"id":1900,"date":"2023-08-22T12:37:41","date_gmt":"2023-08-22T15:37:41","guid":{"rendered":"https:\/\/apuntesdesanluis.com\/?p=1900"},"modified":"2023-08-22T12:40:02","modified_gmt":"2023-08-22T15:40:02","slug":"creen-que-el-incendio-comenzo-en-la-casa-del-dirigente-raul-laborda","status":"publish","type":"post","link":"https:\/\/apuntesdesanluis.com\/index.php\/2023\/08\/22\/creen-que-el-incendio-comenzo-en-la-casa-del-dirigente-raul-laborda\/","title":{"rendered":"CREEN QUE EL INCENDIO COMENZ\u00d3 EN LA CASA DEL DIRIGENTE RA\u00daL LABORDA"},"content":{"rendered":"<h3>De acuerdo a la informaci\u00f3n recabada por los bomberos voluntarios y el intendente de Potrero de Los Funes, <strong>Dami\u00e1n G\u00f3mez<\/strong>, el fuego comenz\u00f3 en una propiedad ubicada a la vera del circuito, cerca del acceso A1. Esa vivienda pertenece a la familia <strong>Laborda Ibarra<\/strong>.<\/h3>\n<h3>As\u00ed lo reiter\u00f3 el propio ex diputado provincial, en di\u00e1logo con el colega <strong>Eduardo Olivares<\/strong>, de FM Ciudad de San Luis.<\/h3>\n<h3>La casa estaba vac\u00eda el lunes antes del mediod\u00eda, cuando los bomberos recibieron la alerta por el incendio forestal.<\/h3>\n<h3>Las llamas comenzaron en una enredadera pegada a la casa, pero, por la direcci\u00f3n del viento, se fue hacia los pastizales de alrededor en direcci\u00f3n a El Volc\u00e1n.<\/h3>\n<h3>Pese al r\u00e1pido accionar de los bomberos, las fuertes r\u00e1fagas de viento propagaron el fuego y demand\u00f3 una ardua tarea de varias dotaciones, que reci\u00e9n en la noche pudieron terminar de controlar el incendio.<\/h3>\n<h3>El siniestro \u201cpas\u00f3\u201d hacia El Volc\u00e1n y luego dio vuelta, otra vez por el viento.<\/h3>\n<h3>\u201cMe llama mi t\u00eda, hermana de mi madre, que tiene una propiedad a unos 150 metros, y me dice que se estaba quemando mi casa\u201d, cont\u00f3 Ra\u00fal Laborda, uno de propietarios de la vivienda en la que se origin\u00f3 el fuego.<\/h3>\n<h3>El periodista y dirigente pol\u00edtico detall\u00f3 que a los 15 minutos estaba en el lugar y observ\u00f3 que las llamas devoraban todos los pastizales.<\/h3>\n<p><iframe title=\"Bomberos combaten las llamas frente al Hotel Internacional del Potrero y en El Volc\u00e1n\" width=\"640\" height=\"360\" src=\"https:\/\/www.youtube.com\/embed\/0OOPkYKhJR4?feature=oembed\" frameborder=\"0\" allow=\"accelerometer; autoplay; clipboard-write; encrypted-media; gyroscope; picture-in-picture; web-share\" referrerpolicy=\"strict-origin-when-cross-origin\" allowfullscreen><\/iframe><\/p>\n<h3>\u201cUno de los chicos del carrito de comidas que est\u00e1 en la curva dijo que vio a un chico salir de la propiedad, por un costado, cuando comenz\u00f3 el fuego\u201d, relat\u00f3 Laborda. \u201cLo primero que dije cuando vi el fuego en la parra cerca de la casa fue que ser\u00e1 alguno que no me quiere\u201d, a\u00f1adi\u00f3.<\/h3>\n<p><img fetchpriority=\"high\" decoding=\"async\" class=\"wp-image-1902 aligncenter\" src=\"https:\/\/apuntesdesanluis.com\/wp-content\/uploads\/2023\/08\/PIBE-300x185.jpg\" alt=\"\" width=\"534\" height=\"329\" srcset=\"https:\/\/apuntesdesanluis.com\/wp-content\/uploads\/2023\/08\/PIBE-300x185.jpg 300w, https:\/\/apuntesdesanluis.com\/wp-content\/uploads\/2023\/08\/PIBE.jpg 428w\" sizes=\"(max-width: 534px) 100vw, 534px\" \/><\/p>\n<h4 style=\"text-align: center;\"><em>Imagen que trascendi\u00f3 del supuesto autor que origin\u00f3 los voraces incendios.<\/em><\/h4>\n","protected":false},"excerpt":{"rendered":"<p>De acuerdo a la informaci\u00f3n recabada por los bomberos voluntarios y el intendente de Potrero&#8230;<\/p>\n","protected":false},"author":1,"featured_media":1905,"comment_status":"closed","ping_status":"closed","sticky":false,"template":"","format":"standard","meta":{"footnotes":""},"categories":[6],"tags":[],"class_list":["post-1900","post","type-post","status-publish","format-standard","has-post-thumbnail","hentry","category-ciudad-provincia"],"yoast_head":"<!-- This site is optimized with the Yoast SEO plugin v26.1.1 - https:\/\/yoast.com\/wordpress\/plugins\/seo\/ -->\n<title>CREEN QUE EL INCENDIO COMENZ\u00d3 EN LA CASA DEL DIRIGENTE RA\u00daL LABORDA - Apuntes de San Luis<\/title>\n<meta name=\"robots\" content=\"index, follow, max-snippet:-1, max-image-preview:large, max-video-preview:-1\" \/>\n<link rel=\"canonical\" href=\"https:\/\/apuntesdesanluis.com\/index.php\/2023\/08\/22\/creen-que-el-incendio-comenzo-en-la-casa-del-dirigente-raul-laborda\/\" \/>\n<meta property=\"og:locale\" content=\"es_ES\" \/>\n<meta property=\"og:type\" content=\"article\" \/>\n<meta property=\"og:title\" content=\"CREEN QUE EL INCENDIO COMENZ\u00d3 EN LA CASA DEL DIRIGENTE RA\u00daL LABORDA - Apuntes de San Luis\" \/>\n<meta property=\"og:description\" content=\"De acuerdo a la informaci\u00f3n recabada por los bomberos voluntarios y el intendente de Potrero...\" \/>\n<meta property=\"og:url\" content=\"https:\/\/apuntesdesanluis.com\/index.php\/2023\/08\/22\/creen-que-el-incendio-comenzo-en-la-casa-del-dirigente-raul-laborda\/\" \/>\n<meta property=\"og:site_name\" content=\"Apuntes de San Luis\" \/>\n<meta property=\"article:published_time\" content=\"2023-08-22T15:37:41+00:00\" \/>\n<meta property=\"article:modified_time\" content=\"2023-08-22T15:40:02+00:00\" \/>\n<meta property=\"og:image\" content=\"https:\/\/apuntesdesanluis.com\/wp-content\/uploads\/2023\/08\/CASA-1.png\" \/>\n\t<meta property=\"og:image:width\" content=\"650\" \/>\n\t<meta property=\"og:image:height\" content=\"393\" \/>\n\t<meta property=\"og:image:type\" content=\"image\/png\" \/>\n<meta name=\"author\" content=\"apuntesdesanluis.com\" \/>\n<meta name=\"twitter:card\" content=\"summary_large_image\" \/>\n<meta name=\"twitter:label1\" content=\"Escrito por\" \/>\n\t<meta name=\"twitter:data1\" content=\"apuntesdesanluis.com\" \/>\n\t<meta name=\"twitter:label2\" content=\"Tiempo de lectura\" \/>\n\t<meta name=\"twitter:data2\" content=\"2 minutos\" \/>\n<script type=\"application\/ld+json\" class=\"yoast-schema-graph\">{\"@context\":\"https:\/\/schema.org\",\"@graph\":[{\"@type\":\"Article\",\"@id\":\"https:\/\/apuntesdesanluis.com\/index.php\/2023\/08\/22\/creen-que-el-incendio-comenzo-en-la-casa-del-dirigente-raul-laborda\/#article\",\"isPartOf\":{\"@id\":\"https:\/\/apuntesdesanluis.com\/index.php\/2023\/08\/22\/creen-que-el-incendio-comenzo-en-la-casa-del-dirigente-raul-laborda\/\"},\"author\":{\"name\":\"apuntesdesanluis.com\",\"@id\":\"https:\/\/apuntesdesanluis.com\/#\/schema\/person\/b55151d52296fcce64d1a72538a70b90\"},\"headline\":\"CREEN QUE EL INCENDIO COMENZ\u00d3 EN LA CASA DEL DIRIGENTE RA\u00daL LABORDA\",\"datePublished\":\"2023-08-22T15:37:41+00:00\",\"dateModified\":\"2023-08-22T15:40:02+00:00\",\"mainEntityOfPage\":{\"@id\":\"https:\/\/apuntesdesanluis.com\/index.php\/2023\/08\/22\/creen-que-el-incendio-comenzo-en-la-casa-del-dirigente-raul-laborda\/\"},\"wordCount\":327,\"publisher\":{\"@id\":\"https:\/\/apuntesdesanluis.com\/#\/schema\/person\/b55151d52296fcce64d1a72538a70b90\"},\"image\":{\"@id\":\"https:\/\/apuntesdesanluis.com\/index.php\/2023\/08\/22\/creen-que-el-incendio-comenzo-en-la-casa-del-dirigente-raul-laborda\/#primaryimage\"},\"thumbnailUrl\":\"https:\/\/apuntesdesanluis.com\/wp-content\/uploads\/2023\/08\/CASA-1.png\",\"articleSection\":[\"Ciudad\/Provincia\"],\"inLanguage\":\"es-AR\"},{\"@type\":\"WebPage\",\"@id\":\"https:\/\/apuntesdesanluis.com\/index.php\/2023\/08\/22\/creen-que-el-incendio-comenzo-en-la-casa-del-dirigente-raul-laborda\/\",\"url\":\"https:\/\/apuntesdesanluis.com\/index.php\/2023\/08\/22\/creen-que-el-incendio-comenzo-en-la-casa-del-dirigente-raul-laborda\/\",\"name\":\"CREEN QUE EL INCENDIO COMENZ\u00d3 EN LA CASA DEL DIRIGENTE RA\u00daL LABORDA - Apuntes de San Luis\",\"isPartOf\":{\"@id\":\"https:\/\/apuntesdesanluis.com\/#website\"},\"primaryImageOfPage\":{\"@id\":\"https:\/\/apuntesdesanluis.com\/index.php\/2023\/08\/22\/creen-que-el-incendio-comenzo-en-la-casa-del-dirigente-raul-laborda\/#primaryimage\"},\"image\":{\"@id\":\"https:\/\/apuntesdesanluis.com\/index.php\/2023\/08\/22\/creen-que-el-incendio-comenzo-en-la-casa-del-dirigente-raul-laborda\/#primaryimage\"},\"thumbnailUrl\":\"https:\/\/apuntesdesanluis.com\/wp-content\/uploads\/2023\/08\/CASA-1.png\",\"datePublished\":\"2023-08-22T15:37:41+00:00\",\"dateModified\":\"2023-08-22T15:40:02+00:00\",\"breadcrumb\":{\"@id\":\"https:\/\/apuntesdesanluis.com\/index.php\/2023\/08\/22\/creen-que-el-incendio-comenzo-en-la-casa-del-dirigente-raul-laborda\/#breadcrumb\"},\"inLanguage\":\"es-AR\",\"potentialAction\":[{\"@type\":\"ReadAction\",\"target\":[\"https:\/\/apuntesdesanluis.com\/index.php\/2023\/08\/22\/creen-que-el-incendio-comenzo-en-la-casa-del-dirigente-raul-laborda\/\"]}]},{\"@type\":\"ImageObject\",\"inLanguage\":\"es-AR\",\"@id\":\"https:\/\/apuntesdesanluis.com\/index.php\/2023\/08\/22\/creen-que-el-incendio-comenzo-en-la-casa-del-dirigente-raul-laborda\/#primaryimage\",\"url\":\"https:\/\/apuntesdesanluis.com\/wp-content\/uploads\/2023\/08\/CASA-1.png\",\"contentUrl\":\"https:\/\/apuntesdesanluis.com\/wp-content\/uploads\/2023\/08\/CASA-1.png\",\"width\":650,\"height\":393},{\"@type\":\"BreadcrumbList\",\"@id\":\"https:\/\/apuntesdesanluis.com\/index.php\/2023\/08\/22\/creen-que-el-incendio-comenzo-en-la-casa-del-dirigente-raul-laborda\/#breadcrumb\",\"itemListElement\":[{\"@type\":\"ListItem\",\"position\":1,\"name\":\"Inicio\",\"item\":\"https:\/\/apuntesdesanluis.com\/\"},{\"@type\":\"ListItem\",\"position\":2,\"name\":\"CREEN QUE EL INCENDIO COMENZ\u00d3 EN LA CASA DEL DIRIGENTE RA\u00daL LABORDA\"}]},{\"@type\":\"WebSite\",\"@id\":\"https:\/\/apuntesdesanluis.com\/#website\",\"url\":\"https:\/\/apuntesdesanluis.com\/\",\"name\":\"Apuntes de San Luis\",\"description\":\"\",\"publisher\":{\"@id\":\"https:\/\/apuntesdesanluis.com\/#\/schema\/person\/b55151d52296fcce64d1a72538a70b90\"},\"potentialAction\":[{\"@type\":\"SearchAction\",\"target\":{\"@type\":\"EntryPoint\",\"urlTemplate\":\"https:\/\/apuntesdesanluis.com\/?s={search_term_string}\"},\"query-input\":{\"@type\":\"PropertyValueSpecification\",\"valueRequired\":true,\"valueName\":\"search_term_string\"}}],\"inLanguage\":\"es-AR\"},{\"@type\":[\"Person\",\"Organization\"],\"@id\":\"https:\/\/apuntesdesanluis.com\/#\/schema\/person\/b55151d52296fcce64d1a72538a70b90\",\"name\":\"apuntesdesanluis.com\",\"image\":{\"@type\":\"ImageObject\",\"inLanguage\":\"es-AR\",\"@id\":\"https:\/\/apuntesdesanluis.com\/#\/schema\/person\/image\/\",\"url\":\"https:\/\/apuntesdesanluis.com\/wp-content\/uploads\/2023\/07\/cropped-apuntesdesanluis.png\",\"contentUrl\":\"https:\/\/apuntesdesanluis.com\/wp-content\/uploads\/2023\/07\/cropped-apuntesdesanluis.png\",\"width\":450,\"height\":112,\"caption\":\"apuntesdesanluis.com\"},\"logo\":{\"@id\":\"https:\/\/apuntesdesanluis.com\/#\/schema\/person\/image\/\"},\"sameAs\":[\"https:\/\/apuntesdesanluis.com\"],\"url\":\"https:\/\/apuntesdesanluis.com\/index.php\/author\/apuntesdesanluis-com\/\"}]}<\/script>\n<!-- \/ Yoast SEO plugin. -->","yoast_head_json":{"title":"CREEN QUE EL INCENDIO COMENZ\u00d3 EN LA CASA DEL DIRIGENTE RA\u00daL LABORDA - Apuntes de San Luis","robots":{"index":"index","follow":"follow","max-snippet":"max-snippet:-1","max-image-preview":"max-image-preview:large","max-video-preview":"max-video-preview:-1"},"canonical":"https:\/\/apuntesdesanluis.com\/index.php\/2023\/08\/22\/creen-que-el-incendio-comenzo-en-la-casa-del-dirigente-raul-laborda\/","og_locale":"es_ES","og_type":"article","og_title":"CREEN QUE EL INCENDIO COMENZ\u00d3 EN LA CASA DEL DIRIGENTE RA\u00daL LABORDA - Apuntes de San Luis","og_description":"De acuerdo a la informaci\u00f3n recabada por los bomberos voluntarios y el intendente de Potrero...","og_url":"https:\/\/apuntesdesanluis.com\/index.php\/2023\/08\/22\/creen-que-el-incendio-comenzo-en-la-casa-del-dirigente-raul-laborda\/","og_site_name":"Apuntes de San Luis","article_published_time":"2023-08-22T15:37:41+00:00","article_modified_time":"2023-08-22T15:40:02+00:00","og_image":[{"width":650,"height":393,"url":"https:\/\/apuntesdesanluis.com\/wp-content\/uploads\/2023\/08\/CASA-1.png","type":"image\/png"}],"author":"apuntesdesanluis.com","twitter_card":"summary_large_image","twitter_misc":{"Escrito por":"apuntesdesanluis.com","Tiempo de lectura":"2 minutos"},"schema":{"@context":"https:\/\/schema.org","@graph":[{"@type":"Article","@id":"https:\/\/apuntesdesanluis.com\/index.php\/2023\/08\/22\/creen-que-el-incendio-comenzo-en-la-casa-del-dirigente-raul-laborda\/#article","isPartOf":{"@id":"https:\/\/apuntesdesanluis.com\/index.php\/2023\/08\/22\/creen-que-el-incendio-comenzo-en-la-casa-del-dirigente-raul-laborda\/"},"author":{"name":"apuntesdesanluis.com","@id":"https:\/\/apuntesdesanluis.com\/#\/schema\/person\/b55151d52296fcce64d1a72538a70b90"},"headline":"CREEN QUE EL INCENDIO COMENZ\u00d3 EN LA CASA DEL DIRIGENTE RA\u00daL LABORDA","datePublished":"2023-08-22T15:37:41+00:00","dateModified":"2023-08-22T15:40:02+00:00","mainEntityOfPage":{"@id":"https:\/\/apuntesdesanluis.com\/index.php\/2023\/08\/22\/creen-que-el-incendio-comenzo-en-la-casa-del-dirigente-raul-laborda\/"},"wordCount":327,"publisher":{"@id":"https:\/\/apuntesdesanluis.com\/#\/schema\/person\/b55151d52296fcce64d1a72538a70b90"},"image":{"@id":"https:\/\/apuntesdesanluis.com\/index.php\/2023\/08\/22\/creen-que-el-incendio-comenzo-en-la-casa-del-dirigente-raul-laborda\/#primaryimage"},"thumbnailUrl":"https:\/\/apuntesdesanluis.com\/wp-content\/uploads\/2023\/08\/CASA-1.png","articleSection":["Ciudad\/Provincia"],"inLanguage":"es-AR"},{"@type":"WebPage","@id":"https:\/\/apuntesdesanluis.com\/index.php\/2023\/08\/22\/creen-que-el-incendio-comenzo-en-la-casa-del-dirigente-raul-laborda\/","url":"https:\/\/apuntesdesanluis.com\/index.php\/2023\/08\/22\/creen-que-el-incendio-comenzo-en-la-casa-del-dirigente-raul-laborda\/","name":"CREEN QUE EL INCENDIO COMENZ\u00d3 EN LA CASA DEL DIRIGENTE RA\u00daL LABORDA - Apuntes de San Luis","isPartOf":{"@id":"https:\/\/apuntesdesanluis.com\/#website"},"primaryImageOfPage":{"@id":"https:\/\/apuntesdesanluis.com\/index.php\/2023\/08\/22\/creen-que-el-incendio-comenzo-en-la-casa-del-dirigente-raul-laborda\/#primaryimage"},"image":{"@id":"https:\/\/apuntesdesanluis.com\/index.php\/2023\/08\/22\/creen-que-el-incendio-comenzo-en-la-casa-del-dirigente-raul-laborda\/#primaryimage"},"thumbnailUrl":"https:\/\/apuntesdesanluis.com\/wp-content\/uploads\/2023\/08\/CASA-1.png","datePublished":"2023-08-22T15:37:41+00:00","dateModified":"2023-08-22T15:40:02+00:00","breadcrumb":{"@id":"https:\/\/apuntesdesanluis.com\/index.php\/2023\/08\/22\/creen-que-el-incendio-comenzo-en-la-casa-del-dirigente-raul-laborda\/#breadcrumb"},"inLanguage":"es-AR","potentialAction":[{"@type":"ReadAction","target":["https:\/\/apuntesdesanluis.com\/index.php\/2023\/08\/22\/creen-que-el-incendio-comenzo-en-la-casa-del-dirigente-raul-laborda\/"]}]},{"@type":"ImageObject","inLanguage":"es-AR","@id":"https:\/\/apuntesdesanluis.com\/index.php\/2023\/08\/22\/creen-que-el-incendio-comenzo-en-la-casa-del-dirigente-raul-laborda\/#primaryimage","url":"https:\/\/apuntesdesanluis.com\/wp-content\/uploads\/2023\/08\/CASA-1.png","contentUrl":"https:\/\/apuntesdesanluis.com\/wp-content\/uploads\/2023\/08\/CASA-1.png","width":650,"height":393},{"@type":"BreadcrumbList","@id":"https:\/\/apuntesdesanluis.com\/index.php\/2023\/08\/22\/creen-que-el-incendio-comenzo-en-la-casa-del-dirigente-raul-laborda\/#breadcrumb","itemListElement":[{"@type":"ListItem","position":1,"name":"Inicio","item":"https:\/\/apuntesdesanluis.com\/"},{"@type":"ListItem","position":2,"name":"CREEN QUE EL INCENDIO COMENZ\u00d3 EN LA CASA DEL DIRIGENTE RA\u00daL LABORDA"}]},{"@type":"WebSite","@id":"https:\/\/apuntesdesanluis.com\/#website","url":"https:\/\/apuntesdesanluis.com\/","name":"Apuntes de San Luis","description":"","publisher":{"@id":"https:\/\/apuntesdesanluis.com\/#\/schema\/person\/b55151d52296fcce64d1a72538a70b90"},"potentialAction":[{"@type":"SearchAction","target":{"@type":"EntryPoint","urlTemplate":"https:\/\/apuntesdesanluis.com\/?s={search_term_string}"},"query-input":{"@type":"PropertyValueSpecification","valueRequired":true,"valueName":"search_term_string"}}],"inLanguage":"es-AR"},{"@type":["Person","Organization"],"@id":"https:\/\/apuntesdesanluis.com\/#\/schema\/person\/b55151d52296fcce64d1a72538a70b90","name":"apuntesdesanluis.com","image":{"@type":"ImageObject","inLanguage":"es-AR","@id":"https:\/\/apuntesdesanluis.com\/#\/schema\/person\/image\/","url":"https:\/\/apuntesdesanluis.com\/wp-content\/uploads\/2023\/07\/cropped-apuntesdesanluis.png","contentUrl":"https:\/\/apuntesdesanluis.com\/wp-content\/uploads\/2023\/07\/cropped-apuntesdesanluis.png","width":450,"height":112,"caption":"apuntesdesanluis.com"},"logo":{"@id":"https:\/\/apuntesdesanluis.com\/#\/schema\/person\/image\/"},"sameAs":["https:\/\/apuntesdesanluis.com"],"url":"https:\/\/apuntesdesanluis.com\/index.php\/author\/apuntesdesanluis-com\/"}]}},"featured_image_urls":{"full":["https:\/\/apuntesdesanluis.com\/wp-content\/uploads\/2023\/08\/CASA-1.png",650,393,false],"thumbnail":["https:\/\/apuntesdesanluis.com\/wp-content\/uploads\/2023\/08\/CASA-1-150x150.png",150,150,true],"medium":["https:\/\/apuntesdesanluis.com\/wp-content\/uploads\/2023\/08\/CASA-1-300x181.png",300,181,true],"medium_large":["https:\/\/apuntesdesanluis.com\/wp-content\/uploads\/2023\/08\/CASA-1.png",640,387,false],"large":["https:\/\/apuntesdesanluis.com\/wp-content\/uploads\/2023\/08\/CASA-1.png",640,387,false],"1536x1536":["https:\/\/apuntesdesanluis.com\/wp-content\/uploads\/2023\/08\/CASA-1.png",650,393,false],"2048x2048":["https:\/\/apuntesdesanluis.com\/wp-content\/uploads\/2023\/08\/CASA-1.png",650,393,false],"newsever-slider-full":["https:\/\/apuntesdesanluis.com\/wp-content\/uploads\/2023\/08\/CASA-1.png",650,393,false],"newsever-featured":["https:\/\/apuntesdesanluis.com\/wp-content\/uploads\/2023\/08\/CASA-1.png",650,393,false],"newsever-medium":["https:\/\/apuntesdesanluis.com\/wp-content\/uploads\/2023\/08\/CASA-1.png",650,393,false]},"author_info":{"display_name":"apuntesdesanluis.com","author_link":"https:\/\/apuntesdesanluis.com\/index.php\/author\/apuntesdesanluis-com\/"},"category_info":"<a href=\"https:\/\/apuntesdesanluis.com\/index.php\/category\/ciudad-provincia\/\" rel=\"category tag\">Ciudad\/Provincia<\/a>","tag_info":"Ciudad\/Provincia","comment_count":"0","_links":{"self":[{"href":"https:\/\/apuntesdesanluis.com\/index.php\/wp-json\/wp\/v2\/posts\/1900","targetHints":{"allow":["GET"]}}],"collection":[{"href":"https:\/\/apuntesdesanluis.com\/index.php\/wp-json\/wp\/v2\/posts"}],"about":[{"href":"https:\/\/apuntesdesanluis.com\/index.php\/wp-json\/wp\/v2\/types\/post"}],"author":[{"embeddable":true,"href":"https:\/\/apuntesdesanluis.com\/index.php\/wp-json\/wp\/v2\/users\/1"}],"replies":[{"embeddable":true,"href":"https:\/\/apuntesdesanluis.com\/index.php\/wp-json\/wp\/v2\/comments?post=1900"}],"version-history":[{"count":2,"href":"https:\/\/apuntesdesanluis.com\/index.php\/wp-json\/wp\/v2\/posts\/1900\/revisions"}],"predecessor-version":[{"id":1903,"href":"https:\/\/apuntesdesanluis.com\/index.php\/wp-json\/wp\/v2\/posts\/1900\/revisions\/1903"}],"wp:featuredmedia":[{"embeddable":true,"href":"https:\/\/apuntesdesanluis.com\/index.php\/wp-json\/wp\/v2\/media\/1905"}],"wp:attachment":[{"href":"https:\/\/apuntesdesanluis.com\/index.php\/wp-json\/wp\/v2\/media?parent=1900"}],"wp:term":[{"taxonomy":"category","embeddable":true,"href":"https:\/\/apuntesdesanluis.com\/index.php\/wp-json\/wp\/v2\/categories?post=1900"},{"taxonomy":"post_tag","embeddable":true,"href":"https:\/\/apuntesdesanluis.com\/index.php\/wp-json\/wp\/v2\/tags?post=1900"}],"curies":[{"name":"wp","href":"https:\/\/api.w.org\/{rel}","templated":true}]}}