{"id":19005,"date":"2024-07-09T23:54:52","date_gmt":"2024-07-10T02:54:52","guid":{"rendered":"https:\/\/apuntesdesanluis.com\/?p=19005"},"modified":"2024-07-10T20:01:44","modified_gmt":"2024-07-10T23:01:44","slug":"el-procurador-ordeno-un-sumario-por-accidente-de-funcionario-judicial","status":"publish","type":"post","link":"https:\/\/apuntesdesanluis.com\/index.php\/2024\/07\/09\/el-procurador-ordeno-un-sumario-por-accidente-de-funcionario-judicial\/","title":{"rendered":"EL PROCURADOR ORDEN\u00d3 UN SUMARIO POR ACCIDENTE DE FUNCIONARIO JUDICIAL"},"content":{"rendered":"<h3>As\u00ed lo confirm\u00f3 a <strong>Apuntes de San Luis<\/strong> el Procurador General de la provincia, <strong>Luis Martinez<\/strong>. Fue a ra\u00edz del accidente que tuvo como uno de los protagonistas al fiscal de C\u00e1mara de la Primera Circunscripci\u00f3n Judicial, <strong>Fernando Rodr\u00edguez.<\/strong><\/h3>\n<h3>El parte policial precis\u00f3 que este domingo, en horas de la madrugada, se produjo un accidente de tr\u00e1nsito entre dos veh\u00edculos en Villa Mercedes, espec\u00edficamente en la intersecci\u00f3n de las calles Santiago Betbeder y Sargento Baigorria.<\/h3>\n<h3>Los veh\u00edculos involucrados fueron una camioneta Isuzu, conducida por un hombre de 25 a\u00f1os de apellido Funes; y un auto Citro\u00ebn C4 Lounge, conducido por el fiscal Fernando Rodr\u00edguez, de 63 a\u00f1os.<\/h3>\n<p><img fetchpriority=\"high\" decoding=\"async\" class=\"wp-image-19007 aligncenter\" src=\"https:\/\/apuntesdesanluis.com\/wp-content\/uploads\/2024\/07\/chulo-camioneta-300x169.jpg\" alt=\"\" width=\"579\" height=\"326\" srcset=\"https:\/\/apuntesdesanluis.com\/wp-content\/uploads\/2024\/07\/chulo-camioneta-300x169.jpg 300w, https:\/\/apuntesdesanluis.com\/wp-content\/uploads\/2024\/07\/chulo-camioneta.jpg 600w\" sizes=\"(max-width: 579px) 100vw, 579px\" \/><\/p>\n<h3>De acuerdo a las averiguaciones, la camioneta circulaba de oeste a este por Santiago Betbeder y fue colisionada por el auto que ven\u00eda en contramano, de sur a norte, por Sargento Baigorria.<\/h3>\n<p><img decoding=\"async\" class=\"wp-image-19008 aligncenter\" src=\"https:\/\/apuntesdesanluis.com\/wp-content\/uploads\/2024\/07\/chulo-auto-300x198.jpg\" alt=\"\" width=\"579\" height=\"382\" srcset=\"https:\/\/apuntesdesanluis.com\/wp-content\/uploads\/2024\/07\/chulo-auto-300x198.jpg 300w, https:\/\/apuntesdesanluis.com\/wp-content\/uploads\/2024\/07\/chulo-auto.jpg 600w\" sizes=\"(max-width: 579px) 100vw, 579px\" \/><\/p>\n<h3>El impacto se produjo en la parte trasera derecha de la camioneta, espec\u00edficamente en la zona del guardabarro y la rueda derecha.<\/h3>\n<h3>Tras el accidente se constat\u00f3 que ninguna de las partes requiri\u00f3 de asistencia m\u00e9dica.<\/h3>\n<h3>Asimismo, personal de Accidentolog\u00eda Vial realiz\u00f3 el alcotest al ciudadano Rodr\u00edguez, arrojando como resultado 2.12 gr\/lts de alcohol en sangre.<\/h3>\n<p><img decoding=\"async\" class=\"wp-image-19012 aligncenter\" src=\"https:\/\/apuntesdesanluis.com\/wp-content\/uploads\/2024\/07\/chulo-300x228.png\" alt=\"\" width=\"576\" height=\"438\" srcset=\"https:\/\/apuntesdesanluis.com\/wp-content\/uploads\/2024\/07\/chulo-300x228.png 300w, https:\/\/apuntesdesanluis.com\/wp-content\/uploads\/2024\/07\/chulo.png 596w\" sizes=\"(max-width: 576px) 100vw, 576px\" \/><\/p>\n<h3><strong>MINISTERIO P\u00daBLICO FISCAL<\/strong><\/h3>\n<h3>Al trascender las caracter\u00edsticas del accidente que tuvo como protagonista a Rodr\u00edguez, el procurador solicit\u00f3 que se iniciaran las \u201cactuaciones administrativas correspondientes, a los fines de determinar responsabilidades, sin perjuicio de la investigaci\u00f3n policial en curso\u201d.<\/h3>\n<p><img loading=\"lazy\" decoding=\"async\" class=\"wp-image-19009 aligncenter\" src=\"https:\/\/apuntesdesanluis.com\/wp-content\/uploads\/2024\/07\/luis-martinez-300x213.png\" alt=\"\" width=\"597\" height=\"424\" srcset=\"https:\/\/apuntesdesanluis.com\/wp-content\/uploads\/2024\/07\/luis-martinez-300x213.png 300w, https:\/\/apuntesdesanluis.com\/wp-content\/uploads\/2024\/07\/luis-martinez.png 647w\" sizes=\"(max-width: 597px) 100vw, 597px\" \/><\/p>\n<h3>En un breve contacto con <strong>Apuntes de San Luis<\/strong>, el funcionario se mostr\u00f3 \u201cavergonzado\u201d por lo ocurrido.<\/h3>\n<h3>\u201cLos funcionarios p\u00fablicos debemos ser y parecer.\u00a0 Es inadmisible que tengamos este tipo de episodios. Yo s\u00e9 que la vida privada tiene su \u00e1mbito de reserva, pero tenemos que detentar responsabilidad social y ciudadana m\u00e1s que nadie. Ahora solo queda esperar que act\u00faen las instituciones, la instrucci\u00f3n que debe llevar adelante el sumario, y determinar las responsabilidades y las sanciones si correspondieran\u201d.<\/h3>\n<p>&nbsp;<\/p>\n<p>&nbsp;<\/p>\n<p>&nbsp;<\/p>\n<p>&nbsp;<\/p>\n<p>&nbsp;<\/p>\n<p>&nbsp;<\/p>\n<p>&nbsp;<\/p>\n<p>&nbsp;<\/p>\n<p>&nbsp;<\/p>\n","protected":false},"excerpt":{"rendered":"<p>As\u00ed lo confirm\u00f3 a Apuntes de San Luis el Procurador General de la provincia, Luis&#8230;<\/p>\n","protected":false},"author":1,"featured_media":19006,"comment_status":"closed","ping_status":"closed","sticky":false,"template":"","format":"standard","meta":{"footnotes":""},"categories":[6],"tags":[],"class_list":["post-19005","post","type-post","status-publish","format-standard","has-post-thumbnail","hentry","category-ciudad-provincia"],"yoast_head":"<!-- This site is optimized with the Yoast SEO plugin v26.1.1 - https:\/\/yoast.com\/wordpress\/plugins\/seo\/ -->\n<title>EL PROCURADOR ORDEN\u00d3 UN SUMARIO POR ACCIDENTE DE FUNCIONARIO JUDICIAL - Apuntes de San Luis<\/title>\n<meta name=\"robots\" content=\"index, follow, max-snippet:-1, max-image-preview:large, max-video-preview:-1\" \/>\n<link rel=\"canonical\" href=\"https:\/\/apuntesdesanluis.com\/index.php\/2024\/07\/09\/el-procurador-ordeno-un-sumario-por-accidente-de-funcionario-judicial\/\" \/>\n<meta property=\"og:locale\" content=\"es_ES\" \/>\n<meta property=\"og:type\" content=\"article\" \/>\n<meta property=\"og:title\" content=\"EL PROCURADOR ORDEN\u00d3 UN SUMARIO POR ACCIDENTE DE FUNCIONARIO JUDICIAL - Apuntes de San Luis\" \/>\n<meta property=\"og:description\" content=\"As\u00ed lo confirm\u00f3 a Apuntes de San Luis el Procurador General de la provincia, Luis...\" \/>\n<meta property=\"og:url\" content=\"https:\/\/apuntesdesanluis.com\/index.php\/2024\/07\/09\/el-procurador-ordeno-un-sumario-por-accidente-de-funcionario-judicial\/\" \/>\n<meta property=\"og:site_name\" content=\"Apuntes de San Luis\" \/>\n<meta property=\"article:published_time\" content=\"2024-07-10T02:54:52+00:00\" \/>\n<meta property=\"article:modified_time\" content=\"2024-07-10T23:01:44+00:00\" \/>\n<meta property=\"og:image\" content=\"https:\/\/apuntesdesanluis.com\/wp-content\/uploads\/2024\/07\/accidente-chulo.jpg\" \/>\n\t<meta property=\"og:image:width\" content=\"688\" \/>\n\t<meta property=\"og:image:height\" content=\"399\" \/>\n\t<meta property=\"og:image:type\" content=\"image\/jpeg\" \/>\n<meta name=\"author\" content=\"apuntesdesanluis.com\" \/>\n<meta name=\"twitter:card\" content=\"summary_large_image\" \/>\n<meta name=\"twitter:label1\" content=\"Escrito por\" \/>\n\t<meta name=\"twitter:data1\" content=\"apuntesdesanluis.com\" \/>\n\t<meta name=\"twitter:label2\" content=\"Tiempo de lectura\" \/>\n\t<meta name=\"twitter:data2\" content=\"3 minutos\" \/>\n<script type=\"application\/ld+json\" class=\"yoast-schema-graph\">{\"@context\":\"https:\/\/schema.org\",\"@graph\":[{\"@type\":\"Article\",\"@id\":\"https:\/\/apuntesdesanluis.com\/index.php\/2024\/07\/09\/el-procurador-ordeno-un-sumario-por-accidente-de-funcionario-judicial\/#article\",\"isPartOf\":{\"@id\":\"https:\/\/apuntesdesanluis.com\/index.php\/2024\/07\/09\/el-procurador-ordeno-un-sumario-por-accidente-de-funcionario-judicial\/\"},\"author\":{\"name\":\"apuntesdesanluis.com\",\"@id\":\"https:\/\/apuntesdesanluis.com\/#\/schema\/person\/b55151d52296fcce64d1a72538a70b90\"},\"headline\":\"EL PROCURADOR ORDEN\u00d3 UN SUMARIO POR ACCIDENTE DE FUNCIONARIO JUDICIAL\",\"datePublished\":\"2024-07-10T02:54:52+00:00\",\"dateModified\":\"2024-07-10T23:01:44+00:00\",\"mainEntityOfPage\":{\"@id\":\"https:\/\/apuntesdesanluis.com\/index.php\/2024\/07\/09\/el-procurador-ordeno-un-sumario-por-accidente-de-funcionario-judicial\/\"},\"wordCount\":356,\"publisher\":{\"@id\":\"https:\/\/apuntesdesanluis.com\/#\/schema\/person\/b55151d52296fcce64d1a72538a70b90\"},\"image\":{\"@id\":\"https:\/\/apuntesdesanluis.com\/index.php\/2024\/07\/09\/el-procurador-ordeno-un-sumario-por-accidente-de-funcionario-judicial\/#primaryimage\"},\"thumbnailUrl\":\"https:\/\/apuntesdesanluis.com\/wp-content\/uploads\/2024\/07\/accidente-chulo.jpg\",\"articleSection\":[\"Ciudad\/Provincia\"],\"inLanguage\":\"es-AR\"},{\"@type\":\"WebPage\",\"@id\":\"https:\/\/apuntesdesanluis.com\/index.php\/2024\/07\/09\/el-procurador-ordeno-un-sumario-por-accidente-de-funcionario-judicial\/\",\"url\":\"https:\/\/apuntesdesanluis.com\/index.php\/2024\/07\/09\/el-procurador-ordeno-un-sumario-por-accidente-de-funcionario-judicial\/\",\"name\":\"EL PROCURADOR ORDEN\u00d3 UN SUMARIO POR ACCIDENTE DE FUNCIONARIO JUDICIAL - Apuntes de San Luis\",\"isPartOf\":{\"@id\":\"https:\/\/apuntesdesanluis.com\/#website\"},\"primaryImageOfPage\":{\"@id\":\"https:\/\/apuntesdesanluis.com\/index.php\/2024\/07\/09\/el-procurador-ordeno-un-sumario-por-accidente-de-funcionario-judicial\/#primaryimage\"},\"image\":{\"@id\":\"https:\/\/apuntesdesanluis.com\/index.php\/2024\/07\/09\/el-procurador-ordeno-un-sumario-por-accidente-de-funcionario-judicial\/#primaryimage\"},\"thumbnailUrl\":\"https:\/\/apuntesdesanluis.com\/wp-content\/uploads\/2024\/07\/accidente-chulo.jpg\",\"datePublished\":\"2024-07-10T02:54:52+00:00\",\"dateModified\":\"2024-07-10T23:01:44+00:00\",\"breadcrumb\":{\"@id\":\"https:\/\/apuntesdesanluis.com\/index.php\/2024\/07\/09\/el-procurador-ordeno-un-sumario-por-accidente-de-funcionario-judicial\/#breadcrumb\"},\"inLanguage\":\"es-AR\",\"potentialAction\":[{\"@type\":\"ReadAction\",\"target\":[\"https:\/\/apuntesdesanluis.com\/index.php\/2024\/07\/09\/el-procurador-ordeno-un-sumario-por-accidente-de-funcionario-judicial\/\"]}]},{\"@type\":\"ImageObject\",\"inLanguage\":\"es-AR\",\"@id\":\"https:\/\/apuntesdesanluis.com\/index.php\/2024\/07\/09\/el-procurador-ordeno-un-sumario-por-accidente-de-funcionario-judicial\/#primaryimage\",\"url\":\"https:\/\/apuntesdesanluis.com\/wp-content\/uploads\/2024\/07\/accidente-chulo.jpg\",\"contentUrl\":\"https:\/\/apuntesdesanluis.com\/wp-content\/uploads\/2024\/07\/accidente-chulo.jpg\",\"width\":688,\"height\":399},{\"@type\":\"BreadcrumbList\",\"@id\":\"https:\/\/apuntesdesanluis.com\/index.php\/2024\/07\/09\/el-procurador-ordeno-un-sumario-por-accidente-de-funcionario-judicial\/#breadcrumb\",\"itemListElement\":[{\"@type\":\"ListItem\",\"position\":1,\"name\":\"Inicio\",\"item\":\"https:\/\/apuntesdesanluis.com\/\"},{\"@type\":\"ListItem\",\"position\":2,\"name\":\"EL PROCURADOR ORDEN\u00d3 UN SUMARIO POR ACCIDENTE DE FUNCIONARIO JUDICIAL\"}]},{\"@type\":\"WebSite\",\"@id\":\"https:\/\/apuntesdesanluis.com\/#website\",\"url\":\"https:\/\/apuntesdesanluis.com\/\",\"name\":\"Apuntes de San Luis\",\"description\":\"\",\"publisher\":{\"@id\":\"https:\/\/apuntesdesanluis.com\/#\/schema\/person\/b55151d52296fcce64d1a72538a70b90\"},\"potentialAction\":[{\"@type\":\"SearchAction\",\"target\":{\"@type\":\"EntryPoint\",\"urlTemplate\":\"https:\/\/apuntesdesanluis.com\/?s={search_term_string}\"},\"query-input\":{\"@type\":\"PropertyValueSpecification\",\"valueRequired\":true,\"valueName\":\"search_term_string\"}}],\"inLanguage\":\"es-AR\"},{\"@type\":[\"Person\",\"Organization\"],\"@id\":\"https:\/\/apuntesdesanluis.com\/#\/schema\/person\/b55151d52296fcce64d1a72538a70b90\",\"name\":\"apuntesdesanluis.com\",\"image\":{\"@type\":\"ImageObject\",\"inLanguage\":\"es-AR\",\"@id\":\"https:\/\/apuntesdesanluis.com\/#\/schema\/person\/image\/\",\"url\":\"https:\/\/apuntesdesanluis.com\/wp-content\/uploads\/2023\/07\/cropped-apuntesdesanluis.png\",\"contentUrl\":\"https:\/\/apuntesdesanluis.com\/wp-content\/uploads\/2023\/07\/cropped-apuntesdesanluis.png\",\"width\":450,\"height\":112,\"caption\":\"apuntesdesanluis.com\"},\"logo\":{\"@id\":\"https:\/\/apuntesdesanluis.com\/#\/schema\/person\/image\/\"},\"sameAs\":[\"https:\/\/apuntesdesanluis.com\"],\"url\":\"https:\/\/apuntesdesanluis.com\/index.php\/author\/apuntesdesanluis-com\/\"}]}<\/script>\n<!-- \/ Yoast SEO plugin. -->","yoast_head_json":{"title":"EL PROCURADOR ORDEN\u00d3 UN SUMARIO POR ACCIDENTE DE FUNCIONARIO JUDICIAL - Apuntes de San Luis","robots":{"index":"index","follow":"follow","max-snippet":"max-snippet:-1","max-image-preview":"max-image-preview:large","max-video-preview":"max-video-preview:-1"},"canonical":"https:\/\/apuntesdesanluis.com\/index.php\/2024\/07\/09\/el-procurador-ordeno-un-sumario-por-accidente-de-funcionario-judicial\/","og_locale":"es_ES","og_type":"article","og_title":"EL PROCURADOR ORDEN\u00d3 UN SUMARIO POR ACCIDENTE DE FUNCIONARIO JUDICIAL - Apuntes de San Luis","og_description":"As\u00ed lo confirm\u00f3 a Apuntes de San Luis el Procurador General de la provincia, Luis...","og_url":"https:\/\/apuntesdesanluis.com\/index.php\/2024\/07\/09\/el-procurador-ordeno-un-sumario-por-accidente-de-funcionario-judicial\/","og_site_name":"Apuntes de San Luis","article_published_time":"2024-07-10T02:54:52+00:00","article_modified_time":"2024-07-10T23:01:44+00:00","og_image":[{"width":688,"height":399,"url":"https:\/\/apuntesdesanluis.com\/wp-content\/uploads\/2024\/07\/accidente-chulo.jpg","type":"image\/jpeg"}],"author":"apuntesdesanluis.com","twitter_card":"summary_large_image","twitter_misc":{"Escrito por":"apuntesdesanluis.com","Tiempo de lectura":"3 minutos"},"schema":{"@context":"https:\/\/schema.org","@graph":[{"@type":"Article","@id":"https:\/\/apuntesdesanluis.com\/index.php\/2024\/07\/09\/el-procurador-ordeno-un-sumario-por-accidente-de-funcionario-judicial\/#article","isPartOf":{"@id":"https:\/\/apuntesdesanluis.com\/index.php\/2024\/07\/09\/el-procurador-ordeno-un-sumario-por-accidente-de-funcionario-judicial\/"},"author":{"name":"apuntesdesanluis.com","@id":"https:\/\/apuntesdesanluis.com\/#\/schema\/person\/b55151d52296fcce64d1a72538a70b90"},"headline":"EL PROCURADOR ORDEN\u00d3 UN SUMARIO POR ACCIDENTE DE FUNCIONARIO JUDICIAL","datePublished":"2024-07-10T02:54:52+00:00","dateModified":"2024-07-10T23:01:44+00:00","mainEntityOfPage":{"@id":"https:\/\/apuntesdesanluis.com\/index.php\/2024\/07\/09\/el-procurador-ordeno-un-sumario-por-accidente-de-funcionario-judicial\/"},"wordCount":356,"publisher":{"@id":"https:\/\/apuntesdesanluis.com\/#\/schema\/person\/b55151d52296fcce64d1a72538a70b90"},"image":{"@id":"https:\/\/apuntesdesanluis.com\/index.php\/2024\/07\/09\/el-procurador-ordeno-un-sumario-por-accidente-de-funcionario-judicial\/#primaryimage"},"thumbnailUrl":"https:\/\/apuntesdesanluis.com\/wp-content\/uploads\/2024\/07\/accidente-chulo.jpg","articleSection":["Ciudad\/Provincia"],"inLanguage":"es-AR"},{"@type":"WebPage","@id":"https:\/\/apuntesdesanluis.com\/index.php\/2024\/07\/09\/el-procurador-ordeno-un-sumario-por-accidente-de-funcionario-judicial\/","url":"https:\/\/apuntesdesanluis.com\/index.php\/2024\/07\/09\/el-procurador-ordeno-un-sumario-por-accidente-de-funcionario-judicial\/","name":"EL PROCURADOR ORDEN\u00d3 UN SUMARIO POR ACCIDENTE DE FUNCIONARIO JUDICIAL - Apuntes de San Luis","isPartOf":{"@id":"https:\/\/apuntesdesanluis.com\/#website"},"primaryImageOfPage":{"@id":"https:\/\/apuntesdesanluis.com\/index.php\/2024\/07\/09\/el-procurador-ordeno-un-sumario-por-accidente-de-funcionario-judicial\/#primaryimage"},"image":{"@id":"https:\/\/apuntesdesanluis.com\/index.php\/2024\/07\/09\/el-procurador-ordeno-un-sumario-por-accidente-de-funcionario-judicial\/#primaryimage"},"thumbnailUrl":"https:\/\/apuntesdesanluis.com\/wp-content\/uploads\/2024\/07\/accidente-chulo.jpg","datePublished":"2024-07-10T02:54:52+00:00","dateModified":"2024-07-10T23:01:44+00:00","breadcrumb":{"@id":"https:\/\/apuntesdesanluis.com\/index.php\/2024\/07\/09\/el-procurador-ordeno-un-sumario-por-accidente-de-funcionario-judicial\/#breadcrumb"},"inLanguage":"es-AR","potentialAction":[{"@type":"ReadAction","target":["https:\/\/apuntesdesanluis.com\/index.php\/2024\/07\/09\/el-procurador-ordeno-un-sumario-por-accidente-de-funcionario-judicial\/"]}]},{"@type":"ImageObject","inLanguage":"es-AR","@id":"https:\/\/apuntesdesanluis.com\/index.php\/2024\/07\/09\/el-procurador-ordeno-un-sumario-por-accidente-de-funcionario-judicial\/#primaryimage","url":"https:\/\/apuntesdesanluis.com\/wp-content\/uploads\/2024\/07\/accidente-chulo.jpg","contentUrl":"https:\/\/apuntesdesanluis.com\/wp-content\/uploads\/2024\/07\/accidente-chulo.jpg","width":688,"height":399},{"@type":"BreadcrumbList","@id":"https:\/\/apuntesdesanluis.com\/index.php\/2024\/07\/09\/el-procurador-ordeno-un-sumario-por-accidente-de-funcionario-judicial\/#breadcrumb","itemListElement":[{"@type":"ListItem","position":1,"name":"Inicio","item":"https:\/\/apuntesdesanluis.com\/"},{"@type":"ListItem","position":2,"name":"EL PROCURADOR ORDEN\u00d3 UN SUMARIO POR ACCIDENTE DE FUNCIONARIO JUDICIAL"}]},{"@type":"WebSite","@id":"https:\/\/apuntesdesanluis.com\/#website","url":"https:\/\/apuntesdesanluis.com\/","name":"Apuntes de San Luis","description":"","publisher":{"@id":"https:\/\/apuntesdesanluis.com\/#\/schema\/person\/b55151d52296fcce64d1a72538a70b90"},"potentialAction":[{"@type":"SearchAction","target":{"@type":"EntryPoint","urlTemplate":"https:\/\/apuntesdesanluis.com\/?s={search_term_string}"},"query-input":{"@type":"PropertyValueSpecification","valueRequired":true,"valueName":"search_term_string"}}],"inLanguage":"es-AR"},{"@type":["Person","Organization"],"@id":"https:\/\/apuntesdesanluis.com\/#\/schema\/person\/b55151d52296fcce64d1a72538a70b90","name":"apuntesdesanluis.com","image":{"@type":"ImageObject","inLanguage":"es-AR","@id":"https:\/\/apuntesdesanluis.com\/#\/schema\/person\/image\/","url":"https:\/\/apuntesdesanluis.com\/wp-content\/uploads\/2023\/07\/cropped-apuntesdesanluis.png","contentUrl":"https:\/\/apuntesdesanluis.com\/wp-content\/uploads\/2023\/07\/cropped-apuntesdesanluis.png","width":450,"height":112,"caption":"apuntesdesanluis.com"},"logo":{"@id":"https:\/\/apuntesdesanluis.com\/#\/schema\/person\/image\/"},"sameAs":["https:\/\/apuntesdesanluis.com"],"url":"https:\/\/apuntesdesanluis.com\/index.php\/author\/apuntesdesanluis-com\/"}]}},"featured_image_urls":{"full":["https:\/\/apuntesdesanluis.com\/wp-content\/uploads\/2024\/07\/accidente-chulo.jpg",688,399,false],"thumbnail":["https:\/\/apuntesdesanluis.com\/wp-content\/uploads\/2024\/07\/accidente-chulo-150x150.jpg",150,150,true],"medium":["https:\/\/apuntesdesanluis.com\/wp-content\/uploads\/2024\/07\/accidente-chulo-300x174.jpg",300,174,true],"medium_large":["https:\/\/apuntesdesanluis.com\/wp-content\/uploads\/2024\/07\/accidente-chulo.jpg",640,371,false],"large":["https:\/\/apuntesdesanluis.com\/wp-content\/uploads\/2024\/07\/accidente-chulo.jpg",640,371,false],"1536x1536":["https:\/\/apuntesdesanluis.com\/wp-content\/uploads\/2024\/07\/accidente-chulo.jpg",688,399,false],"2048x2048":["https:\/\/apuntesdesanluis.com\/wp-content\/uploads\/2024\/07\/accidente-chulo.jpg",688,399,false],"newsever-slider-full":["https:\/\/apuntesdesanluis.com\/wp-content\/uploads\/2024\/07\/accidente-chulo.jpg",688,399,false],"newsever-featured":["https:\/\/apuntesdesanluis.com\/wp-content\/uploads\/2024\/07\/accidente-chulo.jpg",688,399,false],"newsever-medium":["https:\/\/apuntesdesanluis.com\/wp-content\/uploads\/2024\/07\/accidente-chulo.jpg",688,399,false]},"author_info":{"display_name":"apuntesdesanluis.com","author_link":"https:\/\/apuntesdesanluis.com\/index.php\/author\/apuntesdesanluis-com\/"},"category_info":"<a href=\"https:\/\/apuntesdesanluis.com\/index.php\/category\/ciudad-provincia\/\" rel=\"category tag\">Ciudad\/Provincia<\/a>","tag_info":"Ciudad\/Provincia","comment_count":"0","_links":{"self":[{"href":"https:\/\/apuntesdesanluis.com\/index.php\/wp-json\/wp\/v2\/posts\/19005","targetHints":{"allow":["GET"]}}],"collection":[{"href":"https:\/\/apuntesdesanluis.com\/index.php\/wp-json\/wp\/v2\/posts"}],"about":[{"href":"https:\/\/apuntesdesanluis.com\/index.php\/wp-json\/wp\/v2\/types\/post"}],"author":[{"embeddable":true,"href":"https:\/\/apuntesdesanluis.com\/index.php\/wp-json\/wp\/v2\/users\/1"}],"replies":[{"embeddable":true,"href":"https:\/\/apuntesdesanluis.com\/index.php\/wp-json\/wp\/v2\/comments?post=19005"}],"version-history":[{"count":5,"href":"https:\/\/apuntesdesanluis.com\/index.php\/wp-json\/wp\/v2\/posts\/19005\/revisions"}],"predecessor-version":[{"id":19028,"href":"https:\/\/apuntesdesanluis.com\/index.php\/wp-json\/wp\/v2\/posts\/19005\/revisions\/19028"}],"wp:featuredmedia":[{"embeddable":true,"href":"https:\/\/apuntesdesanluis.com\/index.php\/wp-json\/wp\/v2\/media\/19006"}],"wp:attachment":[{"href":"https:\/\/apuntesdesanluis.com\/index.php\/wp-json\/wp\/v2\/media?parent=19005"}],"wp:term":[{"taxonomy":"category","embeddable":true,"href":"https:\/\/apuntesdesanluis.com\/index.php\/wp-json\/wp\/v2\/categories?post=19005"},{"taxonomy":"post_tag","embeddable":true,"href":"https:\/\/apuntesdesanluis.com\/index.php\/wp-json\/wp\/v2\/tags?post=19005"}],"curies":[{"name":"wp","href":"https:\/\/api.w.org\/{rel}","templated":true}]}}