{"id":19018,"date":"2024-07-10T19:12:23","date_gmt":"2024-07-10T22:12:23","guid":{"rendered":"https:\/\/apuntesdesanluis.com\/?p=19018"},"modified":"2024-07-10T19:12:23","modified_gmt":"2024-07-10T22:12:23","slug":"fica-y-ambiente-brindaran-una-capacitacion-en-eficiencia-energetica","status":"publish","type":"post","link":"https:\/\/apuntesdesanluis.com\/index.php\/2024\/07\/10\/fica-y-ambiente-brindaran-una-capacitacion-en-eficiencia-energetica\/","title":{"rendered":"FICA Y AMBIENTE BRINDAR\u00c1N UNA CAPACITACI\u00d3N EN EFICIENCIA ENERG\u00c9TICA"},"content":{"rendered":"<h3>Tendr\u00e1 lugar este jueves 11 a las 10:00, en el Sal\u00f3n Azul de la Municipalidad de Villa Mercedes.<\/h3>\n<h3>La S<strong>ecretar\u00eda de Ambiente y Desarrollo Sustentable<\/strong> y la <strong>Facultad de Ingenier\u00eda y Ciencias Agropecuarias<\/strong> (FICA) de la Universidad Nacional de San Luis, brindar\u00e1n una capacitaci\u00f3n destinada a los trabajadores municipales y orientada a brindarles herramientas que promuevan el ahorro de electricidad en los edificios que tiene la administraci\u00f3n p\u00fablica provincial y municipal buscando beneficios econ\u00f3micos gracias al ahorro.<\/h3>\n<h3>La capacitaci\u00f3n, destinada a empleados municipales, forma parte del Plan de Eficiencia Energ\u00e9tica y aborda cuatro ejes fundamentales: un diagn\u00f3stico detallado del consumo energ\u00e9tico en los edificios p\u00fablicos; oportunidades de mejora en la eficiencia energ\u00e9tica de cada construcci\u00f3n; medidas y estrategias para reducir el consumo de energ\u00eda y las emisiones de gases de efecto invernadero; y conciencia sobre la importancia de la eficiencia energ\u00e9tica y el uso responsable de los recursos.<\/h3>\n<h3>Este esfuerzo busca empoderar a los ciudadanos y facilitar la migraci\u00f3n hacia fuentes de energ\u00eda m\u00e1s sostenibles. Las visitas iniciales a municipios tendr\u00e1n como objetivo realizar diagn\u00f3sticos con el fin de establecer una matriz de c\u00e1lculo que orientar\u00e1 las pol\u00edticas gubernamentales hacia la adopci\u00f3n de energ\u00edas renovables.<\/h3>\n<h3>Mejorar los \u00edndices energ\u00e9ticos es una necesidad imperante en San Luis, no solo para aliviar el peso de las facturas el\u00e9ctricas en los hogares, sino tambi\u00e9n para mitigar el impacto negativo que el mal uso de la energ\u00eda tiene en el ambiente y el ecosistema.<\/h3>\n<p>&nbsp;<\/p>\n<p>&nbsp;<\/p>\n<p>&nbsp;<\/p>\n","protected":false},"excerpt":{"rendered":"<p>Tendr\u00e1 lugar este jueves 11 a las 10:00, en el Sal\u00f3n Azul de la Municipalidad&#8230;<\/p>\n","protected":false},"author":1,"featured_media":19019,"comment_status":"closed","ping_status":"closed","sticky":false,"template":"","format":"standard","meta":{"footnotes":""},"categories":[6],"tags":[],"class_list":["post-19018","post","type-post","status-publish","format-standard","has-post-thumbnail","hentry","category-ciudad-provincia"],"yoast_head":"<!-- This site is optimized with the Yoast SEO plugin v26.1.1 - https:\/\/yoast.com\/wordpress\/plugins\/seo\/ -->\n<title>FICA Y AMBIENTE BRINDAR\u00c1N UNA CAPACITACI\u00d3N EN EFICIENCIA ENERG\u00c9TICA - Apuntes de San Luis<\/title>\n<meta name=\"robots\" content=\"index, follow, max-snippet:-1, max-image-preview:large, max-video-preview:-1\" \/>\n<link rel=\"canonical\" href=\"https:\/\/apuntesdesanluis.com\/index.php\/2024\/07\/10\/fica-y-ambiente-brindaran-una-capacitacion-en-eficiencia-energetica\/\" \/>\n<meta property=\"og:locale\" content=\"es_ES\" \/>\n<meta property=\"og:type\" content=\"article\" \/>\n<meta property=\"og:title\" content=\"FICA Y AMBIENTE BRINDAR\u00c1N UNA CAPACITACI\u00d3N EN EFICIENCIA ENERG\u00c9TICA - Apuntes de San Luis\" \/>\n<meta property=\"og:description\" content=\"Tendr\u00e1 lugar este jueves 11 a las 10:00, en el Sal\u00f3n Azul de la Municipalidad...\" \/>\n<meta property=\"og:url\" content=\"https:\/\/apuntesdesanluis.com\/index.php\/2024\/07\/10\/fica-y-ambiente-brindaran-una-capacitacion-en-eficiencia-energetica\/\" \/>\n<meta property=\"og:site_name\" content=\"Apuntes de San Luis\" \/>\n<meta property=\"article:published_time\" content=\"2024-07-10T22:12:23+00:00\" \/>\n<meta property=\"og:image\" content=\"https:\/\/apuntesdesanluis.com\/wp-content\/uploads\/2024\/07\/eficiencia-energetica-dibujo-son-ecologicos-2.jpg\" \/>\n\t<meta property=\"og:image:width\" content=\"589\" \/>\n\t<meta property=\"og:image:height\" content=\"280\" \/>\n\t<meta property=\"og:image:type\" content=\"image\/jpeg\" \/>\n<meta name=\"author\" content=\"apuntesdesanluis.com\" \/>\n<meta name=\"twitter:card\" content=\"summary_large_image\" \/>\n<meta name=\"twitter:label1\" content=\"Escrito por\" \/>\n\t<meta name=\"twitter:data1\" content=\"apuntesdesanluis.com\" \/>\n\t<meta name=\"twitter:label2\" content=\"Tiempo de lectura\" \/>\n\t<meta name=\"twitter:data2\" content=\"2 minutos\" \/>\n<script type=\"application\/ld+json\" class=\"yoast-schema-graph\">{\"@context\":\"https:\/\/schema.org\",\"@graph\":[{\"@type\":\"Article\",\"@id\":\"https:\/\/apuntesdesanluis.com\/index.php\/2024\/07\/10\/fica-y-ambiente-brindaran-una-capacitacion-en-eficiencia-energetica\/#article\",\"isPartOf\":{\"@id\":\"https:\/\/apuntesdesanluis.com\/index.php\/2024\/07\/10\/fica-y-ambiente-brindaran-una-capacitacion-en-eficiencia-energetica\/\"},\"author\":{\"name\":\"apuntesdesanluis.com\",\"@id\":\"https:\/\/apuntesdesanluis.com\/#\/schema\/person\/b55151d52296fcce64d1a72538a70b90\"},\"headline\":\"FICA Y AMBIENTE BRINDAR\u00c1N UNA CAPACITACI\u00d3N EN EFICIENCIA ENERG\u00c9TICA\",\"datePublished\":\"2024-07-10T22:12:23+00:00\",\"mainEntityOfPage\":{\"@id\":\"https:\/\/apuntesdesanluis.com\/index.php\/2024\/07\/10\/fica-y-ambiente-brindaran-una-capacitacion-en-eficiencia-energetica\/\"},\"wordCount\":283,\"publisher\":{\"@id\":\"https:\/\/apuntesdesanluis.com\/#\/schema\/person\/b55151d52296fcce64d1a72538a70b90\"},\"image\":{\"@id\":\"https:\/\/apuntesdesanluis.com\/index.php\/2024\/07\/10\/fica-y-ambiente-brindaran-una-capacitacion-en-eficiencia-energetica\/#primaryimage\"},\"thumbnailUrl\":\"https:\/\/apuntesdesanluis.com\/wp-content\/uploads\/2024\/07\/eficiencia-energetica-dibujo-son-ecologicos-2.jpg\",\"articleSection\":[\"Ciudad\/Provincia\"],\"inLanguage\":\"es-AR\"},{\"@type\":\"WebPage\",\"@id\":\"https:\/\/apuntesdesanluis.com\/index.php\/2024\/07\/10\/fica-y-ambiente-brindaran-una-capacitacion-en-eficiencia-energetica\/\",\"url\":\"https:\/\/apuntesdesanluis.com\/index.php\/2024\/07\/10\/fica-y-ambiente-brindaran-una-capacitacion-en-eficiencia-energetica\/\",\"name\":\"FICA Y AMBIENTE BRINDAR\u00c1N UNA CAPACITACI\u00d3N EN EFICIENCIA ENERG\u00c9TICA - Apuntes de San Luis\",\"isPartOf\":{\"@id\":\"https:\/\/apuntesdesanluis.com\/#website\"},\"primaryImageOfPage\":{\"@id\":\"https:\/\/apuntesdesanluis.com\/index.php\/2024\/07\/10\/fica-y-ambiente-brindaran-una-capacitacion-en-eficiencia-energetica\/#primaryimage\"},\"image\":{\"@id\":\"https:\/\/apuntesdesanluis.com\/index.php\/2024\/07\/10\/fica-y-ambiente-brindaran-una-capacitacion-en-eficiencia-energetica\/#primaryimage\"},\"thumbnailUrl\":\"https:\/\/apuntesdesanluis.com\/wp-content\/uploads\/2024\/07\/eficiencia-energetica-dibujo-son-ecologicos-2.jpg\",\"datePublished\":\"2024-07-10T22:12:23+00:00\",\"breadcrumb\":{\"@id\":\"https:\/\/apuntesdesanluis.com\/index.php\/2024\/07\/10\/fica-y-ambiente-brindaran-una-capacitacion-en-eficiencia-energetica\/#breadcrumb\"},\"inLanguage\":\"es-AR\",\"potentialAction\":[{\"@type\":\"ReadAction\",\"target\":[\"https:\/\/apuntesdesanluis.com\/index.php\/2024\/07\/10\/fica-y-ambiente-brindaran-una-capacitacion-en-eficiencia-energetica\/\"]}]},{\"@type\":\"ImageObject\",\"inLanguage\":\"es-AR\",\"@id\":\"https:\/\/apuntesdesanluis.com\/index.php\/2024\/07\/10\/fica-y-ambiente-brindaran-una-capacitacion-en-eficiencia-energetica\/#primaryimage\",\"url\":\"https:\/\/apuntesdesanluis.com\/wp-content\/uploads\/2024\/07\/eficiencia-energetica-dibujo-son-ecologicos-2.jpg\",\"contentUrl\":\"https:\/\/apuntesdesanluis.com\/wp-content\/uploads\/2024\/07\/eficiencia-energetica-dibujo-son-ecologicos-2.jpg\",\"width\":589,\"height\":280},{\"@type\":\"BreadcrumbList\",\"@id\":\"https:\/\/apuntesdesanluis.com\/index.php\/2024\/07\/10\/fica-y-ambiente-brindaran-una-capacitacion-en-eficiencia-energetica\/#breadcrumb\",\"itemListElement\":[{\"@type\":\"ListItem\",\"position\":1,\"name\":\"Inicio\",\"item\":\"https:\/\/apuntesdesanluis.com\/\"},{\"@type\":\"ListItem\",\"position\":2,\"name\":\"FICA Y AMBIENTE BRINDAR\u00c1N UNA CAPACITACI\u00d3N EN EFICIENCIA ENERG\u00c9TICA\"}]},{\"@type\":\"WebSite\",\"@id\":\"https:\/\/apuntesdesanluis.com\/#website\",\"url\":\"https:\/\/apuntesdesanluis.com\/\",\"name\":\"Apuntes de San Luis\",\"description\":\"\",\"publisher\":{\"@id\":\"https:\/\/apuntesdesanluis.com\/#\/schema\/person\/b55151d52296fcce64d1a72538a70b90\"},\"potentialAction\":[{\"@type\":\"SearchAction\",\"target\":{\"@type\":\"EntryPoint\",\"urlTemplate\":\"https:\/\/apuntesdesanluis.com\/?s={search_term_string}\"},\"query-input\":{\"@type\":\"PropertyValueSpecification\",\"valueRequired\":true,\"valueName\":\"search_term_string\"}}],\"inLanguage\":\"es-AR\"},{\"@type\":[\"Person\",\"Organization\"],\"@id\":\"https:\/\/apuntesdesanluis.com\/#\/schema\/person\/b55151d52296fcce64d1a72538a70b90\",\"name\":\"apuntesdesanluis.com\",\"image\":{\"@type\":\"ImageObject\",\"inLanguage\":\"es-AR\",\"@id\":\"https:\/\/apuntesdesanluis.com\/#\/schema\/person\/image\/\",\"url\":\"https:\/\/apuntesdesanluis.com\/wp-content\/uploads\/2023\/07\/cropped-apuntesdesanluis.png\",\"contentUrl\":\"https:\/\/apuntesdesanluis.com\/wp-content\/uploads\/2023\/07\/cropped-apuntesdesanluis.png\",\"width\":450,\"height\":112,\"caption\":\"apuntesdesanluis.com\"},\"logo\":{\"@id\":\"https:\/\/apuntesdesanluis.com\/#\/schema\/person\/image\/\"},\"sameAs\":[\"https:\/\/apuntesdesanluis.com\"],\"url\":\"https:\/\/apuntesdesanluis.com\/index.php\/author\/apuntesdesanluis-com\/\"}]}<\/script>\n<!-- \/ Yoast SEO plugin. -->","yoast_head_json":{"title":"FICA Y AMBIENTE BRINDAR\u00c1N UNA CAPACITACI\u00d3N EN EFICIENCIA ENERG\u00c9TICA - Apuntes de San Luis","robots":{"index":"index","follow":"follow","max-snippet":"max-snippet:-1","max-image-preview":"max-image-preview:large","max-video-preview":"max-video-preview:-1"},"canonical":"https:\/\/apuntesdesanluis.com\/index.php\/2024\/07\/10\/fica-y-ambiente-brindaran-una-capacitacion-en-eficiencia-energetica\/","og_locale":"es_ES","og_type":"article","og_title":"FICA Y AMBIENTE BRINDAR\u00c1N UNA CAPACITACI\u00d3N EN EFICIENCIA ENERG\u00c9TICA - Apuntes de San Luis","og_description":"Tendr\u00e1 lugar este jueves 11 a las 10:00, en el Sal\u00f3n Azul de la Municipalidad...","og_url":"https:\/\/apuntesdesanluis.com\/index.php\/2024\/07\/10\/fica-y-ambiente-brindaran-una-capacitacion-en-eficiencia-energetica\/","og_site_name":"Apuntes de San Luis","article_published_time":"2024-07-10T22:12:23+00:00","og_image":[{"width":589,"height":280,"url":"https:\/\/apuntesdesanluis.com\/wp-content\/uploads\/2024\/07\/eficiencia-energetica-dibujo-son-ecologicos-2.jpg","type":"image\/jpeg"}],"author":"apuntesdesanluis.com","twitter_card":"summary_large_image","twitter_misc":{"Escrito por":"apuntesdesanluis.com","Tiempo de lectura":"2 minutos"},"schema":{"@context":"https:\/\/schema.org","@graph":[{"@type":"Article","@id":"https:\/\/apuntesdesanluis.com\/index.php\/2024\/07\/10\/fica-y-ambiente-brindaran-una-capacitacion-en-eficiencia-energetica\/#article","isPartOf":{"@id":"https:\/\/apuntesdesanluis.com\/index.php\/2024\/07\/10\/fica-y-ambiente-brindaran-una-capacitacion-en-eficiencia-energetica\/"},"author":{"name":"apuntesdesanluis.com","@id":"https:\/\/apuntesdesanluis.com\/#\/schema\/person\/b55151d52296fcce64d1a72538a70b90"},"headline":"FICA Y AMBIENTE BRINDAR\u00c1N UNA CAPACITACI\u00d3N EN EFICIENCIA ENERG\u00c9TICA","datePublished":"2024-07-10T22:12:23+00:00","mainEntityOfPage":{"@id":"https:\/\/apuntesdesanluis.com\/index.php\/2024\/07\/10\/fica-y-ambiente-brindaran-una-capacitacion-en-eficiencia-energetica\/"},"wordCount":283,"publisher":{"@id":"https:\/\/apuntesdesanluis.com\/#\/schema\/person\/b55151d52296fcce64d1a72538a70b90"},"image":{"@id":"https:\/\/apuntesdesanluis.com\/index.php\/2024\/07\/10\/fica-y-ambiente-brindaran-una-capacitacion-en-eficiencia-energetica\/#primaryimage"},"thumbnailUrl":"https:\/\/apuntesdesanluis.com\/wp-content\/uploads\/2024\/07\/eficiencia-energetica-dibujo-son-ecologicos-2.jpg","articleSection":["Ciudad\/Provincia"],"inLanguage":"es-AR"},{"@type":"WebPage","@id":"https:\/\/apuntesdesanluis.com\/index.php\/2024\/07\/10\/fica-y-ambiente-brindaran-una-capacitacion-en-eficiencia-energetica\/","url":"https:\/\/apuntesdesanluis.com\/index.php\/2024\/07\/10\/fica-y-ambiente-brindaran-una-capacitacion-en-eficiencia-energetica\/","name":"FICA Y AMBIENTE BRINDAR\u00c1N UNA CAPACITACI\u00d3N EN EFICIENCIA ENERG\u00c9TICA - Apuntes de San Luis","isPartOf":{"@id":"https:\/\/apuntesdesanluis.com\/#website"},"primaryImageOfPage":{"@id":"https:\/\/apuntesdesanluis.com\/index.php\/2024\/07\/10\/fica-y-ambiente-brindaran-una-capacitacion-en-eficiencia-energetica\/#primaryimage"},"image":{"@id":"https:\/\/apuntesdesanluis.com\/index.php\/2024\/07\/10\/fica-y-ambiente-brindaran-una-capacitacion-en-eficiencia-energetica\/#primaryimage"},"thumbnailUrl":"https:\/\/apuntesdesanluis.com\/wp-content\/uploads\/2024\/07\/eficiencia-energetica-dibujo-son-ecologicos-2.jpg","datePublished":"2024-07-10T22:12:23+00:00","breadcrumb":{"@id":"https:\/\/apuntesdesanluis.com\/index.php\/2024\/07\/10\/fica-y-ambiente-brindaran-una-capacitacion-en-eficiencia-energetica\/#breadcrumb"},"inLanguage":"es-AR","potentialAction":[{"@type":"ReadAction","target":["https:\/\/apuntesdesanluis.com\/index.php\/2024\/07\/10\/fica-y-ambiente-brindaran-una-capacitacion-en-eficiencia-energetica\/"]}]},{"@type":"ImageObject","inLanguage":"es-AR","@id":"https:\/\/apuntesdesanluis.com\/index.php\/2024\/07\/10\/fica-y-ambiente-brindaran-una-capacitacion-en-eficiencia-energetica\/#primaryimage","url":"https:\/\/apuntesdesanluis.com\/wp-content\/uploads\/2024\/07\/eficiencia-energetica-dibujo-son-ecologicos-2.jpg","contentUrl":"https:\/\/apuntesdesanluis.com\/wp-content\/uploads\/2024\/07\/eficiencia-energetica-dibujo-son-ecologicos-2.jpg","width":589,"height":280},{"@type":"BreadcrumbList","@id":"https:\/\/apuntesdesanluis.com\/index.php\/2024\/07\/10\/fica-y-ambiente-brindaran-una-capacitacion-en-eficiencia-energetica\/#breadcrumb","itemListElement":[{"@type":"ListItem","position":1,"name":"Inicio","item":"https:\/\/apuntesdesanluis.com\/"},{"@type":"ListItem","position":2,"name":"FICA Y AMBIENTE BRINDAR\u00c1N UNA CAPACITACI\u00d3N EN EFICIENCIA ENERG\u00c9TICA"}]},{"@type":"WebSite","@id":"https:\/\/apuntesdesanluis.com\/#website","url":"https:\/\/apuntesdesanluis.com\/","name":"Apuntes de San Luis","description":"","publisher":{"@id":"https:\/\/apuntesdesanluis.com\/#\/schema\/person\/b55151d52296fcce64d1a72538a70b90"},"potentialAction":[{"@type":"SearchAction","target":{"@type":"EntryPoint","urlTemplate":"https:\/\/apuntesdesanluis.com\/?s={search_term_string}"},"query-input":{"@type":"PropertyValueSpecification","valueRequired":true,"valueName":"search_term_string"}}],"inLanguage":"es-AR"},{"@type":["Person","Organization"],"@id":"https:\/\/apuntesdesanluis.com\/#\/schema\/person\/b55151d52296fcce64d1a72538a70b90","name":"apuntesdesanluis.com","image":{"@type":"ImageObject","inLanguage":"es-AR","@id":"https:\/\/apuntesdesanluis.com\/#\/schema\/person\/image\/","url":"https:\/\/apuntesdesanluis.com\/wp-content\/uploads\/2023\/07\/cropped-apuntesdesanluis.png","contentUrl":"https:\/\/apuntesdesanluis.com\/wp-content\/uploads\/2023\/07\/cropped-apuntesdesanluis.png","width":450,"height":112,"caption":"apuntesdesanluis.com"},"logo":{"@id":"https:\/\/apuntesdesanluis.com\/#\/schema\/person\/image\/"},"sameAs":["https:\/\/apuntesdesanluis.com"],"url":"https:\/\/apuntesdesanluis.com\/index.php\/author\/apuntesdesanluis-com\/"}]}},"featured_image_urls":{"full":["https:\/\/apuntesdesanluis.com\/wp-content\/uploads\/2024\/07\/eficiencia-energetica-dibujo-son-ecologicos-2.jpg",589,280,false],"thumbnail":["https:\/\/apuntesdesanluis.com\/wp-content\/uploads\/2024\/07\/eficiencia-energetica-dibujo-son-ecologicos-2-150x150.jpg",150,150,true],"medium":["https:\/\/apuntesdesanluis.com\/wp-content\/uploads\/2024\/07\/eficiencia-energetica-dibujo-son-ecologicos-2-300x143.jpg",300,143,true],"medium_large":["https:\/\/apuntesdesanluis.com\/wp-content\/uploads\/2024\/07\/eficiencia-energetica-dibujo-son-ecologicos-2.jpg",589,280,false],"large":["https:\/\/apuntesdesanluis.com\/wp-content\/uploads\/2024\/07\/eficiencia-energetica-dibujo-son-ecologicos-2.jpg",589,280,false],"1536x1536":["https:\/\/apuntesdesanluis.com\/wp-content\/uploads\/2024\/07\/eficiencia-energetica-dibujo-son-ecologicos-2.jpg",589,280,false],"2048x2048":["https:\/\/apuntesdesanluis.com\/wp-content\/uploads\/2024\/07\/eficiencia-energetica-dibujo-son-ecologicos-2.jpg",589,280,false],"newsever-slider-full":["https:\/\/apuntesdesanluis.com\/wp-content\/uploads\/2024\/07\/eficiencia-energetica-dibujo-son-ecologicos-2.jpg",589,280,false],"newsever-featured":["https:\/\/apuntesdesanluis.com\/wp-content\/uploads\/2024\/07\/eficiencia-energetica-dibujo-son-ecologicos-2.jpg",589,280,false],"newsever-medium":["https:\/\/apuntesdesanluis.com\/wp-content\/uploads\/2024\/07\/eficiencia-energetica-dibujo-son-ecologicos-2.jpg",589,280,false]},"author_info":{"display_name":"apuntesdesanluis.com","author_link":"https:\/\/apuntesdesanluis.com\/index.php\/author\/apuntesdesanluis-com\/"},"category_info":"<a href=\"https:\/\/apuntesdesanluis.com\/index.php\/category\/ciudad-provincia\/\" rel=\"category tag\">Ciudad\/Provincia<\/a>","tag_info":"Ciudad\/Provincia","comment_count":"0","_links":{"self":[{"href":"https:\/\/apuntesdesanluis.com\/index.php\/wp-json\/wp\/v2\/posts\/19018","targetHints":{"allow":["GET"]}}],"collection":[{"href":"https:\/\/apuntesdesanluis.com\/index.php\/wp-json\/wp\/v2\/posts"}],"about":[{"href":"https:\/\/apuntesdesanluis.com\/index.php\/wp-json\/wp\/v2\/types\/post"}],"author":[{"embeddable":true,"href":"https:\/\/apuntesdesanluis.com\/index.php\/wp-json\/wp\/v2\/users\/1"}],"replies":[{"embeddable":true,"href":"https:\/\/apuntesdesanluis.com\/index.php\/wp-json\/wp\/v2\/comments?post=19018"}],"version-history":[{"count":1,"href":"https:\/\/apuntesdesanluis.com\/index.php\/wp-json\/wp\/v2\/posts\/19018\/revisions"}],"predecessor-version":[{"id":19020,"href":"https:\/\/apuntesdesanluis.com\/index.php\/wp-json\/wp\/v2\/posts\/19018\/revisions\/19020"}],"wp:featuredmedia":[{"embeddable":true,"href":"https:\/\/apuntesdesanluis.com\/index.php\/wp-json\/wp\/v2\/media\/19019"}],"wp:attachment":[{"href":"https:\/\/apuntesdesanluis.com\/index.php\/wp-json\/wp\/v2\/media?parent=19018"}],"wp:term":[{"taxonomy":"category","embeddable":true,"href":"https:\/\/apuntesdesanluis.com\/index.php\/wp-json\/wp\/v2\/categories?post=19018"},{"taxonomy":"post_tag","embeddable":true,"href":"https:\/\/apuntesdesanluis.com\/index.php\/wp-json\/wp\/v2\/tags?post=19018"}],"curies":[{"name":"wp","href":"https:\/\/api.w.org\/{rel}","templated":true}]}}