{"id":19024,"date":"2024-07-12T21:35:36","date_gmt":"2024-07-13T00:35:36","guid":{"rendered":"https:\/\/apuntesdesanluis.com\/?p=19024"},"modified":"2024-07-12T21:35:11","modified_gmt":"2024-07-13T00:35:11","slug":"confirman-que-el-sabado-13-haran-la-limpieza-del-tanque-de-obras-sanitarias","status":"publish","type":"post","link":"https:\/\/apuntesdesanluis.com\/index.php\/2024\/07\/12\/confirman-que-el-sabado-13-haran-la-limpieza-del-tanque-de-obras-sanitarias\/","title":{"rendered":"ESTE S\u00c1BADO 13 HAR\u00c1N LA LIMPIEZA DEL TANQUE DE OBRAS SANITARIAS"},"content":{"rendered":"<h3>A pocos meses de celebrarse el centenario del tanque elevado de <strong>Obras Sanitarias Mercedes<\/strong>, este s\u00e1bado 13 se concretar\u00e1 un gran operativo de limpieza.<\/h3>\n<h3>La empresa comunic\u00f3 que por ese motivo deber\u00e1 interrumpir el paso del agua durante todo el d\u00eda en la zona comprendida entre las calles <strong>Pringles, Aviador Origone, Presidente Per\u00f3n y Juan Sa\u00e1<\/strong>. En los barrios aleda\u00f1os a ese sector tambi\u00e9n podr\u00edan sentir una merma en la presi\u00f3n.<\/h3>\n<p><img fetchpriority=\"high\" decoding=\"async\" class=\"wp-image-19025 aligncenter\" src=\"https:\/\/apuntesdesanluis.com\/wp-content\/uploads\/2024\/07\/limpieza-del-tanque-240x300.jpg\" alt=\"\" width=\"492\" height=\"615\" srcset=\"https:\/\/apuntesdesanluis.com\/wp-content\/uploads\/2024\/07\/limpieza-del-tanque-240x300.jpg 240w, https:\/\/apuntesdesanluis.com\/wp-content\/uploads\/2024\/07\/limpieza-del-tanque.jpg 480w\" sizes=\"(max-width: 492px) 100vw, 492px\" \/><\/p>\n<h3>Adem\u00e1s, se cortar\u00e1 el tr\u00e1nsito desde las 7 de la ma\u00f1ana en la calle Belgrano desde Fuerte Constitucional hasta Pescadores y en el tramo de Fuerte Constitucional que va desde Belgrano hasta Pedernera.<\/h3>\n<h3>Obras Sanitarias recomend\u00f3 a los vecinos que tomen las precauciones necesarias para contar con reservas de agua durante el s\u00e1bado. El servicio ser\u00e1 restablecido paulatinamente el domingo 14, para que el lunes 15 est\u00e9 completamente normalizado.<\/h3>\n<p><img decoding=\"async\" class=\"wp-image-19026 aligncenter\" src=\"https:\/\/apuntesdesanluis.com\/wp-content\/uploads\/2024\/07\/zona-afectada-240x300.jpg\" alt=\"\" width=\"492\" height=\"615\" srcset=\"https:\/\/apuntesdesanluis.com\/wp-content\/uploads\/2024\/07\/zona-afectada-240x300.jpg 240w, https:\/\/apuntesdesanluis.com\/wp-content\/uploads\/2024\/07\/zona-afectada.jpg 480w\" sizes=\"(max-width: 492px) 100vw, 492px\" \/><\/p>\n<h3>Este trabajo es parte de un plan de optimizaci\u00f3n de todo el sistema de distribuci\u00f3n de agua que se lleva adelante en los \u00faltimos a\u00f1os, que incluye la reparaci\u00f3n y limpieza de decantadores, flocuradores y otros sectores de las plantas Dique Vulpiani y La Ribera.<\/h3>\n<p>&nbsp;<\/p>\n<p>&nbsp;<\/p>\n<p>&nbsp;<\/p>\n<p>&nbsp;<\/p>\n<p>&nbsp;<\/p>\n<p>&nbsp;<\/p>\n","protected":false},"excerpt":{"rendered":"<p>A pocos meses de celebrarse el centenario del tanque elevado de Obras Sanitarias Mercedes, este&#8230;<\/p>\n","protected":false},"author":1,"featured_media":573,"comment_status":"closed","ping_status":"closed","sticky":false,"template":"","format":"standard","meta":{"footnotes":""},"categories":[6],"tags":[],"class_list":["post-19024","post","type-post","status-publish","format-standard","has-post-thumbnail","hentry","category-ciudad-provincia"],"yoast_head":"<!-- This site is optimized with the Yoast SEO plugin v26.1.1 - https:\/\/yoast.com\/wordpress\/plugins\/seo\/ -->\n<title>ESTE S\u00c1BADO 13 HAR\u00c1N LA LIMPIEZA DEL TANQUE DE OBRAS SANITARIAS - Apuntes de San Luis<\/title>\n<meta name=\"robots\" content=\"index, follow, max-snippet:-1, max-image-preview:large, max-video-preview:-1\" \/>\n<link rel=\"canonical\" href=\"https:\/\/apuntesdesanluis.com\/index.php\/2024\/07\/12\/confirman-que-el-sabado-13-haran-la-limpieza-del-tanque-de-obras-sanitarias\/\" \/>\n<meta property=\"og:locale\" content=\"es_ES\" \/>\n<meta property=\"og:type\" content=\"article\" \/>\n<meta property=\"og:title\" content=\"ESTE S\u00c1BADO 13 HAR\u00c1N LA LIMPIEZA DEL TANQUE DE OBRAS SANITARIAS - Apuntes de San Luis\" \/>\n<meta property=\"og:description\" content=\"A pocos meses de celebrarse el centenario del tanque elevado de Obras Sanitarias Mercedes, este...\" \/>\n<meta property=\"og:url\" content=\"https:\/\/apuntesdesanluis.com\/index.php\/2024\/07\/12\/confirman-que-el-sabado-13-haran-la-limpieza-del-tanque-de-obras-sanitarias\/\" \/>\n<meta property=\"og:site_name\" content=\"Apuntes de San Luis\" \/>\n<meta property=\"article:published_time\" content=\"2024-07-13T00:35:36+00:00\" \/>\n<meta property=\"og:image\" content=\"https:\/\/apuntesdesanluis.com\/wp-content\/uploads\/2023\/07\/tanque-osm-apuntes.png\" \/>\n\t<meta property=\"og:image:width\" content=\"500\" \/>\n\t<meta property=\"og:image:height\" content=\"315\" \/>\n\t<meta property=\"og:image:type\" content=\"image\/png\" \/>\n<meta name=\"author\" content=\"apuntesdesanluis.com\" \/>\n<meta name=\"twitter:card\" content=\"summary_large_image\" \/>\n<meta name=\"twitter:label1\" content=\"Escrito por\" \/>\n\t<meta name=\"twitter:data1\" content=\"apuntesdesanluis.com\" \/>\n\t<meta name=\"twitter:label2\" content=\"Tiempo de lectura\" \/>\n\t<meta name=\"twitter:data2\" content=\"2 minutos\" \/>\n<script type=\"application\/ld+json\" class=\"yoast-schema-graph\">{\"@context\":\"https:\/\/schema.org\",\"@graph\":[{\"@type\":\"Article\",\"@id\":\"https:\/\/apuntesdesanluis.com\/index.php\/2024\/07\/12\/confirman-que-el-sabado-13-haran-la-limpieza-del-tanque-de-obras-sanitarias\/#article\",\"isPartOf\":{\"@id\":\"https:\/\/apuntesdesanluis.com\/index.php\/2024\/07\/12\/confirman-que-el-sabado-13-haran-la-limpieza-del-tanque-de-obras-sanitarias\/\"},\"author\":{\"name\":\"apuntesdesanluis.com\",\"@id\":\"https:\/\/apuntesdesanluis.com\/#\/schema\/person\/b55151d52296fcce64d1a72538a70b90\"},\"headline\":\"ESTE S\u00c1BADO 13 HAR\u00c1N LA LIMPIEZA DEL TANQUE DE OBRAS SANITARIAS\",\"datePublished\":\"2024-07-13T00:35:36+00:00\",\"mainEntityOfPage\":{\"@id\":\"https:\/\/apuntesdesanluis.com\/index.php\/2024\/07\/12\/confirman-que-el-sabado-13-haran-la-limpieza-del-tanque-de-obras-sanitarias\/\"},\"wordCount\":214,\"publisher\":{\"@id\":\"https:\/\/apuntesdesanluis.com\/#\/schema\/person\/b55151d52296fcce64d1a72538a70b90\"},\"image\":{\"@id\":\"https:\/\/apuntesdesanluis.com\/index.php\/2024\/07\/12\/confirman-que-el-sabado-13-haran-la-limpieza-del-tanque-de-obras-sanitarias\/#primaryimage\"},\"thumbnailUrl\":\"https:\/\/apuntesdesanluis.com\/wp-content\/uploads\/2023\/07\/tanque-osm-apuntes.png\",\"articleSection\":[\"Ciudad\/Provincia\"],\"inLanguage\":\"es-AR\"},{\"@type\":\"WebPage\",\"@id\":\"https:\/\/apuntesdesanluis.com\/index.php\/2024\/07\/12\/confirman-que-el-sabado-13-haran-la-limpieza-del-tanque-de-obras-sanitarias\/\",\"url\":\"https:\/\/apuntesdesanluis.com\/index.php\/2024\/07\/12\/confirman-que-el-sabado-13-haran-la-limpieza-del-tanque-de-obras-sanitarias\/\",\"name\":\"ESTE S\u00c1BADO 13 HAR\u00c1N LA LIMPIEZA DEL TANQUE DE OBRAS SANITARIAS - Apuntes de San Luis\",\"isPartOf\":{\"@id\":\"https:\/\/apuntesdesanluis.com\/#website\"},\"primaryImageOfPage\":{\"@id\":\"https:\/\/apuntesdesanluis.com\/index.php\/2024\/07\/12\/confirman-que-el-sabado-13-haran-la-limpieza-del-tanque-de-obras-sanitarias\/#primaryimage\"},\"image\":{\"@id\":\"https:\/\/apuntesdesanluis.com\/index.php\/2024\/07\/12\/confirman-que-el-sabado-13-haran-la-limpieza-del-tanque-de-obras-sanitarias\/#primaryimage\"},\"thumbnailUrl\":\"https:\/\/apuntesdesanluis.com\/wp-content\/uploads\/2023\/07\/tanque-osm-apuntes.png\",\"datePublished\":\"2024-07-13T00:35:36+00:00\",\"breadcrumb\":{\"@id\":\"https:\/\/apuntesdesanluis.com\/index.php\/2024\/07\/12\/confirman-que-el-sabado-13-haran-la-limpieza-del-tanque-de-obras-sanitarias\/#breadcrumb\"},\"inLanguage\":\"es-AR\",\"potentialAction\":[{\"@type\":\"ReadAction\",\"target\":[\"https:\/\/apuntesdesanluis.com\/index.php\/2024\/07\/12\/confirman-que-el-sabado-13-haran-la-limpieza-del-tanque-de-obras-sanitarias\/\"]}]},{\"@type\":\"ImageObject\",\"inLanguage\":\"es-AR\",\"@id\":\"https:\/\/apuntesdesanluis.com\/index.php\/2024\/07\/12\/confirman-que-el-sabado-13-haran-la-limpieza-del-tanque-de-obras-sanitarias\/#primaryimage\",\"url\":\"https:\/\/apuntesdesanluis.com\/wp-content\/uploads\/2023\/07\/tanque-osm-apuntes.png\",\"contentUrl\":\"https:\/\/apuntesdesanluis.com\/wp-content\/uploads\/2023\/07\/tanque-osm-apuntes.png\",\"width\":500,\"height\":315},{\"@type\":\"BreadcrumbList\",\"@id\":\"https:\/\/apuntesdesanluis.com\/index.php\/2024\/07\/12\/confirman-que-el-sabado-13-haran-la-limpieza-del-tanque-de-obras-sanitarias\/#breadcrumb\",\"itemListElement\":[{\"@type\":\"ListItem\",\"position\":1,\"name\":\"Inicio\",\"item\":\"https:\/\/apuntesdesanluis.com\/\"},{\"@type\":\"ListItem\",\"position\":2,\"name\":\"ESTE S\u00c1BADO 13 HAR\u00c1N LA LIMPIEZA DEL TANQUE DE OBRAS SANITARIAS\"}]},{\"@type\":\"WebSite\",\"@id\":\"https:\/\/apuntesdesanluis.com\/#website\",\"url\":\"https:\/\/apuntesdesanluis.com\/\",\"name\":\"Apuntes de San Luis\",\"description\":\"\",\"publisher\":{\"@id\":\"https:\/\/apuntesdesanluis.com\/#\/schema\/person\/b55151d52296fcce64d1a72538a70b90\"},\"potentialAction\":[{\"@type\":\"SearchAction\",\"target\":{\"@type\":\"EntryPoint\",\"urlTemplate\":\"https:\/\/apuntesdesanluis.com\/?s={search_term_string}\"},\"query-input\":{\"@type\":\"PropertyValueSpecification\",\"valueRequired\":true,\"valueName\":\"search_term_string\"}}],\"inLanguage\":\"es-AR\"},{\"@type\":[\"Person\",\"Organization\"],\"@id\":\"https:\/\/apuntesdesanluis.com\/#\/schema\/person\/b55151d52296fcce64d1a72538a70b90\",\"name\":\"apuntesdesanluis.com\",\"image\":{\"@type\":\"ImageObject\",\"inLanguage\":\"es-AR\",\"@id\":\"https:\/\/apuntesdesanluis.com\/#\/schema\/person\/image\/\",\"url\":\"https:\/\/apuntesdesanluis.com\/wp-content\/uploads\/2023\/07\/cropped-apuntesdesanluis.png\",\"contentUrl\":\"https:\/\/apuntesdesanluis.com\/wp-content\/uploads\/2023\/07\/cropped-apuntesdesanluis.png\",\"width\":450,\"height\":112,\"caption\":\"apuntesdesanluis.com\"},\"logo\":{\"@id\":\"https:\/\/apuntesdesanluis.com\/#\/schema\/person\/image\/\"},\"sameAs\":[\"https:\/\/apuntesdesanluis.com\"],\"url\":\"https:\/\/apuntesdesanluis.com\/index.php\/author\/apuntesdesanluis-com\/\"}]}<\/script>\n<!-- \/ Yoast SEO plugin. -->","yoast_head_json":{"title":"ESTE S\u00c1BADO 13 HAR\u00c1N LA LIMPIEZA DEL TANQUE DE OBRAS SANITARIAS - Apuntes de San Luis","robots":{"index":"index","follow":"follow","max-snippet":"max-snippet:-1","max-image-preview":"max-image-preview:large","max-video-preview":"max-video-preview:-1"},"canonical":"https:\/\/apuntesdesanluis.com\/index.php\/2024\/07\/12\/confirman-que-el-sabado-13-haran-la-limpieza-del-tanque-de-obras-sanitarias\/","og_locale":"es_ES","og_type":"article","og_title":"ESTE S\u00c1BADO 13 HAR\u00c1N LA LIMPIEZA DEL TANQUE DE OBRAS SANITARIAS - Apuntes de San Luis","og_description":"A pocos meses de celebrarse el centenario del tanque elevado de Obras Sanitarias Mercedes, este...","og_url":"https:\/\/apuntesdesanluis.com\/index.php\/2024\/07\/12\/confirman-que-el-sabado-13-haran-la-limpieza-del-tanque-de-obras-sanitarias\/","og_site_name":"Apuntes de San Luis","article_published_time":"2024-07-13T00:35:36+00:00","og_image":[{"width":500,"height":315,"url":"https:\/\/apuntesdesanluis.com\/wp-content\/uploads\/2023\/07\/tanque-osm-apuntes.png","type":"image\/png"}],"author":"apuntesdesanluis.com","twitter_card":"summary_large_image","twitter_misc":{"Escrito por":"apuntesdesanluis.com","Tiempo de lectura":"2 minutos"},"schema":{"@context":"https:\/\/schema.org","@graph":[{"@type":"Article","@id":"https:\/\/apuntesdesanluis.com\/index.php\/2024\/07\/12\/confirman-que-el-sabado-13-haran-la-limpieza-del-tanque-de-obras-sanitarias\/#article","isPartOf":{"@id":"https:\/\/apuntesdesanluis.com\/index.php\/2024\/07\/12\/confirman-que-el-sabado-13-haran-la-limpieza-del-tanque-de-obras-sanitarias\/"},"author":{"name":"apuntesdesanluis.com","@id":"https:\/\/apuntesdesanluis.com\/#\/schema\/person\/b55151d52296fcce64d1a72538a70b90"},"headline":"ESTE S\u00c1BADO 13 HAR\u00c1N LA LIMPIEZA DEL TANQUE DE OBRAS SANITARIAS","datePublished":"2024-07-13T00:35:36+00:00","mainEntityOfPage":{"@id":"https:\/\/apuntesdesanluis.com\/index.php\/2024\/07\/12\/confirman-que-el-sabado-13-haran-la-limpieza-del-tanque-de-obras-sanitarias\/"},"wordCount":214,"publisher":{"@id":"https:\/\/apuntesdesanluis.com\/#\/schema\/person\/b55151d52296fcce64d1a72538a70b90"},"image":{"@id":"https:\/\/apuntesdesanluis.com\/index.php\/2024\/07\/12\/confirman-que-el-sabado-13-haran-la-limpieza-del-tanque-de-obras-sanitarias\/#primaryimage"},"thumbnailUrl":"https:\/\/apuntesdesanluis.com\/wp-content\/uploads\/2023\/07\/tanque-osm-apuntes.png","articleSection":["Ciudad\/Provincia"],"inLanguage":"es-AR"},{"@type":"WebPage","@id":"https:\/\/apuntesdesanluis.com\/index.php\/2024\/07\/12\/confirman-que-el-sabado-13-haran-la-limpieza-del-tanque-de-obras-sanitarias\/","url":"https:\/\/apuntesdesanluis.com\/index.php\/2024\/07\/12\/confirman-que-el-sabado-13-haran-la-limpieza-del-tanque-de-obras-sanitarias\/","name":"ESTE S\u00c1BADO 13 HAR\u00c1N LA LIMPIEZA DEL TANQUE DE OBRAS SANITARIAS - Apuntes de San Luis","isPartOf":{"@id":"https:\/\/apuntesdesanluis.com\/#website"},"primaryImageOfPage":{"@id":"https:\/\/apuntesdesanluis.com\/index.php\/2024\/07\/12\/confirman-que-el-sabado-13-haran-la-limpieza-del-tanque-de-obras-sanitarias\/#primaryimage"},"image":{"@id":"https:\/\/apuntesdesanluis.com\/index.php\/2024\/07\/12\/confirman-que-el-sabado-13-haran-la-limpieza-del-tanque-de-obras-sanitarias\/#primaryimage"},"thumbnailUrl":"https:\/\/apuntesdesanluis.com\/wp-content\/uploads\/2023\/07\/tanque-osm-apuntes.png","datePublished":"2024-07-13T00:35:36+00:00","breadcrumb":{"@id":"https:\/\/apuntesdesanluis.com\/index.php\/2024\/07\/12\/confirman-que-el-sabado-13-haran-la-limpieza-del-tanque-de-obras-sanitarias\/#breadcrumb"},"inLanguage":"es-AR","potentialAction":[{"@type":"ReadAction","target":["https:\/\/apuntesdesanluis.com\/index.php\/2024\/07\/12\/confirman-que-el-sabado-13-haran-la-limpieza-del-tanque-de-obras-sanitarias\/"]}]},{"@type":"ImageObject","inLanguage":"es-AR","@id":"https:\/\/apuntesdesanluis.com\/index.php\/2024\/07\/12\/confirman-que-el-sabado-13-haran-la-limpieza-del-tanque-de-obras-sanitarias\/#primaryimage","url":"https:\/\/apuntesdesanluis.com\/wp-content\/uploads\/2023\/07\/tanque-osm-apuntes.png","contentUrl":"https:\/\/apuntesdesanluis.com\/wp-content\/uploads\/2023\/07\/tanque-osm-apuntes.png","width":500,"height":315},{"@type":"BreadcrumbList","@id":"https:\/\/apuntesdesanluis.com\/index.php\/2024\/07\/12\/confirman-que-el-sabado-13-haran-la-limpieza-del-tanque-de-obras-sanitarias\/#breadcrumb","itemListElement":[{"@type":"ListItem","position":1,"name":"Inicio","item":"https:\/\/apuntesdesanluis.com\/"},{"@type":"ListItem","position":2,"name":"ESTE S\u00c1BADO 13 HAR\u00c1N LA LIMPIEZA DEL TANQUE DE OBRAS SANITARIAS"}]},{"@type":"WebSite","@id":"https:\/\/apuntesdesanluis.com\/#website","url":"https:\/\/apuntesdesanluis.com\/","name":"Apuntes de San Luis","description":"","publisher":{"@id":"https:\/\/apuntesdesanluis.com\/#\/schema\/person\/b55151d52296fcce64d1a72538a70b90"},"potentialAction":[{"@type":"SearchAction","target":{"@type":"EntryPoint","urlTemplate":"https:\/\/apuntesdesanluis.com\/?s={search_term_string}"},"query-input":{"@type":"PropertyValueSpecification","valueRequired":true,"valueName":"search_term_string"}}],"inLanguage":"es-AR"},{"@type":["Person","Organization"],"@id":"https:\/\/apuntesdesanluis.com\/#\/schema\/person\/b55151d52296fcce64d1a72538a70b90","name":"apuntesdesanluis.com","image":{"@type":"ImageObject","inLanguage":"es-AR","@id":"https:\/\/apuntesdesanluis.com\/#\/schema\/person\/image\/","url":"https:\/\/apuntesdesanluis.com\/wp-content\/uploads\/2023\/07\/cropped-apuntesdesanluis.png","contentUrl":"https:\/\/apuntesdesanluis.com\/wp-content\/uploads\/2023\/07\/cropped-apuntesdesanluis.png","width":450,"height":112,"caption":"apuntesdesanluis.com"},"logo":{"@id":"https:\/\/apuntesdesanluis.com\/#\/schema\/person\/image\/"},"sameAs":["https:\/\/apuntesdesanluis.com"],"url":"https:\/\/apuntesdesanluis.com\/index.php\/author\/apuntesdesanluis-com\/"}]}},"featured_image_urls":{"full":["https:\/\/apuntesdesanluis.com\/wp-content\/uploads\/2023\/07\/tanque-osm-apuntes.png",500,315,false],"thumbnail":["https:\/\/apuntesdesanluis.com\/wp-content\/uploads\/2023\/07\/tanque-osm-apuntes-150x150.png",150,150,true],"medium":["https:\/\/apuntesdesanluis.com\/wp-content\/uploads\/2023\/07\/tanque-osm-apuntes-300x189.png",300,189,true],"medium_large":["https:\/\/apuntesdesanluis.com\/wp-content\/uploads\/2023\/07\/tanque-osm-apuntes.png",500,315,false],"large":["https:\/\/apuntesdesanluis.com\/wp-content\/uploads\/2023\/07\/tanque-osm-apuntes.png",500,315,false],"1536x1536":["https:\/\/apuntesdesanluis.com\/wp-content\/uploads\/2023\/07\/tanque-osm-apuntes.png",500,315,false],"2048x2048":["https:\/\/apuntesdesanluis.com\/wp-content\/uploads\/2023\/07\/tanque-osm-apuntes.png",500,315,false],"newsever-slider-full":["https:\/\/apuntesdesanluis.com\/wp-content\/uploads\/2023\/07\/tanque-osm-apuntes.png",500,315,false],"newsever-featured":["https:\/\/apuntesdesanluis.com\/wp-content\/uploads\/2023\/07\/tanque-osm-apuntes.png",500,315,false],"newsever-medium":["https:\/\/apuntesdesanluis.com\/wp-content\/uploads\/2023\/07\/tanque-osm-apuntes.png",500,315,false]},"author_info":{"display_name":"apuntesdesanluis.com","author_link":"https:\/\/apuntesdesanluis.com\/index.php\/author\/apuntesdesanluis-com\/"},"category_info":"<a href=\"https:\/\/apuntesdesanluis.com\/index.php\/category\/ciudad-provincia\/\" rel=\"category tag\">Ciudad\/Provincia<\/a>","tag_info":"Ciudad\/Provincia","comment_count":"0","_links":{"self":[{"href":"https:\/\/apuntesdesanluis.com\/index.php\/wp-json\/wp\/v2\/posts\/19024","targetHints":{"allow":["GET"]}}],"collection":[{"href":"https:\/\/apuntesdesanluis.com\/index.php\/wp-json\/wp\/v2\/posts"}],"about":[{"href":"https:\/\/apuntesdesanluis.com\/index.php\/wp-json\/wp\/v2\/types\/post"}],"author":[{"embeddable":true,"href":"https:\/\/apuntesdesanluis.com\/index.php\/wp-json\/wp\/v2\/users\/1"}],"replies":[{"embeddable":true,"href":"https:\/\/apuntesdesanluis.com\/index.php\/wp-json\/wp\/v2\/comments?post=19024"}],"version-history":[{"count":2,"href":"https:\/\/apuntesdesanluis.com\/index.php\/wp-json\/wp\/v2\/posts\/19024\/revisions"}],"predecessor-version":[{"id":19188,"href":"https:\/\/apuntesdesanluis.com\/index.php\/wp-json\/wp\/v2\/posts\/19024\/revisions\/19188"}],"wp:featuredmedia":[{"embeddable":true,"href":"https:\/\/apuntesdesanluis.com\/index.php\/wp-json\/wp\/v2\/media\/573"}],"wp:attachment":[{"href":"https:\/\/apuntesdesanluis.com\/index.php\/wp-json\/wp\/v2\/media?parent=19024"}],"wp:term":[{"taxonomy":"category","embeddable":true,"href":"https:\/\/apuntesdesanluis.com\/index.php\/wp-json\/wp\/v2\/categories?post=19024"},{"taxonomy":"post_tag","embeddable":true,"href":"https:\/\/apuntesdesanluis.com\/index.php\/wp-json\/wp\/v2\/tags?post=19024"}],"curies":[{"name":"wp","href":"https:\/\/api.w.org\/{rel}","templated":true}]}}