{"id":19056,"date":"2024-07-11T17:04:50","date_gmt":"2024-07-11T20:04:50","guid":{"rendered":"https:\/\/apuntesdesanluis.com\/?p=19056"},"modified":"2024-07-11T17:06:11","modified_gmt":"2024-07-11T20:06:11","slug":"organizan-en-villa-mercedes-el-primer-encuentro-nacional-de-buceo-inclusivo","status":"publish","type":"post","link":"https:\/\/apuntesdesanluis.com\/index.php\/2024\/07\/11\/organizan-en-villa-mercedes-el-primer-encuentro-nacional-de-buceo-inclusivo\/","title":{"rendered":"ORGANIZAN EN VILLA MERCEDES EL PRIMER ENCUENTRO NACIONAL DE BUCEO INCLUSIVO"},"content":{"rendered":"<h3>El pr\u00f3ximo 20 de julio marcar\u00e1 un hito en la inclusi\u00f3n y el deporte adaptado en Villa Mercedes con la celebraci\u00f3n del Primer Encuentro Nacional de Buceo Inclusivo. Organizado por la <strong>Escuela \u2018Mercedes Buceo\u2019<\/strong> y la <strong>Secretar\u00eda de Personas con Discapacidad<\/strong>, en conjunto con la Direcci\u00f3n del <strong>Parque La Pedrera<\/strong>, el evento busca ofrecer una experiencia transformadora a personas con discapacidad.<\/h3>\n<h3>Participar\u00e1n instructores especializados de La Pampa, Buenos Aires, San Juan, C\u00f3rdoba y San Luis, que contar\u00e1n con la colaboraci\u00f3n del Club de Salvamento Acu\u00e1tico de Villa Mercedes y alumnos de la Escuela de Guardavidas \u2018AMGAA\u2019.<\/h3>\n<p><img fetchpriority=\"high\" decoding=\"async\" class=\"wp-image-19058 aligncenter\" src=\"https:\/\/apuntesdesanluis.com\/wp-content\/uploads\/2024\/07\/buceo-adaptado_03-2048x1365-1-300x190.jpg\" alt=\"\" width=\"546\" height=\"346\" srcset=\"https:\/\/apuntesdesanluis.com\/wp-content\/uploads\/2024\/07\/buceo-adaptado_03-2048x1365-1-300x190.jpg 300w, https:\/\/apuntesdesanluis.com\/wp-content\/uploads\/2024\/07\/buceo-adaptado_03-2048x1365-1.jpg 681w\" sizes=\"(max-width: 546px) 100vw, 546px\" \/><\/p>\n<h3>El buceo adaptado no solo ofrece beneficios f\u00edsicos y mentales, sino que tambi\u00e9n abre nuevas posibilidades de exploraci\u00f3n y aventura.<\/h3>\n<h3>Los organizadores esperan la participaci\u00f3n de aproximadamente 100 personas con y sin discapacidad, que ser\u00e1n divididas en grupos de 25 para recibir una atenci\u00f3n m\u00e1s personalizada por parte de un equipo de profesionales y especialistas en superficie. Los instructores buscan garantizar que cada participante pueda explorar y disfrutar del buceo de manera segura y controlada.<\/h3>\n<h3>Adem\u00e1s, se proporcionar\u00e1 el equipamiento t\u00e9cnico necesario adaptado a diversas edades y condiciones f\u00edsicas, asegurando una experiencia inclusiva y accesible para todos.<\/h3>\n<h3>La secretar\u00eda de Personas con Discapacidad de Villa Mercedes ha extendido una invitaci\u00f3n especial a todas las escuelas integrales y organizaciones no gubernamentales de la provincia, con el objetivo de fomentar la participaci\u00f3n y el acceso equitativo a esta actividad enriquecedora.<\/h3>\n<h3>La cita es el s\u00e1bado 20 de julio de 10:00 a 18:00, en las instalaciones de<strong> \u2018Le Parc Club\u2019.<\/strong><\/h3>\n<p>&nbsp;<\/p>\n<p>&nbsp;<\/p>\n<p>&nbsp;<\/p>\n","protected":false},"excerpt":{"rendered":"<p>El pr\u00f3ximo 20 de julio marcar\u00e1 un hito en la inclusi\u00f3n y el deporte adaptado&#8230;<\/p>\n","protected":false},"author":1,"featured_media":19057,"comment_status":"closed","ping_status":"closed","sticky":false,"template":"","format":"standard","meta":{"footnotes":""},"categories":[6],"tags":[],"class_list":["post-19056","post","type-post","status-publish","format-standard","has-post-thumbnail","hentry","category-ciudad-provincia"],"yoast_head":"<!-- This site is optimized with the Yoast SEO plugin v26.1.1 - https:\/\/yoast.com\/wordpress\/plugins\/seo\/ -->\n<title>ORGANIZAN EN VILLA MERCEDES EL PRIMER ENCUENTRO NACIONAL DE BUCEO INCLUSIVO - Apuntes de San Luis<\/title>\n<meta name=\"robots\" content=\"index, follow, max-snippet:-1, max-image-preview:large, max-video-preview:-1\" \/>\n<link rel=\"canonical\" href=\"https:\/\/apuntesdesanluis.com\/index.php\/2024\/07\/11\/organizan-en-villa-mercedes-el-primer-encuentro-nacional-de-buceo-inclusivo\/\" \/>\n<meta property=\"og:locale\" content=\"es_ES\" \/>\n<meta property=\"og:type\" content=\"article\" \/>\n<meta property=\"og:title\" content=\"ORGANIZAN EN VILLA MERCEDES EL PRIMER ENCUENTRO NACIONAL DE BUCEO INCLUSIVO - Apuntes de San Luis\" \/>\n<meta property=\"og:description\" content=\"El pr\u00f3ximo 20 de julio marcar\u00e1 un hito en la inclusi\u00f3n y el deporte adaptado...\" \/>\n<meta property=\"og:url\" content=\"https:\/\/apuntesdesanluis.com\/index.php\/2024\/07\/11\/organizan-en-villa-mercedes-el-primer-encuentro-nacional-de-buceo-inclusivo\/\" \/>\n<meta property=\"og:site_name\" content=\"Apuntes de San Luis\" \/>\n<meta property=\"article:published_time\" content=\"2024-07-11T20:04:50+00:00\" \/>\n<meta property=\"article:modified_time\" content=\"2024-07-11T20:06:11+00:00\" \/>\n<meta property=\"og:image\" content=\"https:\/\/apuntesdesanluis.com\/wp-content\/uploads\/2024\/07\/buceo-adaptado_01-2048x1365-1.jpg\" \/>\n\t<meta property=\"og:image:width\" content=\"644\" \/>\n\t<meta property=\"og:image:height\" content=\"431\" \/>\n\t<meta property=\"og:image:type\" content=\"image\/jpeg\" \/>\n<meta name=\"author\" content=\"apuntesdesanluis.com\" \/>\n<meta name=\"twitter:card\" content=\"summary_large_image\" \/>\n<meta name=\"twitter:label1\" content=\"Escrito por\" \/>\n\t<meta name=\"twitter:data1\" content=\"apuntesdesanluis.com\" \/>\n\t<meta name=\"twitter:label2\" content=\"Tiempo de lectura\" \/>\n\t<meta name=\"twitter:data2\" content=\"2 minutos\" \/>\n<script type=\"application\/ld+json\" class=\"yoast-schema-graph\">{\"@context\":\"https:\/\/schema.org\",\"@graph\":[{\"@type\":\"Article\",\"@id\":\"https:\/\/apuntesdesanluis.com\/index.php\/2024\/07\/11\/organizan-en-villa-mercedes-el-primer-encuentro-nacional-de-buceo-inclusivo\/#article\",\"isPartOf\":{\"@id\":\"https:\/\/apuntesdesanluis.com\/index.php\/2024\/07\/11\/organizan-en-villa-mercedes-el-primer-encuentro-nacional-de-buceo-inclusivo\/\"},\"author\":{\"name\":\"apuntesdesanluis.com\",\"@id\":\"https:\/\/apuntesdesanluis.com\/#\/schema\/person\/b55151d52296fcce64d1a72538a70b90\"},\"headline\":\"ORGANIZAN EN VILLA MERCEDES EL PRIMER ENCUENTRO NACIONAL DE BUCEO INCLUSIVO\",\"datePublished\":\"2024-07-11T20:04:50+00:00\",\"dateModified\":\"2024-07-11T20:06:11+00:00\",\"mainEntityOfPage\":{\"@id\":\"https:\/\/apuntesdesanluis.com\/index.php\/2024\/07\/11\/organizan-en-villa-mercedes-el-primer-encuentro-nacional-de-buceo-inclusivo\/\"},\"wordCount\":285,\"publisher\":{\"@id\":\"https:\/\/apuntesdesanluis.com\/#\/schema\/person\/b55151d52296fcce64d1a72538a70b90\"},\"image\":{\"@id\":\"https:\/\/apuntesdesanluis.com\/index.php\/2024\/07\/11\/organizan-en-villa-mercedes-el-primer-encuentro-nacional-de-buceo-inclusivo\/#primaryimage\"},\"thumbnailUrl\":\"https:\/\/apuntesdesanluis.com\/wp-content\/uploads\/2024\/07\/buceo-adaptado_01-2048x1365-1.jpg\",\"articleSection\":[\"Ciudad\/Provincia\"],\"inLanguage\":\"es-AR\"},{\"@type\":\"WebPage\",\"@id\":\"https:\/\/apuntesdesanluis.com\/index.php\/2024\/07\/11\/organizan-en-villa-mercedes-el-primer-encuentro-nacional-de-buceo-inclusivo\/\",\"url\":\"https:\/\/apuntesdesanluis.com\/index.php\/2024\/07\/11\/organizan-en-villa-mercedes-el-primer-encuentro-nacional-de-buceo-inclusivo\/\",\"name\":\"ORGANIZAN EN VILLA MERCEDES EL PRIMER ENCUENTRO NACIONAL DE BUCEO INCLUSIVO - Apuntes de San Luis\",\"isPartOf\":{\"@id\":\"https:\/\/apuntesdesanluis.com\/#website\"},\"primaryImageOfPage\":{\"@id\":\"https:\/\/apuntesdesanluis.com\/index.php\/2024\/07\/11\/organizan-en-villa-mercedes-el-primer-encuentro-nacional-de-buceo-inclusivo\/#primaryimage\"},\"image\":{\"@id\":\"https:\/\/apuntesdesanluis.com\/index.php\/2024\/07\/11\/organizan-en-villa-mercedes-el-primer-encuentro-nacional-de-buceo-inclusivo\/#primaryimage\"},\"thumbnailUrl\":\"https:\/\/apuntesdesanluis.com\/wp-content\/uploads\/2024\/07\/buceo-adaptado_01-2048x1365-1.jpg\",\"datePublished\":\"2024-07-11T20:04:50+00:00\",\"dateModified\":\"2024-07-11T20:06:11+00:00\",\"breadcrumb\":{\"@id\":\"https:\/\/apuntesdesanluis.com\/index.php\/2024\/07\/11\/organizan-en-villa-mercedes-el-primer-encuentro-nacional-de-buceo-inclusivo\/#breadcrumb\"},\"inLanguage\":\"es-AR\",\"potentialAction\":[{\"@type\":\"ReadAction\",\"target\":[\"https:\/\/apuntesdesanluis.com\/index.php\/2024\/07\/11\/organizan-en-villa-mercedes-el-primer-encuentro-nacional-de-buceo-inclusivo\/\"]}]},{\"@type\":\"ImageObject\",\"inLanguage\":\"es-AR\",\"@id\":\"https:\/\/apuntesdesanluis.com\/index.php\/2024\/07\/11\/organizan-en-villa-mercedes-el-primer-encuentro-nacional-de-buceo-inclusivo\/#primaryimage\",\"url\":\"https:\/\/apuntesdesanluis.com\/wp-content\/uploads\/2024\/07\/buceo-adaptado_01-2048x1365-1.jpg\",\"contentUrl\":\"https:\/\/apuntesdesanluis.com\/wp-content\/uploads\/2024\/07\/buceo-adaptado_01-2048x1365-1.jpg\",\"width\":644,\"height\":431},{\"@type\":\"BreadcrumbList\",\"@id\":\"https:\/\/apuntesdesanluis.com\/index.php\/2024\/07\/11\/organizan-en-villa-mercedes-el-primer-encuentro-nacional-de-buceo-inclusivo\/#breadcrumb\",\"itemListElement\":[{\"@type\":\"ListItem\",\"position\":1,\"name\":\"Inicio\",\"item\":\"https:\/\/apuntesdesanluis.com\/\"},{\"@type\":\"ListItem\",\"position\":2,\"name\":\"ORGANIZAN EN VILLA MERCEDES EL PRIMER ENCUENTRO NACIONAL DE BUCEO INCLUSIVO\"}]},{\"@type\":\"WebSite\",\"@id\":\"https:\/\/apuntesdesanluis.com\/#website\",\"url\":\"https:\/\/apuntesdesanluis.com\/\",\"name\":\"Apuntes de San Luis\",\"description\":\"\",\"publisher\":{\"@id\":\"https:\/\/apuntesdesanluis.com\/#\/schema\/person\/b55151d52296fcce64d1a72538a70b90\"},\"potentialAction\":[{\"@type\":\"SearchAction\",\"target\":{\"@type\":\"EntryPoint\",\"urlTemplate\":\"https:\/\/apuntesdesanluis.com\/?s={search_term_string}\"},\"query-input\":{\"@type\":\"PropertyValueSpecification\",\"valueRequired\":true,\"valueName\":\"search_term_string\"}}],\"inLanguage\":\"es-AR\"},{\"@type\":[\"Person\",\"Organization\"],\"@id\":\"https:\/\/apuntesdesanluis.com\/#\/schema\/person\/b55151d52296fcce64d1a72538a70b90\",\"name\":\"apuntesdesanluis.com\",\"image\":{\"@type\":\"ImageObject\",\"inLanguage\":\"es-AR\",\"@id\":\"https:\/\/apuntesdesanluis.com\/#\/schema\/person\/image\/\",\"url\":\"https:\/\/apuntesdesanluis.com\/wp-content\/uploads\/2023\/07\/cropped-apuntesdesanluis.png\",\"contentUrl\":\"https:\/\/apuntesdesanluis.com\/wp-content\/uploads\/2023\/07\/cropped-apuntesdesanluis.png\",\"width\":450,\"height\":112,\"caption\":\"apuntesdesanluis.com\"},\"logo\":{\"@id\":\"https:\/\/apuntesdesanluis.com\/#\/schema\/person\/image\/\"},\"sameAs\":[\"https:\/\/apuntesdesanluis.com\"],\"url\":\"https:\/\/apuntesdesanluis.com\/index.php\/author\/apuntesdesanluis-com\/\"}]}<\/script>\n<!-- \/ Yoast SEO plugin. -->","yoast_head_json":{"title":"ORGANIZAN EN VILLA MERCEDES EL PRIMER ENCUENTRO NACIONAL DE BUCEO INCLUSIVO - Apuntes de San Luis","robots":{"index":"index","follow":"follow","max-snippet":"max-snippet:-1","max-image-preview":"max-image-preview:large","max-video-preview":"max-video-preview:-1"},"canonical":"https:\/\/apuntesdesanluis.com\/index.php\/2024\/07\/11\/organizan-en-villa-mercedes-el-primer-encuentro-nacional-de-buceo-inclusivo\/","og_locale":"es_ES","og_type":"article","og_title":"ORGANIZAN EN VILLA MERCEDES EL PRIMER ENCUENTRO NACIONAL DE BUCEO INCLUSIVO - Apuntes de San Luis","og_description":"El pr\u00f3ximo 20 de julio marcar\u00e1 un hito en la inclusi\u00f3n y el deporte adaptado...","og_url":"https:\/\/apuntesdesanluis.com\/index.php\/2024\/07\/11\/organizan-en-villa-mercedes-el-primer-encuentro-nacional-de-buceo-inclusivo\/","og_site_name":"Apuntes de San Luis","article_published_time":"2024-07-11T20:04:50+00:00","article_modified_time":"2024-07-11T20:06:11+00:00","og_image":[{"width":644,"height":431,"url":"https:\/\/apuntesdesanluis.com\/wp-content\/uploads\/2024\/07\/buceo-adaptado_01-2048x1365-1.jpg","type":"image\/jpeg"}],"author":"apuntesdesanluis.com","twitter_card":"summary_large_image","twitter_misc":{"Escrito por":"apuntesdesanluis.com","Tiempo de lectura":"2 minutos"},"schema":{"@context":"https:\/\/schema.org","@graph":[{"@type":"Article","@id":"https:\/\/apuntesdesanluis.com\/index.php\/2024\/07\/11\/organizan-en-villa-mercedes-el-primer-encuentro-nacional-de-buceo-inclusivo\/#article","isPartOf":{"@id":"https:\/\/apuntesdesanluis.com\/index.php\/2024\/07\/11\/organizan-en-villa-mercedes-el-primer-encuentro-nacional-de-buceo-inclusivo\/"},"author":{"name":"apuntesdesanluis.com","@id":"https:\/\/apuntesdesanluis.com\/#\/schema\/person\/b55151d52296fcce64d1a72538a70b90"},"headline":"ORGANIZAN EN VILLA MERCEDES EL PRIMER ENCUENTRO NACIONAL DE BUCEO INCLUSIVO","datePublished":"2024-07-11T20:04:50+00:00","dateModified":"2024-07-11T20:06:11+00:00","mainEntityOfPage":{"@id":"https:\/\/apuntesdesanluis.com\/index.php\/2024\/07\/11\/organizan-en-villa-mercedes-el-primer-encuentro-nacional-de-buceo-inclusivo\/"},"wordCount":285,"publisher":{"@id":"https:\/\/apuntesdesanluis.com\/#\/schema\/person\/b55151d52296fcce64d1a72538a70b90"},"image":{"@id":"https:\/\/apuntesdesanluis.com\/index.php\/2024\/07\/11\/organizan-en-villa-mercedes-el-primer-encuentro-nacional-de-buceo-inclusivo\/#primaryimage"},"thumbnailUrl":"https:\/\/apuntesdesanluis.com\/wp-content\/uploads\/2024\/07\/buceo-adaptado_01-2048x1365-1.jpg","articleSection":["Ciudad\/Provincia"],"inLanguage":"es-AR"},{"@type":"WebPage","@id":"https:\/\/apuntesdesanluis.com\/index.php\/2024\/07\/11\/organizan-en-villa-mercedes-el-primer-encuentro-nacional-de-buceo-inclusivo\/","url":"https:\/\/apuntesdesanluis.com\/index.php\/2024\/07\/11\/organizan-en-villa-mercedes-el-primer-encuentro-nacional-de-buceo-inclusivo\/","name":"ORGANIZAN EN VILLA MERCEDES EL PRIMER ENCUENTRO NACIONAL DE BUCEO INCLUSIVO - Apuntes de San Luis","isPartOf":{"@id":"https:\/\/apuntesdesanluis.com\/#website"},"primaryImageOfPage":{"@id":"https:\/\/apuntesdesanluis.com\/index.php\/2024\/07\/11\/organizan-en-villa-mercedes-el-primer-encuentro-nacional-de-buceo-inclusivo\/#primaryimage"},"image":{"@id":"https:\/\/apuntesdesanluis.com\/index.php\/2024\/07\/11\/organizan-en-villa-mercedes-el-primer-encuentro-nacional-de-buceo-inclusivo\/#primaryimage"},"thumbnailUrl":"https:\/\/apuntesdesanluis.com\/wp-content\/uploads\/2024\/07\/buceo-adaptado_01-2048x1365-1.jpg","datePublished":"2024-07-11T20:04:50+00:00","dateModified":"2024-07-11T20:06:11+00:00","breadcrumb":{"@id":"https:\/\/apuntesdesanluis.com\/index.php\/2024\/07\/11\/organizan-en-villa-mercedes-el-primer-encuentro-nacional-de-buceo-inclusivo\/#breadcrumb"},"inLanguage":"es-AR","potentialAction":[{"@type":"ReadAction","target":["https:\/\/apuntesdesanluis.com\/index.php\/2024\/07\/11\/organizan-en-villa-mercedes-el-primer-encuentro-nacional-de-buceo-inclusivo\/"]}]},{"@type":"ImageObject","inLanguage":"es-AR","@id":"https:\/\/apuntesdesanluis.com\/index.php\/2024\/07\/11\/organizan-en-villa-mercedes-el-primer-encuentro-nacional-de-buceo-inclusivo\/#primaryimage","url":"https:\/\/apuntesdesanluis.com\/wp-content\/uploads\/2024\/07\/buceo-adaptado_01-2048x1365-1.jpg","contentUrl":"https:\/\/apuntesdesanluis.com\/wp-content\/uploads\/2024\/07\/buceo-adaptado_01-2048x1365-1.jpg","width":644,"height":431},{"@type":"BreadcrumbList","@id":"https:\/\/apuntesdesanluis.com\/index.php\/2024\/07\/11\/organizan-en-villa-mercedes-el-primer-encuentro-nacional-de-buceo-inclusivo\/#breadcrumb","itemListElement":[{"@type":"ListItem","position":1,"name":"Inicio","item":"https:\/\/apuntesdesanluis.com\/"},{"@type":"ListItem","position":2,"name":"ORGANIZAN EN VILLA MERCEDES EL PRIMER ENCUENTRO NACIONAL DE BUCEO INCLUSIVO"}]},{"@type":"WebSite","@id":"https:\/\/apuntesdesanluis.com\/#website","url":"https:\/\/apuntesdesanluis.com\/","name":"Apuntes de San Luis","description":"","publisher":{"@id":"https:\/\/apuntesdesanluis.com\/#\/schema\/person\/b55151d52296fcce64d1a72538a70b90"},"potentialAction":[{"@type":"SearchAction","target":{"@type":"EntryPoint","urlTemplate":"https:\/\/apuntesdesanluis.com\/?s={search_term_string}"},"query-input":{"@type":"PropertyValueSpecification","valueRequired":true,"valueName":"search_term_string"}}],"inLanguage":"es-AR"},{"@type":["Person","Organization"],"@id":"https:\/\/apuntesdesanluis.com\/#\/schema\/person\/b55151d52296fcce64d1a72538a70b90","name":"apuntesdesanluis.com","image":{"@type":"ImageObject","inLanguage":"es-AR","@id":"https:\/\/apuntesdesanluis.com\/#\/schema\/person\/image\/","url":"https:\/\/apuntesdesanluis.com\/wp-content\/uploads\/2023\/07\/cropped-apuntesdesanluis.png","contentUrl":"https:\/\/apuntesdesanluis.com\/wp-content\/uploads\/2023\/07\/cropped-apuntesdesanluis.png","width":450,"height":112,"caption":"apuntesdesanluis.com"},"logo":{"@id":"https:\/\/apuntesdesanluis.com\/#\/schema\/person\/image\/"},"sameAs":["https:\/\/apuntesdesanluis.com"],"url":"https:\/\/apuntesdesanluis.com\/index.php\/author\/apuntesdesanluis-com\/"}]}},"featured_image_urls":{"full":["https:\/\/apuntesdesanluis.com\/wp-content\/uploads\/2024\/07\/buceo-adaptado_01-2048x1365-1.jpg",644,431,false],"thumbnail":["https:\/\/apuntesdesanluis.com\/wp-content\/uploads\/2024\/07\/buceo-adaptado_01-2048x1365-1-150x150.jpg",150,150,true],"medium":["https:\/\/apuntesdesanluis.com\/wp-content\/uploads\/2024\/07\/buceo-adaptado_01-2048x1365-1-300x201.jpg",300,201,true],"medium_large":["https:\/\/apuntesdesanluis.com\/wp-content\/uploads\/2024\/07\/buceo-adaptado_01-2048x1365-1.jpg",640,428,false],"large":["https:\/\/apuntesdesanluis.com\/wp-content\/uploads\/2024\/07\/buceo-adaptado_01-2048x1365-1.jpg",640,428,false],"1536x1536":["https:\/\/apuntesdesanluis.com\/wp-content\/uploads\/2024\/07\/buceo-adaptado_01-2048x1365-1.jpg",644,431,false],"2048x2048":["https:\/\/apuntesdesanluis.com\/wp-content\/uploads\/2024\/07\/buceo-adaptado_01-2048x1365-1.jpg",644,431,false],"newsever-slider-full":["https:\/\/apuntesdesanluis.com\/wp-content\/uploads\/2024\/07\/buceo-adaptado_01-2048x1365-1.jpg",644,431,false],"newsever-featured":["https:\/\/apuntesdesanluis.com\/wp-content\/uploads\/2024\/07\/buceo-adaptado_01-2048x1365-1.jpg",644,431,false],"newsever-medium":["https:\/\/apuntesdesanluis.com\/wp-content\/uploads\/2024\/07\/buceo-adaptado_01-2048x1365-1.jpg",644,431,false]},"author_info":{"display_name":"apuntesdesanluis.com","author_link":"https:\/\/apuntesdesanluis.com\/index.php\/author\/apuntesdesanluis-com\/"},"category_info":"<a href=\"https:\/\/apuntesdesanluis.com\/index.php\/category\/ciudad-provincia\/\" rel=\"category tag\">Ciudad\/Provincia<\/a>","tag_info":"Ciudad\/Provincia","comment_count":"0","_links":{"self":[{"href":"https:\/\/apuntesdesanluis.com\/index.php\/wp-json\/wp\/v2\/posts\/19056","targetHints":{"allow":["GET"]}}],"collection":[{"href":"https:\/\/apuntesdesanluis.com\/index.php\/wp-json\/wp\/v2\/posts"}],"about":[{"href":"https:\/\/apuntesdesanluis.com\/index.php\/wp-json\/wp\/v2\/types\/post"}],"author":[{"embeddable":true,"href":"https:\/\/apuntesdesanluis.com\/index.php\/wp-json\/wp\/v2\/users\/1"}],"replies":[{"embeddable":true,"href":"https:\/\/apuntesdesanluis.com\/index.php\/wp-json\/wp\/v2\/comments?post=19056"}],"version-history":[{"count":3,"href":"https:\/\/apuntesdesanluis.com\/index.php\/wp-json\/wp\/v2\/posts\/19056\/revisions"}],"predecessor-version":[{"id":19061,"href":"https:\/\/apuntesdesanluis.com\/index.php\/wp-json\/wp\/v2\/posts\/19056\/revisions\/19061"}],"wp:featuredmedia":[{"embeddable":true,"href":"https:\/\/apuntesdesanluis.com\/index.php\/wp-json\/wp\/v2\/media\/19057"}],"wp:attachment":[{"href":"https:\/\/apuntesdesanluis.com\/index.php\/wp-json\/wp\/v2\/media?parent=19056"}],"wp:term":[{"taxonomy":"category","embeddable":true,"href":"https:\/\/apuntesdesanluis.com\/index.php\/wp-json\/wp\/v2\/categories?post=19056"},{"taxonomy":"post_tag","embeddable":true,"href":"https:\/\/apuntesdesanluis.com\/index.php\/wp-json\/wp\/v2\/tags?post=19056"}],"curies":[{"name":"wp","href":"https:\/\/api.w.org\/{rel}","templated":true}]}}