{"id":1906,"date":"2023-08-22T13:32:51","date_gmt":"2023-08-22T16:32:51","guid":{"rendered":"https:\/\/apuntesdesanluis.com\/?p=1906"},"modified":"2023-08-22T13:32:51","modified_gmt":"2023-08-22T16:32:51","slug":"el-gobierno-monitorea-los-hechos-delictivos-y-descarta-que-se-trate-de-saqueos","status":"publish","type":"post","link":"https:\/\/apuntesdesanluis.com\/index.php\/2023\/08\/22\/el-gobierno-monitorea-los-hechos-delictivos-y-descarta-que-se-trate-de-saqueos\/","title":{"rendered":"EL GOBIERNO MONITOREA LOS HECHOS DELICTIVOS Y DESCARTA QUE SE TRATE DE SAQUEOS"},"content":{"rendered":"<h3>Ante los hechos delictivos registrados en supermercados y comercios en las provincias de C\u00f3rdoba, Mendoza y Neuqu\u00e9n, el Gobierno sigue de cerca los episodios y aseguran que no se trata de saqueos sino de acciones &#8220;incentivadas para llamar la atenci\u00f3n&#8221;.<\/h3>\n<h3>Desde el Ministerio de Seguridad y la Jefatura de Gabinete monitorean el accionar de lo que definen como un grupo organizado que &#8220;intenta llamar la atenci\u00f3n&#8221; y que coordina acciones v\u00eda WhatsApp. As\u00ed lo defini\u00f3 hoy el ministro de Seguridad, An\u00edbal Fern\u00e1ndez, quien adem\u00e1s revel\u00f3 que se trata de un sector reducido que busca generar conflicto.<\/h3>\n<h3>&#8220;Desde la semana pasada tenemos detectado alg\u00fan intento de armar, a trav\u00e9s de WhatsApp, hechos de alguna caracter\u00edstica&#8221;, sostuvo.<\/h3>\n<h3>En la misma l\u00ednea, plante\u00f3: &#8220;Hemos tenido un hecho en la 1-11- 14, una pretensi\u00f3n de robar un local, lo impidieron los vecinos y reaccion\u00f3 la Gendarmer\u00eda con rapidez&#8221;.<\/h3>\n<h3>En las puertas del Ministerio de Seguridad, agreg\u00f3: &#8220;Alguien lo est\u00e1 incentivando, buscando alguna alternativa que nada tiene que ver con el saqueo que es una vocaci\u00f3n de alentar el conflicto&#8221;.<\/h3>\n<h3>Seg\u00fan <strong>An\u00edbal Fern\u00e1ndez<\/strong>, se trata de una banda reducida, con poco nivel de organizaci\u00f3n, pero con vocaci\u00f3n de generar conflicto. Adem\u00e1s, descart\u00f3 que configuren episodios de saqueos, generados por una problem\u00e1tica social a atender.<\/h3>\n<h3>&#8220;No es por hambre&#8221;, enfatiz\u00f3 el funcionario al tiempo que detect\u00f3 &#8220;la actitud de generar un acto delictivo que traigan m\u00e1s confusi\u00f3n&#8221;. &#8220;No han sido saqueos sino una acci\u00f3n que llame la atenci\u00f3n. No hay una problem\u00e1tica social que cuidar y atender&#8221;, argument\u00f3.<\/h3>\n<h3>Otro de los hombres de la administraci\u00f3n del presidente Alberto Fern\u00e1ndez que hizo menci\u00f3n al tema fue Agust\u00edn Rossi, jefe de Gabinete y aspirante a vicepresidente por Uni\u00f3n por la Patria, quien subray\u00f3 que no se advierte &#8220;una reacci\u00f3n social sino hechos que merecen todo el peso de la ley&#8221; y aclar\u00f3 que hay detenidos, con antecedentes.<\/h3>\n<h3>&#8220;Estuvimos al tanto el mismo viernes. Pas\u00f3 primero en Mendoza y luego en R\u00edo Cuarto y anoche la en la 1 &#8211; 11 &#8211; 14. En todos los casos se est\u00e1 trabajando desde el Ministerio de Seguridad de la Naci\u00f3n y provinciales&#8221;, cont\u00f3 Rossi en declaraciones radiales y concluy\u00f3: &#8220;Hay detenidos por la autoridad policial y judicial y muchos de los organizadores son ciudadanos que ten\u00edan antecedentes. No vemos en eso una reacci\u00f3n social sino hechos que merecen todo el peso de la ley&#8221;.<\/h3>\n","protected":false},"excerpt":{"rendered":"<p>Ante los hechos delictivos registrados en supermercados y comercios en las provincias de C\u00f3rdoba, Mendoza&#8230;<\/p>\n","protected":false},"author":1,"featured_media":1907,"comment_status":"closed","ping_status":"closed","sticky":false,"template":"","format":"standard","meta":{"footnotes":""},"categories":[5],"tags":[],"class_list":["post-1906","post","type-post","status-publish","format-standard","has-post-thumbnail","hentry","category-nacionales-internacionales"],"yoast_head":"<!-- This site is optimized with the Yoast SEO plugin v26.1.1 - https:\/\/yoast.com\/wordpress\/plugins\/seo\/ -->\n<title>EL GOBIERNO MONITOREA LOS HECHOS DELICTIVOS Y DESCARTA QUE SE TRATE DE SAQUEOS - Apuntes de San Luis<\/title>\n<meta name=\"robots\" content=\"index, follow, max-snippet:-1, max-image-preview:large, max-video-preview:-1\" \/>\n<link rel=\"canonical\" href=\"https:\/\/apuntesdesanluis.com\/index.php\/2023\/08\/22\/el-gobierno-monitorea-los-hechos-delictivos-y-descarta-que-se-trate-de-saqueos\/\" \/>\n<meta property=\"og:locale\" content=\"es_ES\" \/>\n<meta property=\"og:type\" content=\"article\" \/>\n<meta property=\"og:title\" content=\"EL GOBIERNO MONITOREA LOS HECHOS DELICTIVOS Y DESCARTA QUE SE TRATE DE SAQUEOS - Apuntes de San Luis\" \/>\n<meta property=\"og:description\" content=\"Ante los hechos delictivos registrados en supermercados y comercios en las provincias de C\u00f3rdoba, Mendoza...\" \/>\n<meta property=\"og:url\" content=\"https:\/\/apuntesdesanluis.com\/index.php\/2023\/08\/22\/el-gobierno-monitorea-los-hechos-delictivos-y-descarta-que-se-trate-de-saqueos\/\" \/>\n<meta property=\"og:site_name\" content=\"Apuntes de San Luis\" \/>\n<meta property=\"article:published_time\" content=\"2023-08-22T16:32:51+00:00\" \/>\n<meta property=\"og:image\" content=\"https:\/\/apuntesdesanluis.com\/wp-content\/uploads\/2023\/08\/saqueos.png\" \/>\n\t<meta property=\"og:image:width\" content=\"573\" \/>\n\t<meta property=\"og:image:height\" content=\"319\" \/>\n\t<meta property=\"og:image:type\" content=\"image\/png\" \/>\n<meta name=\"author\" content=\"apuntesdesanluis.com\" \/>\n<meta name=\"twitter:card\" content=\"summary_large_image\" \/>\n<meta name=\"twitter:label1\" content=\"Escrito por\" \/>\n\t<meta name=\"twitter:data1\" content=\"apuntesdesanluis.com\" \/>\n\t<meta name=\"twitter:label2\" content=\"Tiempo de lectura\" \/>\n\t<meta name=\"twitter:data2\" content=\"2 minutos\" \/>\n<script type=\"application\/ld+json\" class=\"yoast-schema-graph\">{\"@context\":\"https:\/\/schema.org\",\"@graph\":[{\"@type\":\"Article\",\"@id\":\"https:\/\/apuntesdesanluis.com\/index.php\/2023\/08\/22\/el-gobierno-monitorea-los-hechos-delictivos-y-descarta-que-se-trate-de-saqueos\/#article\",\"isPartOf\":{\"@id\":\"https:\/\/apuntesdesanluis.com\/index.php\/2023\/08\/22\/el-gobierno-monitorea-los-hechos-delictivos-y-descarta-que-se-trate-de-saqueos\/\"},\"author\":{\"name\":\"apuntesdesanluis.com\",\"@id\":\"https:\/\/apuntesdesanluis.com\/#\/schema\/person\/b55151d52296fcce64d1a72538a70b90\"},\"headline\":\"EL GOBIERNO MONITOREA LOS HECHOS DELICTIVOS Y DESCARTA QUE SE TRATE DE SAQUEOS\",\"datePublished\":\"2023-08-22T16:32:51+00:00\",\"mainEntityOfPage\":{\"@id\":\"https:\/\/apuntesdesanluis.com\/index.php\/2023\/08\/22\/el-gobierno-monitorea-los-hechos-delictivos-y-descarta-que-se-trate-de-saqueos\/\"},\"wordCount\":440,\"publisher\":{\"@id\":\"https:\/\/apuntesdesanluis.com\/#\/schema\/person\/b55151d52296fcce64d1a72538a70b90\"},\"image\":{\"@id\":\"https:\/\/apuntesdesanluis.com\/index.php\/2023\/08\/22\/el-gobierno-monitorea-los-hechos-delictivos-y-descarta-que-se-trate-de-saqueos\/#primaryimage\"},\"thumbnailUrl\":\"https:\/\/apuntesdesanluis.com\/wp-content\/uploads\/2023\/08\/saqueos.png\",\"articleSection\":[\"Nacionales\/Internacionales\"],\"inLanguage\":\"es-AR\"},{\"@type\":\"WebPage\",\"@id\":\"https:\/\/apuntesdesanluis.com\/index.php\/2023\/08\/22\/el-gobierno-monitorea-los-hechos-delictivos-y-descarta-que-se-trate-de-saqueos\/\",\"url\":\"https:\/\/apuntesdesanluis.com\/index.php\/2023\/08\/22\/el-gobierno-monitorea-los-hechos-delictivos-y-descarta-que-se-trate-de-saqueos\/\",\"name\":\"EL GOBIERNO MONITOREA LOS HECHOS DELICTIVOS Y DESCARTA QUE SE TRATE DE SAQUEOS - Apuntes de San Luis\",\"isPartOf\":{\"@id\":\"https:\/\/apuntesdesanluis.com\/#website\"},\"primaryImageOfPage\":{\"@id\":\"https:\/\/apuntesdesanluis.com\/index.php\/2023\/08\/22\/el-gobierno-monitorea-los-hechos-delictivos-y-descarta-que-se-trate-de-saqueos\/#primaryimage\"},\"image\":{\"@id\":\"https:\/\/apuntesdesanluis.com\/index.php\/2023\/08\/22\/el-gobierno-monitorea-los-hechos-delictivos-y-descarta-que-se-trate-de-saqueos\/#primaryimage\"},\"thumbnailUrl\":\"https:\/\/apuntesdesanluis.com\/wp-content\/uploads\/2023\/08\/saqueos.png\",\"datePublished\":\"2023-08-22T16:32:51+00:00\",\"breadcrumb\":{\"@id\":\"https:\/\/apuntesdesanluis.com\/index.php\/2023\/08\/22\/el-gobierno-monitorea-los-hechos-delictivos-y-descarta-que-se-trate-de-saqueos\/#breadcrumb\"},\"inLanguage\":\"es-AR\",\"potentialAction\":[{\"@type\":\"ReadAction\",\"target\":[\"https:\/\/apuntesdesanluis.com\/index.php\/2023\/08\/22\/el-gobierno-monitorea-los-hechos-delictivos-y-descarta-que-se-trate-de-saqueos\/\"]}]},{\"@type\":\"ImageObject\",\"inLanguage\":\"es-AR\",\"@id\":\"https:\/\/apuntesdesanluis.com\/index.php\/2023\/08\/22\/el-gobierno-monitorea-los-hechos-delictivos-y-descarta-que-se-trate-de-saqueos\/#primaryimage\",\"url\":\"https:\/\/apuntesdesanluis.com\/wp-content\/uploads\/2023\/08\/saqueos.png\",\"contentUrl\":\"https:\/\/apuntesdesanluis.com\/wp-content\/uploads\/2023\/08\/saqueos.png\",\"width\":573,\"height\":319},{\"@type\":\"BreadcrumbList\",\"@id\":\"https:\/\/apuntesdesanluis.com\/index.php\/2023\/08\/22\/el-gobierno-monitorea-los-hechos-delictivos-y-descarta-que-se-trate-de-saqueos\/#breadcrumb\",\"itemListElement\":[{\"@type\":\"ListItem\",\"position\":1,\"name\":\"Inicio\",\"item\":\"https:\/\/apuntesdesanluis.com\/\"},{\"@type\":\"ListItem\",\"position\":2,\"name\":\"EL GOBIERNO MONITOREA LOS HECHOS DELICTIVOS Y DESCARTA QUE SE TRATE DE SAQUEOS\"}]},{\"@type\":\"WebSite\",\"@id\":\"https:\/\/apuntesdesanluis.com\/#website\",\"url\":\"https:\/\/apuntesdesanluis.com\/\",\"name\":\"Apuntes de San Luis\",\"description\":\"\",\"publisher\":{\"@id\":\"https:\/\/apuntesdesanluis.com\/#\/schema\/person\/b55151d52296fcce64d1a72538a70b90\"},\"potentialAction\":[{\"@type\":\"SearchAction\",\"target\":{\"@type\":\"EntryPoint\",\"urlTemplate\":\"https:\/\/apuntesdesanluis.com\/?s={search_term_string}\"},\"query-input\":{\"@type\":\"PropertyValueSpecification\",\"valueRequired\":true,\"valueName\":\"search_term_string\"}}],\"inLanguage\":\"es-AR\"},{\"@type\":[\"Person\",\"Organization\"],\"@id\":\"https:\/\/apuntesdesanluis.com\/#\/schema\/person\/b55151d52296fcce64d1a72538a70b90\",\"name\":\"apuntesdesanluis.com\",\"image\":{\"@type\":\"ImageObject\",\"inLanguage\":\"es-AR\",\"@id\":\"https:\/\/apuntesdesanluis.com\/#\/schema\/person\/image\/\",\"url\":\"https:\/\/apuntesdesanluis.com\/wp-content\/uploads\/2023\/07\/cropped-apuntesdesanluis.png\",\"contentUrl\":\"https:\/\/apuntesdesanluis.com\/wp-content\/uploads\/2023\/07\/cropped-apuntesdesanluis.png\",\"width\":450,\"height\":112,\"caption\":\"apuntesdesanluis.com\"},\"logo\":{\"@id\":\"https:\/\/apuntesdesanluis.com\/#\/schema\/person\/image\/\"},\"sameAs\":[\"https:\/\/apuntesdesanluis.com\"],\"url\":\"https:\/\/apuntesdesanluis.com\/index.php\/author\/apuntesdesanluis-com\/\"}]}<\/script>\n<!-- \/ Yoast SEO plugin. -->","yoast_head_json":{"title":"EL GOBIERNO MONITOREA LOS HECHOS DELICTIVOS Y DESCARTA QUE SE TRATE DE SAQUEOS - Apuntes de San Luis","robots":{"index":"index","follow":"follow","max-snippet":"max-snippet:-1","max-image-preview":"max-image-preview:large","max-video-preview":"max-video-preview:-1"},"canonical":"https:\/\/apuntesdesanluis.com\/index.php\/2023\/08\/22\/el-gobierno-monitorea-los-hechos-delictivos-y-descarta-que-se-trate-de-saqueos\/","og_locale":"es_ES","og_type":"article","og_title":"EL GOBIERNO MONITOREA LOS HECHOS DELICTIVOS Y DESCARTA QUE SE TRATE DE SAQUEOS - Apuntes de San Luis","og_description":"Ante los hechos delictivos registrados en supermercados y comercios en las provincias de C\u00f3rdoba, Mendoza...","og_url":"https:\/\/apuntesdesanluis.com\/index.php\/2023\/08\/22\/el-gobierno-monitorea-los-hechos-delictivos-y-descarta-que-se-trate-de-saqueos\/","og_site_name":"Apuntes de San Luis","article_published_time":"2023-08-22T16:32:51+00:00","og_image":[{"width":573,"height":319,"url":"https:\/\/apuntesdesanluis.com\/wp-content\/uploads\/2023\/08\/saqueos.png","type":"image\/png"}],"author":"apuntesdesanluis.com","twitter_card":"summary_large_image","twitter_misc":{"Escrito por":"apuntesdesanluis.com","Tiempo de lectura":"2 minutos"},"schema":{"@context":"https:\/\/schema.org","@graph":[{"@type":"Article","@id":"https:\/\/apuntesdesanluis.com\/index.php\/2023\/08\/22\/el-gobierno-monitorea-los-hechos-delictivos-y-descarta-que-se-trate-de-saqueos\/#article","isPartOf":{"@id":"https:\/\/apuntesdesanluis.com\/index.php\/2023\/08\/22\/el-gobierno-monitorea-los-hechos-delictivos-y-descarta-que-se-trate-de-saqueos\/"},"author":{"name":"apuntesdesanluis.com","@id":"https:\/\/apuntesdesanluis.com\/#\/schema\/person\/b55151d52296fcce64d1a72538a70b90"},"headline":"EL GOBIERNO MONITOREA LOS HECHOS DELICTIVOS Y DESCARTA QUE SE TRATE DE SAQUEOS","datePublished":"2023-08-22T16:32:51+00:00","mainEntityOfPage":{"@id":"https:\/\/apuntesdesanluis.com\/index.php\/2023\/08\/22\/el-gobierno-monitorea-los-hechos-delictivos-y-descarta-que-se-trate-de-saqueos\/"},"wordCount":440,"publisher":{"@id":"https:\/\/apuntesdesanluis.com\/#\/schema\/person\/b55151d52296fcce64d1a72538a70b90"},"image":{"@id":"https:\/\/apuntesdesanluis.com\/index.php\/2023\/08\/22\/el-gobierno-monitorea-los-hechos-delictivos-y-descarta-que-se-trate-de-saqueos\/#primaryimage"},"thumbnailUrl":"https:\/\/apuntesdesanluis.com\/wp-content\/uploads\/2023\/08\/saqueos.png","articleSection":["Nacionales\/Internacionales"],"inLanguage":"es-AR"},{"@type":"WebPage","@id":"https:\/\/apuntesdesanluis.com\/index.php\/2023\/08\/22\/el-gobierno-monitorea-los-hechos-delictivos-y-descarta-que-se-trate-de-saqueos\/","url":"https:\/\/apuntesdesanluis.com\/index.php\/2023\/08\/22\/el-gobierno-monitorea-los-hechos-delictivos-y-descarta-que-se-trate-de-saqueos\/","name":"EL GOBIERNO MONITOREA LOS HECHOS DELICTIVOS Y DESCARTA QUE SE TRATE DE SAQUEOS - Apuntes de San Luis","isPartOf":{"@id":"https:\/\/apuntesdesanluis.com\/#website"},"primaryImageOfPage":{"@id":"https:\/\/apuntesdesanluis.com\/index.php\/2023\/08\/22\/el-gobierno-monitorea-los-hechos-delictivos-y-descarta-que-se-trate-de-saqueos\/#primaryimage"},"image":{"@id":"https:\/\/apuntesdesanluis.com\/index.php\/2023\/08\/22\/el-gobierno-monitorea-los-hechos-delictivos-y-descarta-que-se-trate-de-saqueos\/#primaryimage"},"thumbnailUrl":"https:\/\/apuntesdesanluis.com\/wp-content\/uploads\/2023\/08\/saqueos.png","datePublished":"2023-08-22T16:32:51+00:00","breadcrumb":{"@id":"https:\/\/apuntesdesanluis.com\/index.php\/2023\/08\/22\/el-gobierno-monitorea-los-hechos-delictivos-y-descarta-que-se-trate-de-saqueos\/#breadcrumb"},"inLanguage":"es-AR","potentialAction":[{"@type":"ReadAction","target":["https:\/\/apuntesdesanluis.com\/index.php\/2023\/08\/22\/el-gobierno-monitorea-los-hechos-delictivos-y-descarta-que-se-trate-de-saqueos\/"]}]},{"@type":"ImageObject","inLanguage":"es-AR","@id":"https:\/\/apuntesdesanluis.com\/index.php\/2023\/08\/22\/el-gobierno-monitorea-los-hechos-delictivos-y-descarta-que-se-trate-de-saqueos\/#primaryimage","url":"https:\/\/apuntesdesanluis.com\/wp-content\/uploads\/2023\/08\/saqueos.png","contentUrl":"https:\/\/apuntesdesanluis.com\/wp-content\/uploads\/2023\/08\/saqueos.png","width":573,"height":319},{"@type":"BreadcrumbList","@id":"https:\/\/apuntesdesanluis.com\/index.php\/2023\/08\/22\/el-gobierno-monitorea-los-hechos-delictivos-y-descarta-que-se-trate-de-saqueos\/#breadcrumb","itemListElement":[{"@type":"ListItem","position":1,"name":"Inicio","item":"https:\/\/apuntesdesanluis.com\/"},{"@type":"ListItem","position":2,"name":"EL GOBIERNO MONITOREA LOS HECHOS DELICTIVOS Y DESCARTA QUE SE TRATE DE SAQUEOS"}]},{"@type":"WebSite","@id":"https:\/\/apuntesdesanluis.com\/#website","url":"https:\/\/apuntesdesanluis.com\/","name":"Apuntes de San Luis","description":"","publisher":{"@id":"https:\/\/apuntesdesanluis.com\/#\/schema\/person\/b55151d52296fcce64d1a72538a70b90"},"potentialAction":[{"@type":"SearchAction","target":{"@type":"EntryPoint","urlTemplate":"https:\/\/apuntesdesanluis.com\/?s={search_term_string}"},"query-input":{"@type":"PropertyValueSpecification","valueRequired":true,"valueName":"search_term_string"}}],"inLanguage":"es-AR"},{"@type":["Person","Organization"],"@id":"https:\/\/apuntesdesanluis.com\/#\/schema\/person\/b55151d52296fcce64d1a72538a70b90","name":"apuntesdesanluis.com","image":{"@type":"ImageObject","inLanguage":"es-AR","@id":"https:\/\/apuntesdesanluis.com\/#\/schema\/person\/image\/","url":"https:\/\/apuntesdesanluis.com\/wp-content\/uploads\/2023\/07\/cropped-apuntesdesanluis.png","contentUrl":"https:\/\/apuntesdesanluis.com\/wp-content\/uploads\/2023\/07\/cropped-apuntesdesanluis.png","width":450,"height":112,"caption":"apuntesdesanluis.com"},"logo":{"@id":"https:\/\/apuntesdesanluis.com\/#\/schema\/person\/image\/"},"sameAs":["https:\/\/apuntesdesanluis.com"],"url":"https:\/\/apuntesdesanluis.com\/index.php\/author\/apuntesdesanluis-com\/"}]}},"featured_image_urls":{"full":["https:\/\/apuntesdesanluis.com\/wp-content\/uploads\/2023\/08\/saqueos.png",573,319,false],"thumbnail":["https:\/\/apuntesdesanluis.com\/wp-content\/uploads\/2023\/08\/saqueos-150x150.png",150,150,true],"medium":["https:\/\/apuntesdesanluis.com\/wp-content\/uploads\/2023\/08\/saqueos-300x167.png",300,167,true],"medium_large":["https:\/\/apuntesdesanluis.com\/wp-content\/uploads\/2023\/08\/saqueos.png",573,319,false],"large":["https:\/\/apuntesdesanluis.com\/wp-content\/uploads\/2023\/08\/saqueos.png",573,319,false],"1536x1536":["https:\/\/apuntesdesanluis.com\/wp-content\/uploads\/2023\/08\/saqueos.png",573,319,false],"2048x2048":["https:\/\/apuntesdesanluis.com\/wp-content\/uploads\/2023\/08\/saqueos.png",573,319,false],"newsever-slider-full":["https:\/\/apuntesdesanluis.com\/wp-content\/uploads\/2023\/08\/saqueos.png",573,319,false],"newsever-featured":["https:\/\/apuntesdesanluis.com\/wp-content\/uploads\/2023\/08\/saqueos.png",573,319,false],"newsever-medium":["https:\/\/apuntesdesanluis.com\/wp-content\/uploads\/2023\/08\/saqueos.png",573,319,false]},"author_info":{"display_name":"apuntesdesanluis.com","author_link":"https:\/\/apuntesdesanluis.com\/index.php\/author\/apuntesdesanluis-com\/"},"category_info":"<a href=\"https:\/\/apuntesdesanluis.com\/index.php\/category\/nacionales-internacionales\/\" rel=\"category tag\">Nacionales\/Internacionales<\/a>","tag_info":"Nacionales\/Internacionales","comment_count":"0","_links":{"self":[{"href":"https:\/\/apuntesdesanluis.com\/index.php\/wp-json\/wp\/v2\/posts\/1906","targetHints":{"allow":["GET"]}}],"collection":[{"href":"https:\/\/apuntesdesanluis.com\/index.php\/wp-json\/wp\/v2\/posts"}],"about":[{"href":"https:\/\/apuntesdesanluis.com\/index.php\/wp-json\/wp\/v2\/types\/post"}],"author":[{"embeddable":true,"href":"https:\/\/apuntesdesanluis.com\/index.php\/wp-json\/wp\/v2\/users\/1"}],"replies":[{"embeddable":true,"href":"https:\/\/apuntesdesanluis.com\/index.php\/wp-json\/wp\/v2\/comments?post=1906"}],"version-history":[{"count":1,"href":"https:\/\/apuntesdesanluis.com\/index.php\/wp-json\/wp\/v2\/posts\/1906\/revisions"}],"predecessor-version":[{"id":1908,"href":"https:\/\/apuntesdesanluis.com\/index.php\/wp-json\/wp\/v2\/posts\/1906\/revisions\/1908"}],"wp:featuredmedia":[{"embeddable":true,"href":"https:\/\/apuntesdesanluis.com\/index.php\/wp-json\/wp\/v2\/media\/1907"}],"wp:attachment":[{"href":"https:\/\/apuntesdesanluis.com\/index.php\/wp-json\/wp\/v2\/media?parent=1906"}],"wp:term":[{"taxonomy":"category","embeddable":true,"href":"https:\/\/apuntesdesanluis.com\/index.php\/wp-json\/wp\/v2\/categories?post=1906"},{"taxonomy":"post_tag","embeddable":true,"href":"https:\/\/apuntesdesanluis.com\/index.php\/wp-json\/wp\/v2\/tags?post=1906"}],"curies":[{"name":"wp","href":"https:\/\/api.w.org\/{rel}","templated":true}]}}