{"id":19062,"date":"2024-07-11T17:30:05","date_gmt":"2024-07-11T20:30:05","guid":{"rendered":"https:\/\/apuntesdesanluis.com\/?p=19062"},"modified":"2024-07-11T17:32:34","modified_gmt":"2024-07-11T20:32:34","slug":"san-luis-en-el-pacto-de-mayo-un-punto-de-partida","status":"publish","type":"post","link":"https:\/\/apuntesdesanluis.com\/index.php\/2024\/07\/11\/san-luis-en-el-pacto-de-mayo-un-punto-de-partida\/","title":{"rendered":"SAN LUIS EN EL PACTO DE MAYO: UN PUNTO DE PARTIDA"},"content":{"rendered":"<h3>Por <strong>Adolfo Castro Luna *<\/strong><\/h3>\n<h3><img fetchpriority=\"high\" decoding=\"async\" class=\"wp-image-17353 aligncenter\" src=\"https:\/\/apuntesdesanluis.com\/wp-content\/uploads\/2024\/06\/ADOLFO-CASTRO-LUNA-300x273.png\" alt=\"\" width=\"437\" height=\"398\" srcset=\"https:\/\/apuntesdesanluis.com\/wp-content\/uploads\/2024\/06\/ADOLFO-CASTRO-LUNA-300x273.png 300w, https:\/\/apuntesdesanluis.com\/wp-content\/uploads\/2024\/06\/ADOLFO-CASTRO-LUNA.png 561w\" sizes=\"(max-width: 437px) 100vw, 437px\" \/><\/h3>\n<h3>Posiblemente pocos hechos pol\u00edticos de los \u00faltimos 40 a\u00f1os de nuestra democracia tengan tanta relevancia como lo ocurrido el 9 de Julio \u00faltimo en la casa de Tucum\u00e1n. Desde hace d\u00e9cadas venimos escuchando presidente tras presidente plantear la necesidad de realizar una amplia convocatoria para un acuerdo amplio que permita marcar el rumbo de las pol\u00edticas de estado b\u00e1sicas de nuestra naci\u00f3n para el futuro; lo cierto es que hasta la fecha pocos mandatarios tuvieron la apertura pol\u00edtica para convocar a todo el arco ideol\u00f3gico y cerrar filas en diferentes materias cruciales como lo jur\u00eddico, lo fiscal, el gasto p\u00fablico, la utilizaci\u00f3n de los recursos naturales, la educaci\u00f3n, la salud, seguridad, reforma laboral y previsional.<\/h3>\n<h3>No es menor lo conseguido por el presidente Javier Milei, donde con el apoyo de 19 gobernadores y la presencia de dos ex presidentes consigui\u00f3 lo que muchos mandatarios dejaron a mitad de camino, aun con mayores niveles de representaci\u00f3n en las c\u00e1maras y distritos subnacionales.<\/h3>\n<h3>La presencia del Gobernador Claudio Poggi a la convocatoria, es un s\u00edmbolo de su propia impronta de gobierno, y los grandes paralelismos entre las herencias recibidas por ambos mandatarios en sus respectivos niveles: ambos se encontraron con una administraci\u00f3n fragmentada y con serios desaf\u00edos estructurales.<\/h3>\n<p><iframe title=\"Claudio Poggi participa de la firma del Pacto de Mayo\" width=\"640\" height=\"360\" src=\"https:\/\/www.youtube.com\/embed\/hB5kycvcSDE?feature=oembed\" frameborder=\"0\" allow=\"accelerometer; autoplay; clipboard-write; encrypted-media; gyroscope; picture-in-picture; web-share\" referrerpolicy=\"strict-origin-when-cross-origin\" allowfullscreen><\/iframe><\/p>\n<h3>En San Luis, Poggi ha sabido capitalizar su experiencia previa en la gesti\u00f3n p\u00fablica para implementar pol\u00edticas que buscan la modernizaci\u00f3n del Estado y la eficiencia en la utilizaci\u00f3n de los recursos. Su participaci\u00f3n en el Pacto de Mayo no es solo una muestra de apoyo a las iniciativas nacionales, sino tambi\u00e9n un reflejo de su compromiso con el federalismo y la integraci\u00f3n de las provincias en un proyecto de pa\u00eds.<\/h3>\n<h3>Un claro ejemplo de ello es el camino que desde la Legislatura y el mismo Ejecutivo provincial se ha transitado en busca de una gobernabilidad fruct\u00edfera y rec\u00edproca, que le permita al gobierno avanzar con las grandes reformas que necesita, y a su vez ponga en relieve a los intendentes de cada localidad que son el primer punto de contacto entre los vecinos y el estado. As\u00ed reci\u00e9n a poco m\u00e1s de 7 meses de asumir consigui\u00f3 la sanci\u00f3n de importantes leyes y firmar acuerdos de obras con todos los municipios provinciales.<\/h3>\n<h3>La firma del Pacto de Mayo representa un punto de inflexi\u00f3n en la pol\u00edtica argentina. Por primera vez en d\u00e9cadas, se vislumbra la posibilidad real de un consenso amplio que trascienda las diferencias partidarias y se centre en el bienestar com\u00fan. La inclusi\u00f3n de San Luis en este acuerdo es fundamental, no solo por su hist\u00f3rica posici\u00f3n como modelo de gesti\u00f3n, sino tambi\u00e9n porque aporta una visi\u00f3n pragm\u00e1tica y realista de las necesidades provinciales y c\u00f3mo estas pueden ser atendidas en el marco de una estrategia nacional y federal coherente.<\/h3>\n<p><img decoding=\"async\" class=\"wp-image-19064 aligncenter\" src=\"https:\/\/apuntesdesanluis.com\/wp-content\/uploads\/2024\/07\/pacto-de-mayo-y-gobernadores-300x173.png\" alt=\"\" width=\"598\" height=\"345\" srcset=\"https:\/\/apuntesdesanluis.com\/wp-content\/uploads\/2024\/07\/pacto-de-mayo-y-gobernadores-300x173.png 300w, https:\/\/apuntesdesanluis.com\/wp-content\/uploads\/2024\/07\/pacto-de-mayo-y-gobernadores.png 700w\" sizes=\"(max-width: 598px) 100vw, 598px\" \/><\/p>\n<h3>El desaf\u00edo ahora es convertir las buenas intenciones en acciones concretas. La implementaci\u00f3n de las pol\u00edticas acordadas requerir\u00e1 de una coordinaci\u00f3n eficiente entre los diferentes niveles de gobierno y un compromiso genuino de todos los actores involucrados. En este sentido, la experiencia y el liderazgo de figuras como Poggi ser\u00e1n cruciales para garantizar que los objetivos del Pacto de Mayo se traduzcan en mejoras tangibles para la poblaci\u00f3n.<\/h3>\n<h3>Estoy convencido de que este gran hecho no quedar\u00e1 en una simple foto o declaraci\u00f3n de intenciones. La sociedad argentina demanda resultados y es esc\u00e9ptica ante promesas vac\u00edas. La clave del \u00e9xito radicar\u00e1 en la transparencia, la rendici\u00f3n de cuentas y la capacidad de adaptarse a los desaf\u00edos que, sin duda, surgir\u00e1n en el camino.<\/h3>\n<h3>El Pacto de Mayo debe ser visto como un punto de partida y no como una meta en s\u00ed misma.<\/h3>\n<h3><span style=\"color: #3366ff;\"><strong><em>* Senador Departamento Pedernera.<\/em><\/strong><\/span><\/h3>\n<p>&nbsp;<\/p>\n<p>&nbsp;<\/p>\n<p>&nbsp;<\/p>\n<p>&nbsp;<\/p>\n<p>&nbsp;<\/p>\n","protected":false},"excerpt":{"rendered":"<p>Por Adolfo Castro Luna * Posiblemente pocos hechos pol\u00edticos de los \u00faltimos 40 a\u00f1os de&#8230;<\/p>\n","protected":false},"author":1,"featured_media":19067,"comment_status":"closed","ping_status":"closed","sticky":false,"template":"","format":"standard","meta":{"footnotes":""},"categories":[9],"tags":[],"class_list":["post-19062","post","type-post","status-publish","format-standard","has-post-thumbnail","hentry","category-opinion"],"yoast_head":"<!-- This site is optimized with the Yoast SEO plugin v26.1.1 - https:\/\/yoast.com\/wordpress\/plugins\/seo\/ -->\n<title>SAN LUIS EN EL PACTO DE MAYO: UN PUNTO DE PARTIDA - Apuntes de San Luis<\/title>\n<meta name=\"robots\" content=\"index, follow, max-snippet:-1, max-image-preview:large, max-video-preview:-1\" \/>\n<link rel=\"canonical\" href=\"https:\/\/apuntesdesanluis.com\/index.php\/2024\/07\/11\/san-luis-en-el-pacto-de-mayo-un-punto-de-partida\/\" \/>\n<meta property=\"og:locale\" content=\"es_ES\" \/>\n<meta property=\"og:type\" content=\"article\" \/>\n<meta property=\"og:title\" content=\"SAN LUIS EN EL PACTO DE MAYO: UN PUNTO DE PARTIDA - Apuntes de San Luis\" \/>\n<meta property=\"og:description\" content=\"Por Adolfo Castro Luna * Posiblemente pocos hechos pol\u00edticos de los \u00faltimos 40 a\u00f1os de...\" \/>\n<meta property=\"og:url\" content=\"https:\/\/apuntesdesanluis.com\/index.php\/2024\/07\/11\/san-luis-en-el-pacto-de-mayo-un-punto-de-partida\/\" \/>\n<meta property=\"og:site_name\" content=\"Apuntes de San Luis\" \/>\n<meta property=\"article:published_time\" content=\"2024-07-11T20:30:05+00:00\" \/>\n<meta property=\"article:modified_time\" content=\"2024-07-11T20:32:34+00:00\" \/>\n<meta property=\"og:image\" content=\"https:\/\/apuntesdesanluis.com\/wp-content\/uploads\/2024\/07\/pacto-de-mayo-texto.png\" \/>\n\t<meta property=\"og:image:width\" content=\"700\" \/>\n\t<meta property=\"og:image:height\" content=\"465\" \/>\n\t<meta property=\"og:image:type\" content=\"image\/png\" \/>\n<meta name=\"author\" content=\"apuntesdesanluis.com\" \/>\n<meta name=\"twitter:card\" content=\"summary_large_image\" \/>\n<meta name=\"twitter:label1\" content=\"Escrito por\" \/>\n\t<meta name=\"twitter:data1\" content=\"apuntesdesanluis.com\" \/>\n\t<meta name=\"twitter:label2\" content=\"Tiempo de lectura\" \/>\n\t<meta name=\"twitter:data2\" content=\"4 minutos\" \/>\n<script type=\"application\/ld+json\" class=\"yoast-schema-graph\">{\"@context\":\"https:\/\/schema.org\",\"@graph\":[{\"@type\":\"Article\",\"@id\":\"https:\/\/apuntesdesanluis.com\/index.php\/2024\/07\/11\/san-luis-en-el-pacto-de-mayo-un-punto-de-partida\/#article\",\"isPartOf\":{\"@id\":\"https:\/\/apuntesdesanluis.com\/index.php\/2024\/07\/11\/san-luis-en-el-pacto-de-mayo-un-punto-de-partida\/\"},\"author\":{\"name\":\"apuntesdesanluis.com\",\"@id\":\"https:\/\/apuntesdesanluis.com\/#\/schema\/person\/b55151d52296fcce64d1a72538a70b90\"},\"headline\":\"SAN LUIS EN EL PACTO DE MAYO: UN PUNTO DE PARTIDA\",\"datePublished\":\"2024-07-11T20:30:05+00:00\",\"dateModified\":\"2024-07-11T20:32:34+00:00\",\"mainEntityOfPage\":{\"@id\":\"https:\/\/apuntesdesanluis.com\/index.php\/2024\/07\/11\/san-luis-en-el-pacto-de-mayo-un-punto-de-partida\/\"},\"wordCount\":684,\"publisher\":{\"@id\":\"https:\/\/apuntesdesanluis.com\/#\/schema\/person\/b55151d52296fcce64d1a72538a70b90\"},\"image\":{\"@id\":\"https:\/\/apuntesdesanluis.com\/index.php\/2024\/07\/11\/san-luis-en-el-pacto-de-mayo-un-punto-de-partida\/#primaryimage\"},\"thumbnailUrl\":\"https:\/\/apuntesdesanluis.com\/wp-content\/uploads\/2024\/07\/pacto-de-mayo-texto.png\",\"articleSection\":[\"Opini\u00f3n\"],\"inLanguage\":\"es-AR\"},{\"@type\":\"WebPage\",\"@id\":\"https:\/\/apuntesdesanluis.com\/index.php\/2024\/07\/11\/san-luis-en-el-pacto-de-mayo-un-punto-de-partida\/\",\"url\":\"https:\/\/apuntesdesanluis.com\/index.php\/2024\/07\/11\/san-luis-en-el-pacto-de-mayo-un-punto-de-partida\/\",\"name\":\"SAN LUIS EN EL PACTO DE MAYO: UN PUNTO DE PARTIDA - Apuntes de San Luis\",\"isPartOf\":{\"@id\":\"https:\/\/apuntesdesanluis.com\/#website\"},\"primaryImageOfPage\":{\"@id\":\"https:\/\/apuntesdesanluis.com\/index.php\/2024\/07\/11\/san-luis-en-el-pacto-de-mayo-un-punto-de-partida\/#primaryimage\"},\"image\":{\"@id\":\"https:\/\/apuntesdesanluis.com\/index.php\/2024\/07\/11\/san-luis-en-el-pacto-de-mayo-un-punto-de-partida\/#primaryimage\"},\"thumbnailUrl\":\"https:\/\/apuntesdesanluis.com\/wp-content\/uploads\/2024\/07\/pacto-de-mayo-texto.png\",\"datePublished\":\"2024-07-11T20:30:05+00:00\",\"dateModified\":\"2024-07-11T20:32:34+00:00\",\"breadcrumb\":{\"@id\":\"https:\/\/apuntesdesanluis.com\/index.php\/2024\/07\/11\/san-luis-en-el-pacto-de-mayo-un-punto-de-partida\/#breadcrumb\"},\"inLanguage\":\"es-AR\",\"potentialAction\":[{\"@type\":\"ReadAction\",\"target\":[\"https:\/\/apuntesdesanluis.com\/index.php\/2024\/07\/11\/san-luis-en-el-pacto-de-mayo-un-punto-de-partida\/\"]}]},{\"@type\":\"ImageObject\",\"inLanguage\":\"es-AR\",\"@id\":\"https:\/\/apuntesdesanluis.com\/index.php\/2024\/07\/11\/san-luis-en-el-pacto-de-mayo-un-punto-de-partida\/#primaryimage\",\"url\":\"https:\/\/apuntesdesanluis.com\/wp-content\/uploads\/2024\/07\/pacto-de-mayo-texto.png\",\"contentUrl\":\"https:\/\/apuntesdesanluis.com\/wp-content\/uploads\/2024\/07\/pacto-de-mayo-texto.png\",\"width\":700,\"height\":465},{\"@type\":\"BreadcrumbList\",\"@id\":\"https:\/\/apuntesdesanluis.com\/index.php\/2024\/07\/11\/san-luis-en-el-pacto-de-mayo-un-punto-de-partida\/#breadcrumb\",\"itemListElement\":[{\"@type\":\"ListItem\",\"position\":1,\"name\":\"Inicio\",\"item\":\"https:\/\/apuntesdesanluis.com\/\"},{\"@type\":\"ListItem\",\"position\":2,\"name\":\"SAN LUIS EN EL PACTO DE MAYO: UN PUNTO DE PARTIDA\"}]},{\"@type\":\"WebSite\",\"@id\":\"https:\/\/apuntesdesanluis.com\/#website\",\"url\":\"https:\/\/apuntesdesanluis.com\/\",\"name\":\"Apuntes de San Luis\",\"description\":\"\",\"publisher\":{\"@id\":\"https:\/\/apuntesdesanluis.com\/#\/schema\/person\/b55151d52296fcce64d1a72538a70b90\"},\"potentialAction\":[{\"@type\":\"SearchAction\",\"target\":{\"@type\":\"EntryPoint\",\"urlTemplate\":\"https:\/\/apuntesdesanluis.com\/?s={search_term_string}\"},\"query-input\":{\"@type\":\"PropertyValueSpecification\",\"valueRequired\":true,\"valueName\":\"search_term_string\"}}],\"inLanguage\":\"es-AR\"},{\"@type\":[\"Person\",\"Organization\"],\"@id\":\"https:\/\/apuntesdesanluis.com\/#\/schema\/person\/b55151d52296fcce64d1a72538a70b90\",\"name\":\"apuntesdesanluis.com\",\"image\":{\"@type\":\"ImageObject\",\"inLanguage\":\"es-AR\",\"@id\":\"https:\/\/apuntesdesanluis.com\/#\/schema\/person\/image\/\",\"url\":\"https:\/\/apuntesdesanluis.com\/wp-content\/uploads\/2023\/07\/cropped-apuntesdesanluis.png\",\"contentUrl\":\"https:\/\/apuntesdesanluis.com\/wp-content\/uploads\/2023\/07\/cropped-apuntesdesanluis.png\",\"width\":450,\"height\":112,\"caption\":\"apuntesdesanluis.com\"},\"logo\":{\"@id\":\"https:\/\/apuntesdesanluis.com\/#\/schema\/person\/image\/\"},\"sameAs\":[\"https:\/\/apuntesdesanluis.com\"],\"url\":\"https:\/\/apuntesdesanluis.com\/index.php\/author\/apuntesdesanluis-com\/\"}]}<\/script>\n<!-- \/ Yoast SEO plugin. -->","yoast_head_json":{"title":"SAN LUIS EN EL PACTO DE MAYO: UN PUNTO DE PARTIDA - Apuntes de San Luis","robots":{"index":"index","follow":"follow","max-snippet":"max-snippet:-1","max-image-preview":"max-image-preview:large","max-video-preview":"max-video-preview:-1"},"canonical":"https:\/\/apuntesdesanluis.com\/index.php\/2024\/07\/11\/san-luis-en-el-pacto-de-mayo-un-punto-de-partida\/","og_locale":"es_ES","og_type":"article","og_title":"SAN LUIS EN EL PACTO DE MAYO: UN PUNTO DE PARTIDA - Apuntes de San Luis","og_description":"Por Adolfo Castro Luna * Posiblemente pocos hechos pol\u00edticos de los \u00faltimos 40 a\u00f1os de...","og_url":"https:\/\/apuntesdesanluis.com\/index.php\/2024\/07\/11\/san-luis-en-el-pacto-de-mayo-un-punto-de-partida\/","og_site_name":"Apuntes de San Luis","article_published_time":"2024-07-11T20:30:05+00:00","article_modified_time":"2024-07-11T20:32:34+00:00","og_image":[{"width":700,"height":465,"url":"https:\/\/apuntesdesanluis.com\/wp-content\/uploads\/2024\/07\/pacto-de-mayo-texto.png","type":"image\/png"}],"author":"apuntesdesanluis.com","twitter_card":"summary_large_image","twitter_misc":{"Escrito por":"apuntesdesanluis.com","Tiempo de lectura":"4 minutos"},"schema":{"@context":"https:\/\/schema.org","@graph":[{"@type":"Article","@id":"https:\/\/apuntesdesanluis.com\/index.php\/2024\/07\/11\/san-luis-en-el-pacto-de-mayo-un-punto-de-partida\/#article","isPartOf":{"@id":"https:\/\/apuntesdesanluis.com\/index.php\/2024\/07\/11\/san-luis-en-el-pacto-de-mayo-un-punto-de-partida\/"},"author":{"name":"apuntesdesanluis.com","@id":"https:\/\/apuntesdesanluis.com\/#\/schema\/person\/b55151d52296fcce64d1a72538a70b90"},"headline":"SAN LUIS EN EL PACTO DE MAYO: UN PUNTO DE PARTIDA","datePublished":"2024-07-11T20:30:05+00:00","dateModified":"2024-07-11T20:32:34+00:00","mainEntityOfPage":{"@id":"https:\/\/apuntesdesanluis.com\/index.php\/2024\/07\/11\/san-luis-en-el-pacto-de-mayo-un-punto-de-partida\/"},"wordCount":684,"publisher":{"@id":"https:\/\/apuntesdesanluis.com\/#\/schema\/person\/b55151d52296fcce64d1a72538a70b90"},"image":{"@id":"https:\/\/apuntesdesanluis.com\/index.php\/2024\/07\/11\/san-luis-en-el-pacto-de-mayo-un-punto-de-partida\/#primaryimage"},"thumbnailUrl":"https:\/\/apuntesdesanluis.com\/wp-content\/uploads\/2024\/07\/pacto-de-mayo-texto.png","articleSection":["Opini\u00f3n"],"inLanguage":"es-AR"},{"@type":"WebPage","@id":"https:\/\/apuntesdesanluis.com\/index.php\/2024\/07\/11\/san-luis-en-el-pacto-de-mayo-un-punto-de-partida\/","url":"https:\/\/apuntesdesanluis.com\/index.php\/2024\/07\/11\/san-luis-en-el-pacto-de-mayo-un-punto-de-partida\/","name":"SAN LUIS EN EL PACTO DE MAYO: UN PUNTO DE PARTIDA - Apuntes de San Luis","isPartOf":{"@id":"https:\/\/apuntesdesanluis.com\/#website"},"primaryImageOfPage":{"@id":"https:\/\/apuntesdesanluis.com\/index.php\/2024\/07\/11\/san-luis-en-el-pacto-de-mayo-un-punto-de-partida\/#primaryimage"},"image":{"@id":"https:\/\/apuntesdesanluis.com\/index.php\/2024\/07\/11\/san-luis-en-el-pacto-de-mayo-un-punto-de-partida\/#primaryimage"},"thumbnailUrl":"https:\/\/apuntesdesanluis.com\/wp-content\/uploads\/2024\/07\/pacto-de-mayo-texto.png","datePublished":"2024-07-11T20:30:05+00:00","dateModified":"2024-07-11T20:32:34+00:00","breadcrumb":{"@id":"https:\/\/apuntesdesanluis.com\/index.php\/2024\/07\/11\/san-luis-en-el-pacto-de-mayo-un-punto-de-partida\/#breadcrumb"},"inLanguage":"es-AR","potentialAction":[{"@type":"ReadAction","target":["https:\/\/apuntesdesanluis.com\/index.php\/2024\/07\/11\/san-luis-en-el-pacto-de-mayo-un-punto-de-partida\/"]}]},{"@type":"ImageObject","inLanguage":"es-AR","@id":"https:\/\/apuntesdesanluis.com\/index.php\/2024\/07\/11\/san-luis-en-el-pacto-de-mayo-un-punto-de-partida\/#primaryimage","url":"https:\/\/apuntesdesanluis.com\/wp-content\/uploads\/2024\/07\/pacto-de-mayo-texto.png","contentUrl":"https:\/\/apuntesdesanluis.com\/wp-content\/uploads\/2024\/07\/pacto-de-mayo-texto.png","width":700,"height":465},{"@type":"BreadcrumbList","@id":"https:\/\/apuntesdesanluis.com\/index.php\/2024\/07\/11\/san-luis-en-el-pacto-de-mayo-un-punto-de-partida\/#breadcrumb","itemListElement":[{"@type":"ListItem","position":1,"name":"Inicio","item":"https:\/\/apuntesdesanluis.com\/"},{"@type":"ListItem","position":2,"name":"SAN LUIS EN EL PACTO DE MAYO: UN PUNTO DE PARTIDA"}]},{"@type":"WebSite","@id":"https:\/\/apuntesdesanluis.com\/#website","url":"https:\/\/apuntesdesanluis.com\/","name":"Apuntes de San Luis","description":"","publisher":{"@id":"https:\/\/apuntesdesanluis.com\/#\/schema\/person\/b55151d52296fcce64d1a72538a70b90"},"potentialAction":[{"@type":"SearchAction","target":{"@type":"EntryPoint","urlTemplate":"https:\/\/apuntesdesanluis.com\/?s={search_term_string}"},"query-input":{"@type":"PropertyValueSpecification","valueRequired":true,"valueName":"search_term_string"}}],"inLanguage":"es-AR"},{"@type":["Person","Organization"],"@id":"https:\/\/apuntesdesanluis.com\/#\/schema\/person\/b55151d52296fcce64d1a72538a70b90","name":"apuntesdesanluis.com","image":{"@type":"ImageObject","inLanguage":"es-AR","@id":"https:\/\/apuntesdesanluis.com\/#\/schema\/person\/image\/","url":"https:\/\/apuntesdesanluis.com\/wp-content\/uploads\/2023\/07\/cropped-apuntesdesanluis.png","contentUrl":"https:\/\/apuntesdesanluis.com\/wp-content\/uploads\/2023\/07\/cropped-apuntesdesanluis.png","width":450,"height":112,"caption":"apuntesdesanluis.com"},"logo":{"@id":"https:\/\/apuntesdesanluis.com\/#\/schema\/person\/image\/"},"sameAs":["https:\/\/apuntesdesanluis.com"],"url":"https:\/\/apuntesdesanluis.com\/index.php\/author\/apuntesdesanluis-com\/"}]}},"featured_image_urls":{"full":["https:\/\/apuntesdesanluis.com\/wp-content\/uploads\/2024\/07\/pacto-de-mayo-texto.png",700,465,false],"thumbnail":["https:\/\/apuntesdesanluis.com\/wp-content\/uploads\/2024\/07\/pacto-de-mayo-texto-150x150.png",150,150,true],"medium":["https:\/\/apuntesdesanluis.com\/wp-content\/uploads\/2024\/07\/pacto-de-mayo-texto-300x199.png",300,199,true],"medium_large":["https:\/\/apuntesdesanluis.com\/wp-content\/uploads\/2024\/07\/pacto-de-mayo-texto.png",640,425,false],"large":["https:\/\/apuntesdesanluis.com\/wp-content\/uploads\/2024\/07\/pacto-de-mayo-texto.png",640,425,false],"1536x1536":["https:\/\/apuntesdesanluis.com\/wp-content\/uploads\/2024\/07\/pacto-de-mayo-texto.png",700,465,false],"2048x2048":["https:\/\/apuntesdesanluis.com\/wp-content\/uploads\/2024\/07\/pacto-de-mayo-texto.png",700,465,false],"newsever-slider-full":["https:\/\/apuntesdesanluis.com\/wp-content\/uploads\/2024\/07\/pacto-de-mayo-texto.png",700,465,false],"newsever-featured":["https:\/\/apuntesdesanluis.com\/wp-content\/uploads\/2024\/07\/pacto-de-mayo-texto.png",700,465,false],"newsever-medium":["https:\/\/apuntesdesanluis.com\/wp-content\/uploads\/2024\/07\/pacto-de-mayo-texto.png",700,465,false]},"author_info":{"display_name":"apuntesdesanluis.com","author_link":"https:\/\/apuntesdesanluis.com\/index.php\/author\/apuntesdesanluis-com\/"},"category_info":"<a href=\"https:\/\/apuntesdesanluis.com\/index.php\/category\/opinion\/\" rel=\"category tag\">Opini\u00f3n<\/a>","tag_info":"Opini\u00f3n","comment_count":"0","_links":{"self":[{"href":"https:\/\/apuntesdesanluis.com\/index.php\/wp-json\/wp\/v2\/posts\/19062","targetHints":{"allow":["GET"]}}],"collection":[{"href":"https:\/\/apuntesdesanluis.com\/index.php\/wp-json\/wp\/v2\/posts"}],"about":[{"href":"https:\/\/apuntesdesanluis.com\/index.php\/wp-json\/wp\/v2\/types\/post"}],"author":[{"embeddable":true,"href":"https:\/\/apuntesdesanluis.com\/index.php\/wp-json\/wp\/v2\/users\/1"}],"replies":[{"embeddable":true,"href":"https:\/\/apuntesdesanluis.com\/index.php\/wp-json\/wp\/v2\/comments?post=19062"}],"version-history":[{"count":2,"href":"https:\/\/apuntesdesanluis.com\/index.php\/wp-json\/wp\/v2\/posts\/19062\/revisions"}],"predecessor-version":[{"id":19066,"href":"https:\/\/apuntesdesanluis.com\/index.php\/wp-json\/wp\/v2\/posts\/19062\/revisions\/19066"}],"wp:featuredmedia":[{"embeddable":true,"href":"https:\/\/apuntesdesanluis.com\/index.php\/wp-json\/wp\/v2\/media\/19067"}],"wp:attachment":[{"href":"https:\/\/apuntesdesanluis.com\/index.php\/wp-json\/wp\/v2\/media?parent=19062"}],"wp:term":[{"taxonomy":"category","embeddable":true,"href":"https:\/\/apuntesdesanluis.com\/index.php\/wp-json\/wp\/v2\/categories?post=19062"},{"taxonomy":"post_tag","embeddable":true,"href":"https:\/\/apuntesdesanluis.com\/index.php\/wp-json\/wp\/v2\/tags?post=19062"}],"curies":[{"name":"wp","href":"https:\/\/api.w.org\/{rel}","templated":true}]}}