{"id":19068,"date":"2024-07-11T17:56:31","date_gmt":"2024-07-11T20:56:31","guid":{"rendered":"https:\/\/apuntesdesanluis.com\/?p=19068"},"modified":"2024-07-11T17:56:31","modified_gmt":"2024-07-11T20:56:31","slug":"alvarez-pinto-tendremos-transporte-publico-entre-merlo-y-villa-dolores","status":"publish","type":"post","link":"https:\/\/apuntesdesanluis.com\/index.php\/2024\/07\/11\/alvarez-pinto-tendremos-transporte-publico-entre-merlo-y-villa-dolores\/","title":{"rendered":"\u00c1LVAREZ PINTO: \u201cTENDREMOS TRANSPORTE P\u00daBLICO ENTRE MERLO Y VILLA DOLORES\u201d"},"content":{"rendered":"<h3>Lo confirm\u00f3 el propio intendente de la Villa de Merlo, al anunciar la luz verde obtenida por parte del gobierno nacional, en el marco de las gestiones conjuntas realizadas con la provincia.<\/h3>\n<h3>El intendente de la Villa de Merlo, <strong>Juan \u00c1lvarez Pinto<\/strong>, desde la ciudad de Buenos Aires, dio a conocer la trascendental noticia para toda la regi\u00f3n. En sus declaraciones, el mandatario inform\u00f3 que la Secretar\u00eda de Transporte de la Naci\u00f3n ha autorizado la Unidad Administrativa que permitir\u00e1 la conexi\u00f3n del transporte entre la ciudad de Villa Dolores (C\u00f3rdoba) y la ciudad de Merlo.<\/h3>\n<h3><strong>&#8220;Nos han informado que se ha autorizado la unidad administrativa que posibilita la conexi\u00f3n del transporte entre la ciudad de Villa Dolores y la ciudad de Merlo. Eso que tanto necesit\u00e1bamos, y que tanto se ven\u00eda gestionando, se ha logrado entre todos\u201d<\/strong>, expres\u00f3 \u00c1lvarez Pinto.<\/h3>\n<h3>Este logro representa un avance significativo en la mejora de la conectividad y el acceso al transporte p\u00fablico para los residentes de la zona que a diario utilizan el servicio para realizar tr\u00e1mites, por salud o para trabajar. La nueva ruta facilitar\u00e1 el desplazamiento de los habitantes, promoviendo el desarrollo econ\u00f3mico y social de la regi\u00f3n.<\/h3>\n<h3>\u00c1lvarez Pinto tambi\u00e9n adelant\u00f3 que pr\u00f3ximamente se conformar\u00e1 una comisi\u00f3n para que la empresa encargada comience a prestar el servicio lo antes posible.<\/h3>\n<h3>Innumerables gestiones ante Naci\u00f3n dieron sus frutos. En la nueva etapa, a partir de la asunci\u00f3n del Gobernador Claudio Poggi, existi\u00f3 un importante acompa\u00f1amiento del Gobierno de San Luis y su Secretaria de Estado de Transporte en la gesti\u00f3n ante el gobierno nacional.<\/h3>\n<h3>\u201cEste anuncio es una muestra m\u00e1s del compromiso de la gesti\u00f3n local y nacional para mejorar la infraestructura y la calidad de vida de los ciudadanos de Villa de Merlo y sus alrededores\u201d, agreg\u00f3 la informaci\u00f3n municipal.<\/h3>\n<h3>Abrigado con campera y bufanda, para atenuar el frio porte\u00f1o, el jefe comunal grab\u00f3 el siguiente mensaje para transmitir la noticia:<\/h3>\n<p>&nbsp;<\/p>\n<div style=\"width: 640px;\" class=\"wp-video\"><!--[if lt IE 9]><script>document.createElement('video');<\/script><![endif]-->\n<video class=\"wp-video-shortcode\" id=\"video-19068-1\" width=\"640\" height=\"1138\" preload=\"metadata\" controls=\"controls\"><source type=\"video\/mp4\" src=\"https:\/\/apuntesdesanluis.com\/wp-content\/uploads\/2024\/07\/450967513_1687069162042674_6371214008120104318_n.mp4?_=1\" \/><a href=\"https:\/\/apuntesdesanluis.com\/wp-content\/uploads\/2024\/07\/450967513_1687069162042674_6371214008120104318_n.mp4\">https:\/\/apuntesdesanluis.com\/wp-content\/uploads\/2024\/07\/450967513_1687069162042674_6371214008120104318_n.mp4<\/a><\/video><\/div>\n<p>&nbsp;<\/p>\n<p>&nbsp;<\/p>\n<p>&nbsp;<\/p>\n<p>&nbsp;<\/p>\n<p>&nbsp;<\/p>\n","protected":false},"excerpt":{"rendered":"<p>Lo confirm\u00f3 el propio intendente de la Villa de Merlo, al anunciar la luz verde&#8230;<\/p>\n","protected":false},"author":1,"featured_media":19070,"comment_status":"closed","ping_status":"closed","sticky":false,"template":"","format":"standard","meta":{"footnotes":""},"categories":[6],"tags":[],"class_list":["post-19068","post","type-post","status-publish","format-standard","has-post-thumbnail","hentry","category-ciudad-provincia"],"yoast_head":"<!-- This site is optimized with the Yoast SEO plugin v26.1.1 - https:\/\/yoast.com\/wordpress\/plugins\/seo\/ -->\n<title>\u00c1LVAREZ PINTO: \u201cTENDREMOS TRANSPORTE P\u00daBLICO ENTRE MERLO Y VILLA DOLORES\u201d - Apuntes de San Luis<\/title>\n<meta name=\"robots\" content=\"index, follow, max-snippet:-1, max-image-preview:large, max-video-preview:-1\" \/>\n<link rel=\"canonical\" href=\"https:\/\/apuntesdesanluis.com\/index.php\/2024\/07\/11\/alvarez-pinto-tendremos-transporte-publico-entre-merlo-y-villa-dolores\/\" \/>\n<meta property=\"og:locale\" content=\"es_ES\" \/>\n<meta property=\"og:type\" content=\"article\" \/>\n<meta property=\"og:title\" content=\"\u00c1LVAREZ PINTO: \u201cTENDREMOS TRANSPORTE P\u00daBLICO ENTRE MERLO Y VILLA DOLORES\u201d - Apuntes de San Luis\" \/>\n<meta property=\"og:description\" content=\"Lo confirm\u00f3 el propio intendente de la Villa de Merlo, al anunciar la luz verde...\" \/>\n<meta property=\"og:url\" content=\"https:\/\/apuntesdesanluis.com\/index.php\/2024\/07\/11\/alvarez-pinto-tendremos-transporte-publico-entre-merlo-y-villa-dolores\/\" \/>\n<meta property=\"og:site_name\" content=\"Apuntes de San Luis\" \/>\n<meta property=\"article:published_time\" content=\"2024-07-11T20:56:31+00:00\" \/>\n<meta property=\"og:image\" content=\"https:\/\/apuntesdesanluis.com\/wp-content\/uploads\/2024\/07\/alvarez-pinto.png\" \/>\n\t<meta property=\"og:image:width\" content=\"558\" \/>\n\t<meta property=\"og:image:height\" content=\"398\" \/>\n\t<meta property=\"og:image:type\" content=\"image\/png\" \/>\n<meta name=\"author\" content=\"apuntesdesanluis.com\" \/>\n<meta name=\"twitter:card\" content=\"summary_large_image\" \/>\n<meta name=\"twitter:label1\" content=\"Escrito por\" \/>\n\t<meta name=\"twitter:data1\" content=\"apuntesdesanluis.com\" \/>\n\t<meta name=\"twitter:label2\" content=\"Tiempo de lectura\" \/>\n\t<meta name=\"twitter:data2\" content=\"2 minutos\" \/>\n<script type=\"application\/ld+json\" class=\"yoast-schema-graph\">{\"@context\":\"https:\/\/schema.org\",\"@graph\":[{\"@type\":\"Article\",\"@id\":\"https:\/\/apuntesdesanluis.com\/index.php\/2024\/07\/11\/alvarez-pinto-tendremos-transporte-publico-entre-merlo-y-villa-dolores\/#article\",\"isPartOf\":{\"@id\":\"https:\/\/apuntesdesanluis.com\/index.php\/2024\/07\/11\/alvarez-pinto-tendremos-transporte-publico-entre-merlo-y-villa-dolores\/\"},\"author\":{\"name\":\"apuntesdesanluis.com\",\"@id\":\"https:\/\/apuntesdesanluis.com\/#\/schema\/person\/b55151d52296fcce64d1a72538a70b90\"},\"headline\":\"\u00c1LVAREZ PINTO: \u201cTENDREMOS TRANSPORTE P\u00daBLICO ENTRE MERLO Y VILLA DOLORES\u201d\",\"datePublished\":\"2024-07-11T20:56:31+00:00\",\"mainEntityOfPage\":{\"@id\":\"https:\/\/apuntesdesanluis.com\/index.php\/2024\/07\/11\/alvarez-pinto-tendremos-transporte-publico-entre-merlo-y-villa-dolores\/\"},\"wordCount\":372,\"publisher\":{\"@id\":\"https:\/\/apuntesdesanluis.com\/#\/schema\/person\/b55151d52296fcce64d1a72538a70b90\"},\"image\":{\"@id\":\"https:\/\/apuntesdesanluis.com\/index.php\/2024\/07\/11\/alvarez-pinto-tendremos-transporte-publico-entre-merlo-y-villa-dolores\/#primaryimage\"},\"thumbnailUrl\":\"https:\/\/apuntesdesanluis.com\/wp-content\/uploads\/2024\/07\/alvarez-pinto.png\",\"articleSection\":[\"Ciudad\/Provincia\"],\"inLanguage\":\"es-AR\"},{\"@type\":\"WebPage\",\"@id\":\"https:\/\/apuntesdesanluis.com\/index.php\/2024\/07\/11\/alvarez-pinto-tendremos-transporte-publico-entre-merlo-y-villa-dolores\/\",\"url\":\"https:\/\/apuntesdesanluis.com\/index.php\/2024\/07\/11\/alvarez-pinto-tendremos-transporte-publico-entre-merlo-y-villa-dolores\/\",\"name\":\"\u00c1LVAREZ PINTO: \u201cTENDREMOS TRANSPORTE P\u00daBLICO ENTRE MERLO Y VILLA DOLORES\u201d - Apuntes de San Luis\",\"isPartOf\":{\"@id\":\"https:\/\/apuntesdesanluis.com\/#website\"},\"primaryImageOfPage\":{\"@id\":\"https:\/\/apuntesdesanluis.com\/index.php\/2024\/07\/11\/alvarez-pinto-tendremos-transporte-publico-entre-merlo-y-villa-dolores\/#primaryimage\"},\"image\":{\"@id\":\"https:\/\/apuntesdesanluis.com\/index.php\/2024\/07\/11\/alvarez-pinto-tendremos-transporte-publico-entre-merlo-y-villa-dolores\/#primaryimage\"},\"thumbnailUrl\":\"https:\/\/apuntesdesanluis.com\/wp-content\/uploads\/2024\/07\/alvarez-pinto.png\",\"datePublished\":\"2024-07-11T20:56:31+00:00\",\"breadcrumb\":{\"@id\":\"https:\/\/apuntesdesanluis.com\/index.php\/2024\/07\/11\/alvarez-pinto-tendremos-transporte-publico-entre-merlo-y-villa-dolores\/#breadcrumb\"},\"inLanguage\":\"es-AR\",\"potentialAction\":[{\"@type\":\"ReadAction\",\"target\":[\"https:\/\/apuntesdesanluis.com\/index.php\/2024\/07\/11\/alvarez-pinto-tendremos-transporte-publico-entre-merlo-y-villa-dolores\/\"]}]},{\"@type\":\"ImageObject\",\"inLanguage\":\"es-AR\",\"@id\":\"https:\/\/apuntesdesanluis.com\/index.php\/2024\/07\/11\/alvarez-pinto-tendremos-transporte-publico-entre-merlo-y-villa-dolores\/#primaryimage\",\"url\":\"https:\/\/apuntesdesanluis.com\/wp-content\/uploads\/2024\/07\/alvarez-pinto.png\",\"contentUrl\":\"https:\/\/apuntesdesanluis.com\/wp-content\/uploads\/2024\/07\/alvarez-pinto.png\",\"width\":558,\"height\":398},{\"@type\":\"BreadcrumbList\",\"@id\":\"https:\/\/apuntesdesanluis.com\/index.php\/2024\/07\/11\/alvarez-pinto-tendremos-transporte-publico-entre-merlo-y-villa-dolores\/#breadcrumb\",\"itemListElement\":[{\"@type\":\"ListItem\",\"position\":1,\"name\":\"Inicio\",\"item\":\"https:\/\/apuntesdesanluis.com\/\"},{\"@type\":\"ListItem\",\"position\":2,\"name\":\"\u00c1LVAREZ PINTO: \u201cTENDREMOS TRANSPORTE P\u00daBLICO ENTRE MERLO Y VILLA DOLORES\u201d\"}]},{\"@type\":\"WebSite\",\"@id\":\"https:\/\/apuntesdesanluis.com\/#website\",\"url\":\"https:\/\/apuntesdesanluis.com\/\",\"name\":\"Apuntes de San Luis\",\"description\":\"\",\"publisher\":{\"@id\":\"https:\/\/apuntesdesanluis.com\/#\/schema\/person\/b55151d52296fcce64d1a72538a70b90\"},\"potentialAction\":[{\"@type\":\"SearchAction\",\"target\":{\"@type\":\"EntryPoint\",\"urlTemplate\":\"https:\/\/apuntesdesanluis.com\/?s={search_term_string}\"},\"query-input\":{\"@type\":\"PropertyValueSpecification\",\"valueRequired\":true,\"valueName\":\"search_term_string\"}}],\"inLanguage\":\"es-AR\"},{\"@type\":[\"Person\",\"Organization\"],\"@id\":\"https:\/\/apuntesdesanluis.com\/#\/schema\/person\/b55151d52296fcce64d1a72538a70b90\",\"name\":\"apuntesdesanluis.com\",\"image\":{\"@type\":\"ImageObject\",\"inLanguage\":\"es-AR\",\"@id\":\"https:\/\/apuntesdesanluis.com\/#\/schema\/person\/image\/\",\"url\":\"https:\/\/apuntesdesanluis.com\/wp-content\/uploads\/2023\/07\/cropped-apuntesdesanluis.png\",\"contentUrl\":\"https:\/\/apuntesdesanluis.com\/wp-content\/uploads\/2023\/07\/cropped-apuntesdesanluis.png\",\"width\":450,\"height\":112,\"caption\":\"apuntesdesanluis.com\"},\"logo\":{\"@id\":\"https:\/\/apuntesdesanluis.com\/#\/schema\/person\/image\/\"},\"sameAs\":[\"https:\/\/apuntesdesanluis.com\"],\"url\":\"https:\/\/apuntesdesanluis.com\/index.php\/author\/apuntesdesanluis-com\/\"}]}<\/script>\n<!-- \/ Yoast SEO plugin. -->","yoast_head_json":{"title":"\u00c1LVAREZ PINTO: \u201cTENDREMOS TRANSPORTE P\u00daBLICO ENTRE MERLO Y VILLA DOLORES\u201d - Apuntes de San Luis","robots":{"index":"index","follow":"follow","max-snippet":"max-snippet:-1","max-image-preview":"max-image-preview:large","max-video-preview":"max-video-preview:-1"},"canonical":"https:\/\/apuntesdesanluis.com\/index.php\/2024\/07\/11\/alvarez-pinto-tendremos-transporte-publico-entre-merlo-y-villa-dolores\/","og_locale":"es_ES","og_type":"article","og_title":"\u00c1LVAREZ PINTO: \u201cTENDREMOS TRANSPORTE P\u00daBLICO ENTRE MERLO Y VILLA DOLORES\u201d - Apuntes de San Luis","og_description":"Lo confirm\u00f3 el propio intendente de la Villa de Merlo, al anunciar la luz verde...","og_url":"https:\/\/apuntesdesanluis.com\/index.php\/2024\/07\/11\/alvarez-pinto-tendremos-transporte-publico-entre-merlo-y-villa-dolores\/","og_site_name":"Apuntes de San Luis","article_published_time":"2024-07-11T20:56:31+00:00","og_image":[{"width":558,"height":398,"url":"https:\/\/apuntesdesanluis.com\/wp-content\/uploads\/2024\/07\/alvarez-pinto.png","type":"image\/png"}],"author":"apuntesdesanluis.com","twitter_card":"summary_large_image","twitter_misc":{"Escrito por":"apuntesdesanluis.com","Tiempo de lectura":"2 minutos"},"schema":{"@context":"https:\/\/schema.org","@graph":[{"@type":"Article","@id":"https:\/\/apuntesdesanluis.com\/index.php\/2024\/07\/11\/alvarez-pinto-tendremos-transporte-publico-entre-merlo-y-villa-dolores\/#article","isPartOf":{"@id":"https:\/\/apuntesdesanluis.com\/index.php\/2024\/07\/11\/alvarez-pinto-tendremos-transporte-publico-entre-merlo-y-villa-dolores\/"},"author":{"name":"apuntesdesanluis.com","@id":"https:\/\/apuntesdesanluis.com\/#\/schema\/person\/b55151d52296fcce64d1a72538a70b90"},"headline":"\u00c1LVAREZ PINTO: \u201cTENDREMOS TRANSPORTE P\u00daBLICO ENTRE MERLO Y VILLA DOLORES\u201d","datePublished":"2024-07-11T20:56:31+00:00","mainEntityOfPage":{"@id":"https:\/\/apuntesdesanluis.com\/index.php\/2024\/07\/11\/alvarez-pinto-tendremos-transporte-publico-entre-merlo-y-villa-dolores\/"},"wordCount":372,"publisher":{"@id":"https:\/\/apuntesdesanluis.com\/#\/schema\/person\/b55151d52296fcce64d1a72538a70b90"},"image":{"@id":"https:\/\/apuntesdesanluis.com\/index.php\/2024\/07\/11\/alvarez-pinto-tendremos-transporte-publico-entre-merlo-y-villa-dolores\/#primaryimage"},"thumbnailUrl":"https:\/\/apuntesdesanluis.com\/wp-content\/uploads\/2024\/07\/alvarez-pinto.png","articleSection":["Ciudad\/Provincia"],"inLanguage":"es-AR"},{"@type":"WebPage","@id":"https:\/\/apuntesdesanluis.com\/index.php\/2024\/07\/11\/alvarez-pinto-tendremos-transporte-publico-entre-merlo-y-villa-dolores\/","url":"https:\/\/apuntesdesanluis.com\/index.php\/2024\/07\/11\/alvarez-pinto-tendremos-transporte-publico-entre-merlo-y-villa-dolores\/","name":"\u00c1LVAREZ PINTO: \u201cTENDREMOS TRANSPORTE P\u00daBLICO ENTRE MERLO Y VILLA DOLORES\u201d - Apuntes de San Luis","isPartOf":{"@id":"https:\/\/apuntesdesanluis.com\/#website"},"primaryImageOfPage":{"@id":"https:\/\/apuntesdesanluis.com\/index.php\/2024\/07\/11\/alvarez-pinto-tendremos-transporte-publico-entre-merlo-y-villa-dolores\/#primaryimage"},"image":{"@id":"https:\/\/apuntesdesanluis.com\/index.php\/2024\/07\/11\/alvarez-pinto-tendremos-transporte-publico-entre-merlo-y-villa-dolores\/#primaryimage"},"thumbnailUrl":"https:\/\/apuntesdesanluis.com\/wp-content\/uploads\/2024\/07\/alvarez-pinto.png","datePublished":"2024-07-11T20:56:31+00:00","breadcrumb":{"@id":"https:\/\/apuntesdesanluis.com\/index.php\/2024\/07\/11\/alvarez-pinto-tendremos-transporte-publico-entre-merlo-y-villa-dolores\/#breadcrumb"},"inLanguage":"es-AR","potentialAction":[{"@type":"ReadAction","target":["https:\/\/apuntesdesanluis.com\/index.php\/2024\/07\/11\/alvarez-pinto-tendremos-transporte-publico-entre-merlo-y-villa-dolores\/"]}]},{"@type":"ImageObject","inLanguage":"es-AR","@id":"https:\/\/apuntesdesanluis.com\/index.php\/2024\/07\/11\/alvarez-pinto-tendremos-transporte-publico-entre-merlo-y-villa-dolores\/#primaryimage","url":"https:\/\/apuntesdesanluis.com\/wp-content\/uploads\/2024\/07\/alvarez-pinto.png","contentUrl":"https:\/\/apuntesdesanluis.com\/wp-content\/uploads\/2024\/07\/alvarez-pinto.png","width":558,"height":398},{"@type":"BreadcrumbList","@id":"https:\/\/apuntesdesanluis.com\/index.php\/2024\/07\/11\/alvarez-pinto-tendremos-transporte-publico-entre-merlo-y-villa-dolores\/#breadcrumb","itemListElement":[{"@type":"ListItem","position":1,"name":"Inicio","item":"https:\/\/apuntesdesanluis.com\/"},{"@type":"ListItem","position":2,"name":"\u00c1LVAREZ PINTO: \u201cTENDREMOS TRANSPORTE P\u00daBLICO ENTRE MERLO Y VILLA DOLORES\u201d"}]},{"@type":"WebSite","@id":"https:\/\/apuntesdesanluis.com\/#website","url":"https:\/\/apuntesdesanluis.com\/","name":"Apuntes de San Luis","description":"","publisher":{"@id":"https:\/\/apuntesdesanluis.com\/#\/schema\/person\/b55151d52296fcce64d1a72538a70b90"},"potentialAction":[{"@type":"SearchAction","target":{"@type":"EntryPoint","urlTemplate":"https:\/\/apuntesdesanluis.com\/?s={search_term_string}"},"query-input":{"@type":"PropertyValueSpecification","valueRequired":true,"valueName":"search_term_string"}}],"inLanguage":"es-AR"},{"@type":["Person","Organization"],"@id":"https:\/\/apuntesdesanluis.com\/#\/schema\/person\/b55151d52296fcce64d1a72538a70b90","name":"apuntesdesanluis.com","image":{"@type":"ImageObject","inLanguage":"es-AR","@id":"https:\/\/apuntesdesanluis.com\/#\/schema\/person\/image\/","url":"https:\/\/apuntesdesanluis.com\/wp-content\/uploads\/2023\/07\/cropped-apuntesdesanluis.png","contentUrl":"https:\/\/apuntesdesanluis.com\/wp-content\/uploads\/2023\/07\/cropped-apuntesdesanluis.png","width":450,"height":112,"caption":"apuntesdesanluis.com"},"logo":{"@id":"https:\/\/apuntesdesanluis.com\/#\/schema\/person\/image\/"},"sameAs":["https:\/\/apuntesdesanluis.com"],"url":"https:\/\/apuntesdesanluis.com\/index.php\/author\/apuntesdesanluis-com\/"}]}},"featured_image_urls":{"full":["https:\/\/apuntesdesanluis.com\/wp-content\/uploads\/2024\/07\/alvarez-pinto.png",558,398,false],"thumbnail":["https:\/\/apuntesdesanluis.com\/wp-content\/uploads\/2024\/07\/alvarez-pinto-150x150.png",150,150,true],"medium":["https:\/\/apuntesdesanluis.com\/wp-content\/uploads\/2024\/07\/alvarez-pinto-300x214.png",300,214,true],"medium_large":["https:\/\/apuntesdesanluis.com\/wp-content\/uploads\/2024\/07\/alvarez-pinto.png",558,398,false],"large":["https:\/\/apuntesdesanluis.com\/wp-content\/uploads\/2024\/07\/alvarez-pinto.png",558,398,false],"1536x1536":["https:\/\/apuntesdesanluis.com\/wp-content\/uploads\/2024\/07\/alvarez-pinto.png",558,398,false],"2048x2048":["https:\/\/apuntesdesanluis.com\/wp-content\/uploads\/2024\/07\/alvarez-pinto.png",558,398,false],"newsever-slider-full":["https:\/\/apuntesdesanluis.com\/wp-content\/uploads\/2024\/07\/alvarez-pinto.png",558,398,false],"newsever-featured":["https:\/\/apuntesdesanluis.com\/wp-content\/uploads\/2024\/07\/alvarez-pinto.png",558,398,false],"newsever-medium":["https:\/\/apuntesdesanluis.com\/wp-content\/uploads\/2024\/07\/alvarez-pinto.png",558,398,false]},"author_info":{"display_name":"apuntesdesanluis.com","author_link":"https:\/\/apuntesdesanluis.com\/index.php\/author\/apuntesdesanluis-com\/"},"category_info":"<a href=\"https:\/\/apuntesdesanluis.com\/index.php\/category\/ciudad-provincia\/\" rel=\"category tag\">Ciudad\/Provincia<\/a>","tag_info":"Ciudad\/Provincia","comment_count":"0","_links":{"self":[{"href":"https:\/\/apuntesdesanluis.com\/index.php\/wp-json\/wp\/v2\/posts\/19068","targetHints":{"allow":["GET"]}}],"collection":[{"href":"https:\/\/apuntesdesanluis.com\/index.php\/wp-json\/wp\/v2\/posts"}],"about":[{"href":"https:\/\/apuntesdesanluis.com\/index.php\/wp-json\/wp\/v2\/types\/post"}],"author":[{"embeddable":true,"href":"https:\/\/apuntesdesanluis.com\/index.php\/wp-json\/wp\/v2\/users\/1"}],"replies":[{"embeddable":true,"href":"https:\/\/apuntesdesanluis.com\/index.php\/wp-json\/wp\/v2\/comments?post=19068"}],"version-history":[{"count":1,"href":"https:\/\/apuntesdesanluis.com\/index.php\/wp-json\/wp\/v2\/posts\/19068\/revisions"}],"predecessor-version":[{"id":19071,"href":"https:\/\/apuntesdesanluis.com\/index.php\/wp-json\/wp\/v2\/posts\/19068\/revisions\/19071"}],"wp:featuredmedia":[{"embeddable":true,"href":"https:\/\/apuntesdesanluis.com\/index.php\/wp-json\/wp\/v2\/media\/19070"}],"wp:attachment":[{"href":"https:\/\/apuntesdesanluis.com\/index.php\/wp-json\/wp\/v2\/media?parent=19068"}],"wp:term":[{"taxonomy":"category","embeddable":true,"href":"https:\/\/apuntesdesanluis.com\/index.php\/wp-json\/wp\/v2\/categories?post=19068"},{"taxonomy":"post_tag","embeddable":true,"href":"https:\/\/apuntesdesanluis.com\/index.php\/wp-json\/wp\/v2\/tags?post=19068"}],"curies":[{"name":"wp","href":"https:\/\/api.w.org\/{rel}","templated":true}]}}