{"id":19072,"date":"2024-07-11T18:08:20","date_gmt":"2024-07-11T21:08:20","guid":{"rendered":"https:\/\/apuntesdesanluis.com\/?p=19072"},"modified":"2024-07-11T18:08:20","modified_gmt":"2024-07-11T21:08:20","slug":"solicitan-paraderos-de-una-mujer-y-un-hombre-de-san-luis","status":"publish","type":"post","link":"https:\/\/apuntesdesanluis.com\/index.php\/2024\/07\/11\/solicitan-paraderos-de-una-mujer-y-un-hombre-de-san-luis\/","title":{"rendered":"SOLICITAN PARADEROS DE UNA MUJER Y UN HOMBRE DE SAN LUIS"},"content":{"rendered":"<h3>Polic\u00edas de la Comisar\u00eda Seccional 4\u00b0 solicitan el paradero de <strong>Lucila Maribel Quiroga<\/strong>, de 29 a\u00f1os de edad, con domicilio en calle 25 de Mayo 1.938 de la ciudad de San Luis.<\/h3>\n<h3>La hermana fue quien realiz\u00f3 el escrito formal en la dependencia policial y manifest\u00f3 que desde hace un mes y medio no sabe nada de ella, solo que se encontraba acompa\u00f1ada de su novio, un hombre de 33 a\u00f1os de edad, con quien no tiene contacto debido a que cumpl\u00eda hasta hace poco una condena en la Penitenciar\u00eda Provincial.<\/h3>\n<h3>Seg\u00fan la informaci\u00f3n preliminar recabada, la pareja habr\u00eda viajado hacia la provincia de C\u00f3rdoba.<\/h3>\n<h3><img fetchpriority=\"high\" decoding=\"async\" class=\"wp-image-19074 aligncenter\" src=\"https:\/\/apuntesdesanluis.com\/wp-content\/uploads\/2024\/07\/LUCILA-QUIROGA-259x300.jpg\" alt=\"\" width=\"533\" height=\"617\" srcset=\"https:\/\/apuntesdesanluis.com\/wp-content\/uploads\/2024\/07\/LUCILA-QUIROGA-259x300.jpg 259w, https:\/\/apuntesdesanluis.com\/wp-content\/uploads\/2024\/07\/LUCILA-QUIROGA.jpg 432w\" sizes=\"(max-width: 533px) 100vw, 533px\" \/><\/h3>\n<h3>Quiroga es de contextura f\u00edsica delgada, mide 1,50 mts. de estatura aproximadamente, es de tez blanca, cabellos largos hasta la cintura de color negro, de ojos marrones.<\/h3>\n<h3>No posee tatuajes a la vista y se desconoce la vestimenta en el momento de ausentarse.<\/h3>\n<h3>Ante cualquier informaci\u00f3n hacerlo saber al 911 o a la dependencia policial m\u00e1s cercana.<\/h3>\n<h3><strong>JOVEN TATUADO<\/strong><\/h3>\n<h3>Por otra parte, polic\u00edas de la Comisar\u00eda Seccional 6\u00b0 solicitan el paradero de <strong>Vinicius Yael Daru\u00f1a<\/strong>, de 18 a\u00f1os de edad, con domicilio en avenida Sucre N\u00b0 2463, de la ciudad de San Luis<\/h3>\n<h3>La madre fue quien realiz\u00f3 el escrito formal en la dependencia policial este mi\u00e9rcoles 10 de julio.<\/h3>\n<h3><img decoding=\"async\" class=\"wp-image-19075 aligncenter\" src=\"https:\/\/apuntesdesanluis.com\/wp-content\/uploads\/2024\/07\/TATUADO-250x300.jpg\" alt=\"\" width=\"535\" height=\"642\" srcset=\"https:\/\/apuntesdesanluis.com\/wp-content\/uploads\/2024\/07\/TATUADO-250x300.jpg 250w, https:\/\/apuntesdesanluis.com\/wp-content\/uploads\/2024\/07\/TATUADO.jpg 600w\" sizes=\"(max-width: 535px) 100vw, 535px\" \/><\/h3>\n<h3>Vinicius Yael mide 1,80 mts. de altura, es de contextura f\u00edsica robusta, pelo corto color ceniza claro, tez de color blanco, ojos color marrones claros.<\/h3>\n<h3>Como caracter\u00edsticas posee tatuajes: en la cara, del lado derecho en la zona del p\u00f3mulo un coraz\u00f3n y del lado izquierdo uno con forma de diamante; en la parte de su patilla izquierda el n\u00famero 2005; en unas de las cejas N\u00b0 22; en el cuello el N\u00b0 1312; en sus manos en la zona de los dedos tambi\u00e9n posee tatuados n\u00fameros; y en una de sus mu\u00f1ecas el s\u00edmbolo de anarqu\u00eda.<\/h3>\n<h3>Ante cualquier informaci\u00f3n, hacerlo saber al 911 o a la dependencia policial m\u00e1s cercana.<\/h3>\n<p>&nbsp;<\/p>\n<p>&nbsp;<\/p>\n<p>&nbsp;<\/p>\n<h3><\/h3>\n<h3><\/h3>\n<p>&nbsp;<\/p>\n<p>&nbsp;<\/p>\n","protected":false},"excerpt":{"rendered":"<p>Polic\u00edas de la Comisar\u00eda Seccional 4\u00b0 solicitan el paradero de Lucila Maribel Quiroga, de 29&#8230;<\/p>\n","protected":false},"author":1,"featured_media":19073,"comment_status":"closed","ping_status":"closed","sticky":false,"template":"","format":"standard","meta":{"footnotes":""},"categories":[6],"tags":[],"class_list":["post-19072","post","type-post","status-publish","format-standard","has-post-thumbnail","hentry","category-ciudad-provincia"],"yoast_head":"<!-- This site is optimized with the Yoast SEO plugin v26.1.1 - https:\/\/yoast.com\/wordpress\/plugins\/seo\/ -->\n<title>SOLICITAN PARADEROS DE UNA MUJER Y UN HOMBRE DE SAN LUIS - Apuntes de San Luis<\/title>\n<meta name=\"robots\" content=\"index, follow, max-snippet:-1, max-image-preview:large, max-video-preview:-1\" \/>\n<link rel=\"canonical\" href=\"https:\/\/apuntesdesanluis.com\/index.php\/2024\/07\/11\/solicitan-paraderos-de-una-mujer-y-un-hombre-de-san-luis\/\" \/>\n<meta property=\"og:locale\" content=\"es_ES\" \/>\n<meta property=\"og:type\" content=\"article\" \/>\n<meta property=\"og:title\" content=\"SOLICITAN PARADEROS DE UNA MUJER Y UN HOMBRE DE SAN LUIS - Apuntes de San Luis\" \/>\n<meta property=\"og:description\" content=\"Polic\u00edas de la Comisar\u00eda Seccional 4\u00b0 solicitan el paradero de Lucila Maribel Quiroga, de 29...\" \/>\n<meta property=\"og:url\" content=\"https:\/\/apuntesdesanluis.com\/index.php\/2024\/07\/11\/solicitan-paraderos-de-una-mujer-y-un-hombre-de-san-luis\/\" \/>\n<meta property=\"og:site_name\" content=\"Apuntes de San Luis\" \/>\n<meta property=\"article:published_time\" content=\"2024-07-11T21:08:20+00:00\" \/>\n<meta property=\"og:image\" content=\"https:\/\/apuntesdesanluis.com\/wp-content\/uploads\/2024\/07\/DOS-BUSCADOS.png\" \/>\n\t<meta property=\"og:image:width\" content=\"665\" \/>\n\t<meta property=\"og:image:height\" content=\"393\" \/>\n\t<meta property=\"og:image:type\" content=\"image\/png\" \/>\n<meta name=\"author\" content=\"apuntesdesanluis.com\" \/>\n<meta name=\"twitter:card\" content=\"summary_large_image\" \/>\n<meta name=\"twitter:label1\" content=\"Escrito por\" \/>\n\t<meta name=\"twitter:data1\" content=\"apuntesdesanluis.com\" \/>\n\t<meta name=\"twitter:label2\" content=\"Tiempo de lectura\" \/>\n\t<meta name=\"twitter:data2\" content=\"3 minutos\" \/>\n<script type=\"application\/ld+json\" class=\"yoast-schema-graph\">{\"@context\":\"https:\/\/schema.org\",\"@graph\":[{\"@type\":\"Article\",\"@id\":\"https:\/\/apuntesdesanluis.com\/index.php\/2024\/07\/11\/solicitan-paraderos-de-una-mujer-y-un-hombre-de-san-luis\/#article\",\"isPartOf\":{\"@id\":\"https:\/\/apuntesdesanluis.com\/index.php\/2024\/07\/11\/solicitan-paraderos-de-una-mujer-y-un-hombre-de-san-luis\/\"},\"author\":{\"name\":\"apuntesdesanluis.com\",\"@id\":\"https:\/\/apuntesdesanluis.com\/#\/schema\/person\/b55151d52296fcce64d1a72538a70b90\"},\"headline\":\"SOLICITAN PARADEROS DE UNA MUJER Y UN HOMBRE DE SAN LUIS\",\"datePublished\":\"2024-07-11T21:08:20+00:00\",\"mainEntityOfPage\":{\"@id\":\"https:\/\/apuntesdesanluis.com\/index.php\/2024\/07\/11\/solicitan-paraderos-de-una-mujer-y-un-hombre-de-san-luis\/\"},\"wordCount\":357,\"publisher\":{\"@id\":\"https:\/\/apuntesdesanluis.com\/#\/schema\/person\/b55151d52296fcce64d1a72538a70b90\"},\"image\":{\"@id\":\"https:\/\/apuntesdesanluis.com\/index.php\/2024\/07\/11\/solicitan-paraderos-de-una-mujer-y-un-hombre-de-san-luis\/#primaryimage\"},\"thumbnailUrl\":\"https:\/\/apuntesdesanluis.com\/wp-content\/uploads\/2024\/07\/DOS-BUSCADOS.png\",\"articleSection\":[\"Ciudad\/Provincia\"],\"inLanguage\":\"es-AR\"},{\"@type\":\"WebPage\",\"@id\":\"https:\/\/apuntesdesanluis.com\/index.php\/2024\/07\/11\/solicitan-paraderos-de-una-mujer-y-un-hombre-de-san-luis\/\",\"url\":\"https:\/\/apuntesdesanluis.com\/index.php\/2024\/07\/11\/solicitan-paraderos-de-una-mujer-y-un-hombre-de-san-luis\/\",\"name\":\"SOLICITAN PARADEROS DE UNA MUJER Y UN HOMBRE DE SAN LUIS - Apuntes de San Luis\",\"isPartOf\":{\"@id\":\"https:\/\/apuntesdesanluis.com\/#website\"},\"primaryImageOfPage\":{\"@id\":\"https:\/\/apuntesdesanluis.com\/index.php\/2024\/07\/11\/solicitan-paraderos-de-una-mujer-y-un-hombre-de-san-luis\/#primaryimage\"},\"image\":{\"@id\":\"https:\/\/apuntesdesanluis.com\/index.php\/2024\/07\/11\/solicitan-paraderos-de-una-mujer-y-un-hombre-de-san-luis\/#primaryimage\"},\"thumbnailUrl\":\"https:\/\/apuntesdesanluis.com\/wp-content\/uploads\/2024\/07\/DOS-BUSCADOS.png\",\"datePublished\":\"2024-07-11T21:08:20+00:00\",\"breadcrumb\":{\"@id\":\"https:\/\/apuntesdesanluis.com\/index.php\/2024\/07\/11\/solicitan-paraderos-de-una-mujer-y-un-hombre-de-san-luis\/#breadcrumb\"},\"inLanguage\":\"es-AR\",\"potentialAction\":[{\"@type\":\"ReadAction\",\"target\":[\"https:\/\/apuntesdesanluis.com\/index.php\/2024\/07\/11\/solicitan-paraderos-de-una-mujer-y-un-hombre-de-san-luis\/\"]}]},{\"@type\":\"ImageObject\",\"inLanguage\":\"es-AR\",\"@id\":\"https:\/\/apuntesdesanluis.com\/index.php\/2024\/07\/11\/solicitan-paraderos-de-una-mujer-y-un-hombre-de-san-luis\/#primaryimage\",\"url\":\"https:\/\/apuntesdesanluis.com\/wp-content\/uploads\/2024\/07\/DOS-BUSCADOS.png\",\"contentUrl\":\"https:\/\/apuntesdesanluis.com\/wp-content\/uploads\/2024\/07\/DOS-BUSCADOS.png\",\"width\":665,\"height\":393},{\"@type\":\"BreadcrumbList\",\"@id\":\"https:\/\/apuntesdesanluis.com\/index.php\/2024\/07\/11\/solicitan-paraderos-de-una-mujer-y-un-hombre-de-san-luis\/#breadcrumb\",\"itemListElement\":[{\"@type\":\"ListItem\",\"position\":1,\"name\":\"Inicio\",\"item\":\"https:\/\/apuntesdesanluis.com\/\"},{\"@type\":\"ListItem\",\"position\":2,\"name\":\"SOLICITAN PARADEROS DE UNA MUJER Y UN HOMBRE DE SAN LUIS\"}]},{\"@type\":\"WebSite\",\"@id\":\"https:\/\/apuntesdesanluis.com\/#website\",\"url\":\"https:\/\/apuntesdesanluis.com\/\",\"name\":\"Apuntes de San Luis\",\"description\":\"\",\"publisher\":{\"@id\":\"https:\/\/apuntesdesanluis.com\/#\/schema\/person\/b55151d52296fcce64d1a72538a70b90\"},\"potentialAction\":[{\"@type\":\"SearchAction\",\"target\":{\"@type\":\"EntryPoint\",\"urlTemplate\":\"https:\/\/apuntesdesanluis.com\/?s={search_term_string}\"},\"query-input\":{\"@type\":\"PropertyValueSpecification\",\"valueRequired\":true,\"valueName\":\"search_term_string\"}}],\"inLanguage\":\"es-AR\"},{\"@type\":[\"Person\",\"Organization\"],\"@id\":\"https:\/\/apuntesdesanluis.com\/#\/schema\/person\/b55151d52296fcce64d1a72538a70b90\",\"name\":\"apuntesdesanluis.com\",\"image\":{\"@type\":\"ImageObject\",\"inLanguage\":\"es-AR\",\"@id\":\"https:\/\/apuntesdesanluis.com\/#\/schema\/person\/image\/\",\"url\":\"https:\/\/apuntesdesanluis.com\/wp-content\/uploads\/2023\/07\/cropped-apuntesdesanluis.png\",\"contentUrl\":\"https:\/\/apuntesdesanluis.com\/wp-content\/uploads\/2023\/07\/cropped-apuntesdesanluis.png\",\"width\":450,\"height\":112,\"caption\":\"apuntesdesanluis.com\"},\"logo\":{\"@id\":\"https:\/\/apuntesdesanluis.com\/#\/schema\/person\/image\/\"},\"sameAs\":[\"https:\/\/apuntesdesanluis.com\"],\"url\":\"https:\/\/apuntesdesanluis.com\/index.php\/author\/apuntesdesanluis-com\/\"}]}<\/script>\n<!-- \/ Yoast SEO plugin. -->","yoast_head_json":{"title":"SOLICITAN PARADEROS DE UNA MUJER Y UN HOMBRE DE SAN LUIS - Apuntes de San Luis","robots":{"index":"index","follow":"follow","max-snippet":"max-snippet:-1","max-image-preview":"max-image-preview:large","max-video-preview":"max-video-preview:-1"},"canonical":"https:\/\/apuntesdesanluis.com\/index.php\/2024\/07\/11\/solicitan-paraderos-de-una-mujer-y-un-hombre-de-san-luis\/","og_locale":"es_ES","og_type":"article","og_title":"SOLICITAN PARADEROS DE UNA MUJER Y UN HOMBRE DE SAN LUIS - Apuntes de San Luis","og_description":"Polic\u00edas de la Comisar\u00eda Seccional 4\u00b0 solicitan el paradero de Lucila Maribel Quiroga, de 29...","og_url":"https:\/\/apuntesdesanluis.com\/index.php\/2024\/07\/11\/solicitan-paraderos-de-una-mujer-y-un-hombre-de-san-luis\/","og_site_name":"Apuntes de San Luis","article_published_time":"2024-07-11T21:08:20+00:00","og_image":[{"width":665,"height":393,"url":"https:\/\/apuntesdesanluis.com\/wp-content\/uploads\/2024\/07\/DOS-BUSCADOS.png","type":"image\/png"}],"author":"apuntesdesanluis.com","twitter_card":"summary_large_image","twitter_misc":{"Escrito por":"apuntesdesanluis.com","Tiempo de lectura":"3 minutos"},"schema":{"@context":"https:\/\/schema.org","@graph":[{"@type":"Article","@id":"https:\/\/apuntesdesanluis.com\/index.php\/2024\/07\/11\/solicitan-paraderos-de-una-mujer-y-un-hombre-de-san-luis\/#article","isPartOf":{"@id":"https:\/\/apuntesdesanluis.com\/index.php\/2024\/07\/11\/solicitan-paraderos-de-una-mujer-y-un-hombre-de-san-luis\/"},"author":{"name":"apuntesdesanluis.com","@id":"https:\/\/apuntesdesanluis.com\/#\/schema\/person\/b55151d52296fcce64d1a72538a70b90"},"headline":"SOLICITAN PARADEROS DE UNA MUJER Y UN HOMBRE DE SAN LUIS","datePublished":"2024-07-11T21:08:20+00:00","mainEntityOfPage":{"@id":"https:\/\/apuntesdesanluis.com\/index.php\/2024\/07\/11\/solicitan-paraderos-de-una-mujer-y-un-hombre-de-san-luis\/"},"wordCount":357,"publisher":{"@id":"https:\/\/apuntesdesanluis.com\/#\/schema\/person\/b55151d52296fcce64d1a72538a70b90"},"image":{"@id":"https:\/\/apuntesdesanluis.com\/index.php\/2024\/07\/11\/solicitan-paraderos-de-una-mujer-y-un-hombre-de-san-luis\/#primaryimage"},"thumbnailUrl":"https:\/\/apuntesdesanluis.com\/wp-content\/uploads\/2024\/07\/DOS-BUSCADOS.png","articleSection":["Ciudad\/Provincia"],"inLanguage":"es-AR"},{"@type":"WebPage","@id":"https:\/\/apuntesdesanluis.com\/index.php\/2024\/07\/11\/solicitan-paraderos-de-una-mujer-y-un-hombre-de-san-luis\/","url":"https:\/\/apuntesdesanluis.com\/index.php\/2024\/07\/11\/solicitan-paraderos-de-una-mujer-y-un-hombre-de-san-luis\/","name":"SOLICITAN PARADEROS DE UNA MUJER Y UN HOMBRE DE SAN LUIS - Apuntes de San Luis","isPartOf":{"@id":"https:\/\/apuntesdesanluis.com\/#website"},"primaryImageOfPage":{"@id":"https:\/\/apuntesdesanluis.com\/index.php\/2024\/07\/11\/solicitan-paraderos-de-una-mujer-y-un-hombre-de-san-luis\/#primaryimage"},"image":{"@id":"https:\/\/apuntesdesanluis.com\/index.php\/2024\/07\/11\/solicitan-paraderos-de-una-mujer-y-un-hombre-de-san-luis\/#primaryimage"},"thumbnailUrl":"https:\/\/apuntesdesanluis.com\/wp-content\/uploads\/2024\/07\/DOS-BUSCADOS.png","datePublished":"2024-07-11T21:08:20+00:00","breadcrumb":{"@id":"https:\/\/apuntesdesanluis.com\/index.php\/2024\/07\/11\/solicitan-paraderos-de-una-mujer-y-un-hombre-de-san-luis\/#breadcrumb"},"inLanguage":"es-AR","potentialAction":[{"@type":"ReadAction","target":["https:\/\/apuntesdesanluis.com\/index.php\/2024\/07\/11\/solicitan-paraderos-de-una-mujer-y-un-hombre-de-san-luis\/"]}]},{"@type":"ImageObject","inLanguage":"es-AR","@id":"https:\/\/apuntesdesanluis.com\/index.php\/2024\/07\/11\/solicitan-paraderos-de-una-mujer-y-un-hombre-de-san-luis\/#primaryimage","url":"https:\/\/apuntesdesanluis.com\/wp-content\/uploads\/2024\/07\/DOS-BUSCADOS.png","contentUrl":"https:\/\/apuntesdesanluis.com\/wp-content\/uploads\/2024\/07\/DOS-BUSCADOS.png","width":665,"height":393},{"@type":"BreadcrumbList","@id":"https:\/\/apuntesdesanluis.com\/index.php\/2024\/07\/11\/solicitan-paraderos-de-una-mujer-y-un-hombre-de-san-luis\/#breadcrumb","itemListElement":[{"@type":"ListItem","position":1,"name":"Inicio","item":"https:\/\/apuntesdesanluis.com\/"},{"@type":"ListItem","position":2,"name":"SOLICITAN PARADEROS DE UNA MUJER Y UN HOMBRE DE SAN LUIS"}]},{"@type":"WebSite","@id":"https:\/\/apuntesdesanluis.com\/#website","url":"https:\/\/apuntesdesanluis.com\/","name":"Apuntes de San Luis","description":"","publisher":{"@id":"https:\/\/apuntesdesanluis.com\/#\/schema\/person\/b55151d52296fcce64d1a72538a70b90"},"potentialAction":[{"@type":"SearchAction","target":{"@type":"EntryPoint","urlTemplate":"https:\/\/apuntesdesanluis.com\/?s={search_term_string}"},"query-input":{"@type":"PropertyValueSpecification","valueRequired":true,"valueName":"search_term_string"}}],"inLanguage":"es-AR"},{"@type":["Person","Organization"],"@id":"https:\/\/apuntesdesanluis.com\/#\/schema\/person\/b55151d52296fcce64d1a72538a70b90","name":"apuntesdesanluis.com","image":{"@type":"ImageObject","inLanguage":"es-AR","@id":"https:\/\/apuntesdesanluis.com\/#\/schema\/person\/image\/","url":"https:\/\/apuntesdesanluis.com\/wp-content\/uploads\/2023\/07\/cropped-apuntesdesanluis.png","contentUrl":"https:\/\/apuntesdesanluis.com\/wp-content\/uploads\/2023\/07\/cropped-apuntesdesanluis.png","width":450,"height":112,"caption":"apuntesdesanluis.com"},"logo":{"@id":"https:\/\/apuntesdesanluis.com\/#\/schema\/person\/image\/"},"sameAs":["https:\/\/apuntesdesanluis.com"],"url":"https:\/\/apuntesdesanluis.com\/index.php\/author\/apuntesdesanluis-com\/"}]}},"featured_image_urls":{"full":["https:\/\/apuntesdesanluis.com\/wp-content\/uploads\/2024\/07\/DOS-BUSCADOS.png",665,393,false],"thumbnail":["https:\/\/apuntesdesanluis.com\/wp-content\/uploads\/2024\/07\/DOS-BUSCADOS-150x150.png",150,150,true],"medium":["https:\/\/apuntesdesanluis.com\/wp-content\/uploads\/2024\/07\/DOS-BUSCADOS-300x177.png",300,177,true],"medium_large":["https:\/\/apuntesdesanluis.com\/wp-content\/uploads\/2024\/07\/DOS-BUSCADOS.png",640,378,false],"large":["https:\/\/apuntesdesanluis.com\/wp-content\/uploads\/2024\/07\/DOS-BUSCADOS.png",640,378,false],"1536x1536":["https:\/\/apuntesdesanluis.com\/wp-content\/uploads\/2024\/07\/DOS-BUSCADOS.png",665,393,false],"2048x2048":["https:\/\/apuntesdesanluis.com\/wp-content\/uploads\/2024\/07\/DOS-BUSCADOS.png",665,393,false],"newsever-slider-full":["https:\/\/apuntesdesanluis.com\/wp-content\/uploads\/2024\/07\/DOS-BUSCADOS.png",665,393,false],"newsever-featured":["https:\/\/apuntesdesanluis.com\/wp-content\/uploads\/2024\/07\/DOS-BUSCADOS.png",665,393,false],"newsever-medium":["https:\/\/apuntesdesanluis.com\/wp-content\/uploads\/2024\/07\/DOS-BUSCADOS.png",665,393,false]},"author_info":{"display_name":"apuntesdesanluis.com","author_link":"https:\/\/apuntesdesanluis.com\/index.php\/author\/apuntesdesanluis-com\/"},"category_info":"<a href=\"https:\/\/apuntesdesanluis.com\/index.php\/category\/ciudad-provincia\/\" rel=\"category tag\">Ciudad\/Provincia<\/a>","tag_info":"Ciudad\/Provincia","comment_count":"0","_links":{"self":[{"href":"https:\/\/apuntesdesanluis.com\/index.php\/wp-json\/wp\/v2\/posts\/19072","targetHints":{"allow":["GET"]}}],"collection":[{"href":"https:\/\/apuntesdesanluis.com\/index.php\/wp-json\/wp\/v2\/posts"}],"about":[{"href":"https:\/\/apuntesdesanluis.com\/index.php\/wp-json\/wp\/v2\/types\/post"}],"author":[{"embeddable":true,"href":"https:\/\/apuntesdesanluis.com\/index.php\/wp-json\/wp\/v2\/users\/1"}],"replies":[{"embeddable":true,"href":"https:\/\/apuntesdesanluis.com\/index.php\/wp-json\/wp\/v2\/comments?post=19072"}],"version-history":[{"count":1,"href":"https:\/\/apuntesdesanluis.com\/index.php\/wp-json\/wp\/v2\/posts\/19072\/revisions"}],"predecessor-version":[{"id":19076,"href":"https:\/\/apuntesdesanluis.com\/index.php\/wp-json\/wp\/v2\/posts\/19072\/revisions\/19076"}],"wp:featuredmedia":[{"embeddable":true,"href":"https:\/\/apuntesdesanluis.com\/index.php\/wp-json\/wp\/v2\/media\/19073"}],"wp:attachment":[{"href":"https:\/\/apuntesdesanluis.com\/index.php\/wp-json\/wp\/v2\/media?parent=19072"}],"wp:term":[{"taxonomy":"category","embeddable":true,"href":"https:\/\/apuntesdesanluis.com\/index.php\/wp-json\/wp\/v2\/categories?post=19072"},{"taxonomy":"post_tag","embeddable":true,"href":"https:\/\/apuntesdesanluis.com\/index.php\/wp-json\/wp\/v2\/tags?post=19072"}],"curies":[{"name":"wp","href":"https:\/\/api.w.org\/{rel}","templated":true}]}}