{"id":1909,"date":"2023-08-22T13:50:25","date_gmt":"2023-08-22T16:50:25","guid":{"rendered":"https:\/\/apuntesdesanluis.com\/?p=1909"},"modified":"2023-08-22T13:50:25","modified_gmt":"2023-08-22T16:50:25","slug":"miguel-bose-conto-en-primera-persona-el-asalto-vivido-junto-a-sus-hijos-en-mexico","status":"publish","type":"post","link":"https:\/\/apuntesdesanluis.com\/index.php\/2023\/08\/22\/miguel-bose-conto-en-primera-persona-el-asalto-vivido-junto-a-sus-hijos-en-mexico\/","title":{"rendered":"MIGUEL BOS\u00c9 CONT\u00d3 EN PRIMERA PERSONA EL ASALTO VIVIDO JUNTO A SUS HIJOS EN M\u00c9XICO"},"content":{"rendered":"<h3>El cantante sufri\u00f3 un asalto en su hogar de Ciudad de M\u00e9xico, donde fue retenido junto a sus hijos y personal por m\u00e1s de dos horas. El incidente, que describi\u00f3 como muy estudiado, result\u00f3 en la p\u00e9rdida de pertenencias y su veh\u00edculo.<\/h3>\n<h3>Tras numerosas conjeturas, <strong>Miguel Bos\u00e9<\/strong> relat\u00f3 el traum\u00e1tico suceso acontecido en su residencia en M\u00e9xico, donde fue v\u00edctima de un robo a mano armada. Con el prop\u00f3sito de poner fin a las especulaciones, el cantante opt\u00f3 por emplear las plataformas digitales para detallar los eventos que tuvieron lugar el 18 de agosto \u00faltimo. En esa fecha, un grupo de diez individuos enmascarados con armas de fuego irrumpieron en su hogar en la Ciudad de M\u00e9xico.<\/h3>\n<h3>&#8220;Nos tuvieron atados a mis hijos, al personal de la casa y a m\u00ed durante m\u00e1s de dos horas&#8221; explica Miguel en el post que ha publicado en su cuenta de Instagram. Con estas palabras el cantante confirma que tanto \u00e9l como sus hijos sufrieron un terrible susto, aunque no hubo que lamentar mayores da\u00f1os.<\/h3>\n<h3>&#8220;Para hacerlo corto estamos todos bien, mis hijos se portaron como dos valientes admirables&#8221; a\u00f1ade Bos\u00e9 resaltando el comportamiento de sus hijos a pesar de su corta edad en una situaci\u00f3n tan tensa.<\/h3>\n<h3>Aunque el cantante reconoce que se han llevado muchas de sus pertenencias y objetos de valor, aclara que un pu\u00f1ado de delincuentes no le har\u00e1n marcharse de una ciudad en la que es tan feliz.<\/h3>\n<h3>&#8220;Gracias a todos por el apoyo y la preocupaci\u00f3n constante demostrada, pero quedad tranquilos&#8221; comenta Miguel acord\u00e1ndose tambi\u00e9n de sus vecinos que le han mostrado todo su apoyo y cari\u00f1o desde el primer momento.<\/h3>\n<h3>Ante las especulaciones en las \u00faltimas horas sobre si el cantante y sus hijos podr\u00edan abandonar la ciudad, Miguel deja claro que una mudanza no entra en sus planes: &#8220;Aqu\u00ed estoy y aqu\u00ed me quedar\u00e9, para hacer frente a lo que sea, en el pa\u00eds m\u00e1s hospitalario del planeta&#8221;.<\/h3>\n<h3>&#8220;El viernes por la noche, un comando de diez sujetos armados irrumpi\u00f3 en mi domicilio. Nos asaltaron. Nos tuvieron atados a mis hijos, al personal de la casa y a m\u00ed durante m\u00e1s de dos horas&#8221;, escribi\u00f3 Bos\u00e9 en su cuenta de Instagram.<\/h3>\n<h3>El m\u00fasico y actor, de 67 a\u00f1os, detall\u00f3 que los asaltantes &#8220;se llevaron todo, coche incluido&#8221; en un robo que describi\u00f3 como &#8220;muy estudiado y milimetrado&#8221;.<\/h3>\n<p><img fetchpriority=\"high\" decoding=\"async\" class=\"wp-image-1912 aligncenter\" src=\"https:\/\/apuntesdesanluis.com\/wp-content\/uploads\/2023\/08\/miguel-bose-conto-en-primera-persona-el-asalto-vivido-junto-a-sus-hijos-en-mexico-1636986-274x300.jpg\" alt=\"\" width=\"483\" height=\"529\" srcset=\"https:\/\/apuntesdesanluis.com\/wp-content\/uploads\/2023\/08\/miguel-bose-conto-en-primera-persona-el-asalto-vivido-junto-a-sus-hijos-en-mexico-1636986-274x300.jpg 274w, https:\/\/apuntesdesanluis.com\/wp-content\/uploads\/2023\/08\/miguel-bose-conto-en-primera-persona-el-asalto-vivido-junto-a-sus-hijos-en-mexico-1636986-768x841.jpg 768w, https:\/\/apuntesdesanluis.com\/wp-content\/uploads\/2023\/08\/miguel-bose-conto-en-primera-persona-el-asalto-vivido-junto-a-sus-hijos-en-mexico-1636986.jpg 900w\" sizes=\"(max-width: 483px) 100vw, 483px\" \/><\/p>\n<h3>La Fiscal\u00eda General de Justicia de la CDMX inform\u00f3 que ya inici\u00f3 una carpeta de investigaci\u00f3n por un posible robo un domicilio, ubicado en la alcald\u00eda \u00c1lvaro Obreg\u00f3n. Hasta el momento, ni la v\u00edctima ni su representante legal han presentado denuncia formal por el il\u00edcito.<\/h3>\n","protected":false},"excerpt":{"rendered":"<p>El cantante sufri\u00f3 un asalto en su hogar de Ciudad de M\u00e9xico, donde fue retenido&#8230;<\/p>\n","protected":false},"author":1,"featured_media":1910,"comment_status":"closed","ping_status":"closed","sticky":false,"template":"","format":"standard","meta":{"footnotes":""},"categories":[5],"tags":[],"class_list":["post-1909","post","type-post","status-publish","format-standard","has-post-thumbnail","hentry","category-nacionales-internacionales"],"yoast_head":"<!-- This site is optimized with the Yoast SEO plugin v26.1.1 - https:\/\/yoast.com\/wordpress\/plugins\/seo\/ -->\n<title>MIGUEL BOS\u00c9 CONT\u00d3 EN PRIMERA PERSONA EL ASALTO VIVIDO JUNTO A SUS HIJOS EN M\u00c9XICO - Apuntes de San Luis<\/title>\n<meta name=\"robots\" content=\"index, follow, max-snippet:-1, max-image-preview:large, max-video-preview:-1\" \/>\n<link rel=\"canonical\" href=\"https:\/\/apuntesdesanluis.com\/index.php\/2023\/08\/22\/miguel-bose-conto-en-primera-persona-el-asalto-vivido-junto-a-sus-hijos-en-mexico\/\" \/>\n<meta property=\"og:locale\" content=\"es_ES\" \/>\n<meta property=\"og:type\" content=\"article\" \/>\n<meta property=\"og:title\" content=\"MIGUEL BOS\u00c9 CONT\u00d3 EN PRIMERA PERSONA EL ASALTO VIVIDO JUNTO A SUS HIJOS EN M\u00c9XICO - Apuntes de San Luis\" \/>\n<meta property=\"og:description\" content=\"El cantante sufri\u00f3 un asalto en su hogar de Ciudad de M\u00e9xico, donde fue retenido...\" \/>\n<meta property=\"og:url\" content=\"https:\/\/apuntesdesanluis.com\/index.php\/2023\/08\/22\/miguel-bose-conto-en-primera-persona-el-asalto-vivido-junto-a-sus-hijos-en-mexico\/\" \/>\n<meta property=\"og:site_name\" content=\"Apuntes de San Luis\" \/>\n<meta property=\"article:published_time\" content=\"2023-08-22T16:50:25+00:00\" \/>\n<meta property=\"og:image\" content=\"https:\/\/apuntesdesanluis.com\/wp-content\/uploads\/2023\/08\/bose.png\" \/>\n\t<meta property=\"og:image:width\" content=\"600\" \/>\n\t<meta property=\"og:image:height\" content=\"348\" \/>\n\t<meta property=\"og:image:type\" content=\"image\/png\" \/>\n<meta name=\"author\" content=\"apuntesdesanluis.com\" \/>\n<meta name=\"twitter:card\" content=\"summary_large_image\" \/>\n<meta name=\"twitter:label1\" content=\"Escrito por\" \/>\n\t<meta name=\"twitter:data1\" content=\"apuntesdesanluis.com\" \/>\n\t<meta name=\"twitter:label2\" content=\"Tiempo de lectura\" \/>\n\t<meta name=\"twitter:data2\" content=\"3 minutos\" \/>\n<script type=\"application\/ld+json\" class=\"yoast-schema-graph\">{\"@context\":\"https:\/\/schema.org\",\"@graph\":[{\"@type\":\"Article\",\"@id\":\"https:\/\/apuntesdesanluis.com\/index.php\/2023\/08\/22\/miguel-bose-conto-en-primera-persona-el-asalto-vivido-junto-a-sus-hijos-en-mexico\/#article\",\"isPartOf\":{\"@id\":\"https:\/\/apuntesdesanluis.com\/index.php\/2023\/08\/22\/miguel-bose-conto-en-primera-persona-el-asalto-vivido-junto-a-sus-hijos-en-mexico\/\"},\"author\":{\"name\":\"apuntesdesanluis.com\",\"@id\":\"https:\/\/apuntesdesanluis.com\/#\/schema\/person\/b55151d52296fcce64d1a72538a70b90\"},\"headline\":\"MIGUEL BOS\u00c9 CONT\u00d3 EN PRIMERA PERSONA EL ASALTO VIVIDO JUNTO A SUS HIJOS EN M\u00c9XICO\",\"datePublished\":\"2023-08-22T16:50:25+00:00\",\"mainEntityOfPage\":{\"@id\":\"https:\/\/apuntesdesanluis.com\/index.php\/2023\/08\/22\/miguel-bose-conto-en-primera-persona-el-asalto-vivido-junto-a-sus-hijos-en-mexico\/\"},\"wordCount\":482,\"publisher\":{\"@id\":\"https:\/\/apuntesdesanluis.com\/#\/schema\/person\/b55151d52296fcce64d1a72538a70b90\"},\"image\":{\"@id\":\"https:\/\/apuntesdesanluis.com\/index.php\/2023\/08\/22\/miguel-bose-conto-en-primera-persona-el-asalto-vivido-junto-a-sus-hijos-en-mexico\/#primaryimage\"},\"thumbnailUrl\":\"https:\/\/apuntesdesanluis.com\/wp-content\/uploads\/2023\/08\/bose.png\",\"articleSection\":[\"Nacionales\/Internacionales\"],\"inLanguage\":\"es-AR\"},{\"@type\":\"WebPage\",\"@id\":\"https:\/\/apuntesdesanluis.com\/index.php\/2023\/08\/22\/miguel-bose-conto-en-primera-persona-el-asalto-vivido-junto-a-sus-hijos-en-mexico\/\",\"url\":\"https:\/\/apuntesdesanluis.com\/index.php\/2023\/08\/22\/miguel-bose-conto-en-primera-persona-el-asalto-vivido-junto-a-sus-hijos-en-mexico\/\",\"name\":\"MIGUEL BOS\u00c9 CONT\u00d3 EN PRIMERA PERSONA EL ASALTO VIVIDO JUNTO A SUS HIJOS EN M\u00c9XICO - Apuntes de San Luis\",\"isPartOf\":{\"@id\":\"https:\/\/apuntesdesanluis.com\/#website\"},\"primaryImageOfPage\":{\"@id\":\"https:\/\/apuntesdesanluis.com\/index.php\/2023\/08\/22\/miguel-bose-conto-en-primera-persona-el-asalto-vivido-junto-a-sus-hijos-en-mexico\/#primaryimage\"},\"image\":{\"@id\":\"https:\/\/apuntesdesanluis.com\/index.php\/2023\/08\/22\/miguel-bose-conto-en-primera-persona-el-asalto-vivido-junto-a-sus-hijos-en-mexico\/#primaryimage\"},\"thumbnailUrl\":\"https:\/\/apuntesdesanluis.com\/wp-content\/uploads\/2023\/08\/bose.png\",\"datePublished\":\"2023-08-22T16:50:25+00:00\",\"breadcrumb\":{\"@id\":\"https:\/\/apuntesdesanluis.com\/index.php\/2023\/08\/22\/miguel-bose-conto-en-primera-persona-el-asalto-vivido-junto-a-sus-hijos-en-mexico\/#breadcrumb\"},\"inLanguage\":\"es-AR\",\"potentialAction\":[{\"@type\":\"ReadAction\",\"target\":[\"https:\/\/apuntesdesanluis.com\/index.php\/2023\/08\/22\/miguel-bose-conto-en-primera-persona-el-asalto-vivido-junto-a-sus-hijos-en-mexico\/\"]}]},{\"@type\":\"ImageObject\",\"inLanguage\":\"es-AR\",\"@id\":\"https:\/\/apuntesdesanluis.com\/index.php\/2023\/08\/22\/miguel-bose-conto-en-primera-persona-el-asalto-vivido-junto-a-sus-hijos-en-mexico\/#primaryimage\",\"url\":\"https:\/\/apuntesdesanluis.com\/wp-content\/uploads\/2023\/08\/bose.png\",\"contentUrl\":\"https:\/\/apuntesdesanluis.com\/wp-content\/uploads\/2023\/08\/bose.png\",\"width\":600,\"height\":348},{\"@type\":\"BreadcrumbList\",\"@id\":\"https:\/\/apuntesdesanluis.com\/index.php\/2023\/08\/22\/miguel-bose-conto-en-primera-persona-el-asalto-vivido-junto-a-sus-hijos-en-mexico\/#breadcrumb\",\"itemListElement\":[{\"@type\":\"ListItem\",\"position\":1,\"name\":\"Inicio\",\"item\":\"https:\/\/apuntesdesanluis.com\/\"},{\"@type\":\"ListItem\",\"position\":2,\"name\":\"MIGUEL BOS\u00c9 CONT\u00d3 EN PRIMERA PERSONA EL ASALTO VIVIDO JUNTO A SUS HIJOS EN M\u00c9XICO\"}]},{\"@type\":\"WebSite\",\"@id\":\"https:\/\/apuntesdesanluis.com\/#website\",\"url\":\"https:\/\/apuntesdesanluis.com\/\",\"name\":\"Apuntes de San Luis\",\"description\":\"\",\"publisher\":{\"@id\":\"https:\/\/apuntesdesanluis.com\/#\/schema\/person\/b55151d52296fcce64d1a72538a70b90\"},\"potentialAction\":[{\"@type\":\"SearchAction\",\"target\":{\"@type\":\"EntryPoint\",\"urlTemplate\":\"https:\/\/apuntesdesanluis.com\/?s={search_term_string}\"},\"query-input\":{\"@type\":\"PropertyValueSpecification\",\"valueRequired\":true,\"valueName\":\"search_term_string\"}}],\"inLanguage\":\"es-AR\"},{\"@type\":[\"Person\",\"Organization\"],\"@id\":\"https:\/\/apuntesdesanluis.com\/#\/schema\/person\/b55151d52296fcce64d1a72538a70b90\",\"name\":\"apuntesdesanluis.com\",\"image\":{\"@type\":\"ImageObject\",\"inLanguage\":\"es-AR\",\"@id\":\"https:\/\/apuntesdesanluis.com\/#\/schema\/person\/image\/\",\"url\":\"https:\/\/apuntesdesanluis.com\/wp-content\/uploads\/2023\/07\/cropped-apuntesdesanluis.png\",\"contentUrl\":\"https:\/\/apuntesdesanluis.com\/wp-content\/uploads\/2023\/07\/cropped-apuntesdesanluis.png\",\"width\":450,\"height\":112,\"caption\":\"apuntesdesanluis.com\"},\"logo\":{\"@id\":\"https:\/\/apuntesdesanluis.com\/#\/schema\/person\/image\/\"},\"sameAs\":[\"https:\/\/apuntesdesanluis.com\"],\"url\":\"https:\/\/apuntesdesanluis.com\/index.php\/author\/apuntesdesanluis-com\/\"}]}<\/script>\n<!-- \/ Yoast SEO plugin. -->","yoast_head_json":{"title":"MIGUEL BOS\u00c9 CONT\u00d3 EN PRIMERA PERSONA EL ASALTO VIVIDO JUNTO A SUS HIJOS EN M\u00c9XICO - Apuntes de San Luis","robots":{"index":"index","follow":"follow","max-snippet":"max-snippet:-1","max-image-preview":"max-image-preview:large","max-video-preview":"max-video-preview:-1"},"canonical":"https:\/\/apuntesdesanluis.com\/index.php\/2023\/08\/22\/miguel-bose-conto-en-primera-persona-el-asalto-vivido-junto-a-sus-hijos-en-mexico\/","og_locale":"es_ES","og_type":"article","og_title":"MIGUEL BOS\u00c9 CONT\u00d3 EN PRIMERA PERSONA EL ASALTO VIVIDO JUNTO A SUS HIJOS EN M\u00c9XICO - Apuntes de San Luis","og_description":"El cantante sufri\u00f3 un asalto en su hogar de Ciudad de M\u00e9xico, donde fue retenido...","og_url":"https:\/\/apuntesdesanluis.com\/index.php\/2023\/08\/22\/miguel-bose-conto-en-primera-persona-el-asalto-vivido-junto-a-sus-hijos-en-mexico\/","og_site_name":"Apuntes de San Luis","article_published_time":"2023-08-22T16:50:25+00:00","og_image":[{"width":600,"height":348,"url":"https:\/\/apuntesdesanluis.com\/wp-content\/uploads\/2023\/08\/bose.png","type":"image\/png"}],"author":"apuntesdesanluis.com","twitter_card":"summary_large_image","twitter_misc":{"Escrito por":"apuntesdesanluis.com","Tiempo de lectura":"3 minutos"},"schema":{"@context":"https:\/\/schema.org","@graph":[{"@type":"Article","@id":"https:\/\/apuntesdesanluis.com\/index.php\/2023\/08\/22\/miguel-bose-conto-en-primera-persona-el-asalto-vivido-junto-a-sus-hijos-en-mexico\/#article","isPartOf":{"@id":"https:\/\/apuntesdesanluis.com\/index.php\/2023\/08\/22\/miguel-bose-conto-en-primera-persona-el-asalto-vivido-junto-a-sus-hijos-en-mexico\/"},"author":{"name":"apuntesdesanluis.com","@id":"https:\/\/apuntesdesanluis.com\/#\/schema\/person\/b55151d52296fcce64d1a72538a70b90"},"headline":"MIGUEL BOS\u00c9 CONT\u00d3 EN PRIMERA PERSONA EL ASALTO VIVIDO JUNTO A SUS HIJOS EN M\u00c9XICO","datePublished":"2023-08-22T16:50:25+00:00","mainEntityOfPage":{"@id":"https:\/\/apuntesdesanluis.com\/index.php\/2023\/08\/22\/miguel-bose-conto-en-primera-persona-el-asalto-vivido-junto-a-sus-hijos-en-mexico\/"},"wordCount":482,"publisher":{"@id":"https:\/\/apuntesdesanluis.com\/#\/schema\/person\/b55151d52296fcce64d1a72538a70b90"},"image":{"@id":"https:\/\/apuntesdesanluis.com\/index.php\/2023\/08\/22\/miguel-bose-conto-en-primera-persona-el-asalto-vivido-junto-a-sus-hijos-en-mexico\/#primaryimage"},"thumbnailUrl":"https:\/\/apuntesdesanluis.com\/wp-content\/uploads\/2023\/08\/bose.png","articleSection":["Nacionales\/Internacionales"],"inLanguage":"es-AR"},{"@type":"WebPage","@id":"https:\/\/apuntesdesanluis.com\/index.php\/2023\/08\/22\/miguel-bose-conto-en-primera-persona-el-asalto-vivido-junto-a-sus-hijos-en-mexico\/","url":"https:\/\/apuntesdesanluis.com\/index.php\/2023\/08\/22\/miguel-bose-conto-en-primera-persona-el-asalto-vivido-junto-a-sus-hijos-en-mexico\/","name":"MIGUEL BOS\u00c9 CONT\u00d3 EN PRIMERA PERSONA EL ASALTO VIVIDO JUNTO A SUS HIJOS EN M\u00c9XICO - Apuntes de San Luis","isPartOf":{"@id":"https:\/\/apuntesdesanluis.com\/#website"},"primaryImageOfPage":{"@id":"https:\/\/apuntesdesanluis.com\/index.php\/2023\/08\/22\/miguel-bose-conto-en-primera-persona-el-asalto-vivido-junto-a-sus-hijos-en-mexico\/#primaryimage"},"image":{"@id":"https:\/\/apuntesdesanluis.com\/index.php\/2023\/08\/22\/miguel-bose-conto-en-primera-persona-el-asalto-vivido-junto-a-sus-hijos-en-mexico\/#primaryimage"},"thumbnailUrl":"https:\/\/apuntesdesanluis.com\/wp-content\/uploads\/2023\/08\/bose.png","datePublished":"2023-08-22T16:50:25+00:00","breadcrumb":{"@id":"https:\/\/apuntesdesanluis.com\/index.php\/2023\/08\/22\/miguel-bose-conto-en-primera-persona-el-asalto-vivido-junto-a-sus-hijos-en-mexico\/#breadcrumb"},"inLanguage":"es-AR","potentialAction":[{"@type":"ReadAction","target":["https:\/\/apuntesdesanluis.com\/index.php\/2023\/08\/22\/miguel-bose-conto-en-primera-persona-el-asalto-vivido-junto-a-sus-hijos-en-mexico\/"]}]},{"@type":"ImageObject","inLanguage":"es-AR","@id":"https:\/\/apuntesdesanluis.com\/index.php\/2023\/08\/22\/miguel-bose-conto-en-primera-persona-el-asalto-vivido-junto-a-sus-hijos-en-mexico\/#primaryimage","url":"https:\/\/apuntesdesanluis.com\/wp-content\/uploads\/2023\/08\/bose.png","contentUrl":"https:\/\/apuntesdesanluis.com\/wp-content\/uploads\/2023\/08\/bose.png","width":600,"height":348},{"@type":"BreadcrumbList","@id":"https:\/\/apuntesdesanluis.com\/index.php\/2023\/08\/22\/miguel-bose-conto-en-primera-persona-el-asalto-vivido-junto-a-sus-hijos-en-mexico\/#breadcrumb","itemListElement":[{"@type":"ListItem","position":1,"name":"Inicio","item":"https:\/\/apuntesdesanluis.com\/"},{"@type":"ListItem","position":2,"name":"MIGUEL BOS\u00c9 CONT\u00d3 EN PRIMERA PERSONA EL ASALTO VIVIDO JUNTO A SUS HIJOS EN M\u00c9XICO"}]},{"@type":"WebSite","@id":"https:\/\/apuntesdesanluis.com\/#website","url":"https:\/\/apuntesdesanluis.com\/","name":"Apuntes de San Luis","description":"","publisher":{"@id":"https:\/\/apuntesdesanluis.com\/#\/schema\/person\/b55151d52296fcce64d1a72538a70b90"},"potentialAction":[{"@type":"SearchAction","target":{"@type":"EntryPoint","urlTemplate":"https:\/\/apuntesdesanluis.com\/?s={search_term_string}"},"query-input":{"@type":"PropertyValueSpecification","valueRequired":true,"valueName":"search_term_string"}}],"inLanguage":"es-AR"},{"@type":["Person","Organization"],"@id":"https:\/\/apuntesdesanluis.com\/#\/schema\/person\/b55151d52296fcce64d1a72538a70b90","name":"apuntesdesanluis.com","image":{"@type":"ImageObject","inLanguage":"es-AR","@id":"https:\/\/apuntesdesanluis.com\/#\/schema\/person\/image\/","url":"https:\/\/apuntesdesanluis.com\/wp-content\/uploads\/2023\/07\/cropped-apuntesdesanluis.png","contentUrl":"https:\/\/apuntesdesanluis.com\/wp-content\/uploads\/2023\/07\/cropped-apuntesdesanluis.png","width":450,"height":112,"caption":"apuntesdesanluis.com"},"logo":{"@id":"https:\/\/apuntesdesanluis.com\/#\/schema\/person\/image\/"},"sameAs":["https:\/\/apuntesdesanluis.com"],"url":"https:\/\/apuntesdesanluis.com\/index.php\/author\/apuntesdesanluis-com\/"}]}},"featured_image_urls":{"full":["https:\/\/apuntesdesanluis.com\/wp-content\/uploads\/2023\/08\/bose.png",600,348,false],"thumbnail":["https:\/\/apuntesdesanluis.com\/wp-content\/uploads\/2023\/08\/bose-150x150.png",150,150,true],"medium":["https:\/\/apuntesdesanluis.com\/wp-content\/uploads\/2023\/08\/bose-300x174.png",300,174,true],"medium_large":["https:\/\/apuntesdesanluis.com\/wp-content\/uploads\/2023\/08\/bose.png",600,348,false],"large":["https:\/\/apuntesdesanluis.com\/wp-content\/uploads\/2023\/08\/bose.png",600,348,false],"1536x1536":["https:\/\/apuntesdesanluis.com\/wp-content\/uploads\/2023\/08\/bose.png",600,348,false],"2048x2048":["https:\/\/apuntesdesanluis.com\/wp-content\/uploads\/2023\/08\/bose.png",600,348,false],"newsever-slider-full":["https:\/\/apuntesdesanluis.com\/wp-content\/uploads\/2023\/08\/bose.png",600,348,false],"newsever-featured":["https:\/\/apuntesdesanluis.com\/wp-content\/uploads\/2023\/08\/bose.png",600,348,false],"newsever-medium":["https:\/\/apuntesdesanluis.com\/wp-content\/uploads\/2023\/08\/bose.png",600,348,false]},"author_info":{"display_name":"apuntesdesanluis.com","author_link":"https:\/\/apuntesdesanluis.com\/index.php\/author\/apuntesdesanluis-com\/"},"category_info":"<a href=\"https:\/\/apuntesdesanluis.com\/index.php\/category\/nacionales-internacionales\/\" rel=\"category tag\">Nacionales\/Internacionales<\/a>","tag_info":"Nacionales\/Internacionales","comment_count":"0","_links":{"self":[{"href":"https:\/\/apuntesdesanluis.com\/index.php\/wp-json\/wp\/v2\/posts\/1909","targetHints":{"allow":["GET"]}}],"collection":[{"href":"https:\/\/apuntesdesanluis.com\/index.php\/wp-json\/wp\/v2\/posts"}],"about":[{"href":"https:\/\/apuntesdesanluis.com\/index.php\/wp-json\/wp\/v2\/types\/post"}],"author":[{"embeddable":true,"href":"https:\/\/apuntesdesanluis.com\/index.php\/wp-json\/wp\/v2\/users\/1"}],"replies":[{"embeddable":true,"href":"https:\/\/apuntesdesanluis.com\/index.php\/wp-json\/wp\/v2\/comments?post=1909"}],"version-history":[{"count":1,"href":"https:\/\/apuntesdesanluis.com\/index.php\/wp-json\/wp\/v2\/posts\/1909\/revisions"}],"predecessor-version":[{"id":1913,"href":"https:\/\/apuntesdesanluis.com\/index.php\/wp-json\/wp\/v2\/posts\/1909\/revisions\/1913"}],"wp:featuredmedia":[{"embeddable":true,"href":"https:\/\/apuntesdesanluis.com\/index.php\/wp-json\/wp\/v2\/media\/1910"}],"wp:attachment":[{"href":"https:\/\/apuntesdesanluis.com\/index.php\/wp-json\/wp\/v2\/media?parent=1909"}],"wp:term":[{"taxonomy":"category","embeddable":true,"href":"https:\/\/apuntesdesanluis.com\/index.php\/wp-json\/wp\/v2\/categories?post=1909"},{"taxonomy":"post_tag","embeddable":true,"href":"https:\/\/apuntesdesanluis.com\/index.php\/wp-json\/wp\/v2\/tags?post=1909"}],"curies":[{"name":"wp","href":"https:\/\/api.w.org\/{rel}","templated":true}]}}