{"id":19092,"date":"2024-07-11T19:08:35","date_gmt":"2024-07-11T22:08:35","guid":{"rendered":"https:\/\/apuntesdesanluis.com\/?p=19092"},"modified":"2024-07-11T19:09:01","modified_gmt":"2024-07-11T22:09:01","slug":"mi-compromiso-con-villa-mercedes-fue-reconstruir-este-hospital","status":"publish","type":"post","link":"https:\/\/apuntesdesanluis.com\/index.php\/2024\/07\/11\/mi-compromiso-con-villa-mercedes-fue-reconstruir-este-hospital\/","title":{"rendered":"\u201cMI COMPROMISO CON VILLA MERCEDES FUE RECONSTRUIR ESTE HOSPITAL\u201d"},"content":{"rendered":"<h3>\u201cA pocos d\u00edas de asumir la gobernaci\u00f3n, en el primer viaje que hice a Villa Mercedes, lo primero que hice fue venir al hospital y lo recorr\u00ed. Y la verdad que asum\u00ed un compromiso con Villa Mercedes, con la regi\u00f3n, de que este hospital se va a reconstruir y se va a modernizar en nuestra gesti\u00f3n\u201d, dijo el gobernador <strong>Claudio Poggi<\/strong> durante la inauguraci\u00f3n de las obras en la planta baja del Policl\u00ednico Regional \u2018Juan Domingo Per\u00f3n\u2019.<\/h3>\n<h3>\u201cEs un compromiso que ratifico nuevamente en este momento. Se va a reconstruir y se va a modernizar. Los mercedinos y los ciudadanos de localidades vecinas van a volver a sentirse orgullosos del policl\u00ednico de Villa Mercedes y los trabajadores de la casa tambi\u00e9n. Me comprometo hoy ante todos ustedes que este hospital va a ser modelo. Lo vamos a reconstruir y lo vamos a modernizar. Hoy estamos dando un primer paso\u201d, enfatiz\u00f3 el Gobernador.<\/h3>\n<h3>\u201cCuando vine y lo visitamos, la verdad que no sab\u00edamos para d\u00f3nde mirar. Ustedes no se imaginan lo que es el piso de arriba. Parece que pas\u00f3 una guerra\u201d, record\u00f3 Poggi de aquella visita, y agreg\u00f3: \u201cEn la planta baja quedaba un espacio que no estaba siendo utilizado, que era la ex maternidad y lo m\u00e1s a mano que tuvimos para empezar a sumar espacios y recuperar servicios (terapia, internaci\u00f3n, quir\u00f3fano) fue una adecuaci\u00f3n, una refacci\u00f3n, una puesta en valor de lo que era esa ex maternidad y sumarla al espacio del policl\u00ednico. Eso es lo que hoy estamos inaugurando\u201d.<\/h3>\n<p><img fetchpriority=\"high\" decoding=\"async\" class=\"wp-image-19094 aligncenter\" src=\"https:\/\/apuntesdesanluis.com\/wp-content\/uploads\/2024\/07\/claudio-poggi-300x186.png\" alt=\"\" width=\"582\" height=\"361\" srcset=\"https:\/\/apuntesdesanluis.com\/wp-content\/uploads\/2024\/07\/claudio-poggi-300x186.png 300w, https:\/\/apuntesdesanluis.com\/wp-content\/uploads\/2024\/07\/claudio-poggi.png 600w\" sizes=\"(max-width: 582px) 100vw, 582px\" \/><\/p>\n<h3>\u201cY lo hicimos en un tiempo r\u00e9cord, con una inversi\u00f3n importante, y sumando espacios. Hoy ya planificamos y mostramos c\u00f3mo va a ser la reconstrucci\u00f3n y la modernizaci\u00f3n de todo el hospital, fundamentalmente del primer piso, que es lo que est\u00e1 totalmente destruido\u201d.<\/h3>\n<h3>El Primer Mandatario provincial calific\u00f3 la situaci\u00f3n edilicia como de \u201cdesidia y abandono del Gobierno de la Provincia que gobern\u00f3 hasta el 10 de diciembre\u201d, y que \u201cignor\u00f3 al Policl\u00ednico de Villa Mercedes. Nosotros cambiamos el criterio desde el primer d\u00eda que estuvimos ac\u00e1, fue para enfrentar el problema. \u00bfC\u00f3mo nuestro policl\u00ednico, el segundo m\u00e1s grande de la provincia, despu\u00e9s del \u2018Ram\u00f3n Carrillo\u2019, va a estar en estas condiciones? Empezamos con esto. Y hoy se pone en marcha, se habilita y se pone al servicio de los trabajadores y de la sociedad. Y presentamos las etapas que vienen, ya que cada una va a tener autonom\u00eda, porque la vamos a iniciar, la vamos a ejecutar, la vamos a terminar y se va a habilitar. Y as\u00ed sucesivamente\u201d, subray\u00f3.<\/h3>\n<h3>Para hacer frente a los costos que implica la mega obra que se llevar\u00e1 adelante en el Policl\u00ednico mercedino, la Provincia utilizar\u00e1 los fondos que producir\u00e1 la venta de la Casa de San Luis en Buenos Aires: \u201cTomamos una decisi\u00f3n, tuvimos que priorizar en el marco de la austeridad que tenemos que manejarnos, porque la plata no alcanza en las familias, y al Estado tampoco. Estamos en una situaci\u00f3n dif\u00edcil todos, entonces hay que priorizar e ir reasignando recursos. Por eso dijimos \u2018pongamos en venta ese inmueble que hoy le cuesta mucho a la provincia, sin desvincular a ning\u00fan empleado, buscar otra casa de San Luis u oficinas en Buenos Aires que sean m\u00e1s funcionales, m\u00e1s operativas y la misma ley de creaci\u00f3n que faculta la venta de ese inmueble, dice que lo recaudado va a ser destinado a financiar la reconstrucci\u00f3n del hospital de Villa Mercedes\u201d.<\/h3>\n<p>&nbsp;<\/p>\n<p>&nbsp;<\/p>\n<p>&nbsp;<\/p>\n<p>&nbsp;<\/p>\n<p>&nbsp;<\/p>\n<p>&nbsp;<\/p>\n<p>&nbsp;<\/p>\n","protected":false},"excerpt":{"rendered":"<p>\u201cA pocos d\u00edas de asumir la gobernaci\u00f3n, en el primer viaje que hice a Villa&#8230;<\/p>\n","protected":false},"author":1,"featured_media":19093,"comment_status":"closed","ping_status":"closed","sticky":false,"template":"","format":"standard","meta":{"footnotes":""},"categories":[6],"tags":[],"class_list":["post-19092","post","type-post","status-publish","format-standard","has-post-thumbnail","hentry","category-ciudad-provincia"],"yoast_head":"<!-- This site is optimized with the Yoast SEO plugin v26.1.1 - https:\/\/yoast.com\/wordpress\/plugins\/seo\/ -->\n<title>\u201cMI COMPROMISO CON VILLA MERCEDES FUE RECONSTRUIR ESTE HOSPITAL\u201d - Apuntes de San Luis<\/title>\n<meta name=\"robots\" content=\"index, follow, max-snippet:-1, max-image-preview:large, max-video-preview:-1\" \/>\n<link rel=\"canonical\" href=\"https:\/\/apuntesdesanluis.com\/index.php\/2024\/07\/11\/mi-compromiso-con-villa-mercedes-fue-reconstruir-este-hospital\/\" \/>\n<meta property=\"og:locale\" content=\"es_ES\" \/>\n<meta property=\"og:type\" content=\"article\" \/>\n<meta property=\"og:title\" content=\"\u201cMI COMPROMISO CON VILLA MERCEDES FUE RECONSTRUIR ESTE HOSPITAL\u201d - Apuntes de San Luis\" \/>\n<meta property=\"og:description\" content=\"\u201cA pocos d\u00edas de asumir la gobernaci\u00f3n, en el primer viaje que hice a Villa...\" \/>\n<meta property=\"og:url\" content=\"https:\/\/apuntesdesanluis.com\/index.php\/2024\/07\/11\/mi-compromiso-con-villa-mercedes-fue-reconstruir-este-hospital\/\" \/>\n<meta property=\"og:site_name\" content=\"Apuntes de San Luis\" \/>\n<meta property=\"article:published_time\" content=\"2024-07-11T22:08:35+00:00\" \/>\n<meta property=\"article:modified_time\" content=\"2024-07-11T22:09:01+00:00\" \/>\n<meta property=\"og:image\" content=\"https:\/\/apuntesdesanluis.com\/wp-content\/uploads\/2024\/07\/poggi-3.png\" \/>\n\t<meta property=\"og:image:width\" content=\"600\" \/>\n\t<meta property=\"og:image:height\" content=\"387\" \/>\n\t<meta property=\"og:image:type\" content=\"image\/png\" \/>\n<meta name=\"author\" content=\"apuntesdesanluis.com\" \/>\n<meta name=\"twitter:card\" content=\"summary_large_image\" \/>\n<meta name=\"twitter:label1\" content=\"Escrito por\" \/>\n\t<meta name=\"twitter:data1\" content=\"apuntesdesanluis.com\" \/>\n\t<meta name=\"twitter:label2\" content=\"Tiempo de lectura\" \/>\n\t<meta name=\"twitter:data2\" content=\"4 minutos\" \/>\n<script type=\"application\/ld+json\" class=\"yoast-schema-graph\">{\"@context\":\"https:\/\/schema.org\",\"@graph\":[{\"@type\":\"Article\",\"@id\":\"https:\/\/apuntesdesanluis.com\/index.php\/2024\/07\/11\/mi-compromiso-con-villa-mercedes-fue-reconstruir-este-hospital\/#article\",\"isPartOf\":{\"@id\":\"https:\/\/apuntesdesanluis.com\/index.php\/2024\/07\/11\/mi-compromiso-con-villa-mercedes-fue-reconstruir-este-hospital\/\"},\"author\":{\"name\":\"apuntesdesanluis.com\",\"@id\":\"https:\/\/apuntesdesanluis.com\/#\/schema\/person\/b55151d52296fcce64d1a72538a70b90\"},\"headline\":\"\u201cMI COMPROMISO CON VILLA MERCEDES FUE RECONSTRUIR ESTE HOSPITAL\u201d\",\"datePublished\":\"2024-07-11T22:08:35+00:00\",\"dateModified\":\"2024-07-11T22:09:01+00:00\",\"mainEntityOfPage\":{\"@id\":\"https:\/\/apuntesdesanluis.com\/index.php\/2024\/07\/11\/mi-compromiso-con-villa-mercedes-fue-reconstruir-este-hospital\/\"},\"wordCount\":625,\"publisher\":{\"@id\":\"https:\/\/apuntesdesanluis.com\/#\/schema\/person\/b55151d52296fcce64d1a72538a70b90\"},\"image\":{\"@id\":\"https:\/\/apuntesdesanluis.com\/index.php\/2024\/07\/11\/mi-compromiso-con-villa-mercedes-fue-reconstruir-este-hospital\/#primaryimage\"},\"thumbnailUrl\":\"https:\/\/apuntesdesanluis.com\/wp-content\/uploads\/2024\/07\/poggi-3.png\",\"articleSection\":[\"Ciudad\/Provincia\"],\"inLanguage\":\"es-AR\"},{\"@type\":\"WebPage\",\"@id\":\"https:\/\/apuntesdesanluis.com\/index.php\/2024\/07\/11\/mi-compromiso-con-villa-mercedes-fue-reconstruir-este-hospital\/\",\"url\":\"https:\/\/apuntesdesanluis.com\/index.php\/2024\/07\/11\/mi-compromiso-con-villa-mercedes-fue-reconstruir-este-hospital\/\",\"name\":\"\u201cMI COMPROMISO CON VILLA MERCEDES FUE RECONSTRUIR ESTE HOSPITAL\u201d - Apuntes de San Luis\",\"isPartOf\":{\"@id\":\"https:\/\/apuntesdesanluis.com\/#website\"},\"primaryImageOfPage\":{\"@id\":\"https:\/\/apuntesdesanluis.com\/index.php\/2024\/07\/11\/mi-compromiso-con-villa-mercedes-fue-reconstruir-este-hospital\/#primaryimage\"},\"image\":{\"@id\":\"https:\/\/apuntesdesanluis.com\/index.php\/2024\/07\/11\/mi-compromiso-con-villa-mercedes-fue-reconstruir-este-hospital\/#primaryimage\"},\"thumbnailUrl\":\"https:\/\/apuntesdesanluis.com\/wp-content\/uploads\/2024\/07\/poggi-3.png\",\"datePublished\":\"2024-07-11T22:08:35+00:00\",\"dateModified\":\"2024-07-11T22:09:01+00:00\",\"breadcrumb\":{\"@id\":\"https:\/\/apuntesdesanluis.com\/index.php\/2024\/07\/11\/mi-compromiso-con-villa-mercedes-fue-reconstruir-este-hospital\/#breadcrumb\"},\"inLanguage\":\"es-AR\",\"potentialAction\":[{\"@type\":\"ReadAction\",\"target\":[\"https:\/\/apuntesdesanluis.com\/index.php\/2024\/07\/11\/mi-compromiso-con-villa-mercedes-fue-reconstruir-este-hospital\/\"]}]},{\"@type\":\"ImageObject\",\"inLanguage\":\"es-AR\",\"@id\":\"https:\/\/apuntesdesanluis.com\/index.php\/2024\/07\/11\/mi-compromiso-con-villa-mercedes-fue-reconstruir-este-hospital\/#primaryimage\",\"url\":\"https:\/\/apuntesdesanluis.com\/wp-content\/uploads\/2024\/07\/poggi-3.png\",\"contentUrl\":\"https:\/\/apuntesdesanluis.com\/wp-content\/uploads\/2024\/07\/poggi-3.png\",\"width\":600,\"height\":387},{\"@type\":\"BreadcrumbList\",\"@id\":\"https:\/\/apuntesdesanluis.com\/index.php\/2024\/07\/11\/mi-compromiso-con-villa-mercedes-fue-reconstruir-este-hospital\/#breadcrumb\",\"itemListElement\":[{\"@type\":\"ListItem\",\"position\":1,\"name\":\"Inicio\",\"item\":\"https:\/\/apuntesdesanluis.com\/\"},{\"@type\":\"ListItem\",\"position\":2,\"name\":\"\u201cMI COMPROMISO CON VILLA MERCEDES FUE RECONSTRUIR ESTE HOSPITAL\u201d\"}]},{\"@type\":\"WebSite\",\"@id\":\"https:\/\/apuntesdesanluis.com\/#website\",\"url\":\"https:\/\/apuntesdesanluis.com\/\",\"name\":\"Apuntes de San Luis\",\"description\":\"\",\"publisher\":{\"@id\":\"https:\/\/apuntesdesanluis.com\/#\/schema\/person\/b55151d52296fcce64d1a72538a70b90\"},\"potentialAction\":[{\"@type\":\"SearchAction\",\"target\":{\"@type\":\"EntryPoint\",\"urlTemplate\":\"https:\/\/apuntesdesanluis.com\/?s={search_term_string}\"},\"query-input\":{\"@type\":\"PropertyValueSpecification\",\"valueRequired\":true,\"valueName\":\"search_term_string\"}}],\"inLanguage\":\"es-AR\"},{\"@type\":[\"Person\",\"Organization\"],\"@id\":\"https:\/\/apuntesdesanluis.com\/#\/schema\/person\/b55151d52296fcce64d1a72538a70b90\",\"name\":\"apuntesdesanluis.com\",\"image\":{\"@type\":\"ImageObject\",\"inLanguage\":\"es-AR\",\"@id\":\"https:\/\/apuntesdesanluis.com\/#\/schema\/person\/image\/\",\"url\":\"https:\/\/apuntesdesanluis.com\/wp-content\/uploads\/2023\/07\/cropped-apuntesdesanluis.png\",\"contentUrl\":\"https:\/\/apuntesdesanluis.com\/wp-content\/uploads\/2023\/07\/cropped-apuntesdesanluis.png\",\"width\":450,\"height\":112,\"caption\":\"apuntesdesanluis.com\"},\"logo\":{\"@id\":\"https:\/\/apuntesdesanluis.com\/#\/schema\/person\/image\/\"},\"sameAs\":[\"https:\/\/apuntesdesanluis.com\"],\"url\":\"https:\/\/apuntesdesanluis.com\/index.php\/author\/apuntesdesanluis-com\/\"}]}<\/script>\n<!-- \/ Yoast SEO plugin. -->","yoast_head_json":{"title":"\u201cMI COMPROMISO CON VILLA MERCEDES FUE RECONSTRUIR ESTE HOSPITAL\u201d - Apuntes de San Luis","robots":{"index":"index","follow":"follow","max-snippet":"max-snippet:-1","max-image-preview":"max-image-preview:large","max-video-preview":"max-video-preview:-1"},"canonical":"https:\/\/apuntesdesanluis.com\/index.php\/2024\/07\/11\/mi-compromiso-con-villa-mercedes-fue-reconstruir-este-hospital\/","og_locale":"es_ES","og_type":"article","og_title":"\u201cMI COMPROMISO CON VILLA MERCEDES FUE RECONSTRUIR ESTE HOSPITAL\u201d - Apuntes de San Luis","og_description":"\u201cA pocos d\u00edas de asumir la gobernaci\u00f3n, en el primer viaje que hice a Villa...","og_url":"https:\/\/apuntesdesanluis.com\/index.php\/2024\/07\/11\/mi-compromiso-con-villa-mercedes-fue-reconstruir-este-hospital\/","og_site_name":"Apuntes de San Luis","article_published_time":"2024-07-11T22:08:35+00:00","article_modified_time":"2024-07-11T22:09:01+00:00","og_image":[{"width":600,"height":387,"url":"https:\/\/apuntesdesanluis.com\/wp-content\/uploads\/2024\/07\/poggi-3.png","type":"image\/png"}],"author":"apuntesdesanluis.com","twitter_card":"summary_large_image","twitter_misc":{"Escrito por":"apuntesdesanluis.com","Tiempo de lectura":"4 minutos"},"schema":{"@context":"https:\/\/schema.org","@graph":[{"@type":"Article","@id":"https:\/\/apuntesdesanluis.com\/index.php\/2024\/07\/11\/mi-compromiso-con-villa-mercedes-fue-reconstruir-este-hospital\/#article","isPartOf":{"@id":"https:\/\/apuntesdesanluis.com\/index.php\/2024\/07\/11\/mi-compromiso-con-villa-mercedes-fue-reconstruir-este-hospital\/"},"author":{"name":"apuntesdesanluis.com","@id":"https:\/\/apuntesdesanluis.com\/#\/schema\/person\/b55151d52296fcce64d1a72538a70b90"},"headline":"\u201cMI COMPROMISO CON VILLA MERCEDES FUE RECONSTRUIR ESTE HOSPITAL\u201d","datePublished":"2024-07-11T22:08:35+00:00","dateModified":"2024-07-11T22:09:01+00:00","mainEntityOfPage":{"@id":"https:\/\/apuntesdesanluis.com\/index.php\/2024\/07\/11\/mi-compromiso-con-villa-mercedes-fue-reconstruir-este-hospital\/"},"wordCount":625,"publisher":{"@id":"https:\/\/apuntesdesanluis.com\/#\/schema\/person\/b55151d52296fcce64d1a72538a70b90"},"image":{"@id":"https:\/\/apuntesdesanluis.com\/index.php\/2024\/07\/11\/mi-compromiso-con-villa-mercedes-fue-reconstruir-este-hospital\/#primaryimage"},"thumbnailUrl":"https:\/\/apuntesdesanluis.com\/wp-content\/uploads\/2024\/07\/poggi-3.png","articleSection":["Ciudad\/Provincia"],"inLanguage":"es-AR"},{"@type":"WebPage","@id":"https:\/\/apuntesdesanluis.com\/index.php\/2024\/07\/11\/mi-compromiso-con-villa-mercedes-fue-reconstruir-este-hospital\/","url":"https:\/\/apuntesdesanluis.com\/index.php\/2024\/07\/11\/mi-compromiso-con-villa-mercedes-fue-reconstruir-este-hospital\/","name":"\u201cMI COMPROMISO CON VILLA MERCEDES FUE RECONSTRUIR ESTE HOSPITAL\u201d - Apuntes de San Luis","isPartOf":{"@id":"https:\/\/apuntesdesanluis.com\/#website"},"primaryImageOfPage":{"@id":"https:\/\/apuntesdesanluis.com\/index.php\/2024\/07\/11\/mi-compromiso-con-villa-mercedes-fue-reconstruir-este-hospital\/#primaryimage"},"image":{"@id":"https:\/\/apuntesdesanluis.com\/index.php\/2024\/07\/11\/mi-compromiso-con-villa-mercedes-fue-reconstruir-este-hospital\/#primaryimage"},"thumbnailUrl":"https:\/\/apuntesdesanluis.com\/wp-content\/uploads\/2024\/07\/poggi-3.png","datePublished":"2024-07-11T22:08:35+00:00","dateModified":"2024-07-11T22:09:01+00:00","breadcrumb":{"@id":"https:\/\/apuntesdesanluis.com\/index.php\/2024\/07\/11\/mi-compromiso-con-villa-mercedes-fue-reconstruir-este-hospital\/#breadcrumb"},"inLanguage":"es-AR","potentialAction":[{"@type":"ReadAction","target":["https:\/\/apuntesdesanluis.com\/index.php\/2024\/07\/11\/mi-compromiso-con-villa-mercedes-fue-reconstruir-este-hospital\/"]}]},{"@type":"ImageObject","inLanguage":"es-AR","@id":"https:\/\/apuntesdesanluis.com\/index.php\/2024\/07\/11\/mi-compromiso-con-villa-mercedes-fue-reconstruir-este-hospital\/#primaryimage","url":"https:\/\/apuntesdesanluis.com\/wp-content\/uploads\/2024\/07\/poggi-3.png","contentUrl":"https:\/\/apuntesdesanluis.com\/wp-content\/uploads\/2024\/07\/poggi-3.png","width":600,"height":387},{"@type":"BreadcrumbList","@id":"https:\/\/apuntesdesanluis.com\/index.php\/2024\/07\/11\/mi-compromiso-con-villa-mercedes-fue-reconstruir-este-hospital\/#breadcrumb","itemListElement":[{"@type":"ListItem","position":1,"name":"Inicio","item":"https:\/\/apuntesdesanluis.com\/"},{"@type":"ListItem","position":2,"name":"\u201cMI COMPROMISO CON VILLA MERCEDES FUE RECONSTRUIR ESTE HOSPITAL\u201d"}]},{"@type":"WebSite","@id":"https:\/\/apuntesdesanluis.com\/#website","url":"https:\/\/apuntesdesanluis.com\/","name":"Apuntes de San Luis","description":"","publisher":{"@id":"https:\/\/apuntesdesanluis.com\/#\/schema\/person\/b55151d52296fcce64d1a72538a70b90"},"potentialAction":[{"@type":"SearchAction","target":{"@type":"EntryPoint","urlTemplate":"https:\/\/apuntesdesanluis.com\/?s={search_term_string}"},"query-input":{"@type":"PropertyValueSpecification","valueRequired":true,"valueName":"search_term_string"}}],"inLanguage":"es-AR"},{"@type":["Person","Organization"],"@id":"https:\/\/apuntesdesanluis.com\/#\/schema\/person\/b55151d52296fcce64d1a72538a70b90","name":"apuntesdesanluis.com","image":{"@type":"ImageObject","inLanguage":"es-AR","@id":"https:\/\/apuntesdesanluis.com\/#\/schema\/person\/image\/","url":"https:\/\/apuntesdesanluis.com\/wp-content\/uploads\/2023\/07\/cropped-apuntesdesanluis.png","contentUrl":"https:\/\/apuntesdesanluis.com\/wp-content\/uploads\/2023\/07\/cropped-apuntesdesanluis.png","width":450,"height":112,"caption":"apuntesdesanluis.com"},"logo":{"@id":"https:\/\/apuntesdesanluis.com\/#\/schema\/person\/image\/"},"sameAs":["https:\/\/apuntesdesanluis.com"],"url":"https:\/\/apuntesdesanluis.com\/index.php\/author\/apuntesdesanluis-com\/"}]}},"featured_image_urls":{"full":["https:\/\/apuntesdesanluis.com\/wp-content\/uploads\/2024\/07\/poggi-3.png",600,387,false],"thumbnail":["https:\/\/apuntesdesanluis.com\/wp-content\/uploads\/2024\/07\/poggi-3-150x150.png",150,150,true],"medium":["https:\/\/apuntesdesanluis.com\/wp-content\/uploads\/2024\/07\/poggi-3-300x194.png",300,194,true],"medium_large":["https:\/\/apuntesdesanluis.com\/wp-content\/uploads\/2024\/07\/poggi-3.png",600,387,false],"large":["https:\/\/apuntesdesanluis.com\/wp-content\/uploads\/2024\/07\/poggi-3.png",600,387,false],"1536x1536":["https:\/\/apuntesdesanluis.com\/wp-content\/uploads\/2024\/07\/poggi-3.png",600,387,false],"2048x2048":["https:\/\/apuntesdesanluis.com\/wp-content\/uploads\/2024\/07\/poggi-3.png",600,387,false],"newsever-slider-full":["https:\/\/apuntesdesanluis.com\/wp-content\/uploads\/2024\/07\/poggi-3.png",600,387,false],"newsever-featured":["https:\/\/apuntesdesanluis.com\/wp-content\/uploads\/2024\/07\/poggi-3.png",600,387,false],"newsever-medium":["https:\/\/apuntesdesanluis.com\/wp-content\/uploads\/2024\/07\/poggi-3.png",600,387,false]},"author_info":{"display_name":"apuntesdesanluis.com","author_link":"https:\/\/apuntesdesanluis.com\/index.php\/author\/apuntesdesanluis-com\/"},"category_info":"<a href=\"https:\/\/apuntesdesanluis.com\/index.php\/category\/ciudad-provincia\/\" rel=\"category tag\">Ciudad\/Provincia<\/a>","tag_info":"Ciudad\/Provincia","comment_count":"0","_links":{"self":[{"href":"https:\/\/apuntesdesanluis.com\/index.php\/wp-json\/wp\/v2\/posts\/19092","targetHints":{"allow":["GET"]}}],"collection":[{"href":"https:\/\/apuntesdesanluis.com\/index.php\/wp-json\/wp\/v2\/posts"}],"about":[{"href":"https:\/\/apuntesdesanluis.com\/index.php\/wp-json\/wp\/v2\/types\/post"}],"author":[{"embeddable":true,"href":"https:\/\/apuntesdesanluis.com\/index.php\/wp-json\/wp\/v2\/users\/1"}],"replies":[{"embeddable":true,"href":"https:\/\/apuntesdesanluis.com\/index.php\/wp-json\/wp\/v2\/comments?post=19092"}],"version-history":[{"count":2,"href":"https:\/\/apuntesdesanluis.com\/index.php\/wp-json\/wp\/v2\/posts\/19092\/revisions"}],"predecessor-version":[{"id":19096,"href":"https:\/\/apuntesdesanluis.com\/index.php\/wp-json\/wp\/v2\/posts\/19092\/revisions\/19096"}],"wp:featuredmedia":[{"embeddable":true,"href":"https:\/\/apuntesdesanluis.com\/index.php\/wp-json\/wp\/v2\/media\/19093"}],"wp:attachment":[{"href":"https:\/\/apuntesdesanluis.com\/index.php\/wp-json\/wp\/v2\/media?parent=19092"}],"wp:term":[{"taxonomy":"category","embeddable":true,"href":"https:\/\/apuntesdesanluis.com\/index.php\/wp-json\/wp\/v2\/categories?post=19092"},{"taxonomy":"post_tag","embeddable":true,"href":"https:\/\/apuntesdesanluis.com\/index.php\/wp-json\/wp\/v2\/tags?post=19092"}],"curies":[{"name":"wp","href":"https:\/\/api.w.org\/{rel}","templated":true}]}}