{"id":19097,"date":"2024-07-12T01:21:37","date_gmt":"2024-07-12T04:21:37","guid":{"rendered":"https:\/\/apuntesdesanluis.com\/?p=19097"},"modified":"2024-07-12T01:27:28","modified_gmt":"2024-07-12T04:27:28","slug":"el-superior-tribunal-suspendio-por-60-dias-al-fiscal-fernando-rodriguez","status":"publish","type":"post","link":"https:\/\/apuntesdesanluis.com\/index.php\/2024\/07\/12\/el-superior-tribunal-suspendio-por-60-dias-al-fiscal-fernando-rodriguez\/","title":{"rendered":"EL SUPERIOR TRIBUNAL SUSPENDI\u00d3 POR 60 D\u00cdAS AL FISCAL FERNANDO RODR\u00cdGUEZ"},"content":{"rendered":"<h3>En virtud de los hechos de trascendencia p\u00fablica protagonizados en la ciudad de Villa Mercedes por el Fiscal de Juicio N\u00b0 2 de la Primera Circunscripci\u00f3n Judicial, Dr. <strong>Fernando Alberto Rodr\u00edguez,<\/strong> en horas de la madrugada del pasado domingo 7 de julio, este jueves el Superior Tribunal de Justicia orden\u00f3 la instrucci\u00f3n de sumario administrativo al referido funcionario y lo suspendi\u00f3 preventivamente en sus funciones, por el plazo de 60 d\u00edas, a partir de la notificaci\u00f3n de la presente resoluci\u00f3n.<\/h3>\n<h3>Como se recordar\u00e1, el fiscal Rodr\u00edguez protagoniz\u00f3 un accidente el domingo a la madrugada y cuando se le practic\u00f3 el alcotest se comprob\u00f3 que ten\u00eda 2,12\u00a0gr\/lts\u00a0de alcohol en sangre.<\/h3>\n<h3><img fetchpriority=\"high\" decoding=\"async\" class=\"wp-image-19012 aligncenter\" src=\"https:\/\/apuntesdesanluis.com\/wp-content\/uploads\/2024\/07\/chulo-300x228.png\" alt=\"\" width=\"623\" height=\"474\" srcset=\"https:\/\/apuntesdesanluis.com\/wp-content\/uploads\/2024\/07\/chulo-300x228.png 300w, https:\/\/apuntesdesanluis.com\/wp-content\/uploads\/2024\/07\/chulo.png 596w\" sizes=\"(max-width: 623px) 100vw, 623px\" \/><\/h3>\n<h3>Inter dure la investigaci\u00f3n sumaria, el funcionario no podr\u00e1 ejercer su cargo. A la luz de los hechos y un video que se viraliz\u00f3, en el que se observa el estado de embriaguez que sufr\u00eda, se estima que la conclusi\u00f3n del sumario podr\u00eda comprometer la continuidad de Rodr\u00edguez en el Poder Judicial.<\/h3>\n<h3>\u201cLa suspensi\u00f3n se justifica frente a la grave imputaci\u00f3n que recae sobre el funcionario y, por consiguiente, la probable comisi\u00f3n de una falta de conducta e inobservancia del decoro que deben observar los integrantes del Poder Judicial, tanto dentro como fuera de su funci\u00f3n\u201d, refiere el resolutorio del STJ.<\/h3>\n<h3>La medida fue dispuesta mediante el dictado del Auto Interlocutorio N\u00b0 68-STJSL-DSA-2024, a petici\u00f3n del Procurador General de la provincia de San Luis, Dr. Luis Marcos Mart\u00ednez, quien solicit\u00f3 al Superior Tribunal de Justicia la formaci\u00f3n de las respectivas actuaciones sumariales y de acuerdo a lo establecido por el Art. 39 inciso 13 de la Ley Org\u00e1nica de Administraci\u00f3n de Justicia de la provincia de San Luis N\u00b0\u00a0 IV-0086-2021 y el Art. 36, segundo p\u00e1rrafo, del Acuerdo del Poder Judicial de San Luis N\u00b0 847\/17.<\/h3>\n<h3><img decoding=\"async\" class=\"wp-image-19098 aligncenter\" src=\"https:\/\/apuntesdesanluis.com\/wp-content\/uploads\/2024\/07\/superior-tribunal-300x169.png\" alt=\"\" width=\"641\" height=\"361\" srcset=\"https:\/\/apuntesdesanluis.com\/wp-content\/uploads\/2024\/07\/superior-tribunal-300x169.png 300w, https:\/\/apuntesdesanluis.com\/wp-content\/uploads\/2024\/07\/superior-tribunal.png 600w\" sizes=\"(max-width: 641px) 100vw, 641px\" \/><\/h3>\n<h4 style=\"text-align: center;\"><em>Dra. Paola Giannini, Dr. Eduardo Allende, Dr. Jos\u00e9 L\u2019huillier y Dr. Horacio Zavala Rodriguez (h).<\/em><\/h4>\n<h3>En otro apartado del documento, el Superior Tribunal de Justicia manifest\u00f3 que \u201c\u2026 el inter\u00e9s p\u00fablico comprometido en autos finca en la correcta prestaci\u00f3n del servicio de justicia a trav\u00e9s de funcionarios t\u00e9cnica y moralmente id\u00f3neos, en los cuales la sociedad pueda depositar confiadamente una de las m\u00e1s delicadas y elevadas funciones estatales existentes en una rep\u00fablica democr\u00e1tica, como es la del servicio de justicia del Poder Judicial de San Luis.\u201d<\/h3>\n<h3>El resolutorio fue firmado por los Ministros del Superior Tribunal de Justicia (STJ), Dres. Eduardo Allende y Jos\u00e9 Guillermo L\u2019Huillier y el Dr. Horacio Zavala Rodriguez (h)- llamado a integrar el Tribunal-, en presencia de la Secretaria Subrogante -en feria- de la Direcci\u00f3n de Sumarios Administrativos, Dra. Paola Giannini.<\/h3>\n<h3><span style=\"color: #3366ff;\">NOTICIA RELACIONADA:<\/span><\/h3>\n<p><a href=\"https:\/\/apuntesdesanluis.com\/index.php\/2024\/07\/09\/el-procurador-ordeno-un-sumario-por-accidente-de-funcionario-judicial\/\" target=\"_blank\" rel=\"noopener\"><img decoding=\"async\" class=\"alignnone wp-image-19100\" src=\"https:\/\/apuntesdesanluis.com\/wp-content\/uploads\/2024\/07\/POSTEO-300x219.png\" alt=\"\" width=\"478\" height=\"349\" srcset=\"https:\/\/apuntesdesanluis.com\/wp-content\/uploads\/2024\/07\/POSTEO-300x219.png 300w, https:\/\/apuntesdesanluis.com\/wp-content\/uploads\/2024\/07\/POSTEO.png 600w\" sizes=\"(max-width: 478px) 100vw, 478px\" \/><\/a><\/p>\n<p>&nbsp;<\/p>\n<p>&nbsp;<\/p>\n<p>&nbsp;<\/p>\n<p>&nbsp;<\/p>\n","protected":false},"excerpt":{"rendered":"<p>En virtud de los hechos de trascendencia p\u00fablica protagonizados en la ciudad de Villa Mercedes&#8230;<\/p>\n","protected":false},"author":1,"featured_media":19099,"comment_status":"closed","ping_status":"closed","sticky":false,"template":"","format":"standard","meta":{"footnotes":""},"categories":[6],"tags":[],"class_list":["post-19097","post","type-post","status-publish","format-standard","has-post-thumbnail","hentry","category-ciudad-provincia"],"yoast_head":"<!-- This site is optimized with the Yoast SEO plugin v26.1.1 - https:\/\/yoast.com\/wordpress\/plugins\/seo\/ -->\n<title>EL SUPERIOR TRIBUNAL SUSPENDI\u00d3 POR 60 D\u00cdAS AL FISCAL FERNANDO RODR\u00cdGUEZ - Apuntes de San Luis<\/title>\n<meta name=\"robots\" content=\"index, follow, max-snippet:-1, max-image-preview:large, max-video-preview:-1\" \/>\n<link rel=\"canonical\" href=\"https:\/\/apuntesdesanluis.com\/index.php\/2024\/07\/12\/el-superior-tribunal-suspendio-por-60-dias-al-fiscal-fernando-rodriguez\/\" \/>\n<meta property=\"og:locale\" content=\"es_ES\" \/>\n<meta property=\"og:type\" content=\"article\" \/>\n<meta property=\"og:title\" content=\"EL SUPERIOR TRIBUNAL SUSPENDI\u00d3 POR 60 D\u00cdAS AL FISCAL FERNANDO RODR\u00cdGUEZ - Apuntes de San Luis\" \/>\n<meta property=\"og:description\" content=\"En virtud de los hechos de trascendencia p\u00fablica protagonizados en la ciudad de Villa Mercedes...\" \/>\n<meta property=\"og:url\" content=\"https:\/\/apuntesdesanluis.com\/index.php\/2024\/07\/12\/el-superior-tribunal-suspendio-por-60-dias-al-fiscal-fernando-rodriguez\/\" \/>\n<meta property=\"og:site_name\" content=\"Apuntes de San Luis\" \/>\n<meta property=\"article:published_time\" content=\"2024-07-12T04:21:37+00:00\" \/>\n<meta property=\"article:modified_time\" content=\"2024-07-12T04:27:28+00:00\" \/>\n<meta property=\"og:image\" content=\"https:\/\/apuntesdesanluis.com\/wp-content\/uploads\/2024\/07\/allende-1.png\" \/>\n\t<meta property=\"og:image:width\" content=\"699\" \/>\n\t<meta property=\"og:image:height\" content=\"378\" \/>\n\t<meta property=\"og:image:type\" content=\"image\/png\" \/>\n<meta name=\"author\" content=\"apuntesdesanluis.com\" \/>\n<meta name=\"twitter:card\" content=\"summary_large_image\" \/>\n<meta name=\"twitter:label1\" content=\"Escrito por\" \/>\n\t<meta name=\"twitter:data1\" content=\"apuntesdesanluis.com\" \/>\n\t<meta name=\"twitter:label2\" content=\"Tiempo de lectura\" \/>\n\t<meta name=\"twitter:data2\" content=\"3 minutos\" \/>\n<script type=\"application\/ld+json\" class=\"yoast-schema-graph\">{\"@context\":\"https:\/\/schema.org\",\"@graph\":[{\"@type\":\"Article\",\"@id\":\"https:\/\/apuntesdesanluis.com\/index.php\/2024\/07\/12\/el-superior-tribunal-suspendio-por-60-dias-al-fiscal-fernando-rodriguez\/#article\",\"isPartOf\":{\"@id\":\"https:\/\/apuntesdesanluis.com\/index.php\/2024\/07\/12\/el-superior-tribunal-suspendio-por-60-dias-al-fiscal-fernando-rodriguez\/\"},\"author\":{\"name\":\"apuntesdesanluis.com\",\"@id\":\"https:\/\/apuntesdesanluis.com\/#\/schema\/person\/b55151d52296fcce64d1a72538a70b90\"},\"headline\":\"EL SUPERIOR TRIBUNAL SUSPENDI\u00d3 POR 60 D\u00cdAS AL FISCAL FERNANDO RODR\u00cdGUEZ\",\"datePublished\":\"2024-07-12T04:21:37+00:00\",\"dateModified\":\"2024-07-12T04:27:28+00:00\",\"mainEntityOfPage\":{\"@id\":\"https:\/\/apuntesdesanluis.com\/index.php\/2024\/07\/12\/el-superior-tribunal-suspendio-por-60-dias-al-fiscal-fernando-rodriguez\/\"},\"wordCount\":480,\"publisher\":{\"@id\":\"https:\/\/apuntesdesanluis.com\/#\/schema\/person\/b55151d52296fcce64d1a72538a70b90\"},\"image\":{\"@id\":\"https:\/\/apuntesdesanluis.com\/index.php\/2024\/07\/12\/el-superior-tribunal-suspendio-por-60-dias-al-fiscal-fernando-rodriguez\/#primaryimage\"},\"thumbnailUrl\":\"https:\/\/apuntesdesanluis.com\/wp-content\/uploads\/2024\/07\/allende-1.png\",\"articleSection\":[\"Ciudad\/Provincia\"],\"inLanguage\":\"es-AR\"},{\"@type\":\"WebPage\",\"@id\":\"https:\/\/apuntesdesanluis.com\/index.php\/2024\/07\/12\/el-superior-tribunal-suspendio-por-60-dias-al-fiscal-fernando-rodriguez\/\",\"url\":\"https:\/\/apuntesdesanluis.com\/index.php\/2024\/07\/12\/el-superior-tribunal-suspendio-por-60-dias-al-fiscal-fernando-rodriguez\/\",\"name\":\"EL SUPERIOR TRIBUNAL SUSPENDI\u00d3 POR 60 D\u00cdAS AL FISCAL FERNANDO RODR\u00cdGUEZ - Apuntes de San Luis\",\"isPartOf\":{\"@id\":\"https:\/\/apuntesdesanluis.com\/#website\"},\"primaryImageOfPage\":{\"@id\":\"https:\/\/apuntesdesanluis.com\/index.php\/2024\/07\/12\/el-superior-tribunal-suspendio-por-60-dias-al-fiscal-fernando-rodriguez\/#primaryimage\"},\"image\":{\"@id\":\"https:\/\/apuntesdesanluis.com\/index.php\/2024\/07\/12\/el-superior-tribunal-suspendio-por-60-dias-al-fiscal-fernando-rodriguez\/#primaryimage\"},\"thumbnailUrl\":\"https:\/\/apuntesdesanluis.com\/wp-content\/uploads\/2024\/07\/allende-1.png\",\"datePublished\":\"2024-07-12T04:21:37+00:00\",\"dateModified\":\"2024-07-12T04:27:28+00:00\",\"breadcrumb\":{\"@id\":\"https:\/\/apuntesdesanluis.com\/index.php\/2024\/07\/12\/el-superior-tribunal-suspendio-por-60-dias-al-fiscal-fernando-rodriguez\/#breadcrumb\"},\"inLanguage\":\"es-AR\",\"potentialAction\":[{\"@type\":\"ReadAction\",\"target\":[\"https:\/\/apuntesdesanluis.com\/index.php\/2024\/07\/12\/el-superior-tribunal-suspendio-por-60-dias-al-fiscal-fernando-rodriguez\/\"]}]},{\"@type\":\"ImageObject\",\"inLanguage\":\"es-AR\",\"@id\":\"https:\/\/apuntesdesanluis.com\/index.php\/2024\/07\/12\/el-superior-tribunal-suspendio-por-60-dias-al-fiscal-fernando-rodriguez\/#primaryimage\",\"url\":\"https:\/\/apuntesdesanluis.com\/wp-content\/uploads\/2024\/07\/allende-1.png\",\"contentUrl\":\"https:\/\/apuntesdesanluis.com\/wp-content\/uploads\/2024\/07\/allende-1.png\",\"width\":699,\"height\":378},{\"@type\":\"BreadcrumbList\",\"@id\":\"https:\/\/apuntesdesanluis.com\/index.php\/2024\/07\/12\/el-superior-tribunal-suspendio-por-60-dias-al-fiscal-fernando-rodriguez\/#breadcrumb\",\"itemListElement\":[{\"@type\":\"ListItem\",\"position\":1,\"name\":\"Inicio\",\"item\":\"https:\/\/apuntesdesanluis.com\/\"},{\"@type\":\"ListItem\",\"position\":2,\"name\":\"EL SUPERIOR TRIBUNAL SUSPENDI\u00d3 POR 60 D\u00cdAS AL FISCAL FERNANDO RODR\u00cdGUEZ\"}]},{\"@type\":\"WebSite\",\"@id\":\"https:\/\/apuntesdesanluis.com\/#website\",\"url\":\"https:\/\/apuntesdesanluis.com\/\",\"name\":\"Apuntes de San Luis\",\"description\":\"\",\"publisher\":{\"@id\":\"https:\/\/apuntesdesanluis.com\/#\/schema\/person\/b55151d52296fcce64d1a72538a70b90\"},\"potentialAction\":[{\"@type\":\"SearchAction\",\"target\":{\"@type\":\"EntryPoint\",\"urlTemplate\":\"https:\/\/apuntesdesanluis.com\/?s={search_term_string}\"},\"query-input\":{\"@type\":\"PropertyValueSpecification\",\"valueRequired\":true,\"valueName\":\"search_term_string\"}}],\"inLanguage\":\"es-AR\"},{\"@type\":[\"Person\",\"Organization\"],\"@id\":\"https:\/\/apuntesdesanluis.com\/#\/schema\/person\/b55151d52296fcce64d1a72538a70b90\",\"name\":\"apuntesdesanluis.com\",\"image\":{\"@type\":\"ImageObject\",\"inLanguage\":\"es-AR\",\"@id\":\"https:\/\/apuntesdesanluis.com\/#\/schema\/person\/image\/\",\"url\":\"https:\/\/apuntesdesanluis.com\/wp-content\/uploads\/2023\/07\/cropped-apuntesdesanluis.png\",\"contentUrl\":\"https:\/\/apuntesdesanluis.com\/wp-content\/uploads\/2023\/07\/cropped-apuntesdesanluis.png\",\"width\":450,\"height\":112,\"caption\":\"apuntesdesanluis.com\"},\"logo\":{\"@id\":\"https:\/\/apuntesdesanluis.com\/#\/schema\/person\/image\/\"},\"sameAs\":[\"https:\/\/apuntesdesanluis.com\"],\"url\":\"https:\/\/apuntesdesanluis.com\/index.php\/author\/apuntesdesanluis-com\/\"}]}<\/script>\n<!-- \/ Yoast SEO plugin. -->","yoast_head_json":{"title":"EL SUPERIOR TRIBUNAL SUSPENDI\u00d3 POR 60 D\u00cdAS AL FISCAL FERNANDO RODR\u00cdGUEZ - Apuntes de San Luis","robots":{"index":"index","follow":"follow","max-snippet":"max-snippet:-1","max-image-preview":"max-image-preview:large","max-video-preview":"max-video-preview:-1"},"canonical":"https:\/\/apuntesdesanluis.com\/index.php\/2024\/07\/12\/el-superior-tribunal-suspendio-por-60-dias-al-fiscal-fernando-rodriguez\/","og_locale":"es_ES","og_type":"article","og_title":"EL SUPERIOR TRIBUNAL SUSPENDI\u00d3 POR 60 D\u00cdAS AL FISCAL FERNANDO RODR\u00cdGUEZ - Apuntes de San Luis","og_description":"En virtud de los hechos de trascendencia p\u00fablica protagonizados en la ciudad de Villa Mercedes...","og_url":"https:\/\/apuntesdesanluis.com\/index.php\/2024\/07\/12\/el-superior-tribunal-suspendio-por-60-dias-al-fiscal-fernando-rodriguez\/","og_site_name":"Apuntes de San Luis","article_published_time":"2024-07-12T04:21:37+00:00","article_modified_time":"2024-07-12T04:27:28+00:00","og_image":[{"width":699,"height":378,"url":"https:\/\/apuntesdesanluis.com\/wp-content\/uploads\/2024\/07\/allende-1.png","type":"image\/png"}],"author":"apuntesdesanluis.com","twitter_card":"summary_large_image","twitter_misc":{"Escrito por":"apuntesdesanluis.com","Tiempo de lectura":"3 minutos"},"schema":{"@context":"https:\/\/schema.org","@graph":[{"@type":"Article","@id":"https:\/\/apuntesdesanluis.com\/index.php\/2024\/07\/12\/el-superior-tribunal-suspendio-por-60-dias-al-fiscal-fernando-rodriguez\/#article","isPartOf":{"@id":"https:\/\/apuntesdesanluis.com\/index.php\/2024\/07\/12\/el-superior-tribunal-suspendio-por-60-dias-al-fiscal-fernando-rodriguez\/"},"author":{"name":"apuntesdesanluis.com","@id":"https:\/\/apuntesdesanluis.com\/#\/schema\/person\/b55151d52296fcce64d1a72538a70b90"},"headline":"EL SUPERIOR TRIBUNAL SUSPENDI\u00d3 POR 60 D\u00cdAS AL FISCAL FERNANDO RODR\u00cdGUEZ","datePublished":"2024-07-12T04:21:37+00:00","dateModified":"2024-07-12T04:27:28+00:00","mainEntityOfPage":{"@id":"https:\/\/apuntesdesanluis.com\/index.php\/2024\/07\/12\/el-superior-tribunal-suspendio-por-60-dias-al-fiscal-fernando-rodriguez\/"},"wordCount":480,"publisher":{"@id":"https:\/\/apuntesdesanluis.com\/#\/schema\/person\/b55151d52296fcce64d1a72538a70b90"},"image":{"@id":"https:\/\/apuntesdesanluis.com\/index.php\/2024\/07\/12\/el-superior-tribunal-suspendio-por-60-dias-al-fiscal-fernando-rodriguez\/#primaryimage"},"thumbnailUrl":"https:\/\/apuntesdesanluis.com\/wp-content\/uploads\/2024\/07\/allende-1.png","articleSection":["Ciudad\/Provincia"],"inLanguage":"es-AR"},{"@type":"WebPage","@id":"https:\/\/apuntesdesanluis.com\/index.php\/2024\/07\/12\/el-superior-tribunal-suspendio-por-60-dias-al-fiscal-fernando-rodriguez\/","url":"https:\/\/apuntesdesanluis.com\/index.php\/2024\/07\/12\/el-superior-tribunal-suspendio-por-60-dias-al-fiscal-fernando-rodriguez\/","name":"EL SUPERIOR TRIBUNAL SUSPENDI\u00d3 POR 60 D\u00cdAS AL FISCAL FERNANDO RODR\u00cdGUEZ - Apuntes de San Luis","isPartOf":{"@id":"https:\/\/apuntesdesanluis.com\/#website"},"primaryImageOfPage":{"@id":"https:\/\/apuntesdesanluis.com\/index.php\/2024\/07\/12\/el-superior-tribunal-suspendio-por-60-dias-al-fiscal-fernando-rodriguez\/#primaryimage"},"image":{"@id":"https:\/\/apuntesdesanluis.com\/index.php\/2024\/07\/12\/el-superior-tribunal-suspendio-por-60-dias-al-fiscal-fernando-rodriguez\/#primaryimage"},"thumbnailUrl":"https:\/\/apuntesdesanluis.com\/wp-content\/uploads\/2024\/07\/allende-1.png","datePublished":"2024-07-12T04:21:37+00:00","dateModified":"2024-07-12T04:27:28+00:00","breadcrumb":{"@id":"https:\/\/apuntesdesanluis.com\/index.php\/2024\/07\/12\/el-superior-tribunal-suspendio-por-60-dias-al-fiscal-fernando-rodriguez\/#breadcrumb"},"inLanguage":"es-AR","potentialAction":[{"@type":"ReadAction","target":["https:\/\/apuntesdesanluis.com\/index.php\/2024\/07\/12\/el-superior-tribunal-suspendio-por-60-dias-al-fiscal-fernando-rodriguez\/"]}]},{"@type":"ImageObject","inLanguage":"es-AR","@id":"https:\/\/apuntesdesanluis.com\/index.php\/2024\/07\/12\/el-superior-tribunal-suspendio-por-60-dias-al-fiscal-fernando-rodriguez\/#primaryimage","url":"https:\/\/apuntesdesanluis.com\/wp-content\/uploads\/2024\/07\/allende-1.png","contentUrl":"https:\/\/apuntesdesanluis.com\/wp-content\/uploads\/2024\/07\/allende-1.png","width":699,"height":378},{"@type":"BreadcrumbList","@id":"https:\/\/apuntesdesanluis.com\/index.php\/2024\/07\/12\/el-superior-tribunal-suspendio-por-60-dias-al-fiscal-fernando-rodriguez\/#breadcrumb","itemListElement":[{"@type":"ListItem","position":1,"name":"Inicio","item":"https:\/\/apuntesdesanluis.com\/"},{"@type":"ListItem","position":2,"name":"EL SUPERIOR TRIBUNAL SUSPENDI\u00d3 POR 60 D\u00cdAS AL FISCAL FERNANDO RODR\u00cdGUEZ"}]},{"@type":"WebSite","@id":"https:\/\/apuntesdesanluis.com\/#website","url":"https:\/\/apuntesdesanluis.com\/","name":"Apuntes de San Luis","description":"","publisher":{"@id":"https:\/\/apuntesdesanluis.com\/#\/schema\/person\/b55151d52296fcce64d1a72538a70b90"},"potentialAction":[{"@type":"SearchAction","target":{"@type":"EntryPoint","urlTemplate":"https:\/\/apuntesdesanluis.com\/?s={search_term_string}"},"query-input":{"@type":"PropertyValueSpecification","valueRequired":true,"valueName":"search_term_string"}}],"inLanguage":"es-AR"},{"@type":["Person","Organization"],"@id":"https:\/\/apuntesdesanluis.com\/#\/schema\/person\/b55151d52296fcce64d1a72538a70b90","name":"apuntesdesanluis.com","image":{"@type":"ImageObject","inLanguage":"es-AR","@id":"https:\/\/apuntesdesanluis.com\/#\/schema\/person\/image\/","url":"https:\/\/apuntesdesanluis.com\/wp-content\/uploads\/2023\/07\/cropped-apuntesdesanluis.png","contentUrl":"https:\/\/apuntesdesanluis.com\/wp-content\/uploads\/2023\/07\/cropped-apuntesdesanluis.png","width":450,"height":112,"caption":"apuntesdesanluis.com"},"logo":{"@id":"https:\/\/apuntesdesanluis.com\/#\/schema\/person\/image\/"},"sameAs":["https:\/\/apuntesdesanluis.com"],"url":"https:\/\/apuntesdesanluis.com\/index.php\/author\/apuntesdesanluis-com\/"}]}},"featured_image_urls":{"full":["https:\/\/apuntesdesanluis.com\/wp-content\/uploads\/2024\/07\/allende-1.png",699,378,false],"thumbnail":["https:\/\/apuntesdesanluis.com\/wp-content\/uploads\/2024\/07\/allende-1-150x150.png",150,150,true],"medium":["https:\/\/apuntesdesanluis.com\/wp-content\/uploads\/2024\/07\/allende-1-300x162.png",300,162,true],"medium_large":["https:\/\/apuntesdesanluis.com\/wp-content\/uploads\/2024\/07\/allende-1.png",640,346,false],"large":["https:\/\/apuntesdesanluis.com\/wp-content\/uploads\/2024\/07\/allende-1.png",640,346,false],"1536x1536":["https:\/\/apuntesdesanluis.com\/wp-content\/uploads\/2024\/07\/allende-1.png",699,378,false],"2048x2048":["https:\/\/apuntesdesanluis.com\/wp-content\/uploads\/2024\/07\/allende-1.png",699,378,false],"newsever-slider-full":["https:\/\/apuntesdesanluis.com\/wp-content\/uploads\/2024\/07\/allende-1.png",699,378,false],"newsever-featured":["https:\/\/apuntesdesanluis.com\/wp-content\/uploads\/2024\/07\/allende-1.png",699,378,false],"newsever-medium":["https:\/\/apuntesdesanluis.com\/wp-content\/uploads\/2024\/07\/allende-1.png",699,378,false]},"author_info":{"display_name":"apuntesdesanluis.com","author_link":"https:\/\/apuntesdesanluis.com\/index.php\/author\/apuntesdesanluis-com\/"},"category_info":"<a href=\"https:\/\/apuntesdesanluis.com\/index.php\/category\/ciudad-provincia\/\" rel=\"category tag\">Ciudad\/Provincia<\/a>","tag_info":"Ciudad\/Provincia","comment_count":"0","_links":{"self":[{"href":"https:\/\/apuntesdesanluis.com\/index.php\/wp-json\/wp\/v2\/posts\/19097","targetHints":{"allow":["GET"]}}],"collection":[{"href":"https:\/\/apuntesdesanluis.com\/index.php\/wp-json\/wp\/v2\/posts"}],"about":[{"href":"https:\/\/apuntesdesanluis.com\/index.php\/wp-json\/wp\/v2\/types\/post"}],"author":[{"embeddable":true,"href":"https:\/\/apuntesdesanluis.com\/index.php\/wp-json\/wp\/v2\/users\/1"}],"replies":[{"embeddable":true,"href":"https:\/\/apuntesdesanluis.com\/index.php\/wp-json\/wp\/v2\/comments?post=19097"}],"version-history":[{"count":5,"href":"https:\/\/apuntesdesanluis.com\/index.php\/wp-json\/wp\/v2\/posts\/19097\/revisions"}],"predecessor-version":[{"id":19105,"href":"https:\/\/apuntesdesanluis.com\/index.php\/wp-json\/wp\/v2\/posts\/19097\/revisions\/19105"}],"wp:featuredmedia":[{"embeddable":true,"href":"https:\/\/apuntesdesanluis.com\/index.php\/wp-json\/wp\/v2\/media\/19099"}],"wp:attachment":[{"href":"https:\/\/apuntesdesanluis.com\/index.php\/wp-json\/wp\/v2\/media?parent=19097"}],"wp:term":[{"taxonomy":"category","embeddable":true,"href":"https:\/\/apuntesdesanluis.com\/index.php\/wp-json\/wp\/v2\/categories?post=19097"},{"taxonomy":"post_tag","embeddable":true,"href":"https:\/\/apuntesdesanluis.com\/index.php\/wp-json\/wp\/v2\/tags?post=19097"}],"curies":[{"name":"wp","href":"https:\/\/api.w.org\/{rel}","templated":true}]}}