{"id":19118,"date":"2024-07-11T23:10:39","date_gmt":"2024-07-12T02:10:39","guid":{"rendered":"https:\/\/apuntesdesanluis.com\/?p=19118"},"modified":"2024-07-12T02:13:02","modified_gmt":"2024-07-12T05:13:02","slug":"milei-denuncio-un-intento-de-desestabilizacion-elogio-a-macri-y-conto-que-tiene-charlas-con-el-papa","status":"publish","type":"post","link":"https:\/\/apuntesdesanluis.com\/index.php\/2024\/07\/11\/milei-denuncio-un-intento-de-desestabilizacion-elogio-a-macri-y-conto-que-tiene-charlas-con-el-papa\/","title":{"rendered":"MILEI DENUNCI\u00d3 UN INTENTO DE &#8220;DESESTABILIZACI\u00d3N&#8221;, ELOGI\u00d3 A MACRI Y CONT\u00d3 QUE TIENE &#8220;CHARLAS&#8221; CON EL PAPA"},"content":{"rendered":"<h3>El presidente<strong> Javier Milei<\/strong> denunci\u00f3 este jueves que el Banco Macro gener\u00f3 un &#8220;intento para desestabilizar&#8221; a su gobierno &#8220;porque juega pol\u00edticamente para otro lado&#8221;, en referencia al kirchnerismo, busc\u00f3 minimizar las tensiones con el ex mandatario Mauricio Macri, al definirlo como &#8220;parte de la soluci\u00f3n&#8221; y cruz\u00f3 fuerte al gobernador bonaerense Axel Kicillof, a quien le recomend\u00f3 &#8220;llamarse a silencio de por vida&#8221;. Adem\u00e1s, coment\u00f3 que tiene charlas con el Papa Francisco y dijo que su gobierno le env\u00eda &#8220;informes&#8221; sobre la situaci\u00f3n de la pobreza y la ayuda social.<\/h3>\n<h3>Adem\u00e1s, entrevistado por Esteban Trebucq en LN+, adelant\u00f3 que la cifra de la inflaci\u00f3n de junio que se conocer\u00e1 este viernes ser\u00e1 inferior al 5 por ciento: &#8220;Va a dar menos de 5 por ciento, todos los chantas hablaban de 5 o 5 y medio&#8221;, dijo en alusi\u00f3n a economistas y consultoras.<\/h3>\n<h3>&#8220;Esa expansi\u00f3n que nos gener\u00f3 este banco que intent\u00f3 desestabilizar al gobierno porque juega pol\u00edticamente para otro lado&#8221;, sostuvo el mandatario nacional en una entrevista al canal LN+ sobre los movimientos que hubo en el mercado y que derivaron en una suba del d\u00f3lar blue y del riesgo pa\u00eds.<\/h3>\n<h3>Al respecto, Milei afirm\u00f3 que pudieron absorber esa expansi\u00f3n gracias al &#8220;super\u00e1vit fiscal&#8221; que gener\u00f3 su gesti\u00f3n y vincul\u00f3 a la entidad financiera se\u00f1alada con Sergio Massa: &#8220;Creci\u00f3 con el Anses, \u00bfqui\u00e9n le daba ese negocio?&#8221;, sostuvo en referencia a que el l\u00edder del Frente Renovador estaba al frente de ese organismo.<\/h3>\n<h3>&#8220;Macri es muy importante, le dije (en el acto por el Pacto de Mayo en Tucum\u00e1n) `muchas gracias Presi por venir`. Yo sab\u00eda que estaba en Europa y que hizo el esfuerzo de venir&#8221;, sostuvo al buscar bajar las tensiones que existen con el ex presidente.<\/h3>\n<h3>De Kicillof, uno de los gobernadores m\u00e1s cr\u00edticos de su gesti\u00f3n y que no firm\u00f3 el Pacto de Mayo, sostuvo que &#8220;deber\u00eda llamarse a silencio de por vida&#8221; luego de su gesti\u00f3n como ministro de Econom\u00eda durante el gobierno de Cristina Kirchner.<\/h3>\n<h3>&#8220;Es un entusiasta con ideas equivocadas, con lo cual su grado de da\u00f1o es enorme&#8221;, dijo del gobernador kirchnerista.<\/h3>\n<h3>Tambi\u00e9n Milei coment\u00f3 que tiene charlas con el Papa Francisco y dijo que su gobierno le env\u00eda &#8220;informes&#8221; sobre la situaci\u00f3n de la pobreza y la ayuda social &#8220;para que \u00e9l est\u00e9 al tanto y no le llegue informaci\u00f3n distorsionada&#8221;.<\/h3>\n<h3>&#8220;Tenemos charlas con \u00e9l fant\u00e1sticas, tiene un sentido del humor muy interesante, siempre cuenta alg\u00fan chiste. Hablamos de temas muy profundos, complejos, y tiene la grandeza de meter alg\u00fan chiste que relaje&#8221;, revel\u00f3 sobre sus contactos con el Sumo Pont\u00edfice.<\/h3>\n<h3>Por otro lado, volvi\u00f3 a defender sus viajes al extranjero: &#8220;es mi trabajo salir a mostrar a la Argentina en el mundo, hoy se habla de la Argentina como nunca se habl\u00f3 antes&#8221;, argument\u00f3.<\/h3>\n<h3>Milei enfatiz\u00f3 que bajo su gesti\u00f3n &#8220;el pa\u00eds est\u00e1 mejorando de manera sustancial&#8221; y que &#8220;los niveles de aceptaci\u00f3n del gobierno est\u00e1 en sus m\u00e1ximos&#8221;.<\/h3>\n<h3>Tras la aprobaci\u00f3n de la Ley de Bases y el paquete fiscal, anticip\u00f3: &#8220;No voy a dejar de enviar reformas e instrumentos que mejoren la calidad de vida de los argentinos y si no pasan (en el Congreso) ahora, comenzar\u00e1n a pasar el 11 de diciembre del 2025 (tras el recambio por las elecciones legislativas de ese a\u00f1o), tambi\u00e9n tengo la esperanza de que pasen los pliegos&#8221; de los jueces que propuso para la Corte Suprema de Justicia, Ariel Lijo y Manuel Garc\u00eda Mansilla.<\/h3>\n<h3>Consultado sobre el resonante homicidio que se conoci\u00f3 en las \u00faltimas horas de un ni\u00f1o en Wilde que qued\u00f3 en medio de un tiroteo en el que intervinieron delincuentes menores de edad, el Presidente se refiri\u00f3 a la baja de la imputabilidad que impulsa su gesti\u00f3n.<\/h3>\n<h3>&#8220;Lo mejor era bajarlo a 12 a\u00f1os, pero como parte de una discusi\u00f3n se puso en 13. En Inglaterra es 9 a\u00f1os. Delito de adulto, pena de adulto&#8221;, afirm\u00f3.<\/h3>\n<h3>Por \u00faltimo, volvi\u00f3 a elogiar a Lionel Messi en la previa de la final de la Copa Am\u00e9rica que disputar\u00e1 la Selecci\u00f3n argentina contra la de Colombia.&#8221;Hay videos m\u00edos cuando (a Messi) lo mataban y yo dec\u00eda que era el mejor de todos los tiempos, as\u00ed que no soy un fan nuevo de Messi. Por esc\u00e1ndalo es el mejor de todos los tiempos, su promedio de gol es m\u00e1s que el de Pel\u00e9&#8221;, dijo.<\/h3>\n<p>&nbsp;<\/p>\n<p>&nbsp;<\/p>\n<p>&nbsp;<\/p>\n<p>&nbsp;<\/p>\n<p>&nbsp;<\/p>\n<p>&nbsp;<\/p>\n","protected":false},"excerpt":{"rendered":"<p>El presidente Javier Milei denunci\u00f3 este jueves que el Banco Macro gener\u00f3 un &#8220;intento para&#8230;<\/p>\n","protected":false},"author":1,"featured_media":10246,"comment_status":"closed","ping_status":"closed","sticky":false,"template":"","format":"standard","meta":{"footnotes":""},"categories":[5],"tags":[],"class_list":["post-19118","post","type-post","status-publish","format-standard","has-post-thumbnail","hentry","category-nacionales-internacionales"],"yoast_head":"<!-- This site is optimized with the Yoast SEO plugin v26.1.1 - https:\/\/yoast.com\/wordpress\/plugins\/seo\/ -->\n<title>MILEI DENUNCI\u00d3 UN INTENTO DE &quot;DESESTABILIZACI\u00d3N&quot;, ELOGI\u00d3 A MACRI Y CONT\u00d3 QUE TIENE &quot;CHARLAS&quot; CON EL PAPA - Apuntes de San Luis<\/title>\n<meta name=\"robots\" content=\"index, follow, max-snippet:-1, max-image-preview:large, max-video-preview:-1\" \/>\n<link rel=\"canonical\" href=\"https:\/\/apuntesdesanluis.com\/index.php\/2024\/07\/11\/milei-denuncio-un-intento-de-desestabilizacion-elogio-a-macri-y-conto-que-tiene-charlas-con-el-papa\/\" \/>\n<meta property=\"og:locale\" content=\"es_ES\" \/>\n<meta property=\"og:type\" content=\"article\" \/>\n<meta property=\"og:title\" content=\"MILEI DENUNCI\u00d3 UN INTENTO DE &quot;DESESTABILIZACI\u00d3N&quot;, ELOGI\u00d3 A MACRI Y CONT\u00d3 QUE TIENE &quot;CHARLAS&quot; CON EL PAPA - Apuntes de San Luis\" \/>\n<meta property=\"og:description\" content=\"El presidente Javier Milei denunci\u00f3 este jueves que el Banco Macro gener\u00f3 un &#8220;intento para...\" \/>\n<meta property=\"og:url\" content=\"https:\/\/apuntesdesanluis.com\/index.php\/2024\/07\/11\/milei-denuncio-un-intento-de-desestabilizacion-elogio-a-macri-y-conto-que-tiene-charlas-con-el-papa\/\" \/>\n<meta property=\"og:site_name\" content=\"Apuntes de San Luis\" \/>\n<meta property=\"article:published_time\" content=\"2024-07-12T02:10:39+00:00\" \/>\n<meta property=\"article:modified_time\" content=\"2024-07-12T05:13:02+00:00\" \/>\n<meta property=\"og:image\" content=\"https:\/\/apuntesdesanluis.com\/wp-content\/uploads\/2024\/01\/milei-6.png\" \/>\n\t<meta property=\"og:image:width\" content=\"600\" \/>\n\t<meta property=\"og:image:height\" content=\"403\" \/>\n\t<meta property=\"og:image:type\" content=\"image\/png\" \/>\n<meta name=\"author\" content=\"apuntesdesanluis.com\" \/>\n<meta name=\"twitter:card\" content=\"summary_large_image\" \/>\n<meta name=\"twitter:label1\" content=\"Escrito por\" \/>\n\t<meta name=\"twitter:data1\" content=\"apuntesdesanluis.com\" \/>\n\t<meta name=\"twitter:label2\" content=\"Tiempo de lectura\" \/>\n\t<meta name=\"twitter:data2\" content=\"4 minutos\" \/>\n<script type=\"application\/ld+json\" class=\"yoast-schema-graph\">{\"@context\":\"https:\/\/schema.org\",\"@graph\":[{\"@type\":\"Article\",\"@id\":\"https:\/\/apuntesdesanluis.com\/index.php\/2024\/07\/11\/milei-denuncio-un-intento-de-desestabilizacion-elogio-a-macri-y-conto-que-tiene-charlas-con-el-papa\/#article\",\"isPartOf\":{\"@id\":\"https:\/\/apuntesdesanluis.com\/index.php\/2024\/07\/11\/milei-denuncio-un-intento-de-desestabilizacion-elogio-a-macri-y-conto-que-tiene-charlas-con-el-papa\/\"},\"author\":{\"name\":\"apuntesdesanluis.com\",\"@id\":\"https:\/\/apuntesdesanluis.com\/#\/schema\/person\/b55151d52296fcce64d1a72538a70b90\"},\"headline\":\"MILEI DENUNCI\u00d3 UN INTENTO DE &#8220;DESESTABILIZACI\u00d3N&#8221;, ELOGI\u00d3 A MACRI Y CONT\u00d3 QUE TIENE &#8220;CHARLAS&#8221; CON EL PAPA\",\"datePublished\":\"2024-07-12T02:10:39+00:00\",\"dateModified\":\"2024-07-12T05:13:02+00:00\",\"mainEntityOfPage\":{\"@id\":\"https:\/\/apuntesdesanluis.com\/index.php\/2024\/07\/11\/milei-denuncio-un-intento-de-desestabilizacion-elogio-a-macri-y-conto-que-tiene-charlas-con-el-papa\/\"},\"wordCount\":794,\"publisher\":{\"@id\":\"https:\/\/apuntesdesanluis.com\/#\/schema\/person\/b55151d52296fcce64d1a72538a70b90\"},\"image\":{\"@id\":\"https:\/\/apuntesdesanluis.com\/index.php\/2024\/07\/11\/milei-denuncio-un-intento-de-desestabilizacion-elogio-a-macri-y-conto-que-tiene-charlas-con-el-papa\/#primaryimage\"},\"thumbnailUrl\":\"https:\/\/apuntesdesanluis.com\/wp-content\/uploads\/2024\/01\/milei-6.png\",\"articleSection\":[\"Nacionales\/Internacionales\"],\"inLanguage\":\"es-AR\"},{\"@type\":\"WebPage\",\"@id\":\"https:\/\/apuntesdesanluis.com\/index.php\/2024\/07\/11\/milei-denuncio-un-intento-de-desestabilizacion-elogio-a-macri-y-conto-que-tiene-charlas-con-el-papa\/\",\"url\":\"https:\/\/apuntesdesanluis.com\/index.php\/2024\/07\/11\/milei-denuncio-un-intento-de-desestabilizacion-elogio-a-macri-y-conto-que-tiene-charlas-con-el-papa\/\",\"name\":\"MILEI DENUNCI\u00d3 UN INTENTO DE \\\"DESESTABILIZACI\u00d3N\\\", ELOGI\u00d3 A MACRI Y CONT\u00d3 QUE TIENE \\\"CHARLAS\\\" CON EL PAPA - Apuntes de San Luis\",\"isPartOf\":{\"@id\":\"https:\/\/apuntesdesanluis.com\/#website\"},\"primaryImageOfPage\":{\"@id\":\"https:\/\/apuntesdesanluis.com\/index.php\/2024\/07\/11\/milei-denuncio-un-intento-de-desestabilizacion-elogio-a-macri-y-conto-que-tiene-charlas-con-el-papa\/#primaryimage\"},\"image\":{\"@id\":\"https:\/\/apuntesdesanluis.com\/index.php\/2024\/07\/11\/milei-denuncio-un-intento-de-desestabilizacion-elogio-a-macri-y-conto-que-tiene-charlas-con-el-papa\/#primaryimage\"},\"thumbnailUrl\":\"https:\/\/apuntesdesanluis.com\/wp-content\/uploads\/2024\/01\/milei-6.png\",\"datePublished\":\"2024-07-12T02:10:39+00:00\",\"dateModified\":\"2024-07-12T05:13:02+00:00\",\"breadcrumb\":{\"@id\":\"https:\/\/apuntesdesanluis.com\/index.php\/2024\/07\/11\/milei-denuncio-un-intento-de-desestabilizacion-elogio-a-macri-y-conto-que-tiene-charlas-con-el-papa\/#breadcrumb\"},\"inLanguage\":\"es-AR\",\"potentialAction\":[{\"@type\":\"ReadAction\",\"target\":[\"https:\/\/apuntesdesanluis.com\/index.php\/2024\/07\/11\/milei-denuncio-un-intento-de-desestabilizacion-elogio-a-macri-y-conto-que-tiene-charlas-con-el-papa\/\"]}]},{\"@type\":\"ImageObject\",\"inLanguage\":\"es-AR\",\"@id\":\"https:\/\/apuntesdesanluis.com\/index.php\/2024\/07\/11\/milei-denuncio-un-intento-de-desestabilizacion-elogio-a-macri-y-conto-que-tiene-charlas-con-el-papa\/#primaryimage\",\"url\":\"https:\/\/apuntesdesanluis.com\/wp-content\/uploads\/2024\/01\/milei-6.png\",\"contentUrl\":\"https:\/\/apuntesdesanluis.com\/wp-content\/uploads\/2024\/01\/milei-6.png\",\"width\":600,\"height\":403},{\"@type\":\"BreadcrumbList\",\"@id\":\"https:\/\/apuntesdesanluis.com\/index.php\/2024\/07\/11\/milei-denuncio-un-intento-de-desestabilizacion-elogio-a-macri-y-conto-que-tiene-charlas-con-el-papa\/#breadcrumb\",\"itemListElement\":[{\"@type\":\"ListItem\",\"position\":1,\"name\":\"Inicio\",\"item\":\"https:\/\/apuntesdesanluis.com\/\"},{\"@type\":\"ListItem\",\"position\":2,\"name\":\"MILEI DENUNCI\u00d3 UN INTENTO DE &#8220;DESESTABILIZACI\u00d3N&#8221;, ELOGI\u00d3 A MACRI Y CONT\u00d3 QUE TIENE &#8220;CHARLAS&#8221; CON EL PAPA\"}]},{\"@type\":\"WebSite\",\"@id\":\"https:\/\/apuntesdesanluis.com\/#website\",\"url\":\"https:\/\/apuntesdesanluis.com\/\",\"name\":\"Apuntes de San Luis\",\"description\":\"\",\"publisher\":{\"@id\":\"https:\/\/apuntesdesanluis.com\/#\/schema\/person\/b55151d52296fcce64d1a72538a70b90\"},\"potentialAction\":[{\"@type\":\"SearchAction\",\"target\":{\"@type\":\"EntryPoint\",\"urlTemplate\":\"https:\/\/apuntesdesanluis.com\/?s={search_term_string}\"},\"query-input\":{\"@type\":\"PropertyValueSpecification\",\"valueRequired\":true,\"valueName\":\"search_term_string\"}}],\"inLanguage\":\"es-AR\"},{\"@type\":[\"Person\",\"Organization\"],\"@id\":\"https:\/\/apuntesdesanluis.com\/#\/schema\/person\/b55151d52296fcce64d1a72538a70b90\",\"name\":\"apuntesdesanluis.com\",\"image\":{\"@type\":\"ImageObject\",\"inLanguage\":\"es-AR\",\"@id\":\"https:\/\/apuntesdesanluis.com\/#\/schema\/person\/image\/\",\"url\":\"https:\/\/apuntesdesanluis.com\/wp-content\/uploads\/2023\/07\/cropped-apuntesdesanluis.png\",\"contentUrl\":\"https:\/\/apuntesdesanluis.com\/wp-content\/uploads\/2023\/07\/cropped-apuntesdesanluis.png\",\"width\":450,\"height\":112,\"caption\":\"apuntesdesanluis.com\"},\"logo\":{\"@id\":\"https:\/\/apuntesdesanluis.com\/#\/schema\/person\/image\/\"},\"sameAs\":[\"https:\/\/apuntesdesanluis.com\"],\"url\":\"https:\/\/apuntesdesanluis.com\/index.php\/author\/apuntesdesanluis-com\/\"}]}<\/script>\n<!-- \/ Yoast SEO plugin. -->","yoast_head_json":{"title":"MILEI DENUNCI\u00d3 UN INTENTO DE \"DESESTABILIZACI\u00d3N\", ELOGI\u00d3 A MACRI Y CONT\u00d3 QUE TIENE \"CHARLAS\" CON EL PAPA - Apuntes de San Luis","robots":{"index":"index","follow":"follow","max-snippet":"max-snippet:-1","max-image-preview":"max-image-preview:large","max-video-preview":"max-video-preview:-1"},"canonical":"https:\/\/apuntesdesanluis.com\/index.php\/2024\/07\/11\/milei-denuncio-un-intento-de-desestabilizacion-elogio-a-macri-y-conto-que-tiene-charlas-con-el-papa\/","og_locale":"es_ES","og_type":"article","og_title":"MILEI DENUNCI\u00d3 UN INTENTO DE \"DESESTABILIZACI\u00d3N\", ELOGI\u00d3 A MACRI Y CONT\u00d3 QUE TIENE \"CHARLAS\" CON EL PAPA - Apuntes de San Luis","og_description":"El presidente Javier Milei denunci\u00f3 este jueves que el Banco Macro gener\u00f3 un &#8220;intento para...","og_url":"https:\/\/apuntesdesanluis.com\/index.php\/2024\/07\/11\/milei-denuncio-un-intento-de-desestabilizacion-elogio-a-macri-y-conto-que-tiene-charlas-con-el-papa\/","og_site_name":"Apuntes de San Luis","article_published_time":"2024-07-12T02:10:39+00:00","article_modified_time":"2024-07-12T05:13:02+00:00","og_image":[{"width":600,"height":403,"url":"https:\/\/apuntesdesanluis.com\/wp-content\/uploads\/2024\/01\/milei-6.png","type":"image\/png"}],"author":"apuntesdesanluis.com","twitter_card":"summary_large_image","twitter_misc":{"Escrito por":"apuntesdesanluis.com","Tiempo de lectura":"4 minutos"},"schema":{"@context":"https:\/\/schema.org","@graph":[{"@type":"Article","@id":"https:\/\/apuntesdesanluis.com\/index.php\/2024\/07\/11\/milei-denuncio-un-intento-de-desestabilizacion-elogio-a-macri-y-conto-que-tiene-charlas-con-el-papa\/#article","isPartOf":{"@id":"https:\/\/apuntesdesanluis.com\/index.php\/2024\/07\/11\/milei-denuncio-un-intento-de-desestabilizacion-elogio-a-macri-y-conto-que-tiene-charlas-con-el-papa\/"},"author":{"name":"apuntesdesanluis.com","@id":"https:\/\/apuntesdesanluis.com\/#\/schema\/person\/b55151d52296fcce64d1a72538a70b90"},"headline":"MILEI DENUNCI\u00d3 UN INTENTO DE &#8220;DESESTABILIZACI\u00d3N&#8221;, ELOGI\u00d3 A MACRI Y CONT\u00d3 QUE TIENE &#8220;CHARLAS&#8221; CON EL PAPA","datePublished":"2024-07-12T02:10:39+00:00","dateModified":"2024-07-12T05:13:02+00:00","mainEntityOfPage":{"@id":"https:\/\/apuntesdesanluis.com\/index.php\/2024\/07\/11\/milei-denuncio-un-intento-de-desestabilizacion-elogio-a-macri-y-conto-que-tiene-charlas-con-el-papa\/"},"wordCount":794,"publisher":{"@id":"https:\/\/apuntesdesanluis.com\/#\/schema\/person\/b55151d52296fcce64d1a72538a70b90"},"image":{"@id":"https:\/\/apuntesdesanluis.com\/index.php\/2024\/07\/11\/milei-denuncio-un-intento-de-desestabilizacion-elogio-a-macri-y-conto-que-tiene-charlas-con-el-papa\/#primaryimage"},"thumbnailUrl":"https:\/\/apuntesdesanluis.com\/wp-content\/uploads\/2024\/01\/milei-6.png","articleSection":["Nacionales\/Internacionales"],"inLanguage":"es-AR"},{"@type":"WebPage","@id":"https:\/\/apuntesdesanluis.com\/index.php\/2024\/07\/11\/milei-denuncio-un-intento-de-desestabilizacion-elogio-a-macri-y-conto-que-tiene-charlas-con-el-papa\/","url":"https:\/\/apuntesdesanluis.com\/index.php\/2024\/07\/11\/milei-denuncio-un-intento-de-desestabilizacion-elogio-a-macri-y-conto-que-tiene-charlas-con-el-papa\/","name":"MILEI DENUNCI\u00d3 UN INTENTO DE \"DESESTABILIZACI\u00d3N\", ELOGI\u00d3 A MACRI Y CONT\u00d3 QUE TIENE \"CHARLAS\" CON EL PAPA - Apuntes de San Luis","isPartOf":{"@id":"https:\/\/apuntesdesanluis.com\/#website"},"primaryImageOfPage":{"@id":"https:\/\/apuntesdesanluis.com\/index.php\/2024\/07\/11\/milei-denuncio-un-intento-de-desestabilizacion-elogio-a-macri-y-conto-que-tiene-charlas-con-el-papa\/#primaryimage"},"image":{"@id":"https:\/\/apuntesdesanluis.com\/index.php\/2024\/07\/11\/milei-denuncio-un-intento-de-desestabilizacion-elogio-a-macri-y-conto-que-tiene-charlas-con-el-papa\/#primaryimage"},"thumbnailUrl":"https:\/\/apuntesdesanluis.com\/wp-content\/uploads\/2024\/01\/milei-6.png","datePublished":"2024-07-12T02:10:39+00:00","dateModified":"2024-07-12T05:13:02+00:00","breadcrumb":{"@id":"https:\/\/apuntesdesanluis.com\/index.php\/2024\/07\/11\/milei-denuncio-un-intento-de-desestabilizacion-elogio-a-macri-y-conto-que-tiene-charlas-con-el-papa\/#breadcrumb"},"inLanguage":"es-AR","potentialAction":[{"@type":"ReadAction","target":["https:\/\/apuntesdesanluis.com\/index.php\/2024\/07\/11\/milei-denuncio-un-intento-de-desestabilizacion-elogio-a-macri-y-conto-que-tiene-charlas-con-el-papa\/"]}]},{"@type":"ImageObject","inLanguage":"es-AR","@id":"https:\/\/apuntesdesanluis.com\/index.php\/2024\/07\/11\/milei-denuncio-un-intento-de-desestabilizacion-elogio-a-macri-y-conto-que-tiene-charlas-con-el-papa\/#primaryimage","url":"https:\/\/apuntesdesanluis.com\/wp-content\/uploads\/2024\/01\/milei-6.png","contentUrl":"https:\/\/apuntesdesanluis.com\/wp-content\/uploads\/2024\/01\/milei-6.png","width":600,"height":403},{"@type":"BreadcrumbList","@id":"https:\/\/apuntesdesanluis.com\/index.php\/2024\/07\/11\/milei-denuncio-un-intento-de-desestabilizacion-elogio-a-macri-y-conto-que-tiene-charlas-con-el-papa\/#breadcrumb","itemListElement":[{"@type":"ListItem","position":1,"name":"Inicio","item":"https:\/\/apuntesdesanluis.com\/"},{"@type":"ListItem","position":2,"name":"MILEI DENUNCI\u00d3 UN INTENTO DE &#8220;DESESTABILIZACI\u00d3N&#8221;, ELOGI\u00d3 A MACRI Y CONT\u00d3 QUE TIENE &#8220;CHARLAS&#8221; CON EL PAPA"}]},{"@type":"WebSite","@id":"https:\/\/apuntesdesanluis.com\/#website","url":"https:\/\/apuntesdesanluis.com\/","name":"Apuntes de San Luis","description":"","publisher":{"@id":"https:\/\/apuntesdesanluis.com\/#\/schema\/person\/b55151d52296fcce64d1a72538a70b90"},"potentialAction":[{"@type":"SearchAction","target":{"@type":"EntryPoint","urlTemplate":"https:\/\/apuntesdesanluis.com\/?s={search_term_string}"},"query-input":{"@type":"PropertyValueSpecification","valueRequired":true,"valueName":"search_term_string"}}],"inLanguage":"es-AR"},{"@type":["Person","Organization"],"@id":"https:\/\/apuntesdesanluis.com\/#\/schema\/person\/b55151d52296fcce64d1a72538a70b90","name":"apuntesdesanluis.com","image":{"@type":"ImageObject","inLanguage":"es-AR","@id":"https:\/\/apuntesdesanluis.com\/#\/schema\/person\/image\/","url":"https:\/\/apuntesdesanluis.com\/wp-content\/uploads\/2023\/07\/cropped-apuntesdesanluis.png","contentUrl":"https:\/\/apuntesdesanluis.com\/wp-content\/uploads\/2023\/07\/cropped-apuntesdesanluis.png","width":450,"height":112,"caption":"apuntesdesanluis.com"},"logo":{"@id":"https:\/\/apuntesdesanluis.com\/#\/schema\/person\/image\/"},"sameAs":["https:\/\/apuntesdesanluis.com"],"url":"https:\/\/apuntesdesanluis.com\/index.php\/author\/apuntesdesanluis-com\/"}]}},"featured_image_urls":{"full":["https:\/\/apuntesdesanluis.com\/wp-content\/uploads\/2024\/01\/milei-6.png",600,403,false],"thumbnail":["https:\/\/apuntesdesanluis.com\/wp-content\/uploads\/2024\/01\/milei-6-150x150.png",150,150,true],"medium":["https:\/\/apuntesdesanluis.com\/wp-content\/uploads\/2024\/01\/milei-6-300x202.png",300,202,true],"medium_large":["https:\/\/apuntesdesanluis.com\/wp-content\/uploads\/2024\/01\/milei-6.png",600,403,false],"large":["https:\/\/apuntesdesanluis.com\/wp-content\/uploads\/2024\/01\/milei-6.png",600,403,false],"1536x1536":["https:\/\/apuntesdesanluis.com\/wp-content\/uploads\/2024\/01\/milei-6.png",600,403,false],"2048x2048":["https:\/\/apuntesdesanluis.com\/wp-content\/uploads\/2024\/01\/milei-6.png",600,403,false],"newsever-slider-full":["https:\/\/apuntesdesanluis.com\/wp-content\/uploads\/2024\/01\/milei-6.png",600,403,false],"newsever-featured":["https:\/\/apuntesdesanluis.com\/wp-content\/uploads\/2024\/01\/milei-6.png",600,403,false],"newsever-medium":["https:\/\/apuntesdesanluis.com\/wp-content\/uploads\/2024\/01\/milei-6.png",600,403,false]},"author_info":{"display_name":"apuntesdesanluis.com","author_link":"https:\/\/apuntesdesanluis.com\/index.php\/author\/apuntesdesanluis-com\/"},"category_info":"<a href=\"https:\/\/apuntesdesanluis.com\/index.php\/category\/nacionales-internacionales\/\" rel=\"category tag\">Nacionales\/Internacionales<\/a>","tag_info":"Nacionales\/Internacionales","comment_count":"0","_links":{"self":[{"href":"https:\/\/apuntesdesanluis.com\/index.php\/wp-json\/wp\/v2\/posts\/19118","targetHints":{"allow":["GET"]}}],"collection":[{"href":"https:\/\/apuntesdesanluis.com\/index.php\/wp-json\/wp\/v2\/posts"}],"about":[{"href":"https:\/\/apuntesdesanluis.com\/index.php\/wp-json\/wp\/v2\/types\/post"}],"author":[{"embeddable":true,"href":"https:\/\/apuntesdesanluis.com\/index.php\/wp-json\/wp\/v2\/users\/1"}],"replies":[{"embeddable":true,"href":"https:\/\/apuntesdesanluis.com\/index.php\/wp-json\/wp\/v2\/comments?post=19118"}],"version-history":[{"count":1,"href":"https:\/\/apuntesdesanluis.com\/index.php\/wp-json\/wp\/v2\/posts\/19118\/revisions"}],"predecessor-version":[{"id":19119,"href":"https:\/\/apuntesdesanluis.com\/index.php\/wp-json\/wp\/v2\/posts\/19118\/revisions\/19119"}],"wp:featuredmedia":[{"embeddable":true,"href":"https:\/\/apuntesdesanluis.com\/index.php\/wp-json\/wp\/v2\/media\/10246"}],"wp:attachment":[{"href":"https:\/\/apuntesdesanluis.com\/index.php\/wp-json\/wp\/v2\/media?parent=19118"}],"wp:term":[{"taxonomy":"category","embeddable":true,"href":"https:\/\/apuntesdesanluis.com\/index.php\/wp-json\/wp\/v2\/categories?post=19118"},{"taxonomy":"post_tag","embeddable":true,"href":"https:\/\/apuntesdesanluis.com\/index.php\/wp-json\/wp\/v2\/tags?post=19118"}],"curies":[{"name":"wp","href":"https:\/\/api.w.org\/{rel}","templated":true}]}}