{"id":19120,"date":"2024-07-11T23:35:08","date_gmt":"2024-07-12T02:35:08","guid":{"rendered":"https:\/\/apuntesdesanluis.com\/?p=19120"},"modified":"2024-07-12T03:03:16","modified_gmt":"2024-07-12T06:03:16","slug":"tragedia-en-cordoba-una-familia-de-villa-mercedes-fallecio-por-inhalacion-de-monoxido-de-carbono","status":"publish","type":"post","link":"https:\/\/apuntesdesanluis.com\/index.php\/2024\/07\/11\/tragedia-en-cordoba-una-familia-de-villa-mercedes-fallecio-por-inhalacion-de-monoxido-de-carbono\/","title":{"rendered":"TRAGEDIA EN C\u00d3RDOBA: UNA FAMILIA DE VILLA MERCEDES FALLECI\u00d3 POR INHALACI\u00d3N DE MON\u00d3XIDO DE CARBONO"},"content":{"rendered":"<h3>En medio de la ola polar que atraviesa el pa\u00eds, un tr\u00e1gico hecho ocurri\u00f3 este jueves en la provincia de C\u00f3rdoba, donde tres personas que se encontraban en el interior de una vivienda con la calefacci\u00f3n prendida murieron a causa de la inhalaci\u00f3n de mon\u00f3xido de carbono. Una de las v\u00edctimas es menor de edad.<\/h3>\n<h3>Fuentes policiales informaron que el episodio ocurri\u00f3 en un domicilio ubicado en el barrio Cofico, a donde en horas de la tarde arrib\u00f3 un servicio de emergencias luego de que vecinos de la zona alertaran sobre el suceso.<\/h3>\n<h3>Estaban en el departamento 32, un d\u00faplex de un complejo ubicado en la calle Lavalleja 1229. Hac\u00eda dos d\u00edas que aparentemente no se sab\u00eda nada de ellos.<\/h3>\n<h3><img fetchpriority=\"high\" decoding=\"async\" class=\"wp-image-19122 aligncenter\" src=\"https:\/\/apuntesdesanluis.com\/wp-content\/uploads\/2024\/07\/EDIFICIO-1-300x201.png\" alt=\"\" width=\"631\" height=\"423\" srcset=\"https:\/\/apuntesdesanluis.com\/wp-content\/uploads\/2024\/07\/EDIFICIO-1-300x201.png 300w, https:\/\/apuntesdesanluis.com\/wp-content\/uploads\/2024\/07\/EDIFICIO-1.png 700w\" sizes=\"(max-width: 631px) 100vw, 631px\" \/><\/h3>\n<h3>Al llegar a la vivienda, el personal constat\u00f3 que hab\u00eda tres v\u00edctimas fatales, quienes ya se encontraban sin signos vitales al momento en el que los socorristas ingresaron al lugar. Seg\u00fan indicaron, se trataba de un hombre, una mujer y una adolescente, oriundos de Villa Mercedes<\/h3>\n<h3>La Polic\u00eda cordobesa identific\u00f3 a las v\u00edctimas como <strong>Juan Manuel Vallica<\/strong>, de 36 a\u00f1os; <strong>Sandra Varas<\/strong>, de 37, y su hija <strong>Ema<\/strong>, de 13.<\/h3>\n<p><img decoding=\"async\" class=\"wp-image-19129 aligncenter\" src=\"https:\/\/apuntesdesanluis.com\/wp-content\/uploads\/2024\/07\/PAREJA-300x228.png\" alt=\"\" width=\"572\" height=\"435\" srcset=\"https:\/\/apuntesdesanluis.com\/wp-content\/uploads\/2024\/07\/PAREJA-300x228.png 300w, https:\/\/apuntesdesanluis.com\/wp-content\/uploads\/2024\/07\/PAREJA.png 600w\" sizes=\"(max-width: 572px) 100vw, 572px\" \/><\/p>\n<h3>Sobre las razones de su estad\u00eda en la provincia mediterr\u00e1nea, circulan dos versiones: una que era por fines tur\u00edsticos y otra que se encontraban all\u00ed por un tratamiento m\u00e9dico.<\/h3>\n<h3>El motivo de su deceso habr\u00eda sido la intoxicaci\u00f3n por el gas emanado por un calefactor que se encontraba encendido. Otras versiones indican que la p\u00e9rdida podr\u00eda haber sido de un calef\u00f3n. No obstante, desde la fuerza cordobesa comunicaron que las autoridades a\u00fan investigan las causas que originaron el siniestro.<\/h3>\n<h3><strong>ESTAD\u00cdSTICA<\/strong><\/h3>\n<h3>En los \u00faltimos meses, las intoxicaciones por mon\u00f3xido de carbono crecieron un 64% en todo el pa\u00eds: en lo que va de 2024 se notificaron 465 casos, seg\u00fan el Ministerio de Salud de la Naci\u00f3n. El \u00edndice epid\u00e9mico acumulado supera el valor m\u00e1ximo esperado en la mayor\u00eda de las regiones, con la excepci\u00f3n del Nordeste. El incremento de casos empez\u00f3 en la segunda quincena de febrero en la regi\u00f3n Centro del pa\u00eds (que incluye al AMBA).<\/h3>\n<h3>EN 2023 solo se hab\u00edan registrado 284 casos. Estas cifras representan un aumento del 63,73% en relaci\u00f3n al mismo per\u00edodo del a\u00f1o anterior.<\/h3>\n<h3>El 80% de los casos registrados este a\u00f1o se confirm\u00f3 por criterio cl\u00ednico, el 12,9% por laboratorio y el resto por criterio epidemiol\u00f3gico. Adem\u00e1s, una persona muri\u00f3 por complicaciones derivadas de la intoxicaci\u00f3n.<\/h3>\n<p><img decoding=\"async\" class=\"wp-image-19131 aligncenter\" src=\"https:\/\/apuntesdesanluis.com\/wp-content\/uploads\/2024\/07\/calefactor-300x189.png\" alt=\"\" width=\"608\" height=\"383\" srcset=\"https:\/\/apuntesdesanluis.com\/wp-content\/uploads\/2024\/07\/calefactor-300x189.png 300w, https:\/\/apuntesdesanluis.com\/wp-content\/uploads\/2024\/07\/calefactor.png 600w\" sizes=\"(max-width: 608px) 100vw, 608px\" \/><\/p>\n<h3>El \u00edndice epid\u00e9mico acumulado a nivel nacional es 1,85 en aumento: en la regi\u00f3n del Sur, el aumento de casos se inici\u00f3 en la segunda semana de abril pasado, y en las regiones de Cuyo y Noroeste fue a partir de mayo pasado.<\/h3>\n<h3>El mon\u00f3xido de carbono es un gas muy t\u00f3xico para las personas y los animales, dado que puede ingresar al organismo a trav\u00e9s de los pulmones, pasa a la sangre y ocupa el lugar del ox\u00edgeno. Como consecuencia, la falta de ox\u00edgeno afecta principalmente al cerebro y al coraz\u00f3n, y puede provocar la muerte.<\/h3>\n<h3>Es llamado \u201casesino invisible\u201d porque no tiene olor, color ni sabor y no irrita los ojos ni la nariz. Esas caracter\u00edsticas hacen que no sea percibido por los sentidos y que la persona expuesta no tenga reacci\u00f3n de defensa y se genere el proceso de intoxicaci\u00f3n por inhalaci\u00f3n.<\/h3>\n<h3>En oto\u00f1o e invierno, las intoxicaciones con mon\u00f3xido de carbono son m\u00e1s frecuentes porque aumenta el uso de todo tipo de calefactores. Otro factor es que suelen cerrarse las puertas y ventanas y eso impide la llegada de aire fresco, y la salida de los gases t\u00f3xicos que se acumulan en el interior de las viviendas.<\/h3>\n<h3><strong>C\u00d3MO PREVENIR INTOXICACIONES POR MON\u00d3XIDO DE CARBONO<\/strong><\/h3>\n<h3>Lo m\u00e1s importante es la correcta evacuaci\u00f3n de gases al exterior. Porque as\u00ed se evita la acumulaci\u00f3n de gases t\u00f3xicos en el interior de las viviendas. Para eso, seg\u00fan la cartera de Salud nacional es fundamental el control de la instalaci\u00f3n y el buen funcionamiento de artefactos como estufas y calefactores:<\/h3>\n<ul>\n<li>\n<h3>Mantener los ambientes bien ventilados.<\/h3>\n<\/li>\n<li>\n<h3>Si se encienden brasas o llamas de cualquier tipo, no dormir cuando est\u00e1n encendidas.<\/h3>\n<\/li>\n<li>\n<h3>No usar el horno u hornallas de la cocina para calefaccionar el ambiente.<\/h3>\n<\/li>\n<li>\n<h3>No mantener recipientes con agua sobre la estufa, cocina u otra fuente de calor.<\/h3>\n<\/li>\n<li>\n<h3>El calef\u00f3n no debe estar en el ba\u00f1o, ni en espacios cerrados o mal ventilados.<\/h3>\n<\/li>\n<li>\n<h3>No se deben encender motores a combusti\u00f3n (grupos electr\u00f3genos, motosierra, etc.) en ambientes cerrados, en s\u00f3tanos o garajes.<\/h3>\n<\/li>\n<li>\n<h3>Prestar atenci\u00f3n a los indicios de la presencia de mon\u00f3xido de carbono en el ambiente: la coloraci\u00f3n amarilla o anaranjada de la llama de hornallas o estufas y la aparici\u00f3n de manchas de holl\u00edn, tiznado o decoloraci\u00f3n de los artefactos o de sus conductos de evacuaci\u00f3n.<\/h3>\n<\/li>\n<\/ul>\n<p>&nbsp;<\/p>\n<p>&nbsp;<\/p>\n","protected":false},"excerpt":{"rendered":"<p>En medio de la ola polar que atraviesa el pa\u00eds, un tr\u00e1gico hecho ocurri\u00f3 este&#8230;<\/p>\n","protected":false},"author":1,"featured_media":19124,"comment_status":"closed","ping_status":"closed","sticky":false,"template":"","format":"standard","meta":{"footnotes":""},"categories":[5],"tags":[],"class_list":["post-19120","post","type-post","status-publish","format-standard","has-post-thumbnail","hentry","category-nacionales-internacionales"],"yoast_head":"<!-- This site is optimized with the Yoast SEO plugin v26.1.1 - https:\/\/yoast.com\/wordpress\/plugins\/seo\/ -->\n<title>TRAGEDIA EN C\u00d3RDOBA: UNA FAMILIA DE VILLA MERCEDES FALLECI\u00d3 POR INHALACI\u00d3N DE MON\u00d3XIDO DE CARBONO - Apuntes de San Luis<\/title>\n<meta name=\"robots\" content=\"index, follow, max-snippet:-1, max-image-preview:large, max-video-preview:-1\" \/>\n<link rel=\"canonical\" href=\"https:\/\/apuntesdesanluis.com\/index.php\/2024\/07\/11\/tragedia-en-cordoba-una-familia-de-villa-mercedes-fallecio-por-inhalacion-de-monoxido-de-carbono\/\" \/>\n<meta property=\"og:locale\" content=\"es_ES\" \/>\n<meta property=\"og:type\" content=\"article\" \/>\n<meta property=\"og:title\" content=\"TRAGEDIA EN C\u00d3RDOBA: UNA FAMILIA DE VILLA MERCEDES FALLECI\u00d3 POR INHALACI\u00d3N DE MON\u00d3XIDO DE CARBONO - Apuntes de San Luis\" \/>\n<meta property=\"og:description\" content=\"En medio de la ola polar que atraviesa el pa\u00eds, un tr\u00e1gico hecho ocurri\u00f3 este...\" \/>\n<meta property=\"og:url\" content=\"https:\/\/apuntesdesanluis.com\/index.php\/2024\/07\/11\/tragedia-en-cordoba-una-familia-de-villa-mercedes-fallecio-por-inhalacion-de-monoxido-de-carbono\/\" \/>\n<meta property=\"og:site_name\" content=\"Apuntes de San Luis\" \/>\n<meta property=\"article:published_time\" content=\"2024-07-12T02:35:08+00:00\" \/>\n<meta property=\"article:modified_time\" content=\"2024-07-12T06:03:16+00:00\" \/>\n<meta property=\"og:image\" content=\"https:\/\/apuntesdesanluis.com\/wp-content\/uploads\/2024\/07\/DEPARTAMENTO.png\" \/>\n\t<meta property=\"og:image:width\" content=\"833\" \/>\n\t<meta property=\"og:image:height\" content=\"512\" \/>\n\t<meta property=\"og:image:type\" content=\"image\/png\" \/>\n<meta name=\"author\" content=\"apuntesdesanluis.com\" \/>\n<meta name=\"twitter:card\" content=\"summary_large_image\" \/>\n<meta name=\"twitter:label1\" content=\"Escrito por\" \/>\n\t<meta name=\"twitter:data1\" content=\"apuntesdesanluis.com\" \/>\n\t<meta name=\"twitter:label2\" content=\"Tiempo de lectura\" \/>\n\t<meta name=\"twitter:data2\" content=\"5 minutos\" \/>\n<script type=\"application\/ld+json\" class=\"yoast-schema-graph\">{\"@context\":\"https:\/\/schema.org\",\"@graph\":[{\"@type\":\"Article\",\"@id\":\"https:\/\/apuntesdesanluis.com\/index.php\/2024\/07\/11\/tragedia-en-cordoba-una-familia-de-villa-mercedes-fallecio-por-inhalacion-de-monoxido-de-carbono\/#article\",\"isPartOf\":{\"@id\":\"https:\/\/apuntesdesanluis.com\/index.php\/2024\/07\/11\/tragedia-en-cordoba-una-familia-de-villa-mercedes-fallecio-por-inhalacion-de-monoxido-de-carbono\/\"},\"author\":{\"name\":\"apuntesdesanluis.com\",\"@id\":\"https:\/\/apuntesdesanluis.com\/#\/schema\/person\/b55151d52296fcce64d1a72538a70b90\"},\"headline\":\"TRAGEDIA EN C\u00d3RDOBA: UNA FAMILIA DE VILLA MERCEDES FALLECI\u00d3 POR INHALACI\u00d3N DE MON\u00d3XIDO DE CARBONO\",\"datePublished\":\"2024-07-12T02:35:08+00:00\",\"dateModified\":\"2024-07-12T06:03:16+00:00\",\"mainEntityOfPage\":{\"@id\":\"https:\/\/apuntesdesanluis.com\/index.php\/2024\/07\/11\/tragedia-en-cordoba-una-familia-de-villa-mercedes-fallecio-por-inhalacion-de-monoxido-de-carbono\/\"},\"wordCount\":876,\"publisher\":{\"@id\":\"https:\/\/apuntesdesanluis.com\/#\/schema\/person\/b55151d52296fcce64d1a72538a70b90\"},\"image\":{\"@id\":\"https:\/\/apuntesdesanluis.com\/index.php\/2024\/07\/11\/tragedia-en-cordoba-una-familia-de-villa-mercedes-fallecio-por-inhalacion-de-monoxido-de-carbono\/#primaryimage\"},\"thumbnailUrl\":\"https:\/\/apuntesdesanluis.com\/wp-content\/uploads\/2024\/07\/DEPARTAMENTO.png\",\"articleSection\":[\"Nacionales\/Internacionales\"],\"inLanguage\":\"es-AR\"},{\"@type\":\"WebPage\",\"@id\":\"https:\/\/apuntesdesanluis.com\/index.php\/2024\/07\/11\/tragedia-en-cordoba-una-familia-de-villa-mercedes-fallecio-por-inhalacion-de-monoxido-de-carbono\/\",\"url\":\"https:\/\/apuntesdesanluis.com\/index.php\/2024\/07\/11\/tragedia-en-cordoba-una-familia-de-villa-mercedes-fallecio-por-inhalacion-de-monoxido-de-carbono\/\",\"name\":\"TRAGEDIA EN C\u00d3RDOBA: UNA FAMILIA DE VILLA MERCEDES FALLECI\u00d3 POR INHALACI\u00d3N DE MON\u00d3XIDO DE CARBONO - Apuntes de San Luis\",\"isPartOf\":{\"@id\":\"https:\/\/apuntesdesanluis.com\/#website\"},\"primaryImageOfPage\":{\"@id\":\"https:\/\/apuntesdesanluis.com\/index.php\/2024\/07\/11\/tragedia-en-cordoba-una-familia-de-villa-mercedes-fallecio-por-inhalacion-de-monoxido-de-carbono\/#primaryimage\"},\"image\":{\"@id\":\"https:\/\/apuntesdesanluis.com\/index.php\/2024\/07\/11\/tragedia-en-cordoba-una-familia-de-villa-mercedes-fallecio-por-inhalacion-de-monoxido-de-carbono\/#primaryimage\"},\"thumbnailUrl\":\"https:\/\/apuntesdesanluis.com\/wp-content\/uploads\/2024\/07\/DEPARTAMENTO.png\",\"datePublished\":\"2024-07-12T02:35:08+00:00\",\"dateModified\":\"2024-07-12T06:03:16+00:00\",\"breadcrumb\":{\"@id\":\"https:\/\/apuntesdesanluis.com\/index.php\/2024\/07\/11\/tragedia-en-cordoba-una-familia-de-villa-mercedes-fallecio-por-inhalacion-de-monoxido-de-carbono\/#breadcrumb\"},\"inLanguage\":\"es-AR\",\"potentialAction\":[{\"@type\":\"ReadAction\",\"target\":[\"https:\/\/apuntesdesanluis.com\/index.php\/2024\/07\/11\/tragedia-en-cordoba-una-familia-de-villa-mercedes-fallecio-por-inhalacion-de-monoxido-de-carbono\/\"]}]},{\"@type\":\"ImageObject\",\"inLanguage\":\"es-AR\",\"@id\":\"https:\/\/apuntesdesanluis.com\/index.php\/2024\/07\/11\/tragedia-en-cordoba-una-familia-de-villa-mercedes-fallecio-por-inhalacion-de-monoxido-de-carbono\/#primaryimage\",\"url\":\"https:\/\/apuntesdesanluis.com\/wp-content\/uploads\/2024\/07\/DEPARTAMENTO.png\",\"contentUrl\":\"https:\/\/apuntesdesanluis.com\/wp-content\/uploads\/2024\/07\/DEPARTAMENTO.png\",\"width\":833,\"height\":512},{\"@type\":\"BreadcrumbList\",\"@id\":\"https:\/\/apuntesdesanluis.com\/index.php\/2024\/07\/11\/tragedia-en-cordoba-una-familia-de-villa-mercedes-fallecio-por-inhalacion-de-monoxido-de-carbono\/#breadcrumb\",\"itemListElement\":[{\"@type\":\"ListItem\",\"position\":1,\"name\":\"Inicio\",\"item\":\"https:\/\/apuntesdesanluis.com\/\"},{\"@type\":\"ListItem\",\"position\":2,\"name\":\"TRAGEDIA EN C\u00d3RDOBA: UNA FAMILIA DE VILLA MERCEDES FALLECI\u00d3 POR INHALACI\u00d3N DE MON\u00d3XIDO DE CARBONO\"}]},{\"@type\":\"WebSite\",\"@id\":\"https:\/\/apuntesdesanluis.com\/#website\",\"url\":\"https:\/\/apuntesdesanluis.com\/\",\"name\":\"Apuntes de San Luis\",\"description\":\"\",\"publisher\":{\"@id\":\"https:\/\/apuntesdesanluis.com\/#\/schema\/person\/b55151d52296fcce64d1a72538a70b90\"},\"potentialAction\":[{\"@type\":\"SearchAction\",\"target\":{\"@type\":\"EntryPoint\",\"urlTemplate\":\"https:\/\/apuntesdesanluis.com\/?s={search_term_string}\"},\"query-input\":{\"@type\":\"PropertyValueSpecification\",\"valueRequired\":true,\"valueName\":\"search_term_string\"}}],\"inLanguage\":\"es-AR\"},{\"@type\":[\"Person\",\"Organization\"],\"@id\":\"https:\/\/apuntesdesanluis.com\/#\/schema\/person\/b55151d52296fcce64d1a72538a70b90\",\"name\":\"apuntesdesanluis.com\",\"image\":{\"@type\":\"ImageObject\",\"inLanguage\":\"es-AR\",\"@id\":\"https:\/\/apuntesdesanluis.com\/#\/schema\/person\/image\/\",\"url\":\"https:\/\/apuntesdesanluis.com\/wp-content\/uploads\/2023\/07\/cropped-apuntesdesanluis.png\",\"contentUrl\":\"https:\/\/apuntesdesanluis.com\/wp-content\/uploads\/2023\/07\/cropped-apuntesdesanluis.png\",\"width\":450,\"height\":112,\"caption\":\"apuntesdesanluis.com\"},\"logo\":{\"@id\":\"https:\/\/apuntesdesanluis.com\/#\/schema\/person\/image\/\"},\"sameAs\":[\"https:\/\/apuntesdesanluis.com\"],\"url\":\"https:\/\/apuntesdesanluis.com\/index.php\/author\/apuntesdesanluis-com\/\"}]}<\/script>\n<!-- \/ Yoast SEO plugin. -->","yoast_head_json":{"title":"TRAGEDIA EN C\u00d3RDOBA: UNA FAMILIA DE VILLA MERCEDES FALLECI\u00d3 POR INHALACI\u00d3N DE MON\u00d3XIDO DE CARBONO - Apuntes de San Luis","robots":{"index":"index","follow":"follow","max-snippet":"max-snippet:-1","max-image-preview":"max-image-preview:large","max-video-preview":"max-video-preview:-1"},"canonical":"https:\/\/apuntesdesanluis.com\/index.php\/2024\/07\/11\/tragedia-en-cordoba-una-familia-de-villa-mercedes-fallecio-por-inhalacion-de-monoxido-de-carbono\/","og_locale":"es_ES","og_type":"article","og_title":"TRAGEDIA EN C\u00d3RDOBA: UNA FAMILIA DE VILLA MERCEDES FALLECI\u00d3 POR INHALACI\u00d3N DE MON\u00d3XIDO DE CARBONO - Apuntes de San Luis","og_description":"En medio de la ola polar que atraviesa el pa\u00eds, un tr\u00e1gico hecho ocurri\u00f3 este...","og_url":"https:\/\/apuntesdesanluis.com\/index.php\/2024\/07\/11\/tragedia-en-cordoba-una-familia-de-villa-mercedes-fallecio-por-inhalacion-de-monoxido-de-carbono\/","og_site_name":"Apuntes de San Luis","article_published_time":"2024-07-12T02:35:08+00:00","article_modified_time":"2024-07-12T06:03:16+00:00","og_image":[{"width":833,"height":512,"url":"https:\/\/apuntesdesanluis.com\/wp-content\/uploads\/2024\/07\/DEPARTAMENTO.png","type":"image\/png"}],"author":"apuntesdesanluis.com","twitter_card":"summary_large_image","twitter_misc":{"Escrito por":"apuntesdesanluis.com","Tiempo de lectura":"5 minutos"},"schema":{"@context":"https:\/\/schema.org","@graph":[{"@type":"Article","@id":"https:\/\/apuntesdesanluis.com\/index.php\/2024\/07\/11\/tragedia-en-cordoba-una-familia-de-villa-mercedes-fallecio-por-inhalacion-de-monoxido-de-carbono\/#article","isPartOf":{"@id":"https:\/\/apuntesdesanluis.com\/index.php\/2024\/07\/11\/tragedia-en-cordoba-una-familia-de-villa-mercedes-fallecio-por-inhalacion-de-monoxido-de-carbono\/"},"author":{"name":"apuntesdesanluis.com","@id":"https:\/\/apuntesdesanluis.com\/#\/schema\/person\/b55151d52296fcce64d1a72538a70b90"},"headline":"TRAGEDIA EN C\u00d3RDOBA: UNA FAMILIA DE VILLA MERCEDES FALLECI\u00d3 POR INHALACI\u00d3N DE MON\u00d3XIDO DE CARBONO","datePublished":"2024-07-12T02:35:08+00:00","dateModified":"2024-07-12T06:03:16+00:00","mainEntityOfPage":{"@id":"https:\/\/apuntesdesanluis.com\/index.php\/2024\/07\/11\/tragedia-en-cordoba-una-familia-de-villa-mercedes-fallecio-por-inhalacion-de-monoxido-de-carbono\/"},"wordCount":876,"publisher":{"@id":"https:\/\/apuntesdesanluis.com\/#\/schema\/person\/b55151d52296fcce64d1a72538a70b90"},"image":{"@id":"https:\/\/apuntesdesanluis.com\/index.php\/2024\/07\/11\/tragedia-en-cordoba-una-familia-de-villa-mercedes-fallecio-por-inhalacion-de-monoxido-de-carbono\/#primaryimage"},"thumbnailUrl":"https:\/\/apuntesdesanluis.com\/wp-content\/uploads\/2024\/07\/DEPARTAMENTO.png","articleSection":["Nacionales\/Internacionales"],"inLanguage":"es-AR"},{"@type":"WebPage","@id":"https:\/\/apuntesdesanluis.com\/index.php\/2024\/07\/11\/tragedia-en-cordoba-una-familia-de-villa-mercedes-fallecio-por-inhalacion-de-monoxido-de-carbono\/","url":"https:\/\/apuntesdesanluis.com\/index.php\/2024\/07\/11\/tragedia-en-cordoba-una-familia-de-villa-mercedes-fallecio-por-inhalacion-de-monoxido-de-carbono\/","name":"TRAGEDIA EN C\u00d3RDOBA: UNA FAMILIA DE VILLA MERCEDES FALLECI\u00d3 POR INHALACI\u00d3N DE MON\u00d3XIDO DE CARBONO - Apuntes de San Luis","isPartOf":{"@id":"https:\/\/apuntesdesanluis.com\/#website"},"primaryImageOfPage":{"@id":"https:\/\/apuntesdesanluis.com\/index.php\/2024\/07\/11\/tragedia-en-cordoba-una-familia-de-villa-mercedes-fallecio-por-inhalacion-de-monoxido-de-carbono\/#primaryimage"},"image":{"@id":"https:\/\/apuntesdesanluis.com\/index.php\/2024\/07\/11\/tragedia-en-cordoba-una-familia-de-villa-mercedes-fallecio-por-inhalacion-de-monoxido-de-carbono\/#primaryimage"},"thumbnailUrl":"https:\/\/apuntesdesanluis.com\/wp-content\/uploads\/2024\/07\/DEPARTAMENTO.png","datePublished":"2024-07-12T02:35:08+00:00","dateModified":"2024-07-12T06:03:16+00:00","breadcrumb":{"@id":"https:\/\/apuntesdesanluis.com\/index.php\/2024\/07\/11\/tragedia-en-cordoba-una-familia-de-villa-mercedes-fallecio-por-inhalacion-de-monoxido-de-carbono\/#breadcrumb"},"inLanguage":"es-AR","potentialAction":[{"@type":"ReadAction","target":["https:\/\/apuntesdesanluis.com\/index.php\/2024\/07\/11\/tragedia-en-cordoba-una-familia-de-villa-mercedes-fallecio-por-inhalacion-de-monoxido-de-carbono\/"]}]},{"@type":"ImageObject","inLanguage":"es-AR","@id":"https:\/\/apuntesdesanluis.com\/index.php\/2024\/07\/11\/tragedia-en-cordoba-una-familia-de-villa-mercedes-fallecio-por-inhalacion-de-monoxido-de-carbono\/#primaryimage","url":"https:\/\/apuntesdesanluis.com\/wp-content\/uploads\/2024\/07\/DEPARTAMENTO.png","contentUrl":"https:\/\/apuntesdesanluis.com\/wp-content\/uploads\/2024\/07\/DEPARTAMENTO.png","width":833,"height":512},{"@type":"BreadcrumbList","@id":"https:\/\/apuntesdesanluis.com\/index.php\/2024\/07\/11\/tragedia-en-cordoba-una-familia-de-villa-mercedes-fallecio-por-inhalacion-de-monoxido-de-carbono\/#breadcrumb","itemListElement":[{"@type":"ListItem","position":1,"name":"Inicio","item":"https:\/\/apuntesdesanluis.com\/"},{"@type":"ListItem","position":2,"name":"TRAGEDIA EN C\u00d3RDOBA: UNA FAMILIA DE VILLA MERCEDES FALLECI\u00d3 POR INHALACI\u00d3N DE MON\u00d3XIDO DE CARBONO"}]},{"@type":"WebSite","@id":"https:\/\/apuntesdesanluis.com\/#website","url":"https:\/\/apuntesdesanluis.com\/","name":"Apuntes de San Luis","description":"","publisher":{"@id":"https:\/\/apuntesdesanluis.com\/#\/schema\/person\/b55151d52296fcce64d1a72538a70b90"},"potentialAction":[{"@type":"SearchAction","target":{"@type":"EntryPoint","urlTemplate":"https:\/\/apuntesdesanluis.com\/?s={search_term_string}"},"query-input":{"@type":"PropertyValueSpecification","valueRequired":true,"valueName":"search_term_string"}}],"inLanguage":"es-AR"},{"@type":["Person","Organization"],"@id":"https:\/\/apuntesdesanluis.com\/#\/schema\/person\/b55151d52296fcce64d1a72538a70b90","name":"apuntesdesanluis.com","image":{"@type":"ImageObject","inLanguage":"es-AR","@id":"https:\/\/apuntesdesanluis.com\/#\/schema\/person\/image\/","url":"https:\/\/apuntesdesanluis.com\/wp-content\/uploads\/2023\/07\/cropped-apuntesdesanluis.png","contentUrl":"https:\/\/apuntesdesanluis.com\/wp-content\/uploads\/2023\/07\/cropped-apuntesdesanluis.png","width":450,"height":112,"caption":"apuntesdesanluis.com"},"logo":{"@id":"https:\/\/apuntesdesanluis.com\/#\/schema\/person\/image\/"},"sameAs":["https:\/\/apuntesdesanluis.com"],"url":"https:\/\/apuntesdesanluis.com\/index.php\/author\/apuntesdesanluis-com\/"}]}},"featured_image_urls":{"full":["https:\/\/apuntesdesanluis.com\/wp-content\/uploads\/2024\/07\/DEPARTAMENTO.png",833,512,false],"thumbnail":["https:\/\/apuntesdesanluis.com\/wp-content\/uploads\/2024\/07\/DEPARTAMENTO-150x150.png",150,150,true],"medium":["https:\/\/apuntesdesanluis.com\/wp-content\/uploads\/2024\/07\/DEPARTAMENTO-300x184.png",300,184,true],"medium_large":["https:\/\/apuntesdesanluis.com\/wp-content\/uploads\/2024\/07\/DEPARTAMENTO-768x472.png",640,393,true],"large":["https:\/\/apuntesdesanluis.com\/wp-content\/uploads\/2024\/07\/DEPARTAMENTO.png",640,393,false],"1536x1536":["https:\/\/apuntesdesanluis.com\/wp-content\/uploads\/2024\/07\/DEPARTAMENTO.png",833,512,false],"2048x2048":["https:\/\/apuntesdesanluis.com\/wp-content\/uploads\/2024\/07\/DEPARTAMENTO.png",833,512,false],"newsever-slider-full":["https:\/\/apuntesdesanluis.com\/wp-content\/uploads\/2024\/07\/DEPARTAMENTO.png",833,512,false],"newsever-featured":["https:\/\/apuntesdesanluis.com\/wp-content\/uploads\/2024\/07\/DEPARTAMENTO.png",833,512,false],"newsever-medium":["https:\/\/apuntesdesanluis.com\/wp-content\/uploads\/2024\/07\/DEPARTAMENTO-720x475.png",720,475,true]},"author_info":{"display_name":"apuntesdesanluis.com","author_link":"https:\/\/apuntesdesanluis.com\/index.php\/author\/apuntesdesanluis-com\/"},"category_info":"<a href=\"https:\/\/apuntesdesanluis.com\/index.php\/category\/nacionales-internacionales\/\" rel=\"category tag\">Nacionales\/Internacionales<\/a>","tag_info":"Nacionales\/Internacionales","comment_count":"0","_links":{"self":[{"href":"https:\/\/apuntesdesanluis.com\/index.php\/wp-json\/wp\/v2\/posts\/19120","targetHints":{"allow":["GET"]}}],"collection":[{"href":"https:\/\/apuntesdesanluis.com\/index.php\/wp-json\/wp\/v2\/posts"}],"about":[{"href":"https:\/\/apuntesdesanluis.com\/index.php\/wp-json\/wp\/v2\/types\/post"}],"author":[{"embeddable":true,"href":"https:\/\/apuntesdesanluis.com\/index.php\/wp-json\/wp\/v2\/users\/1"}],"replies":[{"embeddable":true,"href":"https:\/\/apuntesdesanluis.com\/index.php\/wp-json\/wp\/v2\/comments?post=19120"}],"version-history":[{"count":7,"href":"https:\/\/apuntesdesanluis.com\/index.php\/wp-json\/wp\/v2\/posts\/19120\/revisions"}],"predecessor-version":[{"id":19132,"href":"https:\/\/apuntesdesanluis.com\/index.php\/wp-json\/wp\/v2\/posts\/19120\/revisions\/19132"}],"wp:featuredmedia":[{"embeddable":true,"href":"https:\/\/apuntesdesanluis.com\/index.php\/wp-json\/wp\/v2\/media\/19124"}],"wp:attachment":[{"href":"https:\/\/apuntesdesanluis.com\/index.php\/wp-json\/wp\/v2\/media?parent=19120"}],"wp:term":[{"taxonomy":"category","embeddable":true,"href":"https:\/\/apuntesdesanluis.com\/index.php\/wp-json\/wp\/v2\/categories?post=19120"},{"taxonomy":"post_tag","embeddable":true,"href":"https:\/\/apuntesdesanluis.com\/index.php\/wp-json\/wp\/v2\/tags?post=19120"}],"curies":[{"name":"wp","href":"https:\/\/api.w.org\/{rel}","templated":true}]}}