{"id":19133,"date":"2024-07-11T20:15:11","date_gmt":"2024-07-11T23:15:11","guid":{"rendered":"https:\/\/apuntesdesanluis.com\/?p=19133"},"modified":"2024-07-12T03:18:49","modified_gmt":"2024-07-12T06:18:49","slug":"inauguraron-remodelacion-de-los-sanitarios-de-la-terminal-de-omnibus","status":"publish","type":"post","link":"https:\/\/apuntesdesanluis.com\/index.php\/2024\/07\/11\/inauguraron-remodelacion-de-los-sanitarios-de-la-terminal-de-omnibus\/","title":{"rendered":"INAUGURARON REMODELACI\u00d3N DE LOS SANITARIOS DE LA TERMINAL DE \u00d3MNIBUS"},"content":{"rendered":"<h3>El acto fue presidido por el intendente <strong>Maximiliano Frontera<\/strong> y cont\u00f3 con la presencia del gobernador <strong>Claudio Poggi<\/strong> como invitado especial.<\/h3>\n<h3>\u201cEl motivo principal de estar aqu\u00ed es porque hace poco tiempo, apenas asumi\u00f3 el Gobernador, se realiz\u00f3 el traspaso de gesti\u00f3n de administraci\u00f3n de la terminal de \u00d3mnibus. La verdad que hace tiempo lo quer\u00edamos hacer, pero no ten\u00edamos la herramienta para poder invertir como se merece nuestra terminal de \u00f3mnibus\u201d, afirm\u00f3 Frontera, y a\u00f1adi\u00f3: \u201cHicimos un an\u00e1lisis de una de las grandes cuestiones y quejas que hab\u00eda, no \u00fanicamente de los mercedinos, sino de los turistas, que era el tema de los sanitarios. Y quiero agradecer al equipo de trabajo, de obras p\u00fablicas, con el acompa\u00f1amiento de la parte privada, porque llamamos a licitaci\u00f3n para realizar esta obra, que fue una inversi\u00f3n de casi 39 millones de pesos\u201d.<\/h3>\n<p><img fetchpriority=\"high\" decoding=\"async\" class=\"wp-image-19135 aligncenter\" src=\"https:\/\/apuntesdesanluis.com\/wp-content\/uploads\/2024\/07\/banos-300x114.png\" alt=\"\" width=\"676\" height=\"257\" srcset=\"https:\/\/apuntesdesanluis.com\/wp-content\/uploads\/2024\/07\/banos-300x114.png 300w, https:\/\/apuntesdesanluis.com\/wp-content\/uploads\/2024\/07\/banos.png 700w\" sizes=\"(max-width: 676px) 100vw, 676px\" \/><\/p>\n<h3>Luego, el jefe comunal firm\u00f3 el decreto para el llamado a licitaci\u00f3n para obras de bacheo, ya que uno de los objetivos que ha fijado la gesti\u00f3n es mejorar el estado de las calles en toda la ciudad.<\/h3>\n<h3>\u201cReci\u00e9n acabo de firmar tres decretos, que son obras que se van a sumar a las ya pactadas con el Gobernador, por el Pacto Provincia-Municipios, donde hoy hay una inversi\u00f3n importante\u201d, explic\u00f3 el intendente, y a\u00f1adi\u00f3: \u201cVamos a hacer un recambio cloacal, varias ramas de Villa Mercedes, vamos a hacer cord\u00f3n cuneta, vamos a instalar m\u00e1s iluminaci\u00f3n por sistema de LED\u201d.<\/h3>\n<h3>Sobre las inversiones, explic\u00f3 que \u201cson tres decretos de 80 millones de pesos de cada uno, o sea, 240 millones de pesos para mejorar el servicio, el sistema de circulaci\u00f3n de la ciudad. Vamos a tapar todos los baches, que es un reclamo de los vecinos\u201d.<\/h3>\n<p>&nbsp;<\/p>\n<p>&nbsp;<\/p>\n<p>&nbsp;<\/p>\n","protected":false},"excerpt":{"rendered":"<p>El acto fue presidido por el intendente Maximiliano Frontera y cont\u00f3 con la presencia del&#8230;<\/p>\n","protected":false},"author":1,"featured_media":19134,"comment_status":"closed","ping_status":"closed","sticky":false,"template":"","format":"standard","meta":{"footnotes":""},"categories":[6],"tags":[],"class_list":["post-19133","post","type-post","status-publish","format-standard","has-post-thumbnail","hentry","category-ciudad-provincia"],"yoast_head":"<!-- This site is optimized with the Yoast SEO plugin v26.1.1 - https:\/\/yoast.com\/wordpress\/plugins\/seo\/ -->\n<title>INAUGURARON REMODELACI\u00d3N DE LOS SANITARIOS DE LA TERMINAL DE \u00d3MNIBUS - Apuntes de San Luis<\/title>\n<meta name=\"robots\" content=\"index, follow, max-snippet:-1, max-image-preview:large, max-video-preview:-1\" \/>\n<link rel=\"canonical\" href=\"https:\/\/apuntesdesanluis.com\/index.php\/2024\/07\/11\/inauguraron-remodelacion-de-los-sanitarios-de-la-terminal-de-omnibus\/\" \/>\n<meta property=\"og:locale\" content=\"es_ES\" \/>\n<meta property=\"og:type\" content=\"article\" \/>\n<meta property=\"og:title\" content=\"INAUGURARON REMODELACI\u00d3N DE LOS SANITARIOS DE LA TERMINAL DE \u00d3MNIBUS - Apuntes de San Luis\" \/>\n<meta property=\"og:description\" content=\"El acto fue presidido por el intendente Maximiliano Frontera y cont\u00f3 con la presencia del...\" \/>\n<meta property=\"og:url\" content=\"https:\/\/apuntesdesanluis.com\/index.php\/2024\/07\/11\/inauguraron-remodelacion-de-los-sanitarios-de-la-terminal-de-omnibus\/\" \/>\n<meta property=\"og:site_name\" content=\"Apuntes de San Luis\" \/>\n<meta property=\"article:published_time\" content=\"2024-07-11T23:15:11+00:00\" \/>\n<meta property=\"article:modified_time\" content=\"2024-07-12T06:18:49+00:00\" \/>\n<meta property=\"og:image\" content=\"https:\/\/apuntesdesanluis.com\/wp-content\/uploads\/2024\/07\/cntas.png\" \/>\n\t<meta property=\"og:image:width\" content=\"600\" \/>\n\t<meta property=\"og:image:height\" content=\"450\" \/>\n\t<meta property=\"og:image:type\" content=\"image\/png\" \/>\n<meta name=\"author\" content=\"apuntesdesanluis.com\" \/>\n<meta name=\"twitter:card\" content=\"summary_large_image\" \/>\n<meta name=\"twitter:label1\" content=\"Escrito por\" \/>\n\t<meta name=\"twitter:data1\" content=\"apuntesdesanluis.com\" \/>\n\t<meta name=\"twitter:label2\" content=\"Tiempo de lectura\" \/>\n\t<meta name=\"twitter:data2\" content=\"2 minutos\" \/>\n<script type=\"application\/ld+json\" class=\"yoast-schema-graph\">{\"@context\":\"https:\/\/schema.org\",\"@graph\":[{\"@type\":\"Article\",\"@id\":\"https:\/\/apuntesdesanluis.com\/index.php\/2024\/07\/11\/inauguraron-remodelacion-de-los-sanitarios-de-la-terminal-de-omnibus\/#article\",\"isPartOf\":{\"@id\":\"https:\/\/apuntesdesanluis.com\/index.php\/2024\/07\/11\/inauguraron-remodelacion-de-los-sanitarios-de-la-terminal-de-omnibus\/\"},\"author\":{\"name\":\"apuntesdesanluis.com\",\"@id\":\"https:\/\/apuntesdesanluis.com\/#\/schema\/person\/b55151d52296fcce64d1a72538a70b90\"},\"headline\":\"INAUGURARON REMODELACI\u00d3N DE LOS SANITARIOS DE LA TERMINAL DE \u00d3MNIBUS\",\"datePublished\":\"2024-07-11T23:15:11+00:00\",\"dateModified\":\"2024-07-12T06:18:49+00:00\",\"mainEntityOfPage\":{\"@id\":\"https:\/\/apuntesdesanluis.com\/index.php\/2024\/07\/11\/inauguraron-remodelacion-de-los-sanitarios-de-la-terminal-de-omnibus\/\"},\"wordCount\":316,\"publisher\":{\"@id\":\"https:\/\/apuntesdesanluis.com\/#\/schema\/person\/b55151d52296fcce64d1a72538a70b90\"},\"image\":{\"@id\":\"https:\/\/apuntesdesanluis.com\/index.php\/2024\/07\/11\/inauguraron-remodelacion-de-los-sanitarios-de-la-terminal-de-omnibus\/#primaryimage\"},\"thumbnailUrl\":\"https:\/\/apuntesdesanluis.com\/wp-content\/uploads\/2024\/07\/cntas.png\",\"articleSection\":[\"Ciudad\/Provincia\"],\"inLanguage\":\"es-AR\"},{\"@type\":\"WebPage\",\"@id\":\"https:\/\/apuntesdesanluis.com\/index.php\/2024\/07\/11\/inauguraron-remodelacion-de-los-sanitarios-de-la-terminal-de-omnibus\/\",\"url\":\"https:\/\/apuntesdesanluis.com\/index.php\/2024\/07\/11\/inauguraron-remodelacion-de-los-sanitarios-de-la-terminal-de-omnibus\/\",\"name\":\"INAUGURARON REMODELACI\u00d3N DE LOS SANITARIOS DE LA TERMINAL DE \u00d3MNIBUS - Apuntes de San Luis\",\"isPartOf\":{\"@id\":\"https:\/\/apuntesdesanluis.com\/#website\"},\"primaryImageOfPage\":{\"@id\":\"https:\/\/apuntesdesanluis.com\/index.php\/2024\/07\/11\/inauguraron-remodelacion-de-los-sanitarios-de-la-terminal-de-omnibus\/#primaryimage\"},\"image\":{\"@id\":\"https:\/\/apuntesdesanluis.com\/index.php\/2024\/07\/11\/inauguraron-remodelacion-de-los-sanitarios-de-la-terminal-de-omnibus\/#primaryimage\"},\"thumbnailUrl\":\"https:\/\/apuntesdesanluis.com\/wp-content\/uploads\/2024\/07\/cntas.png\",\"datePublished\":\"2024-07-11T23:15:11+00:00\",\"dateModified\":\"2024-07-12T06:18:49+00:00\",\"breadcrumb\":{\"@id\":\"https:\/\/apuntesdesanluis.com\/index.php\/2024\/07\/11\/inauguraron-remodelacion-de-los-sanitarios-de-la-terminal-de-omnibus\/#breadcrumb\"},\"inLanguage\":\"es-AR\",\"potentialAction\":[{\"@type\":\"ReadAction\",\"target\":[\"https:\/\/apuntesdesanluis.com\/index.php\/2024\/07\/11\/inauguraron-remodelacion-de-los-sanitarios-de-la-terminal-de-omnibus\/\"]}]},{\"@type\":\"ImageObject\",\"inLanguage\":\"es-AR\",\"@id\":\"https:\/\/apuntesdesanluis.com\/index.php\/2024\/07\/11\/inauguraron-remodelacion-de-los-sanitarios-de-la-terminal-de-omnibus\/#primaryimage\",\"url\":\"https:\/\/apuntesdesanluis.com\/wp-content\/uploads\/2024\/07\/cntas.png\",\"contentUrl\":\"https:\/\/apuntesdesanluis.com\/wp-content\/uploads\/2024\/07\/cntas.png\",\"width\":600,\"height\":450},{\"@type\":\"BreadcrumbList\",\"@id\":\"https:\/\/apuntesdesanluis.com\/index.php\/2024\/07\/11\/inauguraron-remodelacion-de-los-sanitarios-de-la-terminal-de-omnibus\/#breadcrumb\",\"itemListElement\":[{\"@type\":\"ListItem\",\"position\":1,\"name\":\"Inicio\",\"item\":\"https:\/\/apuntesdesanluis.com\/\"},{\"@type\":\"ListItem\",\"position\":2,\"name\":\"INAUGURARON REMODELACI\u00d3N DE LOS SANITARIOS DE LA TERMINAL DE \u00d3MNIBUS\"}]},{\"@type\":\"WebSite\",\"@id\":\"https:\/\/apuntesdesanluis.com\/#website\",\"url\":\"https:\/\/apuntesdesanluis.com\/\",\"name\":\"Apuntes de San Luis\",\"description\":\"\",\"publisher\":{\"@id\":\"https:\/\/apuntesdesanluis.com\/#\/schema\/person\/b55151d52296fcce64d1a72538a70b90\"},\"potentialAction\":[{\"@type\":\"SearchAction\",\"target\":{\"@type\":\"EntryPoint\",\"urlTemplate\":\"https:\/\/apuntesdesanluis.com\/?s={search_term_string}\"},\"query-input\":{\"@type\":\"PropertyValueSpecification\",\"valueRequired\":true,\"valueName\":\"search_term_string\"}}],\"inLanguage\":\"es-AR\"},{\"@type\":[\"Person\",\"Organization\"],\"@id\":\"https:\/\/apuntesdesanluis.com\/#\/schema\/person\/b55151d52296fcce64d1a72538a70b90\",\"name\":\"apuntesdesanluis.com\",\"image\":{\"@type\":\"ImageObject\",\"inLanguage\":\"es-AR\",\"@id\":\"https:\/\/apuntesdesanluis.com\/#\/schema\/person\/image\/\",\"url\":\"https:\/\/apuntesdesanluis.com\/wp-content\/uploads\/2023\/07\/cropped-apuntesdesanluis.png\",\"contentUrl\":\"https:\/\/apuntesdesanluis.com\/wp-content\/uploads\/2023\/07\/cropped-apuntesdesanluis.png\",\"width\":450,\"height\":112,\"caption\":\"apuntesdesanluis.com\"},\"logo\":{\"@id\":\"https:\/\/apuntesdesanluis.com\/#\/schema\/person\/image\/\"},\"sameAs\":[\"https:\/\/apuntesdesanluis.com\"],\"url\":\"https:\/\/apuntesdesanluis.com\/index.php\/author\/apuntesdesanluis-com\/\"}]}<\/script>\n<!-- \/ Yoast SEO plugin. -->","yoast_head_json":{"title":"INAUGURARON REMODELACI\u00d3N DE LOS SANITARIOS DE LA TERMINAL DE \u00d3MNIBUS - Apuntes de San Luis","robots":{"index":"index","follow":"follow","max-snippet":"max-snippet:-1","max-image-preview":"max-image-preview:large","max-video-preview":"max-video-preview:-1"},"canonical":"https:\/\/apuntesdesanluis.com\/index.php\/2024\/07\/11\/inauguraron-remodelacion-de-los-sanitarios-de-la-terminal-de-omnibus\/","og_locale":"es_ES","og_type":"article","og_title":"INAUGURARON REMODELACI\u00d3N DE LOS SANITARIOS DE LA TERMINAL DE \u00d3MNIBUS - Apuntes de San Luis","og_description":"El acto fue presidido por el intendente Maximiliano Frontera y cont\u00f3 con la presencia del...","og_url":"https:\/\/apuntesdesanluis.com\/index.php\/2024\/07\/11\/inauguraron-remodelacion-de-los-sanitarios-de-la-terminal-de-omnibus\/","og_site_name":"Apuntes de San Luis","article_published_time":"2024-07-11T23:15:11+00:00","article_modified_time":"2024-07-12T06:18:49+00:00","og_image":[{"width":600,"height":450,"url":"https:\/\/apuntesdesanluis.com\/wp-content\/uploads\/2024\/07\/cntas.png","type":"image\/png"}],"author":"apuntesdesanluis.com","twitter_card":"summary_large_image","twitter_misc":{"Escrito por":"apuntesdesanluis.com","Tiempo de lectura":"2 minutos"},"schema":{"@context":"https:\/\/schema.org","@graph":[{"@type":"Article","@id":"https:\/\/apuntesdesanluis.com\/index.php\/2024\/07\/11\/inauguraron-remodelacion-de-los-sanitarios-de-la-terminal-de-omnibus\/#article","isPartOf":{"@id":"https:\/\/apuntesdesanluis.com\/index.php\/2024\/07\/11\/inauguraron-remodelacion-de-los-sanitarios-de-la-terminal-de-omnibus\/"},"author":{"name":"apuntesdesanluis.com","@id":"https:\/\/apuntesdesanluis.com\/#\/schema\/person\/b55151d52296fcce64d1a72538a70b90"},"headline":"INAUGURARON REMODELACI\u00d3N DE LOS SANITARIOS DE LA TERMINAL DE \u00d3MNIBUS","datePublished":"2024-07-11T23:15:11+00:00","dateModified":"2024-07-12T06:18:49+00:00","mainEntityOfPage":{"@id":"https:\/\/apuntesdesanluis.com\/index.php\/2024\/07\/11\/inauguraron-remodelacion-de-los-sanitarios-de-la-terminal-de-omnibus\/"},"wordCount":316,"publisher":{"@id":"https:\/\/apuntesdesanluis.com\/#\/schema\/person\/b55151d52296fcce64d1a72538a70b90"},"image":{"@id":"https:\/\/apuntesdesanluis.com\/index.php\/2024\/07\/11\/inauguraron-remodelacion-de-los-sanitarios-de-la-terminal-de-omnibus\/#primaryimage"},"thumbnailUrl":"https:\/\/apuntesdesanluis.com\/wp-content\/uploads\/2024\/07\/cntas.png","articleSection":["Ciudad\/Provincia"],"inLanguage":"es-AR"},{"@type":"WebPage","@id":"https:\/\/apuntesdesanluis.com\/index.php\/2024\/07\/11\/inauguraron-remodelacion-de-los-sanitarios-de-la-terminal-de-omnibus\/","url":"https:\/\/apuntesdesanluis.com\/index.php\/2024\/07\/11\/inauguraron-remodelacion-de-los-sanitarios-de-la-terminal-de-omnibus\/","name":"INAUGURARON REMODELACI\u00d3N DE LOS SANITARIOS DE LA TERMINAL DE \u00d3MNIBUS - Apuntes de San Luis","isPartOf":{"@id":"https:\/\/apuntesdesanluis.com\/#website"},"primaryImageOfPage":{"@id":"https:\/\/apuntesdesanluis.com\/index.php\/2024\/07\/11\/inauguraron-remodelacion-de-los-sanitarios-de-la-terminal-de-omnibus\/#primaryimage"},"image":{"@id":"https:\/\/apuntesdesanluis.com\/index.php\/2024\/07\/11\/inauguraron-remodelacion-de-los-sanitarios-de-la-terminal-de-omnibus\/#primaryimage"},"thumbnailUrl":"https:\/\/apuntesdesanluis.com\/wp-content\/uploads\/2024\/07\/cntas.png","datePublished":"2024-07-11T23:15:11+00:00","dateModified":"2024-07-12T06:18:49+00:00","breadcrumb":{"@id":"https:\/\/apuntesdesanluis.com\/index.php\/2024\/07\/11\/inauguraron-remodelacion-de-los-sanitarios-de-la-terminal-de-omnibus\/#breadcrumb"},"inLanguage":"es-AR","potentialAction":[{"@type":"ReadAction","target":["https:\/\/apuntesdesanluis.com\/index.php\/2024\/07\/11\/inauguraron-remodelacion-de-los-sanitarios-de-la-terminal-de-omnibus\/"]}]},{"@type":"ImageObject","inLanguage":"es-AR","@id":"https:\/\/apuntesdesanluis.com\/index.php\/2024\/07\/11\/inauguraron-remodelacion-de-los-sanitarios-de-la-terminal-de-omnibus\/#primaryimage","url":"https:\/\/apuntesdesanluis.com\/wp-content\/uploads\/2024\/07\/cntas.png","contentUrl":"https:\/\/apuntesdesanluis.com\/wp-content\/uploads\/2024\/07\/cntas.png","width":600,"height":450},{"@type":"BreadcrumbList","@id":"https:\/\/apuntesdesanluis.com\/index.php\/2024\/07\/11\/inauguraron-remodelacion-de-los-sanitarios-de-la-terminal-de-omnibus\/#breadcrumb","itemListElement":[{"@type":"ListItem","position":1,"name":"Inicio","item":"https:\/\/apuntesdesanluis.com\/"},{"@type":"ListItem","position":2,"name":"INAUGURARON REMODELACI\u00d3N DE LOS SANITARIOS DE LA TERMINAL DE \u00d3MNIBUS"}]},{"@type":"WebSite","@id":"https:\/\/apuntesdesanluis.com\/#website","url":"https:\/\/apuntesdesanluis.com\/","name":"Apuntes de San Luis","description":"","publisher":{"@id":"https:\/\/apuntesdesanluis.com\/#\/schema\/person\/b55151d52296fcce64d1a72538a70b90"},"potentialAction":[{"@type":"SearchAction","target":{"@type":"EntryPoint","urlTemplate":"https:\/\/apuntesdesanluis.com\/?s={search_term_string}"},"query-input":{"@type":"PropertyValueSpecification","valueRequired":true,"valueName":"search_term_string"}}],"inLanguage":"es-AR"},{"@type":["Person","Organization"],"@id":"https:\/\/apuntesdesanluis.com\/#\/schema\/person\/b55151d52296fcce64d1a72538a70b90","name":"apuntesdesanluis.com","image":{"@type":"ImageObject","inLanguage":"es-AR","@id":"https:\/\/apuntesdesanluis.com\/#\/schema\/person\/image\/","url":"https:\/\/apuntesdesanluis.com\/wp-content\/uploads\/2023\/07\/cropped-apuntesdesanluis.png","contentUrl":"https:\/\/apuntesdesanluis.com\/wp-content\/uploads\/2023\/07\/cropped-apuntesdesanluis.png","width":450,"height":112,"caption":"apuntesdesanluis.com"},"logo":{"@id":"https:\/\/apuntesdesanluis.com\/#\/schema\/person\/image\/"},"sameAs":["https:\/\/apuntesdesanluis.com"],"url":"https:\/\/apuntesdesanluis.com\/index.php\/author\/apuntesdesanluis-com\/"}]}},"featured_image_urls":{"full":["https:\/\/apuntesdesanluis.com\/wp-content\/uploads\/2024\/07\/cntas.png",600,450,false],"thumbnail":["https:\/\/apuntesdesanluis.com\/wp-content\/uploads\/2024\/07\/cntas-150x150.png",150,150,true],"medium":["https:\/\/apuntesdesanluis.com\/wp-content\/uploads\/2024\/07\/cntas-300x225.png",300,225,true],"medium_large":["https:\/\/apuntesdesanluis.com\/wp-content\/uploads\/2024\/07\/cntas.png",600,450,false],"large":["https:\/\/apuntesdesanluis.com\/wp-content\/uploads\/2024\/07\/cntas.png",600,450,false],"1536x1536":["https:\/\/apuntesdesanluis.com\/wp-content\/uploads\/2024\/07\/cntas.png",600,450,false],"2048x2048":["https:\/\/apuntesdesanluis.com\/wp-content\/uploads\/2024\/07\/cntas.png",600,450,false],"newsever-slider-full":["https:\/\/apuntesdesanluis.com\/wp-content\/uploads\/2024\/07\/cntas.png",600,450,false],"newsever-featured":["https:\/\/apuntesdesanluis.com\/wp-content\/uploads\/2024\/07\/cntas.png",600,450,false],"newsever-medium":["https:\/\/apuntesdesanluis.com\/wp-content\/uploads\/2024\/07\/cntas.png",600,450,false]},"author_info":{"display_name":"apuntesdesanluis.com","author_link":"https:\/\/apuntesdesanluis.com\/index.php\/author\/apuntesdesanluis-com\/"},"category_info":"<a href=\"https:\/\/apuntesdesanluis.com\/index.php\/category\/ciudad-provincia\/\" rel=\"category tag\">Ciudad\/Provincia<\/a>","tag_info":"Ciudad\/Provincia","comment_count":"0","_links":{"self":[{"href":"https:\/\/apuntesdesanluis.com\/index.php\/wp-json\/wp\/v2\/posts\/19133","targetHints":{"allow":["GET"]}}],"collection":[{"href":"https:\/\/apuntesdesanluis.com\/index.php\/wp-json\/wp\/v2\/posts"}],"about":[{"href":"https:\/\/apuntesdesanluis.com\/index.php\/wp-json\/wp\/v2\/types\/post"}],"author":[{"embeddable":true,"href":"https:\/\/apuntesdesanluis.com\/index.php\/wp-json\/wp\/v2\/users\/1"}],"replies":[{"embeddable":true,"href":"https:\/\/apuntesdesanluis.com\/index.php\/wp-json\/wp\/v2\/comments?post=19133"}],"version-history":[{"count":1,"href":"https:\/\/apuntesdesanluis.com\/index.php\/wp-json\/wp\/v2\/posts\/19133\/revisions"}],"predecessor-version":[{"id":19136,"href":"https:\/\/apuntesdesanluis.com\/index.php\/wp-json\/wp\/v2\/posts\/19133\/revisions\/19136"}],"wp:featuredmedia":[{"embeddable":true,"href":"https:\/\/apuntesdesanluis.com\/index.php\/wp-json\/wp\/v2\/media\/19134"}],"wp:attachment":[{"href":"https:\/\/apuntesdesanluis.com\/index.php\/wp-json\/wp\/v2\/media?parent=19133"}],"wp:term":[{"taxonomy":"category","embeddable":true,"href":"https:\/\/apuntesdesanluis.com\/index.php\/wp-json\/wp\/v2\/categories?post=19133"},{"taxonomy":"post_tag","embeddable":true,"href":"https:\/\/apuntesdesanluis.com\/index.php\/wp-json\/wp\/v2\/tags?post=19133"}],"curies":[{"name":"wp","href":"https:\/\/api.w.org\/{rel}","templated":true}]}}