{"id":19137,"date":"2024-07-12T12:09:16","date_gmt":"2024-07-12T15:09:16","guid":{"rendered":"https:\/\/apuntesdesanluis.com\/?p=19137"},"modified":"2024-07-12T21:54:08","modified_gmt":"2024-07-13T00:54:08","slug":"profundo-pesar-por-el-fallecimiento-del-ingeniero-daniel-ardissone","status":"publish","type":"post","link":"https:\/\/apuntesdesanluis.com\/index.php\/2024\/07\/12\/profundo-pesar-por-el-fallecimiento-del-ingeniero-daniel-ardissone\/","title":{"rendered":"PROFUNDO PESAR POR EL FALLECIMIENTO DEL INGENIERO DANIEL ARDISSONE"},"content":{"rendered":"<h3>Producto de un incidente card\u00edaco, falleci\u00f3 en la v\u00edspera el reconocido docente e investigador de Villa Mercedes, Ing. Qu\u00edmico y Mgter. <strong>Daniel Enrique Ardissone<\/strong>.<\/h3>\n<h3>El mismo tuvo una extensa actuaci\u00f3n en el campo de la docencia y la investigaci\u00f3n en la Universidad Nacional de San Luis, donde adem\u00e1s lleg\u00f3 a ocupar la funci\u00f3n de Vice Decano de la FICES.<\/h3>\n<h3>Actualmente estaba a cargo del \u00e1rea Coordinaci\u00f3n de Carreras, de la Secretar\u00eda Acad\u00e9mica de la UPrO. El rector de esta instituci\u00f3n, Ing. <strong>Rudy C\u00e1mera<\/strong>, expres\u00f3 su dolor por esta lamentable p\u00e9rdida y transmiti\u00f3 sus condolencias a sus seres queridos.<\/h3>\n<h3>Por otro lado, el Rector de la UNViMe, Dr. <strong>Marcelo Sosa<\/strong>, y la comunidad universitaria, dieron a conocer su m\u00e1s profundo pesar por el fallecimiento del profesor Daniel Enrique Ardissone, quien se desempe\u00f1ara como Secretario General de esta casa de estudios, en la que actualmente trabaja su hijo, Giuliano Ardissone.<\/h3>\n<h3>La comunidad de la UNViMe hizo llegar a familiares y amigos sus condolencias y deseos de pronta resignaci\u00f3n ante tan dolorosa p\u00e9rdida.<\/h3>\n<h3>La noticia tambi\u00e9n provoc\u00f3 un marcado pesar en la comunidad de la UNSL, en la que Ardissone se desempe\u00f1\u00f3 durante la mayor parte de su vida, como docente, investigador y formador de recursos humanos.<\/h3>\n<h3>Los restos del profesor Daniel Ardissone son velados en la sala Los Palmares, hasta las 16:00 h de este viernes.<\/h3>\n<p>&nbsp;<\/p>\n<p>&nbsp;<\/p>\n<p>&nbsp;<\/p>\n<p>&nbsp;<\/p>\n<p>&nbsp;<\/p>\n<p>&nbsp;<\/p>\n","protected":false},"excerpt":{"rendered":"<p>Producto de un incidente card\u00edaco, falleci\u00f3 en la v\u00edspera el reconocido docente e investigador de&#8230;<\/p>\n","protected":false},"author":1,"featured_media":19138,"comment_status":"closed","ping_status":"closed","sticky":false,"template":"","format":"standard","meta":{"footnotes":""},"categories":[6],"tags":[],"class_list":["post-19137","post","type-post","status-publish","format-standard","has-post-thumbnail","hentry","category-ciudad-provincia"],"yoast_head":"<!-- This site is optimized with the Yoast SEO plugin v26.1.1 - https:\/\/yoast.com\/wordpress\/plugins\/seo\/ -->\n<title>PROFUNDO PESAR POR EL FALLECIMIENTO DEL INGENIERO DANIEL ARDISSONE - Apuntes de San Luis<\/title>\n<meta name=\"robots\" content=\"index, follow, max-snippet:-1, max-image-preview:large, max-video-preview:-1\" \/>\n<link rel=\"canonical\" href=\"https:\/\/apuntesdesanluis.com\/index.php\/2024\/07\/12\/profundo-pesar-por-el-fallecimiento-del-ingeniero-daniel-ardissone\/\" \/>\n<meta property=\"og:locale\" content=\"es_ES\" \/>\n<meta property=\"og:type\" content=\"article\" \/>\n<meta property=\"og:title\" content=\"PROFUNDO PESAR POR EL FALLECIMIENTO DEL INGENIERO DANIEL ARDISSONE - Apuntes de San Luis\" \/>\n<meta property=\"og:description\" content=\"Producto de un incidente card\u00edaco, falleci\u00f3 en la v\u00edspera el reconocido docente e investigador de...\" \/>\n<meta property=\"og:url\" content=\"https:\/\/apuntesdesanluis.com\/index.php\/2024\/07\/12\/profundo-pesar-por-el-fallecimiento-del-ingeniero-daniel-ardissone\/\" \/>\n<meta property=\"og:site_name\" content=\"Apuntes de San Luis\" \/>\n<meta property=\"article:published_time\" content=\"2024-07-12T15:09:16+00:00\" \/>\n<meta property=\"article:modified_time\" content=\"2024-07-13T00:54:08+00:00\" \/>\n<meta property=\"og:image\" content=\"https:\/\/apuntesdesanluis.com\/wp-content\/uploads\/2024\/07\/daniel-ardissone.png\" \/>\n\t<meta property=\"og:image:width\" content=\"578\" \/>\n\t<meta property=\"og:image:height\" content=\"356\" \/>\n\t<meta property=\"og:image:type\" content=\"image\/png\" \/>\n<meta name=\"author\" content=\"apuntesdesanluis.com\" \/>\n<meta name=\"twitter:card\" content=\"summary_large_image\" \/>\n<meta name=\"twitter:label1\" content=\"Escrito por\" \/>\n\t<meta name=\"twitter:data1\" content=\"apuntesdesanluis.com\" \/>\n\t<meta name=\"twitter:label2\" content=\"Tiempo de lectura\" \/>\n\t<meta name=\"twitter:data2\" content=\"2 minutos\" \/>\n<script type=\"application\/ld+json\" class=\"yoast-schema-graph\">{\"@context\":\"https:\/\/schema.org\",\"@graph\":[{\"@type\":\"Article\",\"@id\":\"https:\/\/apuntesdesanluis.com\/index.php\/2024\/07\/12\/profundo-pesar-por-el-fallecimiento-del-ingeniero-daniel-ardissone\/#article\",\"isPartOf\":{\"@id\":\"https:\/\/apuntesdesanluis.com\/index.php\/2024\/07\/12\/profundo-pesar-por-el-fallecimiento-del-ingeniero-daniel-ardissone\/\"},\"author\":{\"name\":\"apuntesdesanluis.com\",\"@id\":\"https:\/\/apuntesdesanluis.com\/#\/schema\/person\/b55151d52296fcce64d1a72538a70b90\"},\"headline\":\"PROFUNDO PESAR POR EL FALLECIMIENTO DEL INGENIERO DANIEL ARDISSONE\",\"datePublished\":\"2024-07-12T15:09:16+00:00\",\"dateModified\":\"2024-07-13T00:54:08+00:00\",\"mainEntityOfPage\":{\"@id\":\"https:\/\/apuntesdesanluis.com\/index.php\/2024\/07\/12\/profundo-pesar-por-el-fallecimiento-del-ingeniero-daniel-ardissone\/\"},\"wordCount\":256,\"publisher\":{\"@id\":\"https:\/\/apuntesdesanluis.com\/#\/schema\/person\/b55151d52296fcce64d1a72538a70b90\"},\"image\":{\"@id\":\"https:\/\/apuntesdesanluis.com\/index.php\/2024\/07\/12\/profundo-pesar-por-el-fallecimiento-del-ingeniero-daniel-ardissone\/#primaryimage\"},\"thumbnailUrl\":\"https:\/\/apuntesdesanluis.com\/wp-content\/uploads\/2024\/07\/daniel-ardissone.png\",\"articleSection\":[\"Ciudad\/Provincia\"],\"inLanguage\":\"es-AR\"},{\"@type\":\"WebPage\",\"@id\":\"https:\/\/apuntesdesanluis.com\/index.php\/2024\/07\/12\/profundo-pesar-por-el-fallecimiento-del-ingeniero-daniel-ardissone\/\",\"url\":\"https:\/\/apuntesdesanluis.com\/index.php\/2024\/07\/12\/profundo-pesar-por-el-fallecimiento-del-ingeniero-daniel-ardissone\/\",\"name\":\"PROFUNDO PESAR POR EL FALLECIMIENTO DEL INGENIERO DANIEL ARDISSONE - Apuntes de San Luis\",\"isPartOf\":{\"@id\":\"https:\/\/apuntesdesanluis.com\/#website\"},\"primaryImageOfPage\":{\"@id\":\"https:\/\/apuntesdesanluis.com\/index.php\/2024\/07\/12\/profundo-pesar-por-el-fallecimiento-del-ingeniero-daniel-ardissone\/#primaryimage\"},\"image\":{\"@id\":\"https:\/\/apuntesdesanluis.com\/index.php\/2024\/07\/12\/profundo-pesar-por-el-fallecimiento-del-ingeniero-daniel-ardissone\/#primaryimage\"},\"thumbnailUrl\":\"https:\/\/apuntesdesanluis.com\/wp-content\/uploads\/2024\/07\/daniel-ardissone.png\",\"datePublished\":\"2024-07-12T15:09:16+00:00\",\"dateModified\":\"2024-07-13T00:54:08+00:00\",\"breadcrumb\":{\"@id\":\"https:\/\/apuntesdesanluis.com\/index.php\/2024\/07\/12\/profundo-pesar-por-el-fallecimiento-del-ingeniero-daniel-ardissone\/#breadcrumb\"},\"inLanguage\":\"es-AR\",\"potentialAction\":[{\"@type\":\"ReadAction\",\"target\":[\"https:\/\/apuntesdesanluis.com\/index.php\/2024\/07\/12\/profundo-pesar-por-el-fallecimiento-del-ingeniero-daniel-ardissone\/\"]}]},{\"@type\":\"ImageObject\",\"inLanguage\":\"es-AR\",\"@id\":\"https:\/\/apuntesdesanluis.com\/index.php\/2024\/07\/12\/profundo-pesar-por-el-fallecimiento-del-ingeniero-daniel-ardissone\/#primaryimage\",\"url\":\"https:\/\/apuntesdesanluis.com\/wp-content\/uploads\/2024\/07\/daniel-ardissone.png\",\"contentUrl\":\"https:\/\/apuntesdesanluis.com\/wp-content\/uploads\/2024\/07\/daniel-ardissone.png\",\"width\":578,\"height\":356},{\"@type\":\"BreadcrumbList\",\"@id\":\"https:\/\/apuntesdesanluis.com\/index.php\/2024\/07\/12\/profundo-pesar-por-el-fallecimiento-del-ingeniero-daniel-ardissone\/#breadcrumb\",\"itemListElement\":[{\"@type\":\"ListItem\",\"position\":1,\"name\":\"Inicio\",\"item\":\"https:\/\/apuntesdesanluis.com\/\"},{\"@type\":\"ListItem\",\"position\":2,\"name\":\"PROFUNDO PESAR POR EL FALLECIMIENTO DEL INGENIERO DANIEL ARDISSONE\"}]},{\"@type\":\"WebSite\",\"@id\":\"https:\/\/apuntesdesanluis.com\/#website\",\"url\":\"https:\/\/apuntesdesanluis.com\/\",\"name\":\"Apuntes de San Luis\",\"description\":\"\",\"publisher\":{\"@id\":\"https:\/\/apuntesdesanluis.com\/#\/schema\/person\/b55151d52296fcce64d1a72538a70b90\"},\"potentialAction\":[{\"@type\":\"SearchAction\",\"target\":{\"@type\":\"EntryPoint\",\"urlTemplate\":\"https:\/\/apuntesdesanluis.com\/?s={search_term_string}\"},\"query-input\":{\"@type\":\"PropertyValueSpecification\",\"valueRequired\":true,\"valueName\":\"search_term_string\"}}],\"inLanguage\":\"es-AR\"},{\"@type\":[\"Person\",\"Organization\"],\"@id\":\"https:\/\/apuntesdesanluis.com\/#\/schema\/person\/b55151d52296fcce64d1a72538a70b90\",\"name\":\"apuntesdesanluis.com\",\"image\":{\"@type\":\"ImageObject\",\"inLanguage\":\"es-AR\",\"@id\":\"https:\/\/apuntesdesanluis.com\/#\/schema\/person\/image\/\",\"url\":\"https:\/\/apuntesdesanluis.com\/wp-content\/uploads\/2023\/07\/cropped-apuntesdesanluis.png\",\"contentUrl\":\"https:\/\/apuntesdesanluis.com\/wp-content\/uploads\/2023\/07\/cropped-apuntesdesanluis.png\",\"width\":450,\"height\":112,\"caption\":\"apuntesdesanluis.com\"},\"logo\":{\"@id\":\"https:\/\/apuntesdesanluis.com\/#\/schema\/person\/image\/\"},\"sameAs\":[\"https:\/\/apuntesdesanluis.com\"],\"url\":\"https:\/\/apuntesdesanluis.com\/index.php\/author\/apuntesdesanluis-com\/\"}]}<\/script>\n<!-- \/ Yoast SEO plugin. -->","yoast_head_json":{"title":"PROFUNDO PESAR POR EL FALLECIMIENTO DEL INGENIERO DANIEL ARDISSONE - Apuntes de San Luis","robots":{"index":"index","follow":"follow","max-snippet":"max-snippet:-1","max-image-preview":"max-image-preview:large","max-video-preview":"max-video-preview:-1"},"canonical":"https:\/\/apuntesdesanluis.com\/index.php\/2024\/07\/12\/profundo-pesar-por-el-fallecimiento-del-ingeniero-daniel-ardissone\/","og_locale":"es_ES","og_type":"article","og_title":"PROFUNDO PESAR POR EL FALLECIMIENTO DEL INGENIERO DANIEL ARDISSONE - Apuntes de San Luis","og_description":"Producto de un incidente card\u00edaco, falleci\u00f3 en la v\u00edspera el reconocido docente e investigador de...","og_url":"https:\/\/apuntesdesanluis.com\/index.php\/2024\/07\/12\/profundo-pesar-por-el-fallecimiento-del-ingeniero-daniel-ardissone\/","og_site_name":"Apuntes de San Luis","article_published_time":"2024-07-12T15:09:16+00:00","article_modified_time":"2024-07-13T00:54:08+00:00","og_image":[{"width":578,"height":356,"url":"https:\/\/apuntesdesanluis.com\/wp-content\/uploads\/2024\/07\/daniel-ardissone.png","type":"image\/png"}],"author":"apuntesdesanluis.com","twitter_card":"summary_large_image","twitter_misc":{"Escrito por":"apuntesdesanluis.com","Tiempo de lectura":"2 minutos"},"schema":{"@context":"https:\/\/schema.org","@graph":[{"@type":"Article","@id":"https:\/\/apuntesdesanluis.com\/index.php\/2024\/07\/12\/profundo-pesar-por-el-fallecimiento-del-ingeniero-daniel-ardissone\/#article","isPartOf":{"@id":"https:\/\/apuntesdesanluis.com\/index.php\/2024\/07\/12\/profundo-pesar-por-el-fallecimiento-del-ingeniero-daniel-ardissone\/"},"author":{"name":"apuntesdesanluis.com","@id":"https:\/\/apuntesdesanluis.com\/#\/schema\/person\/b55151d52296fcce64d1a72538a70b90"},"headline":"PROFUNDO PESAR POR EL FALLECIMIENTO DEL INGENIERO DANIEL ARDISSONE","datePublished":"2024-07-12T15:09:16+00:00","dateModified":"2024-07-13T00:54:08+00:00","mainEntityOfPage":{"@id":"https:\/\/apuntesdesanluis.com\/index.php\/2024\/07\/12\/profundo-pesar-por-el-fallecimiento-del-ingeniero-daniel-ardissone\/"},"wordCount":256,"publisher":{"@id":"https:\/\/apuntesdesanluis.com\/#\/schema\/person\/b55151d52296fcce64d1a72538a70b90"},"image":{"@id":"https:\/\/apuntesdesanluis.com\/index.php\/2024\/07\/12\/profundo-pesar-por-el-fallecimiento-del-ingeniero-daniel-ardissone\/#primaryimage"},"thumbnailUrl":"https:\/\/apuntesdesanluis.com\/wp-content\/uploads\/2024\/07\/daniel-ardissone.png","articleSection":["Ciudad\/Provincia"],"inLanguage":"es-AR"},{"@type":"WebPage","@id":"https:\/\/apuntesdesanluis.com\/index.php\/2024\/07\/12\/profundo-pesar-por-el-fallecimiento-del-ingeniero-daniel-ardissone\/","url":"https:\/\/apuntesdesanluis.com\/index.php\/2024\/07\/12\/profundo-pesar-por-el-fallecimiento-del-ingeniero-daniel-ardissone\/","name":"PROFUNDO PESAR POR EL FALLECIMIENTO DEL INGENIERO DANIEL ARDISSONE - Apuntes de San Luis","isPartOf":{"@id":"https:\/\/apuntesdesanluis.com\/#website"},"primaryImageOfPage":{"@id":"https:\/\/apuntesdesanluis.com\/index.php\/2024\/07\/12\/profundo-pesar-por-el-fallecimiento-del-ingeniero-daniel-ardissone\/#primaryimage"},"image":{"@id":"https:\/\/apuntesdesanluis.com\/index.php\/2024\/07\/12\/profundo-pesar-por-el-fallecimiento-del-ingeniero-daniel-ardissone\/#primaryimage"},"thumbnailUrl":"https:\/\/apuntesdesanluis.com\/wp-content\/uploads\/2024\/07\/daniel-ardissone.png","datePublished":"2024-07-12T15:09:16+00:00","dateModified":"2024-07-13T00:54:08+00:00","breadcrumb":{"@id":"https:\/\/apuntesdesanluis.com\/index.php\/2024\/07\/12\/profundo-pesar-por-el-fallecimiento-del-ingeniero-daniel-ardissone\/#breadcrumb"},"inLanguage":"es-AR","potentialAction":[{"@type":"ReadAction","target":["https:\/\/apuntesdesanluis.com\/index.php\/2024\/07\/12\/profundo-pesar-por-el-fallecimiento-del-ingeniero-daniel-ardissone\/"]}]},{"@type":"ImageObject","inLanguage":"es-AR","@id":"https:\/\/apuntesdesanluis.com\/index.php\/2024\/07\/12\/profundo-pesar-por-el-fallecimiento-del-ingeniero-daniel-ardissone\/#primaryimage","url":"https:\/\/apuntesdesanluis.com\/wp-content\/uploads\/2024\/07\/daniel-ardissone.png","contentUrl":"https:\/\/apuntesdesanluis.com\/wp-content\/uploads\/2024\/07\/daniel-ardissone.png","width":578,"height":356},{"@type":"BreadcrumbList","@id":"https:\/\/apuntesdesanluis.com\/index.php\/2024\/07\/12\/profundo-pesar-por-el-fallecimiento-del-ingeniero-daniel-ardissone\/#breadcrumb","itemListElement":[{"@type":"ListItem","position":1,"name":"Inicio","item":"https:\/\/apuntesdesanluis.com\/"},{"@type":"ListItem","position":2,"name":"PROFUNDO PESAR POR EL FALLECIMIENTO DEL INGENIERO DANIEL ARDISSONE"}]},{"@type":"WebSite","@id":"https:\/\/apuntesdesanluis.com\/#website","url":"https:\/\/apuntesdesanluis.com\/","name":"Apuntes de San Luis","description":"","publisher":{"@id":"https:\/\/apuntesdesanluis.com\/#\/schema\/person\/b55151d52296fcce64d1a72538a70b90"},"potentialAction":[{"@type":"SearchAction","target":{"@type":"EntryPoint","urlTemplate":"https:\/\/apuntesdesanluis.com\/?s={search_term_string}"},"query-input":{"@type":"PropertyValueSpecification","valueRequired":true,"valueName":"search_term_string"}}],"inLanguage":"es-AR"},{"@type":["Person","Organization"],"@id":"https:\/\/apuntesdesanluis.com\/#\/schema\/person\/b55151d52296fcce64d1a72538a70b90","name":"apuntesdesanluis.com","image":{"@type":"ImageObject","inLanguage":"es-AR","@id":"https:\/\/apuntesdesanluis.com\/#\/schema\/person\/image\/","url":"https:\/\/apuntesdesanluis.com\/wp-content\/uploads\/2023\/07\/cropped-apuntesdesanluis.png","contentUrl":"https:\/\/apuntesdesanluis.com\/wp-content\/uploads\/2023\/07\/cropped-apuntesdesanluis.png","width":450,"height":112,"caption":"apuntesdesanluis.com"},"logo":{"@id":"https:\/\/apuntesdesanluis.com\/#\/schema\/person\/image\/"},"sameAs":["https:\/\/apuntesdesanluis.com"],"url":"https:\/\/apuntesdesanluis.com\/index.php\/author\/apuntesdesanluis-com\/"}]}},"featured_image_urls":{"full":["https:\/\/apuntesdesanluis.com\/wp-content\/uploads\/2024\/07\/daniel-ardissone.png",578,356,false],"thumbnail":["https:\/\/apuntesdesanluis.com\/wp-content\/uploads\/2024\/07\/daniel-ardissone-150x150.png",150,150,true],"medium":["https:\/\/apuntesdesanluis.com\/wp-content\/uploads\/2024\/07\/daniel-ardissone-300x185.png",300,185,true],"medium_large":["https:\/\/apuntesdesanluis.com\/wp-content\/uploads\/2024\/07\/daniel-ardissone.png",578,356,false],"large":["https:\/\/apuntesdesanluis.com\/wp-content\/uploads\/2024\/07\/daniel-ardissone.png",578,356,false],"1536x1536":["https:\/\/apuntesdesanluis.com\/wp-content\/uploads\/2024\/07\/daniel-ardissone.png",578,356,false],"2048x2048":["https:\/\/apuntesdesanluis.com\/wp-content\/uploads\/2024\/07\/daniel-ardissone.png",578,356,false],"newsever-slider-full":["https:\/\/apuntesdesanluis.com\/wp-content\/uploads\/2024\/07\/daniel-ardissone.png",578,356,false],"newsever-featured":["https:\/\/apuntesdesanluis.com\/wp-content\/uploads\/2024\/07\/daniel-ardissone.png",578,356,false],"newsever-medium":["https:\/\/apuntesdesanluis.com\/wp-content\/uploads\/2024\/07\/daniel-ardissone.png",578,356,false]},"author_info":{"display_name":"apuntesdesanluis.com","author_link":"https:\/\/apuntesdesanluis.com\/index.php\/author\/apuntesdesanluis-com\/"},"category_info":"<a href=\"https:\/\/apuntesdesanluis.com\/index.php\/category\/ciudad-provincia\/\" rel=\"category tag\">Ciudad\/Provincia<\/a>","tag_info":"Ciudad\/Provincia","comment_count":"0","_links":{"self":[{"href":"https:\/\/apuntesdesanluis.com\/index.php\/wp-json\/wp\/v2\/posts\/19137","targetHints":{"allow":["GET"]}}],"collection":[{"href":"https:\/\/apuntesdesanluis.com\/index.php\/wp-json\/wp\/v2\/posts"}],"about":[{"href":"https:\/\/apuntesdesanluis.com\/index.php\/wp-json\/wp\/v2\/types\/post"}],"author":[{"embeddable":true,"href":"https:\/\/apuntesdesanluis.com\/index.php\/wp-json\/wp\/v2\/users\/1"}],"replies":[{"embeddable":true,"href":"https:\/\/apuntesdesanluis.com\/index.php\/wp-json\/wp\/v2\/comments?post=19137"}],"version-history":[{"count":6,"href":"https:\/\/apuntesdesanluis.com\/index.php\/wp-json\/wp\/v2\/posts\/19137\/revisions"}],"predecessor-version":[{"id":19194,"href":"https:\/\/apuntesdesanluis.com\/index.php\/wp-json\/wp\/v2\/posts\/19137\/revisions\/19194"}],"wp:featuredmedia":[{"embeddable":true,"href":"https:\/\/apuntesdesanluis.com\/index.php\/wp-json\/wp\/v2\/media\/19138"}],"wp:attachment":[{"href":"https:\/\/apuntesdesanluis.com\/index.php\/wp-json\/wp\/v2\/media?parent=19137"}],"wp:term":[{"taxonomy":"category","embeddable":true,"href":"https:\/\/apuntesdesanluis.com\/index.php\/wp-json\/wp\/v2\/categories?post=19137"},{"taxonomy":"post_tag","embeddable":true,"href":"https:\/\/apuntesdesanluis.com\/index.php\/wp-json\/wp\/v2\/tags?post=19137"}],"curies":[{"name":"wp","href":"https:\/\/api.w.org\/{rel}","templated":true}]}}