{"id":1914,"date":"2023-08-22T14:09:04","date_gmt":"2023-08-22T17:09:04","guid":{"rendered":"https:\/\/apuntesdesanluis.com\/?p=1914"},"modified":"2023-08-22T14:09:28","modified_gmt":"2023-08-22T17:09:28","slug":"condena-9-anos-de-prision-por-abusar-sexualmente-de-un-adolescente","status":"publish","type":"post","link":"https:\/\/apuntesdesanluis.com\/index.php\/2023\/08\/22\/condena-9-anos-de-prision-por-abusar-sexualmente-de-un-adolescente\/","title":{"rendered":"CONDENA A 9 A\u00d1OS DE PRISI\u00d3N POR ABUSAR SEXUALMENTE DE UN ADOLESCENTE"},"content":{"rendered":"<h3>Como agravante el tribunal consider\u00f3 el aprovechamiento y\u00a0 la vulnerabilidad de la v\u00edctima.<\/h3>\n<h3>El tribunal integrado por los Dres. Sebasti\u00e1n Cadelago Filippi, Mauro Germ\u00e1n D`Agata Henriquez y Claudia Ucello dio a conocer, este martes el veredicto en el marco de un debate oral en donde se juzg\u00f3 a un hombre por un delito contra la integridad sexual en perjuicio de un adolescente, hecho que fue denunciado en mayo del 2020.<\/h3>\n<h3>El hombre fue declarado autor penalmente responsable del delito de abuso sexual con acceso carnal (art. 119, 3 p\u00e1rrafo y 45 C\u00f3digo Penal) y condenado a nueve a\u00f1os de prisi\u00f3n de cumplimiento efectivo. Como agravante el tribunal consider\u00f3 el aprovechamiento y\u00a0 la vulnerabilidad de la v\u00edctima<\/h3>\n<h3>Como Fiscal de Juicio intervino el Dr. N\u00e9stor Lucero. En representaci\u00f3n del particular damnificado la Dra. Micaela Eguinoa. Intervinieron como defensores del acusado, los Dres. Hugo Scarso y Hern\u00e1n Garoglio.<\/h3>\n<h3>Por tratarse de un delito en perjuicio de una persona menor de 18 a\u00f1os, no se consignan los datos identificatorios de las partes a fin de preservar el derecho a la intimidad, privacidad y confidencialidad de la v\u00edctima (Art.22 Ley 26.061).<\/h3>\n","protected":false},"excerpt":{"rendered":"<p>Como agravante el tribunal consider\u00f3 el aprovechamiento y\u00a0 la vulnerabilidad de la v\u00edctima. El tribunal&#8230;<\/p>\n","protected":false},"author":1,"featured_media":1915,"comment_status":"closed","ping_status":"closed","sticky":false,"template":"","format":"standard","meta":{"footnotes":""},"categories":[6],"tags":[],"class_list":["post-1914","post","type-post","status-publish","format-standard","has-post-thumbnail","hentry","category-ciudad-provincia"],"yoast_head":"<!-- This site is optimized with the Yoast SEO plugin v26.1.1 - https:\/\/yoast.com\/wordpress\/plugins\/seo\/ -->\n<title>CONDENA A 9 A\u00d1OS DE PRISI\u00d3N POR ABUSAR SEXUALMENTE DE UN ADOLESCENTE - Apuntes de San Luis<\/title>\n<meta name=\"robots\" content=\"index, follow, max-snippet:-1, max-image-preview:large, max-video-preview:-1\" \/>\n<link rel=\"canonical\" href=\"https:\/\/apuntesdesanluis.com\/index.php\/2023\/08\/22\/condena-9-anos-de-prision-por-abusar-sexualmente-de-un-adolescente\/\" \/>\n<meta property=\"og:locale\" content=\"es_ES\" \/>\n<meta property=\"og:type\" content=\"article\" \/>\n<meta property=\"og:title\" content=\"CONDENA A 9 A\u00d1OS DE PRISI\u00d3N POR ABUSAR SEXUALMENTE DE UN ADOLESCENTE - Apuntes de San Luis\" \/>\n<meta property=\"og:description\" content=\"Como agravante el tribunal consider\u00f3 el aprovechamiento y\u00a0 la vulnerabilidad de la v\u00edctima. El tribunal...\" \/>\n<meta property=\"og:url\" content=\"https:\/\/apuntesdesanluis.com\/index.php\/2023\/08\/22\/condena-9-anos-de-prision-por-abusar-sexualmente-de-un-adolescente\/\" \/>\n<meta property=\"og:site_name\" content=\"Apuntes de San Luis\" \/>\n<meta property=\"article:published_time\" content=\"2023-08-22T17:09:04+00:00\" \/>\n<meta property=\"article:modified_time\" content=\"2023-08-22T17:09:28+00:00\" \/>\n<meta property=\"og:image\" content=\"https:\/\/apuntesdesanluis.com\/wp-content\/uploads\/2023\/08\/juicio-5.png\" \/>\n\t<meta property=\"og:image:width\" content=\"544\" \/>\n\t<meta property=\"og:image:height\" content=\"347\" \/>\n\t<meta property=\"og:image:type\" content=\"image\/png\" \/>\n<meta name=\"author\" content=\"apuntesdesanluis.com\" \/>\n<meta name=\"twitter:card\" content=\"summary_large_image\" \/>\n<meta name=\"twitter:label1\" content=\"Escrito por\" \/>\n\t<meta name=\"twitter:data1\" content=\"apuntesdesanluis.com\" \/>\n\t<meta name=\"twitter:label2\" content=\"Tiempo de lectura\" \/>\n\t<meta name=\"twitter:data2\" content=\"1 minuto\" \/>\n<script type=\"application\/ld+json\" class=\"yoast-schema-graph\">{\"@context\":\"https:\/\/schema.org\",\"@graph\":[{\"@type\":\"Article\",\"@id\":\"https:\/\/apuntesdesanluis.com\/index.php\/2023\/08\/22\/condena-9-anos-de-prision-por-abusar-sexualmente-de-un-adolescente\/#article\",\"isPartOf\":{\"@id\":\"https:\/\/apuntesdesanluis.com\/index.php\/2023\/08\/22\/condena-9-anos-de-prision-por-abusar-sexualmente-de-un-adolescente\/\"},\"author\":{\"name\":\"apuntesdesanluis.com\",\"@id\":\"https:\/\/apuntesdesanluis.com\/#\/schema\/person\/b55151d52296fcce64d1a72538a70b90\"},\"headline\":\"CONDENA A 9 A\u00d1OS DE PRISI\u00d3N POR ABUSAR SEXUALMENTE DE UN ADOLESCENTE\",\"datePublished\":\"2023-08-22T17:09:04+00:00\",\"dateModified\":\"2023-08-22T17:09:28+00:00\",\"mainEntityOfPage\":{\"@id\":\"https:\/\/apuntesdesanluis.com\/index.php\/2023\/08\/22\/condena-9-anos-de-prision-por-abusar-sexualmente-de-un-adolescente\/\"},\"wordCount\":208,\"publisher\":{\"@id\":\"https:\/\/apuntesdesanluis.com\/#\/schema\/person\/b55151d52296fcce64d1a72538a70b90\"},\"image\":{\"@id\":\"https:\/\/apuntesdesanluis.com\/index.php\/2023\/08\/22\/condena-9-anos-de-prision-por-abusar-sexualmente-de-un-adolescente\/#primaryimage\"},\"thumbnailUrl\":\"https:\/\/apuntesdesanluis.com\/wp-content\/uploads\/2023\/08\/juicio-5.png\",\"articleSection\":[\"Ciudad\/Provincia\"],\"inLanguage\":\"es-AR\"},{\"@type\":\"WebPage\",\"@id\":\"https:\/\/apuntesdesanluis.com\/index.php\/2023\/08\/22\/condena-9-anos-de-prision-por-abusar-sexualmente-de-un-adolescente\/\",\"url\":\"https:\/\/apuntesdesanluis.com\/index.php\/2023\/08\/22\/condena-9-anos-de-prision-por-abusar-sexualmente-de-un-adolescente\/\",\"name\":\"CONDENA A 9 A\u00d1OS DE PRISI\u00d3N POR ABUSAR SEXUALMENTE DE UN ADOLESCENTE - Apuntes de San Luis\",\"isPartOf\":{\"@id\":\"https:\/\/apuntesdesanluis.com\/#website\"},\"primaryImageOfPage\":{\"@id\":\"https:\/\/apuntesdesanluis.com\/index.php\/2023\/08\/22\/condena-9-anos-de-prision-por-abusar-sexualmente-de-un-adolescente\/#primaryimage\"},\"image\":{\"@id\":\"https:\/\/apuntesdesanluis.com\/index.php\/2023\/08\/22\/condena-9-anos-de-prision-por-abusar-sexualmente-de-un-adolescente\/#primaryimage\"},\"thumbnailUrl\":\"https:\/\/apuntesdesanluis.com\/wp-content\/uploads\/2023\/08\/juicio-5.png\",\"datePublished\":\"2023-08-22T17:09:04+00:00\",\"dateModified\":\"2023-08-22T17:09:28+00:00\",\"breadcrumb\":{\"@id\":\"https:\/\/apuntesdesanluis.com\/index.php\/2023\/08\/22\/condena-9-anos-de-prision-por-abusar-sexualmente-de-un-adolescente\/#breadcrumb\"},\"inLanguage\":\"es-AR\",\"potentialAction\":[{\"@type\":\"ReadAction\",\"target\":[\"https:\/\/apuntesdesanluis.com\/index.php\/2023\/08\/22\/condena-9-anos-de-prision-por-abusar-sexualmente-de-un-adolescente\/\"]}]},{\"@type\":\"ImageObject\",\"inLanguage\":\"es-AR\",\"@id\":\"https:\/\/apuntesdesanluis.com\/index.php\/2023\/08\/22\/condena-9-anos-de-prision-por-abusar-sexualmente-de-un-adolescente\/#primaryimage\",\"url\":\"https:\/\/apuntesdesanluis.com\/wp-content\/uploads\/2023\/08\/juicio-5.png\",\"contentUrl\":\"https:\/\/apuntesdesanluis.com\/wp-content\/uploads\/2023\/08\/juicio-5.png\",\"width\":544,\"height\":347},{\"@type\":\"BreadcrumbList\",\"@id\":\"https:\/\/apuntesdesanluis.com\/index.php\/2023\/08\/22\/condena-9-anos-de-prision-por-abusar-sexualmente-de-un-adolescente\/#breadcrumb\",\"itemListElement\":[{\"@type\":\"ListItem\",\"position\":1,\"name\":\"Inicio\",\"item\":\"https:\/\/apuntesdesanluis.com\/\"},{\"@type\":\"ListItem\",\"position\":2,\"name\":\"CONDENA A 9 A\u00d1OS DE PRISI\u00d3N POR ABUSAR SEXUALMENTE DE UN ADOLESCENTE\"}]},{\"@type\":\"WebSite\",\"@id\":\"https:\/\/apuntesdesanluis.com\/#website\",\"url\":\"https:\/\/apuntesdesanluis.com\/\",\"name\":\"Apuntes de San Luis\",\"description\":\"\",\"publisher\":{\"@id\":\"https:\/\/apuntesdesanluis.com\/#\/schema\/person\/b55151d52296fcce64d1a72538a70b90\"},\"potentialAction\":[{\"@type\":\"SearchAction\",\"target\":{\"@type\":\"EntryPoint\",\"urlTemplate\":\"https:\/\/apuntesdesanluis.com\/?s={search_term_string}\"},\"query-input\":{\"@type\":\"PropertyValueSpecification\",\"valueRequired\":true,\"valueName\":\"search_term_string\"}}],\"inLanguage\":\"es-AR\"},{\"@type\":[\"Person\",\"Organization\"],\"@id\":\"https:\/\/apuntesdesanluis.com\/#\/schema\/person\/b55151d52296fcce64d1a72538a70b90\",\"name\":\"apuntesdesanluis.com\",\"image\":{\"@type\":\"ImageObject\",\"inLanguage\":\"es-AR\",\"@id\":\"https:\/\/apuntesdesanluis.com\/#\/schema\/person\/image\/\",\"url\":\"https:\/\/apuntesdesanluis.com\/wp-content\/uploads\/2023\/07\/cropped-apuntesdesanluis.png\",\"contentUrl\":\"https:\/\/apuntesdesanluis.com\/wp-content\/uploads\/2023\/07\/cropped-apuntesdesanluis.png\",\"width\":450,\"height\":112,\"caption\":\"apuntesdesanluis.com\"},\"logo\":{\"@id\":\"https:\/\/apuntesdesanluis.com\/#\/schema\/person\/image\/\"},\"sameAs\":[\"https:\/\/apuntesdesanluis.com\"],\"url\":\"https:\/\/apuntesdesanluis.com\/index.php\/author\/apuntesdesanluis-com\/\"}]}<\/script>\n<!-- \/ Yoast SEO plugin. -->","yoast_head_json":{"title":"CONDENA A 9 A\u00d1OS DE PRISI\u00d3N POR ABUSAR SEXUALMENTE DE UN ADOLESCENTE - Apuntes de San Luis","robots":{"index":"index","follow":"follow","max-snippet":"max-snippet:-1","max-image-preview":"max-image-preview:large","max-video-preview":"max-video-preview:-1"},"canonical":"https:\/\/apuntesdesanluis.com\/index.php\/2023\/08\/22\/condena-9-anos-de-prision-por-abusar-sexualmente-de-un-adolescente\/","og_locale":"es_ES","og_type":"article","og_title":"CONDENA A 9 A\u00d1OS DE PRISI\u00d3N POR ABUSAR SEXUALMENTE DE UN ADOLESCENTE - Apuntes de San Luis","og_description":"Como agravante el tribunal consider\u00f3 el aprovechamiento y\u00a0 la vulnerabilidad de la v\u00edctima. El tribunal...","og_url":"https:\/\/apuntesdesanluis.com\/index.php\/2023\/08\/22\/condena-9-anos-de-prision-por-abusar-sexualmente-de-un-adolescente\/","og_site_name":"Apuntes de San Luis","article_published_time":"2023-08-22T17:09:04+00:00","article_modified_time":"2023-08-22T17:09:28+00:00","og_image":[{"width":544,"height":347,"url":"https:\/\/apuntesdesanluis.com\/wp-content\/uploads\/2023\/08\/juicio-5.png","type":"image\/png"}],"author":"apuntesdesanluis.com","twitter_card":"summary_large_image","twitter_misc":{"Escrito por":"apuntesdesanluis.com","Tiempo de lectura":"1 minuto"},"schema":{"@context":"https:\/\/schema.org","@graph":[{"@type":"Article","@id":"https:\/\/apuntesdesanluis.com\/index.php\/2023\/08\/22\/condena-9-anos-de-prision-por-abusar-sexualmente-de-un-adolescente\/#article","isPartOf":{"@id":"https:\/\/apuntesdesanluis.com\/index.php\/2023\/08\/22\/condena-9-anos-de-prision-por-abusar-sexualmente-de-un-adolescente\/"},"author":{"name":"apuntesdesanluis.com","@id":"https:\/\/apuntesdesanluis.com\/#\/schema\/person\/b55151d52296fcce64d1a72538a70b90"},"headline":"CONDENA A 9 A\u00d1OS DE PRISI\u00d3N POR ABUSAR SEXUALMENTE DE UN ADOLESCENTE","datePublished":"2023-08-22T17:09:04+00:00","dateModified":"2023-08-22T17:09:28+00:00","mainEntityOfPage":{"@id":"https:\/\/apuntesdesanluis.com\/index.php\/2023\/08\/22\/condena-9-anos-de-prision-por-abusar-sexualmente-de-un-adolescente\/"},"wordCount":208,"publisher":{"@id":"https:\/\/apuntesdesanluis.com\/#\/schema\/person\/b55151d52296fcce64d1a72538a70b90"},"image":{"@id":"https:\/\/apuntesdesanluis.com\/index.php\/2023\/08\/22\/condena-9-anos-de-prision-por-abusar-sexualmente-de-un-adolescente\/#primaryimage"},"thumbnailUrl":"https:\/\/apuntesdesanluis.com\/wp-content\/uploads\/2023\/08\/juicio-5.png","articleSection":["Ciudad\/Provincia"],"inLanguage":"es-AR"},{"@type":"WebPage","@id":"https:\/\/apuntesdesanluis.com\/index.php\/2023\/08\/22\/condena-9-anos-de-prision-por-abusar-sexualmente-de-un-adolescente\/","url":"https:\/\/apuntesdesanluis.com\/index.php\/2023\/08\/22\/condena-9-anos-de-prision-por-abusar-sexualmente-de-un-adolescente\/","name":"CONDENA A 9 A\u00d1OS DE PRISI\u00d3N POR ABUSAR SEXUALMENTE DE UN ADOLESCENTE - Apuntes de San Luis","isPartOf":{"@id":"https:\/\/apuntesdesanluis.com\/#website"},"primaryImageOfPage":{"@id":"https:\/\/apuntesdesanluis.com\/index.php\/2023\/08\/22\/condena-9-anos-de-prision-por-abusar-sexualmente-de-un-adolescente\/#primaryimage"},"image":{"@id":"https:\/\/apuntesdesanluis.com\/index.php\/2023\/08\/22\/condena-9-anos-de-prision-por-abusar-sexualmente-de-un-adolescente\/#primaryimage"},"thumbnailUrl":"https:\/\/apuntesdesanluis.com\/wp-content\/uploads\/2023\/08\/juicio-5.png","datePublished":"2023-08-22T17:09:04+00:00","dateModified":"2023-08-22T17:09:28+00:00","breadcrumb":{"@id":"https:\/\/apuntesdesanluis.com\/index.php\/2023\/08\/22\/condena-9-anos-de-prision-por-abusar-sexualmente-de-un-adolescente\/#breadcrumb"},"inLanguage":"es-AR","potentialAction":[{"@type":"ReadAction","target":["https:\/\/apuntesdesanluis.com\/index.php\/2023\/08\/22\/condena-9-anos-de-prision-por-abusar-sexualmente-de-un-adolescente\/"]}]},{"@type":"ImageObject","inLanguage":"es-AR","@id":"https:\/\/apuntesdesanluis.com\/index.php\/2023\/08\/22\/condena-9-anos-de-prision-por-abusar-sexualmente-de-un-adolescente\/#primaryimage","url":"https:\/\/apuntesdesanluis.com\/wp-content\/uploads\/2023\/08\/juicio-5.png","contentUrl":"https:\/\/apuntesdesanluis.com\/wp-content\/uploads\/2023\/08\/juicio-5.png","width":544,"height":347},{"@type":"BreadcrumbList","@id":"https:\/\/apuntesdesanluis.com\/index.php\/2023\/08\/22\/condena-9-anos-de-prision-por-abusar-sexualmente-de-un-adolescente\/#breadcrumb","itemListElement":[{"@type":"ListItem","position":1,"name":"Inicio","item":"https:\/\/apuntesdesanluis.com\/"},{"@type":"ListItem","position":2,"name":"CONDENA A 9 A\u00d1OS DE PRISI\u00d3N POR ABUSAR SEXUALMENTE DE UN ADOLESCENTE"}]},{"@type":"WebSite","@id":"https:\/\/apuntesdesanluis.com\/#website","url":"https:\/\/apuntesdesanluis.com\/","name":"Apuntes de San Luis","description":"","publisher":{"@id":"https:\/\/apuntesdesanluis.com\/#\/schema\/person\/b55151d52296fcce64d1a72538a70b90"},"potentialAction":[{"@type":"SearchAction","target":{"@type":"EntryPoint","urlTemplate":"https:\/\/apuntesdesanluis.com\/?s={search_term_string}"},"query-input":{"@type":"PropertyValueSpecification","valueRequired":true,"valueName":"search_term_string"}}],"inLanguage":"es-AR"},{"@type":["Person","Organization"],"@id":"https:\/\/apuntesdesanluis.com\/#\/schema\/person\/b55151d52296fcce64d1a72538a70b90","name":"apuntesdesanluis.com","image":{"@type":"ImageObject","inLanguage":"es-AR","@id":"https:\/\/apuntesdesanluis.com\/#\/schema\/person\/image\/","url":"https:\/\/apuntesdesanluis.com\/wp-content\/uploads\/2023\/07\/cropped-apuntesdesanluis.png","contentUrl":"https:\/\/apuntesdesanluis.com\/wp-content\/uploads\/2023\/07\/cropped-apuntesdesanluis.png","width":450,"height":112,"caption":"apuntesdesanluis.com"},"logo":{"@id":"https:\/\/apuntesdesanluis.com\/#\/schema\/person\/image\/"},"sameAs":["https:\/\/apuntesdesanluis.com"],"url":"https:\/\/apuntesdesanluis.com\/index.php\/author\/apuntesdesanluis-com\/"}]}},"featured_image_urls":{"full":["https:\/\/apuntesdesanluis.com\/wp-content\/uploads\/2023\/08\/juicio-5.png",544,347,false],"thumbnail":["https:\/\/apuntesdesanluis.com\/wp-content\/uploads\/2023\/08\/juicio-5-150x150.png",150,150,true],"medium":["https:\/\/apuntesdesanluis.com\/wp-content\/uploads\/2023\/08\/juicio-5-300x191.png",300,191,true],"medium_large":["https:\/\/apuntesdesanluis.com\/wp-content\/uploads\/2023\/08\/juicio-5.png",544,347,false],"large":["https:\/\/apuntesdesanluis.com\/wp-content\/uploads\/2023\/08\/juicio-5.png",544,347,false],"1536x1536":["https:\/\/apuntesdesanluis.com\/wp-content\/uploads\/2023\/08\/juicio-5.png",544,347,false],"2048x2048":["https:\/\/apuntesdesanluis.com\/wp-content\/uploads\/2023\/08\/juicio-5.png",544,347,false],"newsever-slider-full":["https:\/\/apuntesdesanluis.com\/wp-content\/uploads\/2023\/08\/juicio-5.png",544,347,false],"newsever-featured":["https:\/\/apuntesdesanluis.com\/wp-content\/uploads\/2023\/08\/juicio-5.png",544,347,false],"newsever-medium":["https:\/\/apuntesdesanluis.com\/wp-content\/uploads\/2023\/08\/juicio-5.png",544,347,false]},"author_info":{"display_name":"apuntesdesanluis.com","author_link":"https:\/\/apuntesdesanluis.com\/index.php\/author\/apuntesdesanluis-com\/"},"category_info":"<a href=\"https:\/\/apuntesdesanluis.com\/index.php\/category\/ciudad-provincia\/\" rel=\"category tag\">Ciudad\/Provincia<\/a>","tag_info":"Ciudad\/Provincia","comment_count":"0","_links":{"self":[{"href":"https:\/\/apuntesdesanluis.com\/index.php\/wp-json\/wp\/v2\/posts\/1914","targetHints":{"allow":["GET"]}}],"collection":[{"href":"https:\/\/apuntesdesanluis.com\/index.php\/wp-json\/wp\/v2\/posts"}],"about":[{"href":"https:\/\/apuntesdesanluis.com\/index.php\/wp-json\/wp\/v2\/types\/post"}],"author":[{"embeddable":true,"href":"https:\/\/apuntesdesanluis.com\/index.php\/wp-json\/wp\/v2\/users\/1"}],"replies":[{"embeddable":true,"href":"https:\/\/apuntesdesanluis.com\/index.php\/wp-json\/wp\/v2\/comments?post=1914"}],"version-history":[{"count":2,"href":"https:\/\/apuntesdesanluis.com\/index.php\/wp-json\/wp\/v2\/posts\/1914\/revisions"}],"predecessor-version":[{"id":1917,"href":"https:\/\/apuntesdesanluis.com\/index.php\/wp-json\/wp\/v2\/posts\/1914\/revisions\/1917"}],"wp:featuredmedia":[{"embeddable":true,"href":"https:\/\/apuntesdesanluis.com\/index.php\/wp-json\/wp\/v2\/media\/1915"}],"wp:attachment":[{"href":"https:\/\/apuntesdesanluis.com\/index.php\/wp-json\/wp\/v2\/media?parent=1914"}],"wp:term":[{"taxonomy":"category","embeddable":true,"href":"https:\/\/apuntesdesanluis.com\/index.php\/wp-json\/wp\/v2\/categories?post=1914"},{"taxonomy":"post_tag","embeddable":true,"href":"https:\/\/apuntesdesanluis.com\/index.php\/wp-json\/wp\/v2\/tags?post=1914"}],"curies":[{"name":"wp","href":"https:\/\/api.w.org\/{rel}","templated":true}]}}