{"id":19146,"date":"2024-07-12T12:47:01","date_gmt":"2024-07-12T15:47:01","guid":{"rendered":"https:\/\/apuntesdesanluis.com\/?p=19146"},"modified":"2024-07-12T22:16:25","modified_gmt":"2024-07-13T01:16:25","slug":"los-costosos-viajes-presidenciales-sin-muchos-justificativos","status":"publish","type":"post","link":"https:\/\/apuntesdesanluis.com\/index.php\/2024\/07\/12\/los-costosos-viajes-presidenciales-sin-muchos-justificativos\/","title":{"rendered":"LOS COSTOSOS VIAJES PRESIDENCIALES SIN MUCHOS JUSTIFICATIVOS"},"content":{"rendered":"<h3>El presidente <strong>Javier Milei<\/strong> se encuentra en Estados Unidos, en lo que configura su quinta visita, para participar de una conferencia de multimillonarios que se realiza en el estado de Idaho, tras viajar en un costoso vuelo charter. Informe especial sobre esta adicci\u00f3n a viajar al exterior y el costo que implica para las arcas p\u00fablicas que dice cuidar. Por ahora, las inversiones no aparecen, como para justificar tanto regodeo con los ricos del primer mundo.<\/h3>\n<h3>Con este, Milei acumula cinco viajes a Estados Unidos en lo que va de su gesti\u00f3n. Inici\u00f3 esa agenda en Washington DC, cuando el 23 de febrero concret\u00f3 el primer cruce con Donald Trump en el marco de la Conferencia de Pol\u00edtica de Acci\u00f3n Conservadora (CPAC); y algunos meses m\u00e1s tarde en Miami, donde fue condecorado por la organizaci\u00f3n Jabad Lubavitch y visit\u00f3 la f\u00e1brica de Tesla para un encuentro con el empresario Elon Musk.<\/h3>\n<p><img fetchpriority=\"high\" decoding=\"async\" class=\"wp-image-15682 aligncenter\" src=\"https:\/\/apuntesdesanluis.com\/wp-content\/uploads\/2024\/05\/MILEI-Y-MUSK-300x201.png\" alt=\"\" width=\"571\" height=\"383\" srcset=\"https:\/\/apuntesdesanluis.com\/wp-content\/uploads\/2024\/05\/MILEI-Y-MUSK-300x201.png 300w, https:\/\/apuntesdesanluis.com\/wp-content\/uploads\/2024\/05\/MILEI-Y-MUSK.png 686w\" sizes=\"(max-width: 571px) 100vw, 571px\" \/><\/p>\n<h3>Por su parte, el tercer destino fue Los \u00c1ngeles: all\u00ed volvi\u00f3 a reunirse con Musk y disert\u00f3 en una conferencia del Instituto Milken. Hace algunos meses, el 28 de junio, dio el presente en una convenci\u00f3n de empresarios en San Francisco y se retrat\u00f3 junto a Zuckerberg.<\/h3>\n<h3>En una nueva escapada fugaz, el pasado fin de semana el jefe de Estado tambi\u00e9n vol\u00f3 a Brasil para entrevistarse con el expresidente Jair Bolsonaro y disertar en la Conferencia de Pol\u00edtica de Acci\u00f3n Conservadora (CPAC) que se realiz\u00f3 en la ciudad de Cambori\u00fa.<\/h3>\n<h3>Extra\u00f1o comportamiento en alguien que permanentemente habla de bajar el gasto p\u00fablico, despotrica contra la casta pol\u00edtica y sus privilegios y afirma que &#8220;no hay plata&#8221; cuando se reclama mayor presupuesto para salud, educaci\u00f3n o mejorar salarios de los docentes universitarios, por citar algunos ejemplos.<\/h3>\n<h3><strong>INFORME<\/strong><\/h3>\n<h3>Hace cinco d\u00edas el diario P\u00e1gina 12 dio a conocer un informe titulado: \u201cMilei viaja con la nuestra: aviones privados, hoteles 5 estrellas y una millonada en vi\u00e1ticos\u201d.<\/h3>\n<h3>En la nota se publica que Javier Milei acumul\u00f3 en sus primeros seis meses m\u00e1s de 120 mil millas en avi\u00f3n, casi cinco vueltas al mundo. Este diario tuvo acceso a los costos de varias de sus traves\u00edas: se usaron 650 millones de pesos para que reciba una distinci\u00f3n de un grupo ortodoxo jud\u00edo en Miami o que viaje, con una extensa comitiva, a una cumbre ultraderechista en Madrid. Las giras &#8220;personales&#8221; fueron mucho m\u00e1s costosas para las arcas p\u00fablicas que las que tuvieron alguna justificaci\u00f3n institucional.<\/h3>\n<h3>Las valijas llenas de premios, dos fotos con Elon Musk, otra con Donald Trump, m\u00e1s de 120 mil millas recorridas \u2013cinco vueltas completas al globo\u2013, un conflicto diplom\u00e1tico abierto con Espa\u00f1a y m\u00e1s de 650 millones de pesos de las arcas del Estado gastados por las distintas comitivas \u2013al menos hasta el mes de mayo\u2013 es el saldo que dejan las giras de Javier Milei por el exterior en lo que va de su mandato. A juzgar por los resultados de su pol\u00edtica exterior, puede decirse que el Presidente invirti\u00f3 el tiempo y los fondos p\u00fablicos que requirieron sus viajes mucho m\u00e1s en \u00e9l mismo \u2013en posicionar su figura en el mapa de la derecha global\u2013 que en conseguir beneficios para el pa\u00eds. Algo que volver\u00e1 a repetirse este domingo, cuando le estreche la mano a Jair Bolsonaro en una cumbre en Cambori\u00fa de la Conferencia Pol\u00edtica de Acci\u00f3n Conservadora (CPAC) para terminar de dinamitar la compleja relaci\u00f3n con Lula y el gobierno brasile\u00f1o.<\/h3>\n<p><img decoding=\"async\" class=\"wp-image-15727 aligncenter\" src=\"https:\/\/apuntesdesanluis.com\/wp-content\/uploads\/2024\/05\/MILEI-CON-INFANTINO-300x170.png\" alt=\"\" width=\"637\" height=\"361\" srcset=\"https:\/\/apuntesdesanluis.com\/wp-content\/uploads\/2024\/05\/MILEI-CON-INFANTINO-300x170.png 300w, https:\/\/apuntesdesanluis.com\/wp-content\/uploads\/2024\/05\/MILEI-CON-INFANTINO.png 767w\" sizes=\"(max-width: 637px) 100vw, 637px\" \/><\/p>\n<h3><strong>LUJOSOS HOTELES<\/strong><\/h3>\n<h3>De acuerdo a informaci\u00f3n p\u00fablica solicitada por P\u00e1gina\/12, precisamente tres de las giras m\u00e1s costosas fueron aquellas que el libertario emprendi\u00f3 con un objetivo personal o estrictamente pol\u00edtico partidario.La primera de las visitas a Madrid, del 16 al 20 de mayo, cost\u00f3 m\u00e1s de 193 millones de pesos. Milei se aloj\u00f3 junto a su comitiva en el exclusivo Hotel Hyatt Regency Hesperia durante tres noches, lo que represent\u00f3 un gasto de poco m\u00e1s de $6 millones. El traslado, a bordo de la flota presidencial, insumi\u00f3 otros $156 millones, m\u00e1s otros 3 millones en pasajes varios. El resto, $34 millones m\u00e1s, se fue en vi\u00e1ticos. El saldo: la presentaci\u00f3n de su libro \u201cEl Camino del Libertario\u201d, un discurso en el acto \u201cEuropa Viva 2024\u201d, organizado por su amigo Santiago Abascal (m\u00e1ximo referente del partido de ultraderecha Vox), y un almuerzo con empresarios, los mismos que m\u00e1s tarde le reprocharon en duros t\u00e9rminos haberse enfrentado con el presidente espa\u00f1ol, Pedro S\u00e1nchez, porque afectaba el clima de inversiones. Por ese viaje recibi\u00f3 tambi\u00e9n una denuncia el secretario de Culto, Francisco S\u00e1nchez, quien le factur\u00f3 al Estado m\u00e1s de 3 millones de pesos en vi\u00e1ticos.<\/h3>\n<h3>El cuarto viaje del Presidente a Estados Unidos, con base en Los \u00c1ngeles, California, cost\u00f3 casi 200 millones de pesos. Fue entre el 6 y el 9 de mayo. El gasto del traslado fue de $168,7 millones. En pasajes, hoteles y vi\u00e1ticos, de otros $28,7 millones m\u00e1s. El saldo: una foto con su \u00eddolo y due\u00f1o de Twitter, Elon Musk, y una frase para el recuerdo: \u201cEl futuro de la humanidad est\u00e1 en Marte\u201d, dijo desde el p\u00falpito del Instituto Milken, con Luis \u201cToto\u201d Caputo escuch\u00e1ndolo desde las primeras filas.<\/h3>\n<h3>La tercera e inmediatamente anterior visita al pa\u00eds del Norte fue entre el 12 y el 16 de abril y la ciudad elegida fue Miami. El costo total fue de m\u00e1s de 100 millones de pesos. 37 millones en el vuelo, y otros 65 millones en vi\u00e1ticos. Un dato curioso: seg\u00fan la respuesta del Gobierno a este diario, \u201cno hubo erogaci\u00f3n en concepto de alojamiento\u201d. Aparentemente, fue la comunidad Jabad Lubavitch la que le coste\u00f3 las tres noches en el lujoso Grand Beach Hotel Surfside. Esa misma entidad le entreg\u00f3 el premio como \u201cEmbajador de la luz\u201d, el \u00fanico saldo que dej\u00f3 la gira, sin contar la primera foto con Musk, que fue en la ciudad Texas, y que cost\u00f3 unos 39 mil d\u00f3lares m\u00e1s en pasajes ida y vuelta desde Miami.<\/h3>\n<p><img decoding=\"async\" class=\"wp-image-14646 aligncenter\" src=\"https:\/\/apuntesdesanluis.com\/wp-content\/uploads\/2024\/04\/MILEI-KARINA-300x232.png\" alt=\"\" width=\"594\" height=\"459\" srcset=\"https:\/\/apuntesdesanluis.com\/wp-content\/uploads\/2024\/04\/MILEI-KARINA-300x232.png 300w, https:\/\/apuntesdesanluis.com\/wp-content\/uploads\/2024\/04\/MILEI-KARINA.png 474w\" sizes=\"(max-width: 594px) 100vw, 594px\" \/><\/p>\n<h3>Los datos surgen, nuevamente, de un pedido de acceso a la informaci\u00f3n p\u00fablica de P\u00e1gina\/12, que pregunt\u00f3 por los costos totales de los viajes de Milei a mayo de este a\u00f1o. Hasta entonces, el Presidente hab\u00eda completado ocho giras por el exterior (al d\u00eda de hoy suman diez), con un costo total para las arcas p\u00fablicas de $650.563.261,85, siempre seg\u00fan la Secretar\u00eda General de la Presidencia (la oficina que ocupa Karina Milei y que se encarga de organizar las giras oficiales). Este diario tambi\u00e9n pidi\u00f3 las facturas de cada gasto, pero salvo en el caso de los vuelos y el Tax de los aeropuertos del exterior, el Gobierno prefiri\u00f3 omitirlas en su respuesta.<\/h3>\n<h3>De ese total de m\u00e1s de 650 millones, $362,7 millones corresponden a gastos en combustible e impuestos varios de la flota, y tambi\u00e9n en pasajes de los primeros vuelos, que fueron por l\u00ednea comercial (Milei utiliz\u00f3 el avi\u00f3n presidencial por primera vez en el viaje a Miami, en abril). El resto, otros $287.8 millones, se gast\u00f3 en hoteles, vi\u00e1ticos y vuelos privados, como el que hizo de Miami a Texas para verse con Musk.<\/h3>\n<h3>Otro dato que se desprende del documento que recibi\u00f3 este diario es que las giras \u201cpersonales\u201d de Milei fueron mucho m\u00e1s caras que las que tuvieron alg\u00fan tipo de justificaci\u00f3n institucional. El viaje que realiz\u00f3 en enero a la Cumbre de Davos, en Ginebra, cost\u00f3 $ 36,4 millones de pesos, tres veces menos que los de Texas y Madrid; mientras que la gira por Israel y Roma, donde se vio con el Papa, cost\u00f3 &#8211;siempre seg\u00fan el Gobierno&#8211; la mitad: poco m\u00e1s de 85 millones.<\/h3>\n<h3><strong>CINCO VUELTAS AL MUNDO<\/strong><\/h3>\n<h3>De acuerdo al c\u00e1lculo de P\u00e1gina\/12, desde que asumi\u00f3 la presidencia, Milei se pas\u00f3 en total 50 d\u00edas fuera del pa\u00eds en sus giras, contando las horas de vuelo. M\u00e1s de un mes y medio viajando en casi ocho de gesti\u00f3n. Un n\u00famero que no tiene precedentes desde la vuelta de la democracia.<\/h3>\n<h3>En total, el Presidente lleva acumuladas 120.206 millas a\u00e9reas, el equivalente a cinco vueltas completas alrededor del mundo.<\/h3>\n<p><img loading=\"lazy\" decoding=\"async\" class=\"wp-image-16867 aligncenter\" src=\"https:\/\/apuntesdesanluis.com\/wp-content\/uploads\/2024\/05\/milei-11-300x183.png\" alt=\"\" width=\"618\" height=\"377\" srcset=\"https:\/\/apuntesdesanluis.com\/wp-content\/uploads\/2024\/05\/milei-11-300x183.png 300w, https:\/\/apuntesdesanluis.com\/wp-content\/uploads\/2024\/05\/milei-11.png 700w\" sizes=\"(max-width: 618px) 100vw, 618px\" \/><\/p>\n<h3>El peor mes en ese sentido fue junio. Durante el mes pasado, Milei se la pas\u00f3 literalmente de viaje. Recorri\u00f3 m\u00e1s de 36 mil millas en varias escalas sucesivas:<\/h3>\n<h3>El primer d\u00eda de junio vol\u00f3 desde San Francisco, EEUU, adonde hab\u00eda llegado para dar una conferencia en la Universidad de Stanford, hacia El Salvador. En ese pa\u00eds mantuvo una reuni\u00f3n privada con su par Nayib Bukele, luego de la ceremonia de investidura presidencial. Regres\u00f3 a Buenos Aires al d\u00eda siguiente.<\/h3>\n<h3>El 13 de ese mismo mes aterriz\u00f3 en Apuria, Italia, para participar de la cumbre del G-7. Se entrevist\u00f3 con su par Giorgia Meloni. Dos d\u00edas m\u00e1s tarde, lleg\u00f3 a Suiza para participar de la Cumbre de la Paz e inmiscuirse en el conflicto entre Ucrania y Rusia, foto de apoyo a Volodomir Zelensky mediante. Regres\u00f3 al pa\u00eds el d\u00eda 16.<\/h3>\n<h3>Entre el 21 y el 25 del mismo mes recorri\u00f3 cuatro ciudades europeas m\u00e1s: Madrid (por segunda vez), Hamburgo y Berl\u00edn (Alemania) y finalmente Praga (Rep\u00fablica Checa). Fue un viaje plagado de figuritas, medallitas y diplomas: en Espa\u00f1a le dieron el premio Juan de Mariana (que a\u00f1os atr\u00e1s hab\u00eda ganado el tambi\u00e9n libertario Bertie Benegas Lynch) y la Medalla internacional de Madrid, que le entreg\u00f3 en mano la presidenta comunal, Isabel D\u00edaz Ayuso; mientras que en Hamburgo fue condecorado con la Medalla Hayek, que lleva ese nombre en referencia al Nobel de econom\u00eda de 1974.<\/h3>\n<h3>La que encara este fin de semana en Brasil es la d\u00e9cima gira presidencial. Milei podr\u00eda haber estado en Paraguay, para la Cumbre del Mercosur, pero prefiri\u00f3 en cambio mojarle la oreja a Lula Da Silvia y participar por segunda vez como orador en una nueva Conferencia Pol\u00edtica de Acci\u00f3n Conservadora (CPAC) \u2013la primera hab\u00eda sido en Washington, a fines de febrero\u2013. En Cambori\u00fa se vio con la familia Bolsonaro, lo que confirma una vez m\u00e1s las preferencias del Presidente a la hora de salir del pa\u00eds.<\/h3>\n<h3><strong>LOS GUINESS DE MILEI<\/strong><\/h3>\n<ul>\n<li>\n<h3>10 giras internacionales<\/h3>\n<\/li>\n<li>\n<h3>17 ciudades visitadas (Davos, Tel Aviv, Jerusal\u00e9n, Roma, Washington D. C., Austin, Miami, Los \u00c1ngeles, Madrid por duplicado; San Francisco, San Salvador, Fasano, Lucerna, Hamburgo, Berl\u00edn, Praga y Cambori\u00fa)<\/h3>\n<\/li>\n<li>\n<h3>5 vueltas completas al mundo<\/h3>\n<\/li>\n<li>\n<h3>120 mil millas de vuelo<\/h3>\n<\/li>\n<li>\n<h3>650 millones de pesos gastados hasta el mes de mayo<\/h3>\n<\/li>\n<li>\n<h3>50 d\u00edas fuera del pa\u00eds en menos de ocho meses de gesti\u00f3n<\/h3>\n<\/li>\n<li>\n<h3>5 premios de organizaciones de extrema derecha (Premio Juan de Mariana, Medalla Hayek, Embajador Internacional de la Luz, Orden de la Libertad, Medalla Internacional de la Comunidad de Madrid)<\/h3>\n<\/li>\n<li>\n<h3>Ninguna foto con los presidentes Joe Biden (Estados Unidos), Lula Da Silva (Brasil) o Pedro S\u00e1nchez (Espa\u00f1a), por citar algunos de los pa\u00edses que Milei visit\u00f3 y que son claves para la econom\u00eda argentina.<\/h3>\n<\/li>\n<\/ul>\n<h3><strong><span style=\"color: #3366ff;\">NOTICIA RELACIONADA:<\/span><\/strong><\/h3>\n<h3><span style=\"color: #000000;\"><a style=\"color: #000000;\" href=\"https:\/\/www.lapoliticaonline.com\/politica\/milei-viajo-a-la-cumbre-de-millonarios-en-un-lujoso-avion-privado\/\" target=\"_blank\" rel=\"noopener\"><strong>MILEI VIAJ\u00d3 A LA CUMBRE DE MILLONARIOS EN UN LUJOSO AVI\u00d3N PRIVADO<\/strong><\/a><\/span><\/h3>\n<p>&nbsp;<\/p>\n<p>&nbsp;<\/p>\n<p>&nbsp;<\/p>\n<p>&nbsp;<\/p>\n<p>&nbsp;<\/p>\n<p>&nbsp;<\/p>\n","protected":false},"excerpt":{"rendered":"<p>El presidente Javier Milei se encuentra en Estados Unidos, en lo que configura su quinta&#8230;<\/p>\n","protected":false},"author":1,"featured_media":18146,"comment_status":"closed","ping_status":"closed","sticky":false,"template":"","format":"standard","meta":{"footnotes":""},"categories":[5],"tags":[],"class_list":["post-19146","post","type-post","status-publish","format-standard","has-post-thumbnail","hentry","category-nacionales-internacionales"],"yoast_head":"<!-- This site is optimized with the Yoast SEO plugin v26.1.1 - https:\/\/yoast.com\/wordpress\/plugins\/seo\/ -->\n<title>LOS COSTOSOS VIAJES PRESIDENCIALES SIN MUCHOS JUSTIFICATIVOS - Apuntes de San Luis<\/title>\n<meta name=\"robots\" content=\"index, follow, max-snippet:-1, max-image-preview:large, max-video-preview:-1\" \/>\n<link rel=\"canonical\" href=\"https:\/\/apuntesdesanluis.com\/index.php\/2024\/07\/12\/los-costosos-viajes-presidenciales-sin-muchos-justificativos\/\" \/>\n<meta property=\"og:locale\" content=\"es_ES\" \/>\n<meta property=\"og:type\" content=\"article\" \/>\n<meta property=\"og:title\" content=\"LOS COSTOSOS VIAJES PRESIDENCIALES SIN MUCHOS JUSTIFICATIVOS - Apuntes de San Luis\" \/>\n<meta property=\"og:description\" content=\"El presidente Javier Milei se encuentra en Estados Unidos, en lo que configura su quinta...\" \/>\n<meta property=\"og:url\" content=\"https:\/\/apuntesdesanluis.com\/index.php\/2024\/07\/12\/los-costosos-viajes-presidenciales-sin-muchos-justificativos\/\" \/>\n<meta property=\"og:site_name\" content=\"Apuntes de San Luis\" \/>\n<meta property=\"article:published_time\" content=\"2024-07-12T15:47:01+00:00\" \/>\n<meta property=\"article:modified_time\" content=\"2024-07-13T01:16:25+00:00\" \/>\n<meta property=\"og:image\" content=\"https:\/\/apuntesdesanluis.com\/wp-content\/uploads\/2024\/06\/milei-en-avion.webp\" \/>\n\t<meta property=\"og:image:width\" content=\"1200\" \/>\n\t<meta property=\"og:image:height\" content=\"600\" \/>\n\t<meta property=\"og:image:type\" content=\"image\/webp\" \/>\n<meta name=\"author\" content=\"apuntesdesanluis.com\" \/>\n<meta name=\"twitter:card\" content=\"summary_large_image\" \/>\n<meta name=\"twitter:label1\" content=\"Escrito por\" \/>\n\t<meta name=\"twitter:data1\" content=\"apuntesdesanluis.com\" \/>\n\t<meta name=\"twitter:label2\" content=\"Tiempo de lectura\" \/>\n\t<meta name=\"twitter:data2\" content=\"10 minutos\" \/>\n<script type=\"application\/ld+json\" class=\"yoast-schema-graph\">{\"@context\":\"https:\/\/schema.org\",\"@graph\":[{\"@type\":\"Article\",\"@id\":\"https:\/\/apuntesdesanluis.com\/index.php\/2024\/07\/12\/los-costosos-viajes-presidenciales-sin-muchos-justificativos\/#article\",\"isPartOf\":{\"@id\":\"https:\/\/apuntesdesanluis.com\/index.php\/2024\/07\/12\/los-costosos-viajes-presidenciales-sin-muchos-justificativos\/\"},\"author\":{\"name\":\"apuntesdesanluis.com\",\"@id\":\"https:\/\/apuntesdesanluis.com\/#\/schema\/person\/b55151d52296fcce64d1a72538a70b90\"},\"headline\":\"LOS COSTOSOS VIAJES PRESIDENCIALES SIN MUCHOS JUSTIFICATIVOS\",\"datePublished\":\"2024-07-12T15:47:01+00:00\",\"dateModified\":\"2024-07-13T01:16:25+00:00\",\"mainEntityOfPage\":{\"@id\":\"https:\/\/apuntesdesanluis.com\/index.php\/2024\/07\/12\/los-costosos-viajes-presidenciales-sin-muchos-justificativos\/\"},\"wordCount\":1897,\"publisher\":{\"@id\":\"https:\/\/apuntesdesanluis.com\/#\/schema\/person\/b55151d52296fcce64d1a72538a70b90\"},\"image\":{\"@id\":\"https:\/\/apuntesdesanluis.com\/index.php\/2024\/07\/12\/los-costosos-viajes-presidenciales-sin-muchos-justificativos\/#primaryimage\"},\"thumbnailUrl\":\"https:\/\/apuntesdesanluis.com\/wp-content\/uploads\/2024\/06\/milei-en-avion.webp\",\"articleSection\":[\"Nacionales\/Internacionales\"],\"inLanguage\":\"es-AR\"},{\"@type\":\"WebPage\",\"@id\":\"https:\/\/apuntesdesanluis.com\/index.php\/2024\/07\/12\/los-costosos-viajes-presidenciales-sin-muchos-justificativos\/\",\"url\":\"https:\/\/apuntesdesanluis.com\/index.php\/2024\/07\/12\/los-costosos-viajes-presidenciales-sin-muchos-justificativos\/\",\"name\":\"LOS COSTOSOS VIAJES PRESIDENCIALES SIN MUCHOS JUSTIFICATIVOS - Apuntes de San Luis\",\"isPartOf\":{\"@id\":\"https:\/\/apuntesdesanluis.com\/#website\"},\"primaryImageOfPage\":{\"@id\":\"https:\/\/apuntesdesanluis.com\/index.php\/2024\/07\/12\/los-costosos-viajes-presidenciales-sin-muchos-justificativos\/#primaryimage\"},\"image\":{\"@id\":\"https:\/\/apuntesdesanluis.com\/index.php\/2024\/07\/12\/los-costosos-viajes-presidenciales-sin-muchos-justificativos\/#primaryimage\"},\"thumbnailUrl\":\"https:\/\/apuntesdesanluis.com\/wp-content\/uploads\/2024\/06\/milei-en-avion.webp\",\"datePublished\":\"2024-07-12T15:47:01+00:00\",\"dateModified\":\"2024-07-13T01:16:25+00:00\",\"breadcrumb\":{\"@id\":\"https:\/\/apuntesdesanluis.com\/index.php\/2024\/07\/12\/los-costosos-viajes-presidenciales-sin-muchos-justificativos\/#breadcrumb\"},\"inLanguage\":\"es-AR\",\"potentialAction\":[{\"@type\":\"ReadAction\",\"target\":[\"https:\/\/apuntesdesanluis.com\/index.php\/2024\/07\/12\/los-costosos-viajes-presidenciales-sin-muchos-justificativos\/\"]}]},{\"@type\":\"ImageObject\",\"inLanguage\":\"es-AR\",\"@id\":\"https:\/\/apuntesdesanluis.com\/index.php\/2024\/07\/12\/los-costosos-viajes-presidenciales-sin-muchos-justificativos\/#primaryimage\",\"url\":\"https:\/\/apuntesdesanluis.com\/wp-content\/uploads\/2024\/06\/milei-en-avion.webp\",\"contentUrl\":\"https:\/\/apuntesdesanluis.com\/wp-content\/uploads\/2024\/06\/milei-en-avion.webp\",\"width\":1200,\"height\":600},{\"@type\":\"BreadcrumbList\",\"@id\":\"https:\/\/apuntesdesanluis.com\/index.php\/2024\/07\/12\/los-costosos-viajes-presidenciales-sin-muchos-justificativos\/#breadcrumb\",\"itemListElement\":[{\"@type\":\"ListItem\",\"position\":1,\"name\":\"Inicio\",\"item\":\"https:\/\/apuntesdesanluis.com\/\"},{\"@type\":\"ListItem\",\"position\":2,\"name\":\"LOS COSTOSOS VIAJES PRESIDENCIALES SIN MUCHOS JUSTIFICATIVOS\"}]},{\"@type\":\"WebSite\",\"@id\":\"https:\/\/apuntesdesanluis.com\/#website\",\"url\":\"https:\/\/apuntesdesanluis.com\/\",\"name\":\"Apuntes de San Luis\",\"description\":\"\",\"publisher\":{\"@id\":\"https:\/\/apuntesdesanluis.com\/#\/schema\/person\/b55151d52296fcce64d1a72538a70b90\"},\"potentialAction\":[{\"@type\":\"SearchAction\",\"target\":{\"@type\":\"EntryPoint\",\"urlTemplate\":\"https:\/\/apuntesdesanluis.com\/?s={search_term_string}\"},\"query-input\":{\"@type\":\"PropertyValueSpecification\",\"valueRequired\":true,\"valueName\":\"search_term_string\"}}],\"inLanguage\":\"es-AR\"},{\"@type\":[\"Person\",\"Organization\"],\"@id\":\"https:\/\/apuntesdesanluis.com\/#\/schema\/person\/b55151d52296fcce64d1a72538a70b90\",\"name\":\"apuntesdesanluis.com\",\"image\":{\"@type\":\"ImageObject\",\"inLanguage\":\"es-AR\",\"@id\":\"https:\/\/apuntesdesanluis.com\/#\/schema\/person\/image\/\",\"url\":\"https:\/\/apuntesdesanluis.com\/wp-content\/uploads\/2023\/07\/cropped-apuntesdesanluis.png\",\"contentUrl\":\"https:\/\/apuntesdesanluis.com\/wp-content\/uploads\/2023\/07\/cropped-apuntesdesanluis.png\",\"width\":450,\"height\":112,\"caption\":\"apuntesdesanluis.com\"},\"logo\":{\"@id\":\"https:\/\/apuntesdesanluis.com\/#\/schema\/person\/image\/\"},\"sameAs\":[\"https:\/\/apuntesdesanluis.com\"],\"url\":\"https:\/\/apuntesdesanluis.com\/index.php\/author\/apuntesdesanluis-com\/\"}]}<\/script>\n<!-- \/ Yoast SEO plugin. -->","yoast_head_json":{"title":"LOS COSTOSOS VIAJES PRESIDENCIALES SIN MUCHOS JUSTIFICATIVOS - Apuntes de San Luis","robots":{"index":"index","follow":"follow","max-snippet":"max-snippet:-1","max-image-preview":"max-image-preview:large","max-video-preview":"max-video-preview:-1"},"canonical":"https:\/\/apuntesdesanluis.com\/index.php\/2024\/07\/12\/los-costosos-viajes-presidenciales-sin-muchos-justificativos\/","og_locale":"es_ES","og_type":"article","og_title":"LOS COSTOSOS VIAJES PRESIDENCIALES SIN MUCHOS JUSTIFICATIVOS - Apuntes de San Luis","og_description":"El presidente Javier Milei se encuentra en Estados Unidos, en lo que configura su quinta...","og_url":"https:\/\/apuntesdesanluis.com\/index.php\/2024\/07\/12\/los-costosos-viajes-presidenciales-sin-muchos-justificativos\/","og_site_name":"Apuntes de San Luis","article_published_time":"2024-07-12T15:47:01+00:00","article_modified_time":"2024-07-13T01:16:25+00:00","og_image":[{"width":1200,"height":600,"url":"https:\/\/apuntesdesanluis.com\/wp-content\/uploads\/2024\/06\/milei-en-avion.webp","type":"image\/webp"}],"author":"apuntesdesanluis.com","twitter_card":"summary_large_image","twitter_misc":{"Escrito por":"apuntesdesanluis.com","Tiempo de lectura":"10 minutos"},"schema":{"@context":"https:\/\/schema.org","@graph":[{"@type":"Article","@id":"https:\/\/apuntesdesanluis.com\/index.php\/2024\/07\/12\/los-costosos-viajes-presidenciales-sin-muchos-justificativos\/#article","isPartOf":{"@id":"https:\/\/apuntesdesanluis.com\/index.php\/2024\/07\/12\/los-costosos-viajes-presidenciales-sin-muchos-justificativos\/"},"author":{"name":"apuntesdesanluis.com","@id":"https:\/\/apuntesdesanluis.com\/#\/schema\/person\/b55151d52296fcce64d1a72538a70b90"},"headline":"LOS COSTOSOS VIAJES PRESIDENCIALES SIN MUCHOS JUSTIFICATIVOS","datePublished":"2024-07-12T15:47:01+00:00","dateModified":"2024-07-13T01:16:25+00:00","mainEntityOfPage":{"@id":"https:\/\/apuntesdesanluis.com\/index.php\/2024\/07\/12\/los-costosos-viajes-presidenciales-sin-muchos-justificativos\/"},"wordCount":1897,"publisher":{"@id":"https:\/\/apuntesdesanluis.com\/#\/schema\/person\/b55151d52296fcce64d1a72538a70b90"},"image":{"@id":"https:\/\/apuntesdesanluis.com\/index.php\/2024\/07\/12\/los-costosos-viajes-presidenciales-sin-muchos-justificativos\/#primaryimage"},"thumbnailUrl":"https:\/\/apuntesdesanluis.com\/wp-content\/uploads\/2024\/06\/milei-en-avion.webp","articleSection":["Nacionales\/Internacionales"],"inLanguage":"es-AR"},{"@type":"WebPage","@id":"https:\/\/apuntesdesanluis.com\/index.php\/2024\/07\/12\/los-costosos-viajes-presidenciales-sin-muchos-justificativos\/","url":"https:\/\/apuntesdesanluis.com\/index.php\/2024\/07\/12\/los-costosos-viajes-presidenciales-sin-muchos-justificativos\/","name":"LOS COSTOSOS VIAJES PRESIDENCIALES SIN MUCHOS JUSTIFICATIVOS - Apuntes de San Luis","isPartOf":{"@id":"https:\/\/apuntesdesanluis.com\/#website"},"primaryImageOfPage":{"@id":"https:\/\/apuntesdesanluis.com\/index.php\/2024\/07\/12\/los-costosos-viajes-presidenciales-sin-muchos-justificativos\/#primaryimage"},"image":{"@id":"https:\/\/apuntesdesanluis.com\/index.php\/2024\/07\/12\/los-costosos-viajes-presidenciales-sin-muchos-justificativos\/#primaryimage"},"thumbnailUrl":"https:\/\/apuntesdesanluis.com\/wp-content\/uploads\/2024\/06\/milei-en-avion.webp","datePublished":"2024-07-12T15:47:01+00:00","dateModified":"2024-07-13T01:16:25+00:00","breadcrumb":{"@id":"https:\/\/apuntesdesanluis.com\/index.php\/2024\/07\/12\/los-costosos-viajes-presidenciales-sin-muchos-justificativos\/#breadcrumb"},"inLanguage":"es-AR","potentialAction":[{"@type":"ReadAction","target":["https:\/\/apuntesdesanluis.com\/index.php\/2024\/07\/12\/los-costosos-viajes-presidenciales-sin-muchos-justificativos\/"]}]},{"@type":"ImageObject","inLanguage":"es-AR","@id":"https:\/\/apuntesdesanluis.com\/index.php\/2024\/07\/12\/los-costosos-viajes-presidenciales-sin-muchos-justificativos\/#primaryimage","url":"https:\/\/apuntesdesanluis.com\/wp-content\/uploads\/2024\/06\/milei-en-avion.webp","contentUrl":"https:\/\/apuntesdesanluis.com\/wp-content\/uploads\/2024\/06\/milei-en-avion.webp","width":1200,"height":600},{"@type":"BreadcrumbList","@id":"https:\/\/apuntesdesanluis.com\/index.php\/2024\/07\/12\/los-costosos-viajes-presidenciales-sin-muchos-justificativos\/#breadcrumb","itemListElement":[{"@type":"ListItem","position":1,"name":"Inicio","item":"https:\/\/apuntesdesanluis.com\/"},{"@type":"ListItem","position":2,"name":"LOS COSTOSOS VIAJES PRESIDENCIALES SIN MUCHOS JUSTIFICATIVOS"}]},{"@type":"WebSite","@id":"https:\/\/apuntesdesanluis.com\/#website","url":"https:\/\/apuntesdesanluis.com\/","name":"Apuntes de San Luis","description":"","publisher":{"@id":"https:\/\/apuntesdesanluis.com\/#\/schema\/person\/b55151d52296fcce64d1a72538a70b90"},"potentialAction":[{"@type":"SearchAction","target":{"@type":"EntryPoint","urlTemplate":"https:\/\/apuntesdesanluis.com\/?s={search_term_string}"},"query-input":{"@type":"PropertyValueSpecification","valueRequired":true,"valueName":"search_term_string"}}],"inLanguage":"es-AR"},{"@type":["Person","Organization"],"@id":"https:\/\/apuntesdesanluis.com\/#\/schema\/person\/b55151d52296fcce64d1a72538a70b90","name":"apuntesdesanluis.com","image":{"@type":"ImageObject","inLanguage":"es-AR","@id":"https:\/\/apuntesdesanluis.com\/#\/schema\/person\/image\/","url":"https:\/\/apuntesdesanluis.com\/wp-content\/uploads\/2023\/07\/cropped-apuntesdesanluis.png","contentUrl":"https:\/\/apuntesdesanluis.com\/wp-content\/uploads\/2023\/07\/cropped-apuntesdesanluis.png","width":450,"height":112,"caption":"apuntesdesanluis.com"},"logo":{"@id":"https:\/\/apuntesdesanluis.com\/#\/schema\/person\/image\/"},"sameAs":["https:\/\/apuntesdesanluis.com"],"url":"https:\/\/apuntesdesanluis.com\/index.php\/author\/apuntesdesanluis-com\/"}]}},"featured_image_urls":{"full":["https:\/\/apuntesdesanluis.com\/wp-content\/uploads\/2024\/06\/milei-en-avion.webp",1200,600,false],"thumbnail":["https:\/\/apuntesdesanluis.com\/wp-content\/uploads\/2024\/06\/milei-en-avion-150x150.webp",150,150,true],"medium":["https:\/\/apuntesdesanluis.com\/wp-content\/uploads\/2024\/06\/milei-en-avion-300x150.webp",300,150,true],"medium_large":["https:\/\/apuntesdesanluis.com\/wp-content\/uploads\/2024\/06\/milei-en-avion-768x384.webp",640,320,true],"large":["https:\/\/apuntesdesanluis.com\/wp-content\/uploads\/2024\/06\/milei-en-avion-1024x512.webp",640,320,true],"1536x1536":["https:\/\/apuntesdesanluis.com\/wp-content\/uploads\/2024\/06\/milei-en-avion.webp",1200,600,false],"2048x2048":["https:\/\/apuntesdesanluis.com\/wp-content\/uploads\/2024\/06\/milei-en-avion.webp",1200,600,false],"newsever-slider-full":["https:\/\/apuntesdesanluis.com\/wp-content\/uploads\/2024\/06\/milei-en-avion.webp",1200,600,false],"newsever-featured":["https:\/\/apuntesdesanluis.com\/wp-content\/uploads\/2024\/06\/milei-en-avion-1024x512.webp",1024,512,true],"newsever-medium":["https:\/\/apuntesdesanluis.com\/wp-content\/uploads\/2024\/06\/milei-en-avion-720x475.webp",720,475,true]},"author_info":{"display_name":"apuntesdesanluis.com","author_link":"https:\/\/apuntesdesanluis.com\/index.php\/author\/apuntesdesanluis-com\/"},"category_info":"<a href=\"https:\/\/apuntesdesanluis.com\/index.php\/category\/nacionales-internacionales\/\" rel=\"category tag\">Nacionales\/Internacionales<\/a>","tag_info":"Nacionales\/Internacionales","comment_count":"0","_links":{"self":[{"href":"https:\/\/apuntesdesanluis.com\/index.php\/wp-json\/wp\/v2\/posts\/19146","targetHints":{"allow":["GET"]}}],"collection":[{"href":"https:\/\/apuntesdesanluis.com\/index.php\/wp-json\/wp\/v2\/posts"}],"about":[{"href":"https:\/\/apuntesdesanluis.com\/index.php\/wp-json\/wp\/v2\/types\/post"}],"author":[{"embeddable":true,"href":"https:\/\/apuntesdesanluis.com\/index.php\/wp-json\/wp\/v2\/users\/1"}],"replies":[{"embeddable":true,"href":"https:\/\/apuntesdesanluis.com\/index.php\/wp-json\/wp\/v2\/comments?post=19146"}],"version-history":[{"count":5,"href":"https:\/\/apuntesdesanluis.com\/index.php\/wp-json\/wp\/v2\/posts\/19146\/revisions"}],"predecessor-version":[{"id":19195,"href":"https:\/\/apuntesdesanluis.com\/index.php\/wp-json\/wp\/v2\/posts\/19146\/revisions\/19195"}],"wp:featuredmedia":[{"embeddable":true,"href":"https:\/\/apuntesdesanluis.com\/index.php\/wp-json\/wp\/v2\/media\/18146"}],"wp:attachment":[{"href":"https:\/\/apuntesdesanluis.com\/index.php\/wp-json\/wp\/v2\/media?parent=19146"}],"wp:term":[{"taxonomy":"category","embeddable":true,"href":"https:\/\/apuntesdesanluis.com\/index.php\/wp-json\/wp\/v2\/categories?post=19146"},{"taxonomy":"post_tag","embeddable":true,"href":"https:\/\/apuntesdesanluis.com\/index.php\/wp-json\/wp\/v2\/tags?post=19146"}],"curies":[{"name":"wp","href":"https:\/\/api.w.org\/{rel}","templated":true}]}}