{"id":19151,"date":"2024-07-12T20:17:02","date_gmt":"2024-07-12T23:17:02","guid":{"rendered":"https:\/\/apuntesdesanluis.com\/?p=19151"},"modified":"2024-07-12T20:17:02","modified_gmt":"2024-07-12T23:17:02","slug":"pedro-brieger-reconocio-los-abusos-se-que-lastime-a-mucha-gente-y-pido-perdon","status":"publish","type":"post","link":"https:\/\/apuntesdesanluis.com\/index.php\/2024\/07\/12\/pedro-brieger-reconocio-los-abusos-se-que-lastime-a-mucha-gente-y-pido-perdon\/","title":{"rendered":"PEDRO BRIEGER RECONOCI\u00d3 LOS ABUSOS: \u201cS\u00c9 QUE LASTIM\u00c9 A MUCHA GENTE Y PIDO PERD\u00d3N\u201d"},"content":{"rendered":"<h3>El periodista grab\u00f3 un video para disculparse con las v\u00edctimas. \u201cHace tiempo ya no soy esa persona\u201d, asegur\u00f3.<\/h3>\n<h3>El periodista <strong>Pedro Brieger<\/strong> fue acusado por abuso sexual por al menos 19 mujeres que se animaron a contar las situaciones que atravesaron durante los \u00faltimos a\u00f1os.<\/h3>\n<h3>La <strong>Asociaci\u00f3n Periodistas Argentinas<\/strong> present\u00f3 el \u2018Informe Cultura del Acoso: Punto y Aparte\u2019 en el Senado de la Naci\u00f3n, y consider\u00f3 \u201cimprescindible\u201d que el especialista en pol\u00edtica internacional, Pedro Brieger, pida \u201cdisculpas p\u00fablicas\u201d luego de que casi una veintena de colegas lo denunciara por propasarse con ellas.<\/h3>\n<h3>La conferencia fue encabezada por las periodistas <strong>Nancy Pasos<\/strong> y <strong>Agustina K\u00e4mpfer<\/strong>, quien tambi\u00e9n sufri\u00f3 situaciones de acoso de su parte, donde compartieron la investigaci\u00f3n que incluye 19 casos de ex compa\u00f1eras que se\u00f1alan al periodista como acosador, en las diferentes radios y canales donde trabaj\u00f3 los \u00faltimos 20 a\u00f1os.<\/h3>\n<h3>Al escuchar este pedido, el periodista decidi\u00f3 publicar en sus redes sociales un video en el cual pide perd\u00f3n y asegura estar arrepentido de sus actos.<\/h3>\n<h3>\u201cQuiero decirles que escuch\u00e9 el mensaje de Periodistas Argentinas y r\u00e1pidamente les hice saber mi deseo de hacer p\u00fablicas las disculpas\u201d, comenz\u00f3 a explicar el periodista en el video que public\u00f3 en su cuenta de X.<\/h3>\n<p><iframe title=\"El mensaje de Pedro Brieger tras las denuncias de acoso sexual: \u201cS\u00e9 que lastim\u00e9 a mucha gente&quot;\" width=\"640\" height=\"480\" src=\"https:\/\/www.youtube.com\/embed\/glFf_2OUqz0?feature=oembed\" frameborder=\"0\" allow=\"accelerometer; autoplay; clipboard-write; encrypted-media; gyroscope; picture-in-picture; web-share\" referrerpolicy=\"strict-origin-when-cross-origin\" allowfullscreen><\/iframe><\/p>\n<h3>\u201cPor eso, en primer lugar, quiero pedir perd\u00f3n. S\u00e9 que lastim\u00e9 a mucha gente. Pido disculpas a cada una de ellas por mis actitudes inapropiadas. Me hago cargo, me arrepiento y hago p\u00fablicas mis disculpas. Hace muchos a\u00f1os hubo un quiebre en mi vida y dej\u00e9 de tener conductas que no eran respetuosas\u201d, reconoci\u00f3.<\/h3>\n<h3>\u201cGracias a un acompa\u00f1amiento terap\u00e9utico prolongado, lo pude superar y hoy soy otra persona. Lo que describen existi\u00f3, pero hace mucho tiempo que no existe m\u00e1s. Por este motivo, quienes hoy trabajan conmigo en diversos \u00e1mbitos se asombraron al enterarse de actos impropios de mi parte en tiempos pasados\u201d, se justific\u00f3.<\/h3>\n<h3>Para terminar, propuso colaborar para que este tipo de actos no sigan ocurriendo: \u201cMe pongo a disposici\u00f3n de Periodistas Argentinas y otros organismos para intentar ayudar de la manera que lo consideren conveniente con el objetivo de que esta clase de actos no se produzcan m\u00e1s. Espero que puedan aceptar mi ayuda. Como hace tiempo ya no soy esa persona, creo que mi testimonio hoy puede servir tambi\u00e9n para romper los pactos que existen entre hombres para tapar nuestras conductas dentro y fuera del periodismo. Y estoy dispuesto a colaborar para que as\u00ed sea. Reitero, pido perd\u00f3n a quienes ofend\u00ed y afect\u00e9\u201d.<\/h3>\n<p>&nbsp;<\/p>\n<p>&nbsp;<\/p>\n<p>&nbsp;<\/p>\n<h3><\/h3>\n","protected":false},"excerpt":{"rendered":"<p>El periodista grab\u00f3 un video para disculparse con las v\u00edctimas. \u201cHace tiempo ya no soy&#8230;<\/p>\n","protected":false},"author":1,"featured_media":19152,"comment_status":"closed","ping_status":"closed","sticky":false,"template":"","format":"standard","meta":{"footnotes":""},"categories":[5],"tags":[],"class_list":["post-19151","post","type-post","status-publish","format-standard","has-post-thumbnail","hentry","category-nacionales-internacionales"],"yoast_head":"<!-- This site is optimized with the Yoast SEO plugin v26.1.1 - https:\/\/yoast.com\/wordpress\/plugins\/seo\/ -->\n<title>PEDRO BRIEGER RECONOCI\u00d3 LOS ABUSOS: \u201cS\u00c9 QUE LASTIM\u00c9 A MUCHA GENTE Y PIDO PERD\u00d3N\u201d - Apuntes de San Luis<\/title>\n<meta name=\"robots\" content=\"index, follow, max-snippet:-1, max-image-preview:large, max-video-preview:-1\" \/>\n<link rel=\"canonical\" href=\"https:\/\/apuntesdesanluis.com\/index.php\/2024\/07\/12\/pedro-brieger-reconocio-los-abusos-se-que-lastime-a-mucha-gente-y-pido-perdon\/\" \/>\n<meta property=\"og:locale\" content=\"es_ES\" \/>\n<meta property=\"og:type\" content=\"article\" \/>\n<meta property=\"og:title\" content=\"PEDRO BRIEGER RECONOCI\u00d3 LOS ABUSOS: \u201cS\u00c9 QUE LASTIM\u00c9 A MUCHA GENTE Y PIDO PERD\u00d3N\u201d - Apuntes de San Luis\" \/>\n<meta property=\"og:description\" content=\"El periodista grab\u00f3 un video para disculparse con las v\u00edctimas. \u201cHace tiempo ya no soy...\" \/>\n<meta property=\"og:url\" content=\"https:\/\/apuntesdesanluis.com\/index.php\/2024\/07\/12\/pedro-brieger-reconocio-los-abusos-se-que-lastime-a-mucha-gente-y-pido-perdon\/\" \/>\n<meta property=\"og:site_name\" content=\"Apuntes de San Luis\" \/>\n<meta property=\"article:published_time\" content=\"2024-07-12T23:17:02+00:00\" \/>\n<meta property=\"og:image\" content=\"https:\/\/apuntesdesanluis.com\/wp-content\/uploads\/2024\/07\/pedro-briedger.png\" \/>\n\t<meta property=\"og:image:width\" content=\"700\" \/>\n\t<meta property=\"og:image:height\" content=\"435\" \/>\n\t<meta property=\"og:image:type\" content=\"image\/png\" \/>\n<meta name=\"author\" content=\"apuntesdesanluis.com\" \/>\n<meta name=\"twitter:card\" content=\"summary_large_image\" \/>\n<meta name=\"twitter:label1\" content=\"Escrito por\" \/>\n\t<meta name=\"twitter:data1\" content=\"apuntesdesanluis.com\" \/>\n\t<meta name=\"twitter:label2\" content=\"Tiempo de lectura\" \/>\n\t<meta name=\"twitter:data2\" content=\"3 minutos\" \/>\n<script type=\"application\/ld+json\" class=\"yoast-schema-graph\">{\"@context\":\"https:\/\/schema.org\",\"@graph\":[{\"@type\":\"Article\",\"@id\":\"https:\/\/apuntesdesanluis.com\/index.php\/2024\/07\/12\/pedro-brieger-reconocio-los-abusos-se-que-lastime-a-mucha-gente-y-pido-perdon\/#article\",\"isPartOf\":{\"@id\":\"https:\/\/apuntesdesanluis.com\/index.php\/2024\/07\/12\/pedro-brieger-reconocio-los-abusos-se-que-lastime-a-mucha-gente-y-pido-perdon\/\"},\"author\":{\"name\":\"apuntesdesanluis.com\",\"@id\":\"https:\/\/apuntesdesanluis.com\/#\/schema\/person\/b55151d52296fcce64d1a72538a70b90\"},\"headline\":\"PEDRO BRIEGER RECONOCI\u00d3 LOS ABUSOS: \u201cS\u00c9 QUE LASTIM\u00c9 A MUCHA GENTE Y PIDO PERD\u00d3N\u201d\",\"datePublished\":\"2024-07-12T23:17:02+00:00\",\"mainEntityOfPage\":{\"@id\":\"https:\/\/apuntesdesanluis.com\/index.php\/2024\/07\/12\/pedro-brieger-reconocio-los-abusos-se-que-lastime-a-mucha-gente-y-pido-perdon\/\"},\"wordCount\":458,\"publisher\":{\"@id\":\"https:\/\/apuntesdesanluis.com\/#\/schema\/person\/b55151d52296fcce64d1a72538a70b90\"},\"image\":{\"@id\":\"https:\/\/apuntesdesanluis.com\/index.php\/2024\/07\/12\/pedro-brieger-reconocio-los-abusos-se-que-lastime-a-mucha-gente-y-pido-perdon\/#primaryimage\"},\"thumbnailUrl\":\"https:\/\/apuntesdesanluis.com\/wp-content\/uploads\/2024\/07\/pedro-briedger.png\",\"articleSection\":[\"Nacionales\/Internacionales\"],\"inLanguage\":\"es-AR\"},{\"@type\":\"WebPage\",\"@id\":\"https:\/\/apuntesdesanluis.com\/index.php\/2024\/07\/12\/pedro-brieger-reconocio-los-abusos-se-que-lastime-a-mucha-gente-y-pido-perdon\/\",\"url\":\"https:\/\/apuntesdesanluis.com\/index.php\/2024\/07\/12\/pedro-brieger-reconocio-los-abusos-se-que-lastime-a-mucha-gente-y-pido-perdon\/\",\"name\":\"PEDRO BRIEGER RECONOCI\u00d3 LOS ABUSOS: \u201cS\u00c9 QUE LASTIM\u00c9 A MUCHA GENTE Y PIDO PERD\u00d3N\u201d - Apuntes de San Luis\",\"isPartOf\":{\"@id\":\"https:\/\/apuntesdesanluis.com\/#website\"},\"primaryImageOfPage\":{\"@id\":\"https:\/\/apuntesdesanluis.com\/index.php\/2024\/07\/12\/pedro-brieger-reconocio-los-abusos-se-que-lastime-a-mucha-gente-y-pido-perdon\/#primaryimage\"},\"image\":{\"@id\":\"https:\/\/apuntesdesanluis.com\/index.php\/2024\/07\/12\/pedro-brieger-reconocio-los-abusos-se-que-lastime-a-mucha-gente-y-pido-perdon\/#primaryimage\"},\"thumbnailUrl\":\"https:\/\/apuntesdesanluis.com\/wp-content\/uploads\/2024\/07\/pedro-briedger.png\",\"datePublished\":\"2024-07-12T23:17:02+00:00\",\"breadcrumb\":{\"@id\":\"https:\/\/apuntesdesanluis.com\/index.php\/2024\/07\/12\/pedro-brieger-reconocio-los-abusos-se-que-lastime-a-mucha-gente-y-pido-perdon\/#breadcrumb\"},\"inLanguage\":\"es-AR\",\"potentialAction\":[{\"@type\":\"ReadAction\",\"target\":[\"https:\/\/apuntesdesanluis.com\/index.php\/2024\/07\/12\/pedro-brieger-reconocio-los-abusos-se-que-lastime-a-mucha-gente-y-pido-perdon\/\"]}]},{\"@type\":\"ImageObject\",\"inLanguage\":\"es-AR\",\"@id\":\"https:\/\/apuntesdesanluis.com\/index.php\/2024\/07\/12\/pedro-brieger-reconocio-los-abusos-se-que-lastime-a-mucha-gente-y-pido-perdon\/#primaryimage\",\"url\":\"https:\/\/apuntesdesanluis.com\/wp-content\/uploads\/2024\/07\/pedro-briedger.png\",\"contentUrl\":\"https:\/\/apuntesdesanluis.com\/wp-content\/uploads\/2024\/07\/pedro-briedger.png\",\"width\":700,\"height\":435},{\"@type\":\"BreadcrumbList\",\"@id\":\"https:\/\/apuntesdesanluis.com\/index.php\/2024\/07\/12\/pedro-brieger-reconocio-los-abusos-se-que-lastime-a-mucha-gente-y-pido-perdon\/#breadcrumb\",\"itemListElement\":[{\"@type\":\"ListItem\",\"position\":1,\"name\":\"Inicio\",\"item\":\"https:\/\/apuntesdesanluis.com\/\"},{\"@type\":\"ListItem\",\"position\":2,\"name\":\"PEDRO BRIEGER RECONOCI\u00d3 LOS ABUSOS: \u201cS\u00c9 QUE LASTIM\u00c9 A MUCHA GENTE Y PIDO PERD\u00d3N\u201d\"}]},{\"@type\":\"WebSite\",\"@id\":\"https:\/\/apuntesdesanluis.com\/#website\",\"url\":\"https:\/\/apuntesdesanluis.com\/\",\"name\":\"Apuntes de San Luis\",\"description\":\"\",\"publisher\":{\"@id\":\"https:\/\/apuntesdesanluis.com\/#\/schema\/person\/b55151d52296fcce64d1a72538a70b90\"},\"potentialAction\":[{\"@type\":\"SearchAction\",\"target\":{\"@type\":\"EntryPoint\",\"urlTemplate\":\"https:\/\/apuntesdesanluis.com\/?s={search_term_string}\"},\"query-input\":{\"@type\":\"PropertyValueSpecification\",\"valueRequired\":true,\"valueName\":\"search_term_string\"}}],\"inLanguage\":\"es-AR\"},{\"@type\":[\"Person\",\"Organization\"],\"@id\":\"https:\/\/apuntesdesanluis.com\/#\/schema\/person\/b55151d52296fcce64d1a72538a70b90\",\"name\":\"apuntesdesanluis.com\",\"image\":{\"@type\":\"ImageObject\",\"inLanguage\":\"es-AR\",\"@id\":\"https:\/\/apuntesdesanluis.com\/#\/schema\/person\/image\/\",\"url\":\"https:\/\/apuntesdesanluis.com\/wp-content\/uploads\/2023\/07\/cropped-apuntesdesanluis.png\",\"contentUrl\":\"https:\/\/apuntesdesanluis.com\/wp-content\/uploads\/2023\/07\/cropped-apuntesdesanluis.png\",\"width\":450,\"height\":112,\"caption\":\"apuntesdesanluis.com\"},\"logo\":{\"@id\":\"https:\/\/apuntesdesanluis.com\/#\/schema\/person\/image\/\"},\"sameAs\":[\"https:\/\/apuntesdesanluis.com\"],\"url\":\"https:\/\/apuntesdesanluis.com\/index.php\/author\/apuntesdesanluis-com\/\"}]}<\/script>\n<!-- \/ Yoast SEO plugin. -->","yoast_head_json":{"title":"PEDRO BRIEGER RECONOCI\u00d3 LOS ABUSOS: \u201cS\u00c9 QUE LASTIM\u00c9 A MUCHA GENTE Y PIDO PERD\u00d3N\u201d - Apuntes de San Luis","robots":{"index":"index","follow":"follow","max-snippet":"max-snippet:-1","max-image-preview":"max-image-preview:large","max-video-preview":"max-video-preview:-1"},"canonical":"https:\/\/apuntesdesanluis.com\/index.php\/2024\/07\/12\/pedro-brieger-reconocio-los-abusos-se-que-lastime-a-mucha-gente-y-pido-perdon\/","og_locale":"es_ES","og_type":"article","og_title":"PEDRO BRIEGER RECONOCI\u00d3 LOS ABUSOS: \u201cS\u00c9 QUE LASTIM\u00c9 A MUCHA GENTE Y PIDO PERD\u00d3N\u201d - Apuntes de San Luis","og_description":"El periodista grab\u00f3 un video para disculparse con las v\u00edctimas. \u201cHace tiempo ya no soy...","og_url":"https:\/\/apuntesdesanluis.com\/index.php\/2024\/07\/12\/pedro-brieger-reconocio-los-abusos-se-que-lastime-a-mucha-gente-y-pido-perdon\/","og_site_name":"Apuntes de San Luis","article_published_time":"2024-07-12T23:17:02+00:00","og_image":[{"width":700,"height":435,"url":"https:\/\/apuntesdesanluis.com\/wp-content\/uploads\/2024\/07\/pedro-briedger.png","type":"image\/png"}],"author":"apuntesdesanluis.com","twitter_card":"summary_large_image","twitter_misc":{"Escrito por":"apuntesdesanluis.com","Tiempo de lectura":"3 minutos"},"schema":{"@context":"https:\/\/schema.org","@graph":[{"@type":"Article","@id":"https:\/\/apuntesdesanluis.com\/index.php\/2024\/07\/12\/pedro-brieger-reconocio-los-abusos-se-que-lastime-a-mucha-gente-y-pido-perdon\/#article","isPartOf":{"@id":"https:\/\/apuntesdesanluis.com\/index.php\/2024\/07\/12\/pedro-brieger-reconocio-los-abusos-se-que-lastime-a-mucha-gente-y-pido-perdon\/"},"author":{"name":"apuntesdesanluis.com","@id":"https:\/\/apuntesdesanluis.com\/#\/schema\/person\/b55151d52296fcce64d1a72538a70b90"},"headline":"PEDRO BRIEGER RECONOCI\u00d3 LOS ABUSOS: \u201cS\u00c9 QUE LASTIM\u00c9 A MUCHA GENTE Y PIDO PERD\u00d3N\u201d","datePublished":"2024-07-12T23:17:02+00:00","mainEntityOfPage":{"@id":"https:\/\/apuntesdesanluis.com\/index.php\/2024\/07\/12\/pedro-brieger-reconocio-los-abusos-se-que-lastime-a-mucha-gente-y-pido-perdon\/"},"wordCount":458,"publisher":{"@id":"https:\/\/apuntesdesanluis.com\/#\/schema\/person\/b55151d52296fcce64d1a72538a70b90"},"image":{"@id":"https:\/\/apuntesdesanluis.com\/index.php\/2024\/07\/12\/pedro-brieger-reconocio-los-abusos-se-que-lastime-a-mucha-gente-y-pido-perdon\/#primaryimage"},"thumbnailUrl":"https:\/\/apuntesdesanluis.com\/wp-content\/uploads\/2024\/07\/pedro-briedger.png","articleSection":["Nacionales\/Internacionales"],"inLanguage":"es-AR"},{"@type":"WebPage","@id":"https:\/\/apuntesdesanluis.com\/index.php\/2024\/07\/12\/pedro-brieger-reconocio-los-abusos-se-que-lastime-a-mucha-gente-y-pido-perdon\/","url":"https:\/\/apuntesdesanluis.com\/index.php\/2024\/07\/12\/pedro-brieger-reconocio-los-abusos-se-que-lastime-a-mucha-gente-y-pido-perdon\/","name":"PEDRO BRIEGER RECONOCI\u00d3 LOS ABUSOS: \u201cS\u00c9 QUE LASTIM\u00c9 A MUCHA GENTE Y PIDO PERD\u00d3N\u201d - Apuntes de San Luis","isPartOf":{"@id":"https:\/\/apuntesdesanluis.com\/#website"},"primaryImageOfPage":{"@id":"https:\/\/apuntesdesanluis.com\/index.php\/2024\/07\/12\/pedro-brieger-reconocio-los-abusos-se-que-lastime-a-mucha-gente-y-pido-perdon\/#primaryimage"},"image":{"@id":"https:\/\/apuntesdesanluis.com\/index.php\/2024\/07\/12\/pedro-brieger-reconocio-los-abusos-se-que-lastime-a-mucha-gente-y-pido-perdon\/#primaryimage"},"thumbnailUrl":"https:\/\/apuntesdesanluis.com\/wp-content\/uploads\/2024\/07\/pedro-briedger.png","datePublished":"2024-07-12T23:17:02+00:00","breadcrumb":{"@id":"https:\/\/apuntesdesanluis.com\/index.php\/2024\/07\/12\/pedro-brieger-reconocio-los-abusos-se-que-lastime-a-mucha-gente-y-pido-perdon\/#breadcrumb"},"inLanguage":"es-AR","potentialAction":[{"@type":"ReadAction","target":["https:\/\/apuntesdesanluis.com\/index.php\/2024\/07\/12\/pedro-brieger-reconocio-los-abusos-se-que-lastime-a-mucha-gente-y-pido-perdon\/"]}]},{"@type":"ImageObject","inLanguage":"es-AR","@id":"https:\/\/apuntesdesanluis.com\/index.php\/2024\/07\/12\/pedro-brieger-reconocio-los-abusos-se-que-lastime-a-mucha-gente-y-pido-perdon\/#primaryimage","url":"https:\/\/apuntesdesanluis.com\/wp-content\/uploads\/2024\/07\/pedro-briedger.png","contentUrl":"https:\/\/apuntesdesanluis.com\/wp-content\/uploads\/2024\/07\/pedro-briedger.png","width":700,"height":435},{"@type":"BreadcrumbList","@id":"https:\/\/apuntesdesanluis.com\/index.php\/2024\/07\/12\/pedro-brieger-reconocio-los-abusos-se-que-lastime-a-mucha-gente-y-pido-perdon\/#breadcrumb","itemListElement":[{"@type":"ListItem","position":1,"name":"Inicio","item":"https:\/\/apuntesdesanluis.com\/"},{"@type":"ListItem","position":2,"name":"PEDRO BRIEGER RECONOCI\u00d3 LOS ABUSOS: \u201cS\u00c9 QUE LASTIM\u00c9 A MUCHA GENTE Y PIDO PERD\u00d3N\u201d"}]},{"@type":"WebSite","@id":"https:\/\/apuntesdesanluis.com\/#website","url":"https:\/\/apuntesdesanluis.com\/","name":"Apuntes de San Luis","description":"","publisher":{"@id":"https:\/\/apuntesdesanluis.com\/#\/schema\/person\/b55151d52296fcce64d1a72538a70b90"},"potentialAction":[{"@type":"SearchAction","target":{"@type":"EntryPoint","urlTemplate":"https:\/\/apuntesdesanluis.com\/?s={search_term_string}"},"query-input":{"@type":"PropertyValueSpecification","valueRequired":true,"valueName":"search_term_string"}}],"inLanguage":"es-AR"},{"@type":["Person","Organization"],"@id":"https:\/\/apuntesdesanluis.com\/#\/schema\/person\/b55151d52296fcce64d1a72538a70b90","name":"apuntesdesanluis.com","image":{"@type":"ImageObject","inLanguage":"es-AR","@id":"https:\/\/apuntesdesanluis.com\/#\/schema\/person\/image\/","url":"https:\/\/apuntesdesanluis.com\/wp-content\/uploads\/2023\/07\/cropped-apuntesdesanluis.png","contentUrl":"https:\/\/apuntesdesanluis.com\/wp-content\/uploads\/2023\/07\/cropped-apuntesdesanluis.png","width":450,"height":112,"caption":"apuntesdesanluis.com"},"logo":{"@id":"https:\/\/apuntesdesanluis.com\/#\/schema\/person\/image\/"},"sameAs":["https:\/\/apuntesdesanluis.com"],"url":"https:\/\/apuntesdesanluis.com\/index.php\/author\/apuntesdesanluis-com\/"}]}},"featured_image_urls":{"full":["https:\/\/apuntesdesanluis.com\/wp-content\/uploads\/2024\/07\/pedro-briedger.png",700,435,false],"thumbnail":["https:\/\/apuntesdesanluis.com\/wp-content\/uploads\/2024\/07\/pedro-briedger-150x150.png",150,150,true],"medium":["https:\/\/apuntesdesanluis.com\/wp-content\/uploads\/2024\/07\/pedro-briedger-300x186.png",300,186,true],"medium_large":["https:\/\/apuntesdesanluis.com\/wp-content\/uploads\/2024\/07\/pedro-briedger.png",640,398,false],"large":["https:\/\/apuntesdesanluis.com\/wp-content\/uploads\/2024\/07\/pedro-briedger.png",640,398,false],"1536x1536":["https:\/\/apuntesdesanluis.com\/wp-content\/uploads\/2024\/07\/pedro-briedger.png",700,435,false],"2048x2048":["https:\/\/apuntesdesanluis.com\/wp-content\/uploads\/2024\/07\/pedro-briedger.png",700,435,false],"newsever-slider-full":["https:\/\/apuntesdesanluis.com\/wp-content\/uploads\/2024\/07\/pedro-briedger.png",700,435,false],"newsever-featured":["https:\/\/apuntesdesanluis.com\/wp-content\/uploads\/2024\/07\/pedro-briedger.png",700,435,false],"newsever-medium":["https:\/\/apuntesdesanluis.com\/wp-content\/uploads\/2024\/07\/pedro-briedger.png",700,435,false]},"author_info":{"display_name":"apuntesdesanluis.com","author_link":"https:\/\/apuntesdesanluis.com\/index.php\/author\/apuntesdesanluis-com\/"},"category_info":"<a href=\"https:\/\/apuntesdesanluis.com\/index.php\/category\/nacionales-internacionales\/\" rel=\"category tag\">Nacionales\/Internacionales<\/a>","tag_info":"Nacionales\/Internacionales","comment_count":"0","_links":{"self":[{"href":"https:\/\/apuntesdesanluis.com\/index.php\/wp-json\/wp\/v2\/posts\/19151","targetHints":{"allow":["GET"]}}],"collection":[{"href":"https:\/\/apuntesdesanluis.com\/index.php\/wp-json\/wp\/v2\/posts"}],"about":[{"href":"https:\/\/apuntesdesanluis.com\/index.php\/wp-json\/wp\/v2\/types\/post"}],"author":[{"embeddable":true,"href":"https:\/\/apuntesdesanluis.com\/index.php\/wp-json\/wp\/v2\/users\/1"}],"replies":[{"embeddable":true,"href":"https:\/\/apuntesdesanluis.com\/index.php\/wp-json\/wp\/v2\/comments?post=19151"}],"version-history":[{"count":1,"href":"https:\/\/apuntesdesanluis.com\/index.php\/wp-json\/wp\/v2\/posts\/19151\/revisions"}],"predecessor-version":[{"id":19153,"href":"https:\/\/apuntesdesanluis.com\/index.php\/wp-json\/wp\/v2\/posts\/19151\/revisions\/19153"}],"wp:featuredmedia":[{"embeddable":true,"href":"https:\/\/apuntesdesanluis.com\/index.php\/wp-json\/wp\/v2\/media\/19152"}],"wp:attachment":[{"href":"https:\/\/apuntesdesanluis.com\/index.php\/wp-json\/wp\/v2\/media?parent=19151"}],"wp:term":[{"taxonomy":"category","embeddable":true,"href":"https:\/\/apuntesdesanluis.com\/index.php\/wp-json\/wp\/v2\/categories?post=19151"},{"taxonomy":"post_tag","embeddable":true,"href":"https:\/\/apuntesdesanluis.com\/index.php\/wp-json\/wp\/v2\/tags?post=19151"}],"curies":[{"name":"wp","href":"https:\/\/api.w.org\/{rel}","templated":true}]}}