{"id":19159,"date":"2024-07-12T20:38:10","date_gmt":"2024-07-12T23:38:10","guid":{"rendered":"https:\/\/apuntesdesanluis.com\/?p=19159"},"modified":"2024-07-12T20:38:10","modified_gmt":"2024-07-12T23:38:10","slug":"caso-loan-renuncio-el-ministro-de-seguridad-de-corrientes-buenaventura-duarte","status":"publish","type":"post","link":"https:\/\/apuntesdesanluis.com\/index.php\/2024\/07\/12\/caso-loan-renuncio-el-ministro-de-seguridad-de-corrientes-buenaventura-duarte\/","title":{"rendered":"CASO LOAN: RENUNCI\u00d3 EL MINISTRO DE SEGURIDAD DE CORRIENTES, BUENAVENTURA DUARTE"},"content":{"rendered":"<h3>El ministro de Seguridad de Corrientes, Buenaventura Duarte, present\u00f3 su renuncia en medio de la conmoci\u00f3n generalizada por la desaparici\u00f3n de <strong>Loan Pe\u00f1a<\/strong>. La decisi\u00f3n fue comunicada por el gobierno provincial. El funcionario saliente ser\u00e1 reemplazado por el diputado nacional Alfredo Vallejos.<\/h3>\n<h3>Buenaventura Duarte hab\u00eda quedado en la mira por la reacci\u00f3n inicial de la Polic\u00eda local luego de que se denunciara la desaparici\u00f3n de Loan, el 13 de junio pasado. De hecho, una de las personas detenidas y acusadas en el caso es el comisario Walter Maciel, quien -se sospecha- intent\u00f3 desviar la investigaci\u00f3n y dilat\u00f3 las primeras medidas para dar con el paradero del menor.<\/h3>\n<h3>\u201cEl Gobierno de Corrientes comunica que, habiendo presentado su renuncia el doctor Buenaventura Duarte al cargo de Ministro de Seguridad de la provincia de Corrientes, asume en su reemplazo el hasta ahora diputado nacional Alfredo Vallejos, a quien el gobernador Gustavo Vald\u00e9s le tomar\u00e1 juramento este lunes en Casa de Gobierno en horario a confirmar, asegur\u00f3 el comunicado oficial.<\/h3>\n<h3>Vallejos, reemplazante de Duarte, asumi\u00f3 como diputado el a\u00f1o pasado por la Uni\u00f3n C\u00edvica Radical y ten\u00eda mandato vigente hasta 2027. Tambi\u00e9n se hab\u00eda desempe\u00f1ado como presidente del Concejo Deliberante de la capital de la provincia.<\/h3>\n<h3>Esta semana, Vald\u00e9s dio una conferencia de prensa e intent\u00f3 justificar un tuit en el que daba pr\u00e1cticamente por resuelto el caso. El 29 de junio, luego de que la t\u00eda del ni\u00f1o,<strong> Laudelina Pe\u00f1a<\/strong>, declarara que el menor hab\u00eda sido atropellado por Carlos P\u00e9rez y Mar\u00eda Victoria Caillava, el mandatario asegur\u00f3 en redes sociales que se hab\u00eda dado un gran paso.<\/h3>\n<p><img fetchpriority=\"high\" decoding=\"async\" class=\"wp-image-19161 aligncenter\" src=\"https:\/\/apuntesdesanluis.com\/wp-content\/uploads\/2024\/07\/valdez-300x190.png\" alt=\"\" width=\"632\" height=\"400\" srcset=\"https:\/\/apuntesdesanluis.com\/wp-content\/uploads\/2024\/07\/valdez-300x190.png 300w, https:\/\/apuntesdesanluis.com\/wp-content\/uploads\/2024\/07\/valdez.png 600w\" sizes=\"(max-width: 632px) 100vw, 632px\" \/><\/p>\n<h3>\u201cEse tuit fue por ansiedad, qui\u00e9n de los correntinos no estamos ansiosos, creo que tiene que ser solamente un desalmado el que no est\u00e9 ansioso por saber\u201d, dijo. \u201cEn ese momento est\u00e1bamos mirando la tele, sab\u00edamos que se estaba produciendo la declaraci\u00f3n, y lo hice ansioso\u201d, agreg\u00f3.<\/h3>\n<h3><strong>EL CASO LOAN<\/strong><\/h3>\n<h3>Mientras tanto, Loan contin\u00faa siendo buscado. Este viernes se conoci\u00f3 que la t\u00eda del peque\u00f1o, Laudelina Pe\u00f1a, tiene previsto volver a declarar para cambiar su relato, seg\u00fan anticip\u00f3 su nueva abogada M\u00f3nica Chivirin.<\/h3>\n<h3>La letrada sugiri\u00f3 que la mujer podr\u00eda desdecirse y cambiar su versi\u00f3n sobre el supuesto accidente que sufri\u00f3 Loan en el naranjal cercano a la casa su abuela, donde habr\u00eda muerto.<\/h3>\n<h3>De acuerdo a los dichos de Chivirin, Laudelina tiene previsto acusar a su ex abogado, Jos\u00e9 Codazzi, y a dirigentes pol\u00edticos correntinos por una supuesta extorsi\u00f3n. Macarena, hija de Laudelina, declar\u00f3 la semana pasada en el expediente que a su madre le ofrecieron introducir la teor\u00eda del accidente en su denuncia y culpar a Carlos P\u00e9rez y Mar\u00eda Victoria Caillava -a quien su hija Melisa ten\u00eda agendada como \u201ct\u00eda Victoria\u201d en su celular- a cambio de \u201cuna casa y un auto\u201d.<\/h3>\n<h3>Fuentes judiciales informaron que la defensa a\u00fan no pidi\u00f3 la ampliaci\u00f3n de la indagatoria en el Juzgado Federal de Goya, a cargo de Cristina Pozzer Penzo.<\/h3>\n<h3>La t\u00eda de Loan fue imputada por perjudicar la investigaci\u00f3n al supuestamente falsear pruebas. Los fiscales Mariano de Guzm\u00e1n, Alejandra Mangano y Marcelo Colombo, sostienen que plant\u00f3 a 3 kil\u00f3metros de la casa de la abuela Catalina, donde se realiz\u00f3 el almuerzo previo a la desaparici\u00f3n.<\/h3>\n<h3>El 29 de junio, la mujer se present\u00f3 ante un fiscal de la Justicia provincial correntina y asegur\u00f3 por primera vez que Loan hab\u00edan sido atropellado por Carlos P\u00e9rez y Mar\u00eda Victoria Caillava, quienes hab\u00edan participado del almuerzo. Dijo tambi\u00e9n que vio c\u00f3mo hab\u00edan cargado el cuerpo del ni\u00f1o y sugiri\u00f3 que estaba muerto. La versi\u00f3n fue rechazada por la pareja acusada.<\/h3>\n<h3>Chivirin, la nueva abogada de Laudelina, dijo que esa declaraci\u00f3n fue impulsada por el ex abogado Codazzi -que fue se\u00f1alado por Macarena en su testimonial- y plante\u00f3: \u201cDeber\u00eda estar detenido, yo no soy quien puede pedirlo, pero entiendo que la querella tiene las pruebas suficientes para hacerlo\u201d. La letrada tambi\u00e9n abon\u00f3 la teor\u00eda expuesta por la hija de Laudelina, quien asegur\u00f3 que le habr\u00eda ofrecido una casa, un auto y una moto para hacer esa declaraci\u00f3n ante la Justicia.<\/h3>\n<p>&nbsp;<\/p>\n<p>&nbsp;<\/p>\n<p>&nbsp;<\/p>\n<p>&nbsp;<\/p>\n<h3><\/h3>\n<h3><\/h3>\n<h3><\/h3>\n","protected":false},"excerpt":{"rendered":"<p>El ministro de Seguridad de Corrientes, Buenaventura Duarte, present\u00f3 su renuncia en medio de la&#8230;<\/p>\n","protected":false},"author":1,"featured_media":19160,"comment_status":"closed","ping_status":"closed","sticky":false,"template":"","format":"standard","meta":{"footnotes":""},"categories":[5],"tags":[],"class_list":["post-19159","post","type-post","status-publish","format-standard","has-post-thumbnail","hentry","category-nacionales-internacionales"],"yoast_head":"<!-- This site is optimized with the Yoast SEO plugin v26.1.1 - https:\/\/yoast.com\/wordpress\/plugins\/seo\/ -->\n<title>CASO LOAN: RENUNCI\u00d3 EL MINISTRO DE SEGURIDAD DE CORRIENTES, BUENAVENTURA DUARTE - Apuntes de San Luis<\/title>\n<meta name=\"robots\" content=\"index, follow, max-snippet:-1, max-image-preview:large, max-video-preview:-1\" \/>\n<link rel=\"canonical\" href=\"https:\/\/apuntesdesanluis.com\/index.php\/2024\/07\/12\/caso-loan-renuncio-el-ministro-de-seguridad-de-corrientes-buenaventura-duarte\/\" \/>\n<meta property=\"og:locale\" content=\"es_ES\" \/>\n<meta property=\"og:type\" content=\"article\" \/>\n<meta property=\"og:title\" content=\"CASO LOAN: RENUNCI\u00d3 EL MINISTRO DE SEGURIDAD DE CORRIENTES, BUENAVENTURA DUARTE - Apuntes de San Luis\" \/>\n<meta property=\"og:description\" content=\"El ministro de Seguridad de Corrientes, Buenaventura Duarte, present\u00f3 su renuncia en medio de la...\" \/>\n<meta property=\"og:url\" content=\"https:\/\/apuntesdesanluis.com\/index.php\/2024\/07\/12\/caso-loan-renuncio-el-ministro-de-seguridad-de-corrientes-buenaventura-duarte\/\" \/>\n<meta property=\"og:site_name\" content=\"Apuntes de San Luis\" \/>\n<meta property=\"article:published_time\" content=\"2024-07-12T23:38:10+00:00\" \/>\n<meta property=\"og:image\" content=\"https:\/\/apuntesdesanluis.com\/wp-content\/uploads\/2024\/07\/BUENAVENTURA.png\" \/>\n\t<meta property=\"og:image:width\" content=\"700\" \/>\n\t<meta property=\"og:image:height\" content=\"436\" \/>\n\t<meta property=\"og:image:type\" content=\"image\/png\" \/>\n<meta name=\"author\" content=\"apuntesdesanluis.com\" \/>\n<meta name=\"twitter:card\" content=\"summary_large_image\" \/>\n<meta name=\"twitter:label1\" content=\"Escrito por\" \/>\n\t<meta name=\"twitter:data1\" content=\"apuntesdesanluis.com\" \/>\n\t<meta name=\"twitter:label2\" content=\"Tiempo de lectura\" \/>\n\t<meta name=\"twitter:data2\" content=\"4 minutos\" \/>\n<script type=\"application\/ld+json\" class=\"yoast-schema-graph\">{\"@context\":\"https:\/\/schema.org\",\"@graph\":[{\"@type\":\"Article\",\"@id\":\"https:\/\/apuntesdesanluis.com\/index.php\/2024\/07\/12\/caso-loan-renuncio-el-ministro-de-seguridad-de-corrientes-buenaventura-duarte\/#article\",\"isPartOf\":{\"@id\":\"https:\/\/apuntesdesanluis.com\/index.php\/2024\/07\/12\/caso-loan-renuncio-el-ministro-de-seguridad-de-corrientes-buenaventura-duarte\/\"},\"author\":{\"name\":\"apuntesdesanluis.com\",\"@id\":\"https:\/\/apuntesdesanluis.com\/#\/schema\/person\/b55151d52296fcce64d1a72538a70b90\"},\"headline\":\"CASO LOAN: RENUNCI\u00d3 EL MINISTRO DE SEGURIDAD DE CORRIENTES, BUENAVENTURA DUARTE\",\"datePublished\":\"2024-07-12T23:38:10+00:00\",\"mainEntityOfPage\":{\"@id\":\"https:\/\/apuntesdesanluis.com\/index.php\/2024\/07\/12\/caso-loan-renuncio-el-ministro-de-seguridad-de-corrientes-buenaventura-duarte\/\"},\"wordCount\":751,\"publisher\":{\"@id\":\"https:\/\/apuntesdesanluis.com\/#\/schema\/person\/b55151d52296fcce64d1a72538a70b90\"},\"image\":{\"@id\":\"https:\/\/apuntesdesanluis.com\/index.php\/2024\/07\/12\/caso-loan-renuncio-el-ministro-de-seguridad-de-corrientes-buenaventura-duarte\/#primaryimage\"},\"thumbnailUrl\":\"https:\/\/apuntesdesanluis.com\/wp-content\/uploads\/2024\/07\/BUENAVENTURA.png\",\"articleSection\":[\"Nacionales\/Internacionales\"],\"inLanguage\":\"es-AR\"},{\"@type\":\"WebPage\",\"@id\":\"https:\/\/apuntesdesanluis.com\/index.php\/2024\/07\/12\/caso-loan-renuncio-el-ministro-de-seguridad-de-corrientes-buenaventura-duarte\/\",\"url\":\"https:\/\/apuntesdesanluis.com\/index.php\/2024\/07\/12\/caso-loan-renuncio-el-ministro-de-seguridad-de-corrientes-buenaventura-duarte\/\",\"name\":\"CASO LOAN: RENUNCI\u00d3 EL MINISTRO DE SEGURIDAD DE CORRIENTES, BUENAVENTURA DUARTE - Apuntes de San Luis\",\"isPartOf\":{\"@id\":\"https:\/\/apuntesdesanluis.com\/#website\"},\"primaryImageOfPage\":{\"@id\":\"https:\/\/apuntesdesanluis.com\/index.php\/2024\/07\/12\/caso-loan-renuncio-el-ministro-de-seguridad-de-corrientes-buenaventura-duarte\/#primaryimage\"},\"image\":{\"@id\":\"https:\/\/apuntesdesanluis.com\/index.php\/2024\/07\/12\/caso-loan-renuncio-el-ministro-de-seguridad-de-corrientes-buenaventura-duarte\/#primaryimage\"},\"thumbnailUrl\":\"https:\/\/apuntesdesanluis.com\/wp-content\/uploads\/2024\/07\/BUENAVENTURA.png\",\"datePublished\":\"2024-07-12T23:38:10+00:00\",\"breadcrumb\":{\"@id\":\"https:\/\/apuntesdesanluis.com\/index.php\/2024\/07\/12\/caso-loan-renuncio-el-ministro-de-seguridad-de-corrientes-buenaventura-duarte\/#breadcrumb\"},\"inLanguage\":\"es-AR\",\"potentialAction\":[{\"@type\":\"ReadAction\",\"target\":[\"https:\/\/apuntesdesanluis.com\/index.php\/2024\/07\/12\/caso-loan-renuncio-el-ministro-de-seguridad-de-corrientes-buenaventura-duarte\/\"]}]},{\"@type\":\"ImageObject\",\"inLanguage\":\"es-AR\",\"@id\":\"https:\/\/apuntesdesanluis.com\/index.php\/2024\/07\/12\/caso-loan-renuncio-el-ministro-de-seguridad-de-corrientes-buenaventura-duarte\/#primaryimage\",\"url\":\"https:\/\/apuntesdesanluis.com\/wp-content\/uploads\/2024\/07\/BUENAVENTURA.png\",\"contentUrl\":\"https:\/\/apuntesdesanluis.com\/wp-content\/uploads\/2024\/07\/BUENAVENTURA.png\",\"width\":700,\"height\":436},{\"@type\":\"BreadcrumbList\",\"@id\":\"https:\/\/apuntesdesanluis.com\/index.php\/2024\/07\/12\/caso-loan-renuncio-el-ministro-de-seguridad-de-corrientes-buenaventura-duarte\/#breadcrumb\",\"itemListElement\":[{\"@type\":\"ListItem\",\"position\":1,\"name\":\"Inicio\",\"item\":\"https:\/\/apuntesdesanluis.com\/\"},{\"@type\":\"ListItem\",\"position\":2,\"name\":\"CASO LOAN: RENUNCI\u00d3 EL MINISTRO DE SEGURIDAD DE CORRIENTES, BUENAVENTURA DUARTE\"}]},{\"@type\":\"WebSite\",\"@id\":\"https:\/\/apuntesdesanluis.com\/#website\",\"url\":\"https:\/\/apuntesdesanluis.com\/\",\"name\":\"Apuntes de San Luis\",\"description\":\"\",\"publisher\":{\"@id\":\"https:\/\/apuntesdesanluis.com\/#\/schema\/person\/b55151d52296fcce64d1a72538a70b90\"},\"potentialAction\":[{\"@type\":\"SearchAction\",\"target\":{\"@type\":\"EntryPoint\",\"urlTemplate\":\"https:\/\/apuntesdesanluis.com\/?s={search_term_string}\"},\"query-input\":{\"@type\":\"PropertyValueSpecification\",\"valueRequired\":true,\"valueName\":\"search_term_string\"}}],\"inLanguage\":\"es-AR\"},{\"@type\":[\"Person\",\"Organization\"],\"@id\":\"https:\/\/apuntesdesanluis.com\/#\/schema\/person\/b55151d52296fcce64d1a72538a70b90\",\"name\":\"apuntesdesanluis.com\",\"image\":{\"@type\":\"ImageObject\",\"inLanguage\":\"es-AR\",\"@id\":\"https:\/\/apuntesdesanluis.com\/#\/schema\/person\/image\/\",\"url\":\"https:\/\/apuntesdesanluis.com\/wp-content\/uploads\/2023\/07\/cropped-apuntesdesanluis.png\",\"contentUrl\":\"https:\/\/apuntesdesanluis.com\/wp-content\/uploads\/2023\/07\/cropped-apuntesdesanluis.png\",\"width\":450,\"height\":112,\"caption\":\"apuntesdesanluis.com\"},\"logo\":{\"@id\":\"https:\/\/apuntesdesanluis.com\/#\/schema\/person\/image\/\"},\"sameAs\":[\"https:\/\/apuntesdesanluis.com\"],\"url\":\"https:\/\/apuntesdesanluis.com\/index.php\/author\/apuntesdesanluis-com\/\"}]}<\/script>\n<!-- \/ Yoast SEO plugin. -->","yoast_head_json":{"title":"CASO LOAN: RENUNCI\u00d3 EL MINISTRO DE SEGURIDAD DE CORRIENTES, BUENAVENTURA DUARTE - Apuntes de San Luis","robots":{"index":"index","follow":"follow","max-snippet":"max-snippet:-1","max-image-preview":"max-image-preview:large","max-video-preview":"max-video-preview:-1"},"canonical":"https:\/\/apuntesdesanluis.com\/index.php\/2024\/07\/12\/caso-loan-renuncio-el-ministro-de-seguridad-de-corrientes-buenaventura-duarte\/","og_locale":"es_ES","og_type":"article","og_title":"CASO LOAN: RENUNCI\u00d3 EL MINISTRO DE SEGURIDAD DE CORRIENTES, BUENAVENTURA DUARTE - Apuntes de San Luis","og_description":"El ministro de Seguridad de Corrientes, Buenaventura Duarte, present\u00f3 su renuncia en medio de la...","og_url":"https:\/\/apuntesdesanluis.com\/index.php\/2024\/07\/12\/caso-loan-renuncio-el-ministro-de-seguridad-de-corrientes-buenaventura-duarte\/","og_site_name":"Apuntes de San Luis","article_published_time":"2024-07-12T23:38:10+00:00","og_image":[{"width":700,"height":436,"url":"https:\/\/apuntesdesanluis.com\/wp-content\/uploads\/2024\/07\/BUENAVENTURA.png","type":"image\/png"}],"author":"apuntesdesanluis.com","twitter_card":"summary_large_image","twitter_misc":{"Escrito por":"apuntesdesanluis.com","Tiempo de lectura":"4 minutos"},"schema":{"@context":"https:\/\/schema.org","@graph":[{"@type":"Article","@id":"https:\/\/apuntesdesanluis.com\/index.php\/2024\/07\/12\/caso-loan-renuncio-el-ministro-de-seguridad-de-corrientes-buenaventura-duarte\/#article","isPartOf":{"@id":"https:\/\/apuntesdesanluis.com\/index.php\/2024\/07\/12\/caso-loan-renuncio-el-ministro-de-seguridad-de-corrientes-buenaventura-duarte\/"},"author":{"name":"apuntesdesanluis.com","@id":"https:\/\/apuntesdesanluis.com\/#\/schema\/person\/b55151d52296fcce64d1a72538a70b90"},"headline":"CASO LOAN: RENUNCI\u00d3 EL MINISTRO DE SEGURIDAD DE CORRIENTES, BUENAVENTURA DUARTE","datePublished":"2024-07-12T23:38:10+00:00","mainEntityOfPage":{"@id":"https:\/\/apuntesdesanluis.com\/index.php\/2024\/07\/12\/caso-loan-renuncio-el-ministro-de-seguridad-de-corrientes-buenaventura-duarte\/"},"wordCount":751,"publisher":{"@id":"https:\/\/apuntesdesanluis.com\/#\/schema\/person\/b55151d52296fcce64d1a72538a70b90"},"image":{"@id":"https:\/\/apuntesdesanluis.com\/index.php\/2024\/07\/12\/caso-loan-renuncio-el-ministro-de-seguridad-de-corrientes-buenaventura-duarte\/#primaryimage"},"thumbnailUrl":"https:\/\/apuntesdesanluis.com\/wp-content\/uploads\/2024\/07\/BUENAVENTURA.png","articleSection":["Nacionales\/Internacionales"],"inLanguage":"es-AR"},{"@type":"WebPage","@id":"https:\/\/apuntesdesanluis.com\/index.php\/2024\/07\/12\/caso-loan-renuncio-el-ministro-de-seguridad-de-corrientes-buenaventura-duarte\/","url":"https:\/\/apuntesdesanluis.com\/index.php\/2024\/07\/12\/caso-loan-renuncio-el-ministro-de-seguridad-de-corrientes-buenaventura-duarte\/","name":"CASO LOAN: RENUNCI\u00d3 EL MINISTRO DE SEGURIDAD DE CORRIENTES, BUENAVENTURA DUARTE - Apuntes de San Luis","isPartOf":{"@id":"https:\/\/apuntesdesanluis.com\/#website"},"primaryImageOfPage":{"@id":"https:\/\/apuntesdesanluis.com\/index.php\/2024\/07\/12\/caso-loan-renuncio-el-ministro-de-seguridad-de-corrientes-buenaventura-duarte\/#primaryimage"},"image":{"@id":"https:\/\/apuntesdesanluis.com\/index.php\/2024\/07\/12\/caso-loan-renuncio-el-ministro-de-seguridad-de-corrientes-buenaventura-duarte\/#primaryimage"},"thumbnailUrl":"https:\/\/apuntesdesanluis.com\/wp-content\/uploads\/2024\/07\/BUENAVENTURA.png","datePublished":"2024-07-12T23:38:10+00:00","breadcrumb":{"@id":"https:\/\/apuntesdesanluis.com\/index.php\/2024\/07\/12\/caso-loan-renuncio-el-ministro-de-seguridad-de-corrientes-buenaventura-duarte\/#breadcrumb"},"inLanguage":"es-AR","potentialAction":[{"@type":"ReadAction","target":["https:\/\/apuntesdesanluis.com\/index.php\/2024\/07\/12\/caso-loan-renuncio-el-ministro-de-seguridad-de-corrientes-buenaventura-duarte\/"]}]},{"@type":"ImageObject","inLanguage":"es-AR","@id":"https:\/\/apuntesdesanluis.com\/index.php\/2024\/07\/12\/caso-loan-renuncio-el-ministro-de-seguridad-de-corrientes-buenaventura-duarte\/#primaryimage","url":"https:\/\/apuntesdesanluis.com\/wp-content\/uploads\/2024\/07\/BUENAVENTURA.png","contentUrl":"https:\/\/apuntesdesanluis.com\/wp-content\/uploads\/2024\/07\/BUENAVENTURA.png","width":700,"height":436},{"@type":"BreadcrumbList","@id":"https:\/\/apuntesdesanluis.com\/index.php\/2024\/07\/12\/caso-loan-renuncio-el-ministro-de-seguridad-de-corrientes-buenaventura-duarte\/#breadcrumb","itemListElement":[{"@type":"ListItem","position":1,"name":"Inicio","item":"https:\/\/apuntesdesanluis.com\/"},{"@type":"ListItem","position":2,"name":"CASO LOAN: RENUNCI\u00d3 EL MINISTRO DE SEGURIDAD DE CORRIENTES, BUENAVENTURA DUARTE"}]},{"@type":"WebSite","@id":"https:\/\/apuntesdesanluis.com\/#website","url":"https:\/\/apuntesdesanluis.com\/","name":"Apuntes de San Luis","description":"","publisher":{"@id":"https:\/\/apuntesdesanluis.com\/#\/schema\/person\/b55151d52296fcce64d1a72538a70b90"},"potentialAction":[{"@type":"SearchAction","target":{"@type":"EntryPoint","urlTemplate":"https:\/\/apuntesdesanluis.com\/?s={search_term_string}"},"query-input":{"@type":"PropertyValueSpecification","valueRequired":true,"valueName":"search_term_string"}}],"inLanguage":"es-AR"},{"@type":["Person","Organization"],"@id":"https:\/\/apuntesdesanluis.com\/#\/schema\/person\/b55151d52296fcce64d1a72538a70b90","name":"apuntesdesanluis.com","image":{"@type":"ImageObject","inLanguage":"es-AR","@id":"https:\/\/apuntesdesanluis.com\/#\/schema\/person\/image\/","url":"https:\/\/apuntesdesanluis.com\/wp-content\/uploads\/2023\/07\/cropped-apuntesdesanluis.png","contentUrl":"https:\/\/apuntesdesanluis.com\/wp-content\/uploads\/2023\/07\/cropped-apuntesdesanluis.png","width":450,"height":112,"caption":"apuntesdesanluis.com"},"logo":{"@id":"https:\/\/apuntesdesanluis.com\/#\/schema\/person\/image\/"},"sameAs":["https:\/\/apuntesdesanluis.com"],"url":"https:\/\/apuntesdesanluis.com\/index.php\/author\/apuntesdesanluis-com\/"}]}},"featured_image_urls":{"full":["https:\/\/apuntesdesanluis.com\/wp-content\/uploads\/2024\/07\/BUENAVENTURA.png",700,436,false],"thumbnail":["https:\/\/apuntesdesanluis.com\/wp-content\/uploads\/2024\/07\/BUENAVENTURA-150x150.png",150,150,true],"medium":["https:\/\/apuntesdesanluis.com\/wp-content\/uploads\/2024\/07\/BUENAVENTURA-300x187.png",300,187,true],"medium_large":["https:\/\/apuntesdesanluis.com\/wp-content\/uploads\/2024\/07\/BUENAVENTURA.png",640,399,false],"large":["https:\/\/apuntesdesanluis.com\/wp-content\/uploads\/2024\/07\/BUENAVENTURA.png",640,399,false],"1536x1536":["https:\/\/apuntesdesanluis.com\/wp-content\/uploads\/2024\/07\/BUENAVENTURA.png",700,436,false],"2048x2048":["https:\/\/apuntesdesanluis.com\/wp-content\/uploads\/2024\/07\/BUENAVENTURA.png",700,436,false],"newsever-slider-full":["https:\/\/apuntesdesanluis.com\/wp-content\/uploads\/2024\/07\/BUENAVENTURA.png",700,436,false],"newsever-featured":["https:\/\/apuntesdesanluis.com\/wp-content\/uploads\/2024\/07\/BUENAVENTURA.png",700,436,false],"newsever-medium":["https:\/\/apuntesdesanluis.com\/wp-content\/uploads\/2024\/07\/BUENAVENTURA.png",700,436,false]},"author_info":{"display_name":"apuntesdesanluis.com","author_link":"https:\/\/apuntesdesanluis.com\/index.php\/author\/apuntesdesanluis-com\/"},"category_info":"<a href=\"https:\/\/apuntesdesanluis.com\/index.php\/category\/nacionales-internacionales\/\" rel=\"category tag\">Nacionales\/Internacionales<\/a>","tag_info":"Nacionales\/Internacionales","comment_count":"0","_links":{"self":[{"href":"https:\/\/apuntesdesanluis.com\/index.php\/wp-json\/wp\/v2\/posts\/19159","targetHints":{"allow":["GET"]}}],"collection":[{"href":"https:\/\/apuntesdesanluis.com\/index.php\/wp-json\/wp\/v2\/posts"}],"about":[{"href":"https:\/\/apuntesdesanluis.com\/index.php\/wp-json\/wp\/v2\/types\/post"}],"author":[{"embeddable":true,"href":"https:\/\/apuntesdesanluis.com\/index.php\/wp-json\/wp\/v2\/users\/1"}],"replies":[{"embeddable":true,"href":"https:\/\/apuntesdesanluis.com\/index.php\/wp-json\/wp\/v2\/comments?post=19159"}],"version-history":[{"count":1,"href":"https:\/\/apuntesdesanluis.com\/index.php\/wp-json\/wp\/v2\/posts\/19159\/revisions"}],"predecessor-version":[{"id":19162,"href":"https:\/\/apuntesdesanluis.com\/index.php\/wp-json\/wp\/v2\/posts\/19159\/revisions\/19162"}],"wp:featuredmedia":[{"embeddable":true,"href":"https:\/\/apuntesdesanluis.com\/index.php\/wp-json\/wp\/v2\/media\/19160"}],"wp:attachment":[{"href":"https:\/\/apuntesdesanluis.com\/index.php\/wp-json\/wp\/v2\/media?parent=19159"}],"wp:term":[{"taxonomy":"category","embeddable":true,"href":"https:\/\/apuntesdesanluis.com\/index.php\/wp-json\/wp\/v2\/categories?post=19159"},{"taxonomy":"post_tag","embeddable":true,"href":"https:\/\/apuntesdesanluis.com\/index.php\/wp-json\/wp\/v2\/tags?post=19159"}],"curies":[{"name":"wp","href":"https:\/\/api.w.org\/{rel}","templated":true}]}}