{"id":19168,"date":"2024-07-12T20:56:20","date_gmt":"2024-07-12T23:56:20","guid":{"rendered":"https:\/\/apuntesdesanluis.com\/?p=19168"},"modified":"2024-07-12T20:56:20","modified_gmt":"2024-07-12T23:56:20","slug":"arrecia-el-desempleo-cuantos-puestos-de-trabajo-se-perdieron-en-lo-que-va-del-ano","status":"publish","type":"post","link":"https:\/\/apuntesdesanluis.com\/index.php\/2024\/07\/12\/arrecia-el-desempleo-cuantos-puestos-de-trabajo-se-perdieron-en-lo-que-va-del-ano\/","title":{"rendered":"ARRECIA EL DESEMPLEO: CU\u00c1NTOS PUESTOS DE TRABAJO SE PERDIERON EN LO QUE VA DEL A\u00d1O"},"content":{"rendered":"<h3>La prolongada recesi\u00f3n, la p\u00e9rdida de poder adquisitivo y el cierre de m\u00e1s de 10 mil pymes, dispara la desocupaci\u00f3n.<\/h3>\n<h3>Por la recesi\u00f3n y la fuerte ca\u00edda del consumo, se perdieron casi 140 mil empleos en lo que va del a\u00f1o, mientras que el Gobierno prev\u00e9 despedir a otros 15 mil estatales en los pr\u00f3ximos meses.<\/h3>\n<h3>Las perspectivas sobre el empleo son muy negativos, ya que la mayor\u00eda de las empresas no tiene perspectivas de tomar trabajadores y sectores como el sider\u00fargico, la construcci\u00f3n y las automotrices, est\u00e1n aplicando suspensiones.<\/h3>\n<h3>En los primeros meses del a\u00f1o, casi 140 mil empleados perdieron su puesto de trabajo, en un escenario en el que m\u00e1s impact\u00f3 la inflaci\u00f3n, lo que hizo caer el poder adquisitivo y aumentar la pobreza a niveles del 50%.<\/h3>\n<h3>De acuerdo con datos del Sistema Integrado Previsional Argentino (SIPA), en el sector privado los despidos sumaron unos 115 mil.<\/h3>\n<h3>En tanto, en la esfera estatal hasta abril \u00faltimo se hab\u00edan perdido unos 25 mil puestos, y estimaciones privada se\u00f1alan que entre mayo y junio un n\u00famero similar de empleados del Estado habr\u00edan sido despedidos, la mayor\u00eda porque no se les renovaron los contratos.<\/h3>\n<h3>El presidente Javier Milei dijo que est\u00e1n previstas otras 15 mil cesant\u00edas en los pr\u00f3ximos meses, en el marco del ajuste.<\/h3>\n<h3>Uno de los sectores m\u00e1s afectados por las p\u00e9rdidas de puestos es el de empleadas dom\u00e9sticas, ya que muchas familias debieron restringir gastos.<\/h3>\n<h3>Otra se\u00f1al de preocupaci\u00f3n es que se habr\u00eda producido una fuerte alza del empleo en negro, lo que incrementa la vulnerabilidad de los trabajadores.<\/h3>\n<h3>Seg\u00fan el INDEC, el desempleo lleg\u00f3 al 7,7% en el primer trimestre, y en el segundo se habr\u00eda verificado un nuevo crecimiento, hacia la zona del 9%, de acuerdo con estimaciones privadas.<\/h3>\n<h3>Hay casi 1,8 millones de desocupados, y si se proyectan datos de las zonas que el INDEC no releva, la cifra se elevar\u00eda a los 2 millones.<\/h3>\n<h3>En el Gobierno destacan que a partir de que se desaceler\u00f3 la inflaci\u00f3n empez\u00f3 a recuperarse, levemente, el poder adquisitivo.<\/h3>\n<h3>Pero fue tan fuerte el impacto del ajuste y la inflaci\u00f3n en los primeros meses, que esa mejorar tardar\u00eda en impacto sobre una mejora del consumo.<\/h3>\n<p>&nbsp;<\/p>\n<p>&nbsp;<\/p>\n<p>&nbsp;<\/p>\n<p>&nbsp;<\/p>\n<p>&nbsp;<\/p>\n<p>&nbsp;<\/p>\n","protected":false},"excerpt":{"rendered":"<p>La prolongada recesi\u00f3n, la p\u00e9rdida de poder adquisitivo y el cierre de m\u00e1s de 10&#8230;<\/p>\n","protected":false},"author":1,"featured_media":19169,"comment_status":"closed","ping_status":"closed","sticky":false,"template":"","format":"standard","meta":{"footnotes":""},"categories":[5],"tags":[],"class_list":["post-19168","post","type-post","status-publish","format-standard","has-post-thumbnail","hentry","category-nacionales-internacionales"],"yoast_head":"<!-- This site is optimized with the Yoast SEO plugin v26.1.1 - https:\/\/yoast.com\/wordpress\/plugins\/seo\/ -->\n<title>ARRECIA EL DESEMPLEO: CU\u00c1NTOS PUESTOS DE TRABAJO SE PERDIERON EN LO QUE VA DEL A\u00d1O - Apuntes de San Luis<\/title>\n<meta name=\"robots\" content=\"index, follow, max-snippet:-1, max-image-preview:large, max-video-preview:-1\" \/>\n<link rel=\"canonical\" href=\"https:\/\/apuntesdesanluis.com\/index.php\/2024\/07\/12\/arrecia-el-desempleo-cuantos-puestos-de-trabajo-se-perdieron-en-lo-que-va-del-ano\/\" \/>\n<meta property=\"og:locale\" content=\"es_ES\" \/>\n<meta property=\"og:type\" content=\"article\" \/>\n<meta property=\"og:title\" content=\"ARRECIA EL DESEMPLEO: CU\u00c1NTOS PUESTOS DE TRABAJO SE PERDIERON EN LO QUE VA DEL A\u00d1O - Apuntes de San Luis\" \/>\n<meta property=\"og:description\" content=\"La prolongada recesi\u00f3n, la p\u00e9rdida de poder adquisitivo y el cierre de m\u00e1s de 10...\" \/>\n<meta property=\"og:url\" content=\"https:\/\/apuntesdesanluis.com\/index.php\/2024\/07\/12\/arrecia-el-desempleo-cuantos-puestos-de-trabajo-se-perdieron-en-lo-que-va-del-ano\/\" \/>\n<meta property=\"og:site_name\" content=\"Apuntes de San Luis\" \/>\n<meta property=\"article:published_time\" content=\"2024-07-12T23:56:20+00:00\" \/>\n<meta property=\"og:image\" content=\"https:\/\/apuntesdesanluis.com\/wp-content\/uploads\/2024\/07\/desocupacion.png\" \/>\n\t<meta property=\"og:image:width\" content=\"700\" \/>\n\t<meta property=\"og:image:height\" content=\"504\" \/>\n\t<meta property=\"og:image:type\" content=\"image\/png\" \/>\n<meta name=\"author\" content=\"apuntesdesanluis.com\" \/>\n<meta name=\"twitter:card\" content=\"summary_large_image\" \/>\n<meta name=\"twitter:label1\" content=\"Escrito por\" \/>\n\t<meta name=\"twitter:data1\" content=\"apuntesdesanluis.com\" \/>\n\t<meta name=\"twitter:label2\" content=\"Tiempo de lectura\" \/>\n\t<meta name=\"twitter:data2\" content=\"2 minutos\" \/>\n<script type=\"application\/ld+json\" class=\"yoast-schema-graph\">{\"@context\":\"https:\/\/schema.org\",\"@graph\":[{\"@type\":\"Article\",\"@id\":\"https:\/\/apuntesdesanluis.com\/index.php\/2024\/07\/12\/arrecia-el-desempleo-cuantos-puestos-de-trabajo-se-perdieron-en-lo-que-va-del-ano\/#article\",\"isPartOf\":{\"@id\":\"https:\/\/apuntesdesanluis.com\/index.php\/2024\/07\/12\/arrecia-el-desempleo-cuantos-puestos-de-trabajo-se-perdieron-en-lo-que-va-del-ano\/\"},\"author\":{\"name\":\"apuntesdesanluis.com\",\"@id\":\"https:\/\/apuntesdesanluis.com\/#\/schema\/person\/b55151d52296fcce64d1a72538a70b90\"},\"headline\":\"ARRECIA EL DESEMPLEO: CU\u00c1NTOS PUESTOS DE TRABAJO SE PERDIERON EN LO QUE VA DEL A\u00d1O\",\"datePublished\":\"2024-07-12T23:56:20+00:00\",\"mainEntityOfPage\":{\"@id\":\"https:\/\/apuntesdesanluis.com\/index.php\/2024\/07\/12\/arrecia-el-desempleo-cuantos-puestos-de-trabajo-se-perdieron-en-lo-que-va-del-ano\/\"},\"wordCount\":413,\"publisher\":{\"@id\":\"https:\/\/apuntesdesanluis.com\/#\/schema\/person\/b55151d52296fcce64d1a72538a70b90\"},\"image\":{\"@id\":\"https:\/\/apuntesdesanluis.com\/index.php\/2024\/07\/12\/arrecia-el-desempleo-cuantos-puestos-de-trabajo-se-perdieron-en-lo-que-va-del-ano\/#primaryimage\"},\"thumbnailUrl\":\"https:\/\/apuntesdesanluis.com\/wp-content\/uploads\/2024\/07\/desocupacion.png\",\"articleSection\":[\"Nacionales\/Internacionales\"],\"inLanguage\":\"es-AR\"},{\"@type\":\"WebPage\",\"@id\":\"https:\/\/apuntesdesanluis.com\/index.php\/2024\/07\/12\/arrecia-el-desempleo-cuantos-puestos-de-trabajo-se-perdieron-en-lo-que-va-del-ano\/\",\"url\":\"https:\/\/apuntesdesanluis.com\/index.php\/2024\/07\/12\/arrecia-el-desempleo-cuantos-puestos-de-trabajo-se-perdieron-en-lo-que-va-del-ano\/\",\"name\":\"ARRECIA EL DESEMPLEO: CU\u00c1NTOS PUESTOS DE TRABAJO SE PERDIERON EN LO QUE VA DEL A\u00d1O - Apuntes de San Luis\",\"isPartOf\":{\"@id\":\"https:\/\/apuntesdesanluis.com\/#website\"},\"primaryImageOfPage\":{\"@id\":\"https:\/\/apuntesdesanluis.com\/index.php\/2024\/07\/12\/arrecia-el-desempleo-cuantos-puestos-de-trabajo-se-perdieron-en-lo-que-va-del-ano\/#primaryimage\"},\"image\":{\"@id\":\"https:\/\/apuntesdesanluis.com\/index.php\/2024\/07\/12\/arrecia-el-desempleo-cuantos-puestos-de-trabajo-se-perdieron-en-lo-que-va-del-ano\/#primaryimage\"},\"thumbnailUrl\":\"https:\/\/apuntesdesanluis.com\/wp-content\/uploads\/2024\/07\/desocupacion.png\",\"datePublished\":\"2024-07-12T23:56:20+00:00\",\"breadcrumb\":{\"@id\":\"https:\/\/apuntesdesanluis.com\/index.php\/2024\/07\/12\/arrecia-el-desempleo-cuantos-puestos-de-trabajo-se-perdieron-en-lo-que-va-del-ano\/#breadcrumb\"},\"inLanguage\":\"es-AR\",\"potentialAction\":[{\"@type\":\"ReadAction\",\"target\":[\"https:\/\/apuntesdesanluis.com\/index.php\/2024\/07\/12\/arrecia-el-desempleo-cuantos-puestos-de-trabajo-se-perdieron-en-lo-que-va-del-ano\/\"]}]},{\"@type\":\"ImageObject\",\"inLanguage\":\"es-AR\",\"@id\":\"https:\/\/apuntesdesanluis.com\/index.php\/2024\/07\/12\/arrecia-el-desempleo-cuantos-puestos-de-trabajo-se-perdieron-en-lo-que-va-del-ano\/#primaryimage\",\"url\":\"https:\/\/apuntesdesanluis.com\/wp-content\/uploads\/2024\/07\/desocupacion.png\",\"contentUrl\":\"https:\/\/apuntesdesanluis.com\/wp-content\/uploads\/2024\/07\/desocupacion.png\",\"width\":700,\"height\":504},{\"@type\":\"BreadcrumbList\",\"@id\":\"https:\/\/apuntesdesanluis.com\/index.php\/2024\/07\/12\/arrecia-el-desempleo-cuantos-puestos-de-trabajo-se-perdieron-en-lo-que-va-del-ano\/#breadcrumb\",\"itemListElement\":[{\"@type\":\"ListItem\",\"position\":1,\"name\":\"Inicio\",\"item\":\"https:\/\/apuntesdesanluis.com\/\"},{\"@type\":\"ListItem\",\"position\":2,\"name\":\"ARRECIA EL DESEMPLEO: CU\u00c1NTOS PUESTOS DE TRABAJO SE PERDIERON EN LO QUE VA DEL A\u00d1O\"}]},{\"@type\":\"WebSite\",\"@id\":\"https:\/\/apuntesdesanluis.com\/#website\",\"url\":\"https:\/\/apuntesdesanluis.com\/\",\"name\":\"Apuntes de San Luis\",\"description\":\"\",\"publisher\":{\"@id\":\"https:\/\/apuntesdesanluis.com\/#\/schema\/person\/b55151d52296fcce64d1a72538a70b90\"},\"potentialAction\":[{\"@type\":\"SearchAction\",\"target\":{\"@type\":\"EntryPoint\",\"urlTemplate\":\"https:\/\/apuntesdesanluis.com\/?s={search_term_string}\"},\"query-input\":{\"@type\":\"PropertyValueSpecification\",\"valueRequired\":true,\"valueName\":\"search_term_string\"}}],\"inLanguage\":\"es-AR\"},{\"@type\":[\"Person\",\"Organization\"],\"@id\":\"https:\/\/apuntesdesanluis.com\/#\/schema\/person\/b55151d52296fcce64d1a72538a70b90\",\"name\":\"apuntesdesanluis.com\",\"image\":{\"@type\":\"ImageObject\",\"inLanguage\":\"es-AR\",\"@id\":\"https:\/\/apuntesdesanluis.com\/#\/schema\/person\/image\/\",\"url\":\"https:\/\/apuntesdesanluis.com\/wp-content\/uploads\/2023\/07\/cropped-apuntesdesanluis.png\",\"contentUrl\":\"https:\/\/apuntesdesanluis.com\/wp-content\/uploads\/2023\/07\/cropped-apuntesdesanluis.png\",\"width\":450,\"height\":112,\"caption\":\"apuntesdesanluis.com\"},\"logo\":{\"@id\":\"https:\/\/apuntesdesanluis.com\/#\/schema\/person\/image\/\"},\"sameAs\":[\"https:\/\/apuntesdesanluis.com\"],\"url\":\"https:\/\/apuntesdesanluis.com\/index.php\/author\/apuntesdesanluis-com\/\"}]}<\/script>\n<!-- \/ Yoast SEO plugin. -->","yoast_head_json":{"title":"ARRECIA EL DESEMPLEO: CU\u00c1NTOS PUESTOS DE TRABAJO SE PERDIERON EN LO QUE VA DEL A\u00d1O - Apuntes de San Luis","robots":{"index":"index","follow":"follow","max-snippet":"max-snippet:-1","max-image-preview":"max-image-preview:large","max-video-preview":"max-video-preview:-1"},"canonical":"https:\/\/apuntesdesanluis.com\/index.php\/2024\/07\/12\/arrecia-el-desempleo-cuantos-puestos-de-trabajo-se-perdieron-en-lo-que-va-del-ano\/","og_locale":"es_ES","og_type":"article","og_title":"ARRECIA EL DESEMPLEO: CU\u00c1NTOS PUESTOS DE TRABAJO SE PERDIERON EN LO QUE VA DEL A\u00d1O - Apuntes de San Luis","og_description":"La prolongada recesi\u00f3n, la p\u00e9rdida de poder adquisitivo y el cierre de m\u00e1s de 10...","og_url":"https:\/\/apuntesdesanluis.com\/index.php\/2024\/07\/12\/arrecia-el-desempleo-cuantos-puestos-de-trabajo-se-perdieron-en-lo-que-va-del-ano\/","og_site_name":"Apuntes de San Luis","article_published_time":"2024-07-12T23:56:20+00:00","og_image":[{"width":700,"height":504,"url":"https:\/\/apuntesdesanluis.com\/wp-content\/uploads\/2024\/07\/desocupacion.png","type":"image\/png"}],"author":"apuntesdesanluis.com","twitter_card":"summary_large_image","twitter_misc":{"Escrito por":"apuntesdesanluis.com","Tiempo de lectura":"2 minutos"},"schema":{"@context":"https:\/\/schema.org","@graph":[{"@type":"Article","@id":"https:\/\/apuntesdesanluis.com\/index.php\/2024\/07\/12\/arrecia-el-desempleo-cuantos-puestos-de-trabajo-se-perdieron-en-lo-que-va-del-ano\/#article","isPartOf":{"@id":"https:\/\/apuntesdesanluis.com\/index.php\/2024\/07\/12\/arrecia-el-desempleo-cuantos-puestos-de-trabajo-se-perdieron-en-lo-que-va-del-ano\/"},"author":{"name":"apuntesdesanluis.com","@id":"https:\/\/apuntesdesanluis.com\/#\/schema\/person\/b55151d52296fcce64d1a72538a70b90"},"headline":"ARRECIA EL DESEMPLEO: CU\u00c1NTOS PUESTOS DE TRABAJO SE PERDIERON EN LO QUE VA DEL A\u00d1O","datePublished":"2024-07-12T23:56:20+00:00","mainEntityOfPage":{"@id":"https:\/\/apuntesdesanluis.com\/index.php\/2024\/07\/12\/arrecia-el-desempleo-cuantos-puestos-de-trabajo-se-perdieron-en-lo-que-va-del-ano\/"},"wordCount":413,"publisher":{"@id":"https:\/\/apuntesdesanluis.com\/#\/schema\/person\/b55151d52296fcce64d1a72538a70b90"},"image":{"@id":"https:\/\/apuntesdesanluis.com\/index.php\/2024\/07\/12\/arrecia-el-desempleo-cuantos-puestos-de-trabajo-se-perdieron-en-lo-que-va-del-ano\/#primaryimage"},"thumbnailUrl":"https:\/\/apuntesdesanluis.com\/wp-content\/uploads\/2024\/07\/desocupacion.png","articleSection":["Nacionales\/Internacionales"],"inLanguage":"es-AR"},{"@type":"WebPage","@id":"https:\/\/apuntesdesanluis.com\/index.php\/2024\/07\/12\/arrecia-el-desempleo-cuantos-puestos-de-trabajo-se-perdieron-en-lo-que-va-del-ano\/","url":"https:\/\/apuntesdesanluis.com\/index.php\/2024\/07\/12\/arrecia-el-desempleo-cuantos-puestos-de-trabajo-se-perdieron-en-lo-que-va-del-ano\/","name":"ARRECIA EL DESEMPLEO: CU\u00c1NTOS PUESTOS DE TRABAJO SE PERDIERON EN LO QUE VA DEL A\u00d1O - Apuntes de San Luis","isPartOf":{"@id":"https:\/\/apuntesdesanluis.com\/#website"},"primaryImageOfPage":{"@id":"https:\/\/apuntesdesanluis.com\/index.php\/2024\/07\/12\/arrecia-el-desempleo-cuantos-puestos-de-trabajo-se-perdieron-en-lo-que-va-del-ano\/#primaryimage"},"image":{"@id":"https:\/\/apuntesdesanluis.com\/index.php\/2024\/07\/12\/arrecia-el-desempleo-cuantos-puestos-de-trabajo-se-perdieron-en-lo-que-va-del-ano\/#primaryimage"},"thumbnailUrl":"https:\/\/apuntesdesanluis.com\/wp-content\/uploads\/2024\/07\/desocupacion.png","datePublished":"2024-07-12T23:56:20+00:00","breadcrumb":{"@id":"https:\/\/apuntesdesanluis.com\/index.php\/2024\/07\/12\/arrecia-el-desempleo-cuantos-puestos-de-trabajo-se-perdieron-en-lo-que-va-del-ano\/#breadcrumb"},"inLanguage":"es-AR","potentialAction":[{"@type":"ReadAction","target":["https:\/\/apuntesdesanluis.com\/index.php\/2024\/07\/12\/arrecia-el-desempleo-cuantos-puestos-de-trabajo-se-perdieron-en-lo-que-va-del-ano\/"]}]},{"@type":"ImageObject","inLanguage":"es-AR","@id":"https:\/\/apuntesdesanluis.com\/index.php\/2024\/07\/12\/arrecia-el-desempleo-cuantos-puestos-de-trabajo-se-perdieron-en-lo-que-va-del-ano\/#primaryimage","url":"https:\/\/apuntesdesanluis.com\/wp-content\/uploads\/2024\/07\/desocupacion.png","contentUrl":"https:\/\/apuntesdesanluis.com\/wp-content\/uploads\/2024\/07\/desocupacion.png","width":700,"height":504},{"@type":"BreadcrumbList","@id":"https:\/\/apuntesdesanluis.com\/index.php\/2024\/07\/12\/arrecia-el-desempleo-cuantos-puestos-de-trabajo-se-perdieron-en-lo-que-va-del-ano\/#breadcrumb","itemListElement":[{"@type":"ListItem","position":1,"name":"Inicio","item":"https:\/\/apuntesdesanluis.com\/"},{"@type":"ListItem","position":2,"name":"ARRECIA EL DESEMPLEO: CU\u00c1NTOS PUESTOS DE TRABAJO SE PERDIERON EN LO QUE VA DEL A\u00d1O"}]},{"@type":"WebSite","@id":"https:\/\/apuntesdesanluis.com\/#website","url":"https:\/\/apuntesdesanluis.com\/","name":"Apuntes de San Luis","description":"","publisher":{"@id":"https:\/\/apuntesdesanluis.com\/#\/schema\/person\/b55151d52296fcce64d1a72538a70b90"},"potentialAction":[{"@type":"SearchAction","target":{"@type":"EntryPoint","urlTemplate":"https:\/\/apuntesdesanluis.com\/?s={search_term_string}"},"query-input":{"@type":"PropertyValueSpecification","valueRequired":true,"valueName":"search_term_string"}}],"inLanguage":"es-AR"},{"@type":["Person","Organization"],"@id":"https:\/\/apuntesdesanluis.com\/#\/schema\/person\/b55151d52296fcce64d1a72538a70b90","name":"apuntesdesanluis.com","image":{"@type":"ImageObject","inLanguage":"es-AR","@id":"https:\/\/apuntesdesanluis.com\/#\/schema\/person\/image\/","url":"https:\/\/apuntesdesanluis.com\/wp-content\/uploads\/2023\/07\/cropped-apuntesdesanluis.png","contentUrl":"https:\/\/apuntesdesanluis.com\/wp-content\/uploads\/2023\/07\/cropped-apuntesdesanluis.png","width":450,"height":112,"caption":"apuntesdesanluis.com"},"logo":{"@id":"https:\/\/apuntesdesanluis.com\/#\/schema\/person\/image\/"},"sameAs":["https:\/\/apuntesdesanluis.com"],"url":"https:\/\/apuntesdesanluis.com\/index.php\/author\/apuntesdesanluis-com\/"}]}},"featured_image_urls":{"full":["https:\/\/apuntesdesanluis.com\/wp-content\/uploads\/2024\/07\/desocupacion.png",700,504,false],"thumbnail":["https:\/\/apuntesdesanluis.com\/wp-content\/uploads\/2024\/07\/desocupacion-150x150.png",150,150,true],"medium":["https:\/\/apuntesdesanluis.com\/wp-content\/uploads\/2024\/07\/desocupacion-300x216.png",300,216,true],"medium_large":["https:\/\/apuntesdesanluis.com\/wp-content\/uploads\/2024\/07\/desocupacion.png",640,461,false],"large":["https:\/\/apuntesdesanluis.com\/wp-content\/uploads\/2024\/07\/desocupacion.png",640,461,false],"1536x1536":["https:\/\/apuntesdesanluis.com\/wp-content\/uploads\/2024\/07\/desocupacion.png",700,504,false],"2048x2048":["https:\/\/apuntesdesanluis.com\/wp-content\/uploads\/2024\/07\/desocupacion.png",700,504,false],"newsever-slider-full":["https:\/\/apuntesdesanluis.com\/wp-content\/uploads\/2024\/07\/desocupacion.png",700,504,false],"newsever-featured":["https:\/\/apuntesdesanluis.com\/wp-content\/uploads\/2024\/07\/desocupacion.png",700,504,false],"newsever-medium":["https:\/\/apuntesdesanluis.com\/wp-content\/uploads\/2024\/07\/desocupacion-700x475.png",700,475,true]},"author_info":{"display_name":"apuntesdesanluis.com","author_link":"https:\/\/apuntesdesanluis.com\/index.php\/author\/apuntesdesanluis-com\/"},"category_info":"<a href=\"https:\/\/apuntesdesanluis.com\/index.php\/category\/nacionales-internacionales\/\" rel=\"category tag\">Nacionales\/Internacionales<\/a>","tag_info":"Nacionales\/Internacionales","comment_count":"0","_links":{"self":[{"href":"https:\/\/apuntesdesanluis.com\/index.php\/wp-json\/wp\/v2\/posts\/19168","targetHints":{"allow":["GET"]}}],"collection":[{"href":"https:\/\/apuntesdesanluis.com\/index.php\/wp-json\/wp\/v2\/posts"}],"about":[{"href":"https:\/\/apuntesdesanluis.com\/index.php\/wp-json\/wp\/v2\/types\/post"}],"author":[{"embeddable":true,"href":"https:\/\/apuntesdesanluis.com\/index.php\/wp-json\/wp\/v2\/users\/1"}],"replies":[{"embeddable":true,"href":"https:\/\/apuntesdesanluis.com\/index.php\/wp-json\/wp\/v2\/comments?post=19168"}],"version-history":[{"count":1,"href":"https:\/\/apuntesdesanluis.com\/index.php\/wp-json\/wp\/v2\/posts\/19168\/revisions"}],"predecessor-version":[{"id":19170,"href":"https:\/\/apuntesdesanluis.com\/index.php\/wp-json\/wp\/v2\/posts\/19168\/revisions\/19170"}],"wp:featuredmedia":[{"embeddable":true,"href":"https:\/\/apuntesdesanluis.com\/index.php\/wp-json\/wp\/v2\/media\/19169"}],"wp:attachment":[{"href":"https:\/\/apuntesdesanluis.com\/index.php\/wp-json\/wp\/v2\/media?parent=19168"}],"wp:term":[{"taxonomy":"category","embeddable":true,"href":"https:\/\/apuntesdesanluis.com\/index.php\/wp-json\/wp\/v2\/categories?post=19168"},{"taxonomy":"post_tag","embeddable":true,"href":"https:\/\/apuntesdesanluis.com\/index.php\/wp-json\/wp\/v2\/tags?post=19168"}],"curies":[{"name":"wp","href":"https:\/\/api.w.org\/{rel}","templated":true}]}}