{"id":19184,"date":"2024-07-12T21:33:02","date_gmt":"2024-07-13T00:33:02","guid":{"rendered":"https:\/\/apuntesdesanluis.com\/?p=19184"},"modified":"2024-07-12T21:33:02","modified_gmt":"2024-07-13T00:33:02","slug":"el-6-de-diciembre-se-realizara-la-subasta-de-la-casa-de-san-luis-en-buenos-aires","status":"publish","type":"post","link":"https:\/\/apuntesdesanluis.com\/index.php\/2024\/07\/12\/el-6-de-diciembre-se-realizara-la-subasta-de-la-casa-de-san-luis-en-buenos-aires\/","title":{"rendered":"EL 6 DE DICIEMBRE SE REALIZAR\u00c1 LA SUBASTA DE LA CASA DE SAN LUIS EN BUENOS AIRES"},"content":{"rendered":"<h3>Los fondos recaudados ser\u00e1n reinvertidos en la reparaci\u00f3n del <strong>Policl\u00ednico Regional de Villa Mercedes<\/strong>. \u201cLos mercedinos y los trabajadores del hospital volver\u00e1n a sentirse orgullosos de un centro de salud que ser\u00e1 modelo\u201d, dijo este jueves el Gobernador durante la inauguraci\u00f3n de las primeras refacciones. La Casa de San Luis, en tanto, tendr\u00e1 una nueva locaci\u00f3n.<\/h3>\n<h3>El pasado 28 de junio, el gobernador <strong>Claudio Poggi<\/strong>, rubric\u00f3 el decreto de promulgaci\u00f3n de la ley que autoriza la venta del inmueble donde funciona la Casa de San Luis.<\/h3>\n<h3>La casona est\u00e1 ubicada en Azcu\u00e9naga 1087, en el coraz\u00f3n del barrio de Recoleta, una de las zonas m\u00e1s lujosas de CABA. La inversi\u00f3n destinada a sostener sus m\u00e1s de 1.400 metros cuadrados distribuidos en cuatro pisos, con ascensores y m\u00faltiples salas de reuniones, constitu\u00eda un precio demasiado elevado para las prestaciones poco productivas que le pod\u00eda ofrecer a la comunidad de San Luis.<\/h3>\n<h3>Desde el Gobierno se contempla trasladar la Casa de San Luis a un lugar m\u00e1s funcional, al que los sanluise\u00f1os puedan acceder de forma f\u00e1cil y donde se encuentren con oficinas con personal para recibir tr\u00e1mites y promocionar el turismo de la provincia.<\/h3>\n<h3><strong>UN COMPROMISO ASUMIDO<\/strong><\/h3>\n<h3>Este jueves 11, el Gobernador reiter\u00f3 su compromiso de reconstruir el Hospital \u2018Juan Domingo Per\u00f3n\u2019, que fue seriamente da\u00f1ado en su infraestructura por una tormenta que azot\u00f3 Villa Mercedes, sumado al abandono de la gesti\u00f3n anterior, que nunca avanz\u00f3 con las obras necesarias para mantenerlo.<\/h3>\n<p><img fetchpriority=\"high\" decoding=\"async\" class=\"wp-image-19186 aligncenter\" src=\"https:\/\/apuntesdesanluis.com\/wp-content\/uploads\/2024\/07\/ANUNCIO-DE-POGGI-300x173.png\" alt=\"\" width=\"616\" height=\"355\" srcset=\"https:\/\/apuntesdesanluis.com\/wp-content\/uploads\/2024\/07\/ANUNCIO-DE-POGGI-300x173.png 300w, https:\/\/apuntesdesanluis.com\/wp-content\/uploads\/2024\/07\/ANUNCIO-DE-POGGI.png 600w\" sizes=\"(max-width: 616px) 100vw, 616px\" \/><\/p>\n<h3>\u201cEs un compromiso que ratifico en este momento. Se va a reconstruir y se va a modernizar. Los mercedinos y los ciudadanos de localidades vecinas volver\u00e1n a sentirse orgullosos del policl\u00ednico de Villa Mercedes y los trabajadores de la casa tambi\u00e9n. Me comprometo hoy ante todos ustedes que este hospital va a ser modelo. Hoy estamos dando un primer paso\u201d, reiter\u00f3 el gobernador, Claudio Poggi.<\/h3>\n<p>&nbsp;<\/p>\n<p>&nbsp;<\/p>\n<p>&nbsp;<\/p>\n<h3><\/h3>\n<h3><\/h3>\n<h3><\/h3>\n<h3><\/h3>\n","protected":false},"excerpt":{"rendered":"<p>Los fondos recaudados ser\u00e1n reinvertidos en la reparaci\u00f3n del Policl\u00ednico Regional de Villa Mercedes. \u201cLos&#8230;<\/p>\n","protected":false},"author":1,"featured_media":19185,"comment_status":"closed","ping_status":"closed","sticky":false,"template":"","format":"standard","meta":{"footnotes":""},"categories":[6],"tags":[],"class_list":["post-19184","post","type-post","status-publish","format-standard","has-post-thumbnail","hentry","category-ciudad-provincia"],"yoast_head":"<!-- This site is optimized with the Yoast SEO plugin v26.1.1 - https:\/\/yoast.com\/wordpress\/plugins\/seo\/ -->\n<title>EL 6 DE DICIEMBRE SE REALIZAR\u00c1 LA SUBASTA DE LA CASA DE SAN LUIS EN BUENOS AIRES - Apuntes de San Luis<\/title>\n<meta name=\"robots\" content=\"index, follow, max-snippet:-1, max-image-preview:large, max-video-preview:-1\" \/>\n<link rel=\"canonical\" href=\"https:\/\/apuntesdesanluis.com\/index.php\/2024\/07\/12\/el-6-de-diciembre-se-realizara-la-subasta-de-la-casa-de-san-luis-en-buenos-aires\/\" \/>\n<meta property=\"og:locale\" content=\"es_ES\" \/>\n<meta property=\"og:type\" content=\"article\" \/>\n<meta property=\"og:title\" content=\"EL 6 DE DICIEMBRE SE REALIZAR\u00c1 LA SUBASTA DE LA CASA DE SAN LUIS EN BUENOS AIRES - Apuntes de San Luis\" \/>\n<meta property=\"og:description\" content=\"Los fondos recaudados ser\u00e1n reinvertidos en la reparaci\u00f3n del Policl\u00ednico Regional de Villa Mercedes. \u201cLos...\" \/>\n<meta property=\"og:url\" content=\"https:\/\/apuntesdesanluis.com\/index.php\/2024\/07\/12\/el-6-de-diciembre-se-realizara-la-subasta-de-la-casa-de-san-luis-en-buenos-aires\/\" \/>\n<meta property=\"og:site_name\" content=\"Apuntes de San Luis\" \/>\n<meta property=\"article:published_time\" content=\"2024-07-13T00:33:02+00:00\" \/>\n<meta property=\"og:image\" content=\"https:\/\/apuntesdesanluis.com\/wp-content\/uploads\/2024\/07\/CASA-DE-SAN-LUIS.png\" \/>\n\t<meta property=\"og:image:width\" content=\"700\" \/>\n\t<meta property=\"og:image:height\" content=\"427\" \/>\n\t<meta property=\"og:image:type\" content=\"image\/png\" \/>\n<meta name=\"author\" content=\"apuntesdesanluis.com\" \/>\n<meta name=\"twitter:card\" content=\"summary_large_image\" \/>\n<meta name=\"twitter:label1\" content=\"Escrito por\" \/>\n\t<meta name=\"twitter:data1\" content=\"apuntesdesanluis.com\" \/>\n\t<meta name=\"twitter:label2\" content=\"Tiempo de lectura\" \/>\n\t<meta name=\"twitter:data2\" content=\"2 minutos\" \/>\n<script type=\"application\/ld+json\" class=\"yoast-schema-graph\">{\"@context\":\"https:\/\/schema.org\",\"@graph\":[{\"@type\":\"Article\",\"@id\":\"https:\/\/apuntesdesanluis.com\/index.php\/2024\/07\/12\/el-6-de-diciembre-se-realizara-la-subasta-de-la-casa-de-san-luis-en-buenos-aires\/#article\",\"isPartOf\":{\"@id\":\"https:\/\/apuntesdesanluis.com\/index.php\/2024\/07\/12\/el-6-de-diciembre-se-realizara-la-subasta-de-la-casa-de-san-luis-en-buenos-aires\/\"},\"author\":{\"name\":\"apuntesdesanluis.com\",\"@id\":\"https:\/\/apuntesdesanluis.com\/#\/schema\/person\/b55151d52296fcce64d1a72538a70b90\"},\"headline\":\"EL 6 DE DICIEMBRE SE REALIZAR\u00c1 LA SUBASTA DE LA CASA DE SAN LUIS EN BUENOS AIRES\",\"datePublished\":\"2024-07-13T00:33:02+00:00\",\"mainEntityOfPage\":{\"@id\":\"https:\/\/apuntesdesanluis.com\/index.php\/2024\/07\/12\/el-6-de-diciembre-se-realizara-la-subasta-de-la-casa-de-san-luis-en-buenos-aires\/\"},\"wordCount\":346,\"publisher\":{\"@id\":\"https:\/\/apuntesdesanluis.com\/#\/schema\/person\/b55151d52296fcce64d1a72538a70b90\"},\"image\":{\"@id\":\"https:\/\/apuntesdesanluis.com\/index.php\/2024\/07\/12\/el-6-de-diciembre-se-realizara-la-subasta-de-la-casa-de-san-luis-en-buenos-aires\/#primaryimage\"},\"thumbnailUrl\":\"https:\/\/apuntesdesanluis.com\/wp-content\/uploads\/2024\/07\/CASA-DE-SAN-LUIS.png\",\"articleSection\":[\"Ciudad\/Provincia\"],\"inLanguage\":\"es-AR\"},{\"@type\":\"WebPage\",\"@id\":\"https:\/\/apuntesdesanluis.com\/index.php\/2024\/07\/12\/el-6-de-diciembre-se-realizara-la-subasta-de-la-casa-de-san-luis-en-buenos-aires\/\",\"url\":\"https:\/\/apuntesdesanluis.com\/index.php\/2024\/07\/12\/el-6-de-diciembre-se-realizara-la-subasta-de-la-casa-de-san-luis-en-buenos-aires\/\",\"name\":\"EL 6 DE DICIEMBRE SE REALIZAR\u00c1 LA SUBASTA DE LA CASA DE SAN LUIS EN BUENOS AIRES - Apuntes de San Luis\",\"isPartOf\":{\"@id\":\"https:\/\/apuntesdesanluis.com\/#website\"},\"primaryImageOfPage\":{\"@id\":\"https:\/\/apuntesdesanluis.com\/index.php\/2024\/07\/12\/el-6-de-diciembre-se-realizara-la-subasta-de-la-casa-de-san-luis-en-buenos-aires\/#primaryimage\"},\"image\":{\"@id\":\"https:\/\/apuntesdesanluis.com\/index.php\/2024\/07\/12\/el-6-de-diciembre-se-realizara-la-subasta-de-la-casa-de-san-luis-en-buenos-aires\/#primaryimage\"},\"thumbnailUrl\":\"https:\/\/apuntesdesanluis.com\/wp-content\/uploads\/2024\/07\/CASA-DE-SAN-LUIS.png\",\"datePublished\":\"2024-07-13T00:33:02+00:00\",\"breadcrumb\":{\"@id\":\"https:\/\/apuntesdesanluis.com\/index.php\/2024\/07\/12\/el-6-de-diciembre-se-realizara-la-subasta-de-la-casa-de-san-luis-en-buenos-aires\/#breadcrumb\"},\"inLanguage\":\"es-AR\",\"potentialAction\":[{\"@type\":\"ReadAction\",\"target\":[\"https:\/\/apuntesdesanluis.com\/index.php\/2024\/07\/12\/el-6-de-diciembre-se-realizara-la-subasta-de-la-casa-de-san-luis-en-buenos-aires\/\"]}]},{\"@type\":\"ImageObject\",\"inLanguage\":\"es-AR\",\"@id\":\"https:\/\/apuntesdesanluis.com\/index.php\/2024\/07\/12\/el-6-de-diciembre-se-realizara-la-subasta-de-la-casa-de-san-luis-en-buenos-aires\/#primaryimage\",\"url\":\"https:\/\/apuntesdesanluis.com\/wp-content\/uploads\/2024\/07\/CASA-DE-SAN-LUIS.png\",\"contentUrl\":\"https:\/\/apuntesdesanluis.com\/wp-content\/uploads\/2024\/07\/CASA-DE-SAN-LUIS.png\",\"width\":700,\"height\":427},{\"@type\":\"BreadcrumbList\",\"@id\":\"https:\/\/apuntesdesanluis.com\/index.php\/2024\/07\/12\/el-6-de-diciembre-se-realizara-la-subasta-de-la-casa-de-san-luis-en-buenos-aires\/#breadcrumb\",\"itemListElement\":[{\"@type\":\"ListItem\",\"position\":1,\"name\":\"Inicio\",\"item\":\"https:\/\/apuntesdesanluis.com\/\"},{\"@type\":\"ListItem\",\"position\":2,\"name\":\"EL 6 DE DICIEMBRE SE REALIZAR\u00c1 LA SUBASTA DE LA CASA DE SAN LUIS EN BUENOS AIRES\"}]},{\"@type\":\"WebSite\",\"@id\":\"https:\/\/apuntesdesanluis.com\/#website\",\"url\":\"https:\/\/apuntesdesanluis.com\/\",\"name\":\"Apuntes de San Luis\",\"description\":\"\",\"publisher\":{\"@id\":\"https:\/\/apuntesdesanluis.com\/#\/schema\/person\/b55151d52296fcce64d1a72538a70b90\"},\"potentialAction\":[{\"@type\":\"SearchAction\",\"target\":{\"@type\":\"EntryPoint\",\"urlTemplate\":\"https:\/\/apuntesdesanluis.com\/?s={search_term_string}\"},\"query-input\":{\"@type\":\"PropertyValueSpecification\",\"valueRequired\":true,\"valueName\":\"search_term_string\"}}],\"inLanguage\":\"es-AR\"},{\"@type\":[\"Person\",\"Organization\"],\"@id\":\"https:\/\/apuntesdesanluis.com\/#\/schema\/person\/b55151d52296fcce64d1a72538a70b90\",\"name\":\"apuntesdesanluis.com\",\"image\":{\"@type\":\"ImageObject\",\"inLanguage\":\"es-AR\",\"@id\":\"https:\/\/apuntesdesanluis.com\/#\/schema\/person\/image\/\",\"url\":\"https:\/\/apuntesdesanluis.com\/wp-content\/uploads\/2023\/07\/cropped-apuntesdesanluis.png\",\"contentUrl\":\"https:\/\/apuntesdesanluis.com\/wp-content\/uploads\/2023\/07\/cropped-apuntesdesanluis.png\",\"width\":450,\"height\":112,\"caption\":\"apuntesdesanluis.com\"},\"logo\":{\"@id\":\"https:\/\/apuntesdesanluis.com\/#\/schema\/person\/image\/\"},\"sameAs\":[\"https:\/\/apuntesdesanluis.com\"],\"url\":\"https:\/\/apuntesdesanluis.com\/index.php\/author\/apuntesdesanluis-com\/\"}]}<\/script>\n<!-- \/ Yoast SEO plugin. -->","yoast_head_json":{"title":"EL 6 DE DICIEMBRE SE REALIZAR\u00c1 LA SUBASTA DE LA CASA DE SAN LUIS EN BUENOS AIRES - Apuntes de San Luis","robots":{"index":"index","follow":"follow","max-snippet":"max-snippet:-1","max-image-preview":"max-image-preview:large","max-video-preview":"max-video-preview:-1"},"canonical":"https:\/\/apuntesdesanluis.com\/index.php\/2024\/07\/12\/el-6-de-diciembre-se-realizara-la-subasta-de-la-casa-de-san-luis-en-buenos-aires\/","og_locale":"es_ES","og_type":"article","og_title":"EL 6 DE DICIEMBRE SE REALIZAR\u00c1 LA SUBASTA DE LA CASA DE SAN LUIS EN BUENOS AIRES - Apuntes de San Luis","og_description":"Los fondos recaudados ser\u00e1n reinvertidos en la reparaci\u00f3n del Policl\u00ednico Regional de Villa Mercedes. \u201cLos...","og_url":"https:\/\/apuntesdesanluis.com\/index.php\/2024\/07\/12\/el-6-de-diciembre-se-realizara-la-subasta-de-la-casa-de-san-luis-en-buenos-aires\/","og_site_name":"Apuntes de San Luis","article_published_time":"2024-07-13T00:33:02+00:00","og_image":[{"width":700,"height":427,"url":"https:\/\/apuntesdesanluis.com\/wp-content\/uploads\/2024\/07\/CASA-DE-SAN-LUIS.png","type":"image\/png"}],"author":"apuntesdesanluis.com","twitter_card":"summary_large_image","twitter_misc":{"Escrito por":"apuntesdesanluis.com","Tiempo de lectura":"2 minutos"},"schema":{"@context":"https:\/\/schema.org","@graph":[{"@type":"Article","@id":"https:\/\/apuntesdesanluis.com\/index.php\/2024\/07\/12\/el-6-de-diciembre-se-realizara-la-subasta-de-la-casa-de-san-luis-en-buenos-aires\/#article","isPartOf":{"@id":"https:\/\/apuntesdesanluis.com\/index.php\/2024\/07\/12\/el-6-de-diciembre-se-realizara-la-subasta-de-la-casa-de-san-luis-en-buenos-aires\/"},"author":{"name":"apuntesdesanluis.com","@id":"https:\/\/apuntesdesanluis.com\/#\/schema\/person\/b55151d52296fcce64d1a72538a70b90"},"headline":"EL 6 DE DICIEMBRE SE REALIZAR\u00c1 LA SUBASTA DE LA CASA DE SAN LUIS EN BUENOS AIRES","datePublished":"2024-07-13T00:33:02+00:00","mainEntityOfPage":{"@id":"https:\/\/apuntesdesanluis.com\/index.php\/2024\/07\/12\/el-6-de-diciembre-se-realizara-la-subasta-de-la-casa-de-san-luis-en-buenos-aires\/"},"wordCount":346,"publisher":{"@id":"https:\/\/apuntesdesanluis.com\/#\/schema\/person\/b55151d52296fcce64d1a72538a70b90"},"image":{"@id":"https:\/\/apuntesdesanluis.com\/index.php\/2024\/07\/12\/el-6-de-diciembre-se-realizara-la-subasta-de-la-casa-de-san-luis-en-buenos-aires\/#primaryimage"},"thumbnailUrl":"https:\/\/apuntesdesanluis.com\/wp-content\/uploads\/2024\/07\/CASA-DE-SAN-LUIS.png","articleSection":["Ciudad\/Provincia"],"inLanguage":"es-AR"},{"@type":"WebPage","@id":"https:\/\/apuntesdesanluis.com\/index.php\/2024\/07\/12\/el-6-de-diciembre-se-realizara-la-subasta-de-la-casa-de-san-luis-en-buenos-aires\/","url":"https:\/\/apuntesdesanluis.com\/index.php\/2024\/07\/12\/el-6-de-diciembre-se-realizara-la-subasta-de-la-casa-de-san-luis-en-buenos-aires\/","name":"EL 6 DE DICIEMBRE SE REALIZAR\u00c1 LA SUBASTA DE LA CASA DE SAN LUIS EN BUENOS AIRES - Apuntes de San Luis","isPartOf":{"@id":"https:\/\/apuntesdesanluis.com\/#website"},"primaryImageOfPage":{"@id":"https:\/\/apuntesdesanluis.com\/index.php\/2024\/07\/12\/el-6-de-diciembre-se-realizara-la-subasta-de-la-casa-de-san-luis-en-buenos-aires\/#primaryimage"},"image":{"@id":"https:\/\/apuntesdesanluis.com\/index.php\/2024\/07\/12\/el-6-de-diciembre-se-realizara-la-subasta-de-la-casa-de-san-luis-en-buenos-aires\/#primaryimage"},"thumbnailUrl":"https:\/\/apuntesdesanluis.com\/wp-content\/uploads\/2024\/07\/CASA-DE-SAN-LUIS.png","datePublished":"2024-07-13T00:33:02+00:00","breadcrumb":{"@id":"https:\/\/apuntesdesanluis.com\/index.php\/2024\/07\/12\/el-6-de-diciembre-se-realizara-la-subasta-de-la-casa-de-san-luis-en-buenos-aires\/#breadcrumb"},"inLanguage":"es-AR","potentialAction":[{"@type":"ReadAction","target":["https:\/\/apuntesdesanluis.com\/index.php\/2024\/07\/12\/el-6-de-diciembre-se-realizara-la-subasta-de-la-casa-de-san-luis-en-buenos-aires\/"]}]},{"@type":"ImageObject","inLanguage":"es-AR","@id":"https:\/\/apuntesdesanluis.com\/index.php\/2024\/07\/12\/el-6-de-diciembre-se-realizara-la-subasta-de-la-casa-de-san-luis-en-buenos-aires\/#primaryimage","url":"https:\/\/apuntesdesanluis.com\/wp-content\/uploads\/2024\/07\/CASA-DE-SAN-LUIS.png","contentUrl":"https:\/\/apuntesdesanluis.com\/wp-content\/uploads\/2024\/07\/CASA-DE-SAN-LUIS.png","width":700,"height":427},{"@type":"BreadcrumbList","@id":"https:\/\/apuntesdesanluis.com\/index.php\/2024\/07\/12\/el-6-de-diciembre-se-realizara-la-subasta-de-la-casa-de-san-luis-en-buenos-aires\/#breadcrumb","itemListElement":[{"@type":"ListItem","position":1,"name":"Inicio","item":"https:\/\/apuntesdesanluis.com\/"},{"@type":"ListItem","position":2,"name":"EL 6 DE DICIEMBRE SE REALIZAR\u00c1 LA SUBASTA DE LA CASA DE SAN LUIS EN BUENOS AIRES"}]},{"@type":"WebSite","@id":"https:\/\/apuntesdesanluis.com\/#website","url":"https:\/\/apuntesdesanluis.com\/","name":"Apuntes de San Luis","description":"","publisher":{"@id":"https:\/\/apuntesdesanluis.com\/#\/schema\/person\/b55151d52296fcce64d1a72538a70b90"},"potentialAction":[{"@type":"SearchAction","target":{"@type":"EntryPoint","urlTemplate":"https:\/\/apuntesdesanluis.com\/?s={search_term_string}"},"query-input":{"@type":"PropertyValueSpecification","valueRequired":true,"valueName":"search_term_string"}}],"inLanguage":"es-AR"},{"@type":["Person","Organization"],"@id":"https:\/\/apuntesdesanluis.com\/#\/schema\/person\/b55151d52296fcce64d1a72538a70b90","name":"apuntesdesanluis.com","image":{"@type":"ImageObject","inLanguage":"es-AR","@id":"https:\/\/apuntesdesanluis.com\/#\/schema\/person\/image\/","url":"https:\/\/apuntesdesanluis.com\/wp-content\/uploads\/2023\/07\/cropped-apuntesdesanluis.png","contentUrl":"https:\/\/apuntesdesanluis.com\/wp-content\/uploads\/2023\/07\/cropped-apuntesdesanluis.png","width":450,"height":112,"caption":"apuntesdesanluis.com"},"logo":{"@id":"https:\/\/apuntesdesanluis.com\/#\/schema\/person\/image\/"},"sameAs":["https:\/\/apuntesdesanluis.com"],"url":"https:\/\/apuntesdesanluis.com\/index.php\/author\/apuntesdesanluis-com\/"}]}},"featured_image_urls":{"full":["https:\/\/apuntesdesanluis.com\/wp-content\/uploads\/2024\/07\/CASA-DE-SAN-LUIS.png",700,427,false],"thumbnail":["https:\/\/apuntesdesanluis.com\/wp-content\/uploads\/2024\/07\/CASA-DE-SAN-LUIS-150x150.png",150,150,true],"medium":["https:\/\/apuntesdesanluis.com\/wp-content\/uploads\/2024\/07\/CASA-DE-SAN-LUIS-300x183.png",300,183,true],"medium_large":["https:\/\/apuntesdesanluis.com\/wp-content\/uploads\/2024\/07\/CASA-DE-SAN-LUIS.png",640,390,false],"large":["https:\/\/apuntesdesanluis.com\/wp-content\/uploads\/2024\/07\/CASA-DE-SAN-LUIS.png",640,390,false],"1536x1536":["https:\/\/apuntesdesanluis.com\/wp-content\/uploads\/2024\/07\/CASA-DE-SAN-LUIS.png",700,427,false],"2048x2048":["https:\/\/apuntesdesanluis.com\/wp-content\/uploads\/2024\/07\/CASA-DE-SAN-LUIS.png",700,427,false],"newsever-slider-full":["https:\/\/apuntesdesanluis.com\/wp-content\/uploads\/2024\/07\/CASA-DE-SAN-LUIS.png",700,427,false],"newsever-featured":["https:\/\/apuntesdesanluis.com\/wp-content\/uploads\/2024\/07\/CASA-DE-SAN-LUIS.png",700,427,false],"newsever-medium":["https:\/\/apuntesdesanluis.com\/wp-content\/uploads\/2024\/07\/CASA-DE-SAN-LUIS.png",700,427,false]},"author_info":{"display_name":"apuntesdesanluis.com","author_link":"https:\/\/apuntesdesanluis.com\/index.php\/author\/apuntesdesanluis-com\/"},"category_info":"<a href=\"https:\/\/apuntesdesanluis.com\/index.php\/category\/ciudad-provincia\/\" rel=\"category tag\">Ciudad\/Provincia<\/a>","tag_info":"Ciudad\/Provincia","comment_count":"0","_links":{"self":[{"href":"https:\/\/apuntesdesanluis.com\/index.php\/wp-json\/wp\/v2\/posts\/19184","targetHints":{"allow":["GET"]}}],"collection":[{"href":"https:\/\/apuntesdesanluis.com\/index.php\/wp-json\/wp\/v2\/posts"}],"about":[{"href":"https:\/\/apuntesdesanluis.com\/index.php\/wp-json\/wp\/v2\/types\/post"}],"author":[{"embeddable":true,"href":"https:\/\/apuntesdesanluis.com\/index.php\/wp-json\/wp\/v2\/users\/1"}],"replies":[{"embeddable":true,"href":"https:\/\/apuntesdesanluis.com\/index.php\/wp-json\/wp\/v2\/comments?post=19184"}],"version-history":[{"count":1,"href":"https:\/\/apuntesdesanluis.com\/index.php\/wp-json\/wp\/v2\/posts\/19184\/revisions"}],"predecessor-version":[{"id":19187,"href":"https:\/\/apuntesdesanluis.com\/index.php\/wp-json\/wp\/v2\/posts\/19184\/revisions\/19187"}],"wp:featuredmedia":[{"embeddable":true,"href":"https:\/\/apuntesdesanluis.com\/index.php\/wp-json\/wp\/v2\/media\/19185"}],"wp:attachment":[{"href":"https:\/\/apuntesdesanluis.com\/index.php\/wp-json\/wp\/v2\/media?parent=19184"}],"wp:term":[{"taxonomy":"category","embeddable":true,"href":"https:\/\/apuntesdesanluis.com\/index.php\/wp-json\/wp\/v2\/categories?post=19184"},{"taxonomy":"post_tag","embeddable":true,"href":"https:\/\/apuntesdesanluis.com\/index.php\/wp-json\/wp\/v2\/tags?post=19184"}],"curies":[{"name":"wp","href":"https:\/\/api.w.org\/{rel}","templated":true}]}}