{"id":19209,"date":"2024-07-13T20:14:53","date_gmt":"2024-07-13T23:14:53","guid":{"rendered":"https:\/\/apuntesdesanluis.com\/?p=19209"},"modified":"2024-07-13T20:14:53","modified_gmt":"2024-07-13T23:14:53","slug":"poggi-anuncio-que-el-proximo-ano-abrira-la-inscripcion-a-viviendas","status":"publish","type":"post","link":"https:\/\/apuntesdesanluis.com\/index.php\/2024\/07\/13\/poggi-anuncio-que-el-proximo-ano-abrira-la-inscripcion-a-viviendas\/","title":{"rendered":"POGGI ANUNCI\u00d3 QUE EL PR\u00d3XIMO A\u00d1O ABRIR\u00c1 LA INSCRIPCI\u00d3N A VIVIENDAS"},"content":{"rendered":"<h3>El gobernador <strong>Claudio Poggi<\/strong> lanz\u00f3 el programa habitacional que llevar\u00e1 adelante durante su gesti\u00f3n y que es pol\u00edtica de Estado. Los primeros en acceder ser\u00e1n los que se inscribieron en 2011 y a diciembre de 2015 estaban al d\u00eda con el pago de las cuotas. El pr\u00f3ximo a\u00f1o se abrir\u00e1 un nuevo llamado a inscripci\u00f3n para el resto de los habitantes de San Luis con un nombre del plan que lo dice todo: \u2018Tenemos futuro\u2019.<\/h3>\n<h3>Este s\u00e1bado en un Ave F\u00e9nix colmado de familias, el primer mandatario ratific\u00f3 que cumplir\u00e1 con la palabra empe\u00f1ada durante su primera gesti\u00f3n y le entregar\u00e1 la vivienda a quienes se inscribieron en 2011 en los planes Progreso y Sue\u00f1os.<\/h3>\n<p><iframe title=\"Claudio Poggi, Gobernador de San Luis\" width=\"640\" height=\"360\" src=\"https:\/\/www.youtube.com\/embed\/djT9QX0zycs?feature=oembed\" frameborder=\"0\" allow=\"accelerometer; autoplay; clipboard-write; encrypted-media; gyroscope; picture-in-picture; web-share\" referrerpolicy=\"strict-origin-when-cross-origin\" allowfullscreen><\/iframe><\/p>\n<h3>Fue durante un emotivo acto con 1.300 familias en el que la esperanza y la felicidad fueron protagonistas. L\u00e1grimas de alegr\u00eda y sonrisas colmaron los rostros de los que en su momento fueron pre adjudicatarios de viviendas sociales y vieron truncado su sue\u00f1o por la mala gesti\u00f3n de quien asumi\u00f3 el Gobierno en 2015 luego de Poggi.<\/h3>\n<h3>Llegaron desde todos los rincones de la provincia y algunos hasta trajeron carteles. \u2018Gracias\u2019 y \u2018Sue\u00f1o cumplido\u2019 fueron las palabras m\u00e1s utilizadas para reflejar lo que sent\u00edan.<\/h3>\n<h3><img fetchpriority=\"high\" decoding=\"async\" class=\"wp-image-19211 aligncenter\" src=\"https:\/\/apuntesdesanluis.com\/wp-content\/uploads\/2024\/07\/CARTELITO-300x185.png\" alt=\"\" width=\"641\" height=\"395\" srcset=\"https:\/\/apuntesdesanluis.com\/wp-content\/uploads\/2024\/07\/CARTELITO-300x185.png 300w, https:\/\/apuntesdesanluis.com\/wp-content\/uploads\/2024\/07\/CARTELITO.png 600w\" sizes=\"(max-width: 641px) 100vw, 641px\" \/><\/h3>\n<h3>\u201cHoy comenzamos a cumplir con ustedes la palabra empe\u00f1ada, vuelve en San Luis el acceso a la casa propia\u201d, le dijo el Gobernador a la multitud, que hab\u00eda sido invitada de manera telef\u00f3nica en los \u00faltimos d\u00edas para recibir la buena noticia.<\/h3>\n<h3>\u201cTodas las familias afectadas por la injusticia que cometi\u00f3 el gobierno anterior han sido invitadas de manera personalizada a esta reuni\u00f3n. Ustedes, que desde la Navidad de 2016 deber\u00edan estar en su casa. Pero sufrieron una injusticia, un atropello, algo perverso. Les hicieron sufrir todos estos a\u00f1os. Dejamos la plata el 10 de diciembre de 2015. De buena fe. Y usaron la plata para otra cosa, por eso no pudieron brindar en sus casas en la siguiente Navidad. Hoy comenzamos a revertir esa injusticia con las 1.300 familias que esperan por su vivienda\u201d.<\/h3>\n<h3>Ahora comienza un fuerte trabajo organizativo para acompa\u00f1ar el gran esfuerzo que har\u00e1 la provincia en materia econ\u00f3mica. Los adjudicatarios tendr\u00e1n que entregar toda la documentaci\u00f3n en las pr\u00f3ximas tres semanas, a partir del lunes 22 de julio. \u201cLa vamos a recibir hasta el 12 de agosto\u201d, inform\u00f3 Poggi.<\/h3>\n<h3>\u201cLos vamos a ir citando a todos, a todos. No hace falta que el lunes vengan a la direcci\u00f3n de Vivienda. Vamos a dividir la construcci\u00f3n, porque estamos acomodando las finanzas de la provincia. Vamos a dividir la construcci\u00f3n en dos etapas. La primera comienza dentro de 60 d\u00edas e incluir\u00e1 650 casas. Y las otras 650 arrancar\u00e1n en febrero del pr\u00f3ximo a\u00f1o, dentro de cinco meses. Es decir, que la Navidad de 2025 la pasar\u00e1n en sus nuevos hogares\u201d, inform\u00f3.<\/h3>\n<h3>Las cuotas, debido a la delicada situaci\u00f3n del pa\u00eds y de las arcas provinciales, van a tener un ajuste semestral, no ser\u00e1n m\u00e1s fijas como antes. Comenzar\u00e1n pagando 150 mil pesos, ajustables en los meses de junio y diciembre, seg\u00fan la evoluci\u00f3n que tenga el salario m\u00ednimo que informa el Ministerio del Trabajo de la Naci\u00f3n.<\/h3>\n<h3><img decoding=\"async\" class=\"wp-image-19210 aligncenter\" src=\"https:\/\/apuntesdesanluis.com\/wp-content\/uploads\/2024\/07\/CARTELES-300x185.png\" alt=\"\" width=\"615\" height=\"379\" srcset=\"https:\/\/apuntesdesanluis.com\/wp-content\/uploads\/2024\/07\/CARTELES-300x185.png 300w, https:\/\/apuntesdesanluis.com\/wp-content\/uploads\/2024\/07\/CARTELES.png 700w\" sizes=\"(max-width: 615px) 100vw, 615px\" \/><\/h3>\n<h3>\u201cReci\u00e9n van a empezar a pagar la cuota una vez que reciban la casa. Adem\u00e1s, las cuotas que ustedes tienen pagas, sean las que sean, se consideran cuotas pagas en el nuevo plan\u201d, adelant\u00f3 Poggi, quien agreg\u00f3 que \u201ces obviamente una cuota menor a una cuota inicial de una casa de dos dormitorios, un lindo comedor urbano y un lindo patio. Es mucho menor. Esa va a ser la cuota inicial\u201d.<\/h3>\n<h3>En cuanto a quienes esperan poder anotarse en futuros planes de vivienda, El Gobernador dijo que \u201cva a ser entre abril y mayo del pr\u00f3ximo a\u00f1o. Por eso digo que la construcci\u00f3n de viviendas comenz\u00f3 hoy para quedarse, va a ser el caballito de batalla para cumplir los sue\u00f1os y para generar trabajo en la provincia de San Luis para todos los obreros de la construcci\u00f3n\u201d.<\/h3>\n<p>&nbsp;<\/p>\n<p>&nbsp;<\/p>\n<p>&nbsp;<\/p>\n<h3><\/h3>\n<p>&nbsp;<\/p>\n<p>&nbsp;<\/p>\n","protected":false},"excerpt":{"rendered":"<p>El gobernador Claudio Poggi lanz\u00f3 el programa habitacional que llevar\u00e1 adelante durante su gesti\u00f3n y&#8230;<\/p>\n","protected":false},"author":1,"featured_media":19212,"comment_status":"closed","ping_status":"closed","sticky":false,"template":"","format":"standard","meta":{"footnotes":""},"categories":[6],"tags":[],"class_list":["post-19209","post","type-post","status-publish","format-standard","has-post-thumbnail","hentry","category-ciudad-provincia"],"yoast_head":"<!-- This site is optimized with the Yoast SEO plugin v26.1.1 - https:\/\/yoast.com\/wordpress\/plugins\/seo\/ -->\n<title>POGGI ANUNCI\u00d3 QUE EL PR\u00d3XIMO A\u00d1O ABRIR\u00c1 LA INSCRIPCI\u00d3N A VIVIENDAS - Apuntes de San Luis<\/title>\n<meta name=\"robots\" content=\"index, follow, max-snippet:-1, max-image-preview:large, max-video-preview:-1\" \/>\n<link rel=\"canonical\" href=\"https:\/\/apuntesdesanluis.com\/index.php\/2024\/07\/13\/poggi-anuncio-que-el-proximo-ano-abrira-la-inscripcion-a-viviendas\/\" \/>\n<meta property=\"og:locale\" content=\"es_ES\" \/>\n<meta property=\"og:type\" content=\"article\" \/>\n<meta property=\"og:title\" content=\"POGGI ANUNCI\u00d3 QUE EL PR\u00d3XIMO A\u00d1O ABRIR\u00c1 LA INSCRIPCI\u00d3N A VIVIENDAS - Apuntes de San Luis\" \/>\n<meta property=\"og:description\" content=\"El gobernador Claudio Poggi lanz\u00f3 el programa habitacional que llevar\u00e1 adelante durante su gesti\u00f3n y...\" \/>\n<meta property=\"og:url\" content=\"https:\/\/apuntesdesanluis.com\/index.php\/2024\/07\/13\/poggi-anuncio-que-el-proximo-ano-abrira-la-inscripcion-a-viviendas\/\" \/>\n<meta property=\"og:site_name\" content=\"Apuntes de San Luis\" \/>\n<meta property=\"article:published_time\" content=\"2024-07-13T23:14:53+00:00\" \/>\n<meta property=\"og:image\" content=\"https:\/\/apuntesdesanluis.com\/wp-content\/uploads\/2024\/07\/POGGI-5.png\" \/>\n\t<meta property=\"og:image:width\" content=\"700\" \/>\n\t<meta property=\"og:image:height\" content=\"388\" \/>\n\t<meta property=\"og:image:type\" content=\"image\/png\" \/>\n<meta name=\"author\" content=\"apuntesdesanluis.com\" \/>\n<meta name=\"twitter:card\" content=\"summary_large_image\" \/>\n<meta name=\"twitter:label1\" content=\"Escrito por\" \/>\n\t<meta name=\"twitter:data1\" content=\"apuntesdesanluis.com\" \/>\n\t<meta name=\"twitter:label2\" content=\"Tiempo de lectura\" \/>\n\t<meta name=\"twitter:data2\" content=\"4 minutos\" \/>\n<script type=\"application\/ld+json\" class=\"yoast-schema-graph\">{\"@context\":\"https:\/\/schema.org\",\"@graph\":[{\"@type\":\"Article\",\"@id\":\"https:\/\/apuntesdesanluis.com\/index.php\/2024\/07\/13\/poggi-anuncio-que-el-proximo-ano-abrira-la-inscripcion-a-viviendas\/#article\",\"isPartOf\":{\"@id\":\"https:\/\/apuntesdesanluis.com\/index.php\/2024\/07\/13\/poggi-anuncio-que-el-proximo-ano-abrira-la-inscripcion-a-viviendas\/\"},\"author\":{\"name\":\"apuntesdesanluis.com\",\"@id\":\"https:\/\/apuntesdesanluis.com\/#\/schema\/person\/b55151d52296fcce64d1a72538a70b90\"},\"headline\":\"POGGI ANUNCI\u00d3 QUE EL PR\u00d3XIMO A\u00d1O ABRIR\u00c1 LA INSCRIPCI\u00d3N A VIVIENDAS\",\"datePublished\":\"2024-07-13T23:14:53+00:00\",\"mainEntityOfPage\":{\"@id\":\"https:\/\/apuntesdesanluis.com\/index.php\/2024\/07\/13\/poggi-anuncio-que-el-proximo-ano-abrira-la-inscripcion-a-viviendas\/\"},\"wordCount\":723,\"publisher\":{\"@id\":\"https:\/\/apuntesdesanluis.com\/#\/schema\/person\/b55151d52296fcce64d1a72538a70b90\"},\"image\":{\"@id\":\"https:\/\/apuntesdesanluis.com\/index.php\/2024\/07\/13\/poggi-anuncio-que-el-proximo-ano-abrira-la-inscripcion-a-viviendas\/#primaryimage\"},\"thumbnailUrl\":\"https:\/\/apuntesdesanluis.com\/wp-content\/uploads\/2024\/07\/POGGI-5.png\",\"articleSection\":[\"Ciudad\/Provincia\"],\"inLanguage\":\"es-AR\"},{\"@type\":\"WebPage\",\"@id\":\"https:\/\/apuntesdesanluis.com\/index.php\/2024\/07\/13\/poggi-anuncio-que-el-proximo-ano-abrira-la-inscripcion-a-viviendas\/\",\"url\":\"https:\/\/apuntesdesanluis.com\/index.php\/2024\/07\/13\/poggi-anuncio-que-el-proximo-ano-abrira-la-inscripcion-a-viviendas\/\",\"name\":\"POGGI ANUNCI\u00d3 QUE EL PR\u00d3XIMO A\u00d1O ABRIR\u00c1 LA INSCRIPCI\u00d3N A VIVIENDAS - Apuntes de San Luis\",\"isPartOf\":{\"@id\":\"https:\/\/apuntesdesanluis.com\/#website\"},\"primaryImageOfPage\":{\"@id\":\"https:\/\/apuntesdesanluis.com\/index.php\/2024\/07\/13\/poggi-anuncio-que-el-proximo-ano-abrira-la-inscripcion-a-viviendas\/#primaryimage\"},\"image\":{\"@id\":\"https:\/\/apuntesdesanluis.com\/index.php\/2024\/07\/13\/poggi-anuncio-que-el-proximo-ano-abrira-la-inscripcion-a-viviendas\/#primaryimage\"},\"thumbnailUrl\":\"https:\/\/apuntesdesanluis.com\/wp-content\/uploads\/2024\/07\/POGGI-5.png\",\"datePublished\":\"2024-07-13T23:14:53+00:00\",\"breadcrumb\":{\"@id\":\"https:\/\/apuntesdesanluis.com\/index.php\/2024\/07\/13\/poggi-anuncio-que-el-proximo-ano-abrira-la-inscripcion-a-viviendas\/#breadcrumb\"},\"inLanguage\":\"es-AR\",\"potentialAction\":[{\"@type\":\"ReadAction\",\"target\":[\"https:\/\/apuntesdesanluis.com\/index.php\/2024\/07\/13\/poggi-anuncio-que-el-proximo-ano-abrira-la-inscripcion-a-viviendas\/\"]}]},{\"@type\":\"ImageObject\",\"inLanguage\":\"es-AR\",\"@id\":\"https:\/\/apuntesdesanluis.com\/index.php\/2024\/07\/13\/poggi-anuncio-que-el-proximo-ano-abrira-la-inscripcion-a-viviendas\/#primaryimage\",\"url\":\"https:\/\/apuntesdesanluis.com\/wp-content\/uploads\/2024\/07\/POGGI-5.png\",\"contentUrl\":\"https:\/\/apuntesdesanluis.com\/wp-content\/uploads\/2024\/07\/POGGI-5.png\",\"width\":700,\"height\":388},{\"@type\":\"BreadcrumbList\",\"@id\":\"https:\/\/apuntesdesanluis.com\/index.php\/2024\/07\/13\/poggi-anuncio-que-el-proximo-ano-abrira-la-inscripcion-a-viviendas\/#breadcrumb\",\"itemListElement\":[{\"@type\":\"ListItem\",\"position\":1,\"name\":\"Inicio\",\"item\":\"https:\/\/apuntesdesanluis.com\/\"},{\"@type\":\"ListItem\",\"position\":2,\"name\":\"POGGI ANUNCI\u00d3 QUE EL PR\u00d3XIMO A\u00d1O ABRIR\u00c1 LA INSCRIPCI\u00d3N A VIVIENDAS\"}]},{\"@type\":\"WebSite\",\"@id\":\"https:\/\/apuntesdesanluis.com\/#website\",\"url\":\"https:\/\/apuntesdesanluis.com\/\",\"name\":\"Apuntes de San Luis\",\"description\":\"\",\"publisher\":{\"@id\":\"https:\/\/apuntesdesanluis.com\/#\/schema\/person\/b55151d52296fcce64d1a72538a70b90\"},\"potentialAction\":[{\"@type\":\"SearchAction\",\"target\":{\"@type\":\"EntryPoint\",\"urlTemplate\":\"https:\/\/apuntesdesanluis.com\/?s={search_term_string}\"},\"query-input\":{\"@type\":\"PropertyValueSpecification\",\"valueRequired\":true,\"valueName\":\"search_term_string\"}}],\"inLanguage\":\"es-AR\"},{\"@type\":[\"Person\",\"Organization\"],\"@id\":\"https:\/\/apuntesdesanluis.com\/#\/schema\/person\/b55151d52296fcce64d1a72538a70b90\",\"name\":\"apuntesdesanluis.com\",\"image\":{\"@type\":\"ImageObject\",\"inLanguage\":\"es-AR\",\"@id\":\"https:\/\/apuntesdesanluis.com\/#\/schema\/person\/image\/\",\"url\":\"https:\/\/apuntesdesanluis.com\/wp-content\/uploads\/2023\/07\/cropped-apuntesdesanluis.png\",\"contentUrl\":\"https:\/\/apuntesdesanluis.com\/wp-content\/uploads\/2023\/07\/cropped-apuntesdesanluis.png\",\"width\":450,\"height\":112,\"caption\":\"apuntesdesanluis.com\"},\"logo\":{\"@id\":\"https:\/\/apuntesdesanluis.com\/#\/schema\/person\/image\/\"},\"sameAs\":[\"https:\/\/apuntesdesanluis.com\"],\"url\":\"https:\/\/apuntesdesanluis.com\/index.php\/author\/apuntesdesanluis-com\/\"}]}<\/script>\n<!-- \/ Yoast SEO plugin. -->","yoast_head_json":{"title":"POGGI ANUNCI\u00d3 QUE EL PR\u00d3XIMO A\u00d1O ABRIR\u00c1 LA INSCRIPCI\u00d3N A VIVIENDAS - Apuntes de San Luis","robots":{"index":"index","follow":"follow","max-snippet":"max-snippet:-1","max-image-preview":"max-image-preview:large","max-video-preview":"max-video-preview:-1"},"canonical":"https:\/\/apuntesdesanluis.com\/index.php\/2024\/07\/13\/poggi-anuncio-que-el-proximo-ano-abrira-la-inscripcion-a-viviendas\/","og_locale":"es_ES","og_type":"article","og_title":"POGGI ANUNCI\u00d3 QUE EL PR\u00d3XIMO A\u00d1O ABRIR\u00c1 LA INSCRIPCI\u00d3N A VIVIENDAS - Apuntes de San Luis","og_description":"El gobernador Claudio Poggi lanz\u00f3 el programa habitacional que llevar\u00e1 adelante durante su gesti\u00f3n y...","og_url":"https:\/\/apuntesdesanluis.com\/index.php\/2024\/07\/13\/poggi-anuncio-que-el-proximo-ano-abrira-la-inscripcion-a-viviendas\/","og_site_name":"Apuntes de San Luis","article_published_time":"2024-07-13T23:14:53+00:00","og_image":[{"width":700,"height":388,"url":"https:\/\/apuntesdesanluis.com\/wp-content\/uploads\/2024\/07\/POGGI-5.png","type":"image\/png"}],"author":"apuntesdesanluis.com","twitter_card":"summary_large_image","twitter_misc":{"Escrito por":"apuntesdesanluis.com","Tiempo de lectura":"4 minutos"},"schema":{"@context":"https:\/\/schema.org","@graph":[{"@type":"Article","@id":"https:\/\/apuntesdesanluis.com\/index.php\/2024\/07\/13\/poggi-anuncio-que-el-proximo-ano-abrira-la-inscripcion-a-viviendas\/#article","isPartOf":{"@id":"https:\/\/apuntesdesanluis.com\/index.php\/2024\/07\/13\/poggi-anuncio-que-el-proximo-ano-abrira-la-inscripcion-a-viviendas\/"},"author":{"name":"apuntesdesanluis.com","@id":"https:\/\/apuntesdesanluis.com\/#\/schema\/person\/b55151d52296fcce64d1a72538a70b90"},"headline":"POGGI ANUNCI\u00d3 QUE EL PR\u00d3XIMO A\u00d1O ABRIR\u00c1 LA INSCRIPCI\u00d3N A VIVIENDAS","datePublished":"2024-07-13T23:14:53+00:00","mainEntityOfPage":{"@id":"https:\/\/apuntesdesanluis.com\/index.php\/2024\/07\/13\/poggi-anuncio-que-el-proximo-ano-abrira-la-inscripcion-a-viviendas\/"},"wordCount":723,"publisher":{"@id":"https:\/\/apuntesdesanluis.com\/#\/schema\/person\/b55151d52296fcce64d1a72538a70b90"},"image":{"@id":"https:\/\/apuntesdesanluis.com\/index.php\/2024\/07\/13\/poggi-anuncio-que-el-proximo-ano-abrira-la-inscripcion-a-viviendas\/#primaryimage"},"thumbnailUrl":"https:\/\/apuntesdesanluis.com\/wp-content\/uploads\/2024\/07\/POGGI-5.png","articleSection":["Ciudad\/Provincia"],"inLanguage":"es-AR"},{"@type":"WebPage","@id":"https:\/\/apuntesdesanluis.com\/index.php\/2024\/07\/13\/poggi-anuncio-que-el-proximo-ano-abrira-la-inscripcion-a-viviendas\/","url":"https:\/\/apuntesdesanluis.com\/index.php\/2024\/07\/13\/poggi-anuncio-que-el-proximo-ano-abrira-la-inscripcion-a-viviendas\/","name":"POGGI ANUNCI\u00d3 QUE EL PR\u00d3XIMO A\u00d1O ABRIR\u00c1 LA INSCRIPCI\u00d3N A VIVIENDAS - Apuntes de San Luis","isPartOf":{"@id":"https:\/\/apuntesdesanluis.com\/#website"},"primaryImageOfPage":{"@id":"https:\/\/apuntesdesanluis.com\/index.php\/2024\/07\/13\/poggi-anuncio-que-el-proximo-ano-abrira-la-inscripcion-a-viviendas\/#primaryimage"},"image":{"@id":"https:\/\/apuntesdesanluis.com\/index.php\/2024\/07\/13\/poggi-anuncio-que-el-proximo-ano-abrira-la-inscripcion-a-viviendas\/#primaryimage"},"thumbnailUrl":"https:\/\/apuntesdesanluis.com\/wp-content\/uploads\/2024\/07\/POGGI-5.png","datePublished":"2024-07-13T23:14:53+00:00","breadcrumb":{"@id":"https:\/\/apuntesdesanluis.com\/index.php\/2024\/07\/13\/poggi-anuncio-que-el-proximo-ano-abrira-la-inscripcion-a-viviendas\/#breadcrumb"},"inLanguage":"es-AR","potentialAction":[{"@type":"ReadAction","target":["https:\/\/apuntesdesanluis.com\/index.php\/2024\/07\/13\/poggi-anuncio-que-el-proximo-ano-abrira-la-inscripcion-a-viviendas\/"]}]},{"@type":"ImageObject","inLanguage":"es-AR","@id":"https:\/\/apuntesdesanluis.com\/index.php\/2024\/07\/13\/poggi-anuncio-que-el-proximo-ano-abrira-la-inscripcion-a-viviendas\/#primaryimage","url":"https:\/\/apuntesdesanluis.com\/wp-content\/uploads\/2024\/07\/POGGI-5.png","contentUrl":"https:\/\/apuntesdesanluis.com\/wp-content\/uploads\/2024\/07\/POGGI-5.png","width":700,"height":388},{"@type":"BreadcrumbList","@id":"https:\/\/apuntesdesanluis.com\/index.php\/2024\/07\/13\/poggi-anuncio-que-el-proximo-ano-abrira-la-inscripcion-a-viviendas\/#breadcrumb","itemListElement":[{"@type":"ListItem","position":1,"name":"Inicio","item":"https:\/\/apuntesdesanluis.com\/"},{"@type":"ListItem","position":2,"name":"POGGI ANUNCI\u00d3 QUE EL PR\u00d3XIMO A\u00d1O ABRIR\u00c1 LA INSCRIPCI\u00d3N A VIVIENDAS"}]},{"@type":"WebSite","@id":"https:\/\/apuntesdesanluis.com\/#website","url":"https:\/\/apuntesdesanluis.com\/","name":"Apuntes de San Luis","description":"","publisher":{"@id":"https:\/\/apuntesdesanluis.com\/#\/schema\/person\/b55151d52296fcce64d1a72538a70b90"},"potentialAction":[{"@type":"SearchAction","target":{"@type":"EntryPoint","urlTemplate":"https:\/\/apuntesdesanluis.com\/?s={search_term_string}"},"query-input":{"@type":"PropertyValueSpecification","valueRequired":true,"valueName":"search_term_string"}}],"inLanguage":"es-AR"},{"@type":["Person","Organization"],"@id":"https:\/\/apuntesdesanluis.com\/#\/schema\/person\/b55151d52296fcce64d1a72538a70b90","name":"apuntesdesanluis.com","image":{"@type":"ImageObject","inLanguage":"es-AR","@id":"https:\/\/apuntesdesanluis.com\/#\/schema\/person\/image\/","url":"https:\/\/apuntesdesanluis.com\/wp-content\/uploads\/2023\/07\/cropped-apuntesdesanluis.png","contentUrl":"https:\/\/apuntesdesanluis.com\/wp-content\/uploads\/2023\/07\/cropped-apuntesdesanluis.png","width":450,"height":112,"caption":"apuntesdesanluis.com"},"logo":{"@id":"https:\/\/apuntesdesanluis.com\/#\/schema\/person\/image\/"},"sameAs":["https:\/\/apuntesdesanluis.com"],"url":"https:\/\/apuntesdesanluis.com\/index.php\/author\/apuntesdesanluis-com\/"}]}},"featured_image_urls":{"full":["https:\/\/apuntesdesanluis.com\/wp-content\/uploads\/2024\/07\/POGGI-5.png",700,388,false],"thumbnail":["https:\/\/apuntesdesanluis.com\/wp-content\/uploads\/2024\/07\/POGGI-5-150x150.png",150,150,true],"medium":["https:\/\/apuntesdesanluis.com\/wp-content\/uploads\/2024\/07\/POGGI-5-300x166.png",300,166,true],"medium_large":["https:\/\/apuntesdesanluis.com\/wp-content\/uploads\/2024\/07\/POGGI-5.png",640,355,false],"large":["https:\/\/apuntesdesanluis.com\/wp-content\/uploads\/2024\/07\/POGGI-5.png",640,355,false],"1536x1536":["https:\/\/apuntesdesanluis.com\/wp-content\/uploads\/2024\/07\/POGGI-5.png",700,388,false],"2048x2048":["https:\/\/apuntesdesanluis.com\/wp-content\/uploads\/2024\/07\/POGGI-5.png",700,388,false],"newsever-slider-full":["https:\/\/apuntesdesanluis.com\/wp-content\/uploads\/2024\/07\/POGGI-5.png",700,388,false],"newsever-featured":["https:\/\/apuntesdesanluis.com\/wp-content\/uploads\/2024\/07\/POGGI-5.png",700,388,false],"newsever-medium":["https:\/\/apuntesdesanluis.com\/wp-content\/uploads\/2024\/07\/POGGI-5.png",700,388,false]},"author_info":{"display_name":"apuntesdesanluis.com","author_link":"https:\/\/apuntesdesanluis.com\/index.php\/author\/apuntesdesanluis-com\/"},"category_info":"<a href=\"https:\/\/apuntesdesanluis.com\/index.php\/category\/ciudad-provincia\/\" rel=\"category tag\">Ciudad\/Provincia<\/a>","tag_info":"Ciudad\/Provincia","comment_count":"0","_links":{"self":[{"href":"https:\/\/apuntesdesanluis.com\/index.php\/wp-json\/wp\/v2\/posts\/19209","targetHints":{"allow":["GET"]}}],"collection":[{"href":"https:\/\/apuntesdesanluis.com\/index.php\/wp-json\/wp\/v2\/posts"}],"about":[{"href":"https:\/\/apuntesdesanluis.com\/index.php\/wp-json\/wp\/v2\/types\/post"}],"author":[{"embeddable":true,"href":"https:\/\/apuntesdesanluis.com\/index.php\/wp-json\/wp\/v2\/users\/1"}],"replies":[{"embeddable":true,"href":"https:\/\/apuntesdesanluis.com\/index.php\/wp-json\/wp\/v2\/comments?post=19209"}],"version-history":[{"count":1,"href":"https:\/\/apuntesdesanluis.com\/index.php\/wp-json\/wp\/v2\/posts\/19209\/revisions"}],"predecessor-version":[{"id":19213,"href":"https:\/\/apuntesdesanluis.com\/index.php\/wp-json\/wp\/v2\/posts\/19209\/revisions\/19213"}],"wp:featuredmedia":[{"embeddable":true,"href":"https:\/\/apuntesdesanluis.com\/index.php\/wp-json\/wp\/v2\/media\/19212"}],"wp:attachment":[{"href":"https:\/\/apuntesdesanluis.com\/index.php\/wp-json\/wp\/v2\/media?parent=19209"}],"wp:term":[{"taxonomy":"category","embeddable":true,"href":"https:\/\/apuntesdesanluis.com\/index.php\/wp-json\/wp\/v2\/categories?post=19209"},{"taxonomy":"post_tag","embeddable":true,"href":"https:\/\/apuntesdesanluis.com\/index.php\/wp-json\/wp\/v2\/tags?post=19209"}],"curies":[{"name":"wp","href":"https:\/\/api.w.org\/{rel}","templated":true}]}}