{"id":19214,"date":"2024-07-13T20:20:34","date_gmt":"2024-07-13T23:20:34","guid":{"rendered":"https:\/\/apuntesdesanluis.com\/?p=19214"},"modified":"2024-07-13T20:20:34","modified_gmt":"2024-07-13T23:20:34","slug":"este-sabado-llega-el-flota-tour-al-valle-del-conlara","status":"publish","type":"post","link":"https:\/\/apuntesdesanluis.com\/index.php\/2024\/07\/13\/este-sabado-llega-el-flota-tour-al-valle-del-conlara\/","title":{"rendered":"ESTE S\u00c1BADO LLEGA EL FLOTA TOUR AL VALLE DEL CONLARA"},"content":{"rendered":"<h3>Luego de una reprogramaci\u00f3n por mal clima, el Flota Tour llegar\u00e1 finalmente al Valle del Conlara. Este s\u00e1bado de 14:00 a 19:00, en el aeropuerto emplazado a menos de 20 kil\u00f3metros de la Villa de Merlo, se podr\u00e1n apreciar actividades aeron\u00e1uticas, globos aerost\u00e1ticos, shows en vivo y un espacio gastron\u00f3mico.<\/h3>\n<h3>\u201cFlota Tour\u201d comenz\u00f3 en la provincia de Buenos Aires, en las ciudades de Luj\u00e1n y Mercedes, y tendr\u00e1 fechas en San Juan, Salta, Tucum\u00e1n, Santiago del Estero y Misiones a lo largo tanto de 2024 como de 2025. \u201cElegimos San Luis y en particular al aeropuerto del Valle del Conlara por ser un destino tur\u00edstico ideal, adem\u00e1s de un emblema del desarrollo de la actividad aeron\u00e1utica\u201d, expresaron desde la organizaci\u00f3n.<\/h3>\n<h3>Las entradas pueden conseguirse a trav\u00e9s de la web: https:\/\/flotatour.com.ar\/ y los menores de 10 a\u00f1os no abonan.<\/h3>\n<h3><strong>Cronograma:<\/strong><\/h3>\n<h3>-14:00 San Luis Flota abre sus puertas.<\/h3>\n<h3>-14:30 Exhibici\u00f3n de Autos Cl\u00e1sicos, Apertura del Sector Foodtrucks y Patio Cervecero.<\/h3>\n<h3>-15:30 Banda en vivo \u2018Acustika\u2019.<\/h3>\n<h3>-16:00 Desfile de Modelos \u2013 Flotar Fashion Show. Comienzan a inflarse los globos.<\/h3>\n<h3>-17:00 Banda en vivo \u2018Verde Kbeza\u2019, Carrera de drones, Vuelos Cautivos Arte en vuelo y Acrobacia en Tela.<\/h3>\n<h3>-18:00 Show de drones con luces.<\/h3>\n<h3>-18:30 Show de Fuegos y Luces.<\/h3>\n<h3>-19:00 Cierre con DJ en vivo.<\/h3>\n<h3><\/h3>\n<p>&nbsp;<\/p>\n<p>&nbsp;<\/p>\n<p>&nbsp;<\/p>\n<p>&nbsp;<\/p>\n<p>&nbsp;<\/p>\n","protected":false},"excerpt":{"rendered":"<p>Luego de una reprogramaci\u00f3n por mal clima, el Flota Tour llegar\u00e1 finalmente al Valle del&#8230;<\/p>\n","protected":false},"author":1,"featured_media":19215,"comment_status":"closed","ping_status":"closed","sticky":false,"template":"","format":"standard","meta":{"footnotes":""},"categories":[6],"tags":[],"class_list":["post-19214","post","type-post","status-publish","format-standard","has-post-thumbnail","hentry","category-ciudad-provincia"],"yoast_head":"<!-- This site is optimized with the Yoast SEO plugin v26.1.1 - https:\/\/yoast.com\/wordpress\/plugins\/seo\/ -->\n<title>ESTE S\u00c1BADO LLEGA EL FLOTA TOUR AL VALLE DEL CONLARA - Apuntes de San Luis<\/title>\n<meta name=\"robots\" content=\"index, follow, max-snippet:-1, max-image-preview:large, max-video-preview:-1\" \/>\n<link rel=\"canonical\" href=\"https:\/\/apuntesdesanluis.com\/index.php\/2024\/07\/13\/este-sabado-llega-el-flota-tour-al-valle-del-conlara\/\" \/>\n<meta property=\"og:locale\" content=\"es_ES\" \/>\n<meta property=\"og:type\" content=\"article\" \/>\n<meta property=\"og:title\" content=\"ESTE S\u00c1BADO LLEGA EL FLOTA TOUR AL VALLE DEL CONLARA - Apuntes de San Luis\" \/>\n<meta property=\"og:description\" content=\"Luego de una reprogramaci\u00f3n por mal clima, el Flota Tour llegar\u00e1 finalmente al Valle del...\" \/>\n<meta property=\"og:url\" content=\"https:\/\/apuntesdesanluis.com\/index.php\/2024\/07\/13\/este-sabado-llega-el-flota-tour-al-valle-del-conlara\/\" \/>\n<meta property=\"og:site_name\" content=\"Apuntes de San Luis\" \/>\n<meta property=\"article:published_time\" content=\"2024-07-13T23:20:34+00:00\" \/>\n<meta property=\"og:image\" content=\"https:\/\/apuntesdesanluis.com\/wp-content\/uploads\/2024\/07\/GLOBOS.png\" \/>\n\t<meta property=\"og:image:width\" content=\"700\" \/>\n\t<meta property=\"og:image:height\" content=\"446\" \/>\n\t<meta property=\"og:image:type\" content=\"image\/png\" \/>\n<meta name=\"author\" content=\"apuntesdesanluis.com\" \/>\n<meta name=\"twitter:card\" content=\"summary_large_image\" \/>\n<meta name=\"twitter:label1\" content=\"Escrito por\" \/>\n\t<meta name=\"twitter:data1\" content=\"apuntesdesanluis.com\" \/>\n\t<meta name=\"twitter:label2\" content=\"Tiempo de lectura\" \/>\n\t<meta name=\"twitter:data2\" content=\"2 minutos\" \/>\n<script type=\"application\/ld+json\" class=\"yoast-schema-graph\">{\"@context\":\"https:\/\/schema.org\",\"@graph\":[{\"@type\":\"Article\",\"@id\":\"https:\/\/apuntesdesanluis.com\/index.php\/2024\/07\/13\/este-sabado-llega-el-flota-tour-al-valle-del-conlara\/#article\",\"isPartOf\":{\"@id\":\"https:\/\/apuntesdesanluis.com\/index.php\/2024\/07\/13\/este-sabado-llega-el-flota-tour-al-valle-del-conlara\/\"},\"author\":{\"name\":\"apuntesdesanluis.com\",\"@id\":\"https:\/\/apuntesdesanluis.com\/#\/schema\/person\/b55151d52296fcce64d1a72538a70b90\"},\"headline\":\"ESTE S\u00c1BADO LLEGA EL FLOTA TOUR AL VALLE DEL CONLARA\",\"datePublished\":\"2024-07-13T23:20:34+00:00\",\"mainEntityOfPage\":{\"@id\":\"https:\/\/apuntesdesanluis.com\/index.php\/2024\/07\/13\/este-sabado-llega-el-flota-tour-al-valle-del-conlara\/\"},\"wordCount\":241,\"publisher\":{\"@id\":\"https:\/\/apuntesdesanluis.com\/#\/schema\/person\/b55151d52296fcce64d1a72538a70b90\"},\"image\":{\"@id\":\"https:\/\/apuntesdesanluis.com\/index.php\/2024\/07\/13\/este-sabado-llega-el-flota-tour-al-valle-del-conlara\/#primaryimage\"},\"thumbnailUrl\":\"https:\/\/apuntesdesanluis.com\/wp-content\/uploads\/2024\/07\/GLOBOS.png\",\"articleSection\":[\"Ciudad\/Provincia\"],\"inLanguage\":\"es-AR\"},{\"@type\":\"WebPage\",\"@id\":\"https:\/\/apuntesdesanluis.com\/index.php\/2024\/07\/13\/este-sabado-llega-el-flota-tour-al-valle-del-conlara\/\",\"url\":\"https:\/\/apuntesdesanluis.com\/index.php\/2024\/07\/13\/este-sabado-llega-el-flota-tour-al-valle-del-conlara\/\",\"name\":\"ESTE S\u00c1BADO LLEGA EL FLOTA TOUR AL VALLE DEL CONLARA - Apuntes de San Luis\",\"isPartOf\":{\"@id\":\"https:\/\/apuntesdesanluis.com\/#website\"},\"primaryImageOfPage\":{\"@id\":\"https:\/\/apuntesdesanluis.com\/index.php\/2024\/07\/13\/este-sabado-llega-el-flota-tour-al-valle-del-conlara\/#primaryimage\"},\"image\":{\"@id\":\"https:\/\/apuntesdesanluis.com\/index.php\/2024\/07\/13\/este-sabado-llega-el-flota-tour-al-valle-del-conlara\/#primaryimage\"},\"thumbnailUrl\":\"https:\/\/apuntesdesanluis.com\/wp-content\/uploads\/2024\/07\/GLOBOS.png\",\"datePublished\":\"2024-07-13T23:20:34+00:00\",\"breadcrumb\":{\"@id\":\"https:\/\/apuntesdesanluis.com\/index.php\/2024\/07\/13\/este-sabado-llega-el-flota-tour-al-valle-del-conlara\/#breadcrumb\"},\"inLanguage\":\"es-AR\",\"potentialAction\":[{\"@type\":\"ReadAction\",\"target\":[\"https:\/\/apuntesdesanluis.com\/index.php\/2024\/07\/13\/este-sabado-llega-el-flota-tour-al-valle-del-conlara\/\"]}]},{\"@type\":\"ImageObject\",\"inLanguage\":\"es-AR\",\"@id\":\"https:\/\/apuntesdesanluis.com\/index.php\/2024\/07\/13\/este-sabado-llega-el-flota-tour-al-valle-del-conlara\/#primaryimage\",\"url\":\"https:\/\/apuntesdesanluis.com\/wp-content\/uploads\/2024\/07\/GLOBOS.png\",\"contentUrl\":\"https:\/\/apuntesdesanluis.com\/wp-content\/uploads\/2024\/07\/GLOBOS.png\",\"width\":700,\"height\":446},{\"@type\":\"BreadcrumbList\",\"@id\":\"https:\/\/apuntesdesanluis.com\/index.php\/2024\/07\/13\/este-sabado-llega-el-flota-tour-al-valle-del-conlara\/#breadcrumb\",\"itemListElement\":[{\"@type\":\"ListItem\",\"position\":1,\"name\":\"Inicio\",\"item\":\"https:\/\/apuntesdesanluis.com\/\"},{\"@type\":\"ListItem\",\"position\":2,\"name\":\"ESTE S\u00c1BADO LLEGA EL FLOTA TOUR AL VALLE DEL CONLARA\"}]},{\"@type\":\"WebSite\",\"@id\":\"https:\/\/apuntesdesanluis.com\/#website\",\"url\":\"https:\/\/apuntesdesanluis.com\/\",\"name\":\"Apuntes de San Luis\",\"description\":\"\",\"publisher\":{\"@id\":\"https:\/\/apuntesdesanluis.com\/#\/schema\/person\/b55151d52296fcce64d1a72538a70b90\"},\"potentialAction\":[{\"@type\":\"SearchAction\",\"target\":{\"@type\":\"EntryPoint\",\"urlTemplate\":\"https:\/\/apuntesdesanluis.com\/?s={search_term_string}\"},\"query-input\":{\"@type\":\"PropertyValueSpecification\",\"valueRequired\":true,\"valueName\":\"search_term_string\"}}],\"inLanguage\":\"es-AR\"},{\"@type\":[\"Person\",\"Organization\"],\"@id\":\"https:\/\/apuntesdesanluis.com\/#\/schema\/person\/b55151d52296fcce64d1a72538a70b90\",\"name\":\"apuntesdesanluis.com\",\"image\":{\"@type\":\"ImageObject\",\"inLanguage\":\"es-AR\",\"@id\":\"https:\/\/apuntesdesanluis.com\/#\/schema\/person\/image\/\",\"url\":\"https:\/\/apuntesdesanluis.com\/wp-content\/uploads\/2023\/07\/cropped-apuntesdesanluis.png\",\"contentUrl\":\"https:\/\/apuntesdesanluis.com\/wp-content\/uploads\/2023\/07\/cropped-apuntesdesanluis.png\",\"width\":450,\"height\":112,\"caption\":\"apuntesdesanluis.com\"},\"logo\":{\"@id\":\"https:\/\/apuntesdesanluis.com\/#\/schema\/person\/image\/\"},\"sameAs\":[\"https:\/\/apuntesdesanluis.com\"],\"url\":\"https:\/\/apuntesdesanluis.com\/index.php\/author\/apuntesdesanluis-com\/\"}]}<\/script>\n<!-- \/ Yoast SEO plugin. -->","yoast_head_json":{"title":"ESTE S\u00c1BADO LLEGA EL FLOTA TOUR AL VALLE DEL CONLARA - Apuntes de San Luis","robots":{"index":"index","follow":"follow","max-snippet":"max-snippet:-1","max-image-preview":"max-image-preview:large","max-video-preview":"max-video-preview:-1"},"canonical":"https:\/\/apuntesdesanluis.com\/index.php\/2024\/07\/13\/este-sabado-llega-el-flota-tour-al-valle-del-conlara\/","og_locale":"es_ES","og_type":"article","og_title":"ESTE S\u00c1BADO LLEGA EL FLOTA TOUR AL VALLE DEL CONLARA - Apuntes de San Luis","og_description":"Luego de una reprogramaci\u00f3n por mal clima, el Flota Tour llegar\u00e1 finalmente al Valle del...","og_url":"https:\/\/apuntesdesanluis.com\/index.php\/2024\/07\/13\/este-sabado-llega-el-flota-tour-al-valle-del-conlara\/","og_site_name":"Apuntes de San Luis","article_published_time":"2024-07-13T23:20:34+00:00","og_image":[{"width":700,"height":446,"url":"https:\/\/apuntesdesanluis.com\/wp-content\/uploads\/2024\/07\/GLOBOS.png","type":"image\/png"}],"author":"apuntesdesanluis.com","twitter_card":"summary_large_image","twitter_misc":{"Escrito por":"apuntesdesanluis.com","Tiempo de lectura":"2 minutos"},"schema":{"@context":"https:\/\/schema.org","@graph":[{"@type":"Article","@id":"https:\/\/apuntesdesanluis.com\/index.php\/2024\/07\/13\/este-sabado-llega-el-flota-tour-al-valle-del-conlara\/#article","isPartOf":{"@id":"https:\/\/apuntesdesanluis.com\/index.php\/2024\/07\/13\/este-sabado-llega-el-flota-tour-al-valle-del-conlara\/"},"author":{"name":"apuntesdesanluis.com","@id":"https:\/\/apuntesdesanluis.com\/#\/schema\/person\/b55151d52296fcce64d1a72538a70b90"},"headline":"ESTE S\u00c1BADO LLEGA EL FLOTA TOUR AL VALLE DEL CONLARA","datePublished":"2024-07-13T23:20:34+00:00","mainEntityOfPage":{"@id":"https:\/\/apuntesdesanluis.com\/index.php\/2024\/07\/13\/este-sabado-llega-el-flota-tour-al-valle-del-conlara\/"},"wordCount":241,"publisher":{"@id":"https:\/\/apuntesdesanluis.com\/#\/schema\/person\/b55151d52296fcce64d1a72538a70b90"},"image":{"@id":"https:\/\/apuntesdesanluis.com\/index.php\/2024\/07\/13\/este-sabado-llega-el-flota-tour-al-valle-del-conlara\/#primaryimage"},"thumbnailUrl":"https:\/\/apuntesdesanluis.com\/wp-content\/uploads\/2024\/07\/GLOBOS.png","articleSection":["Ciudad\/Provincia"],"inLanguage":"es-AR"},{"@type":"WebPage","@id":"https:\/\/apuntesdesanluis.com\/index.php\/2024\/07\/13\/este-sabado-llega-el-flota-tour-al-valle-del-conlara\/","url":"https:\/\/apuntesdesanluis.com\/index.php\/2024\/07\/13\/este-sabado-llega-el-flota-tour-al-valle-del-conlara\/","name":"ESTE S\u00c1BADO LLEGA EL FLOTA TOUR AL VALLE DEL CONLARA - Apuntes de San Luis","isPartOf":{"@id":"https:\/\/apuntesdesanluis.com\/#website"},"primaryImageOfPage":{"@id":"https:\/\/apuntesdesanluis.com\/index.php\/2024\/07\/13\/este-sabado-llega-el-flota-tour-al-valle-del-conlara\/#primaryimage"},"image":{"@id":"https:\/\/apuntesdesanluis.com\/index.php\/2024\/07\/13\/este-sabado-llega-el-flota-tour-al-valle-del-conlara\/#primaryimage"},"thumbnailUrl":"https:\/\/apuntesdesanluis.com\/wp-content\/uploads\/2024\/07\/GLOBOS.png","datePublished":"2024-07-13T23:20:34+00:00","breadcrumb":{"@id":"https:\/\/apuntesdesanluis.com\/index.php\/2024\/07\/13\/este-sabado-llega-el-flota-tour-al-valle-del-conlara\/#breadcrumb"},"inLanguage":"es-AR","potentialAction":[{"@type":"ReadAction","target":["https:\/\/apuntesdesanluis.com\/index.php\/2024\/07\/13\/este-sabado-llega-el-flota-tour-al-valle-del-conlara\/"]}]},{"@type":"ImageObject","inLanguage":"es-AR","@id":"https:\/\/apuntesdesanluis.com\/index.php\/2024\/07\/13\/este-sabado-llega-el-flota-tour-al-valle-del-conlara\/#primaryimage","url":"https:\/\/apuntesdesanluis.com\/wp-content\/uploads\/2024\/07\/GLOBOS.png","contentUrl":"https:\/\/apuntesdesanluis.com\/wp-content\/uploads\/2024\/07\/GLOBOS.png","width":700,"height":446},{"@type":"BreadcrumbList","@id":"https:\/\/apuntesdesanluis.com\/index.php\/2024\/07\/13\/este-sabado-llega-el-flota-tour-al-valle-del-conlara\/#breadcrumb","itemListElement":[{"@type":"ListItem","position":1,"name":"Inicio","item":"https:\/\/apuntesdesanluis.com\/"},{"@type":"ListItem","position":2,"name":"ESTE S\u00c1BADO LLEGA EL FLOTA TOUR AL VALLE DEL CONLARA"}]},{"@type":"WebSite","@id":"https:\/\/apuntesdesanluis.com\/#website","url":"https:\/\/apuntesdesanluis.com\/","name":"Apuntes de San Luis","description":"","publisher":{"@id":"https:\/\/apuntesdesanluis.com\/#\/schema\/person\/b55151d52296fcce64d1a72538a70b90"},"potentialAction":[{"@type":"SearchAction","target":{"@type":"EntryPoint","urlTemplate":"https:\/\/apuntesdesanluis.com\/?s={search_term_string}"},"query-input":{"@type":"PropertyValueSpecification","valueRequired":true,"valueName":"search_term_string"}}],"inLanguage":"es-AR"},{"@type":["Person","Organization"],"@id":"https:\/\/apuntesdesanluis.com\/#\/schema\/person\/b55151d52296fcce64d1a72538a70b90","name":"apuntesdesanluis.com","image":{"@type":"ImageObject","inLanguage":"es-AR","@id":"https:\/\/apuntesdesanluis.com\/#\/schema\/person\/image\/","url":"https:\/\/apuntesdesanluis.com\/wp-content\/uploads\/2023\/07\/cropped-apuntesdesanluis.png","contentUrl":"https:\/\/apuntesdesanluis.com\/wp-content\/uploads\/2023\/07\/cropped-apuntesdesanluis.png","width":450,"height":112,"caption":"apuntesdesanluis.com"},"logo":{"@id":"https:\/\/apuntesdesanluis.com\/#\/schema\/person\/image\/"},"sameAs":["https:\/\/apuntesdesanluis.com"],"url":"https:\/\/apuntesdesanluis.com\/index.php\/author\/apuntesdesanluis-com\/"}]}},"featured_image_urls":{"full":["https:\/\/apuntesdesanluis.com\/wp-content\/uploads\/2024\/07\/GLOBOS.png",700,446,false],"thumbnail":["https:\/\/apuntesdesanluis.com\/wp-content\/uploads\/2024\/07\/GLOBOS-150x150.png",150,150,true],"medium":["https:\/\/apuntesdesanluis.com\/wp-content\/uploads\/2024\/07\/GLOBOS-300x191.png",300,191,true],"medium_large":["https:\/\/apuntesdesanluis.com\/wp-content\/uploads\/2024\/07\/GLOBOS.png",640,408,false],"large":["https:\/\/apuntesdesanluis.com\/wp-content\/uploads\/2024\/07\/GLOBOS.png",640,408,false],"1536x1536":["https:\/\/apuntesdesanluis.com\/wp-content\/uploads\/2024\/07\/GLOBOS.png",700,446,false],"2048x2048":["https:\/\/apuntesdesanluis.com\/wp-content\/uploads\/2024\/07\/GLOBOS.png",700,446,false],"newsever-slider-full":["https:\/\/apuntesdesanluis.com\/wp-content\/uploads\/2024\/07\/GLOBOS.png",700,446,false],"newsever-featured":["https:\/\/apuntesdesanluis.com\/wp-content\/uploads\/2024\/07\/GLOBOS.png",700,446,false],"newsever-medium":["https:\/\/apuntesdesanluis.com\/wp-content\/uploads\/2024\/07\/GLOBOS.png",700,446,false]},"author_info":{"display_name":"apuntesdesanluis.com","author_link":"https:\/\/apuntesdesanluis.com\/index.php\/author\/apuntesdesanluis-com\/"},"category_info":"<a href=\"https:\/\/apuntesdesanluis.com\/index.php\/category\/ciudad-provincia\/\" rel=\"category tag\">Ciudad\/Provincia<\/a>","tag_info":"Ciudad\/Provincia","comment_count":"0","_links":{"self":[{"href":"https:\/\/apuntesdesanluis.com\/index.php\/wp-json\/wp\/v2\/posts\/19214","targetHints":{"allow":["GET"]}}],"collection":[{"href":"https:\/\/apuntesdesanluis.com\/index.php\/wp-json\/wp\/v2\/posts"}],"about":[{"href":"https:\/\/apuntesdesanluis.com\/index.php\/wp-json\/wp\/v2\/types\/post"}],"author":[{"embeddable":true,"href":"https:\/\/apuntesdesanluis.com\/index.php\/wp-json\/wp\/v2\/users\/1"}],"replies":[{"embeddable":true,"href":"https:\/\/apuntesdesanluis.com\/index.php\/wp-json\/wp\/v2\/comments?post=19214"}],"version-history":[{"count":1,"href":"https:\/\/apuntesdesanluis.com\/index.php\/wp-json\/wp\/v2\/posts\/19214\/revisions"}],"predecessor-version":[{"id":19216,"href":"https:\/\/apuntesdesanluis.com\/index.php\/wp-json\/wp\/v2\/posts\/19214\/revisions\/19216"}],"wp:featuredmedia":[{"embeddable":true,"href":"https:\/\/apuntesdesanluis.com\/index.php\/wp-json\/wp\/v2\/media\/19215"}],"wp:attachment":[{"href":"https:\/\/apuntesdesanluis.com\/index.php\/wp-json\/wp\/v2\/media?parent=19214"}],"wp:term":[{"taxonomy":"category","embeddable":true,"href":"https:\/\/apuntesdesanluis.com\/index.php\/wp-json\/wp\/v2\/categories?post=19214"},{"taxonomy":"post_tag","embeddable":true,"href":"https:\/\/apuntesdesanluis.com\/index.php\/wp-json\/wp\/v2\/tags?post=19214"}],"curies":[{"name":"wp","href":"https:\/\/api.w.org\/{rel}","templated":true}]}}