{"id":19220,"date":"2024-07-13T21:23:45","date_gmt":"2024-07-14T00:23:45","guid":{"rendered":"https:\/\/apuntesdesanluis.com\/?p=19220"},"modified":"2024-07-13T21:23:45","modified_gmt":"2024-07-14T00:23:45","slug":"javier-milei-repudio-el-cobarde-intento-de-asesinato-contra-donald-trump","status":"publish","type":"post","link":"https:\/\/apuntesdesanluis.com\/index.php\/2024\/07\/13\/javier-milei-repudio-el-cobarde-intento-de-asesinato-contra-donald-trump\/","title":{"rendered":"JAVIER MILEI REPUDI\u00d3 EL \u201cCOBARDE INTENTO DE ASESINATO\u201d CONTRA DONALD TRUMP"},"content":{"rendered":"<h3>El presidente argentino <strong>Javier Milei<\/strong> repudi\u00f3 a trav\u00e9s de sus cuentas en redes sociales el \u201ccobarde intento de asesinato\u201d contra el ex presidente y candidato Donald Trump en un acto de campa\u00f1a en Pensilvania, Estados Unidos.<\/h3>\n<h3>\u201cTodo mi apoyo y solidaridad al Presidente y candidato Donald Trump, v\u00edctima de un COBARDE intento de asesinato que puso en riesgo su vida y la de cientos de personas. No sorprende la desesperaci\u00f3n de la izquierda internacional que hoy ve c\u00f3mo su ideolog\u00eda nefasta expira, y est\u00e1 dispuesta a desestabilizar las democracias y promover la violencia para atornillarse al poder. Con p\u00e1nico a perder en las urnas, recurren al terrorismo para imponer su agenda retr\u00f3grada y autoritaria. Espero la pronta recuperaci\u00f3n del Presidente Trump y que las elecciones en los Estados Unidos se realicen de forma justa, pac\u00edfica y democr\u00e1tica\u201d, fue el mensaje completo de Milei en la red social X desde Estados Unidos, donde participa en un evento para empresarios y ejecutivos internacionales Sun Valley, Idaho.<\/h3>\n<h3>Unos minutos antes, la Oficina del Presidente de la Rep\u00fablica Argentina (OPRA) hab\u00eda emitido un comunicado en el que repudi\u00f3 lo que consider\u00f3 un \u201cintento de asesinato\u201d \u201cLa bala que roz\u00f3 su cabeza no es solo un ataque a la democracia, sino a todos aquellos que defendemos y habitamos el mundo libre\u201d, dice el escueto comunicado de dos p\u00e1rrafos, difundido en las redes sociales este s\u00e1bado.<\/h3>\n<h3>\u201cLa Rep\u00fablica Argentina reafirma su compromiso inquebrantable con la defensa de la libertad, la democracia y los valores de Occidente, y hace un llamado a la comunidad internacional para que condene en\u00e9rgicamente este atentado y se una en la lucha contra los enemigos de la libertad\u201d, cierra el texto publicado por el equipo de Javier Milei.<\/h3>\n<h3>Es la primera expresi\u00f3n oficial del gobierno argentino ante un acontecimiento sobre el que, seg\u00fan las \u00faltimas informaciones de medios estadounidenses, habr\u00eda un muerto y se tratar\u00eda del presunto tirador.<\/h3>\n<p>&nbsp;<\/p>\n<p>&nbsp;<\/p>\n<p>&nbsp;<\/p>\n<h3><\/h3>\n<h3><\/h3>\n<p>&nbsp;<\/p>\n<h3><\/h3>\n<p>&nbsp;<\/p>\n<p>&nbsp;<\/p>\n","protected":false},"excerpt":{"rendered":"<p>El presidente argentino Javier Milei repudi\u00f3 a trav\u00e9s de sus cuentas en redes sociales el&#8230;<\/p>\n","protected":false},"author":1,"featured_media":19221,"comment_status":"closed","ping_status":"closed","sticky":false,"template":"","format":"standard","meta":{"footnotes":""},"categories":[5],"tags":[],"class_list":["post-19220","post","type-post","status-publish","format-standard","has-post-thumbnail","hentry","category-nacionales-internacionales"],"yoast_head":"<!-- This site is optimized with the Yoast SEO plugin v26.1.1 - https:\/\/yoast.com\/wordpress\/plugins\/seo\/ -->\n<title>JAVIER MILEI REPUDI\u00d3 EL \u201cCOBARDE INTENTO DE ASESINATO\u201d CONTRA DONALD TRUMP - Apuntes de San Luis<\/title>\n<meta name=\"robots\" content=\"index, follow, max-snippet:-1, max-image-preview:large, max-video-preview:-1\" \/>\n<link rel=\"canonical\" href=\"https:\/\/apuntesdesanluis.com\/index.php\/2024\/07\/13\/javier-milei-repudio-el-cobarde-intento-de-asesinato-contra-donald-trump\/\" \/>\n<meta property=\"og:locale\" content=\"es_ES\" \/>\n<meta property=\"og:type\" content=\"article\" \/>\n<meta property=\"og:title\" content=\"JAVIER MILEI REPUDI\u00d3 EL \u201cCOBARDE INTENTO DE ASESINATO\u201d CONTRA DONALD TRUMP - Apuntes de San Luis\" \/>\n<meta property=\"og:description\" content=\"El presidente argentino Javier Milei repudi\u00f3 a trav\u00e9s de sus cuentas en redes sociales el...\" \/>\n<meta property=\"og:url\" content=\"https:\/\/apuntesdesanluis.com\/index.php\/2024\/07\/13\/javier-milei-repudio-el-cobarde-intento-de-asesinato-contra-donald-trump\/\" \/>\n<meta property=\"og:site_name\" content=\"Apuntes de San Luis\" \/>\n<meta property=\"article:published_time\" content=\"2024-07-14T00:23:45+00:00\" \/>\n<meta property=\"og:image\" content=\"https:\/\/apuntesdesanluis.com\/wp-content\/uploads\/2024\/07\/milei-y-trump.png\" \/>\n\t<meta property=\"og:image:width\" content=\"792\" \/>\n\t<meta property=\"og:image:height\" content=\"472\" \/>\n\t<meta property=\"og:image:type\" content=\"image\/png\" \/>\n<meta name=\"author\" content=\"apuntesdesanluis.com\" \/>\n<meta name=\"twitter:card\" content=\"summary_large_image\" \/>\n<meta name=\"twitter:label1\" content=\"Escrito por\" \/>\n\t<meta name=\"twitter:data1\" content=\"apuntesdesanluis.com\" \/>\n\t<meta name=\"twitter:label2\" content=\"Tiempo de lectura\" \/>\n\t<meta name=\"twitter:data2\" content=\"2 minutos\" \/>\n<script type=\"application\/ld+json\" class=\"yoast-schema-graph\">{\"@context\":\"https:\/\/schema.org\",\"@graph\":[{\"@type\":\"Article\",\"@id\":\"https:\/\/apuntesdesanluis.com\/index.php\/2024\/07\/13\/javier-milei-repudio-el-cobarde-intento-de-asesinato-contra-donald-trump\/#article\",\"isPartOf\":{\"@id\":\"https:\/\/apuntesdesanluis.com\/index.php\/2024\/07\/13\/javier-milei-repudio-el-cobarde-intento-de-asesinato-contra-donald-trump\/\"},\"author\":{\"name\":\"apuntesdesanluis.com\",\"@id\":\"https:\/\/apuntesdesanluis.com\/#\/schema\/person\/b55151d52296fcce64d1a72538a70b90\"},\"headline\":\"JAVIER MILEI REPUDI\u00d3 EL \u201cCOBARDE INTENTO DE ASESINATO\u201d CONTRA DONALD TRUMP\",\"datePublished\":\"2024-07-14T00:23:45+00:00\",\"mainEntityOfPage\":{\"@id\":\"https:\/\/apuntesdesanluis.com\/index.php\/2024\/07\/13\/javier-milei-repudio-el-cobarde-intento-de-asesinato-contra-donald-trump\/\"},\"wordCount\":354,\"publisher\":{\"@id\":\"https:\/\/apuntesdesanluis.com\/#\/schema\/person\/b55151d52296fcce64d1a72538a70b90\"},\"image\":{\"@id\":\"https:\/\/apuntesdesanluis.com\/index.php\/2024\/07\/13\/javier-milei-repudio-el-cobarde-intento-de-asesinato-contra-donald-trump\/#primaryimage\"},\"thumbnailUrl\":\"https:\/\/apuntesdesanluis.com\/wp-content\/uploads\/2024\/07\/milei-y-trump.png\",\"articleSection\":[\"Nacionales\/Internacionales\"],\"inLanguage\":\"es-AR\"},{\"@type\":\"WebPage\",\"@id\":\"https:\/\/apuntesdesanluis.com\/index.php\/2024\/07\/13\/javier-milei-repudio-el-cobarde-intento-de-asesinato-contra-donald-trump\/\",\"url\":\"https:\/\/apuntesdesanluis.com\/index.php\/2024\/07\/13\/javier-milei-repudio-el-cobarde-intento-de-asesinato-contra-donald-trump\/\",\"name\":\"JAVIER MILEI REPUDI\u00d3 EL \u201cCOBARDE INTENTO DE ASESINATO\u201d CONTRA DONALD TRUMP - Apuntes de San Luis\",\"isPartOf\":{\"@id\":\"https:\/\/apuntesdesanluis.com\/#website\"},\"primaryImageOfPage\":{\"@id\":\"https:\/\/apuntesdesanluis.com\/index.php\/2024\/07\/13\/javier-milei-repudio-el-cobarde-intento-de-asesinato-contra-donald-trump\/#primaryimage\"},\"image\":{\"@id\":\"https:\/\/apuntesdesanluis.com\/index.php\/2024\/07\/13\/javier-milei-repudio-el-cobarde-intento-de-asesinato-contra-donald-trump\/#primaryimage\"},\"thumbnailUrl\":\"https:\/\/apuntesdesanluis.com\/wp-content\/uploads\/2024\/07\/milei-y-trump.png\",\"datePublished\":\"2024-07-14T00:23:45+00:00\",\"breadcrumb\":{\"@id\":\"https:\/\/apuntesdesanluis.com\/index.php\/2024\/07\/13\/javier-milei-repudio-el-cobarde-intento-de-asesinato-contra-donald-trump\/#breadcrumb\"},\"inLanguage\":\"es-AR\",\"potentialAction\":[{\"@type\":\"ReadAction\",\"target\":[\"https:\/\/apuntesdesanluis.com\/index.php\/2024\/07\/13\/javier-milei-repudio-el-cobarde-intento-de-asesinato-contra-donald-trump\/\"]}]},{\"@type\":\"ImageObject\",\"inLanguage\":\"es-AR\",\"@id\":\"https:\/\/apuntesdesanluis.com\/index.php\/2024\/07\/13\/javier-milei-repudio-el-cobarde-intento-de-asesinato-contra-donald-trump\/#primaryimage\",\"url\":\"https:\/\/apuntesdesanluis.com\/wp-content\/uploads\/2024\/07\/milei-y-trump.png\",\"contentUrl\":\"https:\/\/apuntesdesanluis.com\/wp-content\/uploads\/2024\/07\/milei-y-trump.png\",\"width\":792,\"height\":472},{\"@type\":\"BreadcrumbList\",\"@id\":\"https:\/\/apuntesdesanluis.com\/index.php\/2024\/07\/13\/javier-milei-repudio-el-cobarde-intento-de-asesinato-contra-donald-trump\/#breadcrumb\",\"itemListElement\":[{\"@type\":\"ListItem\",\"position\":1,\"name\":\"Inicio\",\"item\":\"https:\/\/apuntesdesanluis.com\/\"},{\"@type\":\"ListItem\",\"position\":2,\"name\":\"JAVIER MILEI REPUDI\u00d3 EL \u201cCOBARDE INTENTO DE ASESINATO\u201d CONTRA DONALD TRUMP\"}]},{\"@type\":\"WebSite\",\"@id\":\"https:\/\/apuntesdesanluis.com\/#website\",\"url\":\"https:\/\/apuntesdesanluis.com\/\",\"name\":\"Apuntes de San Luis\",\"description\":\"\",\"publisher\":{\"@id\":\"https:\/\/apuntesdesanluis.com\/#\/schema\/person\/b55151d52296fcce64d1a72538a70b90\"},\"potentialAction\":[{\"@type\":\"SearchAction\",\"target\":{\"@type\":\"EntryPoint\",\"urlTemplate\":\"https:\/\/apuntesdesanluis.com\/?s={search_term_string}\"},\"query-input\":{\"@type\":\"PropertyValueSpecification\",\"valueRequired\":true,\"valueName\":\"search_term_string\"}}],\"inLanguage\":\"es-AR\"},{\"@type\":[\"Person\",\"Organization\"],\"@id\":\"https:\/\/apuntesdesanluis.com\/#\/schema\/person\/b55151d52296fcce64d1a72538a70b90\",\"name\":\"apuntesdesanluis.com\",\"image\":{\"@type\":\"ImageObject\",\"inLanguage\":\"es-AR\",\"@id\":\"https:\/\/apuntesdesanluis.com\/#\/schema\/person\/image\/\",\"url\":\"https:\/\/apuntesdesanluis.com\/wp-content\/uploads\/2023\/07\/cropped-apuntesdesanluis.png\",\"contentUrl\":\"https:\/\/apuntesdesanluis.com\/wp-content\/uploads\/2023\/07\/cropped-apuntesdesanluis.png\",\"width\":450,\"height\":112,\"caption\":\"apuntesdesanluis.com\"},\"logo\":{\"@id\":\"https:\/\/apuntesdesanluis.com\/#\/schema\/person\/image\/\"},\"sameAs\":[\"https:\/\/apuntesdesanluis.com\"],\"url\":\"https:\/\/apuntesdesanluis.com\/index.php\/author\/apuntesdesanluis-com\/\"}]}<\/script>\n<!-- \/ Yoast SEO plugin. -->","yoast_head_json":{"title":"JAVIER MILEI REPUDI\u00d3 EL \u201cCOBARDE INTENTO DE ASESINATO\u201d CONTRA DONALD TRUMP - Apuntes de San Luis","robots":{"index":"index","follow":"follow","max-snippet":"max-snippet:-1","max-image-preview":"max-image-preview:large","max-video-preview":"max-video-preview:-1"},"canonical":"https:\/\/apuntesdesanluis.com\/index.php\/2024\/07\/13\/javier-milei-repudio-el-cobarde-intento-de-asesinato-contra-donald-trump\/","og_locale":"es_ES","og_type":"article","og_title":"JAVIER MILEI REPUDI\u00d3 EL \u201cCOBARDE INTENTO DE ASESINATO\u201d CONTRA DONALD TRUMP - Apuntes de San Luis","og_description":"El presidente argentino Javier Milei repudi\u00f3 a trav\u00e9s de sus cuentas en redes sociales el...","og_url":"https:\/\/apuntesdesanluis.com\/index.php\/2024\/07\/13\/javier-milei-repudio-el-cobarde-intento-de-asesinato-contra-donald-trump\/","og_site_name":"Apuntes de San Luis","article_published_time":"2024-07-14T00:23:45+00:00","og_image":[{"width":792,"height":472,"url":"https:\/\/apuntesdesanluis.com\/wp-content\/uploads\/2024\/07\/milei-y-trump.png","type":"image\/png"}],"author":"apuntesdesanluis.com","twitter_card":"summary_large_image","twitter_misc":{"Escrito por":"apuntesdesanluis.com","Tiempo de lectura":"2 minutos"},"schema":{"@context":"https:\/\/schema.org","@graph":[{"@type":"Article","@id":"https:\/\/apuntesdesanluis.com\/index.php\/2024\/07\/13\/javier-milei-repudio-el-cobarde-intento-de-asesinato-contra-donald-trump\/#article","isPartOf":{"@id":"https:\/\/apuntesdesanluis.com\/index.php\/2024\/07\/13\/javier-milei-repudio-el-cobarde-intento-de-asesinato-contra-donald-trump\/"},"author":{"name":"apuntesdesanluis.com","@id":"https:\/\/apuntesdesanluis.com\/#\/schema\/person\/b55151d52296fcce64d1a72538a70b90"},"headline":"JAVIER MILEI REPUDI\u00d3 EL \u201cCOBARDE INTENTO DE ASESINATO\u201d CONTRA DONALD TRUMP","datePublished":"2024-07-14T00:23:45+00:00","mainEntityOfPage":{"@id":"https:\/\/apuntesdesanluis.com\/index.php\/2024\/07\/13\/javier-milei-repudio-el-cobarde-intento-de-asesinato-contra-donald-trump\/"},"wordCount":354,"publisher":{"@id":"https:\/\/apuntesdesanluis.com\/#\/schema\/person\/b55151d52296fcce64d1a72538a70b90"},"image":{"@id":"https:\/\/apuntesdesanluis.com\/index.php\/2024\/07\/13\/javier-milei-repudio-el-cobarde-intento-de-asesinato-contra-donald-trump\/#primaryimage"},"thumbnailUrl":"https:\/\/apuntesdesanluis.com\/wp-content\/uploads\/2024\/07\/milei-y-trump.png","articleSection":["Nacionales\/Internacionales"],"inLanguage":"es-AR"},{"@type":"WebPage","@id":"https:\/\/apuntesdesanluis.com\/index.php\/2024\/07\/13\/javier-milei-repudio-el-cobarde-intento-de-asesinato-contra-donald-trump\/","url":"https:\/\/apuntesdesanluis.com\/index.php\/2024\/07\/13\/javier-milei-repudio-el-cobarde-intento-de-asesinato-contra-donald-trump\/","name":"JAVIER MILEI REPUDI\u00d3 EL \u201cCOBARDE INTENTO DE ASESINATO\u201d CONTRA DONALD TRUMP - Apuntes de San Luis","isPartOf":{"@id":"https:\/\/apuntesdesanluis.com\/#website"},"primaryImageOfPage":{"@id":"https:\/\/apuntesdesanluis.com\/index.php\/2024\/07\/13\/javier-milei-repudio-el-cobarde-intento-de-asesinato-contra-donald-trump\/#primaryimage"},"image":{"@id":"https:\/\/apuntesdesanluis.com\/index.php\/2024\/07\/13\/javier-milei-repudio-el-cobarde-intento-de-asesinato-contra-donald-trump\/#primaryimage"},"thumbnailUrl":"https:\/\/apuntesdesanluis.com\/wp-content\/uploads\/2024\/07\/milei-y-trump.png","datePublished":"2024-07-14T00:23:45+00:00","breadcrumb":{"@id":"https:\/\/apuntesdesanluis.com\/index.php\/2024\/07\/13\/javier-milei-repudio-el-cobarde-intento-de-asesinato-contra-donald-trump\/#breadcrumb"},"inLanguage":"es-AR","potentialAction":[{"@type":"ReadAction","target":["https:\/\/apuntesdesanluis.com\/index.php\/2024\/07\/13\/javier-milei-repudio-el-cobarde-intento-de-asesinato-contra-donald-trump\/"]}]},{"@type":"ImageObject","inLanguage":"es-AR","@id":"https:\/\/apuntesdesanluis.com\/index.php\/2024\/07\/13\/javier-milei-repudio-el-cobarde-intento-de-asesinato-contra-donald-trump\/#primaryimage","url":"https:\/\/apuntesdesanluis.com\/wp-content\/uploads\/2024\/07\/milei-y-trump.png","contentUrl":"https:\/\/apuntesdesanluis.com\/wp-content\/uploads\/2024\/07\/milei-y-trump.png","width":792,"height":472},{"@type":"BreadcrumbList","@id":"https:\/\/apuntesdesanluis.com\/index.php\/2024\/07\/13\/javier-milei-repudio-el-cobarde-intento-de-asesinato-contra-donald-trump\/#breadcrumb","itemListElement":[{"@type":"ListItem","position":1,"name":"Inicio","item":"https:\/\/apuntesdesanluis.com\/"},{"@type":"ListItem","position":2,"name":"JAVIER MILEI REPUDI\u00d3 EL \u201cCOBARDE INTENTO DE ASESINATO\u201d CONTRA DONALD TRUMP"}]},{"@type":"WebSite","@id":"https:\/\/apuntesdesanluis.com\/#website","url":"https:\/\/apuntesdesanluis.com\/","name":"Apuntes de San Luis","description":"","publisher":{"@id":"https:\/\/apuntesdesanluis.com\/#\/schema\/person\/b55151d52296fcce64d1a72538a70b90"},"potentialAction":[{"@type":"SearchAction","target":{"@type":"EntryPoint","urlTemplate":"https:\/\/apuntesdesanluis.com\/?s={search_term_string}"},"query-input":{"@type":"PropertyValueSpecification","valueRequired":true,"valueName":"search_term_string"}}],"inLanguage":"es-AR"},{"@type":["Person","Organization"],"@id":"https:\/\/apuntesdesanluis.com\/#\/schema\/person\/b55151d52296fcce64d1a72538a70b90","name":"apuntesdesanluis.com","image":{"@type":"ImageObject","inLanguage":"es-AR","@id":"https:\/\/apuntesdesanluis.com\/#\/schema\/person\/image\/","url":"https:\/\/apuntesdesanluis.com\/wp-content\/uploads\/2023\/07\/cropped-apuntesdesanluis.png","contentUrl":"https:\/\/apuntesdesanluis.com\/wp-content\/uploads\/2023\/07\/cropped-apuntesdesanluis.png","width":450,"height":112,"caption":"apuntesdesanluis.com"},"logo":{"@id":"https:\/\/apuntesdesanluis.com\/#\/schema\/person\/image\/"},"sameAs":["https:\/\/apuntesdesanluis.com"],"url":"https:\/\/apuntesdesanluis.com\/index.php\/author\/apuntesdesanluis-com\/"}]}},"featured_image_urls":{"full":["https:\/\/apuntesdesanluis.com\/wp-content\/uploads\/2024\/07\/milei-y-trump.png",792,472,false],"thumbnail":["https:\/\/apuntesdesanluis.com\/wp-content\/uploads\/2024\/07\/milei-y-trump-150x150.png",150,150,true],"medium":["https:\/\/apuntesdesanluis.com\/wp-content\/uploads\/2024\/07\/milei-y-trump-300x179.png",300,179,true],"medium_large":["https:\/\/apuntesdesanluis.com\/wp-content\/uploads\/2024\/07\/milei-y-trump-768x458.png",640,382,true],"large":["https:\/\/apuntesdesanluis.com\/wp-content\/uploads\/2024\/07\/milei-y-trump.png",640,381,false],"1536x1536":["https:\/\/apuntesdesanluis.com\/wp-content\/uploads\/2024\/07\/milei-y-trump.png",792,472,false],"2048x2048":["https:\/\/apuntesdesanluis.com\/wp-content\/uploads\/2024\/07\/milei-y-trump.png",792,472,false],"newsever-slider-full":["https:\/\/apuntesdesanluis.com\/wp-content\/uploads\/2024\/07\/milei-y-trump.png",792,472,false],"newsever-featured":["https:\/\/apuntesdesanluis.com\/wp-content\/uploads\/2024\/07\/milei-y-trump.png",792,472,false],"newsever-medium":["https:\/\/apuntesdesanluis.com\/wp-content\/uploads\/2024\/07\/milei-y-trump-720x472.png",720,472,true]},"author_info":{"display_name":"apuntesdesanluis.com","author_link":"https:\/\/apuntesdesanluis.com\/index.php\/author\/apuntesdesanluis-com\/"},"category_info":"<a href=\"https:\/\/apuntesdesanluis.com\/index.php\/category\/nacionales-internacionales\/\" rel=\"category tag\">Nacionales\/Internacionales<\/a>","tag_info":"Nacionales\/Internacionales","comment_count":"0","_links":{"self":[{"href":"https:\/\/apuntesdesanluis.com\/index.php\/wp-json\/wp\/v2\/posts\/19220","targetHints":{"allow":["GET"]}}],"collection":[{"href":"https:\/\/apuntesdesanluis.com\/index.php\/wp-json\/wp\/v2\/posts"}],"about":[{"href":"https:\/\/apuntesdesanluis.com\/index.php\/wp-json\/wp\/v2\/types\/post"}],"author":[{"embeddable":true,"href":"https:\/\/apuntesdesanluis.com\/index.php\/wp-json\/wp\/v2\/users\/1"}],"replies":[{"embeddable":true,"href":"https:\/\/apuntesdesanluis.com\/index.php\/wp-json\/wp\/v2\/comments?post=19220"}],"version-history":[{"count":1,"href":"https:\/\/apuntesdesanluis.com\/index.php\/wp-json\/wp\/v2\/posts\/19220\/revisions"}],"predecessor-version":[{"id":19222,"href":"https:\/\/apuntesdesanluis.com\/index.php\/wp-json\/wp\/v2\/posts\/19220\/revisions\/19222"}],"wp:featuredmedia":[{"embeddable":true,"href":"https:\/\/apuntesdesanluis.com\/index.php\/wp-json\/wp\/v2\/media\/19221"}],"wp:attachment":[{"href":"https:\/\/apuntesdesanluis.com\/index.php\/wp-json\/wp\/v2\/media?parent=19220"}],"wp:term":[{"taxonomy":"category","embeddable":true,"href":"https:\/\/apuntesdesanluis.com\/index.php\/wp-json\/wp\/v2\/categories?post=19220"},{"taxonomy":"post_tag","embeddable":true,"href":"https:\/\/apuntesdesanluis.com\/index.php\/wp-json\/wp\/v2\/tags?post=19220"}],"curies":[{"name":"wp","href":"https:\/\/api.w.org\/{rel}","templated":true}]}}