{"id":19274,"date":"2024-07-14T19:38:13","date_gmt":"2024-07-14T22:38:13","guid":{"rendered":"https:\/\/apuntesdesanluis.com\/?p=19274"},"modified":"2024-07-14T19:38:13","modified_gmt":"2024-07-14T22:38:13","slug":"capacitaran-a-brigadistas-en-la-lucha-aerea-contra-incendios-forestales","status":"publish","type":"post","link":"https:\/\/apuntesdesanluis.com\/index.php\/2024\/07\/14\/capacitaran-a-brigadistas-en-la-lucha-aerea-contra-incendios-forestales\/","title":{"rendered":"CAPACITAR\u00c1N A BRIGADISTAS EN LA LUCHA A\u00c9REA CONTRA INCENDIOS FORESTALES"},"content":{"rendered":"<h3>El <strong>Servicio Nacional de Manejo del Fuego<\/strong> (SNMF) desarrollar\u00e1 una capacitaci\u00f3n en el aer\u00f3dromo \u2018Tres Lomas\u2019 de Donovan el pr\u00f3ximo martes 16 de julio, desde las 9:00. El evento, pensado para brigadistas de todo San Luis, ofrecer\u00e1 herramientas t\u00e9cnicas y pr\u00e1cticas para optimizar el combate a\u00e9reo contra los incendios forestales.<\/h3>\n<h3>La jornada estar\u00e1 encabezada por el coordinador regional centro del SNMF, Andr\u00e9s Bosh, con la colaboraci\u00f3n de la empresa \u2018Fly In\u2019. El objetivo es formar a los participantes en la lucha a\u00e9rea, motivo por el cual incluir\u00e1n un avi\u00f3n y un helic\u00f3ptero hidrante en la actividad. Tambi\u00e9n intentar\u00e1n fortalecer el trabajo articulado de los cuerpos de emergencia ante situaciones l\u00edmites, para poder ofrecer una respuesta m\u00e1s eficiente en esos casos.<\/h3>\n<h3>Esta capacitaci\u00f3n est\u00e1 enmarcada en el acuerdo federal para el desarrollo de acciones y estrategias para el combate de siniestros y la restauraci\u00f3n de los espacios degradados o afectados por los incendios. El plan promueve una mayor toma de conciencia ambiental para el cuidado del ecosistema local. La propuesta ha sido replicada para brigadistas de todo el pa\u00eds, como parte del fortalecimiento de las capacidades estatales para combatir focos \u00edgneos.<\/h3>\n<p><img fetchpriority=\"high\" decoding=\"async\" class=\"wp-image-19276 aligncenter\" src=\"https:\/\/apuntesdesanluis.com\/wp-content\/uploads\/2024\/07\/avion-hidrante-300x171.png\" alt=\"\" width=\"654\" height=\"373\" srcset=\"https:\/\/apuntesdesanluis.com\/wp-content\/uploads\/2024\/07\/avion-hidrante-300x171.png 300w, https:\/\/apuntesdesanluis.com\/wp-content\/uploads\/2024\/07\/avion-hidrante.png 600w\" sizes=\"(max-width: 654px) 100vw, 654px\" \/><\/p>\n<h3>\u00bfPOR QU\u00c9 OCURREN LOS INCENDIOS?<\/h3>\n<h3>En los \u00faltimos cinco a\u00f1os, San Luis siempre estuvo entre las provincias que m\u00e1s hect\u00e1reas incendiadas registr\u00f3. En 2023 fue la provincia que mayor superficie perdi\u00f3 por el fuego a nivel federal, con aproximadamente 129 mil hect\u00e1reas quemadas. Las cifras demandan una fuerte respuesta, con acciones que les permitan a los productores realizar las picadas cortafuego sin perjudicar demasiado su rentabilidad.<\/h3>\n<h3>El factor m\u00e1s importante para la gestaci\u00f3n de incendios es el humano. Seg\u00fan datos del SNMF, el 95% de los casos son provocados por la acci\u00f3n humana y entre las causas m\u00e1s frecuentes est\u00e1 el uso del fuego para la preparaci\u00f3n de \u00e1reas de pastoreo.<\/h3>\n<h3>Seg\u00fan los especialistas, tambi\u00e9n existen algunos factores naturales que contribuyen a esta situaci\u00f3n, a pesar de que no son el motivo principal de lo que est\u00e1 ocurriendo. Esto incluye por ejemplo el cambio clim\u00e1tico, la sequ\u00eda que se extendi\u00f3 por m\u00e1s de tres a\u00f1os y el fen\u00f3meno de \u2018La Ni\u00f1a\u2019, que finaliz\u00f3 en 2022.<\/h3>\n<h3>El cambio clim\u00e1tico que atravesamos torna m\u00e1s severos y extremos los procesos de inundaciones o sequ\u00edas, lo que aumenta el riesgo de los incendios y lo voraces que pueden ser. El dato m\u00e1s preocupante es que los fuegos se mantienen a lo largo de todo el a\u00f1o, al punto en que los ecosistemas no van a poder soportarlo. La naturaleza tiene poder de resiliencia, pero esta continuidad de incendios pone en riesgo la integridad ecol\u00f3gica de cada h\u00e1bitat. Por eso, la cartera ambiental enfatiz\u00f3 en la importancia de no adoptar como costumbre el hecho de padecer incendios.<\/h3>\n<p>&nbsp;<\/p>\n<p>&nbsp;<\/p>\n<p>&nbsp;<\/p>\n<p>&nbsp;<\/p>\n<p>&nbsp;<\/p>\n<p>&nbsp;<\/p>\n","protected":false},"excerpt":{"rendered":"<p>El Servicio Nacional de Manejo del Fuego (SNMF) desarrollar\u00e1 una capacitaci\u00f3n en el aer\u00f3dromo \u2018Tres&#8230;<\/p>\n","protected":false},"author":1,"featured_media":19275,"comment_status":"closed","ping_status":"closed","sticky":false,"template":"","format":"standard","meta":{"footnotes":""},"categories":[6],"tags":[],"class_list":["post-19274","post","type-post","status-publish","format-standard","has-post-thumbnail","hentry","category-ciudad-provincia"],"yoast_head":"<!-- This site is optimized with the Yoast SEO plugin v26.1.1 - https:\/\/yoast.com\/wordpress\/plugins\/seo\/ -->\n<title>CAPACITAR\u00c1N A BRIGADISTAS EN LA LUCHA A\u00c9REA CONTRA INCENDIOS FORESTALES - Apuntes de San Luis<\/title>\n<meta name=\"robots\" content=\"index, follow, max-snippet:-1, max-image-preview:large, max-video-preview:-1\" \/>\n<link rel=\"canonical\" href=\"https:\/\/apuntesdesanluis.com\/index.php\/2024\/07\/14\/capacitaran-a-brigadistas-en-la-lucha-aerea-contra-incendios-forestales\/\" \/>\n<meta property=\"og:locale\" content=\"es_ES\" \/>\n<meta property=\"og:type\" content=\"article\" \/>\n<meta property=\"og:title\" content=\"CAPACITAR\u00c1N A BRIGADISTAS EN LA LUCHA A\u00c9REA CONTRA INCENDIOS FORESTALES - Apuntes de San Luis\" \/>\n<meta property=\"og:description\" content=\"El Servicio Nacional de Manejo del Fuego (SNMF) desarrollar\u00e1 una capacitaci\u00f3n en el aer\u00f3dromo \u2018Tres...\" \/>\n<meta property=\"og:url\" content=\"https:\/\/apuntesdesanluis.com\/index.php\/2024\/07\/14\/capacitaran-a-brigadistas-en-la-lucha-aerea-contra-incendios-forestales\/\" \/>\n<meta property=\"og:site_name\" content=\"Apuntes de San Luis\" \/>\n<meta property=\"article:published_time\" content=\"2024-07-14T22:38:13+00:00\" \/>\n<meta property=\"og:image\" content=\"https:\/\/apuntesdesanluis.com\/wp-content\/uploads\/2024\/07\/avion-conta-incendio-forestal.png\" \/>\n\t<meta property=\"og:image:width\" content=\"600\" \/>\n\t<meta property=\"og:image:height\" content=\"381\" \/>\n\t<meta property=\"og:image:type\" content=\"image\/png\" \/>\n<meta name=\"author\" content=\"apuntesdesanluis.com\" \/>\n<meta name=\"twitter:card\" content=\"summary_large_image\" \/>\n<meta name=\"twitter:label1\" content=\"Escrito por\" \/>\n\t<meta name=\"twitter:data1\" content=\"apuntesdesanluis.com\" \/>\n\t<meta name=\"twitter:label2\" content=\"Tiempo de lectura\" \/>\n\t<meta name=\"twitter:data2\" content=\"3 minutos\" \/>\n<script type=\"application\/ld+json\" class=\"yoast-schema-graph\">{\"@context\":\"https:\/\/schema.org\",\"@graph\":[{\"@type\":\"Article\",\"@id\":\"https:\/\/apuntesdesanluis.com\/index.php\/2024\/07\/14\/capacitaran-a-brigadistas-en-la-lucha-aerea-contra-incendios-forestales\/#article\",\"isPartOf\":{\"@id\":\"https:\/\/apuntesdesanluis.com\/index.php\/2024\/07\/14\/capacitaran-a-brigadistas-en-la-lucha-aerea-contra-incendios-forestales\/\"},\"author\":{\"name\":\"apuntesdesanluis.com\",\"@id\":\"https:\/\/apuntesdesanluis.com\/#\/schema\/person\/b55151d52296fcce64d1a72538a70b90\"},\"headline\":\"CAPACITAR\u00c1N A BRIGADISTAS EN LA LUCHA A\u00c9REA CONTRA INCENDIOS FORESTALES\",\"datePublished\":\"2024-07-14T22:38:13+00:00\",\"mainEntityOfPage\":{\"@id\":\"https:\/\/apuntesdesanluis.com\/index.php\/2024\/07\/14\/capacitaran-a-brigadistas-en-la-lucha-aerea-contra-incendios-forestales\/\"},\"wordCount\":509,\"publisher\":{\"@id\":\"https:\/\/apuntesdesanluis.com\/#\/schema\/person\/b55151d52296fcce64d1a72538a70b90\"},\"image\":{\"@id\":\"https:\/\/apuntesdesanluis.com\/index.php\/2024\/07\/14\/capacitaran-a-brigadistas-en-la-lucha-aerea-contra-incendios-forestales\/#primaryimage\"},\"thumbnailUrl\":\"https:\/\/apuntesdesanluis.com\/wp-content\/uploads\/2024\/07\/avion-conta-incendio-forestal.png\",\"articleSection\":[\"Ciudad\/Provincia\"],\"inLanguage\":\"es-AR\"},{\"@type\":\"WebPage\",\"@id\":\"https:\/\/apuntesdesanluis.com\/index.php\/2024\/07\/14\/capacitaran-a-brigadistas-en-la-lucha-aerea-contra-incendios-forestales\/\",\"url\":\"https:\/\/apuntesdesanluis.com\/index.php\/2024\/07\/14\/capacitaran-a-brigadistas-en-la-lucha-aerea-contra-incendios-forestales\/\",\"name\":\"CAPACITAR\u00c1N A BRIGADISTAS EN LA LUCHA A\u00c9REA CONTRA INCENDIOS FORESTALES - Apuntes de San Luis\",\"isPartOf\":{\"@id\":\"https:\/\/apuntesdesanluis.com\/#website\"},\"primaryImageOfPage\":{\"@id\":\"https:\/\/apuntesdesanluis.com\/index.php\/2024\/07\/14\/capacitaran-a-brigadistas-en-la-lucha-aerea-contra-incendios-forestales\/#primaryimage\"},\"image\":{\"@id\":\"https:\/\/apuntesdesanluis.com\/index.php\/2024\/07\/14\/capacitaran-a-brigadistas-en-la-lucha-aerea-contra-incendios-forestales\/#primaryimage\"},\"thumbnailUrl\":\"https:\/\/apuntesdesanluis.com\/wp-content\/uploads\/2024\/07\/avion-conta-incendio-forestal.png\",\"datePublished\":\"2024-07-14T22:38:13+00:00\",\"breadcrumb\":{\"@id\":\"https:\/\/apuntesdesanluis.com\/index.php\/2024\/07\/14\/capacitaran-a-brigadistas-en-la-lucha-aerea-contra-incendios-forestales\/#breadcrumb\"},\"inLanguage\":\"es-AR\",\"potentialAction\":[{\"@type\":\"ReadAction\",\"target\":[\"https:\/\/apuntesdesanluis.com\/index.php\/2024\/07\/14\/capacitaran-a-brigadistas-en-la-lucha-aerea-contra-incendios-forestales\/\"]}]},{\"@type\":\"ImageObject\",\"inLanguage\":\"es-AR\",\"@id\":\"https:\/\/apuntesdesanluis.com\/index.php\/2024\/07\/14\/capacitaran-a-brigadistas-en-la-lucha-aerea-contra-incendios-forestales\/#primaryimage\",\"url\":\"https:\/\/apuntesdesanluis.com\/wp-content\/uploads\/2024\/07\/avion-conta-incendio-forestal.png\",\"contentUrl\":\"https:\/\/apuntesdesanluis.com\/wp-content\/uploads\/2024\/07\/avion-conta-incendio-forestal.png\",\"width\":600,\"height\":381},{\"@type\":\"BreadcrumbList\",\"@id\":\"https:\/\/apuntesdesanluis.com\/index.php\/2024\/07\/14\/capacitaran-a-brigadistas-en-la-lucha-aerea-contra-incendios-forestales\/#breadcrumb\",\"itemListElement\":[{\"@type\":\"ListItem\",\"position\":1,\"name\":\"Inicio\",\"item\":\"https:\/\/apuntesdesanluis.com\/\"},{\"@type\":\"ListItem\",\"position\":2,\"name\":\"CAPACITAR\u00c1N A BRIGADISTAS EN LA LUCHA A\u00c9REA CONTRA INCENDIOS FORESTALES\"}]},{\"@type\":\"WebSite\",\"@id\":\"https:\/\/apuntesdesanluis.com\/#website\",\"url\":\"https:\/\/apuntesdesanluis.com\/\",\"name\":\"Apuntes de San Luis\",\"description\":\"\",\"publisher\":{\"@id\":\"https:\/\/apuntesdesanluis.com\/#\/schema\/person\/b55151d52296fcce64d1a72538a70b90\"},\"potentialAction\":[{\"@type\":\"SearchAction\",\"target\":{\"@type\":\"EntryPoint\",\"urlTemplate\":\"https:\/\/apuntesdesanluis.com\/?s={search_term_string}\"},\"query-input\":{\"@type\":\"PropertyValueSpecification\",\"valueRequired\":true,\"valueName\":\"search_term_string\"}}],\"inLanguage\":\"es-AR\"},{\"@type\":[\"Person\",\"Organization\"],\"@id\":\"https:\/\/apuntesdesanluis.com\/#\/schema\/person\/b55151d52296fcce64d1a72538a70b90\",\"name\":\"apuntesdesanluis.com\",\"image\":{\"@type\":\"ImageObject\",\"inLanguage\":\"es-AR\",\"@id\":\"https:\/\/apuntesdesanluis.com\/#\/schema\/person\/image\/\",\"url\":\"https:\/\/apuntesdesanluis.com\/wp-content\/uploads\/2023\/07\/cropped-apuntesdesanluis.png\",\"contentUrl\":\"https:\/\/apuntesdesanluis.com\/wp-content\/uploads\/2023\/07\/cropped-apuntesdesanluis.png\",\"width\":450,\"height\":112,\"caption\":\"apuntesdesanluis.com\"},\"logo\":{\"@id\":\"https:\/\/apuntesdesanluis.com\/#\/schema\/person\/image\/\"},\"sameAs\":[\"https:\/\/apuntesdesanluis.com\"],\"url\":\"https:\/\/apuntesdesanluis.com\/index.php\/author\/apuntesdesanluis-com\/\"}]}<\/script>\n<!-- \/ Yoast SEO plugin. -->","yoast_head_json":{"title":"CAPACITAR\u00c1N A BRIGADISTAS EN LA LUCHA A\u00c9REA CONTRA INCENDIOS FORESTALES - Apuntes de San Luis","robots":{"index":"index","follow":"follow","max-snippet":"max-snippet:-1","max-image-preview":"max-image-preview:large","max-video-preview":"max-video-preview:-1"},"canonical":"https:\/\/apuntesdesanluis.com\/index.php\/2024\/07\/14\/capacitaran-a-brigadistas-en-la-lucha-aerea-contra-incendios-forestales\/","og_locale":"es_ES","og_type":"article","og_title":"CAPACITAR\u00c1N A BRIGADISTAS EN LA LUCHA A\u00c9REA CONTRA INCENDIOS FORESTALES - Apuntes de San Luis","og_description":"El Servicio Nacional de Manejo del Fuego (SNMF) desarrollar\u00e1 una capacitaci\u00f3n en el aer\u00f3dromo \u2018Tres...","og_url":"https:\/\/apuntesdesanluis.com\/index.php\/2024\/07\/14\/capacitaran-a-brigadistas-en-la-lucha-aerea-contra-incendios-forestales\/","og_site_name":"Apuntes de San Luis","article_published_time":"2024-07-14T22:38:13+00:00","og_image":[{"width":600,"height":381,"url":"https:\/\/apuntesdesanluis.com\/wp-content\/uploads\/2024\/07\/avion-conta-incendio-forestal.png","type":"image\/png"}],"author":"apuntesdesanluis.com","twitter_card":"summary_large_image","twitter_misc":{"Escrito por":"apuntesdesanluis.com","Tiempo de lectura":"3 minutos"},"schema":{"@context":"https:\/\/schema.org","@graph":[{"@type":"Article","@id":"https:\/\/apuntesdesanluis.com\/index.php\/2024\/07\/14\/capacitaran-a-brigadistas-en-la-lucha-aerea-contra-incendios-forestales\/#article","isPartOf":{"@id":"https:\/\/apuntesdesanluis.com\/index.php\/2024\/07\/14\/capacitaran-a-brigadistas-en-la-lucha-aerea-contra-incendios-forestales\/"},"author":{"name":"apuntesdesanluis.com","@id":"https:\/\/apuntesdesanluis.com\/#\/schema\/person\/b55151d52296fcce64d1a72538a70b90"},"headline":"CAPACITAR\u00c1N A BRIGADISTAS EN LA LUCHA A\u00c9REA CONTRA INCENDIOS FORESTALES","datePublished":"2024-07-14T22:38:13+00:00","mainEntityOfPage":{"@id":"https:\/\/apuntesdesanluis.com\/index.php\/2024\/07\/14\/capacitaran-a-brigadistas-en-la-lucha-aerea-contra-incendios-forestales\/"},"wordCount":509,"publisher":{"@id":"https:\/\/apuntesdesanluis.com\/#\/schema\/person\/b55151d52296fcce64d1a72538a70b90"},"image":{"@id":"https:\/\/apuntesdesanluis.com\/index.php\/2024\/07\/14\/capacitaran-a-brigadistas-en-la-lucha-aerea-contra-incendios-forestales\/#primaryimage"},"thumbnailUrl":"https:\/\/apuntesdesanluis.com\/wp-content\/uploads\/2024\/07\/avion-conta-incendio-forestal.png","articleSection":["Ciudad\/Provincia"],"inLanguage":"es-AR"},{"@type":"WebPage","@id":"https:\/\/apuntesdesanluis.com\/index.php\/2024\/07\/14\/capacitaran-a-brigadistas-en-la-lucha-aerea-contra-incendios-forestales\/","url":"https:\/\/apuntesdesanluis.com\/index.php\/2024\/07\/14\/capacitaran-a-brigadistas-en-la-lucha-aerea-contra-incendios-forestales\/","name":"CAPACITAR\u00c1N A BRIGADISTAS EN LA LUCHA A\u00c9REA CONTRA INCENDIOS FORESTALES - Apuntes de San Luis","isPartOf":{"@id":"https:\/\/apuntesdesanluis.com\/#website"},"primaryImageOfPage":{"@id":"https:\/\/apuntesdesanluis.com\/index.php\/2024\/07\/14\/capacitaran-a-brigadistas-en-la-lucha-aerea-contra-incendios-forestales\/#primaryimage"},"image":{"@id":"https:\/\/apuntesdesanluis.com\/index.php\/2024\/07\/14\/capacitaran-a-brigadistas-en-la-lucha-aerea-contra-incendios-forestales\/#primaryimage"},"thumbnailUrl":"https:\/\/apuntesdesanluis.com\/wp-content\/uploads\/2024\/07\/avion-conta-incendio-forestal.png","datePublished":"2024-07-14T22:38:13+00:00","breadcrumb":{"@id":"https:\/\/apuntesdesanluis.com\/index.php\/2024\/07\/14\/capacitaran-a-brigadistas-en-la-lucha-aerea-contra-incendios-forestales\/#breadcrumb"},"inLanguage":"es-AR","potentialAction":[{"@type":"ReadAction","target":["https:\/\/apuntesdesanluis.com\/index.php\/2024\/07\/14\/capacitaran-a-brigadistas-en-la-lucha-aerea-contra-incendios-forestales\/"]}]},{"@type":"ImageObject","inLanguage":"es-AR","@id":"https:\/\/apuntesdesanluis.com\/index.php\/2024\/07\/14\/capacitaran-a-brigadistas-en-la-lucha-aerea-contra-incendios-forestales\/#primaryimage","url":"https:\/\/apuntesdesanluis.com\/wp-content\/uploads\/2024\/07\/avion-conta-incendio-forestal.png","contentUrl":"https:\/\/apuntesdesanluis.com\/wp-content\/uploads\/2024\/07\/avion-conta-incendio-forestal.png","width":600,"height":381},{"@type":"BreadcrumbList","@id":"https:\/\/apuntesdesanluis.com\/index.php\/2024\/07\/14\/capacitaran-a-brigadistas-en-la-lucha-aerea-contra-incendios-forestales\/#breadcrumb","itemListElement":[{"@type":"ListItem","position":1,"name":"Inicio","item":"https:\/\/apuntesdesanluis.com\/"},{"@type":"ListItem","position":2,"name":"CAPACITAR\u00c1N A BRIGADISTAS EN LA LUCHA A\u00c9REA CONTRA INCENDIOS FORESTALES"}]},{"@type":"WebSite","@id":"https:\/\/apuntesdesanluis.com\/#website","url":"https:\/\/apuntesdesanluis.com\/","name":"Apuntes de San Luis","description":"","publisher":{"@id":"https:\/\/apuntesdesanluis.com\/#\/schema\/person\/b55151d52296fcce64d1a72538a70b90"},"potentialAction":[{"@type":"SearchAction","target":{"@type":"EntryPoint","urlTemplate":"https:\/\/apuntesdesanluis.com\/?s={search_term_string}"},"query-input":{"@type":"PropertyValueSpecification","valueRequired":true,"valueName":"search_term_string"}}],"inLanguage":"es-AR"},{"@type":["Person","Organization"],"@id":"https:\/\/apuntesdesanluis.com\/#\/schema\/person\/b55151d52296fcce64d1a72538a70b90","name":"apuntesdesanluis.com","image":{"@type":"ImageObject","inLanguage":"es-AR","@id":"https:\/\/apuntesdesanluis.com\/#\/schema\/person\/image\/","url":"https:\/\/apuntesdesanluis.com\/wp-content\/uploads\/2023\/07\/cropped-apuntesdesanluis.png","contentUrl":"https:\/\/apuntesdesanluis.com\/wp-content\/uploads\/2023\/07\/cropped-apuntesdesanluis.png","width":450,"height":112,"caption":"apuntesdesanluis.com"},"logo":{"@id":"https:\/\/apuntesdesanluis.com\/#\/schema\/person\/image\/"},"sameAs":["https:\/\/apuntesdesanluis.com"],"url":"https:\/\/apuntesdesanluis.com\/index.php\/author\/apuntesdesanluis-com\/"}]}},"featured_image_urls":{"full":["https:\/\/apuntesdesanluis.com\/wp-content\/uploads\/2024\/07\/avion-conta-incendio-forestal.png",600,381,false],"thumbnail":["https:\/\/apuntesdesanluis.com\/wp-content\/uploads\/2024\/07\/avion-conta-incendio-forestal-150x150.png",150,150,true],"medium":["https:\/\/apuntesdesanluis.com\/wp-content\/uploads\/2024\/07\/avion-conta-incendio-forestal-300x191.png",300,191,true],"medium_large":["https:\/\/apuntesdesanluis.com\/wp-content\/uploads\/2024\/07\/avion-conta-incendio-forestal.png",600,381,false],"large":["https:\/\/apuntesdesanluis.com\/wp-content\/uploads\/2024\/07\/avion-conta-incendio-forestal.png",600,381,false],"1536x1536":["https:\/\/apuntesdesanluis.com\/wp-content\/uploads\/2024\/07\/avion-conta-incendio-forestal.png",600,381,false],"2048x2048":["https:\/\/apuntesdesanluis.com\/wp-content\/uploads\/2024\/07\/avion-conta-incendio-forestal.png",600,381,false],"newsever-slider-full":["https:\/\/apuntesdesanluis.com\/wp-content\/uploads\/2024\/07\/avion-conta-incendio-forestal.png",600,381,false],"newsever-featured":["https:\/\/apuntesdesanluis.com\/wp-content\/uploads\/2024\/07\/avion-conta-incendio-forestal.png",600,381,false],"newsever-medium":["https:\/\/apuntesdesanluis.com\/wp-content\/uploads\/2024\/07\/avion-conta-incendio-forestal.png",600,381,false]},"author_info":{"display_name":"apuntesdesanluis.com","author_link":"https:\/\/apuntesdesanluis.com\/index.php\/author\/apuntesdesanluis-com\/"},"category_info":"<a href=\"https:\/\/apuntesdesanluis.com\/index.php\/category\/ciudad-provincia\/\" rel=\"category tag\">Ciudad\/Provincia<\/a>","tag_info":"Ciudad\/Provincia","comment_count":"0","_links":{"self":[{"href":"https:\/\/apuntesdesanluis.com\/index.php\/wp-json\/wp\/v2\/posts\/19274","targetHints":{"allow":["GET"]}}],"collection":[{"href":"https:\/\/apuntesdesanluis.com\/index.php\/wp-json\/wp\/v2\/posts"}],"about":[{"href":"https:\/\/apuntesdesanluis.com\/index.php\/wp-json\/wp\/v2\/types\/post"}],"author":[{"embeddable":true,"href":"https:\/\/apuntesdesanluis.com\/index.php\/wp-json\/wp\/v2\/users\/1"}],"replies":[{"embeddable":true,"href":"https:\/\/apuntesdesanluis.com\/index.php\/wp-json\/wp\/v2\/comments?post=19274"}],"version-history":[{"count":1,"href":"https:\/\/apuntesdesanluis.com\/index.php\/wp-json\/wp\/v2\/posts\/19274\/revisions"}],"predecessor-version":[{"id":19277,"href":"https:\/\/apuntesdesanluis.com\/index.php\/wp-json\/wp\/v2\/posts\/19274\/revisions\/19277"}],"wp:featuredmedia":[{"embeddable":true,"href":"https:\/\/apuntesdesanluis.com\/index.php\/wp-json\/wp\/v2\/media\/19275"}],"wp:attachment":[{"href":"https:\/\/apuntesdesanluis.com\/index.php\/wp-json\/wp\/v2\/media?parent=19274"}],"wp:term":[{"taxonomy":"category","embeddable":true,"href":"https:\/\/apuntesdesanluis.com\/index.php\/wp-json\/wp\/v2\/categories?post=19274"},{"taxonomy":"post_tag","embeddable":true,"href":"https:\/\/apuntesdesanluis.com\/index.php\/wp-json\/wp\/v2\/tags?post=19274"}],"curies":[{"name":"wp","href":"https:\/\/api.w.org\/{rel}","templated":true}]}}