{"id":19303,"date":"2024-07-15T17:25:26","date_gmt":"2024-07-15T20:25:26","guid":{"rendered":"https:\/\/apuntesdesanluis.com\/?p=19303"},"modified":"2024-07-15T17:25:26","modified_gmt":"2024-07-15T20:25:26","slug":"precisiones-sobre-los-planes-de-viviendas-que-anuncio-el-gobierno","status":"publish","type":"post","link":"https:\/\/apuntesdesanluis.com\/index.php\/2024\/07\/15\/precisiones-sobre-los-planes-de-viviendas-que-anuncio-el-gobierno\/","title":{"rendered":"PRECISIONES SOBRE LOS PLANES DE VIVIENDAS QUE ANUNCI\u00d3 EL GOBIERNO"},"content":{"rendered":"<h3>Este lunes, en conferencia de prensa, el ministro de Desarrollo Humano, <strong>Gustavo Bertolini<\/strong>, y el director de Vivienda y Regularizaci\u00f3n Dominial, <strong>Hugo Rossi<\/strong>, dieron detalles sobre los requisitos que deben cumplir los adjudicatarios de los planes \u2018Progreso\u2019 y \u2018Sue\u00f1os\u2019, que fueron discontinuados por la gesti\u00f3n anterior y que este s\u00e1bado, en el Ave F\u00e9nix, renovaron sus ilusiones de ser los due\u00f1os de su techo. Adem\u00e1s, adelantaron detalles sobre la convocatoria a nuevos beneficiarios que se abrir\u00e1 el a\u00f1o que viene.<\/h3>\n<p><img fetchpriority=\"high\" decoding=\"async\" class=\"wp-image-19304 aligncenter\" src=\"https:\/\/apuntesdesanluis.com\/wp-content\/uploads\/2024\/07\/bertolini-y-rossi-300x183.png\" alt=\"\" width=\"595\" height=\"363\" srcset=\"https:\/\/apuntesdesanluis.com\/wp-content\/uploads\/2024\/07\/bertolini-y-rossi-300x183.png 300w, https:\/\/apuntesdesanluis.com\/wp-content\/uploads\/2024\/07\/bertolini-y-rossi.png 700w\" sizes=\"(max-width: 595px) 100vw, 595px\" \/><\/p>\n<h3>Bertolini repas\u00f3 que ser\u00e1n cerca de 1.300 las personas que obtendr\u00e1n su propia casa. Desde el 22 de julio al 12 de agosto, los adjudicatarios podr\u00e1n presentar la documentaci\u00f3n de acuerdo a los requisitos establecidos y luego participar\u00e1n de un sorteo. La construcci\u00f3n de las viviendas se estipul\u00f3 en dos etapas: una comenzar\u00e1 en septiembre de este a\u00f1o y la otra en febrero de 2025. La primera etapa, comprender\u00e1 el inicio de la construcci\u00f3n de las viviendas de aquellos beneficiarios que se inscribieron en el a\u00f1o 2011 y que a diciembre de 2015 hab\u00edan abonado todas las cuotas. Una vez que se efect\u00fae el cumplimiento de esta \u201creparaci\u00f3n\u201d, por parte del Gobierno actual, se elaborar\u00e1 un nuevo plan de viviendas y se convocar\u00e1 a una inscripci\u00f3n. El objetivo es que para la Navidad de 2025 todos los beneficiarios tengan su casa y puedan pasar la Nochebuena en sus viviendas.<\/h3>\n<h3>El Ministro record\u00f3 que las cuotas rondar\u00e1n los 150 mil pesos, un monto que considera inferior al de cualquier alquiler y que se ir\u00e1 ajustando en base al \u00edndice del salario m\u00ednimo, vital y m\u00f3vil. Los beneficiarios empezar\u00edan a abonar cuando reciban la vivienda. \u201cM\u00e1s all\u00e1 de dar respuesta y de contribuir a esa reparaci\u00f3n, la construcci\u00f3n no solamente resuelve un problema habitacional, tambi\u00e9n genera miles de puestos de trabajo, directos e indirectos\u201d, opin\u00f3.<\/h3>\n<p><iframe title=\"Gustavo Bertolini, ministro de Desarrollo Humano\" width=\"640\" height=\"360\" src=\"https:\/\/www.youtube.com\/embed\/-2qOwn7RRDU?feature=oembed\" frameborder=\"0\" allow=\"accelerometer; autoplay; clipboard-write; encrypted-media; gyroscope; picture-in-picture; web-share\" referrerpolicy=\"strict-origin-when-cross-origin\" allowfullscreen><\/iframe><\/p>\n<h3>Rossi, por su parte, recapitul\u00f3 que los beneficiarios convocados al acto del d\u00eda s\u00e1bado cumplieron con cuatro requisitos b\u00e1sicos: tener al d\u00eda las cuotas a diciembre de 2015; no ser adjudicatario ni cotitular de una vivienda social; no figurar o no ser propietario en el registro de la propiedad y no haber solicitado la devoluci\u00f3n del dinero abonado. \u201cHemos contemplado aquellas situaciones en las cuales, por ejemplo, por una herencia se recibe una propiedad en estos 14 a\u00f1os y el condominio de esa propiedad sea inferior al 50%. Y, por el otro lado, que no hayan cobrado o percibido la devoluci\u00f3n de las cuotas que les ofreci\u00f3 la gesti\u00f3n anterior\u201d, esgrimi\u00f3 Rossi. Con respecto a la documentaci\u00f3n a completar, podr\u00e1n acercarla desde el pr\u00f3ximo 22 de julio hasta el 12 de agosto.<\/h3>\n<h3>\u201cEl d\u00eda 14 de agosto se va a realizar el sorteo. Tambi\u00e9n es una cuesti\u00f3n in\u00e9dita en cuanto a la transparencia en la adjudicaci\u00f3n de viviendas que se va a implementar en esta gesti\u00f3n. Nunca m\u00e1s un funcionario decidiendo qui\u00e9n es el adjudicatario de una vivienda social. El sorteo va a ser p\u00fablico, televisado y efectuado en la Caja Social\u201d, cerr\u00f3.<\/h3>\n<p><iframe title=\"Hugo Rossi, director de Viviendas\" width=\"640\" height=\"360\" src=\"https:\/\/www.youtube.com\/embed\/FqjR3vp_1cA?feature=oembed\" frameborder=\"0\" allow=\"accelerometer; autoplay; clipboard-write; encrypted-media; gyroscope; picture-in-picture; web-share\" referrerpolicy=\"strict-origin-when-cross-origin\" allowfullscreen><\/iframe><\/p>\n<p>&nbsp;<\/p>\n<p>&nbsp;<\/p>\n<p>&nbsp;<\/p>\n<p>&nbsp;<\/p>\n<p>&nbsp;<\/p>\n<p>&nbsp;<\/p>\n<p>&nbsp;<\/p>\n<p>&nbsp;<\/p>\n","protected":false},"excerpt":{"rendered":"<p>Este lunes, en conferencia de prensa, el ministro de Desarrollo Humano, Gustavo Bertolini, y el&#8230;<\/p>\n","protected":false},"author":1,"featured_media":18922,"comment_status":"closed","ping_status":"closed","sticky":false,"template":"","format":"standard","meta":{"footnotes":""},"categories":[6],"tags":[],"class_list":["post-19303","post","type-post","status-publish","format-standard","has-post-thumbnail","hentry","category-ciudad-provincia"],"yoast_head":"<!-- This site is optimized with the Yoast SEO plugin v26.1.1 - https:\/\/yoast.com\/wordpress\/plugins\/seo\/ -->\n<title>PRECISIONES SOBRE LOS PLANES DE VIVIENDAS QUE ANUNCI\u00d3 EL GOBIERNO - Apuntes de San Luis<\/title>\n<meta name=\"robots\" content=\"index, follow, max-snippet:-1, max-image-preview:large, max-video-preview:-1\" \/>\n<link rel=\"canonical\" href=\"https:\/\/apuntesdesanluis.com\/index.php\/2024\/07\/15\/precisiones-sobre-los-planes-de-viviendas-que-anuncio-el-gobierno\/\" \/>\n<meta property=\"og:locale\" content=\"es_ES\" \/>\n<meta property=\"og:type\" content=\"article\" \/>\n<meta property=\"og:title\" content=\"PRECISIONES SOBRE LOS PLANES DE VIVIENDAS QUE ANUNCI\u00d3 EL GOBIERNO - Apuntes de San Luis\" \/>\n<meta property=\"og:description\" content=\"Este lunes, en conferencia de prensa, el ministro de Desarrollo Humano, Gustavo Bertolini, y el...\" \/>\n<meta property=\"og:url\" content=\"https:\/\/apuntesdesanluis.com\/index.php\/2024\/07\/15\/precisiones-sobre-los-planes-de-viviendas-que-anuncio-el-gobierno\/\" \/>\n<meta property=\"og:site_name\" content=\"Apuntes de San Luis\" \/>\n<meta property=\"article:published_time\" content=\"2024-07-15T20:25:26+00:00\" \/>\n<meta property=\"og:image\" content=\"https:\/\/apuntesdesanluis.com\/wp-content\/uploads\/2024\/07\/barrio-272-viviendas-de-merlo.png\" \/>\n\t<meta property=\"og:image:width\" content=\"681\" \/>\n\t<meta property=\"og:image:height\" content=\"325\" \/>\n\t<meta property=\"og:image:type\" content=\"image\/png\" \/>\n<meta name=\"author\" content=\"apuntesdesanluis.com\" \/>\n<meta name=\"twitter:card\" content=\"summary_large_image\" \/>\n<meta name=\"twitter:label1\" content=\"Escrito por\" \/>\n\t<meta name=\"twitter:data1\" content=\"apuntesdesanluis.com\" \/>\n\t<meta name=\"twitter:label2\" content=\"Tiempo de lectura\" \/>\n\t<meta name=\"twitter:data2\" content=\"3 minutos\" \/>\n<script type=\"application\/ld+json\" class=\"yoast-schema-graph\">{\"@context\":\"https:\/\/schema.org\",\"@graph\":[{\"@type\":\"Article\",\"@id\":\"https:\/\/apuntesdesanluis.com\/index.php\/2024\/07\/15\/precisiones-sobre-los-planes-de-viviendas-que-anuncio-el-gobierno\/#article\",\"isPartOf\":{\"@id\":\"https:\/\/apuntesdesanluis.com\/index.php\/2024\/07\/15\/precisiones-sobre-los-planes-de-viviendas-que-anuncio-el-gobierno\/\"},\"author\":{\"name\":\"apuntesdesanluis.com\",\"@id\":\"https:\/\/apuntesdesanluis.com\/#\/schema\/person\/b55151d52296fcce64d1a72538a70b90\"},\"headline\":\"PRECISIONES SOBRE LOS PLANES DE VIVIENDAS QUE ANUNCI\u00d3 EL GOBIERNO\",\"datePublished\":\"2024-07-15T20:25:26+00:00\",\"mainEntityOfPage\":{\"@id\":\"https:\/\/apuntesdesanluis.com\/index.php\/2024\/07\/15\/precisiones-sobre-los-planes-de-viviendas-que-anuncio-el-gobierno\/\"},\"wordCount\":565,\"publisher\":{\"@id\":\"https:\/\/apuntesdesanluis.com\/#\/schema\/person\/b55151d52296fcce64d1a72538a70b90\"},\"image\":{\"@id\":\"https:\/\/apuntesdesanluis.com\/index.php\/2024\/07\/15\/precisiones-sobre-los-planes-de-viviendas-que-anuncio-el-gobierno\/#primaryimage\"},\"thumbnailUrl\":\"https:\/\/apuntesdesanluis.com\/wp-content\/uploads\/2024\/07\/barrio-272-viviendas-de-merlo.png\",\"articleSection\":[\"Ciudad\/Provincia\"],\"inLanguage\":\"es-AR\"},{\"@type\":\"WebPage\",\"@id\":\"https:\/\/apuntesdesanluis.com\/index.php\/2024\/07\/15\/precisiones-sobre-los-planes-de-viviendas-que-anuncio-el-gobierno\/\",\"url\":\"https:\/\/apuntesdesanluis.com\/index.php\/2024\/07\/15\/precisiones-sobre-los-planes-de-viviendas-que-anuncio-el-gobierno\/\",\"name\":\"PRECISIONES SOBRE LOS PLANES DE VIVIENDAS QUE ANUNCI\u00d3 EL GOBIERNO - Apuntes de San Luis\",\"isPartOf\":{\"@id\":\"https:\/\/apuntesdesanluis.com\/#website\"},\"primaryImageOfPage\":{\"@id\":\"https:\/\/apuntesdesanluis.com\/index.php\/2024\/07\/15\/precisiones-sobre-los-planes-de-viviendas-que-anuncio-el-gobierno\/#primaryimage\"},\"image\":{\"@id\":\"https:\/\/apuntesdesanluis.com\/index.php\/2024\/07\/15\/precisiones-sobre-los-planes-de-viviendas-que-anuncio-el-gobierno\/#primaryimage\"},\"thumbnailUrl\":\"https:\/\/apuntesdesanluis.com\/wp-content\/uploads\/2024\/07\/barrio-272-viviendas-de-merlo.png\",\"datePublished\":\"2024-07-15T20:25:26+00:00\",\"breadcrumb\":{\"@id\":\"https:\/\/apuntesdesanluis.com\/index.php\/2024\/07\/15\/precisiones-sobre-los-planes-de-viviendas-que-anuncio-el-gobierno\/#breadcrumb\"},\"inLanguage\":\"es-AR\",\"potentialAction\":[{\"@type\":\"ReadAction\",\"target\":[\"https:\/\/apuntesdesanluis.com\/index.php\/2024\/07\/15\/precisiones-sobre-los-planes-de-viviendas-que-anuncio-el-gobierno\/\"]}]},{\"@type\":\"ImageObject\",\"inLanguage\":\"es-AR\",\"@id\":\"https:\/\/apuntesdesanluis.com\/index.php\/2024\/07\/15\/precisiones-sobre-los-planes-de-viviendas-que-anuncio-el-gobierno\/#primaryimage\",\"url\":\"https:\/\/apuntesdesanluis.com\/wp-content\/uploads\/2024\/07\/barrio-272-viviendas-de-merlo.png\",\"contentUrl\":\"https:\/\/apuntesdesanluis.com\/wp-content\/uploads\/2024\/07\/barrio-272-viviendas-de-merlo.png\",\"width\":681,\"height\":325},{\"@type\":\"BreadcrumbList\",\"@id\":\"https:\/\/apuntesdesanluis.com\/index.php\/2024\/07\/15\/precisiones-sobre-los-planes-de-viviendas-que-anuncio-el-gobierno\/#breadcrumb\",\"itemListElement\":[{\"@type\":\"ListItem\",\"position\":1,\"name\":\"Inicio\",\"item\":\"https:\/\/apuntesdesanluis.com\/\"},{\"@type\":\"ListItem\",\"position\":2,\"name\":\"PRECISIONES SOBRE LOS PLANES DE VIVIENDAS QUE ANUNCI\u00d3 EL GOBIERNO\"}]},{\"@type\":\"WebSite\",\"@id\":\"https:\/\/apuntesdesanluis.com\/#website\",\"url\":\"https:\/\/apuntesdesanluis.com\/\",\"name\":\"Apuntes de San Luis\",\"description\":\"\",\"publisher\":{\"@id\":\"https:\/\/apuntesdesanluis.com\/#\/schema\/person\/b55151d52296fcce64d1a72538a70b90\"},\"potentialAction\":[{\"@type\":\"SearchAction\",\"target\":{\"@type\":\"EntryPoint\",\"urlTemplate\":\"https:\/\/apuntesdesanluis.com\/?s={search_term_string}\"},\"query-input\":{\"@type\":\"PropertyValueSpecification\",\"valueRequired\":true,\"valueName\":\"search_term_string\"}}],\"inLanguage\":\"es-AR\"},{\"@type\":[\"Person\",\"Organization\"],\"@id\":\"https:\/\/apuntesdesanluis.com\/#\/schema\/person\/b55151d52296fcce64d1a72538a70b90\",\"name\":\"apuntesdesanluis.com\",\"image\":{\"@type\":\"ImageObject\",\"inLanguage\":\"es-AR\",\"@id\":\"https:\/\/apuntesdesanluis.com\/#\/schema\/person\/image\/\",\"url\":\"https:\/\/apuntesdesanluis.com\/wp-content\/uploads\/2023\/07\/cropped-apuntesdesanluis.png\",\"contentUrl\":\"https:\/\/apuntesdesanluis.com\/wp-content\/uploads\/2023\/07\/cropped-apuntesdesanluis.png\",\"width\":450,\"height\":112,\"caption\":\"apuntesdesanluis.com\"},\"logo\":{\"@id\":\"https:\/\/apuntesdesanluis.com\/#\/schema\/person\/image\/\"},\"sameAs\":[\"https:\/\/apuntesdesanluis.com\"],\"url\":\"https:\/\/apuntesdesanluis.com\/index.php\/author\/apuntesdesanluis-com\/\"}]}<\/script>\n<!-- \/ Yoast SEO plugin. -->","yoast_head_json":{"title":"PRECISIONES SOBRE LOS PLANES DE VIVIENDAS QUE ANUNCI\u00d3 EL GOBIERNO - Apuntes de San Luis","robots":{"index":"index","follow":"follow","max-snippet":"max-snippet:-1","max-image-preview":"max-image-preview:large","max-video-preview":"max-video-preview:-1"},"canonical":"https:\/\/apuntesdesanluis.com\/index.php\/2024\/07\/15\/precisiones-sobre-los-planes-de-viviendas-que-anuncio-el-gobierno\/","og_locale":"es_ES","og_type":"article","og_title":"PRECISIONES SOBRE LOS PLANES DE VIVIENDAS QUE ANUNCI\u00d3 EL GOBIERNO - Apuntes de San Luis","og_description":"Este lunes, en conferencia de prensa, el ministro de Desarrollo Humano, Gustavo Bertolini, y el...","og_url":"https:\/\/apuntesdesanluis.com\/index.php\/2024\/07\/15\/precisiones-sobre-los-planes-de-viviendas-que-anuncio-el-gobierno\/","og_site_name":"Apuntes de San Luis","article_published_time":"2024-07-15T20:25:26+00:00","og_image":[{"width":681,"height":325,"url":"https:\/\/apuntesdesanluis.com\/wp-content\/uploads\/2024\/07\/barrio-272-viviendas-de-merlo.png","type":"image\/png"}],"author":"apuntesdesanluis.com","twitter_card":"summary_large_image","twitter_misc":{"Escrito por":"apuntesdesanluis.com","Tiempo de lectura":"3 minutos"},"schema":{"@context":"https:\/\/schema.org","@graph":[{"@type":"Article","@id":"https:\/\/apuntesdesanluis.com\/index.php\/2024\/07\/15\/precisiones-sobre-los-planes-de-viviendas-que-anuncio-el-gobierno\/#article","isPartOf":{"@id":"https:\/\/apuntesdesanluis.com\/index.php\/2024\/07\/15\/precisiones-sobre-los-planes-de-viviendas-que-anuncio-el-gobierno\/"},"author":{"name":"apuntesdesanluis.com","@id":"https:\/\/apuntesdesanluis.com\/#\/schema\/person\/b55151d52296fcce64d1a72538a70b90"},"headline":"PRECISIONES SOBRE LOS PLANES DE VIVIENDAS QUE ANUNCI\u00d3 EL GOBIERNO","datePublished":"2024-07-15T20:25:26+00:00","mainEntityOfPage":{"@id":"https:\/\/apuntesdesanluis.com\/index.php\/2024\/07\/15\/precisiones-sobre-los-planes-de-viviendas-que-anuncio-el-gobierno\/"},"wordCount":565,"publisher":{"@id":"https:\/\/apuntesdesanluis.com\/#\/schema\/person\/b55151d52296fcce64d1a72538a70b90"},"image":{"@id":"https:\/\/apuntesdesanluis.com\/index.php\/2024\/07\/15\/precisiones-sobre-los-planes-de-viviendas-que-anuncio-el-gobierno\/#primaryimage"},"thumbnailUrl":"https:\/\/apuntesdesanluis.com\/wp-content\/uploads\/2024\/07\/barrio-272-viviendas-de-merlo.png","articleSection":["Ciudad\/Provincia"],"inLanguage":"es-AR"},{"@type":"WebPage","@id":"https:\/\/apuntesdesanluis.com\/index.php\/2024\/07\/15\/precisiones-sobre-los-planes-de-viviendas-que-anuncio-el-gobierno\/","url":"https:\/\/apuntesdesanluis.com\/index.php\/2024\/07\/15\/precisiones-sobre-los-planes-de-viviendas-que-anuncio-el-gobierno\/","name":"PRECISIONES SOBRE LOS PLANES DE VIVIENDAS QUE ANUNCI\u00d3 EL GOBIERNO - Apuntes de San Luis","isPartOf":{"@id":"https:\/\/apuntesdesanluis.com\/#website"},"primaryImageOfPage":{"@id":"https:\/\/apuntesdesanluis.com\/index.php\/2024\/07\/15\/precisiones-sobre-los-planes-de-viviendas-que-anuncio-el-gobierno\/#primaryimage"},"image":{"@id":"https:\/\/apuntesdesanluis.com\/index.php\/2024\/07\/15\/precisiones-sobre-los-planes-de-viviendas-que-anuncio-el-gobierno\/#primaryimage"},"thumbnailUrl":"https:\/\/apuntesdesanluis.com\/wp-content\/uploads\/2024\/07\/barrio-272-viviendas-de-merlo.png","datePublished":"2024-07-15T20:25:26+00:00","breadcrumb":{"@id":"https:\/\/apuntesdesanluis.com\/index.php\/2024\/07\/15\/precisiones-sobre-los-planes-de-viviendas-que-anuncio-el-gobierno\/#breadcrumb"},"inLanguage":"es-AR","potentialAction":[{"@type":"ReadAction","target":["https:\/\/apuntesdesanluis.com\/index.php\/2024\/07\/15\/precisiones-sobre-los-planes-de-viviendas-que-anuncio-el-gobierno\/"]}]},{"@type":"ImageObject","inLanguage":"es-AR","@id":"https:\/\/apuntesdesanluis.com\/index.php\/2024\/07\/15\/precisiones-sobre-los-planes-de-viviendas-que-anuncio-el-gobierno\/#primaryimage","url":"https:\/\/apuntesdesanluis.com\/wp-content\/uploads\/2024\/07\/barrio-272-viviendas-de-merlo.png","contentUrl":"https:\/\/apuntesdesanluis.com\/wp-content\/uploads\/2024\/07\/barrio-272-viviendas-de-merlo.png","width":681,"height":325},{"@type":"BreadcrumbList","@id":"https:\/\/apuntesdesanluis.com\/index.php\/2024\/07\/15\/precisiones-sobre-los-planes-de-viviendas-que-anuncio-el-gobierno\/#breadcrumb","itemListElement":[{"@type":"ListItem","position":1,"name":"Inicio","item":"https:\/\/apuntesdesanluis.com\/"},{"@type":"ListItem","position":2,"name":"PRECISIONES SOBRE LOS PLANES DE VIVIENDAS QUE ANUNCI\u00d3 EL GOBIERNO"}]},{"@type":"WebSite","@id":"https:\/\/apuntesdesanluis.com\/#website","url":"https:\/\/apuntesdesanluis.com\/","name":"Apuntes de San Luis","description":"","publisher":{"@id":"https:\/\/apuntesdesanluis.com\/#\/schema\/person\/b55151d52296fcce64d1a72538a70b90"},"potentialAction":[{"@type":"SearchAction","target":{"@type":"EntryPoint","urlTemplate":"https:\/\/apuntesdesanluis.com\/?s={search_term_string}"},"query-input":{"@type":"PropertyValueSpecification","valueRequired":true,"valueName":"search_term_string"}}],"inLanguage":"es-AR"},{"@type":["Person","Organization"],"@id":"https:\/\/apuntesdesanluis.com\/#\/schema\/person\/b55151d52296fcce64d1a72538a70b90","name":"apuntesdesanluis.com","image":{"@type":"ImageObject","inLanguage":"es-AR","@id":"https:\/\/apuntesdesanluis.com\/#\/schema\/person\/image\/","url":"https:\/\/apuntesdesanluis.com\/wp-content\/uploads\/2023\/07\/cropped-apuntesdesanluis.png","contentUrl":"https:\/\/apuntesdesanluis.com\/wp-content\/uploads\/2023\/07\/cropped-apuntesdesanluis.png","width":450,"height":112,"caption":"apuntesdesanluis.com"},"logo":{"@id":"https:\/\/apuntesdesanluis.com\/#\/schema\/person\/image\/"},"sameAs":["https:\/\/apuntesdesanluis.com"],"url":"https:\/\/apuntesdesanluis.com\/index.php\/author\/apuntesdesanluis-com\/"}]}},"featured_image_urls":{"full":["https:\/\/apuntesdesanluis.com\/wp-content\/uploads\/2024\/07\/barrio-272-viviendas-de-merlo.png",681,325,false],"thumbnail":["https:\/\/apuntesdesanluis.com\/wp-content\/uploads\/2024\/07\/barrio-272-viviendas-de-merlo-150x150.png",150,150,true],"medium":["https:\/\/apuntesdesanluis.com\/wp-content\/uploads\/2024\/07\/barrio-272-viviendas-de-merlo-300x143.png",300,143,true],"medium_large":["https:\/\/apuntesdesanluis.com\/wp-content\/uploads\/2024\/07\/barrio-272-viviendas-de-merlo.png",640,305,false],"large":["https:\/\/apuntesdesanluis.com\/wp-content\/uploads\/2024\/07\/barrio-272-viviendas-de-merlo.png",640,305,false],"1536x1536":["https:\/\/apuntesdesanluis.com\/wp-content\/uploads\/2024\/07\/barrio-272-viviendas-de-merlo.png",681,325,false],"2048x2048":["https:\/\/apuntesdesanluis.com\/wp-content\/uploads\/2024\/07\/barrio-272-viviendas-de-merlo.png",681,325,false],"newsever-slider-full":["https:\/\/apuntesdesanluis.com\/wp-content\/uploads\/2024\/07\/barrio-272-viviendas-de-merlo.png",681,325,false],"newsever-featured":["https:\/\/apuntesdesanluis.com\/wp-content\/uploads\/2024\/07\/barrio-272-viviendas-de-merlo.png",681,325,false],"newsever-medium":["https:\/\/apuntesdesanluis.com\/wp-content\/uploads\/2024\/07\/barrio-272-viviendas-de-merlo.png",681,325,false]},"author_info":{"display_name":"apuntesdesanluis.com","author_link":"https:\/\/apuntesdesanluis.com\/index.php\/author\/apuntesdesanluis-com\/"},"category_info":"<a href=\"https:\/\/apuntesdesanluis.com\/index.php\/category\/ciudad-provincia\/\" rel=\"category tag\">Ciudad\/Provincia<\/a>","tag_info":"Ciudad\/Provincia","comment_count":"0","_links":{"self":[{"href":"https:\/\/apuntesdesanluis.com\/index.php\/wp-json\/wp\/v2\/posts\/19303","targetHints":{"allow":["GET"]}}],"collection":[{"href":"https:\/\/apuntesdesanluis.com\/index.php\/wp-json\/wp\/v2\/posts"}],"about":[{"href":"https:\/\/apuntesdesanluis.com\/index.php\/wp-json\/wp\/v2\/types\/post"}],"author":[{"embeddable":true,"href":"https:\/\/apuntesdesanluis.com\/index.php\/wp-json\/wp\/v2\/users\/1"}],"replies":[{"embeddable":true,"href":"https:\/\/apuntesdesanluis.com\/index.php\/wp-json\/wp\/v2\/comments?post=19303"}],"version-history":[{"count":1,"href":"https:\/\/apuntesdesanluis.com\/index.php\/wp-json\/wp\/v2\/posts\/19303\/revisions"}],"predecessor-version":[{"id":19305,"href":"https:\/\/apuntesdesanluis.com\/index.php\/wp-json\/wp\/v2\/posts\/19303\/revisions\/19305"}],"wp:featuredmedia":[{"embeddable":true,"href":"https:\/\/apuntesdesanluis.com\/index.php\/wp-json\/wp\/v2\/media\/18922"}],"wp:attachment":[{"href":"https:\/\/apuntesdesanluis.com\/index.php\/wp-json\/wp\/v2\/media?parent=19303"}],"wp:term":[{"taxonomy":"category","embeddable":true,"href":"https:\/\/apuntesdesanluis.com\/index.php\/wp-json\/wp\/v2\/categories?post=19303"},{"taxonomy":"post_tag","embeddable":true,"href":"https:\/\/apuntesdesanluis.com\/index.php\/wp-json\/wp\/v2\/tags?post=19303"}],"curies":[{"name":"wp","href":"https:\/\/api.w.org\/{rel}","templated":true}]}}