{"id":19313,"date":"2024-07-15T18:22:23","date_gmt":"2024-07-15T21:22:23","guid":{"rendered":"https:\/\/apuntesdesanluis.com\/?p=19313"},"modified":"2024-07-15T18:22:19","modified_gmt":"2024-07-15T21:22:19","slug":"el-gobierno-ha-salido-del-diagnostico-y-ha-pasado-a-la-accion-y-eso-es-para-valientes","status":"publish","type":"post","link":"https:\/\/apuntesdesanluis.com\/index.php\/2024\/07\/15\/el-gobierno-ha-salido-del-diagnostico-y-ha-pasado-a-la-accion-y-eso-es-para-valientes\/","title":{"rendered":"\u201cEL GOBIERNO HA SALIDO DEL DIAGN\u00d3STICO Y HA PASADO A LA ACCI\u00d3N, Y ESO ES PARA VALIENTES\u201d"},"content":{"rendered":"<h3>El rector de la Universidad Nacional de San Luis, <strong>V\u00edctor Mori\u00f1igo<\/strong>, particip\u00f3 del lanzamiento de la <strong>Licenciatura en Seguridad P\u00fablica<\/strong>, una carrera que dictar\u00e1 la casa de estudios a pedido de la Provincia. Destac\u00f3 que esta es una acci\u00f3n conjunta m\u00e1s que se concreta para \u201cla construcci\u00f3n de un San Luis mejor\u201d.<\/h3>\n<h3>El pasado 25 de marzo, el gobernador <strong>Claudio Poggi<\/strong> y el rector de la UNSL, V\u00edctor Mori\u00f1igo, pactaron la realizaci\u00f3n conjunta de 47 acciones, algunas de las cuales se ven\u00edan diagramando desde el 10 de diciembre del a\u00f1o pasado cuando asumi\u00f3 su segunda gobernaci\u00f3n. Muchas ya est\u00e1n en marcha y este lunes se sum\u00f3 la presentaci\u00f3n de la licenciatura en Seguridad P\u00fablica, una carrera complementaria que dictar\u00e1 la casa de estudios y que tiene por objetivo profesionalizar a la fuerza p\u00fablica (polic\u00edas y agentes penitenciarios).<\/h3>\n<h3>\u201cEstamos muy contentos de acudir al llamado del Gobierno y brindar capacitaci\u00f3n y educaci\u00f3n a las fuerzas de seguridad de San Luis. Creemos que una mejor Polic\u00eda va de la mano de la educaci\u00f3n y la UNSL se compromete a generar una carrera acreditada a nivel nacional e internacional, con todo lo que eso implica. Tambi\u00e9n vamos a educar en valores, en solidaridad, en \u00e9tica y en conocimiento de los nuevos tiempos\u201d, manifest\u00f3 Mori\u00f1igo durante el acto que se realiz\u00f3 en Terrazas del Portezuelo.<\/h3>\n<p><iframe title=\"V\u00edctor Mori\u00f1igo, rector de la UNSL\" width=\"640\" height=\"360\" src=\"https:\/\/www.youtube.com\/embed\/mKimAQ2DfhI?feature=oembed\" frameborder=\"0\" allow=\"accelerometer; autoplay; clipboard-write; encrypted-media; gyroscope; picture-in-picture; web-share\" referrerpolicy=\"strict-origin-when-cross-origin\" allowfullscreen><\/iframe><\/p>\n<h3>En relaci\u00f3n a las acciones conjuntas con la Provincia, destac\u00f3 la materializaci\u00f3n en hechos concretos de todo lo que se planific\u00f3 y pact\u00f3. \u201cEl Gobierno ha salido del diagn\u00f3stico y ha pasado a la acci\u00f3n y eso es para valientes. Hay que construir un San Luis mejor, un San Luis donde reine el bien com\u00fan, la seguridad y el buen vivir. La gente quiere que el esfuerzo que hace valga la pena, tener trabajo, vivir segura y mejor; y el Gobierno trabaja para eso\u201d, concluy\u00f3.<\/h3>\n<p>&nbsp;<\/p>\n<p>&nbsp;<\/p>\n<p>&nbsp;<\/p>\n<p>&nbsp;<\/p>\n","protected":false},"excerpt":{"rendered":"<p>El rector de la Universidad Nacional de San Luis, V\u00edctor Mori\u00f1igo, particip\u00f3 del lanzamiento de&#8230;<\/p>\n","protected":false},"author":1,"featured_media":19314,"comment_status":"closed","ping_status":"closed","sticky":false,"template":"","format":"standard","meta":{"footnotes":""},"categories":[6],"tags":[],"class_list":["post-19313","post","type-post","status-publish","format-standard","has-post-thumbnail","hentry","category-ciudad-provincia"],"yoast_head":"<!-- This site is optimized with the Yoast SEO plugin v26.1.1 - https:\/\/yoast.com\/wordpress\/plugins\/seo\/ -->\n<title>\u201cEL GOBIERNO HA SALIDO DEL DIAGN\u00d3STICO Y HA PASADO A LA ACCI\u00d3N, Y ESO ES PARA VALIENTES\u201d - Apuntes de San Luis<\/title>\n<meta name=\"robots\" content=\"index, follow, max-snippet:-1, max-image-preview:large, max-video-preview:-1\" \/>\n<link rel=\"canonical\" href=\"https:\/\/apuntesdesanluis.com\/index.php\/2024\/07\/15\/el-gobierno-ha-salido-del-diagnostico-y-ha-pasado-a-la-accion-y-eso-es-para-valientes\/\" \/>\n<meta property=\"og:locale\" content=\"es_ES\" \/>\n<meta property=\"og:type\" content=\"article\" \/>\n<meta property=\"og:title\" content=\"\u201cEL GOBIERNO HA SALIDO DEL DIAGN\u00d3STICO Y HA PASADO A LA ACCI\u00d3N, Y ESO ES PARA VALIENTES\u201d - Apuntes de San Luis\" \/>\n<meta property=\"og:description\" content=\"El rector de la Universidad Nacional de San Luis, V\u00edctor Mori\u00f1igo, particip\u00f3 del lanzamiento de...\" \/>\n<meta property=\"og:url\" content=\"https:\/\/apuntesdesanluis.com\/index.php\/2024\/07\/15\/el-gobierno-ha-salido-del-diagnostico-y-ha-pasado-a-la-accion-y-eso-es-para-valientes\/\" \/>\n<meta property=\"og:site_name\" content=\"Apuntes de San Luis\" \/>\n<meta property=\"article:published_time\" content=\"2024-07-15T21:22:23+00:00\" \/>\n<meta property=\"og:image\" content=\"https:\/\/apuntesdesanluis.com\/wp-content\/uploads\/2024\/07\/morinigo.png\" \/>\n\t<meta property=\"og:image:width\" content=\"600\" \/>\n\t<meta property=\"og:image:height\" content=\"332\" \/>\n\t<meta property=\"og:image:type\" content=\"image\/png\" \/>\n<meta name=\"author\" content=\"apuntesdesanluis.com\" \/>\n<meta name=\"twitter:card\" content=\"summary_large_image\" \/>\n<meta name=\"twitter:label1\" content=\"Escrito por\" \/>\n\t<meta name=\"twitter:data1\" content=\"apuntesdesanluis.com\" \/>\n\t<meta name=\"twitter:label2\" content=\"Tiempo de lectura\" \/>\n\t<meta name=\"twitter:data2\" content=\"2 minutos\" \/>\n<script type=\"application\/ld+json\" class=\"yoast-schema-graph\">{\"@context\":\"https:\/\/schema.org\",\"@graph\":[{\"@type\":\"Article\",\"@id\":\"https:\/\/apuntesdesanluis.com\/index.php\/2024\/07\/15\/el-gobierno-ha-salido-del-diagnostico-y-ha-pasado-a-la-accion-y-eso-es-para-valientes\/#article\",\"isPartOf\":{\"@id\":\"https:\/\/apuntesdesanluis.com\/index.php\/2024\/07\/15\/el-gobierno-ha-salido-del-diagnostico-y-ha-pasado-a-la-accion-y-eso-es-para-valientes\/\"},\"author\":{\"name\":\"apuntesdesanluis.com\",\"@id\":\"https:\/\/apuntesdesanluis.com\/#\/schema\/person\/b55151d52296fcce64d1a72538a70b90\"},\"headline\":\"\u201cEL GOBIERNO HA SALIDO DEL DIAGN\u00d3STICO Y HA PASADO A LA ACCI\u00d3N, Y ESO ES PARA VALIENTES\u201d\",\"datePublished\":\"2024-07-15T21:22:23+00:00\",\"mainEntityOfPage\":{\"@id\":\"https:\/\/apuntesdesanluis.com\/index.php\/2024\/07\/15\/el-gobierno-ha-salido-del-diagnostico-y-ha-pasado-a-la-accion-y-eso-es-para-valientes\/\"},\"wordCount\":361,\"publisher\":{\"@id\":\"https:\/\/apuntesdesanluis.com\/#\/schema\/person\/b55151d52296fcce64d1a72538a70b90\"},\"image\":{\"@id\":\"https:\/\/apuntesdesanluis.com\/index.php\/2024\/07\/15\/el-gobierno-ha-salido-del-diagnostico-y-ha-pasado-a-la-accion-y-eso-es-para-valientes\/#primaryimage\"},\"thumbnailUrl\":\"https:\/\/apuntesdesanluis.com\/wp-content\/uploads\/2024\/07\/morinigo.png\",\"articleSection\":[\"Ciudad\/Provincia\"],\"inLanguage\":\"es-AR\"},{\"@type\":\"WebPage\",\"@id\":\"https:\/\/apuntesdesanluis.com\/index.php\/2024\/07\/15\/el-gobierno-ha-salido-del-diagnostico-y-ha-pasado-a-la-accion-y-eso-es-para-valientes\/\",\"url\":\"https:\/\/apuntesdesanluis.com\/index.php\/2024\/07\/15\/el-gobierno-ha-salido-del-diagnostico-y-ha-pasado-a-la-accion-y-eso-es-para-valientes\/\",\"name\":\"\u201cEL GOBIERNO HA SALIDO DEL DIAGN\u00d3STICO Y HA PASADO A LA ACCI\u00d3N, Y ESO ES PARA VALIENTES\u201d - Apuntes de San Luis\",\"isPartOf\":{\"@id\":\"https:\/\/apuntesdesanluis.com\/#website\"},\"primaryImageOfPage\":{\"@id\":\"https:\/\/apuntesdesanluis.com\/index.php\/2024\/07\/15\/el-gobierno-ha-salido-del-diagnostico-y-ha-pasado-a-la-accion-y-eso-es-para-valientes\/#primaryimage\"},\"image\":{\"@id\":\"https:\/\/apuntesdesanluis.com\/index.php\/2024\/07\/15\/el-gobierno-ha-salido-del-diagnostico-y-ha-pasado-a-la-accion-y-eso-es-para-valientes\/#primaryimage\"},\"thumbnailUrl\":\"https:\/\/apuntesdesanluis.com\/wp-content\/uploads\/2024\/07\/morinigo.png\",\"datePublished\":\"2024-07-15T21:22:23+00:00\",\"breadcrumb\":{\"@id\":\"https:\/\/apuntesdesanluis.com\/index.php\/2024\/07\/15\/el-gobierno-ha-salido-del-diagnostico-y-ha-pasado-a-la-accion-y-eso-es-para-valientes\/#breadcrumb\"},\"inLanguage\":\"es-AR\",\"potentialAction\":[{\"@type\":\"ReadAction\",\"target\":[\"https:\/\/apuntesdesanluis.com\/index.php\/2024\/07\/15\/el-gobierno-ha-salido-del-diagnostico-y-ha-pasado-a-la-accion-y-eso-es-para-valientes\/\"]}]},{\"@type\":\"ImageObject\",\"inLanguage\":\"es-AR\",\"@id\":\"https:\/\/apuntesdesanluis.com\/index.php\/2024\/07\/15\/el-gobierno-ha-salido-del-diagnostico-y-ha-pasado-a-la-accion-y-eso-es-para-valientes\/#primaryimage\",\"url\":\"https:\/\/apuntesdesanluis.com\/wp-content\/uploads\/2024\/07\/morinigo.png\",\"contentUrl\":\"https:\/\/apuntesdesanluis.com\/wp-content\/uploads\/2024\/07\/morinigo.png\",\"width\":600,\"height\":332},{\"@type\":\"BreadcrumbList\",\"@id\":\"https:\/\/apuntesdesanluis.com\/index.php\/2024\/07\/15\/el-gobierno-ha-salido-del-diagnostico-y-ha-pasado-a-la-accion-y-eso-es-para-valientes\/#breadcrumb\",\"itemListElement\":[{\"@type\":\"ListItem\",\"position\":1,\"name\":\"Inicio\",\"item\":\"https:\/\/apuntesdesanluis.com\/\"},{\"@type\":\"ListItem\",\"position\":2,\"name\":\"\u201cEL GOBIERNO HA SALIDO DEL DIAGN\u00d3STICO Y HA PASADO A LA ACCI\u00d3N, Y ESO ES PARA VALIENTES\u201d\"}]},{\"@type\":\"WebSite\",\"@id\":\"https:\/\/apuntesdesanluis.com\/#website\",\"url\":\"https:\/\/apuntesdesanluis.com\/\",\"name\":\"Apuntes de San Luis\",\"description\":\"\",\"publisher\":{\"@id\":\"https:\/\/apuntesdesanluis.com\/#\/schema\/person\/b55151d52296fcce64d1a72538a70b90\"},\"potentialAction\":[{\"@type\":\"SearchAction\",\"target\":{\"@type\":\"EntryPoint\",\"urlTemplate\":\"https:\/\/apuntesdesanluis.com\/?s={search_term_string}\"},\"query-input\":{\"@type\":\"PropertyValueSpecification\",\"valueRequired\":true,\"valueName\":\"search_term_string\"}}],\"inLanguage\":\"es-AR\"},{\"@type\":[\"Person\",\"Organization\"],\"@id\":\"https:\/\/apuntesdesanluis.com\/#\/schema\/person\/b55151d52296fcce64d1a72538a70b90\",\"name\":\"apuntesdesanluis.com\",\"image\":{\"@type\":\"ImageObject\",\"inLanguage\":\"es-AR\",\"@id\":\"https:\/\/apuntesdesanluis.com\/#\/schema\/person\/image\/\",\"url\":\"https:\/\/apuntesdesanluis.com\/wp-content\/uploads\/2023\/07\/cropped-apuntesdesanluis.png\",\"contentUrl\":\"https:\/\/apuntesdesanluis.com\/wp-content\/uploads\/2023\/07\/cropped-apuntesdesanluis.png\",\"width\":450,\"height\":112,\"caption\":\"apuntesdesanluis.com\"},\"logo\":{\"@id\":\"https:\/\/apuntesdesanluis.com\/#\/schema\/person\/image\/\"},\"sameAs\":[\"https:\/\/apuntesdesanluis.com\"],\"url\":\"https:\/\/apuntesdesanluis.com\/index.php\/author\/apuntesdesanluis-com\/\"}]}<\/script>\n<!-- \/ Yoast SEO plugin. -->","yoast_head_json":{"title":"\u201cEL GOBIERNO HA SALIDO DEL DIAGN\u00d3STICO Y HA PASADO A LA ACCI\u00d3N, Y ESO ES PARA VALIENTES\u201d - Apuntes de San Luis","robots":{"index":"index","follow":"follow","max-snippet":"max-snippet:-1","max-image-preview":"max-image-preview:large","max-video-preview":"max-video-preview:-1"},"canonical":"https:\/\/apuntesdesanluis.com\/index.php\/2024\/07\/15\/el-gobierno-ha-salido-del-diagnostico-y-ha-pasado-a-la-accion-y-eso-es-para-valientes\/","og_locale":"es_ES","og_type":"article","og_title":"\u201cEL GOBIERNO HA SALIDO DEL DIAGN\u00d3STICO Y HA PASADO A LA ACCI\u00d3N, Y ESO ES PARA VALIENTES\u201d - Apuntes de San Luis","og_description":"El rector de la Universidad Nacional de San Luis, V\u00edctor Mori\u00f1igo, particip\u00f3 del lanzamiento de...","og_url":"https:\/\/apuntesdesanluis.com\/index.php\/2024\/07\/15\/el-gobierno-ha-salido-del-diagnostico-y-ha-pasado-a-la-accion-y-eso-es-para-valientes\/","og_site_name":"Apuntes de San Luis","article_published_time":"2024-07-15T21:22:23+00:00","og_image":[{"width":600,"height":332,"url":"https:\/\/apuntesdesanluis.com\/wp-content\/uploads\/2024\/07\/morinigo.png","type":"image\/png"}],"author":"apuntesdesanluis.com","twitter_card":"summary_large_image","twitter_misc":{"Escrito por":"apuntesdesanluis.com","Tiempo de lectura":"2 minutos"},"schema":{"@context":"https:\/\/schema.org","@graph":[{"@type":"Article","@id":"https:\/\/apuntesdesanluis.com\/index.php\/2024\/07\/15\/el-gobierno-ha-salido-del-diagnostico-y-ha-pasado-a-la-accion-y-eso-es-para-valientes\/#article","isPartOf":{"@id":"https:\/\/apuntesdesanluis.com\/index.php\/2024\/07\/15\/el-gobierno-ha-salido-del-diagnostico-y-ha-pasado-a-la-accion-y-eso-es-para-valientes\/"},"author":{"name":"apuntesdesanluis.com","@id":"https:\/\/apuntesdesanluis.com\/#\/schema\/person\/b55151d52296fcce64d1a72538a70b90"},"headline":"\u201cEL GOBIERNO HA SALIDO DEL DIAGN\u00d3STICO Y HA PASADO A LA ACCI\u00d3N, Y ESO ES PARA VALIENTES\u201d","datePublished":"2024-07-15T21:22:23+00:00","mainEntityOfPage":{"@id":"https:\/\/apuntesdesanluis.com\/index.php\/2024\/07\/15\/el-gobierno-ha-salido-del-diagnostico-y-ha-pasado-a-la-accion-y-eso-es-para-valientes\/"},"wordCount":361,"publisher":{"@id":"https:\/\/apuntesdesanluis.com\/#\/schema\/person\/b55151d52296fcce64d1a72538a70b90"},"image":{"@id":"https:\/\/apuntesdesanluis.com\/index.php\/2024\/07\/15\/el-gobierno-ha-salido-del-diagnostico-y-ha-pasado-a-la-accion-y-eso-es-para-valientes\/#primaryimage"},"thumbnailUrl":"https:\/\/apuntesdesanluis.com\/wp-content\/uploads\/2024\/07\/morinigo.png","articleSection":["Ciudad\/Provincia"],"inLanguage":"es-AR"},{"@type":"WebPage","@id":"https:\/\/apuntesdesanluis.com\/index.php\/2024\/07\/15\/el-gobierno-ha-salido-del-diagnostico-y-ha-pasado-a-la-accion-y-eso-es-para-valientes\/","url":"https:\/\/apuntesdesanluis.com\/index.php\/2024\/07\/15\/el-gobierno-ha-salido-del-diagnostico-y-ha-pasado-a-la-accion-y-eso-es-para-valientes\/","name":"\u201cEL GOBIERNO HA SALIDO DEL DIAGN\u00d3STICO Y HA PASADO A LA ACCI\u00d3N, Y ESO ES PARA VALIENTES\u201d - Apuntes de San Luis","isPartOf":{"@id":"https:\/\/apuntesdesanluis.com\/#website"},"primaryImageOfPage":{"@id":"https:\/\/apuntesdesanluis.com\/index.php\/2024\/07\/15\/el-gobierno-ha-salido-del-diagnostico-y-ha-pasado-a-la-accion-y-eso-es-para-valientes\/#primaryimage"},"image":{"@id":"https:\/\/apuntesdesanluis.com\/index.php\/2024\/07\/15\/el-gobierno-ha-salido-del-diagnostico-y-ha-pasado-a-la-accion-y-eso-es-para-valientes\/#primaryimage"},"thumbnailUrl":"https:\/\/apuntesdesanluis.com\/wp-content\/uploads\/2024\/07\/morinigo.png","datePublished":"2024-07-15T21:22:23+00:00","breadcrumb":{"@id":"https:\/\/apuntesdesanluis.com\/index.php\/2024\/07\/15\/el-gobierno-ha-salido-del-diagnostico-y-ha-pasado-a-la-accion-y-eso-es-para-valientes\/#breadcrumb"},"inLanguage":"es-AR","potentialAction":[{"@type":"ReadAction","target":["https:\/\/apuntesdesanluis.com\/index.php\/2024\/07\/15\/el-gobierno-ha-salido-del-diagnostico-y-ha-pasado-a-la-accion-y-eso-es-para-valientes\/"]}]},{"@type":"ImageObject","inLanguage":"es-AR","@id":"https:\/\/apuntesdesanluis.com\/index.php\/2024\/07\/15\/el-gobierno-ha-salido-del-diagnostico-y-ha-pasado-a-la-accion-y-eso-es-para-valientes\/#primaryimage","url":"https:\/\/apuntesdesanluis.com\/wp-content\/uploads\/2024\/07\/morinigo.png","contentUrl":"https:\/\/apuntesdesanluis.com\/wp-content\/uploads\/2024\/07\/morinigo.png","width":600,"height":332},{"@type":"BreadcrumbList","@id":"https:\/\/apuntesdesanluis.com\/index.php\/2024\/07\/15\/el-gobierno-ha-salido-del-diagnostico-y-ha-pasado-a-la-accion-y-eso-es-para-valientes\/#breadcrumb","itemListElement":[{"@type":"ListItem","position":1,"name":"Inicio","item":"https:\/\/apuntesdesanluis.com\/"},{"@type":"ListItem","position":2,"name":"\u201cEL GOBIERNO HA SALIDO DEL DIAGN\u00d3STICO Y HA PASADO A LA ACCI\u00d3N, Y ESO ES PARA VALIENTES\u201d"}]},{"@type":"WebSite","@id":"https:\/\/apuntesdesanluis.com\/#website","url":"https:\/\/apuntesdesanluis.com\/","name":"Apuntes de San Luis","description":"","publisher":{"@id":"https:\/\/apuntesdesanluis.com\/#\/schema\/person\/b55151d52296fcce64d1a72538a70b90"},"potentialAction":[{"@type":"SearchAction","target":{"@type":"EntryPoint","urlTemplate":"https:\/\/apuntesdesanluis.com\/?s={search_term_string}"},"query-input":{"@type":"PropertyValueSpecification","valueRequired":true,"valueName":"search_term_string"}}],"inLanguage":"es-AR"},{"@type":["Person","Organization"],"@id":"https:\/\/apuntesdesanluis.com\/#\/schema\/person\/b55151d52296fcce64d1a72538a70b90","name":"apuntesdesanluis.com","image":{"@type":"ImageObject","inLanguage":"es-AR","@id":"https:\/\/apuntesdesanluis.com\/#\/schema\/person\/image\/","url":"https:\/\/apuntesdesanluis.com\/wp-content\/uploads\/2023\/07\/cropped-apuntesdesanluis.png","contentUrl":"https:\/\/apuntesdesanluis.com\/wp-content\/uploads\/2023\/07\/cropped-apuntesdesanluis.png","width":450,"height":112,"caption":"apuntesdesanluis.com"},"logo":{"@id":"https:\/\/apuntesdesanluis.com\/#\/schema\/person\/image\/"},"sameAs":["https:\/\/apuntesdesanluis.com"],"url":"https:\/\/apuntesdesanluis.com\/index.php\/author\/apuntesdesanluis-com\/"}]}},"featured_image_urls":{"full":["https:\/\/apuntesdesanluis.com\/wp-content\/uploads\/2024\/07\/morinigo.png",600,332,false],"thumbnail":["https:\/\/apuntesdesanluis.com\/wp-content\/uploads\/2024\/07\/morinigo-150x150.png",150,150,true],"medium":["https:\/\/apuntesdesanluis.com\/wp-content\/uploads\/2024\/07\/morinigo-300x166.png",300,166,true],"medium_large":["https:\/\/apuntesdesanluis.com\/wp-content\/uploads\/2024\/07\/morinigo.png",600,332,false],"large":["https:\/\/apuntesdesanluis.com\/wp-content\/uploads\/2024\/07\/morinigo.png",600,332,false],"1536x1536":["https:\/\/apuntesdesanluis.com\/wp-content\/uploads\/2024\/07\/morinigo.png",600,332,false],"2048x2048":["https:\/\/apuntesdesanluis.com\/wp-content\/uploads\/2024\/07\/morinigo.png",600,332,false],"newsever-slider-full":["https:\/\/apuntesdesanluis.com\/wp-content\/uploads\/2024\/07\/morinigo.png",600,332,false],"newsever-featured":["https:\/\/apuntesdesanluis.com\/wp-content\/uploads\/2024\/07\/morinigo.png",600,332,false],"newsever-medium":["https:\/\/apuntesdesanluis.com\/wp-content\/uploads\/2024\/07\/morinigo.png",600,332,false]},"author_info":{"display_name":"apuntesdesanluis.com","author_link":"https:\/\/apuntesdesanluis.com\/index.php\/author\/apuntesdesanluis-com\/"},"category_info":"<a href=\"https:\/\/apuntesdesanluis.com\/index.php\/category\/ciudad-provincia\/\" rel=\"category tag\">Ciudad\/Provincia<\/a>","tag_info":"Ciudad\/Provincia","comment_count":"0","_links":{"self":[{"href":"https:\/\/apuntesdesanluis.com\/index.php\/wp-json\/wp\/v2\/posts\/19313","targetHints":{"allow":["GET"]}}],"collection":[{"href":"https:\/\/apuntesdesanluis.com\/index.php\/wp-json\/wp\/v2\/posts"}],"about":[{"href":"https:\/\/apuntesdesanluis.com\/index.php\/wp-json\/wp\/v2\/types\/post"}],"author":[{"embeddable":true,"href":"https:\/\/apuntesdesanluis.com\/index.php\/wp-json\/wp\/v2\/users\/1"}],"replies":[{"embeddable":true,"href":"https:\/\/apuntesdesanluis.com\/index.php\/wp-json\/wp\/v2\/comments?post=19313"}],"version-history":[{"count":1,"href":"https:\/\/apuntesdesanluis.com\/index.php\/wp-json\/wp\/v2\/posts\/19313\/revisions"}],"predecessor-version":[{"id":19315,"href":"https:\/\/apuntesdesanluis.com\/index.php\/wp-json\/wp\/v2\/posts\/19313\/revisions\/19315"}],"wp:featuredmedia":[{"embeddable":true,"href":"https:\/\/apuntesdesanluis.com\/index.php\/wp-json\/wp\/v2\/media\/19314"}],"wp:attachment":[{"href":"https:\/\/apuntesdesanluis.com\/index.php\/wp-json\/wp\/v2\/media?parent=19313"}],"wp:term":[{"taxonomy":"category","embeddable":true,"href":"https:\/\/apuntesdesanluis.com\/index.php\/wp-json\/wp\/v2\/categories?post=19313"},{"taxonomy":"post_tag","embeddable":true,"href":"https:\/\/apuntesdesanluis.com\/index.php\/wp-json\/wp\/v2\/tags?post=19313"}],"curies":[{"name":"wp","href":"https:\/\/api.w.org\/{rel}","templated":true}]}}