{"id":19316,"date":"2024-07-15T18:21:11","date_gmt":"2024-07-15T21:21:11","guid":{"rendered":"https:\/\/apuntesdesanluis.com\/?p=19316"},"modified":"2024-07-15T18:21:11","modified_gmt":"2024-07-15T21:21:11","slug":"el-gobierno-lanzo-la-licenciatura-en-seguridad-publica","status":"publish","type":"post","link":"https:\/\/apuntesdesanluis.com\/index.php\/2024\/07\/15\/el-gobierno-lanzo-la-licenciatura-en-seguridad-publica\/","title":{"rendered":"EL GOBIERNO LANZ\u00d3 LA LICENCIATURA EN SEGURIDAD P\u00daBLICA"},"content":{"rendered":"<h3>El <strong>Ministerio de Seguridad<\/strong> present\u00f3 el plan de estudios de la carrera complementaria que se cursar\u00e1 en la UNSL en Villa Mercedes y est\u00e1 dirigida a los efectivos que quieran llegar a los cargos m\u00e1s altos, tanto en la Polic\u00eda como en la Penitenciar\u00eda. Ser\u00e1 voluntaria y gratuita. El gobernador <strong>Claudio Poggi<\/strong> presenci\u00f3 el acto en el Sal\u00f3n Blanco.<\/h3>\n<p><iframe title=\"Claudio Poggi habla sobre el lanzamiento de la Licenciatura en Seguridad P\u00fablica\" width=\"640\" height=\"360\" src=\"https:\/\/www.youtube.com\/embed\/0tdhqo0KrjQ?feature=oembed\" frameborder=\"0\" allow=\"accelerometer; autoplay; clipboard-write; encrypted-media; gyroscope; picture-in-picture; web-share\" referrerpolicy=\"strict-origin-when-cross-origin\" allowfullscreen><\/iframe><\/p>\n<h3>Reforzar la seguridad desde la educaci\u00f3n y la formaci\u00f3n es otra de las pol\u00edticas de Estado que pondr\u00e1 en funcionamiento el ministerio de Seguridad de San Luis. Este lunes, en el Sal\u00f3n Blanco de la Casa de Gobierno, la ministro <strong>Nancy Sosa<\/strong> lanz\u00f3 la licenciatura en Seguridad P\u00fablica, una carrera que est\u00e1 dirigida a los efectivos que quieran llegar a cargos m\u00e1ximos dentro de fuerza. El gobernador Claudio Poggi presenci\u00f3 el acto del que tambi\u00e9n participaron las autoridades de la Universidad Nacional de San Luis (UNSL), ya que la carrera se cursar\u00e1 en sus instalaciones ubicadas en Villa Mercedes.<\/h3>\n<h3>El rector del Instituto Superior de Seguridad P\u00fablica (ISSP) \u2018Coronel Juan Pascual Pringles\u2019, comisario <strong>Gerardo Vel\u00e1squez<\/strong>, explic\u00f3 que unos 2.500 efectivos de la Polic\u00eda y la Penitenciaria de San Luis est\u00e1n en condiciones de realizar la licenciatura. Por otro lado, describi\u00f3 el lanzamiento como un momento \u201chist\u00f3rico\u201d y pidi\u00f3 fortaleza para este nuevo comienzo.<\/h3>\n<p><img fetchpriority=\"high\" decoding=\"async\" class=\"wp-image-19318 aligncenter\" src=\"https:\/\/apuntesdesanluis.com\/wp-content\/uploads\/2024\/07\/comisario-vallejos-300x197.png\" alt=\"\" width=\"617\" height=\"405\" srcset=\"https:\/\/apuntesdesanluis.com\/wp-content\/uploads\/2024\/07\/comisario-vallejos-300x197.png 300w, https:\/\/apuntesdesanluis.com\/wp-content\/uploads\/2024\/07\/comisario-vallejos.png 600w\" sizes=\"(max-width: 617px) 100vw, 617px\" \/><\/p>\n<h3>\u201cEntre el 50% y el 60% de la fuerza est\u00e1 lista. Estoy seguro de que la sociedad de San Luis los acompa\u00f1ar\u00e1 en este nuevo y prometedor desaf\u00edo. Adelante j\u00f3venes penitenciarios y polic\u00edas. Ustedes son t\u00e9cnicos Superiores en Seguridad P\u00fablica. \u00c9ste es un momento \u00fanico, irrepetible e hist\u00f3rico. V\u00edvanlo intensamente. El presente y el futuro est\u00e1n en sus manos. Confiamos plenamente en ustedes\u201d, asegur\u00f3 el comisario.<\/h3>\n<h3>La vicerrectora del Instituto, <strong>Paula Delgado<\/strong>, detall\u00f3 que la licenciatura tendr\u00e1 una duraci\u00f3n de dos a\u00f1os y uno de los requisitos principales es que, aquellos que quieran inscribirse, deben tener una tecnicatura o t\u00edtulo emitido por institutos de Seguridad con una duraci\u00f3n de 1.400 horas o al menos dos a\u00f1os.<\/h3>\n<h3><img decoding=\"async\" class=\"wp-image-19319 aligncenter\" src=\"https:\/\/apuntesdesanluis.com\/wp-content\/uploads\/2024\/07\/autoridades-300x209.png\" alt=\"\" width=\"623\" height=\"434\" srcset=\"https:\/\/apuntesdesanluis.com\/wp-content\/uploads\/2024\/07\/autoridades-300x209.png 300w, https:\/\/apuntesdesanluis.com\/wp-content\/uploads\/2024\/07\/autoridades.png 536w\" sizes=\"(max-width: 623px) 100vw, 623px\" \/><\/h3>\n<h3>\u201cEs importante hacer referencia tambi\u00e9n a que todo aquel personal, tanto de la orientaci\u00f3n policial como de la orientaci\u00f3n penitenciaria, que haya tenido un ciclo de formaci\u00f3n diferente, podr\u00e1 hacer su postulaci\u00f3n para poder cursar este ciclo de complementaci\u00f3n curricular. Por supuesto que el t\u00edtulo es el de licenciado en Seguridad P\u00fablica y el sentido del perfil formativo tiene que ver con una visi\u00f3n integral de lo que hace referencia a la seguridad\u201d, se\u00f1al\u00f3 Delgado.<\/h3>\n<h3>Es decir que a partir de ahora, todos los efectivos que quieran ascender a cargos m\u00e1ximos, deber\u00e1n cursar la licenciatura que estar\u00e1 disponible en la Facultad de Ciencias Econ\u00f3micas, Jur\u00eddicas y Sociales de la Universidad Nacional de San Luis (UNSL) y las inscripciones ser\u00e1n online. \u201cEl perfil del licenciado tiene que ver, con tener herramientas de capacitaci\u00f3n y estrategias pr\u00e1cticas y te\u00f3ricas que le permitan realizar intervenciones en el campo de la seguridad. Es por ello que lo que se pretende justamente es que haya una formaci\u00f3n troncal durante el cursado\u201d, dijo la vicerrectora.<\/h3>\n<h3><strong>POGGI<\/strong><\/h3>\n<h3>\u201cEs un salto de calidad enorme profesionalizar a nuestras fuerzas de seguridad\u201d, afirm\u00f3 el gobernador durante el lanzamiento de la licenciatura, recordando que ese fue uno de los ejes centrales que lleva adelante en su gesti\u00f3n.<\/h3>\n<p><img decoding=\"async\" class=\"wp-image-19320 aligncenter\" src=\"https:\/\/apuntesdesanluis.com\/wp-content\/uploads\/2024\/07\/poggi-6-300x164.png\" alt=\"\" width=\"591\" height=\"323\" srcset=\"https:\/\/apuntesdesanluis.com\/wp-content\/uploads\/2024\/07\/poggi-6-300x164.png 300w, https:\/\/apuntesdesanluis.com\/wp-content\/uploads\/2024\/07\/poggi-6.png 700w\" sizes=\"(max-width: 591px) 100vw, 591px\" \/><\/p>\n<h3>\u201cEstamos dando un salto muy importante con esto. Es la profesionalizaci\u00f3n de nuestra fuerza de seguridad. Esto es una decisi\u00f3n voluntaria de los agentes de seguridad y penitenciarios, pero yo les recomiendo que lo hagan\u201d, dijo el Gobernador.<\/h3>\n<h3>Tambi\u00e9n, el Primer Mandatario record\u00f3 que a d\u00edas de asumir su mandato, comenzaron a trabajar con hechos para reconstruir la seguridad de San Luis y el tejido social roto, consecuencia del abandono que sufri\u00f3 la provincia por mucho tiempo. Entre las acciones, Poggi enumer\u00f3 la llegada de Gendarmer\u00eda Nacional a la provincia luego de muchos a\u00f1os; la compra de nuevos patrulleros; el dise\u00f1o de un campo de tiro; la modernizaci\u00f3n del sistema de atenci\u00f3n r\u00e1pida y la entrega de alarmas comunitarias.<\/h3>\n<p><iframe title=\"Claudio Poggi, Gobernador de San Luis\" width=\"640\" height=\"360\" src=\"https:\/\/www.youtube.com\/embed\/bfxWmNNPpZU?feature=oembed\" frameborder=\"0\" allow=\"accelerometer; autoplay; clipboard-write; encrypted-media; gyroscope; picture-in-picture; web-share\" referrerpolicy=\"strict-origin-when-cross-origin\" allowfullscreen><\/iframe><\/p>\n<p>&nbsp;<\/p>\n<p>&nbsp;<\/p>\n<p>&nbsp;<\/p>\n<p>&nbsp;<\/p>\n<p>&nbsp;<\/p>\n<p>&nbsp;<\/p>\n","protected":false},"excerpt":{"rendered":"<p>El Ministerio de Seguridad present\u00f3 el plan de estudios de la carrera complementaria que se&#8230;<\/p>\n","protected":false},"author":1,"featured_media":19317,"comment_status":"closed","ping_status":"closed","sticky":false,"template":"","format":"standard","meta":{"footnotes":""},"categories":[6],"tags":[],"class_list":["post-19316","post","type-post","status-publish","format-standard","has-post-thumbnail","hentry","category-ciudad-provincia"],"yoast_head":"<!-- This site is optimized with the Yoast SEO plugin v26.1.1 - https:\/\/yoast.com\/wordpress\/plugins\/seo\/ -->\n<title>EL GOBIERNO LANZ\u00d3 LA LICENCIATURA EN SEGURIDAD P\u00daBLICA - Apuntes de San Luis<\/title>\n<meta name=\"robots\" content=\"index, follow, max-snippet:-1, max-image-preview:large, max-video-preview:-1\" \/>\n<link rel=\"canonical\" href=\"https:\/\/apuntesdesanluis.com\/index.php\/2024\/07\/15\/el-gobierno-lanzo-la-licenciatura-en-seguridad-publica\/\" \/>\n<meta property=\"og:locale\" content=\"es_ES\" \/>\n<meta property=\"og:type\" content=\"article\" \/>\n<meta property=\"og:title\" content=\"EL GOBIERNO LANZ\u00d3 LA LICENCIATURA EN SEGURIDAD P\u00daBLICA - Apuntes de San Luis\" \/>\n<meta property=\"og:description\" content=\"El Ministerio de Seguridad present\u00f3 el plan de estudios de la carrera complementaria que se...\" \/>\n<meta property=\"og:url\" content=\"https:\/\/apuntesdesanluis.com\/index.php\/2024\/07\/15\/el-gobierno-lanzo-la-licenciatura-en-seguridad-publica\/\" \/>\n<meta property=\"og:site_name\" content=\"Apuntes de San Luis\" \/>\n<meta property=\"article:published_time\" content=\"2024-07-15T21:21:11+00:00\" \/>\n<meta property=\"og:image\" content=\"https:\/\/apuntesdesanluis.com\/wp-content\/uploads\/2024\/07\/lic.-en-seguridad-publica.png\" \/>\n\t<meta property=\"og:image:width\" content=\"700\" \/>\n\t<meta property=\"og:image:height\" content=\"441\" \/>\n\t<meta property=\"og:image:type\" content=\"image\/png\" \/>\n<meta name=\"author\" content=\"apuntesdesanluis.com\" \/>\n<meta name=\"twitter:card\" content=\"summary_large_image\" \/>\n<meta name=\"twitter:label1\" content=\"Escrito por\" \/>\n\t<meta name=\"twitter:data1\" content=\"apuntesdesanluis.com\" \/>\n\t<meta name=\"twitter:label2\" content=\"Tiempo de lectura\" \/>\n\t<meta name=\"twitter:data2\" content=\"4 minutos\" \/>\n<script type=\"application\/ld+json\" class=\"yoast-schema-graph\">{\"@context\":\"https:\/\/schema.org\",\"@graph\":[{\"@type\":\"Article\",\"@id\":\"https:\/\/apuntesdesanluis.com\/index.php\/2024\/07\/15\/el-gobierno-lanzo-la-licenciatura-en-seguridad-publica\/#article\",\"isPartOf\":{\"@id\":\"https:\/\/apuntesdesanluis.com\/index.php\/2024\/07\/15\/el-gobierno-lanzo-la-licenciatura-en-seguridad-publica\/\"},\"author\":{\"name\":\"apuntesdesanluis.com\",\"@id\":\"https:\/\/apuntesdesanluis.com\/#\/schema\/person\/b55151d52296fcce64d1a72538a70b90\"},\"headline\":\"EL GOBIERNO LANZ\u00d3 LA LICENCIATURA EN SEGURIDAD P\u00daBLICA\",\"datePublished\":\"2024-07-15T21:21:11+00:00\",\"mainEntityOfPage\":{\"@id\":\"https:\/\/apuntesdesanluis.com\/index.php\/2024\/07\/15\/el-gobierno-lanzo-la-licenciatura-en-seguridad-publica\/\"},\"wordCount\":737,\"publisher\":{\"@id\":\"https:\/\/apuntesdesanluis.com\/#\/schema\/person\/b55151d52296fcce64d1a72538a70b90\"},\"image\":{\"@id\":\"https:\/\/apuntesdesanluis.com\/index.php\/2024\/07\/15\/el-gobierno-lanzo-la-licenciatura-en-seguridad-publica\/#primaryimage\"},\"thumbnailUrl\":\"https:\/\/apuntesdesanluis.com\/wp-content\/uploads\/2024\/07\/lic.-en-seguridad-publica.png\",\"articleSection\":[\"Ciudad\/Provincia\"],\"inLanguage\":\"es-AR\"},{\"@type\":\"WebPage\",\"@id\":\"https:\/\/apuntesdesanluis.com\/index.php\/2024\/07\/15\/el-gobierno-lanzo-la-licenciatura-en-seguridad-publica\/\",\"url\":\"https:\/\/apuntesdesanluis.com\/index.php\/2024\/07\/15\/el-gobierno-lanzo-la-licenciatura-en-seguridad-publica\/\",\"name\":\"EL GOBIERNO LANZ\u00d3 LA LICENCIATURA EN SEGURIDAD P\u00daBLICA - Apuntes de San Luis\",\"isPartOf\":{\"@id\":\"https:\/\/apuntesdesanluis.com\/#website\"},\"primaryImageOfPage\":{\"@id\":\"https:\/\/apuntesdesanluis.com\/index.php\/2024\/07\/15\/el-gobierno-lanzo-la-licenciatura-en-seguridad-publica\/#primaryimage\"},\"image\":{\"@id\":\"https:\/\/apuntesdesanluis.com\/index.php\/2024\/07\/15\/el-gobierno-lanzo-la-licenciatura-en-seguridad-publica\/#primaryimage\"},\"thumbnailUrl\":\"https:\/\/apuntesdesanluis.com\/wp-content\/uploads\/2024\/07\/lic.-en-seguridad-publica.png\",\"datePublished\":\"2024-07-15T21:21:11+00:00\",\"breadcrumb\":{\"@id\":\"https:\/\/apuntesdesanluis.com\/index.php\/2024\/07\/15\/el-gobierno-lanzo-la-licenciatura-en-seguridad-publica\/#breadcrumb\"},\"inLanguage\":\"es-AR\",\"potentialAction\":[{\"@type\":\"ReadAction\",\"target\":[\"https:\/\/apuntesdesanluis.com\/index.php\/2024\/07\/15\/el-gobierno-lanzo-la-licenciatura-en-seguridad-publica\/\"]}]},{\"@type\":\"ImageObject\",\"inLanguage\":\"es-AR\",\"@id\":\"https:\/\/apuntesdesanluis.com\/index.php\/2024\/07\/15\/el-gobierno-lanzo-la-licenciatura-en-seguridad-publica\/#primaryimage\",\"url\":\"https:\/\/apuntesdesanluis.com\/wp-content\/uploads\/2024\/07\/lic.-en-seguridad-publica.png\",\"contentUrl\":\"https:\/\/apuntesdesanluis.com\/wp-content\/uploads\/2024\/07\/lic.-en-seguridad-publica.png\",\"width\":700,\"height\":441},{\"@type\":\"BreadcrumbList\",\"@id\":\"https:\/\/apuntesdesanluis.com\/index.php\/2024\/07\/15\/el-gobierno-lanzo-la-licenciatura-en-seguridad-publica\/#breadcrumb\",\"itemListElement\":[{\"@type\":\"ListItem\",\"position\":1,\"name\":\"Inicio\",\"item\":\"https:\/\/apuntesdesanluis.com\/\"},{\"@type\":\"ListItem\",\"position\":2,\"name\":\"EL GOBIERNO LANZ\u00d3 LA LICENCIATURA EN SEGURIDAD P\u00daBLICA\"}]},{\"@type\":\"WebSite\",\"@id\":\"https:\/\/apuntesdesanluis.com\/#website\",\"url\":\"https:\/\/apuntesdesanluis.com\/\",\"name\":\"Apuntes de San Luis\",\"description\":\"\",\"publisher\":{\"@id\":\"https:\/\/apuntesdesanluis.com\/#\/schema\/person\/b55151d52296fcce64d1a72538a70b90\"},\"potentialAction\":[{\"@type\":\"SearchAction\",\"target\":{\"@type\":\"EntryPoint\",\"urlTemplate\":\"https:\/\/apuntesdesanluis.com\/?s={search_term_string}\"},\"query-input\":{\"@type\":\"PropertyValueSpecification\",\"valueRequired\":true,\"valueName\":\"search_term_string\"}}],\"inLanguage\":\"es-AR\"},{\"@type\":[\"Person\",\"Organization\"],\"@id\":\"https:\/\/apuntesdesanluis.com\/#\/schema\/person\/b55151d52296fcce64d1a72538a70b90\",\"name\":\"apuntesdesanluis.com\",\"image\":{\"@type\":\"ImageObject\",\"inLanguage\":\"es-AR\",\"@id\":\"https:\/\/apuntesdesanluis.com\/#\/schema\/person\/image\/\",\"url\":\"https:\/\/apuntesdesanluis.com\/wp-content\/uploads\/2023\/07\/cropped-apuntesdesanluis.png\",\"contentUrl\":\"https:\/\/apuntesdesanluis.com\/wp-content\/uploads\/2023\/07\/cropped-apuntesdesanluis.png\",\"width\":450,\"height\":112,\"caption\":\"apuntesdesanluis.com\"},\"logo\":{\"@id\":\"https:\/\/apuntesdesanluis.com\/#\/schema\/person\/image\/\"},\"sameAs\":[\"https:\/\/apuntesdesanluis.com\"],\"url\":\"https:\/\/apuntesdesanluis.com\/index.php\/author\/apuntesdesanluis-com\/\"}]}<\/script>\n<!-- \/ Yoast SEO plugin. -->","yoast_head_json":{"title":"EL GOBIERNO LANZ\u00d3 LA LICENCIATURA EN SEGURIDAD P\u00daBLICA - Apuntes de San Luis","robots":{"index":"index","follow":"follow","max-snippet":"max-snippet:-1","max-image-preview":"max-image-preview:large","max-video-preview":"max-video-preview:-1"},"canonical":"https:\/\/apuntesdesanluis.com\/index.php\/2024\/07\/15\/el-gobierno-lanzo-la-licenciatura-en-seguridad-publica\/","og_locale":"es_ES","og_type":"article","og_title":"EL GOBIERNO LANZ\u00d3 LA LICENCIATURA EN SEGURIDAD P\u00daBLICA - Apuntes de San Luis","og_description":"El Ministerio de Seguridad present\u00f3 el plan de estudios de la carrera complementaria que se...","og_url":"https:\/\/apuntesdesanluis.com\/index.php\/2024\/07\/15\/el-gobierno-lanzo-la-licenciatura-en-seguridad-publica\/","og_site_name":"Apuntes de San Luis","article_published_time":"2024-07-15T21:21:11+00:00","og_image":[{"width":700,"height":441,"url":"https:\/\/apuntesdesanluis.com\/wp-content\/uploads\/2024\/07\/lic.-en-seguridad-publica.png","type":"image\/png"}],"author":"apuntesdesanluis.com","twitter_card":"summary_large_image","twitter_misc":{"Escrito por":"apuntesdesanluis.com","Tiempo de lectura":"4 minutos"},"schema":{"@context":"https:\/\/schema.org","@graph":[{"@type":"Article","@id":"https:\/\/apuntesdesanluis.com\/index.php\/2024\/07\/15\/el-gobierno-lanzo-la-licenciatura-en-seguridad-publica\/#article","isPartOf":{"@id":"https:\/\/apuntesdesanluis.com\/index.php\/2024\/07\/15\/el-gobierno-lanzo-la-licenciatura-en-seguridad-publica\/"},"author":{"name":"apuntesdesanluis.com","@id":"https:\/\/apuntesdesanluis.com\/#\/schema\/person\/b55151d52296fcce64d1a72538a70b90"},"headline":"EL GOBIERNO LANZ\u00d3 LA LICENCIATURA EN SEGURIDAD P\u00daBLICA","datePublished":"2024-07-15T21:21:11+00:00","mainEntityOfPage":{"@id":"https:\/\/apuntesdesanluis.com\/index.php\/2024\/07\/15\/el-gobierno-lanzo-la-licenciatura-en-seguridad-publica\/"},"wordCount":737,"publisher":{"@id":"https:\/\/apuntesdesanluis.com\/#\/schema\/person\/b55151d52296fcce64d1a72538a70b90"},"image":{"@id":"https:\/\/apuntesdesanluis.com\/index.php\/2024\/07\/15\/el-gobierno-lanzo-la-licenciatura-en-seguridad-publica\/#primaryimage"},"thumbnailUrl":"https:\/\/apuntesdesanluis.com\/wp-content\/uploads\/2024\/07\/lic.-en-seguridad-publica.png","articleSection":["Ciudad\/Provincia"],"inLanguage":"es-AR"},{"@type":"WebPage","@id":"https:\/\/apuntesdesanluis.com\/index.php\/2024\/07\/15\/el-gobierno-lanzo-la-licenciatura-en-seguridad-publica\/","url":"https:\/\/apuntesdesanluis.com\/index.php\/2024\/07\/15\/el-gobierno-lanzo-la-licenciatura-en-seguridad-publica\/","name":"EL GOBIERNO LANZ\u00d3 LA LICENCIATURA EN SEGURIDAD P\u00daBLICA - Apuntes de San Luis","isPartOf":{"@id":"https:\/\/apuntesdesanluis.com\/#website"},"primaryImageOfPage":{"@id":"https:\/\/apuntesdesanluis.com\/index.php\/2024\/07\/15\/el-gobierno-lanzo-la-licenciatura-en-seguridad-publica\/#primaryimage"},"image":{"@id":"https:\/\/apuntesdesanluis.com\/index.php\/2024\/07\/15\/el-gobierno-lanzo-la-licenciatura-en-seguridad-publica\/#primaryimage"},"thumbnailUrl":"https:\/\/apuntesdesanluis.com\/wp-content\/uploads\/2024\/07\/lic.-en-seguridad-publica.png","datePublished":"2024-07-15T21:21:11+00:00","breadcrumb":{"@id":"https:\/\/apuntesdesanluis.com\/index.php\/2024\/07\/15\/el-gobierno-lanzo-la-licenciatura-en-seguridad-publica\/#breadcrumb"},"inLanguage":"es-AR","potentialAction":[{"@type":"ReadAction","target":["https:\/\/apuntesdesanluis.com\/index.php\/2024\/07\/15\/el-gobierno-lanzo-la-licenciatura-en-seguridad-publica\/"]}]},{"@type":"ImageObject","inLanguage":"es-AR","@id":"https:\/\/apuntesdesanluis.com\/index.php\/2024\/07\/15\/el-gobierno-lanzo-la-licenciatura-en-seguridad-publica\/#primaryimage","url":"https:\/\/apuntesdesanluis.com\/wp-content\/uploads\/2024\/07\/lic.-en-seguridad-publica.png","contentUrl":"https:\/\/apuntesdesanluis.com\/wp-content\/uploads\/2024\/07\/lic.-en-seguridad-publica.png","width":700,"height":441},{"@type":"BreadcrumbList","@id":"https:\/\/apuntesdesanluis.com\/index.php\/2024\/07\/15\/el-gobierno-lanzo-la-licenciatura-en-seguridad-publica\/#breadcrumb","itemListElement":[{"@type":"ListItem","position":1,"name":"Inicio","item":"https:\/\/apuntesdesanluis.com\/"},{"@type":"ListItem","position":2,"name":"EL GOBIERNO LANZ\u00d3 LA LICENCIATURA EN SEGURIDAD P\u00daBLICA"}]},{"@type":"WebSite","@id":"https:\/\/apuntesdesanluis.com\/#website","url":"https:\/\/apuntesdesanluis.com\/","name":"Apuntes de San Luis","description":"","publisher":{"@id":"https:\/\/apuntesdesanluis.com\/#\/schema\/person\/b55151d52296fcce64d1a72538a70b90"},"potentialAction":[{"@type":"SearchAction","target":{"@type":"EntryPoint","urlTemplate":"https:\/\/apuntesdesanluis.com\/?s={search_term_string}"},"query-input":{"@type":"PropertyValueSpecification","valueRequired":true,"valueName":"search_term_string"}}],"inLanguage":"es-AR"},{"@type":["Person","Organization"],"@id":"https:\/\/apuntesdesanluis.com\/#\/schema\/person\/b55151d52296fcce64d1a72538a70b90","name":"apuntesdesanluis.com","image":{"@type":"ImageObject","inLanguage":"es-AR","@id":"https:\/\/apuntesdesanluis.com\/#\/schema\/person\/image\/","url":"https:\/\/apuntesdesanluis.com\/wp-content\/uploads\/2023\/07\/cropped-apuntesdesanluis.png","contentUrl":"https:\/\/apuntesdesanluis.com\/wp-content\/uploads\/2023\/07\/cropped-apuntesdesanluis.png","width":450,"height":112,"caption":"apuntesdesanluis.com"},"logo":{"@id":"https:\/\/apuntesdesanluis.com\/#\/schema\/person\/image\/"},"sameAs":["https:\/\/apuntesdesanluis.com"],"url":"https:\/\/apuntesdesanluis.com\/index.php\/author\/apuntesdesanluis-com\/"}]}},"featured_image_urls":{"full":["https:\/\/apuntesdesanluis.com\/wp-content\/uploads\/2024\/07\/lic.-en-seguridad-publica.png",700,441,false],"thumbnail":["https:\/\/apuntesdesanluis.com\/wp-content\/uploads\/2024\/07\/lic.-en-seguridad-publica-150x150.png",150,150,true],"medium":["https:\/\/apuntesdesanluis.com\/wp-content\/uploads\/2024\/07\/lic.-en-seguridad-publica-300x189.png",300,189,true],"medium_large":["https:\/\/apuntesdesanluis.com\/wp-content\/uploads\/2024\/07\/lic.-en-seguridad-publica.png",640,403,false],"large":["https:\/\/apuntesdesanluis.com\/wp-content\/uploads\/2024\/07\/lic.-en-seguridad-publica.png",640,403,false],"1536x1536":["https:\/\/apuntesdesanluis.com\/wp-content\/uploads\/2024\/07\/lic.-en-seguridad-publica.png",700,441,false],"2048x2048":["https:\/\/apuntesdesanluis.com\/wp-content\/uploads\/2024\/07\/lic.-en-seguridad-publica.png",700,441,false],"newsever-slider-full":["https:\/\/apuntesdesanluis.com\/wp-content\/uploads\/2024\/07\/lic.-en-seguridad-publica.png",700,441,false],"newsever-featured":["https:\/\/apuntesdesanluis.com\/wp-content\/uploads\/2024\/07\/lic.-en-seguridad-publica.png",700,441,false],"newsever-medium":["https:\/\/apuntesdesanluis.com\/wp-content\/uploads\/2024\/07\/lic.-en-seguridad-publica.png",700,441,false]},"author_info":{"display_name":"apuntesdesanluis.com","author_link":"https:\/\/apuntesdesanluis.com\/index.php\/author\/apuntesdesanluis-com\/"},"category_info":"<a href=\"https:\/\/apuntesdesanluis.com\/index.php\/category\/ciudad-provincia\/\" rel=\"category tag\">Ciudad\/Provincia<\/a>","tag_info":"Ciudad\/Provincia","comment_count":"0","_links":{"self":[{"href":"https:\/\/apuntesdesanluis.com\/index.php\/wp-json\/wp\/v2\/posts\/19316","targetHints":{"allow":["GET"]}}],"collection":[{"href":"https:\/\/apuntesdesanluis.com\/index.php\/wp-json\/wp\/v2\/posts"}],"about":[{"href":"https:\/\/apuntesdesanluis.com\/index.php\/wp-json\/wp\/v2\/types\/post"}],"author":[{"embeddable":true,"href":"https:\/\/apuntesdesanluis.com\/index.php\/wp-json\/wp\/v2\/users\/1"}],"replies":[{"embeddable":true,"href":"https:\/\/apuntesdesanluis.com\/index.php\/wp-json\/wp\/v2\/comments?post=19316"}],"version-history":[{"count":1,"href":"https:\/\/apuntesdesanluis.com\/index.php\/wp-json\/wp\/v2\/posts\/19316\/revisions"}],"predecessor-version":[{"id":19321,"href":"https:\/\/apuntesdesanluis.com\/index.php\/wp-json\/wp\/v2\/posts\/19316\/revisions\/19321"}],"wp:featuredmedia":[{"embeddable":true,"href":"https:\/\/apuntesdesanluis.com\/index.php\/wp-json\/wp\/v2\/media\/19317"}],"wp:attachment":[{"href":"https:\/\/apuntesdesanluis.com\/index.php\/wp-json\/wp\/v2\/media?parent=19316"}],"wp:term":[{"taxonomy":"category","embeddable":true,"href":"https:\/\/apuntesdesanluis.com\/index.php\/wp-json\/wp\/v2\/categories?post=19316"},{"taxonomy":"post_tag","embeddable":true,"href":"https:\/\/apuntesdesanluis.com\/index.php\/wp-json\/wp\/v2\/tags?post=19316"}],"curies":[{"name":"wp","href":"https:\/\/api.w.org\/{rel}","templated":true}]}}