{"id":1932,"date":"2023-08-22T22:12:45","date_gmt":"2023-08-23T01:12:45","guid":{"rendered":"https:\/\/apuntesdesanluis.com\/?p=1932"},"modified":"2023-08-22T22:13:25","modified_gmt":"2023-08-23T01:13:25","slug":"merlo-3-anos-de-prision-efectiva-para-un-joven-que-intento-robar-en-una-vivienda","status":"publish","type":"post","link":"https:\/\/apuntesdesanluis.com\/index.php\/2023\/08\/22\/merlo-3-anos-de-prision-efectiva-para-un-joven-que-intento-robar-en-una-vivienda\/","title":{"rendered":"MERLO: 3 A\u00d1OS DE PRISI\u00d3N EFECTIVA PARA UN JOVEN QUE INTENT\u00d3 ROBAR EN UNA VIVIENDA"},"content":{"rendered":"<h3 class=\"yiv7409174924ydp6329976emsonormal\" style=\"text-align: justify; background: white;\"><span style=\"font-family: 'Arial','sans-serif'; color: #1d2228;\">Este martes, se resolvi\u00f3 la situaci\u00f3n procesal de Elio Gonzalo Salvatierra, un joven de 28 a\u00f1os que lleg\u00f3 a juicio acusado como autor de los delitos de hurto simple en grado de tentativa, violaci\u00f3n de domicilio y tenencia ilegal de arma de fuego de uso civil, todos ellos en concurso real.<\/span><\/h3>\n<h3 class=\"yiv7409174924ydp6329976emsonormal\" style=\"text-align: justify; background: white;\"><span style=\"font-family: 'Arial','sans-serif'; color: #1d2228;\">Los hechos delictivos tuvieron lugar el 22 de enero de este a\u00f1o, pasada la medianoche, en una vivienda ubicada sobre Calle Los Lapachos Sur de la Villa de Merlo.<\/span><\/h3>\n<h3 class=\"yiv7409174924ydp6329976emsonormal\" style=\"text-align: justify; background: white;\"><span style=\"font-family: 'Arial','sans-serif'; color: #1d2228;\">De acuerdo a la teor\u00eda del caso de la Fiscal\u00eda, Salvatierra ingres\u00f3 a la morada por una puerta trasera que estaba sin traba de seguridad, revisando el lugar en busca de elementos de valor.<\/span><\/h3>\n<h3 class=\"yiv7409174924ydp6329976emsonormal\" style=\"text-align: justify; background: white;\"><span style=\"font-family: 'Arial','sans-serif'; color: #1d2228;\">Los propietarios no estaban en ese momento, pero s\u00ed una pareja amiga que se encontraba descansando en una de las habitaciones, y que fue sorprendida por Salvatierra cuando entr\u00f3 al cuarto y los encandil\u00f3 con la linterna de su celular. El maleante intent\u00f3 escapar, pero fue retenido por los moradores, quienes llamaron inmediatamente al 911.<\/span><\/h3>\n<h3 class=\"yiv7409174924ydp6329976emsonormal\" style=\"text-align: justify; background: white;\"><span style=\"font-family: 'Arial','sans-serif'; color: #1d2228;\">Al llegar, la polic\u00eda requis\u00f3 al sospechoso, encontrando en el bolsillo izquierdo de su pantal\u00f3n un arma de fuego tipo pistola autom\u00e1tica, calibre 6,35mm, sin municiones en el cargador.<\/span><\/h3>\n<h3 class=\"yiv7409174924ydp6329976emsonormal\" style=\"text-align: justify; background: white;\"><span style=\"font-family: 'Arial','sans-serif'; color: #1d2228;\">Tambi\u00e9n observaron un gran desorden en el domicilio y varios elementos en distintos sectores de la casa que el delincuente hab\u00eda reunido con el fin de llev\u00e1rselos, tales como: una valija con prendas de vestir, calzado y una playstation; un CPU; un microondas; y una bolsa de nylon que conten\u00eda en su interior celulares, una tablet, un decodificador de DVD, entre otros objetos pertenecientes a los due\u00f1os de la vivienda.<\/span><\/h3>\n<h3 class=\"yiv7409174924ydp6329976emsonormal\" style=\"text-align: justify; background: white;\"><span style=\"font-family: 'Arial','sans-serif'; color: #1d2228;\">Por las razones expuestas, los representantes del Ministerio P\u00fablico Fiscal, Mario N\u00e9stor Zudaire y D\u00e9bora Antonella Roy Gitto solicitaron que, al momento de dictar sentencia, Salvatierra fuera condenado como autor material de los delitos antes mencionados, considerando como agravantes las circunstancias de tiempo, modo y lugar, que facilitaron el accionar delictivo del acusado, puesto que fue cometido de noche, con los moradores adentro de la vivienda y llevando un arma de fuego en su bolsillo, lo que supuso un aumento del riesgo para las v\u00edctimas.<\/span><\/h3>\n<h3 class=\"yiv7409174924ydp6329976emsonormal\" style=\"text-align: justify; background: white;\"><span style=\"font-family: 'Arial','sans-serif'; color: #1d2228;\">Salvatierra fue representado por el Defensor Oficial en lo Penal, Jos\u00e9 Francisco P\u00e9rez, quien present\u00f3 una propuesta de juicio abreviado. Por medio de ella, el acusado reconoci\u00f3 su autor\u00eda en los hechos que motivaron la causa y el encuadre jur\u00eddico de los tres delitos imputados.<\/span><\/h3>\n<h3 class=\"yiv7409174924ydp6329976emsonormal\" style=\"text-align: justify; background: white;\"><span style=\"font-family: 'Arial','sans-serif'; color: #1d2228;\">Asimismo, la defensa propuso unificar la pena correspondiente a esta causa con la sanci\u00f3n impuesta a su defendido en el marco de una condena anterior por robo e incendio, de la cual le quedaban aproximadamente dos a\u00f1os de cumplimiento en suspenso. En virtud de ello, se acord\u00f3 una pena total de tres a\u00f1os de prisi\u00f3n efectiva.<\/span><\/h3>\n<h3 class=\"yiv7409174924ydp6329976emsonormal\" style=\"text-align: justify; background: white;\"><span style=\"font-family: 'Arial','sans-serif'; color: #1d2228;\">Respecto de su teor\u00eda del caso, P\u00e9rez argument\u00f3 que, al momento del hecho, su representado actu\u00f3 bajo los efectos del s\u00edndrome de abstinencia derivado del consumo t\u00f3xico de drogas y que, por lo tanto, no comprend\u00eda la criminalidad de sus actos.<\/span><\/h3>\n<h3 class=\"yiv7409174924ydp6329976emsonormal\" style=\"text-align: justify; background: white;\"><span style=\"font-family: 'Arial','sans-serif'; color: #1d2228;\">\u201cMuchas veces tratamos como delincuentes a las personas que consumen droga y cometen delitos, y no vemos la real afectaci\u00f3n a su salud mental, los trastornos que provocan estas sustancias adictivas que no son solamente un factor de riesgo para su vida, sino para su entorno familiar y que terminan siendo un problema socio-sanitario\u201d, reflexion\u00f3, solicitando que se tuviera en cuenta dicha circunstancia al momento de la resoluci\u00f3n.<\/span><\/h3>\n<h3 class=\"yiv7409174924ydp6329976emsonormal\" style=\"text-align: justify; background: white;\"><span style=\"font-family: 'Arial','sans-serif'; color: #1d2228;\">Con la conformidad de la Fiscal\u00eda y del acusado; la camarista a cargo del debate, Sandra Elizabeth Piguillem, resolvi\u00f3 homologar el acuerdo de juicio abreviado, declarando a Elio Gonzalo Salvatierra culpable como autor material y penalmente responsable de los delitos de hurto simple en grado de tentativa, violaci\u00f3n de domicilio y tenencia ilegal de arma de fuego de uso civil, todos ellos en concurso real; conden\u00e1ndolo a sufrir la pena de tres a\u00f1os de prisi\u00f3n de cumplimiento efectivo.<\/span><\/h3>\n<h3 class=\"yiv7409174924ydp6329976emsonormal\" style=\"text-align: justify; background: white;\"><span style=\"font-family: 'Arial','sans-serif'; color: #1d2228;\">Finalmente, le orden\u00f3 realizar tratamiento psicol\u00f3gico y psiqui\u00e1trico para abordar su consumo problem\u00e1tico de estupefacientes, el que deber\u00e1 cumplimentar en el servicio penitenciario provincial por el tiempo que contin\u00fae privado de su libertad.<\/span><\/h3>\n<h3 class=\"yiv7409174924ydp6329976emsonormal\" style=\"text-align: justify; background: white;\"><span style=\"font-family: 'Arial','sans-serif'; color: #1d2228;\">Los fundamentos de la sentencia ser\u00e1n dictados en el t\u00e9rmino de ley.<\/span><\/h3>\n","protected":false},"excerpt":{"rendered":"<p>Este martes, se resolvi\u00f3 la situaci\u00f3n procesal de Elio Gonzalo Salvatierra, un joven de 28&#8230;<\/p>\n","protected":false},"author":1,"featured_media":1933,"comment_status":"closed","ping_status":"closed","sticky":false,"template":"","format":"standard","meta":{"footnotes":""},"categories":[6],"tags":[],"class_list":["post-1932","post","type-post","status-publish","format-standard","has-post-thumbnail","hentry","category-ciudad-provincia"],"yoast_head":"<!-- This site is optimized with the Yoast SEO plugin v26.1.1 - https:\/\/yoast.com\/wordpress\/plugins\/seo\/ -->\n<title>MERLO: 3 A\u00d1OS DE PRISI\u00d3N EFECTIVA PARA UN JOVEN QUE INTENT\u00d3 ROBAR EN UNA VIVIENDA - Apuntes de San Luis<\/title>\n<meta name=\"robots\" content=\"index, follow, max-snippet:-1, max-image-preview:large, max-video-preview:-1\" \/>\n<link rel=\"canonical\" href=\"https:\/\/apuntesdesanluis.com\/index.php\/2023\/08\/22\/merlo-3-anos-de-prision-efectiva-para-un-joven-que-intento-robar-en-una-vivienda\/\" \/>\n<meta property=\"og:locale\" content=\"es_ES\" \/>\n<meta property=\"og:type\" content=\"article\" \/>\n<meta property=\"og:title\" content=\"MERLO: 3 A\u00d1OS DE PRISI\u00d3N EFECTIVA PARA UN JOVEN QUE INTENT\u00d3 ROBAR EN UNA VIVIENDA - Apuntes de San Luis\" \/>\n<meta property=\"og:description\" content=\"Este martes, se resolvi\u00f3 la situaci\u00f3n procesal de Elio Gonzalo Salvatierra, un joven de 28...\" \/>\n<meta property=\"og:url\" content=\"https:\/\/apuntesdesanluis.com\/index.php\/2023\/08\/22\/merlo-3-anos-de-prision-efectiva-para-un-joven-que-intento-robar-en-una-vivienda\/\" \/>\n<meta property=\"og:site_name\" content=\"Apuntes de San Luis\" \/>\n<meta property=\"article:published_time\" content=\"2023-08-23T01:12:45+00:00\" \/>\n<meta property=\"article:modified_time\" content=\"2023-08-23T01:13:25+00:00\" \/>\n<meta property=\"og:image\" content=\"https:\/\/apuntesdesanluis.com\/wp-content\/uploads\/2023\/08\/CAMARA-APELACION-CONCARAN.png\" \/>\n\t<meta property=\"og:image:width\" content=\"600\" \/>\n\t<meta property=\"og:image:height\" content=\"373\" \/>\n\t<meta property=\"og:image:type\" content=\"image\/png\" \/>\n<meta name=\"author\" content=\"apuntesdesanluis.com\" \/>\n<meta name=\"twitter:card\" content=\"summary_large_image\" \/>\n<meta name=\"twitter:label1\" content=\"Escrito por\" \/>\n\t<meta name=\"twitter:data1\" content=\"apuntesdesanluis.com\" \/>\n\t<meta name=\"twitter:label2\" content=\"Tiempo de lectura\" \/>\n\t<meta name=\"twitter:data2\" content=\"4 minutos\" \/>\n<script type=\"application\/ld+json\" class=\"yoast-schema-graph\">{\"@context\":\"https:\/\/schema.org\",\"@graph\":[{\"@type\":\"Article\",\"@id\":\"https:\/\/apuntesdesanluis.com\/index.php\/2023\/08\/22\/merlo-3-anos-de-prision-efectiva-para-un-joven-que-intento-robar-en-una-vivienda\/#article\",\"isPartOf\":{\"@id\":\"https:\/\/apuntesdesanluis.com\/index.php\/2023\/08\/22\/merlo-3-anos-de-prision-efectiva-para-un-joven-que-intento-robar-en-una-vivienda\/\"},\"author\":{\"name\":\"apuntesdesanluis.com\",\"@id\":\"https:\/\/apuntesdesanluis.com\/#\/schema\/person\/b55151d52296fcce64d1a72538a70b90\"},\"headline\":\"MERLO: 3 A\u00d1OS DE PRISI\u00d3N EFECTIVA PARA UN JOVEN QUE INTENT\u00d3 ROBAR EN UNA VIVIENDA\",\"datePublished\":\"2023-08-23T01:12:45+00:00\",\"dateModified\":\"2023-08-23T01:13:25+00:00\",\"mainEntityOfPage\":{\"@id\":\"https:\/\/apuntesdesanluis.com\/index.php\/2023\/08\/22\/merlo-3-anos-de-prision-efectiva-para-un-joven-que-intento-robar-en-una-vivienda\/\"},\"wordCount\":742,\"publisher\":{\"@id\":\"https:\/\/apuntesdesanluis.com\/#\/schema\/person\/b55151d52296fcce64d1a72538a70b90\"},\"image\":{\"@id\":\"https:\/\/apuntesdesanluis.com\/index.php\/2023\/08\/22\/merlo-3-anos-de-prision-efectiva-para-un-joven-que-intento-robar-en-una-vivienda\/#primaryimage\"},\"thumbnailUrl\":\"https:\/\/apuntesdesanluis.com\/wp-content\/uploads\/2023\/08\/CAMARA-APELACION-CONCARAN.png\",\"articleSection\":[\"Ciudad\/Provincia\"],\"inLanguage\":\"es-AR\"},{\"@type\":\"WebPage\",\"@id\":\"https:\/\/apuntesdesanluis.com\/index.php\/2023\/08\/22\/merlo-3-anos-de-prision-efectiva-para-un-joven-que-intento-robar-en-una-vivienda\/\",\"url\":\"https:\/\/apuntesdesanluis.com\/index.php\/2023\/08\/22\/merlo-3-anos-de-prision-efectiva-para-un-joven-que-intento-robar-en-una-vivienda\/\",\"name\":\"MERLO: 3 A\u00d1OS DE PRISI\u00d3N EFECTIVA PARA UN JOVEN QUE INTENT\u00d3 ROBAR EN UNA VIVIENDA - Apuntes de San Luis\",\"isPartOf\":{\"@id\":\"https:\/\/apuntesdesanluis.com\/#website\"},\"primaryImageOfPage\":{\"@id\":\"https:\/\/apuntesdesanluis.com\/index.php\/2023\/08\/22\/merlo-3-anos-de-prision-efectiva-para-un-joven-que-intento-robar-en-una-vivienda\/#primaryimage\"},\"image\":{\"@id\":\"https:\/\/apuntesdesanluis.com\/index.php\/2023\/08\/22\/merlo-3-anos-de-prision-efectiva-para-un-joven-que-intento-robar-en-una-vivienda\/#primaryimage\"},\"thumbnailUrl\":\"https:\/\/apuntesdesanluis.com\/wp-content\/uploads\/2023\/08\/CAMARA-APELACION-CONCARAN.png\",\"datePublished\":\"2023-08-23T01:12:45+00:00\",\"dateModified\":\"2023-08-23T01:13:25+00:00\",\"breadcrumb\":{\"@id\":\"https:\/\/apuntesdesanluis.com\/index.php\/2023\/08\/22\/merlo-3-anos-de-prision-efectiva-para-un-joven-que-intento-robar-en-una-vivienda\/#breadcrumb\"},\"inLanguage\":\"es-AR\",\"potentialAction\":[{\"@type\":\"ReadAction\",\"target\":[\"https:\/\/apuntesdesanluis.com\/index.php\/2023\/08\/22\/merlo-3-anos-de-prision-efectiva-para-un-joven-que-intento-robar-en-una-vivienda\/\"]}]},{\"@type\":\"ImageObject\",\"inLanguage\":\"es-AR\",\"@id\":\"https:\/\/apuntesdesanluis.com\/index.php\/2023\/08\/22\/merlo-3-anos-de-prision-efectiva-para-un-joven-que-intento-robar-en-una-vivienda\/#primaryimage\",\"url\":\"https:\/\/apuntesdesanluis.com\/wp-content\/uploads\/2023\/08\/CAMARA-APELACION-CONCARAN.png\",\"contentUrl\":\"https:\/\/apuntesdesanluis.com\/wp-content\/uploads\/2023\/08\/CAMARA-APELACION-CONCARAN.png\",\"width\":600,\"height\":373},{\"@type\":\"BreadcrumbList\",\"@id\":\"https:\/\/apuntesdesanluis.com\/index.php\/2023\/08\/22\/merlo-3-anos-de-prision-efectiva-para-un-joven-que-intento-robar-en-una-vivienda\/#breadcrumb\",\"itemListElement\":[{\"@type\":\"ListItem\",\"position\":1,\"name\":\"Inicio\",\"item\":\"https:\/\/apuntesdesanluis.com\/\"},{\"@type\":\"ListItem\",\"position\":2,\"name\":\"MERLO: 3 A\u00d1OS DE PRISI\u00d3N EFECTIVA PARA UN JOVEN QUE INTENT\u00d3 ROBAR EN UNA VIVIENDA\"}]},{\"@type\":\"WebSite\",\"@id\":\"https:\/\/apuntesdesanluis.com\/#website\",\"url\":\"https:\/\/apuntesdesanluis.com\/\",\"name\":\"Apuntes de San Luis\",\"description\":\"\",\"publisher\":{\"@id\":\"https:\/\/apuntesdesanluis.com\/#\/schema\/person\/b55151d52296fcce64d1a72538a70b90\"},\"potentialAction\":[{\"@type\":\"SearchAction\",\"target\":{\"@type\":\"EntryPoint\",\"urlTemplate\":\"https:\/\/apuntesdesanluis.com\/?s={search_term_string}\"},\"query-input\":{\"@type\":\"PropertyValueSpecification\",\"valueRequired\":true,\"valueName\":\"search_term_string\"}}],\"inLanguage\":\"es-AR\"},{\"@type\":[\"Person\",\"Organization\"],\"@id\":\"https:\/\/apuntesdesanluis.com\/#\/schema\/person\/b55151d52296fcce64d1a72538a70b90\",\"name\":\"apuntesdesanluis.com\",\"image\":{\"@type\":\"ImageObject\",\"inLanguage\":\"es-AR\",\"@id\":\"https:\/\/apuntesdesanluis.com\/#\/schema\/person\/image\/\",\"url\":\"https:\/\/apuntesdesanluis.com\/wp-content\/uploads\/2023\/07\/cropped-apuntesdesanluis.png\",\"contentUrl\":\"https:\/\/apuntesdesanluis.com\/wp-content\/uploads\/2023\/07\/cropped-apuntesdesanluis.png\",\"width\":450,\"height\":112,\"caption\":\"apuntesdesanluis.com\"},\"logo\":{\"@id\":\"https:\/\/apuntesdesanluis.com\/#\/schema\/person\/image\/\"},\"sameAs\":[\"https:\/\/apuntesdesanluis.com\"],\"url\":\"https:\/\/apuntesdesanluis.com\/index.php\/author\/apuntesdesanluis-com\/\"}]}<\/script>\n<!-- \/ Yoast SEO plugin. -->","yoast_head_json":{"title":"MERLO: 3 A\u00d1OS DE PRISI\u00d3N EFECTIVA PARA UN JOVEN QUE INTENT\u00d3 ROBAR EN UNA VIVIENDA - Apuntes de San Luis","robots":{"index":"index","follow":"follow","max-snippet":"max-snippet:-1","max-image-preview":"max-image-preview:large","max-video-preview":"max-video-preview:-1"},"canonical":"https:\/\/apuntesdesanluis.com\/index.php\/2023\/08\/22\/merlo-3-anos-de-prision-efectiva-para-un-joven-que-intento-robar-en-una-vivienda\/","og_locale":"es_ES","og_type":"article","og_title":"MERLO: 3 A\u00d1OS DE PRISI\u00d3N EFECTIVA PARA UN JOVEN QUE INTENT\u00d3 ROBAR EN UNA VIVIENDA - Apuntes de San Luis","og_description":"Este martes, se resolvi\u00f3 la situaci\u00f3n procesal de Elio Gonzalo Salvatierra, un joven de 28...","og_url":"https:\/\/apuntesdesanluis.com\/index.php\/2023\/08\/22\/merlo-3-anos-de-prision-efectiva-para-un-joven-que-intento-robar-en-una-vivienda\/","og_site_name":"Apuntes de San Luis","article_published_time":"2023-08-23T01:12:45+00:00","article_modified_time":"2023-08-23T01:13:25+00:00","og_image":[{"width":600,"height":373,"url":"https:\/\/apuntesdesanluis.com\/wp-content\/uploads\/2023\/08\/CAMARA-APELACION-CONCARAN.png","type":"image\/png"}],"author":"apuntesdesanluis.com","twitter_card":"summary_large_image","twitter_misc":{"Escrito por":"apuntesdesanluis.com","Tiempo de lectura":"4 minutos"},"schema":{"@context":"https:\/\/schema.org","@graph":[{"@type":"Article","@id":"https:\/\/apuntesdesanluis.com\/index.php\/2023\/08\/22\/merlo-3-anos-de-prision-efectiva-para-un-joven-que-intento-robar-en-una-vivienda\/#article","isPartOf":{"@id":"https:\/\/apuntesdesanluis.com\/index.php\/2023\/08\/22\/merlo-3-anos-de-prision-efectiva-para-un-joven-que-intento-robar-en-una-vivienda\/"},"author":{"name":"apuntesdesanluis.com","@id":"https:\/\/apuntesdesanluis.com\/#\/schema\/person\/b55151d52296fcce64d1a72538a70b90"},"headline":"MERLO: 3 A\u00d1OS DE PRISI\u00d3N EFECTIVA PARA UN JOVEN QUE INTENT\u00d3 ROBAR EN UNA VIVIENDA","datePublished":"2023-08-23T01:12:45+00:00","dateModified":"2023-08-23T01:13:25+00:00","mainEntityOfPage":{"@id":"https:\/\/apuntesdesanluis.com\/index.php\/2023\/08\/22\/merlo-3-anos-de-prision-efectiva-para-un-joven-que-intento-robar-en-una-vivienda\/"},"wordCount":742,"publisher":{"@id":"https:\/\/apuntesdesanluis.com\/#\/schema\/person\/b55151d52296fcce64d1a72538a70b90"},"image":{"@id":"https:\/\/apuntesdesanluis.com\/index.php\/2023\/08\/22\/merlo-3-anos-de-prision-efectiva-para-un-joven-que-intento-robar-en-una-vivienda\/#primaryimage"},"thumbnailUrl":"https:\/\/apuntesdesanluis.com\/wp-content\/uploads\/2023\/08\/CAMARA-APELACION-CONCARAN.png","articleSection":["Ciudad\/Provincia"],"inLanguage":"es-AR"},{"@type":"WebPage","@id":"https:\/\/apuntesdesanluis.com\/index.php\/2023\/08\/22\/merlo-3-anos-de-prision-efectiva-para-un-joven-que-intento-robar-en-una-vivienda\/","url":"https:\/\/apuntesdesanluis.com\/index.php\/2023\/08\/22\/merlo-3-anos-de-prision-efectiva-para-un-joven-que-intento-robar-en-una-vivienda\/","name":"MERLO: 3 A\u00d1OS DE PRISI\u00d3N EFECTIVA PARA UN JOVEN QUE INTENT\u00d3 ROBAR EN UNA VIVIENDA - Apuntes de San Luis","isPartOf":{"@id":"https:\/\/apuntesdesanluis.com\/#website"},"primaryImageOfPage":{"@id":"https:\/\/apuntesdesanluis.com\/index.php\/2023\/08\/22\/merlo-3-anos-de-prision-efectiva-para-un-joven-que-intento-robar-en-una-vivienda\/#primaryimage"},"image":{"@id":"https:\/\/apuntesdesanluis.com\/index.php\/2023\/08\/22\/merlo-3-anos-de-prision-efectiva-para-un-joven-que-intento-robar-en-una-vivienda\/#primaryimage"},"thumbnailUrl":"https:\/\/apuntesdesanluis.com\/wp-content\/uploads\/2023\/08\/CAMARA-APELACION-CONCARAN.png","datePublished":"2023-08-23T01:12:45+00:00","dateModified":"2023-08-23T01:13:25+00:00","breadcrumb":{"@id":"https:\/\/apuntesdesanluis.com\/index.php\/2023\/08\/22\/merlo-3-anos-de-prision-efectiva-para-un-joven-que-intento-robar-en-una-vivienda\/#breadcrumb"},"inLanguage":"es-AR","potentialAction":[{"@type":"ReadAction","target":["https:\/\/apuntesdesanluis.com\/index.php\/2023\/08\/22\/merlo-3-anos-de-prision-efectiva-para-un-joven-que-intento-robar-en-una-vivienda\/"]}]},{"@type":"ImageObject","inLanguage":"es-AR","@id":"https:\/\/apuntesdesanluis.com\/index.php\/2023\/08\/22\/merlo-3-anos-de-prision-efectiva-para-un-joven-que-intento-robar-en-una-vivienda\/#primaryimage","url":"https:\/\/apuntesdesanluis.com\/wp-content\/uploads\/2023\/08\/CAMARA-APELACION-CONCARAN.png","contentUrl":"https:\/\/apuntesdesanluis.com\/wp-content\/uploads\/2023\/08\/CAMARA-APELACION-CONCARAN.png","width":600,"height":373},{"@type":"BreadcrumbList","@id":"https:\/\/apuntesdesanluis.com\/index.php\/2023\/08\/22\/merlo-3-anos-de-prision-efectiva-para-un-joven-que-intento-robar-en-una-vivienda\/#breadcrumb","itemListElement":[{"@type":"ListItem","position":1,"name":"Inicio","item":"https:\/\/apuntesdesanluis.com\/"},{"@type":"ListItem","position":2,"name":"MERLO: 3 A\u00d1OS DE PRISI\u00d3N EFECTIVA PARA UN JOVEN QUE INTENT\u00d3 ROBAR EN UNA VIVIENDA"}]},{"@type":"WebSite","@id":"https:\/\/apuntesdesanluis.com\/#website","url":"https:\/\/apuntesdesanluis.com\/","name":"Apuntes de San Luis","description":"","publisher":{"@id":"https:\/\/apuntesdesanluis.com\/#\/schema\/person\/b55151d52296fcce64d1a72538a70b90"},"potentialAction":[{"@type":"SearchAction","target":{"@type":"EntryPoint","urlTemplate":"https:\/\/apuntesdesanluis.com\/?s={search_term_string}"},"query-input":{"@type":"PropertyValueSpecification","valueRequired":true,"valueName":"search_term_string"}}],"inLanguage":"es-AR"},{"@type":["Person","Organization"],"@id":"https:\/\/apuntesdesanluis.com\/#\/schema\/person\/b55151d52296fcce64d1a72538a70b90","name":"apuntesdesanluis.com","image":{"@type":"ImageObject","inLanguage":"es-AR","@id":"https:\/\/apuntesdesanluis.com\/#\/schema\/person\/image\/","url":"https:\/\/apuntesdesanluis.com\/wp-content\/uploads\/2023\/07\/cropped-apuntesdesanluis.png","contentUrl":"https:\/\/apuntesdesanluis.com\/wp-content\/uploads\/2023\/07\/cropped-apuntesdesanluis.png","width":450,"height":112,"caption":"apuntesdesanluis.com"},"logo":{"@id":"https:\/\/apuntesdesanluis.com\/#\/schema\/person\/image\/"},"sameAs":["https:\/\/apuntesdesanluis.com"],"url":"https:\/\/apuntesdesanluis.com\/index.php\/author\/apuntesdesanluis-com\/"}]}},"featured_image_urls":{"full":["https:\/\/apuntesdesanluis.com\/wp-content\/uploads\/2023\/08\/CAMARA-APELACION-CONCARAN.png",600,373,false],"thumbnail":["https:\/\/apuntesdesanluis.com\/wp-content\/uploads\/2023\/08\/CAMARA-APELACION-CONCARAN-150x150.png",150,150,true],"medium":["https:\/\/apuntesdesanluis.com\/wp-content\/uploads\/2023\/08\/CAMARA-APELACION-CONCARAN-300x187.png",300,187,true],"medium_large":["https:\/\/apuntesdesanluis.com\/wp-content\/uploads\/2023\/08\/CAMARA-APELACION-CONCARAN.png",600,373,false],"large":["https:\/\/apuntesdesanluis.com\/wp-content\/uploads\/2023\/08\/CAMARA-APELACION-CONCARAN.png",600,373,false],"1536x1536":["https:\/\/apuntesdesanluis.com\/wp-content\/uploads\/2023\/08\/CAMARA-APELACION-CONCARAN.png",600,373,false],"2048x2048":["https:\/\/apuntesdesanluis.com\/wp-content\/uploads\/2023\/08\/CAMARA-APELACION-CONCARAN.png",600,373,false],"newsever-slider-full":["https:\/\/apuntesdesanluis.com\/wp-content\/uploads\/2023\/08\/CAMARA-APELACION-CONCARAN.png",600,373,false],"newsever-featured":["https:\/\/apuntesdesanluis.com\/wp-content\/uploads\/2023\/08\/CAMARA-APELACION-CONCARAN.png",600,373,false],"newsever-medium":["https:\/\/apuntesdesanluis.com\/wp-content\/uploads\/2023\/08\/CAMARA-APELACION-CONCARAN.png",600,373,false]},"author_info":{"display_name":"apuntesdesanluis.com","author_link":"https:\/\/apuntesdesanluis.com\/index.php\/author\/apuntesdesanluis-com\/"},"category_info":"<a href=\"https:\/\/apuntesdesanluis.com\/index.php\/category\/ciudad-provincia\/\" rel=\"category tag\">Ciudad\/Provincia<\/a>","tag_info":"Ciudad\/Provincia","comment_count":"0","_links":{"self":[{"href":"https:\/\/apuntesdesanluis.com\/index.php\/wp-json\/wp\/v2\/posts\/1932","targetHints":{"allow":["GET"]}}],"collection":[{"href":"https:\/\/apuntesdesanluis.com\/index.php\/wp-json\/wp\/v2\/posts"}],"about":[{"href":"https:\/\/apuntesdesanluis.com\/index.php\/wp-json\/wp\/v2\/types\/post"}],"author":[{"embeddable":true,"href":"https:\/\/apuntesdesanluis.com\/index.php\/wp-json\/wp\/v2\/users\/1"}],"replies":[{"embeddable":true,"href":"https:\/\/apuntesdesanluis.com\/index.php\/wp-json\/wp\/v2\/comments?post=1932"}],"version-history":[{"count":2,"href":"https:\/\/apuntesdesanluis.com\/index.php\/wp-json\/wp\/v2\/posts\/1932\/revisions"}],"predecessor-version":[{"id":1935,"href":"https:\/\/apuntesdesanluis.com\/index.php\/wp-json\/wp\/v2\/posts\/1932\/revisions\/1935"}],"wp:featuredmedia":[{"embeddable":true,"href":"https:\/\/apuntesdesanluis.com\/index.php\/wp-json\/wp\/v2\/media\/1933"}],"wp:attachment":[{"href":"https:\/\/apuntesdesanluis.com\/index.php\/wp-json\/wp\/v2\/media?parent=1932"}],"wp:term":[{"taxonomy":"category","embeddable":true,"href":"https:\/\/apuntesdesanluis.com\/index.php\/wp-json\/wp\/v2\/categories?post=1932"},{"taxonomy":"post_tag","embeddable":true,"href":"https:\/\/apuntesdesanluis.com\/index.php\/wp-json\/wp\/v2\/tags?post=1932"}],"curies":[{"name":"wp","href":"https:\/\/api.w.org\/{rel}","templated":true}]}}