{"id":1936,"date":"2023-08-22T22:30:37","date_gmt":"2023-08-23T01:30:37","guid":{"rendered":"https:\/\/apuntesdesanluis.com\/?p=1936"},"modified":"2023-08-22T22:30:59","modified_gmt":"2023-08-23T01:30:59","slug":"se-reunio-la-comision-de-seguimiento-e-interpretacion-del-convenio-de-docentes-universitarios","status":"publish","type":"post","link":"https:\/\/apuntesdesanluis.com\/index.php\/2023\/08\/22\/se-reunio-la-comision-de-seguimiento-e-interpretacion-del-convenio-de-docentes-universitarios\/","title":{"rendered":"SE REUNI\u00d3 LA COMISI\u00d3N DE SEGUIMIENTO E INTERPRETACI\u00d3N DEL CONVENIO DE DOCENTES UNIVERSITARIOS"},"content":{"rendered":"<h3>Este martes el Ing. <strong>Arnoldo Pucci<\/strong>, Secretario General de la Asociaci\u00f3n de Docentes e Investigadores de la Universidad Nacional de Villa Mercedes y Director De seguridad y Salud Laboral de CONADU, particip\u00f3 de la Reuni\u00f3n de la Comisi\u00f3n de Seguimiento e Interpretaci\u00f3n del Convenio Colectivo de Trabajo de los docentes universitarios.<\/h3>\n<h3>\u00a0De la misma participaron todas las Federaciones de docentes de las Universidades Nacionales y el Consejo Interuniversitario Nacional. Pucci resalt\u00f3 \u201cla importancia de que nuevamente se convocara a esta comisi\u00f3n despu\u00e9s de un tiempo prolongado sin que pudiera sesionar, dado que constituye el \u00e1mbito en el que se pueden zanjar las diferencias y acordar acciones en cuanto a la defensa de los derechos consagrados en el Convenio Colectivo de Trabajo\u201d<\/h3>\n<h3>\u201cEn el encuentro qued\u00f3 de manifiesto la importancia que tiene no solo para los sectores gremiales sino tambi\u00e9n para el Consejo Interuniversitario Nacional, la defensa de nuestro sistema universitario que engloba un derecho fundamental de todas y todos los argentinos a una Educaci\u00f3n P\u00fablica, gratuita e inclusiva para nosotros y para las generaciones futuras como un aporte al desarrollo socioecon\u00f3mico de la Argentina\u201d, afirm\u00f3 el titular de ADOI.<\/h3>\n<h3>En este marco, desde CONADU se plantearon como inquietudes para determinar la agenda de esta comisi\u00f3n problem\u00e1ticas tales como: carrera docente (art. 73 y concursos docentes), cobertura de cargos, convocatoria inmediata a las comisiones de Condiciones y Ambiente de Trabajo de nivel general y particular y comisi\u00f3n de problem\u00e1tica de preuniversitarios, adecuaci\u00f3n del cap\u00edtulo VIII del Convenio \u201cCondiciones y Ambiente de Trabajo\u201d para adecuarlo a los convenios de la OIT 190, 187 y 155.<\/h3>\n<h3>Adem\u00e1s, tambi\u00e9n se abordaron situaciones particulares que se han generado en las Universidades de La Rioja y Formosa, relacionadas con alguna de las problem\u00e1ticas planteadas.<\/h3>\n<h3>Tambi\u00e9n se acord\u00f3 la metodolog\u00eda de las reuniones, aprob\u00e1ndose una reuni\u00f3n mensual para evaluar los avances y definir prioridades de las problem\u00e1ticas planteadas para su abordaje, quedando fijada como fecha de la pr\u00f3xima reuni\u00f3n el d\u00eda 26 de septiembre, concluy\u00f3 Pucci.<\/h3>\n<p>&nbsp;<\/p>\n<p>&nbsp;<\/p>\n<p>&nbsp;<\/p>\n","protected":false},"excerpt":{"rendered":"<p>Este martes el Ing. Arnoldo Pucci, Secretario General de la Asociaci\u00f3n de Docentes e Investigadores&#8230;<\/p>\n","protected":false},"author":1,"featured_media":1937,"comment_status":"closed","ping_status":"closed","sticky":false,"template":"","format":"standard","meta":{"footnotes":""},"categories":[6],"tags":[],"class_list":["post-1936","post","type-post","status-publish","format-standard","has-post-thumbnail","hentry","category-ciudad-provincia"],"yoast_head":"<!-- This site is optimized with the Yoast SEO plugin v26.1.1 - https:\/\/yoast.com\/wordpress\/plugins\/seo\/ -->\n<title>SE REUNI\u00d3 LA COMISI\u00d3N DE SEGUIMIENTO E INTERPRETACI\u00d3N DEL CONVENIO DE DOCENTES UNIVERSITARIOS - Apuntes de San Luis<\/title>\n<meta name=\"robots\" content=\"index, follow, max-snippet:-1, max-image-preview:large, max-video-preview:-1\" \/>\n<link rel=\"canonical\" href=\"https:\/\/apuntesdesanluis.com\/index.php\/2023\/08\/22\/se-reunio-la-comision-de-seguimiento-e-interpretacion-del-convenio-de-docentes-universitarios\/\" \/>\n<meta property=\"og:locale\" content=\"es_ES\" \/>\n<meta property=\"og:type\" content=\"article\" \/>\n<meta property=\"og:title\" content=\"SE REUNI\u00d3 LA COMISI\u00d3N DE SEGUIMIENTO E INTERPRETACI\u00d3N DEL CONVENIO DE DOCENTES UNIVERSITARIOS - Apuntes de San Luis\" \/>\n<meta property=\"og:description\" content=\"Este martes el Ing. Arnoldo Pucci, Secretario General de la Asociaci\u00f3n de Docentes e Investigadores...\" \/>\n<meta property=\"og:url\" content=\"https:\/\/apuntesdesanluis.com\/index.php\/2023\/08\/22\/se-reunio-la-comision-de-seguimiento-e-interpretacion-del-convenio-de-docentes-universitarios\/\" \/>\n<meta property=\"og:site_name\" content=\"Apuntes de San Luis\" \/>\n<meta property=\"article:published_time\" content=\"2023-08-23T01:30:37+00:00\" \/>\n<meta property=\"article:modified_time\" content=\"2023-08-23T01:30:59+00:00\" \/>\n<meta property=\"og:image\" content=\"https:\/\/apuntesdesanluis.com\/wp-content\/uploads\/2023\/08\/pucci-conadu.png\" \/>\n\t<meta property=\"og:image:width\" content=\"565\" \/>\n\t<meta property=\"og:image:height\" content=\"349\" \/>\n\t<meta property=\"og:image:type\" content=\"image\/png\" \/>\n<meta name=\"author\" content=\"apuntesdesanluis.com\" \/>\n<meta name=\"twitter:card\" content=\"summary_large_image\" \/>\n<meta name=\"twitter:label1\" content=\"Escrito por\" \/>\n\t<meta name=\"twitter:data1\" content=\"apuntesdesanluis.com\" \/>\n\t<meta name=\"twitter:label2\" content=\"Tiempo de lectura\" \/>\n\t<meta name=\"twitter:data2\" content=\"2 minutos\" \/>\n<script type=\"application\/ld+json\" class=\"yoast-schema-graph\">{\"@context\":\"https:\/\/schema.org\",\"@graph\":[{\"@type\":\"Article\",\"@id\":\"https:\/\/apuntesdesanluis.com\/index.php\/2023\/08\/22\/se-reunio-la-comision-de-seguimiento-e-interpretacion-del-convenio-de-docentes-universitarios\/#article\",\"isPartOf\":{\"@id\":\"https:\/\/apuntesdesanluis.com\/index.php\/2023\/08\/22\/se-reunio-la-comision-de-seguimiento-e-interpretacion-del-convenio-de-docentes-universitarios\/\"},\"author\":{\"name\":\"apuntesdesanluis.com\",\"@id\":\"https:\/\/apuntesdesanluis.com\/#\/schema\/person\/b55151d52296fcce64d1a72538a70b90\"},\"headline\":\"SE REUNI\u00d3 LA COMISI\u00d3N DE SEGUIMIENTO E INTERPRETACI\u00d3N DEL CONVENIO DE DOCENTES UNIVERSITARIOS\",\"datePublished\":\"2023-08-23T01:30:37+00:00\",\"dateModified\":\"2023-08-23T01:30:59+00:00\",\"mainEntityOfPage\":{\"@id\":\"https:\/\/apuntesdesanluis.com\/index.php\/2023\/08\/22\/se-reunio-la-comision-de-seguimiento-e-interpretacion-del-convenio-de-docentes-universitarios\/\"},\"wordCount\":369,\"publisher\":{\"@id\":\"https:\/\/apuntesdesanluis.com\/#\/schema\/person\/b55151d52296fcce64d1a72538a70b90\"},\"image\":{\"@id\":\"https:\/\/apuntesdesanluis.com\/index.php\/2023\/08\/22\/se-reunio-la-comision-de-seguimiento-e-interpretacion-del-convenio-de-docentes-universitarios\/#primaryimage\"},\"thumbnailUrl\":\"https:\/\/apuntesdesanluis.com\/wp-content\/uploads\/2023\/08\/pucci-conadu.png\",\"articleSection\":[\"Ciudad\/Provincia\"],\"inLanguage\":\"es-AR\"},{\"@type\":\"WebPage\",\"@id\":\"https:\/\/apuntesdesanluis.com\/index.php\/2023\/08\/22\/se-reunio-la-comision-de-seguimiento-e-interpretacion-del-convenio-de-docentes-universitarios\/\",\"url\":\"https:\/\/apuntesdesanluis.com\/index.php\/2023\/08\/22\/se-reunio-la-comision-de-seguimiento-e-interpretacion-del-convenio-de-docentes-universitarios\/\",\"name\":\"SE REUNI\u00d3 LA COMISI\u00d3N DE SEGUIMIENTO E INTERPRETACI\u00d3N DEL CONVENIO DE DOCENTES UNIVERSITARIOS - Apuntes de San Luis\",\"isPartOf\":{\"@id\":\"https:\/\/apuntesdesanluis.com\/#website\"},\"primaryImageOfPage\":{\"@id\":\"https:\/\/apuntesdesanluis.com\/index.php\/2023\/08\/22\/se-reunio-la-comision-de-seguimiento-e-interpretacion-del-convenio-de-docentes-universitarios\/#primaryimage\"},\"image\":{\"@id\":\"https:\/\/apuntesdesanluis.com\/index.php\/2023\/08\/22\/se-reunio-la-comision-de-seguimiento-e-interpretacion-del-convenio-de-docentes-universitarios\/#primaryimage\"},\"thumbnailUrl\":\"https:\/\/apuntesdesanluis.com\/wp-content\/uploads\/2023\/08\/pucci-conadu.png\",\"datePublished\":\"2023-08-23T01:30:37+00:00\",\"dateModified\":\"2023-08-23T01:30:59+00:00\",\"breadcrumb\":{\"@id\":\"https:\/\/apuntesdesanluis.com\/index.php\/2023\/08\/22\/se-reunio-la-comision-de-seguimiento-e-interpretacion-del-convenio-de-docentes-universitarios\/#breadcrumb\"},\"inLanguage\":\"es-AR\",\"potentialAction\":[{\"@type\":\"ReadAction\",\"target\":[\"https:\/\/apuntesdesanluis.com\/index.php\/2023\/08\/22\/se-reunio-la-comision-de-seguimiento-e-interpretacion-del-convenio-de-docentes-universitarios\/\"]}]},{\"@type\":\"ImageObject\",\"inLanguage\":\"es-AR\",\"@id\":\"https:\/\/apuntesdesanluis.com\/index.php\/2023\/08\/22\/se-reunio-la-comision-de-seguimiento-e-interpretacion-del-convenio-de-docentes-universitarios\/#primaryimage\",\"url\":\"https:\/\/apuntesdesanluis.com\/wp-content\/uploads\/2023\/08\/pucci-conadu.png\",\"contentUrl\":\"https:\/\/apuntesdesanluis.com\/wp-content\/uploads\/2023\/08\/pucci-conadu.png\",\"width\":565,\"height\":349},{\"@type\":\"BreadcrumbList\",\"@id\":\"https:\/\/apuntesdesanluis.com\/index.php\/2023\/08\/22\/se-reunio-la-comision-de-seguimiento-e-interpretacion-del-convenio-de-docentes-universitarios\/#breadcrumb\",\"itemListElement\":[{\"@type\":\"ListItem\",\"position\":1,\"name\":\"Inicio\",\"item\":\"https:\/\/apuntesdesanluis.com\/\"},{\"@type\":\"ListItem\",\"position\":2,\"name\":\"SE REUNI\u00d3 LA COMISI\u00d3N DE SEGUIMIENTO E INTERPRETACI\u00d3N DEL CONVENIO DE DOCENTES UNIVERSITARIOS\"}]},{\"@type\":\"WebSite\",\"@id\":\"https:\/\/apuntesdesanluis.com\/#website\",\"url\":\"https:\/\/apuntesdesanluis.com\/\",\"name\":\"Apuntes de San Luis\",\"description\":\"\",\"publisher\":{\"@id\":\"https:\/\/apuntesdesanluis.com\/#\/schema\/person\/b55151d52296fcce64d1a72538a70b90\"},\"potentialAction\":[{\"@type\":\"SearchAction\",\"target\":{\"@type\":\"EntryPoint\",\"urlTemplate\":\"https:\/\/apuntesdesanluis.com\/?s={search_term_string}\"},\"query-input\":{\"@type\":\"PropertyValueSpecification\",\"valueRequired\":true,\"valueName\":\"search_term_string\"}}],\"inLanguage\":\"es-AR\"},{\"@type\":[\"Person\",\"Organization\"],\"@id\":\"https:\/\/apuntesdesanluis.com\/#\/schema\/person\/b55151d52296fcce64d1a72538a70b90\",\"name\":\"apuntesdesanluis.com\",\"image\":{\"@type\":\"ImageObject\",\"inLanguage\":\"es-AR\",\"@id\":\"https:\/\/apuntesdesanluis.com\/#\/schema\/person\/image\/\",\"url\":\"https:\/\/apuntesdesanluis.com\/wp-content\/uploads\/2023\/07\/cropped-apuntesdesanluis.png\",\"contentUrl\":\"https:\/\/apuntesdesanluis.com\/wp-content\/uploads\/2023\/07\/cropped-apuntesdesanluis.png\",\"width\":450,\"height\":112,\"caption\":\"apuntesdesanluis.com\"},\"logo\":{\"@id\":\"https:\/\/apuntesdesanluis.com\/#\/schema\/person\/image\/\"},\"sameAs\":[\"https:\/\/apuntesdesanluis.com\"],\"url\":\"https:\/\/apuntesdesanluis.com\/index.php\/author\/apuntesdesanluis-com\/\"}]}<\/script>\n<!-- \/ Yoast SEO plugin. -->","yoast_head_json":{"title":"SE REUNI\u00d3 LA COMISI\u00d3N DE SEGUIMIENTO E INTERPRETACI\u00d3N DEL CONVENIO DE DOCENTES UNIVERSITARIOS - Apuntes de San Luis","robots":{"index":"index","follow":"follow","max-snippet":"max-snippet:-1","max-image-preview":"max-image-preview:large","max-video-preview":"max-video-preview:-1"},"canonical":"https:\/\/apuntesdesanluis.com\/index.php\/2023\/08\/22\/se-reunio-la-comision-de-seguimiento-e-interpretacion-del-convenio-de-docentes-universitarios\/","og_locale":"es_ES","og_type":"article","og_title":"SE REUNI\u00d3 LA COMISI\u00d3N DE SEGUIMIENTO E INTERPRETACI\u00d3N DEL CONVENIO DE DOCENTES UNIVERSITARIOS - Apuntes de San Luis","og_description":"Este martes el Ing. Arnoldo Pucci, Secretario General de la Asociaci\u00f3n de Docentes e Investigadores...","og_url":"https:\/\/apuntesdesanluis.com\/index.php\/2023\/08\/22\/se-reunio-la-comision-de-seguimiento-e-interpretacion-del-convenio-de-docentes-universitarios\/","og_site_name":"Apuntes de San Luis","article_published_time":"2023-08-23T01:30:37+00:00","article_modified_time":"2023-08-23T01:30:59+00:00","og_image":[{"width":565,"height":349,"url":"https:\/\/apuntesdesanluis.com\/wp-content\/uploads\/2023\/08\/pucci-conadu.png","type":"image\/png"}],"author":"apuntesdesanluis.com","twitter_card":"summary_large_image","twitter_misc":{"Escrito por":"apuntesdesanluis.com","Tiempo de lectura":"2 minutos"},"schema":{"@context":"https:\/\/schema.org","@graph":[{"@type":"Article","@id":"https:\/\/apuntesdesanluis.com\/index.php\/2023\/08\/22\/se-reunio-la-comision-de-seguimiento-e-interpretacion-del-convenio-de-docentes-universitarios\/#article","isPartOf":{"@id":"https:\/\/apuntesdesanluis.com\/index.php\/2023\/08\/22\/se-reunio-la-comision-de-seguimiento-e-interpretacion-del-convenio-de-docentes-universitarios\/"},"author":{"name":"apuntesdesanluis.com","@id":"https:\/\/apuntesdesanluis.com\/#\/schema\/person\/b55151d52296fcce64d1a72538a70b90"},"headline":"SE REUNI\u00d3 LA COMISI\u00d3N DE SEGUIMIENTO E INTERPRETACI\u00d3N DEL CONVENIO DE DOCENTES UNIVERSITARIOS","datePublished":"2023-08-23T01:30:37+00:00","dateModified":"2023-08-23T01:30:59+00:00","mainEntityOfPage":{"@id":"https:\/\/apuntesdesanluis.com\/index.php\/2023\/08\/22\/se-reunio-la-comision-de-seguimiento-e-interpretacion-del-convenio-de-docentes-universitarios\/"},"wordCount":369,"publisher":{"@id":"https:\/\/apuntesdesanluis.com\/#\/schema\/person\/b55151d52296fcce64d1a72538a70b90"},"image":{"@id":"https:\/\/apuntesdesanluis.com\/index.php\/2023\/08\/22\/se-reunio-la-comision-de-seguimiento-e-interpretacion-del-convenio-de-docentes-universitarios\/#primaryimage"},"thumbnailUrl":"https:\/\/apuntesdesanluis.com\/wp-content\/uploads\/2023\/08\/pucci-conadu.png","articleSection":["Ciudad\/Provincia"],"inLanguage":"es-AR"},{"@type":"WebPage","@id":"https:\/\/apuntesdesanluis.com\/index.php\/2023\/08\/22\/se-reunio-la-comision-de-seguimiento-e-interpretacion-del-convenio-de-docentes-universitarios\/","url":"https:\/\/apuntesdesanluis.com\/index.php\/2023\/08\/22\/se-reunio-la-comision-de-seguimiento-e-interpretacion-del-convenio-de-docentes-universitarios\/","name":"SE REUNI\u00d3 LA COMISI\u00d3N DE SEGUIMIENTO E INTERPRETACI\u00d3N DEL CONVENIO DE DOCENTES UNIVERSITARIOS - Apuntes de San Luis","isPartOf":{"@id":"https:\/\/apuntesdesanluis.com\/#website"},"primaryImageOfPage":{"@id":"https:\/\/apuntesdesanluis.com\/index.php\/2023\/08\/22\/se-reunio-la-comision-de-seguimiento-e-interpretacion-del-convenio-de-docentes-universitarios\/#primaryimage"},"image":{"@id":"https:\/\/apuntesdesanluis.com\/index.php\/2023\/08\/22\/se-reunio-la-comision-de-seguimiento-e-interpretacion-del-convenio-de-docentes-universitarios\/#primaryimage"},"thumbnailUrl":"https:\/\/apuntesdesanluis.com\/wp-content\/uploads\/2023\/08\/pucci-conadu.png","datePublished":"2023-08-23T01:30:37+00:00","dateModified":"2023-08-23T01:30:59+00:00","breadcrumb":{"@id":"https:\/\/apuntesdesanluis.com\/index.php\/2023\/08\/22\/se-reunio-la-comision-de-seguimiento-e-interpretacion-del-convenio-de-docentes-universitarios\/#breadcrumb"},"inLanguage":"es-AR","potentialAction":[{"@type":"ReadAction","target":["https:\/\/apuntesdesanluis.com\/index.php\/2023\/08\/22\/se-reunio-la-comision-de-seguimiento-e-interpretacion-del-convenio-de-docentes-universitarios\/"]}]},{"@type":"ImageObject","inLanguage":"es-AR","@id":"https:\/\/apuntesdesanluis.com\/index.php\/2023\/08\/22\/se-reunio-la-comision-de-seguimiento-e-interpretacion-del-convenio-de-docentes-universitarios\/#primaryimage","url":"https:\/\/apuntesdesanluis.com\/wp-content\/uploads\/2023\/08\/pucci-conadu.png","contentUrl":"https:\/\/apuntesdesanluis.com\/wp-content\/uploads\/2023\/08\/pucci-conadu.png","width":565,"height":349},{"@type":"BreadcrumbList","@id":"https:\/\/apuntesdesanluis.com\/index.php\/2023\/08\/22\/se-reunio-la-comision-de-seguimiento-e-interpretacion-del-convenio-de-docentes-universitarios\/#breadcrumb","itemListElement":[{"@type":"ListItem","position":1,"name":"Inicio","item":"https:\/\/apuntesdesanluis.com\/"},{"@type":"ListItem","position":2,"name":"SE REUNI\u00d3 LA COMISI\u00d3N DE SEGUIMIENTO E INTERPRETACI\u00d3N DEL CONVENIO DE DOCENTES UNIVERSITARIOS"}]},{"@type":"WebSite","@id":"https:\/\/apuntesdesanluis.com\/#website","url":"https:\/\/apuntesdesanluis.com\/","name":"Apuntes de San Luis","description":"","publisher":{"@id":"https:\/\/apuntesdesanluis.com\/#\/schema\/person\/b55151d52296fcce64d1a72538a70b90"},"potentialAction":[{"@type":"SearchAction","target":{"@type":"EntryPoint","urlTemplate":"https:\/\/apuntesdesanluis.com\/?s={search_term_string}"},"query-input":{"@type":"PropertyValueSpecification","valueRequired":true,"valueName":"search_term_string"}}],"inLanguage":"es-AR"},{"@type":["Person","Organization"],"@id":"https:\/\/apuntesdesanluis.com\/#\/schema\/person\/b55151d52296fcce64d1a72538a70b90","name":"apuntesdesanluis.com","image":{"@type":"ImageObject","inLanguage":"es-AR","@id":"https:\/\/apuntesdesanluis.com\/#\/schema\/person\/image\/","url":"https:\/\/apuntesdesanluis.com\/wp-content\/uploads\/2023\/07\/cropped-apuntesdesanluis.png","contentUrl":"https:\/\/apuntesdesanluis.com\/wp-content\/uploads\/2023\/07\/cropped-apuntesdesanluis.png","width":450,"height":112,"caption":"apuntesdesanluis.com"},"logo":{"@id":"https:\/\/apuntesdesanluis.com\/#\/schema\/person\/image\/"},"sameAs":["https:\/\/apuntesdesanluis.com"],"url":"https:\/\/apuntesdesanluis.com\/index.php\/author\/apuntesdesanluis-com\/"}]}},"featured_image_urls":{"full":["https:\/\/apuntesdesanluis.com\/wp-content\/uploads\/2023\/08\/pucci-conadu.png",565,349,false],"thumbnail":["https:\/\/apuntesdesanluis.com\/wp-content\/uploads\/2023\/08\/pucci-conadu-150x150.png",150,150,true],"medium":["https:\/\/apuntesdesanluis.com\/wp-content\/uploads\/2023\/08\/pucci-conadu-300x185.png",300,185,true],"medium_large":["https:\/\/apuntesdesanluis.com\/wp-content\/uploads\/2023\/08\/pucci-conadu.png",565,349,false],"large":["https:\/\/apuntesdesanluis.com\/wp-content\/uploads\/2023\/08\/pucci-conadu.png",565,349,false],"1536x1536":["https:\/\/apuntesdesanluis.com\/wp-content\/uploads\/2023\/08\/pucci-conadu.png",565,349,false],"2048x2048":["https:\/\/apuntesdesanluis.com\/wp-content\/uploads\/2023\/08\/pucci-conadu.png",565,349,false],"newsever-slider-full":["https:\/\/apuntesdesanluis.com\/wp-content\/uploads\/2023\/08\/pucci-conadu.png",565,349,false],"newsever-featured":["https:\/\/apuntesdesanluis.com\/wp-content\/uploads\/2023\/08\/pucci-conadu.png",565,349,false],"newsever-medium":["https:\/\/apuntesdesanluis.com\/wp-content\/uploads\/2023\/08\/pucci-conadu.png",565,349,false]},"author_info":{"display_name":"apuntesdesanluis.com","author_link":"https:\/\/apuntesdesanluis.com\/index.php\/author\/apuntesdesanluis-com\/"},"category_info":"<a href=\"https:\/\/apuntesdesanluis.com\/index.php\/category\/ciudad-provincia\/\" rel=\"category tag\">Ciudad\/Provincia<\/a>","tag_info":"Ciudad\/Provincia","comment_count":"0","_links":{"self":[{"href":"https:\/\/apuntesdesanluis.com\/index.php\/wp-json\/wp\/v2\/posts\/1936","targetHints":{"allow":["GET"]}}],"collection":[{"href":"https:\/\/apuntesdesanluis.com\/index.php\/wp-json\/wp\/v2\/posts"}],"about":[{"href":"https:\/\/apuntesdesanluis.com\/index.php\/wp-json\/wp\/v2\/types\/post"}],"author":[{"embeddable":true,"href":"https:\/\/apuntesdesanluis.com\/index.php\/wp-json\/wp\/v2\/users\/1"}],"replies":[{"embeddable":true,"href":"https:\/\/apuntesdesanluis.com\/index.php\/wp-json\/wp\/v2\/comments?post=1936"}],"version-history":[{"count":2,"href":"https:\/\/apuntesdesanluis.com\/index.php\/wp-json\/wp\/v2\/posts\/1936\/revisions"}],"predecessor-version":[{"id":1939,"href":"https:\/\/apuntesdesanluis.com\/index.php\/wp-json\/wp\/v2\/posts\/1936\/revisions\/1939"}],"wp:featuredmedia":[{"embeddable":true,"href":"https:\/\/apuntesdesanluis.com\/index.php\/wp-json\/wp\/v2\/media\/1937"}],"wp:attachment":[{"href":"https:\/\/apuntesdesanluis.com\/index.php\/wp-json\/wp\/v2\/media?parent=1936"}],"wp:term":[{"taxonomy":"category","embeddable":true,"href":"https:\/\/apuntesdesanluis.com\/index.php\/wp-json\/wp\/v2\/categories?post=1936"},{"taxonomy":"post_tag","embeddable":true,"href":"https:\/\/apuntesdesanluis.com\/index.php\/wp-json\/wp\/v2\/tags?post=1936"}],"curies":[{"name":"wp","href":"https:\/\/api.w.org\/{rel}","templated":true}]}}