{"id":19387,"date":"2024-07-16T22:31:23","date_gmt":"2024-07-17T01:31:23","guid":{"rendered":"https:\/\/apuntesdesanluis.com\/?p=19387"},"modified":"2024-07-16T22:31:23","modified_gmt":"2024-07-17T01:31:23","slug":"esperamos-que-el-gobierno-reflexione-y-actue-con-sensibilidad","status":"publish","type":"post","link":"https:\/\/apuntesdesanluis.com\/index.php\/2024\/07\/16\/esperamos-que-el-gobierno-reflexione-y-actue-con-sensibilidad\/","title":{"rendered":"\u201cESPERAMOS QUE EL GOBIERNO REFLEXIONE Y ACT\u00daE CON SENSIBILIDAD\u201d"},"content":{"rendered":"<h3>As\u00ed lo manifest\u00f3 el Secretario General del Sindicato Judiciales Puntanos, <strong>Luciano Cardarelli<\/strong>, en torno del \u201cvirtual congelamiento salarial\u201d que sufre la administraci\u00f3n p\u00fablica.<\/h3>\n<h3>El dirigente gremial record\u00f3 que en los \u00faltimos meses elevaron dos petitorios, \u201cuno en junio y otro el pasado 3 de julio, en el marco de la movilizaci\u00f3n, pero nunca recibimos respuestas\u201d.<\/h3>\n<h3>En este sentido, rese\u00f1\u00f3 que en el primer semestre, \u201cla inflaci\u00f3n acumulada es de casi 80%, por lo que la p\u00e9rdida de poder adquisitivo es brutal, m\u00e1s del 60%, dado que el gobierno s\u00f3lo ha otorgado en todo este semestre apenas el 15%. Pero es a\u00fan mayor, si consideramos tambi\u00e9n diciembre, cuando el costo de vida fue superior al 25%&#8221;.<\/h3>\n<h3>El titular del SiJuPu a\u00f1adi\u00f3 que \u201cestamos frente a una grave crisis salarial, donde en nuestro caso tenemos m\u00e1s de la mitad de los compa\u00f1eros por debajo de la l\u00ednea de pobreza. Esto es in\u00e9dito, quiere decir que son pobres aun teniendo trabajo\u201d.<\/h3>\n<h3>En referencia a las declaraciones del gobernador Claudio Poggi, el pasado lunes, quien no descarta la posibilidad de anunciar un aumento salarial este mes, Cardarelli expres\u00f3: \u201cLa verdad, esperamos que el gobierno reflexione y act\u00fae con sensibilidad. Consideramos que el dinero est\u00e1, por eso anhelamos que efect\u00fae un anuncio serio, ya que se aprob\u00f3 la ley bases y el paquete fiscal, para recomponer la p\u00e9rdida de poder adquisitivo que estamos sufriendo\u201d.<\/h3>\n<h3>A\u00f1adi\u00f3 que &#8220;por las expresiones de los propios funcionarios, en la provincia hubo una recaudaci\u00f3n r\u00e9cord en el mes de mayo. A lo que se agregan los fondos extras que ha podido recaudar el gobierno a partir de la moratoria, por lo que entendemos que la provincia ha juntado fondos suficientes para estar en condiciones de anunciar un aumento considerable que responda a las justas demandas no s\u00f3lo de los trabajadores judiciales, sino de los trabajadores estatales en su conjunto&#8221;, concluy\u00f3.<\/h3>\n<p>&nbsp;<\/p>\n<p>&nbsp;<\/p>\n<p>&nbsp;<\/p>\n<p>&nbsp;<\/p>\n<p>&nbsp;<\/p>\n<p>&nbsp;<\/p>\n<p>&nbsp;<\/p>\n<p>&nbsp;<\/p>\n<p>&nbsp;<\/p>\n","protected":false},"excerpt":{"rendered":"<p>As\u00ed lo manifest\u00f3 el Secretario General del Sindicato Judiciales Puntanos, Luciano Cardarelli, en torno del&#8230;<\/p>\n","protected":false},"author":1,"featured_media":19388,"comment_status":"closed","ping_status":"closed","sticky":false,"template":"","format":"standard","meta":{"footnotes":""},"categories":[6],"tags":[],"class_list":["post-19387","post","type-post","status-publish","format-standard","has-post-thumbnail","hentry","category-ciudad-provincia"],"yoast_head":"<!-- This site is optimized with the Yoast SEO plugin v26.1.1 - https:\/\/yoast.com\/wordpress\/plugins\/seo\/ -->\n<title>\u201cESPERAMOS QUE EL GOBIERNO REFLEXIONE Y ACT\u00daE CON SENSIBILIDAD\u201d - Apuntes de San Luis<\/title>\n<meta name=\"robots\" content=\"index, follow, max-snippet:-1, max-image-preview:large, max-video-preview:-1\" \/>\n<link rel=\"canonical\" href=\"https:\/\/apuntesdesanluis.com\/index.php\/2024\/07\/16\/esperamos-que-el-gobierno-reflexione-y-actue-con-sensibilidad\/\" \/>\n<meta property=\"og:locale\" content=\"es_ES\" \/>\n<meta property=\"og:type\" content=\"article\" \/>\n<meta property=\"og:title\" content=\"\u201cESPERAMOS QUE EL GOBIERNO REFLEXIONE Y ACT\u00daE CON SENSIBILIDAD\u201d - Apuntes de San Luis\" \/>\n<meta property=\"og:description\" content=\"As\u00ed lo manifest\u00f3 el Secretario General del Sindicato Judiciales Puntanos, Luciano Cardarelli, en torno del...\" \/>\n<meta property=\"og:url\" content=\"https:\/\/apuntesdesanluis.com\/index.php\/2024\/07\/16\/esperamos-que-el-gobierno-reflexione-y-actue-con-sensibilidad\/\" \/>\n<meta property=\"og:site_name\" content=\"Apuntes de San Luis\" \/>\n<meta property=\"article:published_time\" content=\"2024-07-17T01:31:23+00:00\" \/>\n<meta property=\"og:image\" content=\"https:\/\/apuntesdesanluis.com\/wp-content\/uploads\/2024\/07\/CARDARELLI.png\" \/>\n\t<meta property=\"og:image:width\" content=\"700\" \/>\n\t<meta property=\"og:image:height\" content=\"433\" \/>\n\t<meta property=\"og:image:type\" content=\"image\/png\" \/>\n<meta name=\"author\" content=\"apuntesdesanluis.com\" \/>\n<meta name=\"twitter:card\" content=\"summary_large_image\" \/>\n<meta name=\"twitter:label1\" content=\"Escrito por\" \/>\n\t<meta name=\"twitter:data1\" content=\"apuntesdesanluis.com\" \/>\n\t<meta name=\"twitter:label2\" content=\"Tiempo de lectura\" \/>\n\t<meta name=\"twitter:data2\" content=\"2 minutos\" \/>\n<script type=\"application\/ld+json\" class=\"yoast-schema-graph\">{\"@context\":\"https:\/\/schema.org\",\"@graph\":[{\"@type\":\"Article\",\"@id\":\"https:\/\/apuntesdesanluis.com\/index.php\/2024\/07\/16\/esperamos-que-el-gobierno-reflexione-y-actue-con-sensibilidad\/#article\",\"isPartOf\":{\"@id\":\"https:\/\/apuntesdesanluis.com\/index.php\/2024\/07\/16\/esperamos-que-el-gobierno-reflexione-y-actue-con-sensibilidad\/\"},\"author\":{\"name\":\"apuntesdesanluis.com\",\"@id\":\"https:\/\/apuntesdesanluis.com\/#\/schema\/person\/b55151d52296fcce64d1a72538a70b90\"},\"headline\":\"\u201cESPERAMOS QUE EL GOBIERNO REFLEXIONE Y ACT\u00daE CON SENSIBILIDAD\u201d\",\"datePublished\":\"2024-07-17T01:31:23+00:00\",\"mainEntityOfPage\":{\"@id\":\"https:\/\/apuntesdesanluis.com\/index.php\/2024\/07\/16\/esperamos-que-el-gobierno-reflexione-y-actue-con-sensibilidad\/\"},\"wordCount\":345,\"publisher\":{\"@id\":\"https:\/\/apuntesdesanluis.com\/#\/schema\/person\/b55151d52296fcce64d1a72538a70b90\"},\"image\":{\"@id\":\"https:\/\/apuntesdesanluis.com\/index.php\/2024\/07\/16\/esperamos-que-el-gobierno-reflexione-y-actue-con-sensibilidad\/#primaryimage\"},\"thumbnailUrl\":\"https:\/\/apuntesdesanluis.com\/wp-content\/uploads\/2024\/07\/CARDARELLI.png\",\"articleSection\":[\"Ciudad\/Provincia\"],\"inLanguage\":\"es-AR\"},{\"@type\":\"WebPage\",\"@id\":\"https:\/\/apuntesdesanluis.com\/index.php\/2024\/07\/16\/esperamos-que-el-gobierno-reflexione-y-actue-con-sensibilidad\/\",\"url\":\"https:\/\/apuntesdesanluis.com\/index.php\/2024\/07\/16\/esperamos-que-el-gobierno-reflexione-y-actue-con-sensibilidad\/\",\"name\":\"\u201cESPERAMOS QUE EL GOBIERNO REFLEXIONE Y ACT\u00daE CON SENSIBILIDAD\u201d - Apuntes de San Luis\",\"isPartOf\":{\"@id\":\"https:\/\/apuntesdesanluis.com\/#website\"},\"primaryImageOfPage\":{\"@id\":\"https:\/\/apuntesdesanluis.com\/index.php\/2024\/07\/16\/esperamos-que-el-gobierno-reflexione-y-actue-con-sensibilidad\/#primaryimage\"},\"image\":{\"@id\":\"https:\/\/apuntesdesanluis.com\/index.php\/2024\/07\/16\/esperamos-que-el-gobierno-reflexione-y-actue-con-sensibilidad\/#primaryimage\"},\"thumbnailUrl\":\"https:\/\/apuntesdesanluis.com\/wp-content\/uploads\/2024\/07\/CARDARELLI.png\",\"datePublished\":\"2024-07-17T01:31:23+00:00\",\"breadcrumb\":{\"@id\":\"https:\/\/apuntesdesanluis.com\/index.php\/2024\/07\/16\/esperamos-que-el-gobierno-reflexione-y-actue-con-sensibilidad\/#breadcrumb\"},\"inLanguage\":\"es-AR\",\"potentialAction\":[{\"@type\":\"ReadAction\",\"target\":[\"https:\/\/apuntesdesanluis.com\/index.php\/2024\/07\/16\/esperamos-que-el-gobierno-reflexione-y-actue-con-sensibilidad\/\"]}]},{\"@type\":\"ImageObject\",\"inLanguage\":\"es-AR\",\"@id\":\"https:\/\/apuntesdesanluis.com\/index.php\/2024\/07\/16\/esperamos-que-el-gobierno-reflexione-y-actue-con-sensibilidad\/#primaryimage\",\"url\":\"https:\/\/apuntesdesanluis.com\/wp-content\/uploads\/2024\/07\/CARDARELLI.png\",\"contentUrl\":\"https:\/\/apuntesdesanluis.com\/wp-content\/uploads\/2024\/07\/CARDARELLI.png\",\"width\":700,\"height\":433},{\"@type\":\"BreadcrumbList\",\"@id\":\"https:\/\/apuntesdesanluis.com\/index.php\/2024\/07\/16\/esperamos-que-el-gobierno-reflexione-y-actue-con-sensibilidad\/#breadcrumb\",\"itemListElement\":[{\"@type\":\"ListItem\",\"position\":1,\"name\":\"Inicio\",\"item\":\"https:\/\/apuntesdesanluis.com\/\"},{\"@type\":\"ListItem\",\"position\":2,\"name\":\"\u201cESPERAMOS QUE EL GOBIERNO REFLEXIONE Y ACT\u00daE CON SENSIBILIDAD\u201d\"}]},{\"@type\":\"WebSite\",\"@id\":\"https:\/\/apuntesdesanluis.com\/#website\",\"url\":\"https:\/\/apuntesdesanluis.com\/\",\"name\":\"Apuntes de San Luis\",\"description\":\"\",\"publisher\":{\"@id\":\"https:\/\/apuntesdesanluis.com\/#\/schema\/person\/b55151d52296fcce64d1a72538a70b90\"},\"potentialAction\":[{\"@type\":\"SearchAction\",\"target\":{\"@type\":\"EntryPoint\",\"urlTemplate\":\"https:\/\/apuntesdesanluis.com\/?s={search_term_string}\"},\"query-input\":{\"@type\":\"PropertyValueSpecification\",\"valueRequired\":true,\"valueName\":\"search_term_string\"}}],\"inLanguage\":\"es-AR\"},{\"@type\":[\"Person\",\"Organization\"],\"@id\":\"https:\/\/apuntesdesanluis.com\/#\/schema\/person\/b55151d52296fcce64d1a72538a70b90\",\"name\":\"apuntesdesanluis.com\",\"image\":{\"@type\":\"ImageObject\",\"inLanguage\":\"es-AR\",\"@id\":\"https:\/\/apuntesdesanluis.com\/#\/schema\/person\/image\/\",\"url\":\"https:\/\/apuntesdesanluis.com\/wp-content\/uploads\/2023\/07\/cropped-apuntesdesanluis.png\",\"contentUrl\":\"https:\/\/apuntesdesanluis.com\/wp-content\/uploads\/2023\/07\/cropped-apuntesdesanluis.png\",\"width\":450,\"height\":112,\"caption\":\"apuntesdesanluis.com\"},\"logo\":{\"@id\":\"https:\/\/apuntesdesanluis.com\/#\/schema\/person\/image\/\"},\"sameAs\":[\"https:\/\/apuntesdesanluis.com\"],\"url\":\"https:\/\/apuntesdesanluis.com\/index.php\/author\/apuntesdesanluis-com\/\"}]}<\/script>\n<!-- \/ Yoast SEO plugin. -->","yoast_head_json":{"title":"\u201cESPERAMOS QUE EL GOBIERNO REFLEXIONE Y ACT\u00daE CON SENSIBILIDAD\u201d - Apuntes de San Luis","robots":{"index":"index","follow":"follow","max-snippet":"max-snippet:-1","max-image-preview":"max-image-preview:large","max-video-preview":"max-video-preview:-1"},"canonical":"https:\/\/apuntesdesanluis.com\/index.php\/2024\/07\/16\/esperamos-que-el-gobierno-reflexione-y-actue-con-sensibilidad\/","og_locale":"es_ES","og_type":"article","og_title":"\u201cESPERAMOS QUE EL GOBIERNO REFLEXIONE Y ACT\u00daE CON SENSIBILIDAD\u201d - Apuntes de San Luis","og_description":"As\u00ed lo manifest\u00f3 el Secretario General del Sindicato Judiciales Puntanos, Luciano Cardarelli, en torno del...","og_url":"https:\/\/apuntesdesanluis.com\/index.php\/2024\/07\/16\/esperamos-que-el-gobierno-reflexione-y-actue-con-sensibilidad\/","og_site_name":"Apuntes de San Luis","article_published_time":"2024-07-17T01:31:23+00:00","og_image":[{"width":700,"height":433,"url":"https:\/\/apuntesdesanluis.com\/wp-content\/uploads\/2024\/07\/CARDARELLI.png","type":"image\/png"}],"author":"apuntesdesanluis.com","twitter_card":"summary_large_image","twitter_misc":{"Escrito por":"apuntesdesanluis.com","Tiempo de lectura":"2 minutos"},"schema":{"@context":"https:\/\/schema.org","@graph":[{"@type":"Article","@id":"https:\/\/apuntesdesanluis.com\/index.php\/2024\/07\/16\/esperamos-que-el-gobierno-reflexione-y-actue-con-sensibilidad\/#article","isPartOf":{"@id":"https:\/\/apuntesdesanluis.com\/index.php\/2024\/07\/16\/esperamos-que-el-gobierno-reflexione-y-actue-con-sensibilidad\/"},"author":{"name":"apuntesdesanluis.com","@id":"https:\/\/apuntesdesanluis.com\/#\/schema\/person\/b55151d52296fcce64d1a72538a70b90"},"headline":"\u201cESPERAMOS QUE EL GOBIERNO REFLEXIONE Y ACT\u00daE CON SENSIBILIDAD\u201d","datePublished":"2024-07-17T01:31:23+00:00","mainEntityOfPage":{"@id":"https:\/\/apuntesdesanluis.com\/index.php\/2024\/07\/16\/esperamos-que-el-gobierno-reflexione-y-actue-con-sensibilidad\/"},"wordCount":345,"publisher":{"@id":"https:\/\/apuntesdesanluis.com\/#\/schema\/person\/b55151d52296fcce64d1a72538a70b90"},"image":{"@id":"https:\/\/apuntesdesanluis.com\/index.php\/2024\/07\/16\/esperamos-que-el-gobierno-reflexione-y-actue-con-sensibilidad\/#primaryimage"},"thumbnailUrl":"https:\/\/apuntesdesanluis.com\/wp-content\/uploads\/2024\/07\/CARDARELLI.png","articleSection":["Ciudad\/Provincia"],"inLanguage":"es-AR"},{"@type":"WebPage","@id":"https:\/\/apuntesdesanluis.com\/index.php\/2024\/07\/16\/esperamos-que-el-gobierno-reflexione-y-actue-con-sensibilidad\/","url":"https:\/\/apuntesdesanluis.com\/index.php\/2024\/07\/16\/esperamos-que-el-gobierno-reflexione-y-actue-con-sensibilidad\/","name":"\u201cESPERAMOS QUE EL GOBIERNO REFLEXIONE Y ACT\u00daE CON SENSIBILIDAD\u201d - Apuntes de San Luis","isPartOf":{"@id":"https:\/\/apuntesdesanluis.com\/#website"},"primaryImageOfPage":{"@id":"https:\/\/apuntesdesanluis.com\/index.php\/2024\/07\/16\/esperamos-que-el-gobierno-reflexione-y-actue-con-sensibilidad\/#primaryimage"},"image":{"@id":"https:\/\/apuntesdesanluis.com\/index.php\/2024\/07\/16\/esperamos-que-el-gobierno-reflexione-y-actue-con-sensibilidad\/#primaryimage"},"thumbnailUrl":"https:\/\/apuntesdesanluis.com\/wp-content\/uploads\/2024\/07\/CARDARELLI.png","datePublished":"2024-07-17T01:31:23+00:00","breadcrumb":{"@id":"https:\/\/apuntesdesanluis.com\/index.php\/2024\/07\/16\/esperamos-que-el-gobierno-reflexione-y-actue-con-sensibilidad\/#breadcrumb"},"inLanguage":"es-AR","potentialAction":[{"@type":"ReadAction","target":["https:\/\/apuntesdesanluis.com\/index.php\/2024\/07\/16\/esperamos-que-el-gobierno-reflexione-y-actue-con-sensibilidad\/"]}]},{"@type":"ImageObject","inLanguage":"es-AR","@id":"https:\/\/apuntesdesanluis.com\/index.php\/2024\/07\/16\/esperamos-que-el-gobierno-reflexione-y-actue-con-sensibilidad\/#primaryimage","url":"https:\/\/apuntesdesanluis.com\/wp-content\/uploads\/2024\/07\/CARDARELLI.png","contentUrl":"https:\/\/apuntesdesanluis.com\/wp-content\/uploads\/2024\/07\/CARDARELLI.png","width":700,"height":433},{"@type":"BreadcrumbList","@id":"https:\/\/apuntesdesanluis.com\/index.php\/2024\/07\/16\/esperamos-que-el-gobierno-reflexione-y-actue-con-sensibilidad\/#breadcrumb","itemListElement":[{"@type":"ListItem","position":1,"name":"Inicio","item":"https:\/\/apuntesdesanluis.com\/"},{"@type":"ListItem","position":2,"name":"\u201cESPERAMOS QUE EL GOBIERNO REFLEXIONE Y ACT\u00daE CON SENSIBILIDAD\u201d"}]},{"@type":"WebSite","@id":"https:\/\/apuntesdesanluis.com\/#website","url":"https:\/\/apuntesdesanluis.com\/","name":"Apuntes de San Luis","description":"","publisher":{"@id":"https:\/\/apuntesdesanluis.com\/#\/schema\/person\/b55151d52296fcce64d1a72538a70b90"},"potentialAction":[{"@type":"SearchAction","target":{"@type":"EntryPoint","urlTemplate":"https:\/\/apuntesdesanluis.com\/?s={search_term_string}"},"query-input":{"@type":"PropertyValueSpecification","valueRequired":true,"valueName":"search_term_string"}}],"inLanguage":"es-AR"},{"@type":["Person","Organization"],"@id":"https:\/\/apuntesdesanluis.com\/#\/schema\/person\/b55151d52296fcce64d1a72538a70b90","name":"apuntesdesanluis.com","image":{"@type":"ImageObject","inLanguage":"es-AR","@id":"https:\/\/apuntesdesanluis.com\/#\/schema\/person\/image\/","url":"https:\/\/apuntesdesanluis.com\/wp-content\/uploads\/2023\/07\/cropped-apuntesdesanluis.png","contentUrl":"https:\/\/apuntesdesanluis.com\/wp-content\/uploads\/2023\/07\/cropped-apuntesdesanluis.png","width":450,"height":112,"caption":"apuntesdesanluis.com"},"logo":{"@id":"https:\/\/apuntesdesanluis.com\/#\/schema\/person\/image\/"},"sameAs":["https:\/\/apuntesdesanluis.com"],"url":"https:\/\/apuntesdesanluis.com\/index.php\/author\/apuntesdesanluis-com\/"}]}},"featured_image_urls":{"full":["https:\/\/apuntesdesanluis.com\/wp-content\/uploads\/2024\/07\/CARDARELLI.png",700,433,false],"thumbnail":["https:\/\/apuntesdesanluis.com\/wp-content\/uploads\/2024\/07\/CARDARELLI-150x150.png",150,150,true],"medium":["https:\/\/apuntesdesanluis.com\/wp-content\/uploads\/2024\/07\/CARDARELLI-300x186.png",300,186,true],"medium_large":["https:\/\/apuntesdesanluis.com\/wp-content\/uploads\/2024\/07\/CARDARELLI.png",640,396,false],"large":["https:\/\/apuntesdesanluis.com\/wp-content\/uploads\/2024\/07\/CARDARELLI.png",640,396,false],"1536x1536":["https:\/\/apuntesdesanluis.com\/wp-content\/uploads\/2024\/07\/CARDARELLI.png",700,433,false],"2048x2048":["https:\/\/apuntesdesanluis.com\/wp-content\/uploads\/2024\/07\/CARDARELLI.png",700,433,false],"newsever-slider-full":["https:\/\/apuntesdesanluis.com\/wp-content\/uploads\/2024\/07\/CARDARELLI.png",700,433,false],"newsever-featured":["https:\/\/apuntesdesanluis.com\/wp-content\/uploads\/2024\/07\/CARDARELLI.png",700,433,false],"newsever-medium":["https:\/\/apuntesdesanluis.com\/wp-content\/uploads\/2024\/07\/CARDARELLI.png",700,433,false]},"author_info":{"display_name":"apuntesdesanluis.com","author_link":"https:\/\/apuntesdesanluis.com\/index.php\/author\/apuntesdesanluis-com\/"},"category_info":"<a href=\"https:\/\/apuntesdesanluis.com\/index.php\/category\/ciudad-provincia\/\" rel=\"category tag\">Ciudad\/Provincia<\/a>","tag_info":"Ciudad\/Provincia","comment_count":"0","_links":{"self":[{"href":"https:\/\/apuntesdesanluis.com\/index.php\/wp-json\/wp\/v2\/posts\/19387","targetHints":{"allow":["GET"]}}],"collection":[{"href":"https:\/\/apuntesdesanluis.com\/index.php\/wp-json\/wp\/v2\/posts"}],"about":[{"href":"https:\/\/apuntesdesanluis.com\/index.php\/wp-json\/wp\/v2\/types\/post"}],"author":[{"embeddable":true,"href":"https:\/\/apuntesdesanluis.com\/index.php\/wp-json\/wp\/v2\/users\/1"}],"replies":[{"embeddable":true,"href":"https:\/\/apuntesdesanluis.com\/index.php\/wp-json\/wp\/v2\/comments?post=19387"}],"version-history":[{"count":2,"href":"https:\/\/apuntesdesanluis.com\/index.php\/wp-json\/wp\/v2\/posts\/19387\/revisions"}],"predecessor-version":[{"id":19390,"href":"https:\/\/apuntesdesanluis.com\/index.php\/wp-json\/wp\/v2\/posts\/19387\/revisions\/19390"}],"wp:featuredmedia":[{"embeddable":true,"href":"https:\/\/apuntesdesanluis.com\/index.php\/wp-json\/wp\/v2\/media\/19388"}],"wp:attachment":[{"href":"https:\/\/apuntesdesanluis.com\/index.php\/wp-json\/wp\/v2\/media?parent=19387"}],"wp:term":[{"taxonomy":"category","embeddable":true,"href":"https:\/\/apuntesdesanluis.com\/index.php\/wp-json\/wp\/v2\/categories?post=19387"},{"taxonomy":"post_tag","embeddable":true,"href":"https:\/\/apuntesdesanluis.com\/index.php\/wp-json\/wp\/v2\/tags?post=19387"}],"curies":[{"name":"wp","href":"https:\/\/api.w.org\/{rel}","templated":true}]}}