{"id":19407,"date":"2024-07-17T18:34:35","date_gmt":"2024-07-17T21:34:35","guid":{"rendered":"https:\/\/apuntesdesanluis.com\/?p=19407"},"modified":"2024-07-17T18:34:35","modified_gmt":"2024-07-17T21:34:35","slug":"el-nuevo-destacamento-de-el-fortin-asistio-a-dos-incendios-en-la-ribera","status":"publish","type":"post","link":"https:\/\/apuntesdesanluis.com\/index.php\/2024\/07\/17\/el-nuevo-destacamento-de-el-fortin-asistio-a-dos-incendios-en-la-ribera\/","title":{"rendered":"EL NUEVO DESTACAMENTO DE EL FORT\u00cdN ASISTI\u00d3 A DOS INCENDIOS EN LA RIBERA"},"content":{"rendered":"<h3>A pocos d\u00edas de su inauguraci\u00f3n en el predio de La Pedrera, el equipo de trabajo resalt\u00f3 la r\u00e1pida respuesta que se pudo dar ante el siniestro por la cercan\u00eda del lugar a esa barriada.<\/h3>\n<h3>El pedido realizado por la direcci\u00f3n de los Bomberos Voluntarios de El Fort\u00edn de Villa Mercedes al gobernador Claudio Poggi de abrir un destacamento secundario en La Pedrera vio sus frutos r\u00e1pidamente en dos intervenciones el fin de semana pasado, cuando recibieron el pedido de auxilio en dos viviendas de familias del barrio La Ribera en donde se generaron incendios y pudieron actuar r\u00e1pidamente gracias a la nueva locaci\u00f3n del destacamento.<\/h3>\n<p><img fetchpriority=\"high\" decoding=\"async\" class=\"wp-image-19409 aligncenter\" src=\"https:\/\/apuntesdesanluis.com\/wp-content\/uploads\/2024\/07\/Destacamento-el-fortin-300x188.jpg\" alt=\"\" width=\"614\" height=\"385\" srcset=\"https:\/\/apuntesdesanluis.com\/wp-content\/uploads\/2024\/07\/Destacamento-el-fortin-300x188.jpg 300w, https:\/\/apuntesdesanluis.com\/wp-content\/uploads\/2024\/07\/Destacamento-el-fortin.jpg 600w\" sizes=\"(max-width: 614px) 100vw, 614px\" \/><\/p>\n<h3>Este nuevo cuartel fue inaugurado el pasado 11 de junio y su funci\u00f3n es netamente operativa, para intervenir ante cualquier tipo de urgencia que se produzca en la zona sudoeste de Villa Mercedes, teniendo en cuenta que hay una ruta importante como la Autopista 55 Sur y un acceso muy r\u00e1pido al Parque Industrial y que trabajan no solo ante incendios estructurales (viviendas, industrias, veh\u00edculos) y rescates vehiculares, sino tambi\u00e9n en emergencias en el agua.<\/h3>\n<p>&nbsp;<\/p>\n<p>&nbsp;<\/p>\n<p>&nbsp;<\/p>\n<p>&nbsp;<\/p>\n<p>&nbsp;<\/p>\n<p>&nbsp;<\/p>\n","protected":false},"excerpt":{"rendered":"<p>A pocos d\u00edas de su inauguraci\u00f3n en el predio de La Pedrera, el equipo de&#8230;<\/p>\n","protected":false},"author":1,"featured_media":19408,"comment_status":"closed","ping_status":"closed","sticky":false,"template":"","format":"standard","meta":{"footnotes":""},"categories":[6],"tags":[],"class_list":["post-19407","post","type-post","status-publish","format-standard","has-post-thumbnail","hentry","category-ciudad-provincia"],"yoast_head":"<!-- This site is optimized with the Yoast SEO plugin v26.1.1 - https:\/\/yoast.com\/wordpress\/plugins\/seo\/ -->\n<title>EL NUEVO DESTACAMENTO DE EL FORT\u00cdN ASISTI\u00d3 A DOS INCENDIOS EN LA RIBERA - Apuntes de San Luis<\/title>\n<meta name=\"robots\" content=\"index, follow, max-snippet:-1, max-image-preview:large, max-video-preview:-1\" \/>\n<link rel=\"canonical\" href=\"https:\/\/apuntesdesanluis.com\/index.php\/2024\/07\/17\/el-nuevo-destacamento-de-el-fortin-asistio-a-dos-incendios-en-la-ribera\/\" \/>\n<meta property=\"og:locale\" content=\"es_ES\" \/>\n<meta property=\"og:type\" content=\"article\" \/>\n<meta property=\"og:title\" content=\"EL NUEVO DESTACAMENTO DE EL FORT\u00cdN ASISTI\u00d3 A DOS INCENDIOS EN LA RIBERA - Apuntes de San Luis\" \/>\n<meta property=\"og:description\" content=\"A pocos d\u00edas de su inauguraci\u00f3n en el predio de La Pedrera, el equipo de...\" \/>\n<meta property=\"og:url\" content=\"https:\/\/apuntesdesanluis.com\/index.php\/2024\/07\/17\/el-nuevo-destacamento-de-el-fortin-asistio-a-dos-incendios-en-la-ribera\/\" \/>\n<meta property=\"og:site_name\" content=\"Apuntes de San Luis\" \/>\n<meta property=\"article:published_time\" content=\"2024-07-17T21:34:35+00:00\" \/>\n<meta property=\"og:image\" content=\"https:\/\/apuntesdesanluis.com\/wp-content\/uploads\/2024\/07\/bomberos-el-fortin.png\" \/>\n\t<meta property=\"og:image:width\" content=\"600\" \/>\n\t<meta property=\"og:image:height\" content=\"352\" \/>\n\t<meta property=\"og:image:type\" content=\"image\/png\" \/>\n<meta name=\"author\" content=\"apuntesdesanluis.com\" \/>\n<meta name=\"twitter:card\" content=\"summary_large_image\" \/>\n<meta name=\"twitter:label1\" content=\"Escrito por\" \/>\n\t<meta name=\"twitter:data1\" content=\"apuntesdesanluis.com\" \/>\n\t<meta name=\"twitter:label2\" content=\"Tiempo de lectura\" \/>\n\t<meta name=\"twitter:data2\" content=\"2 minutos\" \/>\n<script type=\"application\/ld+json\" class=\"yoast-schema-graph\">{\"@context\":\"https:\/\/schema.org\",\"@graph\":[{\"@type\":\"Article\",\"@id\":\"https:\/\/apuntesdesanluis.com\/index.php\/2024\/07\/17\/el-nuevo-destacamento-de-el-fortin-asistio-a-dos-incendios-en-la-ribera\/#article\",\"isPartOf\":{\"@id\":\"https:\/\/apuntesdesanluis.com\/index.php\/2024\/07\/17\/el-nuevo-destacamento-de-el-fortin-asistio-a-dos-incendios-en-la-ribera\/\"},\"author\":{\"name\":\"apuntesdesanluis.com\",\"@id\":\"https:\/\/apuntesdesanluis.com\/#\/schema\/person\/b55151d52296fcce64d1a72538a70b90\"},\"headline\":\"EL NUEVO DESTACAMENTO DE EL FORT\u00cdN ASISTI\u00d3 A DOS INCENDIOS EN LA RIBERA\",\"datePublished\":\"2024-07-17T21:34:35+00:00\",\"mainEntityOfPage\":{\"@id\":\"https:\/\/apuntesdesanluis.com\/index.php\/2024\/07\/17\/el-nuevo-destacamento-de-el-fortin-asistio-a-dos-incendios-en-la-ribera\/\"},\"wordCount\":212,\"publisher\":{\"@id\":\"https:\/\/apuntesdesanluis.com\/#\/schema\/person\/b55151d52296fcce64d1a72538a70b90\"},\"image\":{\"@id\":\"https:\/\/apuntesdesanluis.com\/index.php\/2024\/07\/17\/el-nuevo-destacamento-de-el-fortin-asistio-a-dos-incendios-en-la-ribera\/#primaryimage\"},\"thumbnailUrl\":\"https:\/\/apuntesdesanluis.com\/wp-content\/uploads\/2024\/07\/bomberos-el-fortin.png\",\"articleSection\":[\"Ciudad\/Provincia\"],\"inLanguage\":\"es-AR\"},{\"@type\":\"WebPage\",\"@id\":\"https:\/\/apuntesdesanluis.com\/index.php\/2024\/07\/17\/el-nuevo-destacamento-de-el-fortin-asistio-a-dos-incendios-en-la-ribera\/\",\"url\":\"https:\/\/apuntesdesanluis.com\/index.php\/2024\/07\/17\/el-nuevo-destacamento-de-el-fortin-asistio-a-dos-incendios-en-la-ribera\/\",\"name\":\"EL NUEVO DESTACAMENTO DE EL FORT\u00cdN ASISTI\u00d3 A DOS INCENDIOS EN LA RIBERA - Apuntes de San Luis\",\"isPartOf\":{\"@id\":\"https:\/\/apuntesdesanluis.com\/#website\"},\"primaryImageOfPage\":{\"@id\":\"https:\/\/apuntesdesanluis.com\/index.php\/2024\/07\/17\/el-nuevo-destacamento-de-el-fortin-asistio-a-dos-incendios-en-la-ribera\/#primaryimage\"},\"image\":{\"@id\":\"https:\/\/apuntesdesanluis.com\/index.php\/2024\/07\/17\/el-nuevo-destacamento-de-el-fortin-asistio-a-dos-incendios-en-la-ribera\/#primaryimage\"},\"thumbnailUrl\":\"https:\/\/apuntesdesanluis.com\/wp-content\/uploads\/2024\/07\/bomberos-el-fortin.png\",\"datePublished\":\"2024-07-17T21:34:35+00:00\",\"breadcrumb\":{\"@id\":\"https:\/\/apuntesdesanluis.com\/index.php\/2024\/07\/17\/el-nuevo-destacamento-de-el-fortin-asistio-a-dos-incendios-en-la-ribera\/#breadcrumb\"},\"inLanguage\":\"es-AR\",\"potentialAction\":[{\"@type\":\"ReadAction\",\"target\":[\"https:\/\/apuntesdesanluis.com\/index.php\/2024\/07\/17\/el-nuevo-destacamento-de-el-fortin-asistio-a-dos-incendios-en-la-ribera\/\"]}]},{\"@type\":\"ImageObject\",\"inLanguage\":\"es-AR\",\"@id\":\"https:\/\/apuntesdesanluis.com\/index.php\/2024\/07\/17\/el-nuevo-destacamento-de-el-fortin-asistio-a-dos-incendios-en-la-ribera\/#primaryimage\",\"url\":\"https:\/\/apuntesdesanluis.com\/wp-content\/uploads\/2024\/07\/bomberos-el-fortin.png\",\"contentUrl\":\"https:\/\/apuntesdesanluis.com\/wp-content\/uploads\/2024\/07\/bomberos-el-fortin.png\",\"width\":600,\"height\":352},{\"@type\":\"BreadcrumbList\",\"@id\":\"https:\/\/apuntesdesanluis.com\/index.php\/2024\/07\/17\/el-nuevo-destacamento-de-el-fortin-asistio-a-dos-incendios-en-la-ribera\/#breadcrumb\",\"itemListElement\":[{\"@type\":\"ListItem\",\"position\":1,\"name\":\"Inicio\",\"item\":\"https:\/\/apuntesdesanluis.com\/\"},{\"@type\":\"ListItem\",\"position\":2,\"name\":\"EL NUEVO DESTACAMENTO DE EL FORT\u00cdN ASISTI\u00d3 A DOS INCENDIOS EN LA RIBERA\"}]},{\"@type\":\"WebSite\",\"@id\":\"https:\/\/apuntesdesanluis.com\/#website\",\"url\":\"https:\/\/apuntesdesanluis.com\/\",\"name\":\"Apuntes de San Luis\",\"description\":\"\",\"publisher\":{\"@id\":\"https:\/\/apuntesdesanluis.com\/#\/schema\/person\/b55151d52296fcce64d1a72538a70b90\"},\"potentialAction\":[{\"@type\":\"SearchAction\",\"target\":{\"@type\":\"EntryPoint\",\"urlTemplate\":\"https:\/\/apuntesdesanluis.com\/?s={search_term_string}\"},\"query-input\":{\"@type\":\"PropertyValueSpecification\",\"valueRequired\":true,\"valueName\":\"search_term_string\"}}],\"inLanguage\":\"es-AR\"},{\"@type\":[\"Person\",\"Organization\"],\"@id\":\"https:\/\/apuntesdesanluis.com\/#\/schema\/person\/b55151d52296fcce64d1a72538a70b90\",\"name\":\"apuntesdesanluis.com\",\"image\":{\"@type\":\"ImageObject\",\"inLanguage\":\"es-AR\",\"@id\":\"https:\/\/apuntesdesanluis.com\/#\/schema\/person\/image\/\",\"url\":\"https:\/\/apuntesdesanluis.com\/wp-content\/uploads\/2023\/07\/cropped-apuntesdesanluis.png\",\"contentUrl\":\"https:\/\/apuntesdesanluis.com\/wp-content\/uploads\/2023\/07\/cropped-apuntesdesanluis.png\",\"width\":450,\"height\":112,\"caption\":\"apuntesdesanluis.com\"},\"logo\":{\"@id\":\"https:\/\/apuntesdesanluis.com\/#\/schema\/person\/image\/\"},\"sameAs\":[\"https:\/\/apuntesdesanluis.com\"],\"url\":\"https:\/\/apuntesdesanluis.com\/index.php\/author\/apuntesdesanluis-com\/\"}]}<\/script>\n<!-- \/ Yoast SEO plugin. -->","yoast_head_json":{"title":"EL NUEVO DESTACAMENTO DE EL FORT\u00cdN ASISTI\u00d3 A DOS INCENDIOS EN LA RIBERA - Apuntes de San Luis","robots":{"index":"index","follow":"follow","max-snippet":"max-snippet:-1","max-image-preview":"max-image-preview:large","max-video-preview":"max-video-preview:-1"},"canonical":"https:\/\/apuntesdesanluis.com\/index.php\/2024\/07\/17\/el-nuevo-destacamento-de-el-fortin-asistio-a-dos-incendios-en-la-ribera\/","og_locale":"es_ES","og_type":"article","og_title":"EL NUEVO DESTACAMENTO DE EL FORT\u00cdN ASISTI\u00d3 A DOS INCENDIOS EN LA RIBERA - Apuntes de San Luis","og_description":"A pocos d\u00edas de su inauguraci\u00f3n en el predio de La Pedrera, el equipo de...","og_url":"https:\/\/apuntesdesanluis.com\/index.php\/2024\/07\/17\/el-nuevo-destacamento-de-el-fortin-asistio-a-dos-incendios-en-la-ribera\/","og_site_name":"Apuntes de San Luis","article_published_time":"2024-07-17T21:34:35+00:00","og_image":[{"width":600,"height":352,"url":"https:\/\/apuntesdesanluis.com\/wp-content\/uploads\/2024\/07\/bomberos-el-fortin.png","type":"image\/png"}],"author":"apuntesdesanluis.com","twitter_card":"summary_large_image","twitter_misc":{"Escrito por":"apuntesdesanluis.com","Tiempo de lectura":"2 minutos"},"schema":{"@context":"https:\/\/schema.org","@graph":[{"@type":"Article","@id":"https:\/\/apuntesdesanluis.com\/index.php\/2024\/07\/17\/el-nuevo-destacamento-de-el-fortin-asistio-a-dos-incendios-en-la-ribera\/#article","isPartOf":{"@id":"https:\/\/apuntesdesanluis.com\/index.php\/2024\/07\/17\/el-nuevo-destacamento-de-el-fortin-asistio-a-dos-incendios-en-la-ribera\/"},"author":{"name":"apuntesdesanluis.com","@id":"https:\/\/apuntesdesanluis.com\/#\/schema\/person\/b55151d52296fcce64d1a72538a70b90"},"headline":"EL NUEVO DESTACAMENTO DE EL FORT\u00cdN ASISTI\u00d3 A DOS INCENDIOS EN LA RIBERA","datePublished":"2024-07-17T21:34:35+00:00","mainEntityOfPage":{"@id":"https:\/\/apuntesdesanluis.com\/index.php\/2024\/07\/17\/el-nuevo-destacamento-de-el-fortin-asistio-a-dos-incendios-en-la-ribera\/"},"wordCount":212,"publisher":{"@id":"https:\/\/apuntesdesanluis.com\/#\/schema\/person\/b55151d52296fcce64d1a72538a70b90"},"image":{"@id":"https:\/\/apuntesdesanluis.com\/index.php\/2024\/07\/17\/el-nuevo-destacamento-de-el-fortin-asistio-a-dos-incendios-en-la-ribera\/#primaryimage"},"thumbnailUrl":"https:\/\/apuntesdesanluis.com\/wp-content\/uploads\/2024\/07\/bomberos-el-fortin.png","articleSection":["Ciudad\/Provincia"],"inLanguage":"es-AR"},{"@type":"WebPage","@id":"https:\/\/apuntesdesanluis.com\/index.php\/2024\/07\/17\/el-nuevo-destacamento-de-el-fortin-asistio-a-dos-incendios-en-la-ribera\/","url":"https:\/\/apuntesdesanluis.com\/index.php\/2024\/07\/17\/el-nuevo-destacamento-de-el-fortin-asistio-a-dos-incendios-en-la-ribera\/","name":"EL NUEVO DESTACAMENTO DE EL FORT\u00cdN ASISTI\u00d3 A DOS INCENDIOS EN LA RIBERA - Apuntes de San Luis","isPartOf":{"@id":"https:\/\/apuntesdesanluis.com\/#website"},"primaryImageOfPage":{"@id":"https:\/\/apuntesdesanluis.com\/index.php\/2024\/07\/17\/el-nuevo-destacamento-de-el-fortin-asistio-a-dos-incendios-en-la-ribera\/#primaryimage"},"image":{"@id":"https:\/\/apuntesdesanluis.com\/index.php\/2024\/07\/17\/el-nuevo-destacamento-de-el-fortin-asistio-a-dos-incendios-en-la-ribera\/#primaryimage"},"thumbnailUrl":"https:\/\/apuntesdesanluis.com\/wp-content\/uploads\/2024\/07\/bomberos-el-fortin.png","datePublished":"2024-07-17T21:34:35+00:00","breadcrumb":{"@id":"https:\/\/apuntesdesanluis.com\/index.php\/2024\/07\/17\/el-nuevo-destacamento-de-el-fortin-asistio-a-dos-incendios-en-la-ribera\/#breadcrumb"},"inLanguage":"es-AR","potentialAction":[{"@type":"ReadAction","target":["https:\/\/apuntesdesanluis.com\/index.php\/2024\/07\/17\/el-nuevo-destacamento-de-el-fortin-asistio-a-dos-incendios-en-la-ribera\/"]}]},{"@type":"ImageObject","inLanguage":"es-AR","@id":"https:\/\/apuntesdesanluis.com\/index.php\/2024\/07\/17\/el-nuevo-destacamento-de-el-fortin-asistio-a-dos-incendios-en-la-ribera\/#primaryimage","url":"https:\/\/apuntesdesanluis.com\/wp-content\/uploads\/2024\/07\/bomberos-el-fortin.png","contentUrl":"https:\/\/apuntesdesanluis.com\/wp-content\/uploads\/2024\/07\/bomberos-el-fortin.png","width":600,"height":352},{"@type":"BreadcrumbList","@id":"https:\/\/apuntesdesanluis.com\/index.php\/2024\/07\/17\/el-nuevo-destacamento-de-el-fortin-asistio-a-dos-incendios-en-la-ribera\/#breadcrumb","itemListElement":[{"@type":"ListItem","position":1,"name":"Inicio","item":"https:\/\/apuntesdesanluis.com\/"},{"@type":"ListItem","position":2,"name":"EL NUEVO DESTACAMENTO DE EL FORT\u00cdN ASISTI\u00d3 A DOS INCENDIOS EN LA RIBERA"}]},{"@type":"WebSite","@id":"https:\/\/apuntesdesanluis.com\/#website","url":"https:\/\/apuntesdesanluis.com\/","name":"Apuntes de San Luis","description":"","publisher":{"@id":"https:\/\/apuntesdesanluis.com\/#\/schema\/person\/b55151d52296fcce64d1a72538a70b90"},"potentialAction":[{"@type":"SearchAction","target":{"@type":"EntryPoint","urlTemplate":"https:\/\/apuntesdesanluis.com\/?s={search_term_string}"},"query-input":{"@type":"PropertyValueSpecification","valueRequired":true,"valueName":"search_term_string"}}],"inLanguage":"es-AR"},{"@type":["Person","Organization"],"@id":"https:\/\/apuntesdesanluis.com\/#\/schema\/person\/b55151d52296fcce64d1a72538a70b90","name":"apuntesdesanluis.com","image":{"@type":"ImageObject","inLanguage":"es-AR","@id":"https:\/\/apuntesdesanluis.com\/#\/schema\/person\/image\/","url":"https:\/\/apuntesdesanluis.com\/wp-content\/uploads\/2023\/07\/cropped-apuntesdesanluis.png","contentUrl":"https:\/\/apuntesdesanluis.com\/wp-content\/uploads\/2023\/07\/cropped-apuntesdesanluis.png","width":450,"height":112,"caption":"apuntesdesanluis.com"},"logo":{"@id":"https:\/\/apuntesdesanluis.com\/#\/schema\/person\/image\/"},"sameAs":["https:\/\/apuntesdesanluis.com"],"url":"https:\/\/apuntesdesanluis.com\/index.php\/author\/apuntesdesanluis-com\/"}]}},"featured_image_urls":{"full":["https:\/\/apuntesdesanluis.com\/wp-content\/uploads\/2024\/07\/bomberos-el-fortin.png",600,352,false],"thumbnail":["https:\/\/apuntesdesanluis.com\/wp-content\/uploads\/2024\/07\/bomberos-el-fortin-150x150.png",150,150,true],"medium":["https:\/\/apuntesdesanluis.com\/wp-content\/uploads\/2024\/07\/bomberos-el-fortin-300x176.png",300,176,true],"medium_large":["https:\/\/apuntesdesanluis.com\/wp-content\/uploads\/2024\/07\/bomberos-el-fortin.png",600,352,false],"large":["https:\/\/apuntesdesanluis.com\/wp-content\/uploads\/2024\/07\/bomberos-el-fortin.png",600,352,false],"1536x1536":["https:\/\/apuntesdesanluis.com\/wp-content\/uploads\/2024\/07\/bomberos-el-fortin.png",600,352,false],"2048x2048":["https:\/\/apuntesdesanluis.com\/wp-content\/uploads\/2024\/07\/bomberos-el-fortin.png",600,352,false],"newsever-slider-full":["https:\/\/apuntesdesanluis.com\/wp-content\/uploads\/2024\/07\/bomberos-el-fortin.png",600,352,false],"newsever-featured":["https:\/\/apuntesdesanluis.com\/wp-content\/uploads\/2024\/07\/bomberos-el-fortin.png",600,352,false],"newsever-medium":["https:\/\/apuntesdesanluis.com\/wp-content\/uploads\/2024\/07\/bomberos-el-fortin.png",600,352,false]},"author_info":{"display_name":"apuntesdesanluis.com","author_link":"https:\/\/apuntesdesanluis.com\/index.php\/author\/apuntesdesanluis-com\/"},"category_info":"<a href=\"https:\/\/apuntesdesanluis.com\/index.php\/category\/ciudad-provincia\/\" rel=\"category tag\">Ciudad\/Provincia<\/a>","tag_info":"Ciudad\/Provincia","comment_count":"0","_links":{"self":[{"href":"https:\/\/apuntesdesanluis.com\/index.php\/wp-json\/wp\/v2\/posts\/19407","targetHints":{"allow":["GET"]}}],"collection":[{"href":"https:\/\/apuntesdesanluis.com\/index.php\/wp-json\/wp\/v2\/posts"}],"about":[{"href":"https:\/\/apuntesdesanluis.com\/index.php\/wp-json\/wp\/v2\/types\/post"}],"author":[{"embeddable":true,"href":"https:\/\/apuntesdesanluis.com\/index.php\/wp-json\/wp\/v2\/users\/1"}],"replies":[{"embeddable":true,"href":"https:\/\/apuntesdesanluis.com\/index.php\/wp-json\/wp\/v2\/comments?post=19407"}],"version-history":[{"count":1,"href":"https:\/\/apuntesdesanluis.com\/index.php\/wp-json\/wp\/v2\/posts\/19407\/revisions"}],"predecessor-version":[{"id":19410,"href":"https:\/\/apuntesdesanluis.com\/index.php\/wp-json\/wp\/v2\/posts\/19407\/revisions\/19410"}],"wp:featuredmedia":[{"embeddable":true,"href":"https:\/\/apuntesdesanluis.com\/index.php\/wp-json\/wp\/v2\/media\/19408"}],"wp:attachment":[{"href":"https:\/\/apuntesdesanluis.com\/index.php\/wp-json\/wp\/v2\/media?parent=19407"}],"wp:term":[{"taxonomy":"category","embeddable":true,"href":"https:\/\/apuntesdesanluis.com\/index.php\/wp-json\/wp\/v2\/categories?post=19407"},{"taxonomy":"post_tag","embeddable":true,"href":"https:\/\/apuntesdesanluis.com\/index.php\/wp-json\/wp\/v2\/tags?post=19407"}],"curies":[{"name":"wp","href":"https:\/\/api.w.org\/{rel}","templated":true}]}}