{"id":19427,"date":"2024-07-17T19:54:17","date_gmt":"2024-07-17T22:54:17","guid":{"rendered":"https:\/\/apuntesdesanluis.com\/?p=19427"},"modified":"2024-07-17T19:57:28","modified_gmt":"2024-07-17T22:57:28","slug":"el-gobierno-echo-a-teddy-karagozian-del-consejo-de-asesores-economicos","status":"publish","type":"post","link":"https:\/\/apuntesdesanluis.com\/index.php\/2024\/07\/17\/el-gobierno-echo-a-teddy-karagozian-del-consejo-de-asesores-economicos\/","title":{"rendered":"EL GOBIERNO ECH\u00d3 A TEDDY KARAGOZIAN DEL CONSEJO DE ASESORES ECON\u00d3MICOS"},"content":{"rendered":"<h3>El Gobierno ech\u00f3 al empresario textil <strong>Teddy Karagozian<\/strong> del Consejo de Asesores econ\u00f3micos que preside <strong>Demian Reidel<\/strong> y que instruye en la materia al presidente <strong>Javier Milei<\/strong>.<\/h3>\n<h3>As\u00ed lo inform\u00f3 a trav\u00e9s de las redes sociales el vocero presidencial, Manuel Adorni, tras las cr\u00edticas de Karagozian a la gesti\u00f3n econ\u00f3mica a cargo del ministro de Econom\u00eda, <strong>Luis Caputo<\/strong>.<\/h3>\n<h3><img fetchpriority=\"high\" decoding=\"async\" class=\"wp-image-19429 aligncenter\" src=\"https:\/\/apuntesdesanluis.com\/wp-content\/uploads\/2024\/07\/adorni-300x167.png\" alt=\"\" width=\"596\" height=\"332\" srcset=\"https:\/\/apuntesdesanluis.com\/wp-content\/uploads\/2024\/07\/adorni-300x167.png 300w, https:\/\/apuntesdesanluis.com\/wp-content\/uploads\/2024\/07\/adorni-768x427.png 768w, https:\/\/apuntesdesanluis.com\/wp-content\/uploads\/2024\/07\/adorni.png 771w\" sizes=\"(max-width: 596px) 100vw, 596px\" \/><\/h3>\n<h3>&#8220;Demian Reidel, Jefe de Asesores del Presidente del Presidente de la Naci\u00f3n, ha tomado la decisi\u00f3n de apartar del Consejo que preside a uno de sus miembros: Teddy Karagozian. Fin&#8221;, public\u00f3.<\/h3>\n<h3>El enojo del Poder Ejecutivo se gener\u00f3 luego de que el empresario textil asegurara que no vislumbra la recuperaci\u00f3n econ\u00f3mica que vaticina el mandatario y asegurara que no va a suceder.<\/h3>\n<h3>Luego que el vocero planteara que desde el Poder Ejecutivo tomaron sus dichos &#8220;como una opini\u00f3n m\u00e1s\u201d, y establecieran que compart\u00edan sus premisas, la decisi\u00f3n de Reidel no se hizo esperar.<\/h3>\n<h3>En paralelo, el segundo de la Vocer\u00eda Presidencial, <strong>Javier Lanari<\/strong>, chicane\u00f3 a Karagozian, quien lo trat\u00f3 de \u201cest\u00fapido\u201d por una fuerte cr\u00edtica que el periodista lanz\u00f3 al rubro que integra. \u201cEl \u00fanico Teddy que vale la pena\u201d, public\u00f3 junto a una imagen del osito Ted, protagonista animado una la comedia estadounidense.<\/h3>\n<h3><img decoding=\"async\" class=\"wp-image-19430 aligncenter\" src=\"https:\/\/apuntesdesanluis.com\/wp-content\/uploads\/2024\/07\/lanari-300x271.png\" alt=\"\" width=\"617\" height=\"557\" srcset=\"https:\/\/apuntesdesanluis.com\/wp-content\/uploads\/2024\/07\/lanari-300x271.png 300w, https:\/\/apuntesdesanluis.com\/wp-content\/uploads\/2024\/07\/lanari-768x694.png 768w, https:\/\/apuntesdesanluis.com\/wp-content\/uploads\/2024\/07\/lanari.png 772w\" sizes=\"(max-width: 617px) 100vw, 617px\" \/><\/h3>\n<h3>Karagozian no es el primero de los asesores en cuestionar la pol\u00edtica econ\u00f3mica del ministro de Econom\u00eda, Luis Caputo, y del titular del Banco Central, Santiago Bausili. Lo propio hizo <strong>Fausto Spotorno <\/strong>(foto) economista de la consultora de Orlando J. Ferreres, quien calific\u00f3 los anuncios econ\u00f3micos de \u201cmuy malos\u201d y tambi\u00e9n le vali\u00f3 la salida del Consejo.<\/h3>\n<p><img decoding=\"async\" class=\"wp-image-19432 aligncenter\" src=\"https:\/\/apuntesdesanluis.com\/wp-content\/uploads\/2024\/07\/FAUSTO-SPOTORNO-300x224.png\" alt=\"\" width=\"580\" height=\"433\" srcset=\"https:\/\/apuntesdesanluis.com\/wp-content\/uploads\/2024\/07\/FAUSTO-SPOTORNO-300x224.png 300w, https:\/\/apuntesdesanluis.com\/wp-content\/uploads\/2024\/07\/FAUSTO-SPOTORNO.png 523w\" sizes=\"(max-width: 580px) 100vw, 580px\" \/><\/p>\n<h3>&#8220;No se sabe bien c\u00f3mo lleg\u00f3 al Consejo de Asesores\u201d, deslizaron ante esta agencia sobre el empresario textil al tiempo que lo calificaron como \u201cempresario\u201d por amasar su fortuna \u201ca costas de estar protegido por el Estado\u201d.<\/h3>\n<p>&nbsp;<\/p>\n<p>&nbsp;<\/p>\n<p>&nbsp;<\/p>\n<p>&nbsp;<\/p>\n<p>&nbsp;<\/p>\n","protected":false},"excerpt":{"rendered":"<p>El Gobierno ech\u00f3 al empresario textil Teddy Karagozian del Consejo de Asesores econ\u00f3micos que preside&#8230;<\/p>\n","protected":false},"author":1,"featured_media":19428,"comment_status":"closed","ping_status":"closed","sticky":false,"template":"","format":"standard","meta":{"footnotes":""},"categories":[5],"tags":[],"class_list":["post-19427","post","type-post","status-publish","format-standard","has-post-thumbnail","hentry","category-nacionales-internacionales"],"yoast_head":"<!-- This site is optimized with the Yoast SEO plugin v26.1.1 - https:\/\/yoast.com\/wordpress\/plugins\/seo\/ -->\n<title>EL GOBIERNO ECH\u00d3 A TEDDY KARAGOZIAN DEL CONSEJO DE ASESORES ECON\u00d3MICOS - Apuntes de San Luis<\/title>\n<meta name=\"robots\" content=\"index, follow, max-snippet:-1, max-image-preview:large, max-video-preview:-1\" \/>\n<link rel=\"canonical\" href=\"https:\/\/apuntesdesanluis.com\/index.php\/2024\/07\/17\/el-gobierno-echo-a-teddy-karagozian-del-consejo-de-asesores-economicos\/\" \/>\n<meta property=\"og:locale\" content=\"es_ES\" \/>\n<meta property=\"og:type\" content=\"article\" \/>\n<meta property=\"og:title\" content=\"EL GOBIERNO ECH\u00d3 A TEDDY KARAGOZIAN DEL CONSEJO DE ASESORES ECON\u00d3MICOS - Apuntes de San Luis\" \/>\n<meta property=\"og:description\" content=\"El Gobierno ech\u00f3 al empresario textil Teddy Karagozian del Consejo de Asesores econ\u00f3micos que preside...\" \/>\n<meta property=\"og:url\" content=\"https:\/\/apuntesdesanluis.com\/index.php\/2024\/07\/17\/el-gobierno-echo-a-teddy-karagozian-del-consejo-de-asesores-economicos\/\" \/>\n<meta property=\"og:site_name\" content=\"Apuntes de San Luis\" \/>\n<meta property=\"article:published_time\" content=\"2024-07-17T22:54:17+00:00\" \/>\n<meta property=\"article:modified_time\" content=\"2024-07-17T22:57:28+00:00\" \/>\n<meta property=\"og:image\" content=\"https:\/\/apuntesdesanluis.com\/wp-content\/uploads\/2024\/07\/teddy.png\" \/>\n\t<meta property=\"og:image:width\" content=\"700\" \/>\n\t<meta property=\"og:image:height\" content=\"425\" \/>\n\t<meta property=\"og:image:type\" content=\"image\/png\" \/>\n<meta name=\"author\" content=\"apuntesdesanluis.com\" \/>\n<meta name=\"twitter:card\" content=\"summary_large_image\" \/>\n<meta name=\"twitter:label1\" content=\"Escrito por\" \/>\n\t<meta name=\"twitter:data1\" content=\"apuntesdesanluis.com\" \/>\n\t<meta name=\"twitter:label2\" content=\"Tiempo de lectura\" \/>\n\t<meta name=\"twitter:data2\" content=\"3 minutos\" \/>\n<script type=\"application\/ld+json\" class=\"yoast-schema-graph\">{\"@context\":\"https:\/\/schema.org\",\"@graph\":[{\"@type\":\"Article\",\"@id\":\"https:\/\/apuntesdesanluis.com\/index.php\/2024\/07\/17\/el-gobierno-echo-a-teddy-karagozian-del-consejo-de-asesores-economicos\/#article\",\"isPartOf\":{\"@id\":\"https:\/\/apuntesdesanluis.com\/index.php\/2024\/07\/17\/el-gobierno-echo-a-teddy-karagozian-del-consejo-de-asesores-economicos\/\"},\"author\":{\"name\":\"apuntesdesanluis.com\",\"@id\":\"https:\/\/apuntesdesanluis.com\/#\/schema\/person\/b55151d52296fcce64d1a72538a70b90\"},\"headline\":\"EL GOBIERNO ECH\u00d3 A TEDDY KARAGOZIAN DEL CONSEJO DE ASESORES ECON\u00d3MICOS\",\"datePublished\":\"2024-07-17T22:54:17+00:00\",\"dateModified\":\"2024-07-17T22:57:28+00:00\",\"mainEntityOfPage\":{\"@id\":\"https:\/\/apuntesdesanluis.com\/index.php\/2024\/07\/17\/el-gobierno-echo-a-teddy-karagozian-del-consejo-de-asesores-economicos\/\"},\"wordCount\":336,\"publisher\":{\"@id\":\"https:\/\/apuntesdesanluis.com\/#\/schema\/person\/b55151d52296fcce64d1a72538a70b90\"},\"image\":{\"@id\":\"https:\/\/apuntesdesanluis.com\/index.php\/2024\/07\/17\/el-gobierno-echo-a-teddy-karagozian-del-consejo-de-asesores-economicos\/#primaryimage\"},\"thumbnailUrl\":\"https:\/\/apuntesdesanluis.com\/wp-content\/uploads\/2024\/07\/teddy.png\",\"articleSection\":[\"Nacionales\/Internacionales\"],\"inLanguage\":\"es-AR\"},{\"@type\":\"WebPage\",\"@id\":\"https:\/\/apuntesdesanluis.com\/index.php\/2024\/07\/17\/el-gobierno-echo-a-teddy-karagozian-del-consejo-de-asesores-economicos\/\",\"url\":\"https:\/\/apuntesdesanluis.com\/index.php\/2024\/07\/17\/el-gobierno-echo-a-teddy-karagozian-del-consejo-de-asesores-economicos\/\",\"name\":\"EL GOBIERNO ECH\u00d3 A TEDDY KARAGOZIAN DEL CONSEJO DE ASESORES ECON\u00d3MICOS - Apuntes de San Luis\",\"isPartOf\":{\"@id\":\"https:\/\/apuntesdesanluis.com\/#website\"},\"primaryImageOfPage\":{\"@id\":\"https:\/\/apuntesdesanluis.com\/index.php\/2024\/07\/17\/el-gobierno-echo-a-teddy-karagozian-del-consejo-de-asesores-economicos\/#primaryimage\"},\"image\":{\"@id\":\"https:\/\/apuntesdesanluis.com\/index.php\/2024\/07\/17\/el-gobierno-echo-a-teddy-karagozian-del-consejo-de-asesores-economicos\/#primaryimage\"},\"thumbnailUrl\":\"https:\/\/apuntesdesanluis.com\/wp-content\/uploads\/2024\/07\/teddy.png\",\"datePublished\":\"2024-07-17T22:54:17+00:00\",\"dateModified\":\"2024-07-17T22:57:28+00:00\",\"breadcrumb\":{\"@id\":\"https:\/\/apuntesdesanluis.com\/index.php\/2024\/07\/17\/el-gobierno-echo-a-teddy-karagozian-del-consejo-de-asesores-economicos\/#breadcrumb\"},\"inLanguage\":\"es-AR\",\"potentialAction\":[{\"@type\":\"ReadAction\",\"target\":[\"https:\/\/apuntesdesanluis.com\/index.php\/2024\/07\/17\/el-gobierno-echo-a-teddy-karagozian-del-consejo-de-asesores-economicos\/\"]}]},{\"@type\":\"ImageObject\",\"inLanguage\":\"es-AR\",\"@id\":\"https:\/\/apuntesdesanluis.com\/index.php\/2024\/07\/17\/el-gobierno-echo-a-teddy-karagozian-del-consejo-de-asesores-economicos\/#primaryimage\",\"url\":\"https:\/\/apuntesdesanluis.com\/wp-content\/uploads\/2024\/07\/teddy.png\",\"contentUrl\":\"https:\/\/apuntesdesanluis.com\/wp-content\/uploads\/2024\/07\/teddy.png\",\"width\":700,\"height\":425},{\"@type\":\"BreadcrumbList\",\"@id\":\"https:\/\/apuntesdesanluis.com\/index.php\/2024\/07\/17\/el-gobierno-echo-a-teddy-karagozian-del-consejo-de-asesores-economicos\/#breadcrumb\",\"itemListElement\":[{\"@type\":\"ListItem\",\"position\":1,\"name\":\"Inicio\",\"item\":\"https:\/\/apuntesdesanluis.com\/\"},{\"@type\":\"ListItem\",\"position\":2,\"name\":\"EL GOBIERNO ECH\u00d3 A TEDDY KARAGOZIAN DEL CONSEJO DE ASESORES ECON\u00d3MICOS\"}]},{\"@type\":\"WebSite\",\"@id\":\"https:\/\/apuntesdesanluis.com\/#website\",\"url\":\"https:\/\/apuntesdesanluis.com\/\",\"name\":\"Apuntes de San Luis\",\"description\":\"\",\"publisher\":{\"@id\":\"https:\/\/apuntesdesanluis.com\/#\/schema\/person\/b55151d52296fcce64d1a72538a70b90\"},\"potentialAction\":[{\"@type\":\"SearchAction\",\"target\":{\"@type\":\"EntryPoint\",\"urlTemplate\":\"https:\/\/apuntesdesanluis.com\/?s={search_term_string}\"},\"query-input\":{\"@type\":\"PropertyValueSpecification\",\"valueRequired\":true,\"valueName\":\"search_term_string\"}}],\"inLanguage\":\"es-AR\"},{\"@type\":[\"Person\",\"Organization\"],\"@id\":\"https:\/\/apuntesdesanluis.com\/#\/schema\/person\/b55151d52296fcce64d1a72538a70b90\",\"name\":\"apuntesdesanluis.com\",\"image\":{\"@type\":\"ImageObject\",\"inLanguage\":\"es-AR\",\"@id\":\"https:\/\/apuntesdesanluis.com\/#\/schema\/person\/image\/\",\"url\":\"https:\/\/apuntesdesanluis.com\/wp-content\/uploads\/2023\/07\/cropped-apuntesdesanluis.png\",\"contentUrl\":\"https:\/\/apuntesdesanluis.com\/wp-content\/uploads\/2023\/07\/cropped-apuntesdesanluis.png\",\"width\":450,\"height\":112,\"caption\":\"apuntesdesanluis.com\"},\"logo\":{\"@id\":\"https:\/\/apuntesdesanluis.com\/#\/schema\/person\/image\/\"},\"sameAs\":[\"https:\/\/apuntesdesanluis.com\"],\"url\":\"https:\/\/apuntesdesanluis.com\/index.php\/author\/apuntesdesanluis-com\/\"}]}<\/script>\n<!-- \/ Yoast SEO plugin. -->","yoast_head_json":{"title":"EL GOBIERNO ECH\u00d3 A TEDDY KARAGOZIAN DEL CONSEJO DE ASESORES ECON\u00d3MICOS - Apuntes de San Luis","robots":{"index":"index","follow":"follow","max-snippet":"max-snippet:-1","max-image-preview":"max-image-preview:large","max-video-preview":"max-video-preview:-1"},"canonical":"https:\/\/apuntesdesanluis.com\/index.php\/2024\/07\/17\/el-gobierno-echo-a-teddy-karagozian-del-consejo-de-asesores-economicos\/","og_locale":"es_ES","og_type":"article","og_title":"EL GOBIERNO ECH\u00d3 A TEDDY KARAGOZIAN DEL CONSEJO DE ASESORES ECON\u00d3MICOS - Apuntes de San Luis","og_description":"El Gobierno ech\u00f3 al empresario textil Teddy Karagozian del Consejo de Asesores econ\u00f3micos que preside...","og_url":"https:\/\/apuntesdesanluis.com\/index.php\/2024\/07\/17\/el-gobierno-echo-a-teddy-karagozian-del-consejo-de-asesores-economicos\/","og_site_name":"Apuntes de San Luis","article_published_time":"2024-07-17T22:54:17+00:00","article_modified_time":"2024-07-17T22:57:28+00:00","og_image":[{"width":700,"height":425,"url":"https:\/\/apuntesdesanluis.com\/wp-content\/uploads\/2024\/07\/teddy.png","type":"image\/png"}],"author":"apuntesdesanluis.com","twitter_card":"summary_large_image","twitter_misc":{"Escrito por":"apuntesdesanluis.com","Tiempo de lectura":"3 minutos"},"schema":{"@context":"https:\/\/schema.org","@graph":[{"@type":"Article","@id":"https:\/\/apuntesdesanluis.com\/index.php\/2024\/07\/17\/el-gobierno-echo-a-teddy-karagozian-del-consejo-de-asesores-economicos\/#article","isPartOf":{"@id":"https:\/\/apuntesdesanluis.com\/index.php\/2024\/07\/17\/el-gobierno-echo-a-teddy-karagozian-del-consejo-de-asesores-economicos\/"},"author":{"name":"apuntesdesanluis.com","@id":"https:\/\/apuntesdesanluis.com\/#\/schema\/person\/b55151d52296fcce64d1a72538a70b90"},"headline":"EL GOBIERNO ECH\u00d3 A TEDDY KARAGOZIAN DEL CONSEJO DE ASESORES ECON\u00d3MICOS","datePublished":"2024-07-17T22:54:17+00:00","dateModified":"2024-07-17T22:57:28+00:00","mainEntityOfPage":{"@id":"https:\/\/apuntesdesanluis.com\/index.php\/2024\/07\/17\/el-gobierno-echo-a-teddy-karagozian-del-consejo-de-asesores-economicos\/"},"wordCount":336,"publisher":{"@id":"https:\/\/apuntesdesanluis.com\/#\/schema\/person\/b55151d52296fcce64d1a72538a70b90"},"image":{"@id":"https:\/\/apuntesdesanluis.com\/index.php\/2024\/07\/17\/el-gobierno-echo-a-teddy-karagozian-del-consejo-de-asesores-economicos\/#primaryimage"},"thumbnailUrl":"https:\/\/apuntesdesanluis.com\/wp-content\/uploads\/2024\/07\/teddy.png","articleSection":["Nacionales\/Internacionales"],"inLanguage":"es-AR"},{"@type":"WebPage","@id":"https:\/\/apuntesdesanluis.com\/index.php\/2024\/07\/17\/el-gobierno-echo-a-teddy-karagozian-del-consejo-de-asesores-economicos\/","url":"https:\/\/apuntesdesanluis.com\/index.php\/2024\/07\/17\/el-gobierno-echo-a-teddy-karagozian-del-consejo-de-asesores-economicos\/","name":"EL GOBIERNO ECH\u00d3 A TEDDY KARAGOZIAN DEL CONSEJO DE ASESORES ECON\u00d3MICOS - Apuntes de San Luis","isPartOf":{"@id":"https:\/\/apuntesdesanluis.com\/#website"},"primaryImageOfPage":{"@id":"https:\/\/apuntesdesanluis.com\/index.php\/2024\/07\/17\/el-gobierno-echo-a-teddy-karagozian-del-consejo-de-asesores-economicos\/#primaryimage"},"image":{"@id":"https:\/\/apuntesdesanluis.com\/index.php\/2024\/07\/17\/el-gobierno-echo-a-teddy-karagozian-del-consejo-de-asesores-economicos\/#primaryimage"},"thumbnailUrl":"https:\/\/apuntesdesanluis.com\/wp-content\/uploads\/2024\/07\/teddy.png","datePublished":"2024-07-17T22:54:17+00:00","dateModified":"2024-07-17T22:57:28+00:00","breadcrumb":{"@id":"https:\/\/apuntesdesanluis.com\/index.php\/2024\/07\/17\/el-gobierno-echo-a-teddy-karagozian-del-consejo-de-asesores-economicos\/#breadcrumb"},"inLanguage":"es-AR","potentialAction":[{"@type":"ReadAction","target":["https:\/\/apuntesdesanluis.com\/index.php\/2024\/07\/17\/el-gobierno-echo-a-teddy-karagozian-del-consejo-de-asesores-economicos\/"]}]},{"@type":"ImageObject","inLanguage":"es-AR","@id":"https:\/\/apuntesdesanluis.com\/index.php\/2024\/07\/17\/el-gobierno-echo-a-teddy-karagozian-del-consejo-de-asesores-economicos\/#primaryimage","url":"https:\/\/apuntesdesanluis.com\/wp-content\/uploads\/2024\/07\/teddy.png","contentUrl":"https:\/\/apuntesdesanluis.com\/wp-content\/uploads\/2024\/07\/teddy.png","width":700,"height":425},{"@type":"BreadcrumbList","@id":"https:\/\/apuntesdesanluis.com\/index.php\/2024\/07\/17\/el-gobierno-echo-a-teddy-karagozian-del-consejo-de-asesores-economicos\/#breadcrumb","itemListElement":[{"@type":"ListItem","position":1,"name":"Inicio","item":"https:\/\/apuntesdesanluis.com\/"},{"@type":"ListItem","position":2,"name":"EL GOBIERNO ECH\u00d3 A TEDDY KARAGOZIAN DEL CONSEJO DE ASESORES ECON\u00d3MICOS"}]},{"@type":"WebSite","@id":"https:\/\/apuntesdesanluis.com\/#website","url":"https:\/\/apuntesdesanluis.com\/","name":"Apuntes de San Luis","description":"","publisher":{"@id":"https:\/\/apuntesdesanluis.com\/#\/schema\/person\/b55151d52296fcce64d1a72538a70b90"},"potentialAction":[{"@type":"SearchAction","target":{"@type":"EntryPoint","urlTemplate":"https:\/\/apuntesdesanluis.com\/?s={search_term_string}"},"query-input":{"@type":"PropertyValueSpecification","valueRequired":true,"valueName":"search_term_string"}}],"inLanguage":"es-AR"},{"@type":["Person","Organization"],"@id":"https:\/\/apuntesdesanluis.com\/#\/schema\/person\/b55151d52296fcce64d1a72538a70b90","name":"apuntesdesanluis.com","image":{"@type":"ImageObject","inLanguage":"es-AR","@id":"https:\/\/apuntesdesanluis.com\/#\/schema\/person\/image\/","url":"https:\/\/apuntesdesanluis.com\/wp-content\/uploads\/2023\/07\/cropped-apuntesdesanluis.png","contentUrl":"https:\/\/apuntesdesanluis.com\/wp-content\/uploads\/2023\/07\/cropped-apuntesdesanluis.png","width":450,"height":112,"caption":"apuntesdesanluis.com"},"logo":{"@id":"https:\/\/apuntesdesanluis.com\/#\/schema\/person\/image\/"},"sameAs":["https:\/\/apuntesdesanluis.com"],"url":"https:\/\/apuntesdesanluis.com\/index.php\/author\/apuntesdesanluis-com\/"}]}},"featured_image_urls":{"full":["https:\/\/apuntesdesanluis.com\/wp-content\/uploads\/2024\/07\/teddy.png",700,425,false],"thumbnail":["https:\/\/apuntesdesanluis.com\/wp-content\/uploads\/2024\/07\/teddy-150x150.png",150,150,true],"medium":["https:\/\/apuntesdesanluis.com\/wp-content\/uploads\/2024\/07\/teddy-300x182.png",300,182,true],"medium_large":["https:\/\/apuntesdesanluis.com\/wp-content\/uploads\/2024\/07\/teddy.png",640,389,false],"large":["https:\/\/apuntesdesanluis.com\/wp-content\/uploads\/2024\/07\/teddy.png",640,389,false],"1536x1536":["https:\/\/apuntesdesanluis.com\/wp-content\/uploads\/2024\/07\/teddy.png",700,425,false],"2048x2048":["https:\/\/apuntesdesanluis.com\/wp-content\/uploads\/2024\/07\/teddy.png",700,425,false],"newsever-slider-full":["https:\/\/apuntesdesanluis.com\/wp-content\/uploads\/2024\/07\/teddy.png",700,425,false],"newsever-featured":["https:\/\/apuntesdesanluis.com\/wp-content\/uploads\/2024\/07\/teddy.png",700,425,false],"newsever-medium":["https:\/\/apuntesdesanluis.com\/wp-content\/uploads\/2024\/07\/teddy.png",700,425,false]},"author_info":{"display_name":"apuntesdesanluis.com","author_link":"https:\/\/apuntesdesanluis.com\/index.php\/author\/apuntesdesanluis-com\/"},"category_info":"<a href=\"https:\/\/apuntesdesanluis.com\/index.php\/category\/nacionales-internacionales\/\" rel=\"category tag\">Nacionales\/Internacionales<\/a>","tag_info":"Nacionales\/Internacionales","comment_count":"0","_links":{"self":[{"href":"https:\/\/apuntesdesanluis.com\/index.php\/wp-json\/wp\/v2\/posts\/19427","targetHints":{"allow":["GET"]}}],"collection":[{"href":"https:\/\/apuntesdesanluis.com\/index.php\/wp-json\/wp\/v2\/posts"}],"about":[{"href":"https:\/\/apuntesdesanluis.com\/index.php\/wp-json\/wp\/v2\/types\/post"}],"author":[{"embeddable":true,"href":"https:\/\/apuntesdesanluis.com\/index.php\/wp-json\/wp\/v2\/users\/1"}],"replies":[{"embeddable":true,"href":"https:\/\/apuntesdesanluis.com\/index.php\/wp-json\/wp\/v2\/comments?post=19427"}],"version-history":[{"count":3,"href":"https:\/\/apuntesdesanluis.com\/index.php\/wp-json\/wp\/v2\/posts\/19427\/revisions"}],"predecessor-version":[{"id":19434,"href":"https:\/\/apuntesdesanluis.com\/index.php\/wp-json\/wp\/v2\/posts\/19427\/revisions\/19434"}],"wp:featuredmedia":[{"embeddable":true,"href":"https:\/\/apuntesdesanluis.com\/index.php\/wp-json\/wp\/v2\/media\/19428"}],"wp:attachment":[{"href":"https:\/\/apuntesdesanluis.com\/index.php\/wp-json\/wp\/v2\/media?parent=19427"}],"wp:term":[{"taxonomy":"category","embeddable":true,"href":"https:\/\/apuntesdesanluis.com\/index.php\/wp-json\/wp\/v2\/categories?post=19427"},{"taxonomy":"post_tag","embeddable":true,"href":"https:\/\/apuntesdesanluis.com\/index.php\/wp-json\/wp\/v2\/tags?post=19427"}],"curies":[{"name":"wp","href":"https:\/\/api.w.org\/{rel}","templated":true}]}}