{"id":1943,"date":"2023-08-22T22:51:11","date_gmt":"2023-08-23T01:51:11","guid":{"rendered":"https:\/\/apuntesdesanluis.com\/?p=1943"},"modified":"2023-08-22T22:51:11","modified_gmt":"2023-08-23T01:51:11","slug":"tras-la-polemica-por-el-voto-electronico-las-elecciones-en-caba-se-haran-con-dos-boletas-de-papel","status":"publish","type":"post","link":"https:\/\/apuntesdesanluis.com\/index.php\/2023\/08\/22\/tras-la-polemica-por-el-voto-electronico-las-elecciones-en-caba-se-haran-con-dos-boletas-de-papel\/","title":{"rendered":"TRAS LA POL\u00c9MICA POR EL VOTO ELECTR\u00d3NICO, LAS ELECCIONES EN CABA SE HAR\u00c1N CON DOS BOLETAS DE PAPEL"},"content":{"rendered":"<h3 class=\"yiv7409174924ydp6329976emsonormal\" style=\"text-align: justify; background: white;\"><span style=\"font-family: 'Arial','sans-serif'; color: #1d2228;\">La boleta electr\u00f3nica no se utilizar\u00e1 en las elecciones generales que se realizar\u00e1n el pr\u00f3ximo domingo 22 de octubre en la ciudad de Buenos Aires. Ante la pol\u00e9mica suscitada por las demoras que gener\u00f3 la utilizaci\u00f3n del nuevo sistema y las cr\u00edticas de la jueza con competencia electoral Mar\u00eda Servini, el Gobierno porte\u00f1o decidi\u00f3 utilizar boletas tradicionales de papel.<\/span><\/h3>\n<h3 class=\"yiv7409174924ydp6329976emsonormal\" style=\"text-align: justify; background: white;\"><span style=\"font-family: 'Arial','sans-serif'; color: #1d2228;\">Seg\u00fan se explic\u00f3, las elecciones ser\u00e1n simult\u00e1neas pero ya no concurrentes. Es decir se votar\u00e1n cargos nacionales y locales el mismo d\u00eda y con el mismo sistema electoral.<\/span><\/h3>\n<h3 class=\"yiv7409174924ydp6329976emsonormal\" style=\"text-align: justify; background: white;\"><span style=\"font-family: 'Arial','sans-serif'; color: #1d2228;\">Al no ser concurrentes (mismo d\u00eda pero diferentes sistemas) los comicios se regir\u00e1n por el C\u00f3digo Nacional Electoral, por lo que no resulta obligatoria la utilizaci\u00f3n de la Boleta \u00danica de Papel, como establece la normativa porte\u00f1a.<\/span><\/h3>\n<h3 class=\"yiv7409174924ydp6329976emsonormal\" style=\"text-align: justify; background: white;\"><span style=\"font-family: 'Arial','sans-serif'; color: #1d2228;\">Si bien ya est\u00e1 definido que se utilizar\u00e1n dos boletas de papel separadas -una para Presidente y otra para Jefe de Gobierno- por estas horas todav\u00eda faltaba definir si los votos ser\u00edan depositados en dos urnas diferentes o en una sola.<\/span><\/h3>\n<h3 class=\"yiv7409174924ydp6329976emsonormal\" style=\"text-align: justify; background: white;\"><span style=\"font-family: 'Arial','sans-serif'; color: #1d2228;\">La semana pasada, el gobierno porte\u00f1o hab\u00eda anunciado que estaba trabajando junto con la Justicia Electoral en el dise\u00f1o de un nuevo sistema ante las dificultades que gener\u00f3 la votaci\u00f3n concurrente con boleta electr\u00f3nica.<\/span><\/h3>\n<h3 class=\"yiv7409174924ydp6329976emsonormal\" style=\"text-align: justify; background: white;\"><span style=\"font-family: 'Arial','sans-serif'; color: #1d2228;\">Previamente, la jueza electoral nacional, Mar\u00eda Servini, hab\u00eda dejado sin efecto el acuerdo con las autoridades de la ciudad de Buenos Aires para el uso de la urna electr\u00f3nica para las pr\u00f3ximas elecciones y sostuvo que desde el Ejecutivo porte\u00f1o, a cargo de Horacio Rodr\u00edguez Larreta, deb\u00edan \u201creconsiderar su ingenier\u00eda electoral, dejando de lado las cuestiones pol\u00edticas, y dise\u00f1ando un sistema pensado en facilitar a las personas el ejercicio del derecho al sufragio y as\u00ed conseguir\u00e1n, seguramente, una opci\u00f3n que funcione\u201d.<\/span><\/h3>\n<h3 class=\"yiv7409174924ydp6329976emsonormal\" style=\"text-align: justify; background: white;\"><span style=\"font-family: 'Arial','sans-serif'; color: #1d2228;\">El domingo de las PASO, la jornada electoral comenz\u00f3 con una presentaci\u00f3n de la jueza Servini alertando sobre los problemas que desde el s\u00e1bado a la noche se hab\u00edan presentado en los colegios: falta de urnas electr\u00f3nicas, otras con problemas de uso y algunas que no ten\u00edan sus kits.<\/span><\/h3>\n<h3 class=\"yiv7409174924ydp6329976emsonormal\" style=\"text-align: justify; background: white;\"><span style=\"font-family: 'Arial','sans-serif'; color: #1d2228;\">\u201cResulta preocupante el grado de improvisaci\u00f3n con el que se han manejado tanto la empresa contratada para la provisi\u00f3n e instalaci\u00f3n de las m\u00e1quinas de votaci\u00f3n, como el propio Instituto de Gesti\u00f3n Electoral de la Ciudad de Buenos Aires, evidenciando una impericia nunca antes vista en la organizaci\u00f3n y ejecuci\u00f3n de un proceso electoral\u201d, critic\u00f3 la jueza, que tambi\u00e9n hab\u00eda emitido una resoluci\u00f3n en la que se\u00f1al\u00f3 que si se presentaban problemas con la urna electr\u00f3nica eso no frenaba la votaci\u00f3n nacional con la tradicional boleta de papel.<\/span><\/h3>\n<h3 class=\"yiv7409174924ydp6329976emsonormal\" style=\"text-align: justify; background: white;\"><span style=\"font-family: 'Arial','sans-serif'; color: #1d2228;\">Ese d\u00eda, cerca del cierre de votaci\u00f3n, Servini dispuso que en siete colegios de la ciudad el horario de votaci\u00f3n se extienda hasta las 19.30 horas. Fueron en los que se relev\u00f3 que hubo mayores problemas con las urnas electr\u00f3nicas.<\/span><\/h3>\n","protected":false},"excerpt":{"rendered":"<p>La boleta electr\u00f3nica no se utilizar\u00e1 en las elecciones generales que se realizar\u00e1n el pr\u00f3ximo&#8230;<\/p>\n","protected":false},"author":1,"featured_media":1944,"comment_status":"closed","ping_status":"closed","sticky":false,"template":"","format":"standard","meta":{"footnotes":""},"categories":[5],"tags":[],"class_list":["post-1943","post","type-post","status-publish","format-standard","has-post-thumbnail","hentry","category-nacionales-internacionales"],"yoast_head":"<!-- This site is optimized with the Yoast SEO plugin v26.1.1 - https:\/\/yoast.com\/wordpress\/plugins\/seo\/ -->\n<title>TRAS LA POL\u00c9MICA POR EL VOTO ELECTR\u00d3NICO, LAS ELECCIONES EN CABA SE HAR\u00c1N CON DOS BOLETAS DE PAPEL - Apuntes de San Luis<\/title>\n<meta name=\"robots\" content=\"index, follow, max-snippet:-1, max-image-preview:large, max-video-preview:-1\" \/>\n<link rel=\"canonical\" href=\"https:\/\/apuntesdesanluis.com\/index.php\/2023\/08\/22\/tras-la-polemica-por-el-voto-electronico-las-elecciones-en-caba-se-haran-con-dos-boletas-de-papel\/\" \/>\n<meta property=\"og:locale\" content=\"es_ES\" \/>\n<meta property=\"og:type\" content=\"article\" \/>\n<meta property=\"og:title\" content=\"TRAS LA POL\u00c9MICA POR EL VOTO ELECTR\u00d3NICO, LAS ELECCIONES EN CABA SE HAR\u00c1N CON DOS BOLETAS DE PAPEL - Apuntes de San Luis\" \/>\n<meta property=\"og:description\" content=\"La boleta electr\u00f3nica no se utilizar\u00e1 en las elecciones generales que se realizar\u00e1n el pr\u00f3ximo...\" \/>\n<meta property=\"og:url\" content=\"https:\/\/apuntesdesanluis.com\/index.php\/2023\/08\/22\/tras-la-polemica-por-el-voto-electronico-las-elecciones-en-caba-se-haran-con-dos-boletas-de-papel\/\" \/>\n<meta property=\"og:site_name\" content=\"Apuntes de San Luis\" \/>\n<meta property=\"article:published_time\" content=\"2023-08-23T01:51:11+00:00\" \/>\n<meta property=\"og:image\" content=\"https:\/\/apuntesdesanluis.com\/wp-content\/uploads\/2023\/08\/boleta-electronica-1.png\" \/>\n\t<meta property=\"og:image:width\" content=\"700\" \/>\n\t<meta property=\"og:image:height\" content=\"387\" \/>\n\t<meta property=\"og:image:type\" content=\"image\/png\" \/>\n<meta name=\"author\" content=\"apuntesdesanluis.com\" \/>\n<meta name=\"twitter:card\" content=\"summary_large_image\" \/>\n<meta name=\"twitter:label1\" content=\"Escrito por\" \/>\n\t<meta name=\"twitter:data1\" content=\"apuntesdesanluis.com\" \/>\n\t<meta name=\"twitter:label2\" content=\"Tiempo de lectura\" \/>\n\t<meta name=\"twitter:data2\" content=\"3 minutos\" \/>\n<script type=\"application\/ld+json\" class=\"yoast-schema-graph\">{\"@context\":\"https:\/\/schema.org\",\"@graph\":[{\"@type\":\"Article\",\"@id\":\"https:\/\/apuntesdesanluis.com\/index.php\/2023\/08\/22\/tras-la-polemica-por-el-voto-electronico-las-elecciones-en-caba-se-haran-con-dos-boletas-de-papel\/#article\",\"isPartOf\":{\"@id\":\"https:\/\/apuntesdesanluis.com\/index.php\/2023\/08\/22\/tras-la-polemica-por-el-voto-electronico-las-elecciones-en-caba-se-haran-con-dos-boletas-de-papel\/\"},\"author\":{\"name\":\"apuntesdesanluis.com\",\"@id\":\"https:\/\/apuntesdesanluis.com\/#\/schema\/person\/b55151d52296fcce64d1a72538a70b90\"},\"headline\":\"TRAS LA POL\u00c9MICA POR EL VOTO ELECTR\u00d3NICO, LAS ELECCIONES EN CABA SE HAR\u00c1N CON DOS BOLETAS DE PAPEL\",\"datePublished\":\"2023-08-23T01:51:11+00:00\",\"mainEntityOfPage\":{\"@id\":\"https:\/\/apuntesdesanluis.com\/index.php\/2023\/08\/22\/tras-la-polemica-por-el-voto-electronico-las-elecciones-en-caba-se-haran-con-dos-boletas-de-papel\/\"},\"wordCount\":537,\"publisher\":{\"@id\":\"https:\/\/apuntesdesanluis.com\/#\/schema\/person\/b55151d52296fcce64d1a72538a70b90\"},\"image\":{\"@id\":\"https:\/\/apuntesdesanluis.com\/index.php\/2023\/08\/22\/tras-la-polemica-por-el-voto-electronico-las-elecciones-en-caba-se-haran-con-dos-boletas-de-papel\/#primaryimage\"},\"thumbnailUrl\":\"https:\/\/apuntesdesanluis.com\/wp-content\/uploads\/2023\/08\/boleta-electronica-1.png\",\"articleSection\":[\"Nacionales\/Internacionales\"],\"inLanguage\":\"es-AR\"},{\"@type\":\"WebPage\",\"@id\":\"https:\/\/apuntesdesanluis.com\/index.php\/2023\/08\/22\/tras-la-polemica-por-el-voto-electronico-las-elecciones-en-caba-se-haran-con-dos-boletas-de-papel\/\",\"url\":\"https:\/\/apuntesdesanluis.com\/index.php\/2023\/08\/22\/tras-la-polemica-por-el-voto-electronico-las-elecciones-en-caba-se-haran-con-dos-boletas-de-papel\/\",\"name\":\"TRAS LA POL\u00c9MICA POR EL VOTO ELECTR\u00d3NICO, LAS ELECCIONES EN CABA SE HAR\u00c1N CON DOS BOLETAS DE PAPEL - Apuntes de San Luis\",\"isPartOf\":{\"@id\":\"https:\/\/apuntesdesanluis.com\/#website\"},\"primaryImageOfPage\":{\"@id\":\"https:\/\/apuntesdesanluis.com\/index.php\/2023\/08\/22\/tras-la-polemica-por-el-voto-electronico-las-elecciones-en-caba-se-haran-con-dos-boletas-de-papel\/#primaryimage\"},\"image\":{\"@id\":\"https:\/\/apuntesdesanluis.com\/index.php\/2023\/08\/22\/tras-la-polemica-por-el-voto-electronico-las-elecciones-en-caba-se-haran-con-dos-boletas-de-papel\/#primaryimage\"},\"thumbnailUrl\":\"https:\/\/apuntesdesanluis.com\/wp-content\/uploads\/2023\/08\/boleta-electronica-1.png\",\"datePublished\":\"2023-08-23T01:51:11+00:00\",\"breadcrumb\":{\"@id\":\"https:\/\/apuntesdesanluis.com\/index.php\/2023\/08\/22\/tras-la-polemica-por-el-voto-electronico-las-elecciones-en-caba-se-haran-con-dos-boletas-de-papel\/#breadcrumb\"},\"inLanguage\":\"es-AR\",\"potentialAction\":[{\"@type\":\"ReadAction\",\"target\":[\"https:\/\/apuntesdesanluis.com\/index.php\/2023\/08\/22\/tras-la-polemica-por-el-voto-electronico-las-elecciones-en-caba-se-haran-con-dos-boletas-de-papel\/\"]}]},{\"@type\":\"ImageObject\",\"inLanguage\":\"es-AR\",\"@id\":\"https:\/\/apuntesdesanluis.com\/index.php\/2023\/08\/22\/tras-la-polemica-por-el-voto-electronico-las-elecciones-en-caba-se-haran-con-dos-boletas-de-papel\/#primaryimage\",\"url\":\"https:\/\/apuntesdesanluis.com\/wp-content\/uploads\/2023\/08\/boleta-electronica-1.png\",\"contentUrl\":\"https:\/\/apuntesdesanluis.com\/wp-content\/uploads\/2023\/08\/boleta-electronica-1.png\",\"width\":700,\"height\":387},{\"@type\":\"BreadcrumbList\",\"@id\":\"https:\/\/apuntesdesanluis.com\/index.php\/2023\/08\/22\/tras-la-polemica-por-el-voto-electronico-las-elecciones-en-caba-se-haran-con-dos-boletas-de-papel\/#breadcrumb\",\"itemListElement\":[{\"@type\":\"ListItem\",\"position\":1,\"name\":\"Inicio\",\"item\":\"https:\/\/apuntesdesanluis.com\/\"},{\"@type\":\"ListItem\",\"position\":2,\"name\":\"TRAS LA POL\u00c9MICA POR EL VOTO ELECTR\u00d3NICO, LAS ELECCIONES EN CABA SE HAR\u00c1N CON DOS BOLETAS DE PAPEL\"}]},{\"@type\":\"WebSite\",\"@id\":\"https:\/\/apuntesdesanluis.com\/#website\",\"url\":\"https:\/\/apuntesdesanluis.com\/\",\"name\":\"Apuntes de San Luis\",\"description\":\"\",\"publisher\":{\"@id\":\"https:\/\/apuntesdesanluis.com\/#\/schema\/person\/b55151d52296fcce64d1a72538a70b90\"},\"potentialAction\":[{\"@type\":\"SearchAction\",\"target\":{\"@type\":\"EntryPoint\",\"urlTemplate\":\"https:\/\/apuntesdesanluis.com\/?s={search_term_string}\"},\"query-input\":{\"@type\":\"PropertyValueSpecification\",\"valueRequired\":true,\"valueName\":\"search_term_string\"}}],\"inLanguage\":\"es-AR\"},{\"@type\":[\"Person\",\"Organization\"],\"@id\":\"https:\/\/apuntesdesanluis.com\/#\/schema\/person\/b55151d52296fcce64d1a72538a70b90\",\"name\":\"apuntesdesanluis.com\",\"image\":{\"@type\":\"ImageObject\",\"inLanguage\":\"es-AR\",\"@id\":\"https:\/\/apuntesdesanluis.com\/#\/schema\/person\/image\/\",\"url\":\"https:\/\/apuntesdesanluis.com\/wp-content\/uploads\/2023\/07\/cropped-apuntesdesanluis.png\",\"contentUrl\":\"https:\/\/apuntesdesanluis.com\/wp-content\/uploads\/2023\/07\/cropped-apuntesdesanluis.png\",\"width\":450,\"height\":112,\"caption\":\"apuntesdesanluis.com\"},\"logo\":{\"@id\":\"https:\/\/apuntesdesanluis.com\/#\/schema\/person\/image\/\"},\"sameAs\":[\"https:\/\/apuntesdesanluis.com\"],\"url\":\"https:\/\/apuntesdesanluis.com\/index.php\/author\/apuntesdesanluis-com\/\"}]}<\/script>\n<!-- \/ Yoast SEO plugin. -->","yoast_head_json":{"title":"TRAS LA POL\u00c9MICA POR EL VOTO ELECTR\u00d3NICO, LAS ELECCIONES EN CABA SE HAR\u00c1N CON DOS BOLETAS DE PAPEL - Apuntes de San Luis","robots":{"index":"index","follow":"follow","max-snippet":"max-snippet:-1","max-image-preview":"max-image-preview:large","max-video-preview":"max-video-preview:-1"},"canonical":"https:\/\/apuntesdesanluis.com\/index.php\/2023\/08\/22\/tras-la-polemica-por-el-voto-electronico-las-elecciones-en-caba-se-haran-con-dos-boletas-de-papel\/","og_locale":"es_ES","og_type":"article","og_title":"TRAS LA POL\u00c9MICA POR EL VOTO ELECTR\u00d3NICO, LAS ELECCIONES EN CABA SE HAR\u00c1N CON DOS BOLETAS DE PAPEL - Apuntes de San Luis","og_description":"La boleta electr\u00f3nica no se utilizar\u00e1 en las elecciones generales que se realizar\u00e1n el pr\u00f3ximo...","og_url":"https:\/\/apuntesdesanluis.com\/index.php\/2023\/08\/22\/tras-la-polemica-por-el-voto-electronico-las-elecciones-en-caba-se-haran-con-dos-boletas-de-papel\/","og_site_name":"Apuntes de San Luis","article_published_time":"2023-08-23T01:51:11+00:00","og_image":[{"width":700,"height":387,"url":"https:\/\/apuntesdesanluis.com\/wp-content\/uploads\/2023\/08\/boleta-electronica-1.png","type":"image\/png"}],"author":"apuntesdesanluis.com","twitter_card":"summary_large_image","twitter_misc":{"Escrito por":"apuntesdesanluis.com","Tiempo de lectura":"3 minutos"},"schema":{"@context":"https:\/\/schema.org","@graph":[{"@type":"Article","@id":"https:\/\/apuntesdesanluis.com\/index.php\/2023\/08\/22\/tras-la-polemica-por-el-voto-electronico-las-elecciones-en-caba-se-haran-con-dos-boletas-de-papel\/#article","isPartOf":{"@id":"https:\/\/apuntesdesanluis.com\/index.php\/2023\/08\/22\/tras-la-polemica-por-el-voto-electronico-las-elecciones-en-caba-se-haran-con-dos-boletas-de-papel\/"},"author":{"name":"apuntesdesanluis.com","@id":"https:\/\/apuntesdesanluis.com\/#\/schema\/person\/b55151d52296fcce64d1a72538a70b90"},"headline":"TRAS LA POL\u00c9MICA POR EL VOTO ELECTR\u00d3NICO, LAS ELECCIONES EN CABA SE HAR\u00c1N CON DOS BOLETAS DE PAPEL","datePublished":"2023-08-23T01:51:11+00:00","mainEntityOfPage":{"@id":"https:\/\/apuntesdesanluis.com\/index.php\/2023\/08\/22\/tras-la-polemica-por-el-voto-electronico-las-elecciones-en-caba-se-haran-con-dos-boletas-de-papel\/"},"wordCount":537,"publisher":{"@id":"https:\/\/apuntesdesanluis.com\/#\/schema\/person\/b55151d52296fcce64d1a72538a70b90"},"image":{"@id":"https:\/\/apuntesdesanluis.com\/index.php\/2023\/08\/22\/tras-la-polemica-por-el-voto-electronico-las-elecciones-en-caba-se-haran-con-dos-boletas-de-papel\/#primaryimage"},"thumbnailUrl":"https:\/\/apuntesdesanluis.com\/wp-content\/uploads\/2023\/08\/boleta-electronica-1.png","articleSection":["Nacionales\/Internacionales"],"inLanguage":"es-AR"},{"@type":"WebPage","@id":"https:\/\/apuntesdesanluis.com\/index.php\/2023\/08\/22\/tras-la-polemica-por-el-voto-electronico-las-elecciones-en-caba-se-haran-con-dos-boletas-de-papel\/","url":"https:\/\/apuntesdesanluis.com\/index.php\/2023\/08\/22\/tras-la-polemica-por-el-voto-electronico-las-elecciones-en-caba-se-haran-con-dos-boletas-de-papel\/","name":"TRAS LA POL\u00c9MICA POR EL VOTO ELECTR\u00d3NICO, LAS ELECCIONES EN CABA SE HAR\u00c1N CON DOS BOLETAS DE PAPEL - Apuntes de San Luis","isPartOf":{"@id":"https:\/\/apuntesdesanluis.com\/#website"},"primaryImageOfPage":{"@id":"https:\/\/apuntesdesanluis.com\/index.php\/2023\/08\/22\/tras-la-polemica-por-el-voto-electronico-las-elecciones-en-caba-se-haran-con-dos-boletas-de-papel\/#primaryimage"},"image":{"@id":"https:\/\/apuntesdesanluis.com\/index.php\/2023\/08\/22\/tras-la-polemica-por-el-voto-electronico-las-elecciones-en-caba-se-haran-con-dos-boletas-de-papel\/#primaryimage"},"thumbnailUrl":"https:\/\/apuntesdesanluis.com\/wp-content\/uploads\/2023\/08\/boleta-electronica-1.png","datePublished":"2023-08-23T01:51:11+00:00","breadcrumb":{"@id":"https:\/\/apuntesdesanluis.com\/index.php\/2023\/08\/22\/tras-la-polemica-por-el-voto-electronico-las-elecciones-en-caba-se-haran-con-dos-boletas-de-papel\/#breadcrumb"},"inLanguage":"es-AR","potentialAction":[{"@type":"ReadAction","target":["https:\/\/apuntesdesanluis.com\/index.php\/2023\/08\/22\/tras-la-polemica-por-el-voto-electronico-las-elecciones-en-caba-se-haran-con-dos-boletas-de-papel\/"]}]},{"@type":"ImageObject","inLanguage":"es-AR","@id":"https:\/\/apuntesdesanluis.com\/index.php\/2023\/08\/22\/tras-la-polemica-por-el-voto-electronico-las-elecciones-en-caba-se-haran-con-dos-boletas-de-papel\/#primaryimage","url":"https:\/\/apuntesdesanluis.com\/wp-content\/uploads\/2023\/08\/boleta-electronica-1.png","contentUrl":"https:\/\/apuntesdesanluis.com\/wp-content\/uploads\/2023\/08\/boleta-electronica-1.png","width":700,"height":387},{"@type":"BreadcrumbList","@id":"https:\/\/apuntesdesanluis.com\/index.php\/2023\/08\/22\/tras-la-polemica-por-el-voto-electronico-las-elecciones-en-caba-se-haran-con-dos-boletas-de-papel\/#breadcrumb","itemListElement":[{"@type":"ListItem","position":1,"name":"Inicio","item":"https:\/\/apuntesdesanluis.com\/"},{"@type":"ListItem","position":2,"name":"TRAS LA POL\u00c9MICA POR EL VOTO ELECTR\u00d3NICO, LAS ELECCIONES EN CABA SE HAR\u00c1N CON DOS BOLETAS DE PAPEL"}]},{"@type":"WebSite","@id":"https:\/\/apuntesdesanluis.com\/#website","url":"https:\/\/apuntesdesanluis.com\/","name":"Apuntes de San Luis","description":"","publisher":{"@id":"https:\/\/apuntesdesanluis.com\/#\/schema\/person\/b55151d52296fcce64d1a72538a70b90"},"potentialAction":[{"@type":"SearchAction","target":{"@type":"EntryPoint","urlTemplate":"https:\/\/apuntesdesanluis.com\/?s={search_term_string}"},"query-input":{"@type":"PropertyValueSpecification","valueRequired":true,"valueName":"search_term_string"}}],"inLanguage":"es-AR"},{"@type":["Person","Organization"],"@id":"https:\/\/apuntesdesanluis.com\/#\/schema\/person\/b55151d52296fcce64d1a72538a70b90","name":"apuntesdesanluis.com","image":{"@type":"ImageObject","inLanguage":"es-AR","@id":"https:\/\/apuntesdesanluis.com\/#\/schema\/person\/image\/","url":"https:\/\/apuntesdesanluis.com\/wp-content\/uploads\/2023\/07\/cropped-apuntesdesanluis.png","contentUrl":"https:\/\/apuntesdesanluis.com\/wp-content\/uploads\/2023\/07\/cropped-apuntesdesanluis.png","width":450,"height":112,"caption":"apuntesdesanluis.com"},"logo":{"@id":"https:\/\/apuntesdesanluis.com\/#\/schema\/person\/image\/"},"sameAs":["https:\/\/apuntesdesanluis.com"],"url":"https:\/\/apuntesdesanluis.com\/index.php\/author\/apuntesdesanluis-com\/"}]}},"featured_image_urls":{"full":["https:\/\/apuntesdesanluis.com\/wp-content\/uploads\/2023\/08\/boleta-electronica-1.png",700,387,false],"thumbnail":["https:\/\/apuntesdesanluis.com\/wp-content\/uploads\/2023\/08\/boleta-electronica-1-150x150.png",150,150,true],"medium":["https:\/\/apuntesdesanluis.com\/wp-content\/uploads\/2023\/08\/boleta-electronica-1-300x166.png",300,166,true],"medium_large":["https:\/\/apuntesdesanluis.com\/wp-content\/uploads\/2023\/08\/boleta-electronica-1.png",640,354,false],"large":["https:\/\/apuntesdesanluis.com\/wp-content\/uploads\/2023\/08\/boleta-electronica-1.png",640,354,false],"1536x1536":["https:\/\/apuntesdesanluis.com\/wp-content\/uploads\/2023\/08\/boleta-electronica-1.png",700,387,false],"2048x2048":["https:\/\/apuntesdesanluis.com\/wp-content\/uploads\/2023\/08\/boleta-electronica-1.png",700,387,false],"newsever-slider-full":["https:\/\/apuntesdesanluis.com\/wp-content\/uploads\/2023\/08\/boleta-electronica-1.png",700,387,false],"newsever-featured":["https:\/\/apuntesdesanluis.com\/wp-content\/uploads\/2023\/08\/boleta-electronica-1.png",700,387,false],"newsever-medium":["https:\/\/apuntesdesanluis.com\/wp-content\/uploads\/2023\/08\/boleta-electronica-1.png",700,387,false]},"author_info":{"display_name":"apuntesdesanluis.com","author_link":"https:\/\/apuntesdesanluis.com\/index.php\/author\/apuntesdesanluis-com\/"},"category_info":"<a href=\"https:\/\/apuntesdesanluis.com\/index.php\/category\/nacionales-internacionales\/\" rel=\"category tag\">Nacionales\/Internacionales<\/a>","tag_info":"Nacionales\/Internacionales","comment_count":"0","_links":{"self":[{"href":"https:\/\/apuntesdesanluis.com\/index.php\/wp-json\/wp\/v2\/posts\/1943","targetHints":{"allow":["GET"]}}],"collection":[{"href":"https:\/\/apuntesdesanluis.com\/index.php\/wp-json\/wp\/v2\/posts"}],"about":[{"href":"https:\/\/apuntesdesanluis.com\/index.php\/wp-json\/wp\/v2\/types\/post"}],"author":[{"embeddable":true,"href":"https:\/\/apuntesdesanluis.com\/index.php\/wp-json\/wp\/v2\/users\/1"}],"replies":[{"embeddable":true,"href":"https:\/\/apuntesdesanluis.com\/index.php\/wp-json\/wp\/v2\/comments?post=1943"}],"version-history":[{"count":1,"href":"https:\/\/apuntesdesanluis.com\/index.php\/wp-json\/wp\/v2\/posts\/1943\/revisions"}],"predecessor-version":[{"id":1945,"href":"https:\/\/apuntesdesanluis.com\/index.php\/wp-json\/wp\/v2\/posts\/1943\/revisions\/1945"}],"wp:featuredmedia":[{"embeddable":true,"href":"https:\/\/apuntesdesanluis.com\/index.php\/wp-json\/wp\/v2\/media\/1944"}],"wp:attachment":[{"href":"https:\/\/apuntesdesanluis.com\/index.php\/wp-json\/wp\/v2\/media?parent=1943"}],"wp:term":[{"taxonomy":"category","embeddable":true,"href":"https:\/\/apuntesdesanluis.com\/index.php\/wp-json\/wp\/v2\/categories?post=1943"},{"taxonomy":"post_tag","embeddable":true,"href":"https:\/\/apuntesdesanluis.com\/index.php\/wp-json\/wp\/v2\/tags?post=1943"}],"curies":[{"name":"wp","href":"https:\/\/api.w.org\/{rel}","templated":true}]}}