{"id":19435,"date":"2024-07-17T20:21:01","date_gmt":"2024-07-17T23:21:01","guid":{"rendered":"https:\/\/apuntesdesanluis.com\/?p=19435"},"modified":"2024-07-17T20:21:01","modified_gmt":"2024-07-17T23:21:01","slug":"el-subsecretario-de-deportes-tambien-en-la-cuerda-floja-tras-sus-dichos-sobre-messi","status":"publish","type":"post","link":"https:\/\/apuntesdesanluis.com\/index.php\/2024\/07\/17\/el-subsecretario-de-deportes-tambien-en-la-cuerda-floja-tras-sus-dichos-sobre-messi\/","title":{"rendered":"EL SUBSECRETARIO DE DEPORTES, TAMBI\u00c9N EN LA CUERDA FLOJA TRAS SUS DICHOS SOBRE MESSI"},"content":{"rendered":"<h3><strong>Julio Garro<\/strong> hab\u00eda dicho que el jugador argentino deb\u00eda pedir disculpas por el video de los jugadores de la Selecci\u00f3n contra los franceses. Luego public\u00f3 un tuit en el que se contradijo, pero la grabaci\u00f3n ya se hab\u00eda viralizado.<\/h3>\n<h3>\u201cCreo que el capit\u00e1n de la Selecci\u00f3n (en referencia a Lionel Messi) debe salir a pedir las disculpas de ese caso, lo mismo que el presidente de la AFA. Creo que corresponde y coincido con vos, es algo que nos deja como pa\u00eds mal parados con tanta gloria y ser\u00eda bueno llevar esto a algo ejemplificativo\u201d, hab\u00eda expresado Garro esta ma\u00f1ana bien temprano en una entrevista telef\u00f3nica con radio Urbana Play, en el programa que conduce la periodista Mar\u00eda O\u00b4Donnell.<\/h3>\n<p><iframe title=\"&quot;Creo que Messi tiene que pedir disculpas&quot;: Julio Garro sobre cantos racistas y SAD #DeAc\u00e1EnM\u00e1s\" width=\"640\" height=\"360\" src=\"https:\/\/www.youtube.com\/embed\/QGO-G5GWXfM?feature=oembed\" frameborder=\"0\" allow=\"accelerometer; autoplay; clipboard-write; encrypted-media; gyroscope; picture-in-picture; web-share\" referrerpolicy=\"strict-origin-when-cross-origin\" allowfullscreen><\/iframe><\/p>\n<h3>\u00bfSeguir\u00e1 Julio Garro como subsecretario de Deportes de la Naci\u00f3n? Su futuro parece atado con hilos a ese cargo luego del retuit del presidente <strong>Javier Milei<\/strong> a una publicaci\u00f3n en la red social X.<\/h3>\n<h3>El Presidente respondi\u00f3 as\u00ed a un posteo del militante libertario @elpittttt. \u201cTodos sabemos lo que el javo ama y banca a Messi incluso desde que era totalmente criticado\u2026 Decir que Messi tiene que PEDIR DISCULPAS a unos europeos colonizadores por una canci\u00f3n que encima dice la verdad, es ir TOTALMENTE EN CONTRA de la ideolog\u00eda del javo. GARRO TIENE QUE ESTAR AFUERA YA MISMO\u201d, dice en may\u00fasculas acompa\u00f1ado de un video en el que un viejo programa de televisi\u00f3n el jefe de Estado elogiaba a Messi.<\/h3>\n<p><img fetchpriority=\"high\" decoding=\"async\" class=\"wp-image-19437 aligncenter\" src=\"https:\/\/apuntesdesanluis.com\/wp-content\/uploads\/2024\/07\/reporteo-de-milei-300x160.png\" alt=\"\" width=\"608\" height=\"324\" srcset=\"https:\/\/apuntesdesanluis.com\/wp-content\/uploads\/2024\/07\/reporteo-de-milei-300x160.png 300w, https:\/\/apuntesdesanluis.com\/wp-content\/uploads\/2024\/07\/reporteo-de-milei.png 600w\" sizes=\"(max-width: 608px) 100vw, 608px\" \/><\/p>\n<h3>Garro hab\u00eda respondido a una consulta sobre la pol\u00e9mica que se instal\u00f3 en el mundo del f\u00fatbol despu\u00e9s de la difusi\u00f3n de un video de los integrantes del seleccionado argentino que subi\u00f3 el volante Enzo Fern\u00e1ndez en el que se entonaban canciones racistas contra los jugadores de la selecci\u00f3n francesa, especialmente hacia su gran estrella, Kylian Mbapp\u00e9, luego de la conquista de la Copa Am\u00e9rica ante Colombia, en Miami.<\/h3>\n<h3>La desafortunada frase del segundo de Daniel Scioli en la secretar\u00eda de Turismo, Ambiente y Deporte provoc\u00f3 mucho enojo en la Casa Rosada y si bien algunos interlocutores intentaban relativizarla, otros indicaban que podr\u00edan pedirle su alejamiento del cargo ya en horas del mediod\u00eda.<\/h3>\n<h3>Por eso Garro, integrante del PRO y ex intendente de la ciudad de La Plata entre 2015 y 2023, se arrepinti\u00f3 a las pocas horas de lo que hab\u00eda dicho, mediante una publicaci\u00f3n en su cuenta de X. \u201cDesmiento categ\u00f3ricamente que haya solicitado a Messi que pida disculpas. Ser\u00eda una falta de respeto a quien nos honra permanentemente con su calidad humana y deportiva\u201d, escribi\u00f3 en la red social poco despu\u00e9s del mediod\u00eda, a pesar que en la grabaci\u00f3n dice exactamente eso que luego desminti\u00f3.<\/h3>\n<h3><img decoding=\"async\" class=\"wp-image-19438 aligncenter\" src=\"https:\/\/apuntesdesanluis.com\/wp-content\/uploads\/2024\/07\/garro-desmentida-300x77.png\" alt=\"\" width=\"619\" height=\"159\" srcset=\"https:\/\/apuntesdesanluis.com\/wp-content\/uploads\/2024\/07\/garro-desmentida-300x77.png 300w, https:\/\/apuntesdesanluis.com\/wp-content\/uploads\/2024\/07\/garro-desmentida-1024x263.png 1024w, https:\/\/apuntesdesanluis.com\/wp-content\/uploads\/2024\/07\/garro-desmentida-768x197.png 768w, https:\/\/apuntesdesanluis.com\/wp-content\/uploads\/2024\/07\/garro-desmentida.png 1054w\" sizes=\"(max-width: 619px) 100vw, 619px\" \/><\/h3>\n<h4 style=\"text-align: center;\"><em>El tuit de Garro en el que se contradice sobre el pedido de disculpas.<\/em><\/h4>\n<h3>M\u00e1s adelante, y luego de la repercusi\u00f3n que tuvieron sus expresiones, el ex intendente de La Plata volvi\u00f3 a referirse al tema, buscando despegar al Gobierno de lo que piensa. \u201cLo dije a t\u00edtulo personal y con buena leche, no en nombre del Gobierno\u201d, reiter\u00f3 en declaraciones a Radio La Red.<\/h3>\n<h3>Un rato antes de su \u201carrepentimiento\u201d, tal como ya hab\u00eda ocurrido en otros casos durante la actual administraci\u00f3n, uno de los empleados de la subsecretar\u00eda de Comunicaci\u00f3n Digital, <strong>Daniel Parisini<\/strong>, quien es conocido en el \u201cmundo Twitter\u201d por su seud\u00f3nimo de GordoDan, hab\u00eda publicado como reacci\u00f3n al posteo de Garro \u201cLo dijiste al aire bro\u201d. Son\u00f3 como una advertencia fuerte por el desatino verbal.<\/h3>\n<h3>Parisini es quien tambi\u00e9n hab\u00eda sellado el destino del entonces secretario de Bioeconom\u00eda, <strong>Fernando Vilella<\/strong>, a quien Milei le pidi\u00f3 la renuncia la semana pasada. \u201cA partir de ma\u00f1ana no form\u00e1s m\u00e1s parte del Gobierno. Nos vemos\u201d, le escribi\u00f3 al funcionario en marzo luego de que le diera \u201cme gusta\u201d a los dichos del senador radical Mart\u00edn Lousteau por el mal manejo gubernamental sobre la gesti\u00f3n de la epidemia de dengue en el pa\u00eds. Aunque Vilella se disculp\u00f3, la respuesta del tuitero fue contundente: \u201cNo me interesa. Ll\u00e9venselo\u201d. Cuando Vilella finalmente se alej\u00f3 de su puesto y fue reemplazado por Sergio Iraeta, Parisini lo celebr\u00f3: \u201cVaci\u00e1 ya tu escritorio que estoy yendo para ah\u00ed, Vilella\u201d.<\/h3>\n<h3>Tambi\u00e9n <strong>Ramiro Marra<\/strong>, legislador porte\u00f1o y uno de los asesores econ\u00f3micos de Milei, subi\u00f3 a X un posteo. \u201cEl bicampe\u00f3n de Am\u00e9rica, campe\u00f3n del Mundo y mejor futbolista de la historia no tiene que pedirle perd\u00f3n a nadie. Que sigan llorando por una simple canci\u00f3n de f\u00fatbol\u201d, dec\u00eda. Luego decidi\u00f3 eliminarlo.<\/h3>\n<h3>\u201cLa FIFA ha tenido conocimiento de un video que circula en redes sociales, y el incidente est\u00e1 siendo objeto de una investigaci\u00f3n\u201d, comunic\u00f3 la entidad que rige el f\u00fatbol mundial como una de las primeras reacciones. \u201cLa FIFA condena con firmeza toda forma de discriminaci\u00f3n, venga de donde venga, incluidos los jugadores, los hinchas y los responsables\u201d, agreg\u00f3.<\/h3>\n<h3>En tanto, la <strong>Federaci\u00f3n Francesa de F\u00fatbol<\/strong> quiere presentar una denuncia contra la AFA por racismo. \u201cLa FFF escribir\u00e1 a la AFA y acudir\u00e1 a la FIFA, reserv\u00e1ndose otras acciones\u201d, comunic\u00f3. En el Chelsea de Inglaterra, donde juega Enzo Fern\u00e1ndez, tambi\u00e9n dijeron que iniciaron un proceso reglamentario interno para analizar si habr\u00e1 alguna sanci\u00f3n para el volante que surgi\u00f3 de River Plate.<\/h3>\n<p>&nbsp;<\/p>\n<p>&nbsp;<\/p>\n<p>&nbsp;<\/p>\n<p>&nbsp;<\/p>\n<p>&nbsp;<\/p>\n<p>&nbsp;<\/p>\n<p>&nbsp;<\/p>\n<p>&nbsp;<\/p>\n","protected":false},"excerpt":{"rendered":"<p>Julio Garro hab\u00eda dicho que el jugador argentino deb\u00eda pedir disculpas por el video de&#8230;<\/p>\n","protected":false},"author":1,"featured_media":19436,"comment_status":"closed","ping_status":"closed","sticky":false,"template":"","format":"standard","meta":{"footnotes":""},"categories":[8,5],"tags":[],"class_list":["post-19435","post","type-post","status-publish","format-standard","has-post-thumbnail","hentry","category-deportes","category-nacionales-internacionales"],"yoast_head":"<!-- This site is optimized with the Yoast SEO plugin v26.1.1 - https:\/\/yoast.com\/wordpress\/plugins\/seo\/ -->\n<title>EL SUBSECRETARIO DE DEPORTES, TAMBI\u00c9N EN LA CUERDA FLOJA TRAS SUS DICHOS SOBRE MESSI - Apuntes de San Luis<\/title>\n<meta name=\"robots\" content=\"index, follow, max-snippet:-1, max-image-preview:large, max-video-preview:-1\" \/>\n<link rel=\"canonical\" href=\"https:\/\/apuntesdesanluis.com\/index.php\/2024\/07\/17\/el-subsecretario-de-deportes-tambien-en-la-cuerda-floja-tras-sus-dichos-sobre-messi\/\" \/>\n<meta property=\"og:locale\" content=\"es_ES\" \/>\n<meta property=\"og:type\" content=\"article\" \/>\n<meta property=\"og:title\" content=\"EL SUBSECRETARIO DE DEPORTES, TAMBI\u00c9N EN LA CUERDA FLOJA TRAS SUS DICHOS SOBRE MESSI - Apuntes de San Luis\" \/>\n<meta property=\"og:description\" content=\"Julio Garro hab\u00eda dicho que el jugador argentino deb\u00eda pedir disculpas por el video de...\" \/>\n<meta property=\"og:url\" content=\"https:\/\/apuntesdesanluis.com\/index.php\/2024\/07\/17\/el-subsecretario-de-deportes-tambien-en-la-cuerda-floja-tras-sus-dichos-sobre-messi\/\" \/>\n<meta property=\"og:site_name\" content=\"Apuntes de San Luis\" \/>\n<meta property=\"article:published_time\" content=\"2024-07-17T23:21:01+00:00\" \/>\n<meta property=\"og:image\" content=\"https:\/\/apuntesdesanluis.com\/wp-content\/uploads\/2024\/07\/garro-milei.png\" \/>\n\t<meta property=\"og:image:width\" content=\"700\" \/>\n\t<meta property=\"og:image:height\" content=\"512\" \/>\n\t<meta property=\"og:image:type\" content=\"image\/png\" \/>\n<meta name=\"author\" content=\"apuntesdesanluis.com\" \/>\n<meta name=\"twitter:card\" content=\"summary_large_image\" \/>\n<meta name=\"twitter:label1\" content=\"Escrito por\" \/>\n\t<meta name=\"twitter:data1\" content=\"apuntesdesanluis.com\" \/>\n\t<meta name=\"twitter:label2\" content=\"Tiempo de lectura\" \/>\n\t<meta name=\"twitter:data2\" content=\"5 minutos\" \/>\n<script type=\"application\/ld+json\" class=\"yoast-schema-graph\">{\"@context\":\"https:\/\/schema.org\",\"@graph\":[{\"@type\":\"Article\",\"@id\":\"https:\/\/apuntesdesanluis.com\/index.php\/2024\/07\/17\/el-subsecretario-de-deportes-tambien-en-la-cuerda-floja-tras-sus-dichos-sobre-messi\/#article\",\"isPartOf\":{\"@id\":\"https:\/\/apuntesdesanluis.com\/index.php\/2024\/07\/17\/el-subsecretario-de-deportes-tambien-en-la-cuerda-floja-tras-sus-dichos-sobre-messi\/\"},\"author\":{\"name\":\"apuntesdesanluis.com\",\"@id\":\"https:\/\/apuntesdesanluis.com\/#\/schema\/person\/b55151d52296fcce64d1a72538a70b90\"},\"headline\":\"EL SUBSECRETARIO DE DEPORTES, TAMBI\u00c9N EN LA CUERDA FLOJA TRAS SUS DICHOS SOBRE MESSI\",\"datePublished\":\"2024-07-17T23:21:01+00:00\",\"mainEntityOfPage\":{\"@id\":\"https:\/\/apuntesdesanluis.com\/index.php\/2024\/07\/17\/el-subsecretario-de-deportes-tambien-en-la-cuerda-floja-tras-sus-dichos-sobre-messi\/\"},\"wordCount\":958,\"publisher\":{\"@id\":\"https:\/\/apuntesdesanluis.com\/#\/schema\/person\/b55151d52296fcce64d1a72538a70b90\"},\"image\":{\"@id\":\"https:\/\/apuntesdesanluis.com\/index.php\/2024\/07\/17\/el-subsecretario-de-deportes-tambien-en-la-cuerda-floja-tras-sus-dichos-sobre-messi\/#primaryimage\"},\"thumbnailUrl\":\"https:\/\/apuntesdesanluis.com\/wp-content\/uploads\/2024\/07\/garro-milei.png\",\"articleSection\":[\"Deportes\",\"Nacionales\/Internacionales\"],\"inLanguage\":\"es-AR\"},{\"@type\":\"WebPage\",\"@id\":\"https:\/\/apuntesdesanluis.com\/index.php\/2024\/07\/17\/el-subsecretario-de-deportes-tambien-en-la-cuerda-floja-tras-sus-dichos-sobre-messi\/\",\"url\":\"https:\/\/apuntesdesanluis.com\/index.php\/2024\/07\/17\/el-subsecretario-de-deportes-tambien-en-la-cuerda-floja-tras-sus-dichos-sobre-messi\/\",\"name\":\"EL SUBSECRETARIO DE DEPORTES, TAMBI\u00c9N EN LA CUERDA FLOJA TRAS SUS DICHOS SOBRE MESSI - Apuntes de San Luis\",\"isPartOf\":{\"@id\":\"https:\/\/apuntesdesanluis.com\/#website\"},\"primaryImageOfPage\":{\"@id\":\"https:\/\/apuntesdesanluis.com\/index.php\/2024\/07\/17\/el-subsecretario-de-deportes-tambien-en-la-cuerda-floja-tras-sus-dichos-sobre-messi\/#primaryimage\"},\"image\":{\"@id\":\"https:\/\/apuntesdesanluis.com\/index.php\/2024\/07\/17\/el-subsecretario-de-deportes-tambien-en-la-cuerda-floja-tras-sus-dichos-sobre-messi\/#primaryimage\"},\"thumbnailUrl\":\"https:\/\/apuntesdesanluis.com\/wp-content\/uploads\/2024\/07\/garro-milei.png\",\"datePublished\":\"2024-07-17T23:21:01+00:00\",\"breadcrumb\":{\"@id\":\"https:\/\/apuntesdesanluis.com\/index.php\/2024\/07\/17\/el-subsecretario-de-deportes-tambien-en-la-cuerda-floja-tras-sus-dichos-sobre-messi\/#breadcrumb\"},\"inLanguage\":\"es-AR\",\"potentialAction\":[{\"@type\":\"ReadAction\",\"target\":[\"https:\/\/apuntesdesanluis.com\/index.php\/2024\/07\/17\/el-subsecretario-de-deportes-tambien-en-la-cuerda-floja-tras-sus-dichos-sobre-messi\/\"]}]},{\"@type\":\"ImageObject\",\"inLanguage\":\"es-AR\",\"@id\":\"https:\/\/apuntesdesanluis.com\/index.php\/2024\/07\/17\/el-subsecretario-de-deportes-tambien-en-la-cuerda-floja-tras-sus-dichos-sobre-messi\/#primaryimage\",\"url\":\"https:\/\/apuntesdesanluis.com\/wp-content\/uploads\/2024\/07\/garro-milei.png\",\"contentUrl\":\"https:\/\/apuntesdesanluis.com\/wp-content\/uploads\/2024\/07\/garro-milei.png\",\"width\":700,\"height\":512},{\"@type\":\"BreadcrumbList\",\"@id\":\"https:\/\/apuntesdesanluis.com\/index.php\/2024\/07\/17\/el-subsecretario-de-deportes-tambien-en-la-cuerda-floja-tras-sus-dichos-sobre-messi\/#breadcrumb\",\"itemListElement\":[{\"@type\":\"ListItem\",\"position\":1,\"name\":\"Inicio\",\"item\":\"https:\/\/apuntesdesanluis.com\/\"},{\"@type\":\"ListItem\",\"position\":2,\"name\":\"EL SUBSECRETARIO DE DEPORTES, TAMBI\u00c9N EN LA CUERDA FLOJA TRAS SUS DICHOS SOBRE MESSI\"}]},{\"@type\":\"WebSite\",\"@id\":\"https:\/\/apuntesdesanluis.com\/#website\",\"url\":\"https:\/\/apuntesdesanluis.com\/\",\"name\":\"Apuntes de San Luis\",\"description\":\"\",\"publisher\":{\"@id\":\"https:\/\/apuntesdesanluis.com\/#\/schema\/person\/b55151d52296fcce64d1a72538a70b90\"},\"potentialAction\":[{\"@type\":\"SearchAction\",\"target\":{\"@type\":\"EntryPoint\",\"urlTemplate\":\"https:\/\/apuntesdesanluis.com\/?s={search_term_string}\"},\"query-input\":{\"@type\":\"PropertyValueSpecification\",\"valueRequired\":true,\"valueName\":\"search_term_string\"}}],\"inLanguage\":\"es-AR\"},{\"@type\":[\"Person\",\"Organization\"],\"@id\":\"https:\/\/apuntesdesanluis.com\/#\/schema\/person\/b55151d52296fcce64d1a72538a70b90\",\"name\":\"apuntesdesanluis.com\",\"image\":{\"@type\":\"ImageObject\",\"inLanguage\":\"es-AR\",\"@id\":\"https:\/\/apuntesdesanluis.com\/#\/schema\/person\/image\/\",\"url\":\"https:\/\/apuntesdesanluis.com\/wp-content\/uploads\/2023\/07\/cropped-apuntesdesanluis.png\",\"contentUrl\":\"https:\/\/apuntesdesanluis.com\/wp-content\/uploads\/2023\/07\/cropped-apuntesdesanluis.png\",\"width\":450,\"height\":112,\"caption\":\"apuntesdesanluis.com\"},\"logo\":{\"@id\":\"https:\/\/apuntesdesanluis.com\/#\/schema\/person\/image\/\"},\"sameAs\":[\"https:\/\/apuntesdesanluis.com\"],\"url\":\"https:\/\/apuntesdesanluis.com\/index.php\/author\/apuntesdesanluis-com\/\"}]}<\/script>\n<!-- \/ Yoast SEO plugin. -->","yoast_head_json":{"title":"EL SUBSECRETARIO DE DEPORTES, TAMBI\u00c9N EN LA CUERDA FLOJA TRAS SUS DICHOS SOBRE MESSI - Apuntes de San Luis","robots":{"index":"index","follow":"follow","max-snippet":"max-snippet:-1","max-image-preview":"max-image-preview:large","max-video-preview":"max-video-preview:-1"},"canonical":"https:\/\/apuntesdesanluis.com\/index.php\/2024\/07\/17\/el-subsecretario-de-deportes-tambien-en-la-cuerda-floja-tras-sus-dichos-sobre-messi\/","og_locale":"es_ES","og_type":"article","og_title":"EL SUBSECRETARIO DE DEPORTES, TAMBI\u00c9N EN LA CUERDA FLOJA TRAS SUS DICHOS SOBRE MESSI - Apuntes de San Luis","og_description":"Julio Garro hab\u00eda dicho que el jugador argentino deb\u00eda pedir disculpas por el video de...","og_url":"https:\/\/apuntesdesanluis.com\/index.php\/2024\/07\/17\/el-subsecretario-de-deportes-tambien-en-la-cuerda-floja-tras-sus-dichos-sobre-messi\/","og_site_name":"Apuntes de San Luis","article_published_time":"2024-07-17T23:21:01+00:00","og_image":[{"width":700,"height":512,"url":"https:\/\/apuntesdesanluis.com\/wp-content\/uploads\/2024\/07\/garro-milei.png","type":"image\/png"}],"author":"apuntesdesanluis.com","twitter_card":"summary_large_image","twitter_misc":{"Escrito por":"apuntesdesanluis.com","Tiempo de lectura":"5 minutos"},"schema":{"@context":"https:\/\/schema.org","@graph":[{"@type":"Article","@id":"https:\/\/apuntesdesanluis.com\/index.php\/2024\/07\/17\/el-subsecretario-de-deportes-tambien-en-la-cuerda-floja-tras-sus-dichos-sobre-messi\/#article","isPartOf":{"@id":"https:\/\/apuntesdesanluis.com\/index.php\/2024\/07\/17\/el-subsecretario-de-deportes-tambien-en-la-cuerda-floja-tras-sus-dichos-sobre-messi\/"},"author":{"name":"apuntesdesanluis.com","@id":"https:\/\/apuntesdesanluis.com\/#\/schema\/person\/b55151d52296fcce64d1a72538a70b90"},"headline":"EL SUBSECRETARIO DE DEPORTES, TAMBI\u00c9N EN LA CUERDA FLOJA TRAS SUS DICHOS SOBRE MESSI","datePublished":"2024-07-17T23:21:01+00:00","mainEntityOfPage":{"@id":"https:\/\/apuntesdesanluis.com\/index.php\/2024\/07\/17\/el-subsecretario-de-deportes-tambien-en-la-cuerda-floja-tras-sus-dichos-sobre-messi\/"},"wordCount":958,"publisher":{"@id":"https:\/\/apuntesdesanluis.com\/#\/schema\/person\/b55151d52296fcce64d1a72538a70b90"},"image":{"@id":"https:\/\/apuntesdesanluis.com\/index.php\/2024\/07\/17\/el-subsecretario-de-deportes-tambien-en-la-cuerda-floja-tras-sus-dichos-sobre-messi\/#primaryimage"},"thumbnailUrl":"https:\/\/apuntesdesanluis.com\/wp-content\/uploads\/2024\/07\/garro-milei.png","articleSection":["Deportes","Nacionales\/Internacionales"],"inLanguage":"es-AR"},{"@type":"WebPage","@id":"https:\/\/apuntesdesanluis.com\/index.php\/2024\/07\/17\/el-subsecretario-de-deportes-tambien-en-la-cuerda-floja-tras-sus-dichos-sobre-messi\/","url":"https:\/\/apuntesdesanluis.com\/index.php\/2024\/07\/17\/el-subsecretario-de-deportes-tambien-en-la-cuerda-floja-tras-sus-dichos-sobre-messi\/","name":"EL SUBSECRETARIO DE DEPORTES, TAMBI\u00c9N EN LA CUERDA FLOJA TRAS SUS DICHOS SOBRE MESSI - Apuntes de San Luis","isPartOf":{"@id":"https:\/\/apuntesdesanluis.com\/#website"},"primaryImageOfPage":{"@id":"https:\/\/apuntesdesanluis.com\/index.php\/2024\/07\/17\/el-subsecretario-de-deportes-tambien-en-la-cuerda-floja-tras-sus-dichos-sobre-messi\/#primaryimage"},"image":{"@id":"https:\/\/apuntesdesanluis.com\/index.php\/2024\/07\/17\/el-subsecretario-de-deportes-tambien-en-la-cuerda-floja-tras-sus-dichos-sobre-messi\/#primaryimage"},"thumbnailUrl":"https:\/\/apuntesdesanluis.com\/wp-content\/uploads\/2024\/07\/garro-milei.png","datePublished":"2024-07-17T23:21:01+00:00","breadcrumb":{"@id":"https:\/\/apuntesdesanluis.com\/index.php\/2024\/07\/17\/el-subsecretario-de-deportes-tambien-en-la-cuerda-floja-tras-sus-dichos-sobre-messi\/#breadcrumb"},"inLanguage":"es-AR","potentialAction":[{"@type":"ReadAction","target":["https:\/\/apuntesdesanluis.com\/index.php\/2024\/07\/17\/el-subsecretario-de-deportes-tambien-en-la-cuerda-floja-tras-sus-dichos-sobre-messi\/"]}]},{"@type":"ImageObject","inLanguage":"es-AR","@id":"https:\/\/apuntesdesanluis.com\/index.php\/2024\/07\/17\/el-subsecretario-de-deportes-tambien-en-la-cuerda-floja-tras-sus-dichos-sobre-messi\/#primaryimage","url":"https:\/\/apuntesdesanluis.com\/wp-content\/uploads\/2024\/07\/garro-milei.png","contentUrl":"https:\/\/apuntesdesanluis.com\/wp-content\/uploads\/2024\/07\/garro-milei.png","width":700,"height":512},{"@type":"BreadcrumbList","@id":"https:\/\/apuntesdesanluis.com\/index.php\/2024\/07\/17\/el-subsecretario-de-deportes-tambien-en-la-cuerda-floja-tras-sus-dichos-sobre-messi\/#breadcrumb","itemListElement":[{"@type":"ListItem","position":1,"name":"Inicio","item":"https:\/\/apuntesdesanluis.com\/"},{"@type":"ListItem","position":2,"name":"EL SUBSECRETARIO DE DEPORTES, TAMBI\u00c9N EN LA CUERDA FLOJA TRAS SUS DICHOS SOBRE MESSI"}]},{"@type":"WebSite","@id":"https:\/\/apuntesdesanluis.com\/#website","url":"https:\/\/apuntesdesanluis.com\/","name":"Apuntes de San Luis","description":"","publisher":{"@id":"https:\/\/apuntesdesanluis.com\/#\/schema\/person\/b55151d52296fcce64d1a72538a70b90"},"potentialAction":[{"@type":"SearchAction","target":{"@type":"EntryPoint","urlTemplate":"https:\/\/apuntesdesanluis.com\/?s={search_term_string}"},"query-input":{"@type":"PropertyValueSpecification","valueRequired":true,"valueName":"search_term_string"}}],"inLanguage":"es-AR"},{"@type":["Person","Organization"],"@id":"https:\/\/apuntesdesanluis.com\/#\/schema\/person\/b55151d52296fcce64d1a72538a70b90","name":"apuntesdesanluis.com","image":{"@type":"ImageObject","inLanguage":"es-AR","@id":"https:\/\/apuntesdesanluis.com\/#\/schema\/person\/image\/","url":"https:\/\/apuntesdesanluis.com\/wp-content\/uploads\/2023\/07\/cropped-apuntesdesanluis.png","contentUrl":"https:\/\/apuntesdesanluis.com\/wp-content\/uploads\/2023\/07\/cropped-apuntesdesanluis.png","width":450,"height":112,"caption":"apuntesdesanluis.com"},"logo":{"@id":"https:\/\/apuntesdesanluis.com\/#\/schema\/person\/image\/"},"sameAs":["https:\/\/apuntesdesanluis.com"],"url":"https:\/\/apuntesdesanluis.com\/index.php\/author\/apuntesdesanluis-com\/"}]}},"featured_image_urls":{"full":["https:\/\/apuntesdesanluis.com\/wp-content\/uploads\/2024\/07\/garro-milei.png",700,512,false],"thumbnail":["https:\/\/apuntesdesanluis.com\/wp-content\/uploads\/2024\/07\/garro-milei-150x150.png",150,150,true],"medium":["https:\/\/apuntesdesanluis.com\/wp-content\/uploads\/2024\/07\/garro-milei-300x219.png",300,219,true],"medium_large":["https:\/\/apuntesdesanluis.com\/wp-content\/uploads\/2024\/07\/garro-milei.png",640,468,false],"large":["https:\/\/apuntesdesanluis.com\/wp-content\/uploads\/2024\/07\/garro-milei.png",640,468,false],"1536x1536":["https:\/\/apuntesdesanluis.com\/wp-content\/uploads\/2024\/07\/garro-milei.png",700,512,false],"2048x2048":["https:\/\/apuntesdesanluis.com\/wp-content\/uploads\/2024\/07\/garro-milei.png",700,512,false],"newsever-slider-full":["https:\/\/apuntesdesanluis.com\/wp-content\/uploads\/2024\/07\/garro-milei.png",700,512,false],"newsever-featured":["https:\/\/apuntesdesanluis.com\/wp-content\/uploads\/2024\/07\/garro-milei.png",700,512,false],"newsever-medium":["https:\/\/apuntesdesanluis.com\/wp-content\/uploads\/2024\/07\/garro-milei-700x475.png",700,475,true]},"author_info":{"display_name":"apuntesdesanluis.com","author_link":"https:\/\/apuntesdesanluis.com\/index.php\/author\/apuntesdesanluis-com\/"},"category_info":"<a href=\"https:\/\/apuntesdesanluis.com\/index.php\/category\/deportes\/\" rel=\"category tag\">Deportes<\/a> <a href=\"https:\/\/apuntesdesanluis.com\/index.php\/category\/nacionales-internacionales\/\" rel=\"category tag\">Nacionales\/Internacionales<\/a>","tag_info":"Nacionales\/Internacionales","comment_count":"0","_links":{"self":[{"href":"https:\/\/apuntesdesanluis.com\/index.php\/wp-json\/wp\/v2\/posts\/19435","targetHints":{"allow":["GET"]}}],"collection":[{"href":"https:\/\/apuntesdesanluis.com\/index.php\/wp-json\/wp\/v2\/posts"}],"about":[{"href":"https:\/\/apuntesdesanluis.com\/index.php\/wp-json\/wp\/v2\/types\/post"}],"author":[{"embeddable":true,"href":"https:\/\/apuntesdesanluis.com\/index.php\/wp-json\/wp\/v2\/users\/1"}],"replies":[{"embeddable":true,"href":"https:\/\/apuntesdesanluis.com\/index.php\/wp-json\/wp\/v2\/comments?post=19435"}],"version-history":[{"count":1,"href":"https:\/\/apuntesdesanluis.com\/index.php\/wp-json\/wp\/v2\/posts\/19435\/revisions"}],"predecessor-version":[{"id":19439,"href":"https:\/\/apuntesdesanluis.com\/index.php\/wp-json\/wp\/v2\/posts\/19435\/revisions\/19439"}],"wp:featuredmedia":[{"embeddable":true,"href":"https:\/\/apuntesdesanluis.com\/index.php\/wp-json\/wp\/v2\/media\/19436"}],"wp:attachment":[{"href":"https:\/\/apuntesdesanluis.com\/index.php\/wp-json\/wp\/v2\/media?parent=19435"}],"wp:term":[{"taxonomy":"category","embeddable":true,"href":"https:\/\/apuntesdesanluis.com\/index.php\/wp-json\/wp\/v2\/categories?post=19435"},{"taxonomy":"post_tag","embeddable":true,"href":"https:\/\/apuntesdesanluis.com\/index.php\/wp-json\/wp\/v2\/tags?post=19435"}],"curies":[{"name":"wp","href":"https:\/\/api.w.org\/{rel}","templated":true}]}}