{"id":19457,"date":"2024-07-17T21:21:25","date_gmt":"2024-07-18T00:21:25","guid":{"rendered":"https:\/\/apuntesdesanluis.com\/?p=19457"},"modified":"2024-07-17T21:21:25","modified_gmt":"2024-07-18T00:21:25","slug":"david-beckham-y-el-grupo-mas-tec-podrian-adquirir-a-newells","status":"publish","type":"post","link":"https:\/\/apuntesdesanluis.com\/index.php\/2024\/07\/17\/david-beckham-y-el-grupo-mas-tec-podrian-adquirir-a-newells\/","title":{"rendered":"DAVID BECKHAM Y EL GRUPO MAS TEC PODR\u00cdAN ADQUIRIR A NEWELL&#8217;S"},"content":{"rendered":"<h3>El ex futbolista y actual empresario <strong>David Beckham<\/strong> podr\u00eda ser el nuevo due\u00f1o de Newell&#8217;s Old Boys de Rosario, el club donde se inici\u00f3 <strong>Lionel Messi<\/strong>, actualmente en Inter Miami, propiedad del ingl\u00e9s y sus socios.<\/h3>\n<h3>La noticia se revel\u00f3 en el medio espa\u00f1ol Relevo de Espa\u00f1a, seg\u00fan el cual los due\u00f1os del Inter Miami quieren comprar Newell\u2019s para regal\u00e1rselo a Messi, en el cierre de su carrera como futbolista profesional. La idea ser\u00eda tomar el control de la instituci\u00f3n deportiva de Rosario para que el astro argentino pueda vestir los colores de la Lepra.<\/h3>\n<p><img fetchpriority=\"high\" decoding=\"async\" class=\"wp-image-19459 aligncenter\" src=\"https:\/\/apuntesdesanluis.com\/wp-content\/uploads\/2024\/07\/messi-1-300x205.png\" alt=\"\" width=\"623\" height=\"426\" srcset=\"https:\/\/apuntesdesanluis.com\/wp-content\/uploads\/2024\/07\/messi-1-300x205.png 300w, https:\/\/apuntesdesanluis.com\/wp-content\/uploads\/2024\/07\/messi-1.png 600w\" sizes=\"(max-width: 623px) 100vw, 623px\" \/><\/p>\n<h3>\u201cEn esta recta final de su carrera, los due\u00f1os del Inter de Miami analizan hacerle un regalo descomunal: tomar el control de Newell \u2018s Old Boys de Rosario para que el delantero se d\u00e9 el gusto de jugar con esa camiseta antes del final de su carrera\u201d, seg\u00fan la informaci\u00f3n que revel\u00f3 el periodista Sebasti\u00e1n Fest.<\/h3>\n<h3>El comprador del equipo argentino podr\u00eda ser el Grupo <strong>Mas Tec<\/strong>, que es propietario del <strong>Inter Miami<\/strong> y tuvo el 51 % de las acciones del <strong>Real Zaragoza<\/strong> de Espa\u00f1a en 2022.De concretarse la operaci\u00f3n, significar\u00eda un gran cambio para la estructura de los clubes del f\u00fatbol nacional.<\/h3>\n<p><img decoding=\"async\" class=\"wp-image-19460 aligncenter\" src=\"https:\/\/apuntesdesanluis.com\/wp-content\/uploads\/2024\/07\/cancha-de-newells-300x190.png\" alt=\"\" width=\"635\" height=\"402\" srcset=\"https:\/\/apuntesdesanluis.com\/wp-content\/uploads\/2024\/07\/cancha-de-newells-300x190.png 300w, https:\/\/apuntesdesanluis.com\/wp-content\/uploads\/2024\/07\/cancha-de-newells.png 718w\" sizes=\"(max-width: 635px) 100vw, 635px\" \/><\/p>\n<h3>El cambio es acompa\u00f1ado por una decisi\u00f3n del gobierno de <strong>Javier Milei<\/strong> que habilit\u00f3 a los clubes a transformarse en Sociedades An\u00f3nimas Deportivas (SAD) si as\u00ed lo desean.<\/h3>\n<p>&nbsp;<\/p>\n<p>&nbsp;<\/p>\n<p>&nbsp;<\/p>\n<p>&nbsp;<\/p>\n<p>&nbsp;<\/p>\n<p>&nbsp;<\/p>\n<p>&nbsp;<\/p>\n<p>&nbsp;<\/p>\n","protected":false},"excerpt":{"rendered":"<p>El ex futbolista y actual empresario David Beckham podr\u00eda ser el nuevo due\u00f1o de Newell&#8217;s&#8230;<\/p>\n","protected":false},"author":1,"featured_media":19458,"comment_status":"closed","ping_status":"closed","sticky":false,"template":"","format":"standard","meta":{"footnotes":""},"categories":[8,5],"tags":[],"class_list":["post-19457","post","type-post","status-publish","format-standard","has-post-thumbnail","hentry","category-deportes","category-nacionales-internacionales"],"yoast_head":"<!-- This site is optimized with the Yoast SEO plugin v26.1.1 - https:\/\/yoast.com\/wordpress\/plugins\/seo\/ -->\n<title>DAVID BECKHAM Y EL GRUPO MAS TEC PODR\u00cdAN ADQUIRIR A NEWELL&#039;S - Apuntes de San Luis<\/title>\n<meta name=\"robots\" content=\"index, follow, max-snippet:-1, max-image-preview:large, max-video-preview:-1\" \/>\n<link rel=\"canonical\" href=\"https:\/\/apuntesdesanluis.com\/index.php\/2024\/07\/17\/david-beckham-y-el-grupo-mas-tec-podrian-adquirir-a-newells\/\" \/>\n<meta property=\"og:locale\" content=\"es_ES\" \/>\n<meta property=\"og:type\" content=\"article\" \/>\n<meta property=\"og:title\" content=\"DAVID BECKHAM Y EL GRUPO MAS TEC PODR\u00cdAN ADQUIRIR A NEWELL&#039;S - Apuntes de San Luis\" \/>\n<meta property=\"og:description\" content=\"El ex futbolista y actual empresario David Beckham podr\u00eda ser el nuevo due\u00f1o de Newell&#8217;s...\" \/>\n<meta property=\"og:url\" content=\"https:\/\/apuntesdesanluis.com\/index.php\/2024\/07\/17\/david-beckham-y-el-grupo-mas-tec-podrian-adquirir-a-newells\/\" \/>\n<meta property=\"og:site_name\" content=\"Apuntes de San Luis\" \/>\n<meta property=\"article:published_time\" content=\"2024-07-18T00:21:25+00:00\" \/>\n<meta property=\"og:image\" content=\"https:\/\/apuntesdesanluis.com\/wp-content\/uploads\/2024\/07\/messi-y-beckam.png\" \/>\n\t<meta property=\"og:image:width\" content=\"700\" \/>\n\t<meta property=\"og:image:height\" content=\"444\" \/>\n\t<meta property=\"og:image:type\" content=\"image\/png\" \/>\n<meta name=\"author\" content=\"apuntesdesanluis.com\" \/>\n<meta name=\"twitter:card\" content=\"summary_large_image\" \/>\n<meta name=\"twitter:label1\" content=\"Escrito por\" \/>\n\t<meta name=\"twitter:data1\" content=\"apuntesdesanluis.com\" \/>\n\t<meta name=\"twitter:label2\" content=\"Tiempo de lectura\" \/>\n\t<meta name=\"twitter:data2\" content=\"2 minutos\" \/>\n<script type=\"application\/ld+json\" class=\"yoast-schema-graph\">{\"@context\":\"https:\/\/schema.org\",\"@graph\":[{\"@type\":\"Article\",\"@id\":\"https:\/\/apuntesdesanluis.com\/index.php\/2024\/07\/17\/david-beckham-y-el-grupo-mas-tec-podrian-adquirir-a-newells\/#article\",\"isPartOf\":{\"@id\":\"https:\/\/apuntesdesanluis.com\/index.php\/2024\/07\/17\/david-beckham-y-el-grupo-mas-tec-podrian-adquirir-a-newells\/\"},\"author\":{\"name\":\"apuntesdesanluis.com\",\"@id\":\"https:\/\/apuntesdesanluis.com\/#\/schema\/person\/b55151d52296fcce64d1a72538a70b90\"},\"headline\":\"DAVID BECKHAM Y EL GRUPO MAS TEC PODR\u00cdAN ADQUIRIR A NEWELL&#8217;S\",\"datePublished\":\"2024-07-18T00:21:25+00:00\",\"mainEntityOfPage\":{\"@id\":\"https:\/\/apuntesdesanluis.com\/index.php\/2024\/07\/17\/david-beckham-y-el-grupo-mas-tec-podrian-adquirir-a-newells\/\"},\"wordCount\":268,\"publisher\":{\"@id\":\"https:\/\/apuntesdesanluis.com\/#\/schema\/person\/b55151d52296fcce64d1a72538a70b90\"},\"image\":{\"@id\":\"https:\/\/apuntesdesanluis.com\/index.php\/2024\/07\/17\/david-beckham-y-el-grupo-mas-tec-podrian-adquirir-a-newells\/#primaryimage\"},\"thumbnailUrl\":\"https:\/\/apuntesdesanluis.com\/wp-content\/uploads\/2024\/07\/messi-y-beckam.png\",\"articleSection\":[\"Deportes\",\"Nacionales\/Internacionales\"],\"inLanguage\":\"es-AR\"},{\"@type\":\"WebPage\",\"@id\":\"https:\/\/apuntesdesanluis.com\/index.php\/2024\/07\/17\/david-beckham-y-el-grupo-mas-tec-podrian-adquirir-a-newells\/\",\"url\":\"https:\/\/apuntesdesanluis.com\/index.php\/2024\/07\/17\/david-beckham-y-el-grupo-mas-tec-podrian-adquirir-a-newells\/\",\"name\":\"DAVID BECKHAM Y EL GRUPO MAS TEC PODR\u00cdAN ADQUIRIR A NEWELL'S - Apuntes de San Luis\",\"isPartOf\":{\"@id\":\"https:\/\/apuntesdesanluis.com\/#website\"},\"primaryImageOfPage\":{\"@id\":\"https:\/\/apuntesdesanluis.com\/index.php\/2024\/07\/17\/david-beckham-y-el-grupo-mas-tec-podrian-adquirir-a-newells\/#primaryimage\"},\"image\":{\"@id\":\"https:\/\/apuntesdesanluis.com\/index.php\/2024\/07\/17\/david-beckham-y-el-grupo-mas-tec-podrian-adquirir-a-newells\/#primaryimage\"},\"thumbnailUrl\":\"https:\/\/apuntesdesanluis.com\/wp-content\/uploads\/2024\/07\/messi-y-beckam.png\",\"datePublished\":\"2024-07-18T00:21:25+00:00\",\"breadcrumb\":{\"@id\":\"https:\/\/apuntesdesanluis.com\/index.php\/2024\/07\/17\/david-beckham-y-el-grupo-mas-tec-podrian-adquirir-a-newells\/#breadcrumb\"},\"inLanguage\":\"es-AR\",\"potentialAction\":[{\"@type\":\"ReadAction\",\"target\":[\"https:\/\/apuntesdesanluis.com\/index.php\/2024\/07\/17\/david-beckham-y-el-grupo-mas-tec-podrian-adquirir-a-newells\/\"]}]},{\"@type\":\"ImageObject\",\"inLanguage\":\"es-AR\",\"@id\":\"https:\/\/apuntesdesanluis.com\/index.php\/2024\/07\/17\/david-beckham-y-el-grupo-mas-tec-podrian-adquirir-a-newells\/#primaryimage\",\"url\":\"https:\/\/apuntesdesanluis.com\/wp-content\/uploads\/2024\/07\/messi-y-beckam.png\",\"contentUrl\":\"https:\/\/apuntesdesanluis.com\/wp-content\/uploads\/2024\/07\/messi-y-beckam.png\",\"width\":700,\"height\":444},{\"@type\":\"BreadcrumbList\",\"@id\":\"https:\/\/apuntesdesanluis.com\/index.php\/2024\/07\/17\/david-beckham-y-el-grupo-mas-tec-podrian-adquirir-a-newells\/#breadcrumb\",\"itemListElement\":[{\"@type\":\"ListItem\",\"position\":1,\"name\":\"Inicio\",\"item\":\"https:\/\/apuntesdesanluis.com\/\"},{\"@type\":\"ListItem\",\"position\":2,\"name\":\"DAVID BECKHAM Y EL GRUPO MAS TEC PODR\u00cdAN ADQUIRIR A NEWELL&#8217;S\"}]},{\"@type\":\"WebSite\",\"@id\":\"https:\/\/apuntesdesanluis.com\/#website\",\"url\":\"https:\/\/apuntesdesanluis.com\/\",\"name\":\"Apuntes de San Luis\",\"description\":\"\",\"publisher\":{\"@id\":\"https:\/\/apuntesdesanluis.com\/#\/schema\/person\/b55151d52296fcce64d1a72538a70b90\"},\"potentialAction\":[{\"@type\":\"SearchAction\",\"target\":{\"@type\":\"EntryPoint\",\"urlTemplate\":\"https:\/\/apuntesdesanluis.com\/?s={search_term_string}\"},\"query-input\":{\"@type\":\"PropertyValueSpecification\",\"valueRequired\":true,\"valueName\":\"search_term_string\"}}],\"inLanguage\":\"es-AR\"},{\"@type\":[\"Person\",\"Organization\"],\"@id\":\"https:\/\/apuntesdesanluis.com\/#\/schema\/person\/b55151d52296fcce64d1a72538a70b90\",\"name\":\"apuntesdesanluis.com\",\"image\":{\"@type\":\"ImageObject\",\"inLanguage\":\"es-AR\",\"@id\":\"https:\/\/apuntesdesanluis.com\/#\/schema\/person\/image\/\",\"url\":\"https:\/\/apuntesdesanluis.com\/wp-content\/uploads\/2023\/07\/cropped-apuntesdesanluis.png\",\"contentUrl\":\"https:\/\/apuntesdesanluis.com\/wp-content\/uploads\/2023\/07\/cropped-apuntesdesanluis.png\",\"width\":450,\"height\":112,\"caption\":\"apuntesdesanluis.com\"},\"logo\":{\"@id\":\"https:\/\/apuntesdesanluis.com\/#\/schema\/person\/image\/\"},\"sameAs\":[\"https:\/\/apuntesdesanluis.com\"],\"url\":\"https:\/\/apuntesdesanluis.com\/index.php\/author\/apuntesdesanluis-com\/\"}]}<\/script>\n<!-- \/ Yoast SEO plugin. -->","yoast_head_json":{"title":"DAVID BECKHAM Y EL GRUPO MAS TEC PODR\u00cdAN ADQUIRIR A NEWELL'S - Apuntes de San Luis","robots":{"index":"index","follow":"follow","max-snippet":"max-snippet:-1","max-image-preview":"max-image-preview:large","max-video-preview":"max-video-preview:-1"},"canonical":"https:\/\/apuntesdesanluis.com\/index.php\/2024\/07\/17\/david-beckham-y-el-grupo-mas-tec-podrian-adquirir-a-newells\/","og_locale":"es_ES","og_type":"article","og_title":"DAVID BECKHAM Y EL GRUPO MAS TEC PODR\u00cdAN ADQUIRIR A NEWELL'S - Apuntes de San Luis","og_description":"El ex futbolista y actual empresario David Beckham podr\u00eda ser el nuevo due\u00f1o de Newell&#8217;s...","og_url":"https:\/\/apuntesdesanluis.com\/index.php\/2024\/07\/17\/david-beckham-y-el-grupo-mas-tec-podrian-adquirir-a-newells\/","og_site_name":"Apuntes de San Luis","article_published_time":"2024-07-18T00:21:25+00:00","og_image":[{"width":700,"height":444,"url":"https:\/\/apuntesdesanluis.com\/wp-content\/uploads\/2024\/07\/messi-y-beckam.png","type":"image\/png"}],"author":"apuntesdesanluis.com","twitter_card":"summary_large_image","twitter_misc":{"Escrito por":"apuntesdesanluis.com","Tiempo de lectura":"2 minutos"},"schema":{"@context":"https:\/\/schema.org","@graph":[{"@type":"Article","@id":"https:\/\/apuntesdesanluis.com\/index.php\/2024\/07\/17\/david-beckham-y-el-grupo-mas-tec-podrian-adquirir-a-newells\/#article","isPartOf":{"@id":"https:\/\/apuntesdesanluis.com\/index.php\/2024\/07\/17\/david-beckham-y-el-grupo-mas-tec-podrian-adquirir-a-newells\/"},"author":{"name":"apuntesdesanluis.com","@id":"https:\/\/apuntesdesanluis.com\/#\/schema\/person\/b55151d52296fcce64d1a72538a70b90"},"headline":"DAVID BECKHAM Y EL GRUPO MAS TEC PODR\u00cdAN ADQUIRIR A NEWELL&#8217;S","datePublished":"2024-07-18T00:21:25+00:00","mainEntityOfPage":{"@id":"https:\/\/apuntesdesanluis.com\/index.php\/2024\/07\/17\/david-beckham-y-el-grupo-mas-tec-podrian-adquirir-a-newells\/"},"wordCount":268,"publisher":{"@id":"https:\/\/apuntesdesanluis.com\/#\/schema\/person\/b55151d52296fcce64d1a72538a70b90"},"image":{"@id":"https:\/\/apuntesdesanluis.com\/index.php\/2024\/07\/17\/david-beckham-y-el-grupo-mas-tec-podrian-adquirir-a-newells\/#primaryimage"},"thumbnailUrl":"https:\/\/apuntesdesanluis.com\/wp-content\/uploads\/2024\/07\/messi-y-beckam.png","articleSection":["Deportes","Nacionales\/Internacionales"],"inLanguage":"es-AR"},{"@type":"WebPage","@id":"https:\/\/apuntesdesanluis.com\/index.php\/2024\/07\/17\/david-beckham-y-el-grupo-mas-tec-podrian-adquirir-a-newells\/","url":"https:\/\/apuntesdesanluis.com\/index.php\/2024\/07\/17\/david-beckham-y-el-grupo-mas-tec-podrian-adquirir-a-newells\/","name":"DAVID BECKHAM Y EL GRUPO MAS TEC PODR\u00cdAN ADQUIRIR A NEWELL'S - Apuntes de San Luis","isPartOf":{"@id":"https:\/\/apuntesdesanluis.com\/#website"},"primaryImageOfPage":{"@id":"https:\/\/apuntesdesanluis.com\/index.php\/2024\/07\/17\/david-beckham-y-el-grupo-mas-tec-podrian-adquirir-a-newells\/#primaryimage"},"image":{"@id":"https:\/\/apuntesdesanluis.com\/index.php\/2024\/07\/17\/david-beckham-y-el-grupo-mas-tec-podrian-adquirir-a-newells\/#primaryimage"},"thumbnailUrl":"https:\/\/apuntesdesanluis.com\/wp-content\/uploads\/2024\/07\/messi-y-beckam.png","datePublished":"2024-07-18T00:21:25+00:00","breadcrumb":{"@id":"https:\/\/apuntesdesanluis.com\/index.php\/2024\/07\/17\/david-beckham-y-el-grupo-mas-tec-podrian-adquirir-a-newells\/#breadcrumb"},"inLanguage":"es-AR","potentialAction":[{"@type":"ReadAction","target":["https:\/\/apuntesdesanluis.com\/index.php\/2024\/07\/17\/david-beckham-y-el-grupo-mas-tec-podrian-adquirir-a-newells\/"]}]},{"@type":"ImageObject","inLanguage":"es-AR","@id":"https:\/\/apuntesdesanluis.com\/index.php\/2024\/07\/17\/david-beckham-y-el-grupo-mas-tec-podrian-adquirir-a-newells\/#primaryimage","url":"https:\/\/apuntesdesanluis.com\/wp-content\/uploads\/2024\/07\/messi-y-beckam.png","contentUrl":"https:\/\/apuntesdesanluis.com\/wp-content\/uploads\/2024\/07\/messi-y-beckam.png","width":700,"height":444},{"@type":"BreadcrumbList","@id":"https:\/\/apuntesdesanluis.com\/index.php\/2024\/07\/17\/david-beckham-y-el-grupo-mas-tec-podrian-adquirir-a-newells\/#breadcrumb","itemListElement":[{"@type":"ListItem","position":1,"name":"Inicio","item":"https:\/\/apuntesdesanluis.com\/"},{"@type":"ListItem","position":2,"name":"DAVID BECKHAM Y EL GRUPO MAS TEC PODR\u00cdAN ADQUIRIR A NEWELL&#8217;S"}]},{"@type":"WebSite","@id":"https:\/\/apuntesdesanluis.com\/#website","url":"https:\/\/apuntesdesanluis.com\/","name":"Apuntes de San Luis","description":"","publisher":{"@id":"https:\/\/apuntesdesanluis.com\/#\/schema\/person\/b55151d52296fcce64d1a72538a70b90"},"potentialAction":[{"@type":"SearchAction","target":{"@type":"EntryPoint","urlTemplate":"https:\/\/apuntesdesanluis.com\/?s={search_term_string}"},"query-input":{"@type":"PropertyValueSpecification","valueRequired":true,"valueName":"search_term_string"}}],"inLanguage":"es-AR"},{"@type":["Person","Organization"],"@id":"https:\/\/apuntesdesanluis.com\/#\/schema\/person\/b55151d52296fcce64d1a72538a70b90","name":"apuntesdesanluis.com","image":{"@type":"ImageObject","inLanguage":"es-AR","@id":"https:\/\/apuntesdesanluis.com\/#\/schema\/person\/image\/","url":"https:\/\/apuntesdesanluis.com\/wp-content\/uploads\/2023\/07\/cropped-apuntesdesanluis.png","contentUrl":"https:\/\/apuntesdesanluis.com\/wp-content\/uploads\/2023\/07\/cropped-apuntesdesanluis.png","width":450,"height":112,"caption":"apuntesdesanluis.com"},"logo":{"@id":"https:\/\/apuntesdesanluis.com\/#\/schema\/person\/image\/"},"sameAs":["https:\/\/apuntesdesanluis.com"],"url":"https:\/\/apuntesdesanluis.com\/index.php\/author\/apuntesdesanluis-com\/"}]}},"featured_image_urls":{"full":["https:\/\/apuntesdesanluis.com\/wp-content\/uploads\/2024\/07\/messi-y-beckam.png",700,444,false],"thumbnail":["https:\/\/apuntesdesanluis.com\/wp-content\/uploads\/2024\/07\/messi-y-beckam-150x150.png",150,150,true],"medium":["https:\/\/apuntesdesanluis.com\/wp-content\/uploads\/2024\/07\/messi-y-beckam-300x190.png",300,190,true],"medium_large":["https:\/\/apuntesdesanluis.com\/wp-content\/uploads\/2024\/07\/messi-y-beckam.png",640,406,false],"large":["https:\/\/apuntesdesanluis.com\/wp-content\/uploads\/2024\/07\/messi-y-beckam.png",640,406,false],"1536x1536":["https:\/\/apuntesdesanluis.com\/wp-content\/uploads\/2024\/07\/messi-y-beckam.png",700,444,false],"2048x2048":["https:\/\/apuntesdesanluis.com\/wp-content\/uploads\/2024\/07\/messi-y-beckam.png",700,444,false],"newsever-slider-full":["https:\/\/apuntesdesanluis.com\/wp-content\/uploads\/2024\/07\/messi-y-beckam.png",700,444,false],"newsever-featured":["https:\/\/apuntesdesanluis.com\/wp-content\/uploads\/2024\/07\/messi-y-beckam.png",700,444,false],"newsever-medium":["https:\/\/apuntesdesanluis.com\/wp-content\/uploads\/2024\/07\/messi-y-beckam.png",700,444,false]},"author_info":{"display_name":"apuntesdesanluis.com","author_link":"https:\/\/apuntesdesanluis.com\/index.php\/author\/apuntesdesanluis-com\/"},"category_info":"<a href=\"https:\/\/apuntesdesanluis.com\/index.php\/category\/deportes\/\" rel=\"category tag\">Deportes<\/a> <a href=\"https:\/\/apuntesdesanluis.com\/index.php\/category\/nacionales-internacionales\/\" rel=\"category tag\">Nacionales\/Internacionales<\/a>","tag_info":"Nacionales\/Internacionales","comment_count":"0","_links":{"self":[{"href":"https:\/\/apuntesdesanluis.com\/index.php\/wp-json\/wp\/v2\/posts\/19457","targetHints":{"allow":["GET"]}}],"collection":[{"href":"https:\/\/apuntesdesanluis.com\/index.php\/wp-json\/wp\/v2\/posts"}],"about":[{"href":"https:\/\/apuntesdesanluis.com\/index.php\/wp-json\/wp\/v2\/types\/post"}],"author":[{"embeddable":true,"href":"https:\/\/apuntesdesanluis.com\/index.php\/wp-json\/wp\/v2\/users\/1"}],"replies":[{"embeddable":true,"href":"https:\/\/apuntesdesanluis.com\/index.php\/wp-json\/wp\/v2\/comments?post=19457"}],"version-history":[{"count":1,"href":"https:\/\/apuntesdesanluis.com\/index.php\/wp-json\/wp\/v2\/posts\/19457\/revisions"}],"predecessor-version":[{"id":19461,"href":"https:\/\/apuntesdesanluis.com\/index.php\/wp-json\/wp\/v2\/posts\/19457\/revisions\/19461"}],"wp:featuredmedia":[{"embeddable":true,"href":"https:\/\/apuntesdesanluis.com\/index.php\/wp-json\/wp\/v2\/media\/19458"}],"wp:attachment":[{"href":"https:\/\/apuntesdesanluis.com\/index.php\/wp-json\/wp\/v2\/media?parent=19457"}],"wp:term":[{"taxonomy":"category","embeddable":true,"href":"https:\/\/apuntesdesanluis.com\/index.php\/wp-json\/wp\/v2\/categories?post=19457"},{"taxonomy":"post_tag","embeddable":true,"href":"https:\/\/apuntesdesanluis.com\/index.php\/wp-json\/wp\/v2\/tags?post=19457"}],"curies":[{"name":"wp","href":"https:\/\/api.w.org\/{rel}","templated":true}]}}