{"id":1946,"date":"2023-08-22T22:58:53","date_gmt":"2023-08-23T01:58:53","guid":{"rendered":"https:\/\/apuntesdesanluis.com\/?p=1946"},"modified":"2023-08-22T22:59:55","modified_gmt":"2023-08-23T01:59:55","slug":"el-dolar-blue-corto-su-racha-a-la-baja-y-registro-una-leve-suba","status":"publish","type":"post","link":"https:\/\/apuntesdesanluis.com\/index.php\/2023\/08\/22\/el-dolar-blue-corto-su-racha-a-la-baja-y-registro-una-leve-suba\/","title":{"rendered":"EL D\u00d3LAR BLUE QUE VEN\u00cdA BAJANDO VOLVI\u00d3 A REGISTRAR UNA LEVE SUBA"},"content":{"rendered":"<h3 class=\"yiv7409174924ydp6329976emsonormal\" style=\"text-align: justify; background: white;\"><span style=\"font-family: 'Arial','sans-serif'; color: #1d2228;\">El d\u00f3lar blue cort\u00f3 este martes la racha bajista y subi\u00f3 hasta los $727 en la punta vendedora, mientras que los tipos de cambio financieros operan en alza y el Banco Central (BCRA) volvi\u00f3 a comprar reservas por sexta rueda consecutiva.<\/span><\/h3>\n<h3 class=\"yiv7409174924ydp6329976emsonormal\" style=\"text-align: justify; background: white;\"><span style=\"font-family: 'Arial','sans-serif'; color: #1d2228;\">La divisa paralela, tras las dos fuertes ca\u00eddas del jueves y viernes pasados, en medio de una rueda de alta volatilidad inici\u00f3 la ronda de negocios bajando a $718 para revertir luego la tendencia.<\/span><\/h3>\n<h3 class=\"yiv7409174924ydp6329976emsonormal\" style=\"text-align: justify; background: white;\"><span style=\"font-family: 'Arial','sans-serif'; color: #1d2228;\">El d\u00f3lar informal sube $7 hasta los $727 para la venta y $ 717 en la compra, y la brecha con el tipo de cambio oficial se ubica en 107,2%, tras tocar el mi\u00e9rcoles pasado un r\u00e9cord intradiario de 127,1%, su mayor nivel desde la corrida de julio pasado.<\/span><\/h3>\n<h3 class=\"yiv7409174924ydp6329976emsonormal\" style=\"text-align: justify; background: white;\"><span style=\"font-family: 'Arial','sans-serif'; color: #1d2228;\">En agosto la cotizaci\u00f3n del d\u00f3lar marginal gana $ 177 pesos o un 32,2%, mientras que en el a\u00f1o sube 381 pesos o 110,1%, por encima de la inflaci\u00f3n.<\/span><\/h3>\n<h3 class=\"yiv7409174924ydp6329976emsonormal\" style=\"text-align: justify; background: white;\"><span style=\"font-family: 'Arial','sans-serif'; color: #1d2228;\">El BCRA arranc\u00f3 la semana con compras por sexta rueda seguida por US$ 67 millones en el mercado de cambios y en lo que va de agosto lleva adquiridos US$ 864 millones, superando el nivel de los meses anteriores.<\/span><\/h3>\n<h3 class=\"yiv7409174924ydp6329976emsonormal\" style=\"text-align: justify; background: white;\"><span style=\"font-family: 'Arial','sans-serif'; color: #1d2228;\">Entre los tipos de cambio que aplican para los gastos en el exterior con tarjetas de d\u00e9bito y cr\u00e9dito el d\u00f3lar Qatar se ubica en los $ 659,83 y el d\u00f3lar ahorro (Con impuestos) y el d\u00f3lar tarjeta o turista cotiza en $641,5.<\/span><\/h3>\n<h3 class=\"yiv7409174924ydp6329976emsonormal\" style=\"text-align: justify; background: white;\"><span style=\"font-family: 'Arial','sans-serif'; color: #1d2228;\">En la bolsa de comercio el d\u00f3lar MEP o bolsa sube hasta los $668,2 y la brecha con el oficial alcanza los 90,9%, mientras que d\u00f3lar Contado con Liquidaci\u00f3n trep\u00f3 a $746,80 y la diferencia con el oficial se ubica en 113,3%.<\/span><\/h3>\n<h3 class=\"yiv7409174924ydp6329976emsonormal\" style=\"text-align: justify; background: white;\"><span style=\"font-family: 'Arial','sans-serif'; color: #1d2228;\">El dolar oficial sin los impuestos cerr\u00f3 en el Banco Naci\u00f3n sin cambios a $ 365,5, mientras que en los principales bancos privados del sistema financiero porte\u00f1o el promedio llega a $ 367,5.<\/span><\/h3>\n","protected":false},"excerpt":{"rendered":"<p>El d\u00f3lar blue cort\u00f3 este martes la racha bajista y subi\u00f3 hasta los $727 en&#8230;<\/p>\n","protected":false},"author":1,"featured_media":1379,"comment_status":"closed","ping_status":"closed","sticky":false,"template":"","format":"standard","meta":{"footnotes":""},"categories":[5],"tags":[],"class_list":["post-1946","post","type-post","status-publish","format-standard","has-post-thumbnail","hentry","category-nacionales-internacionales"],"yoast_head":"<!-- This site is optimized with the Yoast SEO plugin v26.1.1 - https:\/\/yoast.com\/wordpress\/plugins\/seo\/ -->\n<title>EL D\u00d3LAR BLUE QUE VEN\u00cdA BAJANDO VOLVI\u00d3 A REGISTRAR UNA LEVE SUBA - Apuntes de San Luis<\/title>\n<meta name=\"robots\" content=\"index, follow, max-snippet:-1, max-image-preview:large, max-video-preview:-1\" \/>\n<link rel=\"canonical\" href=\"https:\/\/apuntesdesanluis.com\/index.php\/2023\/08\/22\/el-dolar-blue-corto-su-racha-a-la-baja-y-registro-una-leve-suba\/\" \/>\n<meta property=\"og:locale\" content=\"es_ES\" \/>\n<meta property=\"og:type\" content=\"article\" \/>\n<meta property=\"og:title\" content=\"EL D\u00d3LAR BLUE QUE VEN\u00cdA BAJANDO VOLVI\u00d3 A REGISTRAR UNA LEVE SUBA - Apuntes de San Luis\" \/>\n<meta property=\"og:description\" content=\"El d\u00f3lar blue cort\u00f3 este martes la racha bajista y subi\u00f3 hasta los $727 en...\" \/>\n<meta property=\"og:url\" content=\"https:\/\/apuntesdesanluis.com\/index.php\/2023\/08\/22\/el-dolar-blue-corto-su-racha-a-la-baja-y-registro-una-leve-suba\/\" \/>\n<meta property=\"og:site_name\" content=\"Apuntes de San Luis\" \/>\n<meta property=\"article:published_time\" content=\"2023-08-23T01:58:53+00:00\" \/>\n<meta property=\"article:modified_time\" content=\"2023-08-23T01:59:55+00:00\" \/>\n<meta property=\"og:image\" content=\"https:\/\/apuntesdesanluis.com\/wp-content\/uploads\/2023\/08\/dolar-2.png\" \/>\n\t<meta property=\"og:image:width\" content=\"600\" \/>\n\t<meta property=\"og:image:height\" content=\"375\" \/>\n\t<meta property=\"og:image:type\" content=\"image\/png\" \/>\n<meta name=\"author\" content=\"apuntesdesanluis.com\" \/>\n<meta name=\"twitter:card\" content=\"summary_large_image\" \/>\n<meta name=\"twitter:label1\" content=\"Escrito por\" \/>\n\t<meta name=\"twitter:data1\" content=\"apuntesdesanluis.com\" \/>\n\t<meta name=\"twitter:label2\" content=\"Tiempo de lectura\" \/>\n\t<meta name=\"twitter:data2\" content=\"2 minutos\" \/>\n<script type=\"application\/ld+json\" class=\"yoast-schema-graph\">{\"@context\":\"https:\/\/schema.org\",\"@graph\":[{\"@type\":\"Article\",\"@id\":\"https:\/\/apuntesdesanluis.com\/index.php\/2023\/08\/22\/el-dolar-blue-corto-su-racha-a-la-baja-y-registro-una-leve-suba\/#article\",\"isPartOf\":{\"@id\":\"https:\/\/apuntesdesanluis.com\/index.php\/2023\/08\/22\/el-dolar-blue-corto-su-racha-a-la-baja-y-registro-una-leve-suba\/\"},\"author\":{\"name\":\"apuntesdesanluis.com\",\"@id\":\"https:\/\/apuntesdesanluis.com\/#\/schema\/person\/b55151d52296fcce64d1a72538a70b90\"},\"headline\":\"EL D\u00d3LAR BLUE QUE VEN\u00cdA BAJANDO VOLVI\u00d3 A REGISTRAR UNA LEVE SUBA\",\"datePublished\":\"2023-08-23T01:58:53+00:00\",\"dateModified\":\"2023-08-23T01:59:55+00:00\",\"mainEntityOfPage\":{\"@id\":\"https:\/\/apuntesdesanluis.com\/index.php\/2023\/08\/22\/el-dolar-blue-corto-su-racha-a-la-baja-y-registro-una-leve-suba\/\"},\"wordCount\":317,\"publisher\":{\"@id\":\"https:\/\/apuntesdesanluis.com\/#\/schema\/person\/b55151d52296fcce64d1a72538a70b90\"},\"image\":{\"@id\":\"https:\/\/apuntesdesanluis.com\/index.php\/2023\/08\/22\/el-dolar-blue-corto-su-racha-a-la-baja-y-registro-una-leve-suba\/#primaryimage\"},\"thumbnailUrl\":\"https:\/\/apuntesdesanluis.com\/wp-content\/uploads\/2023\/08\/dolar-2.png\",\"articleSection\":[\"Nacionales\/Internacionales\"],\"inLanguage\":\"es-AR\"},{\"@type\":\"WebPage\",\"@id\":\"https:\/\/apuntesdesanluis.com\/index.php\/2023\/08\/22\/el-dolar-blue-corto-su-racha-a-la-baja-y-registro-una-leve-suba\/\",\"url\":\"https:\/\/apuntesdesanluis.com\/index.php\/2023\/08\/22\/el-dolar-blue-corto-su-racha-a-la-baja-y-registro-una-leve-suba\/\",\"name\":\"EL D\u00d3LAR BLUE QUE VEN\u00cdA BAJANDO VOLVI\u00d3 A REGISTRAR UNA LEVE SUBA - Apuntes de San Luis\",\"isPartOf\":{\"@id\":\"https:\/\/apuntesdesanluis.com\/#website\"},\"primaryImageOfPage\":{\"@id\":\"https:\/\/apuntesdesanluis.com\/index.php\/2023\/08\/22\/el-dolar-blue-corto-su-racha-a-la-baja-y-registro-una-leve-suba\/#primaryimage\"},\"image\":{\"@id\":\"https:\/\/apuntesdesanluis.com\/index.php\/2023\/08\/22\/el-dolar-blue-corto-su-racha-a-la-baja-y-registro-una-leve-suba\/#primaryimage\"},\"thumbnailUrl\":\"https:\/\/apuntesdesanluis.com\/wp-content\/uploads\/2023\/08\/dolar-2.png\",\"datePublished\":\"2023-08-23T01:58:53+00:00\",\"dateModified\":\"2023-08-23T01:59:55+00:00\",\"breadcrumb\":{\"@id\":\"https:\/\/apuntesdesanluis.com\/index.php\/2023\/08\/22\/el-dolar-blue-corto-su-racha-a-la-baja-y-registro-una-leve-suba\/#breadcrumb\"},\"inLanguage\":\"es-AR\",\"potentialAction\":[{\"@type\":\"ReadAction\",\"target\":[\"https:\/\/apuntesdesanluis.com\/index.php\/2023\/08\/22\/el-dolar-blue-corto-su-racha-a-la-baja-y-registro-una-leve-suba\/\"]}]},{\"@type\":\"ImageObject\",\"inLanguage\":\"es-AR\",\"@id\":\"https:\/\/apuntesdesanluis.com\/index.php\/2023\/08\/22\/el-dolar-blue-corto-su-racha-a-la-baja-y-registro-una-leve-suba\/#primaryimage\",\"url\":\"https:\/\/apuntesdesanluis.com\/wp-content\/uploads\/2023\/08\/dolar-2.png\",\"contentUrl\":\"https:\/\/apuntesdesanluis.com\/wp-content\/uploads\/2023\/08\/dolar-2.png\",\"width\":600,\"height\":375},{\"@type\":\"BreadcrumbList\",\"@id\":\"https:\/\/apuntesdesanluis.com\/index.php\/2023\/08\/22\/el-dolar-blue-corto-su-racha-a-la-baja-y-registro-una-leve-suba\/#breadcrumb\",\"itemListElement\":[{\"@type\":\"ListItem\",\"position\":1,\"name\":\"Inicio\",\"item\":\"https:\/\/apuntesdesanluis.com\/\"},{\"@type\":\"ListItem\",\"position\":2,\"name\":\"EL D\u00d3LAR BLUE QUE VEN\u00cdA BAJANDO VOLVI\u00d3 A REGISTRAR UNA LEVE SUBA\"}]},{\"@type\":\"WebSite\",\"@id\":\"https:\/\/apuntesdesanluis.com\/#website\",\"url\":\"https:\/\/apuntesdesanluis.com\/\",\"name\":\"Apuntes de San Luis\",\"description\":\"\",\"publisher\":{\"@id\":\"https:\/\/apuntesdesanluis.com\/#\/schema\/person\/b55151d52296fcce64d1a72538a70b90\"},\"potentialAction\":[{\"@type\":\"SearchAction\",\"target\":{\"@type\":\"EntryPoint\",\"urlTemplate\":\"https:\/\/apuntesdesanluis.com\/?s={search_term_string}\"},\"query-input\":{\"@type\":\"PropertyValueSpecification\",\"valueRequired\":true,\"valueName\":\"search_term_string\"}}],\"inLanguage\":\"es-AR\"},{\"@type\":[\"Person\",\"Organization\"],\"@id\":\"https:\/\/apuntesdesanluis.com\/#\/schema\/person\/b55151d52296fcce64d1a72538a70b90\",\"name\":\"apuntesdesanluis.com\",\"image\":{\"@type\":\"ImageObject\",\"inLanguage\":\"es-AR\",\"@id\":\"https:\/\/apuntesdesanluis.com\/#\/schema\/person\/image\/\",\"url\":\"https:\/\/apuntesdesanluis.com\/wp-content\/uploads\/2023\/07\/cropped-apuntesdesanluis.png\",\"contentUrl\":\"https:\/\/apuntesdesanluis.com\/wp-content\/uploads\/2023\/07\/cropped-apuntesdesanluis.png\",\"width\":450,\"height\":112,\"caption\":\"apuntesdesanluis.com\"},\"logo\":{\"@id\":\"https:\/\/apuntesdesanluis.com\/#\/schema\/person\/image\/\"},\"sameAs\":[\"https:\/\/apuntesdesanluis.com\"],\"url\":\"https:\/\/apuntesdesanluis.com\/index.php\/author\/apuntesdesanluis-com\/\"}]}<\/script>\n<!-- \/ Yoast SEO plugin. -->","yoast_head_json":{"title":"EL D\u00d3LAR BLUE QUE VEN\u00cdA BAJANDO VOLVI\u00d3 A REGISTRAR UNA LEVE SUBA - Apuntes de San Luis","robots":{"index":"index","follow":"follow","max-snippet":"max-snippet:-1","max-image-preview":"max-image-preview:large","max-video-preview":"max-video-preview:-1"},"canonical":"https:\/\/apuntesdesanluis.com\/index.php\/2023\/08\/22\/el-dolar-blue-corto-su-racha-a-la-baja-y-registro-una-leve-suba\/","og_locale":"es_ES","og_type":"article","og_title":"EL D\u00d3LAR BLUE QUE VEN\u00cdA BAJANDO VOLVI\u00d3 A REGISTRAR UNA LEVE SUBA - Apuntes de San Luis","og_description":"El d\u00f3lar blue cort\u00f3 este martes la racha bajista y subi\u00f3 hasta los $727 en...","og_url":"https:\/\/apuntesdesanluis.com\/index.php\/2023\/08\/22\/el-dolar-blue-corto-su-racha-a-la-baja-y-registro-una-leve-suba\/","og_site_name":"Apuntes de San Luis","article_published_time":"2023-08-23T01:58:53+00:00","article_modified_time":"2023-08-23T01:59:55+00:00","og_image":[{"width":600,"height":375,"url":"https:\/\/apuntesdesanluis.com\/wp-content\/uploads\/2023\/08\/dolar-2.png","type":"image\/png"}],"author":"apuntesdesanluis.com","twitter_card":"summary_large_image","twitter_misc":{"Escrito por":"apuntesdesanluis.com","Tiempo de lectura":"2 minutos"},"schema":{"@context":"https:\/\/schema.org","@graph":[{"@type":"Article","@id":"https:\/\/apuntesdesanluis.com\/index.php\/2023\/08\/22\/el-dolar-blue-corto-su-racha-a-la-baja-y-registro-una-leve-suba\/#article","isPartOf":{"@id":"https:\/\/apuntesdesanluis.com\/index.php\/2023\/08\/22\/el-dolar-blue-corto-su-racha-a-la-baja-y-registro-una-leve-suba\/"},"author":{"name":"apuntesdesanluis.com","@id":"https:\/\/apuntesdesanluis.com\/#\/schema\/person\/b55151d52296fcce64d1a72538a70b90"},"headline":"EL D\u00d3LAR BLUE QUE VEN\u00cdA BAJANDO VOLVI\u00d3 A REGISTRAR UNA LEVE SUBA","datePublished":"2023-08-23T01:58:53+00:00","dateModified":"2023-08-23T01:59:55+00:00","mainEntityOfPage":{"@id":"https:\/\/apuntesdesanluis.com\/index.php\/2023\/08\/22\/el-dolar-blue-corto-su-racha-a-la-baja-y-registro-una-leve-suba\/"},"wordCount":317,"publisher":{"@id":"https:\/\/apuntesdesanluis.com\/#\/schema\/person\/b55151d52296fcce64d1a72538a70b90"},"image":{"@id":"https:\/\/apuntesdesanluis.com\/index.php\/2023\/08\/22\/el-dolar-blue-corto-su-racha-a-la-baja-y-registro-una-leve-suba\/#primaryimage"},"thumbnailUrl":"https:\/\/apuntesdesanluis.com\/wp-content\/uploads\/2023\/08\/dolar-2.png","articleSection":["Nacionales\/Internacionales"],"inLanguage":"es-AR"},{"@type":"WebPage","@id":"https:\/\/apuntesdesanluis.com\/index.php\/2023\/08\/22\/el-dolar-blue-corto-su-racha-a-la-baja-y-registro-una-leve-suba\/","url":"https:\/\/apuntesdesanluis.com\/index.php\/2023\/08\/22\/el-dolar-blue-corto-su-racha-a-la-baja-y-registro-una-leve-suba\/","name":"EL D\u00d3LAR BLUE QUE VEN\u00cdA BAJANDO VOLVI\u00d3 A REGISTRAR UNA LEVE SUBA - Apuntes de San Luis","isPartOf":{"@id":"https:\/\/apuntesdesanluis.com\/#website"},"primaryImageOfPage":{"@id":"https:\/\/apuntesdesanluis.com\/index.php\/2023\/08\/22\/el-dolar-blue-corto-su-racha-a-la-baja-y-registro-una-leve-suba\/#primaryimage"},"image":{"@id":"https:\/\/apuntesdesanluis.com\/index.php\/2023\/08\/22\/el-dolar-blue-corto-su-racha-a-la-baja-y-registro-una-leve-suba\/#primaryimage"},"thumbnailUrl":"https:\/\/apuntesdesanluis.com\/wp-content\/uploads\/2023\/08\/dolar-2.png","datePublished":"2023-08-23T01:58:53+00:00","dateModified":"2023-08-23T01:59:55+00:00","breadcrumb":{"@id":"https:\/\/apuntesdesanluis.com\/index.php\/2023\/08\/22\/el-dolar-blue-corto-su-racha-a-la-baja-y-registro-una-leve-suba\/#breadcrumb"},"inLanguage":"es-AR","potentialAction":[{"@type":"ReadAction","target":["https:\/\/apuntesdesanluis.com\/index.php\/2023\/08\/22\/el-dolar-blue-corto-su-racha-a-la-baja-y-registro-una-leve-suba\/"]}]},{"@type":"ImageObject","inLanguage":"es-AR","@id":"https:\/\/apuntesdesanluis.com\/index.php\/2023\/08\/22\/el-dolar-blue-corto-su-racha-a-la-baja-y-registro-una-leve-suba\/#primaryimage","url":"https:\/\/apuntesdesanluis.com\/wp-content\/uploads\/2023\/08\/dolar-2.png","contentUrl":"https:\/\/apuntesdesanluis.com\/wp-content\/uploads\/2023\/08\/dolar-2.png","width":600,"height":375},{"@type":"BreadcrumbList","@id":"https:\/\/apuntesdesanluis.com\/index.php\/2023\/08\/22\/el-dolar-blue-corto-su-racha-a-la-baja-y-registro-una-leve-suba\/#breadcrumb","itemListElement":[{"@type":"ListItem","position":1,"name":"Inicio","item":"https:\/\/apuntesdesanluis.com\/"},{"@type":"ListItem","position":2,"name":"EL D\u00d3LAR BLUE QUE VEN\u00cdA BAJANDO VOLVI\u00d3 A REGISTRAR UNA LEVE SUBA"}]},{"@type":"WebSite","@id":"https:\/\/apuntesdesanluis.com\/#website","url":"https:\/\/apuntesdesanluis.com\/","name":"Apuntes de San Luis","description":"","publisher":{"@id":"https:\/\/apuntesdesanluis.com\/#\/schema\/person\/b55151d52296fcce64d1a72538a70b90"},"potentialAction":[{"@type":"SearchAction","target":{"@type":"EntryPoint","urlTemplate":"https:\/\/apuntesdesanluis.com\/?s={search_term_string}"},"query-input":{"@type":"PropertyValueSpecification","valueRequired":true,"valueName":"search_term_string"}}],"inLanguage":"es-AR"},{"@type":["Person","Organization"],"@id":"https:\/\/apuntesdesanluis.com\/#\/schema\/person\/b55151d52296fcce64d1a72538a70b90","name":"apuntesdesanluis.com","image":{"@type":"ImageObject","inLanguage":"es-AR","@id":"https:\/\/apuntesdesanluis.com\/#\/schema\/person\/image\/","url":"https:\/\/apuntesdesanluis.com\/wp-content\/uploads\/2023\/07\/cropped-apuntesdesanluis.png","contentUrl":"https:\/\/apuntesdesanluis.com\/wp-content\/uploads\/2023\/07\/cropped-apuntesdesanluis.png","width":450,"height":112,"caption":"apuntesdesanluis.com"},"logo":{"@id":"https:\/\/apuntesdesanluis.com\/#\/schema\/person\/image\/"},"sameAs":["https:\/\/apuntesdesanluis.com"],"url":"https:\/\/apuntesdesanluis.com\/index.php\/author\/apuntesdesanluis-com\/"}]}},"featured_image_urls":{"full":["https:\/\/apuntesdesanluis.com\/wp-content\/uploads\/2023\/08\/dolar-2.png",600,375,false],"thumbnail":["https:\/\/apuntesdesanluis.com\/wp-content\/uploads\/2023\/08\/dolar-2-150x150.png",150,150,true],"medium":["https:\/\/apuntesdesanluis.com\/wp-content\/uploads\/2023\/08\/dolar-2-300x188.png",300,188,true],"medium_large":["https:\/\/apuntesdesanluis.com\/wp-content\/uploads\/2023\/08\/dolar-2.png",600,375,false],"large":["https:\/\/apuntesdesanluis.com\/wp-content\/uploads\/2023\/08\/dolar-2.png",600,375,false],"1536x1536":["https:\/\/apuntesdesanluis.com\/wp-content\/uploads\/2023\/08\/dolar-2.png",600,375,false],"2048x2048":["https:\/\/apuntesdesanluis.com\/wp-content\/uploads\/2023\/08\/dolar-2.png",600,375,false],"newsever-slider-full":["https:\/\/apuntesdesanluis.com\/wp-content\/uploads\/2023\/08\/dolar-2.png",600,375,false],"newsever-featured":["https:\/\/apuntesdesanluis.com\/wp-content\/uploads\/2023\/08\/dolar-2.png",600,375,false],"newsever-medium":["https:\/\/apuntesdesanluis.com\/wp-content\/uploads\/2023\/08\/dolar-2.png",600,375,false]},"author_info":{"display_name":"apuntesdesanluis.com","author_link":"https:\/\/apuntesdesanluis.com\/index.php\/author\/apuntesdesanluis-com\/"},"category_info":"<a href=\"https:\/\/apuntesdesanluis.com\/index.php\/category\/nacionales-internacionales\/\" rel=\"category tag\">Nacionales\/Internacionales<\/a>","tag_info":"Nacionales\/Internacionales","comment_count":"0","_links":{"self":[{"href":"https:\/\/apuntesdesanluis.com\/index.php\/wp-json\/wp\/v2\/posts\/1946","targetHints":{"allow":["GET"]}}],"collection":[{"href":"https:\/\/apuntesdesanluis.com\/index.php\/wp-json\/wp\/v2\/posts"}],"about":[{"href":"https:\/\/apuntesdesanluis.com\/index.php\/wp-json\/wp\/v2\/types\/post"}],"author":[{"embeddable":true,"href":"https:\/\/apuntesdesanluis.com\/index.php\/wp-json\/wp\/v2\/users\/1"}],"replies":[{"embeddable":true,"href":"https:\/\/apuntesdesanluis.com\/index.php\/wp-json\/wp\/v2\/comments?post=1946"}],"version-history":[{"count":2,"href":"https:\/\/apuntesdesanluis.com\/index.php\/wp-json\/wp\/v2\/posts\/1946\/revisions"}],"predecessor-version":[{"id":1948,"href":"https:\/\/apuntesdesanluis.com\/index.php\/wp-json\/wp\/v2\/posts\/1946\/revisions\/1948"}],"wp:featuredmedia":[{"embeddable":true,"href":"https:\/\/apuntesdesanluis.com\/index.php\/wp-json\/wp\/v2\/media\/1379"}],"wp:attachment":[{"href":"https:\/\/apuntesdesanluis.com\/index.php\/wp-json\/wp\/v2\/media?parent=1946"}],"wp:term":[{"taxonomy":"category","embeddable":true,"href":"https:\/\/apuntesdesanluis.com\/index.php\/wp-json\/wp\/v2\/categories?post=1946"},{"taxonomy":"post_tag","embeddable":true,"href":"https:\/\/apuntesdesanluis.com\/index.php\/wp-json\/wp\/v2\/tags?post=1946"}],"curies":[{"name":"wp","href":"https:\/\/api.w.org\/{rel}","templated":true}]}}