{"id":19462,"date":"2024-07-17T21:31:53","date_gmt":"2024-07-18T00:31:53","guid":{"rendered":"https:\/\/apuntesdesanluis.com\/?p=19462"},"modified":"2024-07-17T21:31:53","modified_gmt":"2024-07-18T00:31:53","slug":"lo-echaron-nomas-a-julio-garro-por-decir-que-messi-tenia-que-pedir-disculpas-a-francia","status":"publish","type":"post","link":"https:\/\/apuntesdesanluis.com\/index.php\/2024\/07\/17\/lo-echaron-nomas-a-julio-garro-por-decir-que-messi-tenia-que-pedir-disculpas-a-francia\/","title":{"rendered":"LO ECHARON NOM\u00c1S A JULIO GARRO, POR DECIR QUE MESSI TEN\u00cdA QUE PEDIR DISCULPAS A FRANCIA"},"content":{"rendered":"<h3>El ex intendente de La Plata se desempe\u00f1aba como <strong>Subsecretario de Deportes<\/strong>. \u201cNing\u00fan gobierno puede decirle qu\u00e9 comentar, qu\u00e9 pensar o qu\u00e9 hacer a la Selecci\u00f3n Argentina Campeona del Mundo y Bicampeona de Am\u00e9rica, ni a ning\u00fan otro ciudadano\u201d, afirm\u00f3 el Ejecutivo en un comunicado oficial<\/h3>\n<h3>El Gobierno, a trav\u00e9s de la Oficina del Presidente, anunci\u00f3 que <strong>Julio Garro<\/strong>, subsecretario de Deportes, fue eyectado de su cargo por decir que Lionel Messi ten\u00eda que pedir disculpas por la pol\u00e9mica que se gener\u00f3 con Francia, a ra\u00edz del video en el que el plantel de la selecci\u00f3n argentina est\u00e1 celebrando una canci\u00f3n con contenido racista durante los festejos por la obtenci\u00f3n de la Copa Am\u00e9rica.<\/h3>\n<h3>\u201cLa Oficina del Presidente informa que ning\u00fan gobierno puede decirle qu\u00e9 comentar, qu\u00e9 pensar o qu\u00e9 hacer a la Selecci\u00f3n Argentina Campeona del Mundo y Bicampeona de Am\u00e9rica, ni a ning\u00fan otro ciudadano. Por esta raz\u00f3n, Julio Garro deja de ser Subsecretario de Deportes de la Naci\u00f3n\u201d, informaron en la cuenta oficial de X.<\/h3>\n<h3><img fetchpriority=\"high\" decoding=\"async\" class=\"wp-image-19464 aligncenter\" src=\"https:\/\/apuntesdesanluis.com\/wp-content\/uploads\/2024\/07\/COMUNICADO-DE-PRESIDENCIA-300x285.png\" alt=\"\" width=\"628\" height=\"597\" srcset=\"https:\/\/apuntesdesanluis.com\/wp-content\/uploads\/2024\/07\/COMUNICADO-DE-PRESIDENCIA-300x285.png 300w, https:\/\/apuntesdesanluis.com\/wp-content\/uploads\/2024\/07\/COMUNICADO-DE-PRESIDENCIA.png 600w\" sizes=\"(max-width: 628px) 100vw, 628px\" \/><\/h3>\n<h4 style=\"text-align: center;\"><em>El comunicado oficial de Presidencia.<\/em><\/h4>\n<h3>Garro, dirigente cercano al ex presidente Mauricio Macri, qued\u00f3 envuelto en la controversia durante una entrevista que brind\u00f3 a primera hora de este mi\u00e9rcoles 17 de julio en radio Urbana Play. All\u00ed fue consultado por la situaci\u00f3n, luego de una introducci\u00f3n en la que la periodista Mar\u00eda O\u2019Donnell critic\u00f3 la actitud de los jugadores argentinos. El funcionario nacional opin\u00f3 en el mismo sentido: \u201cCreo que el capit\u00e1n de la Selecci\u00f3n (en referencia a Lionel Messi) debe salir a pedir las disculpas de ese caso, lo mismo que el presidente de la AFA. Creo que corresponde y coincido con vos, es algo que nos deja como pa\u00eds mal parados con tanta gloria y ser\u00eda bueno llevar esto a algo ejemplificativo\u201d, sostuvo Garro.<\/h3>\n<h3>Sus palabras, sin embargo, estuvieron planteadas en el sentido contrario a la opini\u00f3n dominante en el entorno partidario al presidente Javier Milei, que r\u00e1pidamente busc\u00f3 relativizar la pol\u00e9mica se\u00f1alando que se trat\u00f3 s\u00f3lo de un c\u00e1ntico de hinchada. Al advertir eso, Garro se esforz\u00f3 por aclarar que su intenci\u00f3n nunca hab\u00eda sido exigirle una disculpa p\u00fablica al capit\u00e1n del seleccionado que dirige Lionel Scaloni.<\/h3>\n<h3>En medio de ese intento, no obstante, lo cruz\u00f3 uno de los referentes de La Libertad Avanza en las redes sociales: Daniel Parissini, conocido en el mundo virtual como El Gordo Dan, le marc\u00f3 a Garro su contradicci\u00f3n. \u201cLo dijiste al aire bro\u201d, escribi\u00f3 frente a la pretendida aclaraci\u00f3n del ex intendente de La Plata.<\/h3>\n<h3>El malestar con el ahora ex subsecretario de Deportes de la Naci\u00f3n mostr\u00f3 otro pico cuando nada menos que el presidente Javier Milei lo expuso en X. Fue al replicar el mensaje de otro usuario que ped\u00eda la salida de Garro. \u201cTodos sabemos lo que el javo ama y banca a Messi incluso desde que era totalmente criticado\u2026 Decir que Messi tiene que PEDIR DISCULPAS a unos europeos colonizadores por una canci\u00f3n que encima dice la verdad, es ir TOTALMENTE EN CONTRA de la ideolog\u00eda del javo. GARRO TIENE QUE ESTAR AFUERA YA MISMO\u201d, se\u00f1al\u00f3 el usuario @elpittttt. El jefe de Estado ampli\u00f3 el alcance de ese mensaje.<\/h3>\n<h3>En ese contexto, cuando ya se volv\u00eda evidente que su lugar en el Gobierno ten\u00eda las horas contadas, Garro realiz\u00f3 un nuevo intento por despegar al Ejecutivo de sus dichos. En este caso fue en otra entrevista, esta vez por Radio La Red, en la que dijo que sus palabras fueron a t\u00edtulo personal y que bajo ning\u00fan aspecto expresaban una posici\u00f3n oficial.<\/h3>\n<h3>Nada alcanz\u00f3. Pasadas las 20 horas, la cuenta que difunde comunicaciones oficiales del Ejecutivo nacional a trav\u00e9s de X, inform\u00f3 que la salida de Garro era un hecho. Lo hizo, con un mensaje que puso \u00e9nfasis en defender a los jugadores de la selecci\u00f3n campeona del mundo y Am\u00e9rica.<\/h3>\n<p>&nbsp;<\/p>\n<h3><span style=\"color: #3366ff;\">NOTICIA RELACIONADA:<\/span><\/h3>\n<p><a href=\"https:\/\/apuntesdesanluis.com\/index.php\/2024\/07\/17\/el-subsecretario-de-deportes-tambien-en-la-cuerda-floja-tras-sus-dichos-sobre-messi\/\" target=\"_blank\" rel=\"noopener\"><img decoding=\"async\" class=\"alignnone  wp-image-19465\" src=\"https:\/\/apuntesdesanluis.com\/wp-content\/uploads\/2024\/07\/POSTEO-2-300x218.png\" alt=\"\" width=\"564\" height=\"410\" srcset=\"https:\/\/apuntesdesanluis.com\/wp-content\/uploads\/2024\/07\/POSTEO-2-300x218.png 300w, https:\/\/apuntesdesanluis.com\/wp-content\/uploads\/2024\/07\/POSTEO-2.png 600w\" sizes=\"(max-width: 564px) 100vw, 564px\" \/><\/a><\/p>\n<p>&nbsp;<\/p>\n<p>&nbsp;<\/p>\n<p>&nbsp;<\/p>\n<p>&nbsp;<\/p>\n","protected":false},"excerpt":{"rendered":"<p>El ex intendente de La Plata se desempe\u00f1aba como Subsecretario de Deportes. \u201cNing\u00fan gobierno puede&#8230;<\/p>\n","protected":false},"author":1,"featured_media":19463,"comment_status":"closed","ping_status":"closed","sticky":false,"template":"","format":"standard","meta":{"footnotes":""},"categories":[8,5],"tags":[],"class_list":["post-19462","post","type-post","status-publish","format-standard","has-post-thumbnail","hentry","category-deportes","category-nacionales-internacionales"],"yoast_head":"<!-- This site is optimized with the Yoast SEO plugin v26.1.1 - https:\/\/yoast.com\/wordpress\/plugins\/seo\/ -->\n<title>LO ECHARON NOM\u00c1S A JULIO GARRO, POR DECIR QUE MESSI TEN\u00cdA QUE PEDIR DISCULPAS A FRANCIA - Apuntes de San Luis<\/title>\n<meta name=\"robots\" content=\"index, follow, max-snippet:-1, max-image-preview:large, max-video-preview:-1\" \/>\n<link rel=\"canonical\" href=\"https:\/\/apuntesdesanluis.com\/index.php\/2024\/07\/17\/lo-echaron-nomas-a-julio-garro-por-decir-que-messi-tenia-que-pedir-disculpas-a-francia\/\" \/>\n<meta property=\"og:locale\" content=\"es_ES\" \/>\n<meta property=\"og:type\" content=\"article\" \/>\n<meta property=\"og:title\" content=\"LO ECHARON NOM\u00c1S A JULIO GARRO, POR DECIR QUE MESSI TEN\u00cdA QUE PEDIR DISCULPAS A FRANCIA - Apuntes de San Luis\" \/>\n<meta property=\"og:description\" content=\"El ex intendente de La Plata se desempe\u00f1aba como Subsecretario de Deportes. \u201cNing\u00fan gobierno puede...\" \/>\n<meta property=\"og:url\" content=\"https:\/\/apuntesdesanluis.com\/index.php\/2024\/07\/17\/lo-echaron-nomas-a-julio-garro-por-decir-que-messi-tenia-que-pedir-disculpas-a-francia\/\" \/>\n<meta property=\"og:site_name\" content=\"Apuntes de San Luis\" \/>\n<meta property=\"article:published_time\" content=\"2024-07-18T00:31:53+00:00\" \/>\n<meta property=\"og:image\" content=\"https:\/\/apuntesdesanluis.com\/wp-content\/uploads\/2024\/07\/MILEI-ECHO-A-GARRO.png\" \/>\n\t<meta property=\"og:image:width\" content=\"700\" \/>\n\t<meta property=\"og:image:height\" content=\"375\" \/>\n\t<meta property=\"og:image:type\" content=\"image\/png\" \/>\n<meta name=\"author\" content=\"apuntesdesanluis.com\" \/>\n<meta name=\"twitter:card\" content=\"summary_large_image\" \/>\n<meta name=\"twitter:label1\" content=\"Escrito por\" \/>\n\t<meta name=\"twitter:data1\" content=\"apuntesdesanluis.com\" \/>\n\t<meta name=\"twitter:label2\" content=\"Tiempo de lectura\" \/>\n\t<meta name=\"twitter:data2\" content=\"4 minutos\" \/>\n<script type=\"application\/ld+json\" class=\"yoast-schema-graph\">{\"@context\":\"https:\/\/schema.org\",\"@graph\":[{\"@type\":\"Article\",\"@id\":\"https:\/\/apuntesdesanluis.com\/index.php\/2024\/07\/17\/lo-echaron-nomas-a-julio-garro-por-decir-que-messi-tenia-que-pedir-disculpas-a-francia\/#article\",\"isPartOf\":{\"@id\":\"https:\/\/apuntesdesanluis.com\/index.php\/2024\/07\/17\/lo-echaron-nomas-a-julio-garro-por-decir-que-messi-tenia-que-pedir-disculpas-a-francia\/\"},\"author\":{\"name\":\"apuntesdesanluis.com\",\"@id\":\"https:\/\/apuntesdesanluis.com\/#\/schema\/person\/b55151d52296fcce64d1a72538a70b90\"},\"headline\":\"LO ECHARON NOM\u00c1S A JULIO GARRO, POR DECIR QUE MESSI TEN\u00cdA QUE PEDIR DISCULPAS A FRANCIA\",\"datePublished\":\"2024-07-18T00:31:53+00:00\",\"mainEntityOfPage\":{\"@id\":\"https:\/\/apuntesdesanluis.com\/index.php\/2024\/07\/17\/lo-echaron-nomas-a-julio-garro-por-decir-que-messi-tenia-que-pedir-disculpas-a-francia\/\"},\"wordCount\":709,\"publisher\":{\"@id\":\"https:\/\/apuntesdesanluis.com\/#\/schema\/person\/b55151d52296fcce64d1a72538a70b90\"},\"image\":{\"@id\":\"https:\/\/apuntesdesanluis.com\/index.php\/2024\/07\/17\/lo-echaron-nomas-a-julio-garro-por-decir-que-messi-tenia-que-pedir-disculpas-a-francia\/#primaryimage\"},\"thumbnailUrl\":\"https:\/\/apuntesdesanluis.com\/wp-content\/uploads\/2024\/07\/MILEI-ECHO-A-GARRO.png\",\"articleSection\":[\"Deportes\",\"Nacionales\/Internacionales\"],\"inLanguage\":\"es-AR\"},{\"@type\":\"WebPage\",\"@id\":\"https:\/\/apuntesdesanluis.com\/index.php\/2024\/07\/17\/lo-echaron-nomas-a-julio-garro-por-decir-que-messi-tenia-que-pedir-disculpas-a-francia\/\",\"url\":\"https:\/\/apuntesdesanluis.com\/index.php\/2024\/07\/17\/lo-echaron-nomas-a-julio-garro-por-decir-que-messi-tenia-que-pedir-disculpas-a-francia\/\",\"name\":\"LO ECHARON NOM\u00c1S A JULIO GARRO, POR DECIR QUE MESSI TEN\u00cdA QUE PEDIR DISCULPAS A FRANCIA - Apuntes de San Luis\",\"isPartOf\":{\"@id\":\"https:\/\/apuntesdesanluis.com\/#website\"},\"primaryImageOfPage\":{\"@id\":\"https:\/\/apuntesdesanluis.com\/index.php\/2024\/07\/17\/lo-echaron-nomas-a-julio-garro-por-decir-que-messi-tenia-que-pedir-disculpas-a-francia\/#primaryimage\"},\"image\":{\"@id\":\"https:\/\/apuntesdesanluis.com\/index.php\/2024\/07\/17\/lo-echaron-nomas-a-julio-garro-por-decir-que-messi-tenia-que-pedir-disculpas-a-francia\/#primaryimage\"},\"thumbnailUrl\":\"https:\/\/apuntesdesanluis.com\/wp-content\/uploads\/2024\/07\/MILEI-ECHO-A-GARRO.png\",\"datePublished\":\"2024-07-18T00:31:53+00:00\",\"breadcrumb\":{\"@id\":\"https:\/\/apuntesdesanluis.com\/index.php\/2024\/07\/17\/lo-echaron-nomas-a-julio-garro-por-decir-que-messi-tenia-que-pedir-disculpas-a-francia\/#breadcrumb\"},\"inLanguage\":\"es-AR\",\"potentialAction\":[{\"@type\":\"ReadAction\",\"target\":[\"https:\/\/apuntesdesanluis.com\/index.php\/2024\/07\/17\/lo-echaron-nomas-a-julio-garro-por-decir-que-messi-tenia-que-pedir-disculpas-a-francia\/\"]}]},{\"@type\":\"ImageObject\",\"inLanguage\":\"es-AR\",\"@id\":\"https:\/\/apuntesdesanluis.com\/index.php\/2024\/07\/17\/lo-echaron-nomas-a-julio-garro-por-decir-que-messi-tenia-que-pedir-disculpas-a-francia\/#primaryimage\",\"url\":\"https:\/\/apuntesdesanluis.com\/wp-content\/uploads\/2024\/07\/MILEI-ECHO-A-GARRO.png\",\"contentUrl\":\"https:\/\/apuntesdesanluis.com\/wp-content\/uploads\/2024\/07\/MILEI-ECHO-A-GARRO.png\",\"width\":700,\"height\":375},{\"@type\":\"BreadcrumbList\",\"@id\":\"https:\/\/apuntesdesanluis.com\/index.php\/2024\/07\/17\/lo-echaron-nomas-a-julio-garro-por-decir-que-messi-tenia-que-pedir-disculpas-a-francia\/#breadcrumb\",\"itemListElement\":[{\"@type\":\"ListItem\",\"position\":1,\"name\":\"Inicio\",\"item\":\"https:\/\/apuntesdesanluis.com\/\"},{\"@type\":\"ListItem\",\"position\":2,\"name\":\"LO ECHARON NOM\u00c1S A JULIO GARRO, POR DECIR QUE MESSI TEN\u00cdA QUE PEDIR DISCULPAS A FRANCIA\"}]},{\"@type\":\"WebSite\",\"@id\":\"https:\/\/apuntesdesanluis.com\/#website\",\"url\":\"https:\/\/apuntesdesanluis.com\/\",\"name\":\"Apuntes de San Luis\",\"description\":\"\",\"publisher\":{\"@id\":\"https:\/\/apuntesdesanluis.com\/#\/schema\/person\/b55151d52296fcce64d1a72538a70b90\"},\"potentialAction\":[{\"@type\":\"SearchAction\",\"target\":{\"@type\":\"EntryPoint\",\"urlTemplate\":\"https:\/\/apuntesdesanluis.com\/?s={search_term_string}\"},\"query-input\":{\"@type\":\"PropertyValueSpecification\",\"valueRequired\":true,\"valueName\":\"search_term_string\"}}],\"inLanguage\":\"es-AR\"},{\"@type\":[\"Person\",\"Organization\"],\"@id\":\"https:\/\/apuntesdesanluis.com\/#\/schema\/person\/b55151d52296fcce64d1a72538a70b90\",\"name\":\"apuntesdesanluis.com\",\"image\":{\"@type\":\"ImageObject\",\"inLanguage\":\"es-AR\",\"@id\":\"https:\/\/apuntesdesanluis.com\/#\/schema\/person\/image\/\",\"url\":\"https:\/\/apuntesdesanluis.com\/wp-content\/uploads\/2023\/07\/cropped-apuntesdesanluis.png\",\"contentUrl\":\"https:\/\/apuntesdesanluis.com\/wp-content\/uploads\/2023\/07\/cropped-apuntesdesanluis.png\",\"width\":450,\"height\":112,\"caption\":\"apuntesdesanluis.com\"},\"logo\":{\"@id\":\"https:\/\/apuntesdesanluis.com\/#\/schema\/person\/image\/\"},\"sameAs\":[\"https:\/\/apuntesdesanluis.com\"],\"url\":\"https:\/\/apuntesdesanluis.com\/index.php\/author\/apuntesdesanluis-com\/\"}]}<\/script>\n<!-- \/ Yoast SEO plugin. -->","yoast_head_json":{"title":"LO ECHARON NOM\u00c1S A JULIO GARRO, POR DECIR QUE MESSI TEN\u00cdA QUE PEDIR DISCULPAS A FRANCIA - Apuntes de San Luis","robots":{"index":"index","follow":"follow","max-snippet":"max-snippet:-1","max-image-preview":"max-image-preview:large","max-video-preview":"max-video-preview:-1"},"canonical":"https:\/\/apuntesdesanluis.com\/index.php\/2024\/07\/17\/lo-echaron-nomas-a-julio-garro-por-decir-que-messi-tenia-que-pedir-disculpas-a-francia\/","og_locale":"es_ES","og_type":"article","og_title":"LO ECHARON NOM\u00c1S A JULIO GARRO, POR DECIR QUE MESSI TEN\u00cdA QUE PEDIR DISCULPAS A FRANCIA - Apuntes de San Luis","og_description":"El ex intendente de La Plata se desempe\u00f1aba como Subsecretario de Deportes. \u201cNing\u00fan gobierno puede...","og_url":"https:\/\/apuntesdesanluis.com\/index.php\/2024\/07\/17\/lo-echaron-nomas-a-julio-garro-por-decir-que-messi-tenia-que-pedir-disculpas-a-francia\/","og_site_name":"Apuntes de San Luis","article_published_time":"2024-07-18T00:31:53+00:00","og_image":[{"width":700,"height":375,"url":"https:\/\/apuntesdesanluis.com\/wp-content\/uploads\/2024\/07\/MILEI-ECHO-A-GARRO.png","type":"image\/png"}],"author":"apuntesdesanluis.com","twitter_card":"summary_large_image","twitter_misc":{"Escrito por":"apuntesdesanluis.com","Tiempo de lectura":"4 minutos"},"schema":{"@context":"https:\/\/schema.org","@graph":[{"@type":"Article","@id":"https:\/\/apuntesdesanluis.com\/index.php\/2024\/07\/17\/lo-echaron-nomas-a-julio-garro-por-decir-que-messi-tenia-que-pedir-disculpas-a-francia\/#article","isPartOf":{"@id":"https:\/\/apuntesdesanluis.com\/index.php\/2024\/07\/17\/lo-echaron-nomas-a-julio-garro-por-decir-que-messi-tenia-que-pedir-disculpas-a-francia\/"},"author":{"name":"apuntesdesanluis.com","@id":"https:\/\/apuntesdesanluis.com\/#\/schema\/person\/b55151d52296fcce64d1a72538a70b90"},"headline":"LO ECHARON NOM\u00c1S A JULIO GARRO, POR DECIR QUE MESSI TEN\u00cdA QUE PEDIR DISCULPAS A FRANCIA","datePublished":"2024-07-18T00:31:53+00:00","mainEntityOfPage":{"@id":"https:\/\/apuntesdesanluis.com\/index.php\/2024\/07\/17\/lo-echaron-nomas-a-julio-garro-por-decir-que-messi-tenia-que-pedir-disculpas-a-francia\/"},"wordCount":709,"publisher":{"@id":"https:\/\/apuntesdesanluis.com\/#\/schema\/person\/b55151d52296fcce64d1a72538a70b90"},"image":{"@id":"https:\/\/apuntesdesanluis.com\/index.php\/2024\/07\/17\/lo-echaron-nomas-a-julio-garro-por-decir-que-messi-tenia-que-pedir-disculpas-a-francia\/#primaryimage"},"thumbnailUrl":"https:\/\/apuntesdesanluis.com\/wp-content\/uploads\/2024\/07\/MILEI-ECHO-A-GARRO.png","articleSection":["Deportes","Nacionales\/Internacionales"],"inLanguage":"es-AR"},{"@type":"WebPage","@id":"https:\/\/apuntesdesanluis.com\/index.php\/2024\/07\/17\/lo-echaron-nomas-a-julio-garro-por-decir-que-messi-tenia-que-pedir-disculpas-a-francia\/","url":"https:\/\/apuntesdesanluis.com\/index.php\/2024\/07\/17\/lo-echaron-nomas-a-julio-garro-por-decir-que-messi-tenia-que-pedir-disculpas-a-francia\/","name":"LO ECHARON NOM\u00c1S A JULIO GARRO, POR DECIR QUE MESSI TEN\u00cdA QUE PEDIR DISCULPAS A FRANCIA - Apuntes de San Luis","isPartOf":{"@id":"https:\/\/apuntesdesanluis.com\/#website"},"primaryImageOfPage":{"@id":"https:\/\/apuntesdesanluis.com\/index.php\/2024\/07\/17\/lo-echaron-nomas-a-julio-garro-por-decir-que-messi-tenia-que-pedir-disculpas-a-francia\/#primaryimage"},"image":{"@id":"https:\/\/apuntesdesanluis.com\/index.php\/2024\/07\/17\/lo-echaron-nomas-a-julio-garro-por-decir-que-messi-tenia-que-pedir-disculpas-a-francia\/#primaryimage"},"thumbnailUrl":"https:\/\/apuntesdesanluis.com\/wp-content\/uploads\/2024\/07\/MILEI-ECHO-A-GARRO.png","datePublished":"2024-07-18T00:31:53+00:00","breadcrumb":{"@id":"https:\/\/apuntesdesanluis.com\/index.php\/2024\/07\/17\/lo-echaron-nomas-a-julio-garro-por-decir-que-messi-tenia-que-pedir-disculpas-a-francia\/#breadcrumb"},"inLanguage":"es-AR","potentialAction":[{"@type":"ReadAction","target":["https:\/\/apuntesdesanluis.com\/index.php\/2024\/07\/17\/lo-echaron-nomas-a-julio-garro-por-decir-que-messi-tenia-que-pedir-disculpas-a-francia\/"]}]},{"@type":"ImageObject","inLanguage":"es-AR","@id":"https:\/\/apuntesdesanluis.com\/index.php\/2024\/07\/17\/lo-echaron-nomas-a-julio-garro-por-decir-que-messi-tenia-que-pedir-disculpas-a-francia\/#primaryimage","url":"https:\/\/apuntesdesanluis.com\/wp-content\/uploads\/2024\/07\/MILEI-ECHO-A-GARRO.png","contentUrl":"https:\/\/apuntesdesanluis.com\/wp-content\/uploads\/2024\/07\/MILEI-ECHO-A-GARRO.png","width":700,"height":375},{"@type":"BreadcrumbList","@id":"https:\/\/apuntesdesanluis.com\/index.php\/2024\/07\/17\/lo-echaron-nomas-a-julio-garro-por-decir-que-messi-tenia-que-pedir-disculpas-a-francia\/#breadcrumb","itemListElement":[{"@type":"ListItem","position":1,"name":"Inicio","item":"https:\/\/apuntesdesanluis.com\/"},{"@type":"ListItem","position":2,"name":"LO ECHARON NOM\u00c1S A JULIO GARRO, POR DECIR QUE MESSI TEN\u00cdA QUE PEDIR DISCULPAS A FRANCIA"}]},{"@type":"WebSite","@id":"https:\/\/apuntesdesanluis.com\/#website","url":"https:\/\/apuntesdesanluis.com\/","name":"Apuntes de San Luis","description":"","publisher":{"@id":"https:\/\/apuntesdesanluis.com\/#\/schema\/person\/b55151d52296fcce64d1a72538a70b90"},"potentialAction":[{"@type":"SearchAction","target":{"@type":"EntryPoint","urlTemplate":"https:\/\/apuntesdesanluis.com\/?s={search_term_string}"},"query-input":{"@type":"PropertyValueSpecification","valueRequired":true,"valueName":"search_term_string"}}],"inLanguage":"es-AR"},{"@type":["Person","Organization"],"@id":"https:\/\/apuntesdesanluis.com\/#\/schema\/person\/b55151d52296fcce64d1a72538a70b90","name":"apuntesdesanluis.com","image":{"@type":"ImageObject","inLanguage":"es-AR","@id":"https:\/\/apuntesdesanluis.com\/#\/schema\/person\/image\/","url":"https:\/\/apuntesdesanluis.com\/wp-content\/uploads\/2023\/07\/cropped-apuntesdesanluis.png","contentUrl":"https:\/\/apuntesdesanluis.com\/wp-content\/uploads\/2023\/07\/cropped-apuntesdesanluis.png","width":450,"height":112,"caption":"apuntesdesanluis.com"},"logo":{"@id":"https:\/\/apuntesdesanluis.com\/#\/schema\/person\/image\/"},"sameAs":["https:\/\/apuntesdesanluis.com"],"url":"https:\/\/apuntesdesanluis.com\/index.php\/author\/apuntesdesanluis-com\/"}]}},"featured_image_urls":{"full":["https:\/\/apuntesdesanluis.com\/wp-content\/uploads\/2024\/07\/MILEI-ECHO-A-GARRO.png",700,375,false],"thumbnail":["https:\/\/apuntesdesanluis.com\/wp-content\/uploads\/2024\/07\/MILEI-ECHO-A-GARRO-150x150.png",150,150,true],"medium":["https:\/\/apuntesdesanluis.com\/wp-content\/uploads\/2024\/07\/MILEI-ECHO-A-GARRO-300x161.png",300,161,true],"medium_large":["https:\/\/apuntesdesanluis.com\/wp-content\/uploads\/2024\/07\/MILEI-ECHO-A-GARRO.png",640,343,false],"large":["https:\/\/apuntesdesanluis.com\/wp-content\/uploads\/2024\/07\/MILEI-ECHO-A-GARRO.png",640,343,false],"1536x1536":["https:\/\/apuntesdesanluis.com\/wp-content\/uploads\/2024\/07\/MILEI-ECHO-A-GARRO.png",700,375,false],"2048x2048":["https:\/\/apuntesdesanluis.com\/wp-content\/uploads\/2024\/07\/MILEI-ECHO-A-GARRO.png",700,375,false],"newsever-slider-full":["https:\/\/apuntesdesanluis.com\/wp-content\/uploads\/2024\/07\/MILEI-ECHO-A-GARRO.png",700,375,false],"newsever-featured":["https:\/\/apuntesdesanluis.com\/wp-content\/uploads\/2024\/07\/MILEI-ECHO-A-GARRO.png",700,375,false],"newsever-medium":["https:\/\/apuntesdesanluis.com\/wp-content\/uploads\/2024\/07\/MILEI-ECHO-A-GARRO.png",700,375,false]},"author_info":{"display_name":"apuntesdesanluis.com","author_link":"https:\/\/apuntesdesanluis.com\/index.php\/author\/apuntesdesanluis-com\/"},"category_info":"<a href=\"https:\/\/apuntesdesanluis.com\/index.php\/category\/deportes\/\" rel=\"category tag\">Deportes<\/a> <a href=\"https:\/\/apuntesdesanluis.com\/index.php\/category\/nacionales-internacionales\/\" rel=\"category tag\">Nacionales\/Internacionales<\/a>","tag_info":"Nacionales\/Internacionales","comment_count":"0","_links":{"self":[{"href":"https:\/\/apuntesdesanluis.com\/index.php\/wp-json\/wp\/v2\/posts\/19462","targetHints":{"allow":["GET"]}}],"collection":[{"href":"https:\/\/apuntesdesanluis.com\/index.php\/wp-json\/wp\/v2\/posts"}],"about":[{"href":"https:\/\/apuntesdesanluis.com\/index.php\/wp-json\/wp\/v2\/types\/post"}],"author":[{"embeddable":true,"href":"https:\/\/apuntesdesanluis.com\/index.php\/wp-json\/wp\/v2\/users\/1"}],"replies":[{"embeddable":true,"href":"https:\/\/apuntesdesanluis.com\/index.php\/wp-json\/wp\/v2\/comments?post=19462"}],"version-history":[{"count":1,"href":"https:\/\/apuntesdesanluis.com\/index.php\/wp-json\/wp\/v2\/posts\/19462\/revisions"}],"predecessor-version":[{"id":19466,"href":"https:\/\/apuntesdesanluis.com\/index.php\/wp-json\/wp\/v2\/posts\/19462\/revisions\/19466"}],"wp:featuredmedia":[{"embeddable":true,"href":"https:\/\/apuntesdesanluis.com\/index.php\/wp-json\/wp\/v2\/media\/19463"}],"wp:attachment":[{"href":"https:\/\/apuntesdesanluis.com\/index.php\/wp-json\/wp\/v2\/media?parent=19462"}],"wp:term":[{"taxonomy":"category","embeddable":true,"href":"https:\/\/apuntesdesanluis.com\/index.php\/wp-json\/wp\/v2\/categories?post=19462"},{"taxonomy":"post_tag","embeddable":true,"href":"https:\/\/apuntesdesanluis.com\/index.php\/wp-json\/wp\/v2\/tags?post=19462"}],"curies":[{"name":"wp","href":"https:\/\/api.w.org\/{rel}","templated":true}]}}