{"id":19477,"date":"2024-07-18T17:36:13","date_gmt":"2024-07-18T20:36:13","guid":{"rendered":"https:\/\/apuntesdesanluis.com\/?p=19477"},"modified":"2024-07-18T17:36:13","modified_gmt":"2024-07-18T20:36:13","slug":"recorrido-del-rally-argentino-en-san-luis-que-se-corre-del-2-al-4-de-agosto","status":"publish","type":"post","link":"https:\/\/apuntesdesanluis.com\/index.php\/2024\/07\/18\/recorrido-del-rally-argentino-en-san-luis-que-se-corre-del-2-al-4-de-agosto\/","title":{"rendered":"RECORRIDO DEL RALLY ARGENTINO EN SAN LUIS QUE SE CORRE DEL 2 AL 4 DE AGOSTO"},"content":{"rendered":"<h3>El <strong>Rally Argentino<\/strong> regresa a San Luis. La quinta fecha se realizar\u00e1 del 2 al 4 de agosto. La competencia nacional tendr\u00e1 un exigente y extenso recorrido de 12 pruebas especiales. Ser\u00e1n 147,44 kil\u00f3metros a pura velocidad y 545,46 kil\u00f3metros de tramos de enlaces, totalizando 692,90 kil\u00f3metros.<\/h3>\n<h3>En esta carrera estar\u00e1 en juego la \u2018Copa Gobierno de San Luis\u2019. Adem\u00e1s, se disputar\u00e1 la \u2018Copa Hamilton\u2019 de manera paralela al campeonato 2024 y abarcar\u00e1 las \u00faltimas cuatro fechas de la temporada, al cabo de las cuales se coronar\u00e1 como campeones a los pilotos y navegantes que hayan sumado la mayor cantidad de puntos en cada categor\u00eda.<\/h3>\n<h3>Durante la presentaci\u00f3n de la competencia, el 28 de junio, el secretario de Deportes, Gabriel Rivero, adelant\u00f3 que habr\u00e1 un parque automotor de aproximadamente 100 autos. La mitad ser\u00e1n tripulantes nacionales y la otra mitad pilotos locales, que correr\u00e1n simult\u00e1neamente la 5\u00aa fecha del Rally provincial. Adem\u00e1s, confirm\u00f3 el regreso a los caminos del \u2018Coyote puntano\u2019 Miguel Baldoni, quien seguramente ser\u00e1 uno de los protagonistas de la prueba.<\/h3>\n<h3>El ministro de Turismo y Cultura, Juan Manuel Rigau, se\u00f1al\u00f3 la importancia del evento por el movimiento que generar\u00e1 en la provincia. Los fan\u00e1ticos mantendr\u00e1n durante esos d\u00edas el movimiento tur\u00edstico, que inyectar\u00e1 dinero a la econom\u00eda local despu\u00e9s de las vacaciones de invierno.<\/h3>\n<h3>CUATRO JORNADAS<\/h3>\n<h3>Las actividades previas al Rally de San Luis comenzar\u00e1n el jueves 1\u00ba de agosto, con los reconocimientos, que se extender\u00e1n de 9:30 a 18:00. Durante este per\u00edodo, los equipos tendr\u00e1n la oportunidad de recorrer por primera vez los caminos, mientras que la preparaci\u00f3n de sus hojas de ruta continuar\u00e1 el viernes 2 de agosto, de 8:00 a 11:00, con la segunda y \u00faltima ventana disponible para relevar los tramos.<\/h3>\n<h3>El mismo viernes 2 marcar\u00e1 el inicio de la competencia, con el shakedown, el cual comprender\u00e1 un tramo cronometrado de 3,40 kil\u00f3metros, a disputarse en un m\u00e1ximo de tres pasadas para cada una de las diferentes clases.<\/h3>\n<h3>Los veh\u00edculos de tracci\u00f3n simple, que integran las categor\u00edas RC5, RC4 y RC3, saldr\u00e1n a disputar el tramo de 12:00 a 13:30. Luego, llegar\u00e1 el turno para las m\u00e1quinas de cuatro ruedas motrices, ya que la clase RC-MR efectuar\u00e1 sus tres pasadas de 13:30 a 14:30, mientras que la categor\u00eda RC2 lo har\u00e1 de 14:30 a 16:00.<\/h3>\n<h3>La \u00faltima actividad del viernes ser\u00e1 desde las 20:00, con la Rampa de Largada, que estar\u00e1 ubicada en el centro de la capital puntana. El lugar se definir\u00e1 en los pr\u00f3ximos d\u00edas. Los fan\u00e1ticos del rally y todo el p\u00fablico en general podr\u00e1n acercarse para ver a todos los binomios y veh\u00edculos que tomar\u00e1n parte de la quinta fecha de la temporada.<\/h3>\n<h3>La primera etapa se llevar\u00e1 a cabo el s\u00e1bado 3, con un total de seis pruebas especiales y 67,78 kil\u00f3metros cronometrados comenzando a las 08:48 con la PE1: Ca\u00f1ada Honda- Ruta 10 1 (9,25 kil\u00f3metros), seguida por la PE2: Inti Huasi-Paso del Rey 1 (13,85 kil\u00f3metros), desde las 09:16, y finalmente la PE3: Paso del Rey-La Arenilla 1 (10,79 kil\u00f3metros), a partir de las 09:44.<\/h3>\n<h3><img fetchpriority=\"high\" decoding=\"async\" class=\"wp-image-19479 aligncenter\" src=\"https:\/\/apuntesdesanluis.com\/wp-content\/uploads\/2024\/07\/sabado-3-241x300.jpg\" alt=\"\" width=\"544\" height=\"677\" srcset=\"https:\/\/apuntesdesanluis.com\/wp-content\/uploads\/2024\/07\/sabado-3-241x300.jpg 241w, https:\/\/apuntesdesanluis.com\/wp-content\/uploads\/2024\/07\/sabado-3.jpg 600w\" sizes=\"(max-width: 544px) 100vw, 544px\" \/><\/h3>\n<h3>Al mediod\u00eda del s\u00e1bado, una asistencia intermedia de 40 minutos en el Aut\u00f3dromo Potrero de los Funes recibir\u00e1 a las tripulaciones, para eventuales refacciones y reajustes de veh\u00edculos. Luego, desde las 13:22 comenzar\u00e1 la secci\u00f3n vespertina del s\u00e1bado, con una segunda y \u00faltima pasada por los mismos tramos cronometrados recorridos en la ma\u00f1ana.<\/h3>\n<h3>El domingo 4 de agosto ser\u00e1 el segundo d\u00eda de competencia y definici\u00f3n de la carrera, con seis pruebas especiales y 79,66 kil\u00f3metros cronometrados. La jornada comenzar\u00e1 a las 08:33 con la PE7: Balde de la Isla-Ruta 41 1 (10,55 kil\u00f3metros), seguida por la PE8: Los Membrillos-Paso del Rey 1 (22,33 kil\u00f3metros) a las 09:06, y la PE9: El Trapiche-El Durazno Alto 1 (6,95 kil\u00f3metros) a las 10:09.<\/h3>\n<p><img decoding=\"async\" class=\"wp-image-19480 aligncenter\" src=\"https:\/\/apuntesdesanluis.com\/wp-content\/uploads\/2024\/07\/domingo-4-240x300.jpg\" alt=\"\" width=\"544\" height=\"680\" srcset=\"https:\/\/apuntesdesanluis.com\/wp-content\/uploads\/2024\/07\/domingo-4-240x300.jpg 240w, https:\/\/apuntesdesanluis.com\/wp-content\/uploads\/2024\/07\/domingo-4.jpg 600w\" sizes=\"(max-width: 544px) 100vw, 544px\" \/><\/p>\n<h3>Tras una nueva asistencia de 40 minutos en el ex aut\u00f3dromo Potrero de los Funes, los competidores volver\u00e1n a recorrer las mismas pruebas especiales matutinas, desde las 13:07. Pero, esta vez, la PE11: Los Membrillos-Paso del Rey 2 oficiar\u00e1 de Power Stage, a las 13:40, por lo que ofrecer\u00e1 puntaje adicional para los cinco binomios m\u00e1s veloces de cada categor\u00eda.<\/h3>\n<h3>El Rally de San Luis concluir\u00e1 con la PE12: El Trapiche-El Durazno Alto 2 (6,95 kil\u00f3metros), cuyo horario de inicio ser\u00e1 a las 14:43. Finalmente, a las 16:30, realizar\u00e1n la ceremonia de premiaci\u00f3n en Potrero de los Funes.<\/h3>\n<p>&nbsp;<\/p>\n<p>&nbsp;<\/p>\n<p>&nbsp;<\/p>\n","protected":false},"excerpt":{"rendered":"<p>El Rally Argentino regresa a San Luis. La quinta fecha se realizar\u00e1 del 2 al&#8230;<\/p>\n","protected":false},"author":1,"featured_media":19478,"comment_status":"closed","ping_status":"closed","sticky":false,"template":"","format":"standard","meta":{"footnotes":""},"categories":[6,8],"tags":[],"class_list":["post-19477","post","type-post","status-publish","format-standard","has-post-thumbnail","hentry","category-ciudad-provincia","category-deportes"],"yoast_head":"<!-- This site is optimized with the Yoast SEO plugin v26.1.1 - https:\/\/yoast.com\/wordpress\/plugins\/seo\/ -->\n<title>RECORRIDO DEL RALLY ARGENTINO EN SAN LUIS QUE SE CORRE DEL 2 AL 4 DE AGOSTO - Apuntes de San Luis<\/title>\n<meta name=\"robots\" content=\"index, follow, max-snippet:-1, max-image-preview:large, max-video-preview:-1\" \/>\n<link rel=\"canonical\" href=\"https:\/\/apuntesdesanluis.com\/index.php\/2024\/07\/18\/recorrido-del-rally-argentino-en-san-luis-que-se-corre-del-2-al-4-de-agosto\/\" \/>\n<meta property=\"og:locale\" content=\"es_ES\" \/>\n<meta property=\"og:type\" content=\"article\" \/>\n<meta property=\"og:title\" content=\"RECORRIDO DEL RALLY ARGENTINO EN SAN LUIS QUE SE CORRE DEL 2 AL 4 DE AGOSTO - Apuntes de San Luis\" \/>\n<meta property=\"og:description\" content=\"El Rally Argentino regresa a San Luis. La quinta fecha se realizar\u00e1 del 2 al...\" \/>\n<meta property=\"og:url\" content=\"https:\/\/apuntesdesanluis.com\/index.php\/2024\/07\/18\/recorrido-del-rally-argentino-en-san-luis-que-se-corre-del-2-al-4-de-agosto\/\" \/>\n<meta property=\"og:site_name\" content=\"Apuntes de San Luis\" \/>\n<meta property=\"article:published_time\" content=\"2024-07-18T20:36:13+00:00\" \/>\n<meta property=\"og:image\" content=\"https:\/\/apuntesdesanluis.com\/wp-content\/uploads\/2024\/07\/rally-argentino.png\" \/>\n\t<meta property=\"og:image:width\" content=\"700\" \/>\n\t<meta property=\"og:image:height\" content=\"421\" \/>\n\t<meta property=\"og:image:type\" content=\"image\/png\" \/>\n<meta name=\"author\" content=\"apuntesdesanluis.com\" \/>\n<meta name=\"twitter:card\" content=\"summary_large_image\" \/>\n<meta name=\"twitter:label1\" content=\"Escrito por\" \/>\n\t<meta name=\"twitter:data1\" content=\"apuntesdesanluis.com\" \/>\n\t<meta name=\"twitter:label2\" content=\"Tiempo de lectura\" \/>\n\t<meta name=\"twitter:data2\" content=\"4 minutos\" \/>\n<script type=\"application\/ld+json\" class=\"yoast-schema-graph\">{\"@context\":\"https:\/\/schema.org\",\"@graph\":[{\"@type\":\"Article\",\"@id\":\"https:\/\/apuntesdesanluis.com\/index.php\/2024\/07\/18\/recorrido-del-rally-argentino-en-san-luis-que-se-corre-del-2-al-4-de-agosto\/#article\",\"isPartOf\":{\"@id\":\"https:\/\/apuntesdesanluis.com\/index.php\/2024\/07\/18\/recorrido-del-rally-argentino-en-san-luis-que-se-corre-del-2-al-4-de-agosto\/\"},\"author\":{\"name\":\"apuntesdesanluis.com\",\"@id\":\"https:\/\/apuntesdesanluis.com\/#\/schema\/person\/b55151d52296fcce64d1a72538a70b90\"},\"headline\":\"RECORRIDO DEL RALLY ARGENTINO EN SAN LUIS QUE SE CORRE DEL 2 AL 4 DE AGOSTO\",\"datePublished\":\"2024-07-18T20:36:13+00:00\",\"mainEntityOfPage\":{\"@id\":\"https:\/\/apuntesdesanluis.com\/index.php\/2024\/07\/18\/recorrido-del-rally-argentino-en-san-luis-que-se-corre-del-2-al-4-de-agosto\/\"},\"wordCount\":750,\"publisher\":{\"@id\":\"https:\/\/apuntesdesanluis.com\/#\/schema\/person\/b55151d52296fcce64d1a72538a70b90\"},\"image\":{\"@id\":\"https:\/\/apuntesdesanluis.com\/index.php\/2024\/07\/18\/recorrido-del-rally-argentino-en-san-luis-que-se-corre-del-2-al-4-de-agosto\/#primaryimage\"},\"thumbnailUrl\":\"https:\/\/apuntesdesanluis.com\/wp-content\/uploads\/2024\/07\/rally-argentino.png\",\"articleSection\":[\"Ciudad\/Provincia\",\"Deportes\"],\"inLanguage\":\"es-AR\"},{\"@type\":\"WebPage\",\"@id\":\"https:\/\/apuntesdesanluis.com\/index.php\/2024\/07\/18\/recorrido-del-rally-argentino-en-san-luis-que-se-corre-del-2-al-4-de-agosto\/\",\"url\":\"https:\/\/apuntesdesanluis.com\/index.php\/2024\/07\/18\/recorrido-del-rally-argentino-en-san-luis-que-se-corre-del-2-al-4-de-agosto\/\",\"name\":\"RECORRIDO DEL RALLY ARGENTINO EN SAN LUIS QUE SE CORRE DEL 2 AL 4 DE AGOSTO - Apuntes de San Luis\",\"isPartOf\":{\"@id\":\"https:\/\/apuntesdesanluis.com\/#website\"},\"primaryImageOfPage\":{\"@id\":\"https:\/\/apuntesdesanluis.com\/index.php\/2024\/07\/18\/recorrido-del-rally-argentino-en-san-luis-que-se-corre-del-2-al-4-de-agosto\/#primaryimage\"},\"image\":{\"@id\":\"https:\/\/apuntesdesanluis.com\/index.php\/2024\/07\/18\/recorrido-del-rally-argentino-en-san-luis-que-se-corre-del-2-al-4-de-agosto\/#primaryimage\"},\"thumbnailUrl\":\"https:\/\/apuntesdesanluis.com\/wp-content\/uploads\/2024\/07\/rally-argentino.png\",\"datePublished\":\"2024-07-18T20:36:13+00:00\",\"breadcrumb\":{\"@id\":\"https:\/\/apuntesdesanluis.com\/index.php\/2024\/07\/18\/recorrido-del-rally-argentino-en-san-luis-que-se-corre-del-2-al-4-de-agosto\/#breadcrumb\"},\"inLanguage\":\"es-AR\",\"potentialAction\":[{\"@type\":\"ReadAction\",\"target\":[\"https:\/\/apuntesdesanluis.com\/index.php\/2024\/07\/18\/recorrido-del-rally-argentino-en-san-luis-que-se-corre-del-2-al-4-de-agosto\/\"]}]},{\"@type\":\"ImageObject\",\"inLanguage\":\"es-AR\",\"@id\":\"https:\/\/apuntesdesanluis.com\/index.php\/2024\/07\/18\/recorrido-del-rally-argentino-en-san-luis-que-se-corre-del-2-al-4-de-agosto\/#primaryimage\",\"url\":\"https:\/\/apuntesdesanluis.com\/wp-content\/uploads\/2024\/07\/rally-argentino.png\",\"contentUrl\":\"https:\/\/apuntesdesanluis.com\/wp-content\/uploads\/2024\/07\/rally-argentino.png\",\"width\":700,\"height\":421},{\"@type\":\"BreadcrumbList\",\"@id\":\"https:\/\/apuntesdesanluis.com\/index.php\/2024\/07\/18\/recorrido-del-rally-argentino-en-san-luis-que-se-corre-del-2-al-4-de-agosto\/#breadcrumb\",\"itemListElement\":[{\"@type\":\"ListItem\",\"position\":1,\"name\":\"Inicio\",\"item\":\"https:\/\/apuntesdesanluis.com\/\"},{\"@type\":\"ListItem\",\"position\":2,\"name\":\"RECORRIDO DEL RALLY ARGENTINO EN SAN LUIS QUE SE CORRE DEL 2 AL 4 DE AGOSTO\"}]},{\"@type\":\"WebSite\",\"@id\":\"https:\/\/apuntesdesanluis.com\/#website\",\"url\":\"https:\/\/apuntesdesanluis.com\/\",\"name\":\"Apuntes de San Luis\",\"description\":\"\",\"publisher\":{\"@id\":\"https:\/\/apuntesdesanluis.com\/#\/schema\/person\/b55151d52296fcce64d1a72538a70b90\"},\"potentialAction\":[{\"@type\":\"SearchAction\",\"target\":{\"@type\":\"EntryPoint\",\"urlTemplate\":\"https:\/\/apuntesdesanluis.com\/?s={search_term_string}\"},\"query-input\":{\"@type\":\"PropertyValueSpecification\",\"valueRequired\":true,\"valueName\":\"search_term_string\"}}],\"inLanguage\":\"es-AR\"},{\"@type\":[\"Person\",\"Organization\"],\"@id\":\"https:\/\/apuntesdesanluis.com\/#\/schema\/person\/b55151d52296fcce64d1a72538a70b90\",\"name\":\"apuntesdesanluis.com\",\"image\":{\"@type\":\"ImageObject\",\"inLanguage\":\"es-AR\",\"@id\":\"https:\/\/apuntesdesanluis.com\/#\/schema\/person\/image\/\",\"url\":\"https:\/\/apuntesdesanluis.com\/wp-content\/uploads\/2023\/07\/cropped-apuntesdesanluis.png\",\"contentUrl\":\"https:\/\/apuntesdesanluis.com\/wp-content\/uploads\/2023\/07\/cropped-apuntesdesanluis.png\",\"width\":450,\"height\":112,\"caption\":\"apuntesdesanluis.com\"},\"logo\":{\"@id\":\"https:\/\/apuntesdesanluis.com\/#\/schema\/person\/image\/\"},\"sameAs\":[\"https:\/\/apuntesdesanluis.com\"],\"url\":\"https:\/\/apuntesdesanluis.com\/index.php\/author\/apuntesdesanluis-com\/\"}]}<\/script>\n<!-- \/ Yoast SEO plugin. -->","yoast_head_json":{"title":"RECORRIDO DEL RALLY ARGENTINO EN SAN LUIS QUE SE CORRE DEL 2 AL 4 DE AGOSTO - Apuntes de San Luis","robots":{"index":"index","follow":"follow","max-snippet":"max-snippet:-1","max-image-preview":"max-image-preview:large","max-video-preview":"max-video-preview:-1"},"canonical":"https:\/\/apuntesdesanluis.com\/index.php\/2024\/07\/18\/recorrido-del-rally-argentino-en-san-luis-que-se-corre-del-2-al-4-de-agosto\/","og_locale":"es_ES","og_type":"article","og_title":"RECORRIDO DEL RALLY ARGENTINO EN SAN LUIS QUE SE CORRE DEL 2 AL 4 DE AGOSTO - Apuntes de San Luis","og_description":"El Rally Argentino regresa a San Luis. La quinta fecha se realizar\u00e1 del 2 al...","og_url":"https:\/\/apuntesdesanluis.com\/index.php\/2024\/07\/18\/recorrido-del-rally-argentino-en-san-luis-que-se-corre-del-2-al-4-de-agosto\/","og_site_name":"Apuntes de San Luis","article_published_time":"2024-07-18T20:36:13+00:00","og_image":[{"width":700,"height":421,"url":"https:\/\/apuntesdesanluis.com\/wp-content\/uploads\/2024\/07\/rally-argentino.png","type":"image\/png"}],"author":"apuntesdesanluis.com","twitter_card":"summary_large_image","twitter_misc":{"Escrito por":"apuntesdesanluis.com","Tiempo de lectura":"4 minutos"},"schema":{"@context":"https:\/\/schema.org","@graph":[{"@type":"Article","@id":"https:\/\/apuntesdesanluis.com\/index.php\/2024\/07\/18\/recorrido-del-rally-argentino-en-san-luis-que-se-corre-del-2-al-4-de-agosto\/#article","isPartOf":{"@id":"https:\/\/apuntesdesanluis.com\/index.php\/2024\/07\/18\/recorrido-del-rally-argentino-en-san-luis-que-se-corre-del-2-al-4-de-agosto\/"},"author":{"name":"apuntesdesanluis.com","@id":"https:\/\/apuntesdesanluis.com\/#\/schema\/person\/b55151d52296fcce64d1a72538a70b90"},"headline":"RECORRIDO DEL RALLY ARGENTINO EN SAN LUIS QUE SE CORRE DEL 2 AL 4 DE AGOSTO","datePublished":"2024-07-18T20:36:13+00:00","mainEntityOfPage":{"@id":"https:\/\/apuntesdesanluis.com\/index.php\/2024\/07\/18\/recorrido-del-rally-argentino-en-san-luis-que-se-corre-del-2-al-4-de-agosto\/"},"wordCount":750,"publisher":{"@id":"https:\/\/apuntesdesanluis.com\/#\/schema\/person\/b55151d52296fcce64d1a72538a70b90"},"image":{"@id":"https:\/\/apuntesdesanluis.com\/index.php\/2024\/07\/18\/recorrido-del-rally-argentino-en-san-luis-que-se-corre-del-2-al-4-de-agosto\/#primaryimage"},"thumbnailUrl":"https:\/\/apuntesdesanluis.com\/wp-content\/uploads\/2024\/07\/rally-argentino.png","articleSection":["Ciudad\/Provincia","Deportes"],"inLanguage":"es-AR"},{"@type":"WebPage","@id":"https:\/\/apuntesdesanluis.com\/index.php\/2024\/07\/18\/recorrido-del-rally-argentino-en-san-luis-que-se-corre-del-2-al-4-de-agosto\/","url":"https:\/\/apuntesdesanluis.com\/index.php\/2024\/07\/18\/recorrido-del-rally-argentino-en-san-luis-que-se-corre-del-2-al-4-de-agosto\/","name":"RECORRIDO DEL RALLY ARGENTINO EN SAN LUIS QUE SE CORRE DEL 2 AL 4 DE AGOSTO - Apuntes de San Luis","isPartOf":{"@id":"https:\/\/apuntesdesanluis.com\/#website"},"primaryImageOfPage":{"@id":"https:\/\/apuntesdesanluis.com\/index.php\/2024\/07\/18\/recorrido-del-rally-argentino-en-san-luis-que-se-corre-del-2-al-4-de-agosto\/#primaryimage"},"image":{"@id":"https:\/\/apuntesdesanluis.com\/index.php\/2024\/07\/18\/recorrido-del-rally-argentino-en-san-luis-que-se-corre-del-2-al-4-de-agosto\/#primaryimage"},"thumbnailUrl":"https:\/\/apuntesdesanluis.com\/wp-content\/uploads\/2024\/07\/rally-argentino.png","datePublished":"2024-07-18T20:36:13+00:00","breadcrumb":{"@id":"https:\/\/apuntesdesanluis.com\/index.php\/2024\/07\/18\/recorrido-del-rally-argentino-en-san-luis-que-se-corre-del-2-al-4-de-agosto\/#breadcrumb"},"inLanguage":"es-AR","potentialAction":[{"@type":"ReadAction","target":["https:\/\/apuntesdesanluis.com\/index.php\/2024\/07\/18\/recorrido-del-rally-argentino-en-san-luis-que-se-corre-del-2-al-4-de-agosto\/"]}]},{"@type":"ImageObject","inLanguage":"es-AR","@id":"https:\/\/apuntesdesanluis.com\/index.php\/2024\/07\/18\/recorrido-del-rally-argentino-en-san-luis-que-se-corre-del-2-al-4-de-agosto\/#primaryimage","url":"https:\/\/apuntesdesanluis.com\/wp-content\/uploads\/2024\/07\/rally-argentino.png","contentUrl":"https:\/\/apuntesdesanluis.com\/wp-content\/uploads\/2024\/07\/rally-argentino.png","width":700,"height":421},{"@type":"BreadcrumbList","@id":"https:\/\/apuntesdesanluis.com\/index.php\/2024\/07\/18\/recorrido-del-rally-argentino-en-san-luis-que-se-corre-del-2-al-4-de-agosto\/#breadcrumb","itemListElement":[{"@type":"ListItem","position":1,"name":"Inicio","item":"https:\/\/apuntesdesanluis.com\/"},{"@type":"ListItem","position":2,"name":"RECORRIDO DEL RALLY ARGENTINO EN SAN LUIS QUE SE CORRE DEL 2 AL 4 DE AGOSTO"}]},{"@type":"WebSite","@id":"https:\/\/apuntesdesanluis.com\/#website","url":"https:\/\/apuntesdesanluis.com\/","name":"Apuntes de San Luis","description":"","publisher":{"@id":"https:\/\/apuntesdesanluis.com\/#\/schema\/person\/b55151d52296fcce64d1a72538a70b90"},"potentialAction":[{"@type":"SearchAction","target":{"@type":"EntryPoint","urlTemplate":"https:\/\/apuntesdesanluis.com\/?s={search_term_string}"},"query-input":{"@type":"PropertyValueSpecification","valueRequired":true,"valueName":"search_term_string"}}],"inLanguage":"es-AR"},{"@type":["Person","Organization"],"@id":"https:\/\/apuntesdesanluis.com\/#\/schema\/person\/b55151d52296fcce64d1a72538a70b90","name":"apuntesdesanluis.com","image":{"@type":"ImageObject","inLanguage":"es-AR","@id":"https:\/\/apuntesdesanluis.com\/#\/schema\/person\/image\/","url":"https:\/\/apuntesdesanluis.com\/wp-content\/uploads\/2023\/07\/cropped-apuntesdesanluis.png","contentUrl":"https:\/\/apuntesdesanluis.com\/wp-content\/uploads\/2023\/07\/cropped-apuntesdesanluis.png","width":450,"height":112,"caption":"apuntesdesanluis.com"},"logo":{"@id":"https:\/\/apuntesdesanluis.com\/#\/schema\/person\/image\/"},"sameAs":["https:\/\/apuntesdesanluis.com"],"url":"https:\/\/apuntesdesanluis.com\/index.php\/author\/apuntesdesanluis-com\/"}]}},"featured_image_urls":{"full":["https:\/\/apuntesdesanluis.com\/wp-content\/uploads\/2024\/07\/rally-argentino.png",700,421,false],"thumbnail":["https:\/\/apuntesdesanluis.com\/wp-content\/uploads\/2024\/07\/rally-argentino-150x150.png",150,150,true],"medium":["https:\/\/apuntesdesanluis.com\/wp-content\/uploads\/2024\/07\/rally-argentino-300x180.png",300,180,true],"medium_large":["https:\/\/apuntesdesanluis.com\/wp-content\/uploads\/2024\/07\/rally-argentino.png",640,385,false],"large":["https:\/\/apuntesdesanluis.com\/wp-content\/uploads\/2024\/07\/rally-argentino.png",640,385,false],"1536x1536":["https:\/\/apuntesdesanluis.com\/wp-content\/uploads\/2024\/07\/rally-argentino.png",700,421,false],"2048x2048":["https:\/\/apuntesdesanluis.com\/wp-content\/uploads\/2024\/07\/rally-argentino.png",700,421,false],"newsever-slider-full":["https:\/\/apuntesdesanluis.com\/wp-content\/uploads\/2024\/07\/rally-argentino.png",700,421,false],"newsever-featured":["https:\/\/apuntesdesanluis.com\/wp-content\/uploads\/2024\/07\/rally-argentino.png",700,421,false],"newsever-medium":["https:\/\/apuntesdesanluis.com\/wp-content\/uploads\/2024\/07\/rally-argentino.png",700,421,false]},"author_info":{"display_name":"apuntesdesanluis.com","author_link":"https:\/\/apuntesdesanluis.com\/index.php\/author\/apuntesdesanluis-com\/"},"category_info":"<a href=\"https:\/\/apuntesdesanluis.com\/index.php\/category\/ciudad-provincia\/\" rel=\"category tag\">Ciudad\/Provincia<\/a> <a href=\"https:\/\/apuntesdesanluis.com\/index.php\/category\/deportes\/\" rel=\"category tag\">Deportes<\/a>","tag_info":"Deportes","comment_count":"0","_links":{"self":[{"href":"https:\/\/apuntesdesanluis.com\/index.php\/wp-json\/wp\/v2\/posts\/19477","targetHints":{"allow":["GET"]}}],"collection":[{"href":"https:\/\/apuntesdesanluis.com\/index.php\/wp-json\/wp\/v2\/posts"}],"about":[{"href":"https:\/\/apuntesdesanluis.com\/index.php\/wp-json\/wp\/v2\/types\/post"}],"author":[{"embeddable":true,"href":"https:\/\/apuntesdesanluis.com\/index.php\/wp-json\/wp\/v2\/users\/1"}],"replies":[{"embeddable":true,"href":"https:\/\/apuntesdesanluis.com\/index.php\/wp-json\/wp\/v2\/comments?post=19477"}],"version-history":[{"count":1,"href":"https:\/\/apuntesdesanluis.com\/index.php\/wp-json\/wp\/v2\/posts\/19477\/revisions"}],"predecessor-version":[{"id":19481,"href":"https:\/\/apuntesdesanluis.com\/index.php\/wp-json\/wp\/v2\/posts\/19477\/revisions\/19481"}],"wp:featuredmedia":[{"embeddable":true,"href":"https:\/\/apuntesdesanluis.com\/index.php\/wp-json\/wp\/v2\/media\/19478"}],"wp:attachment":[{"href":"https:\/\/apuntesdesanluis.com\/index.php\/wp-json\/wp\/v2\/media?parent=19477"}],"wp:term":[{"taxonomy":"category","embeddable":true,"href":"https:\/\/apuntesdesanluis.com\/index.php\/wp-json\/wp\/v2\/categories?post=19477"},{"taxonomy":"post_tag","embeddable":true,"href":"https:\/\/apuntesdesanluis.com\/index.php\/wp-json\/wp\/v2\/tags?post=19477"}],"curies":[{"name":"wp","href":"https:\/\/api.w.org\/{rel}","templated":true}]}}