{"id":19482,"date":"2024-07-18T17:44:47","date_gmt":"2024-07-18T20:44:47","guid":{"rendered":"https:\/\/apuntesdesanluis.com\/?p=19482"},"modified":"2024-07-18T17:44:47","modified_gmt":"2024-07-18T20:44:47","slug":"el-presidente-de-amia-le-pidio-al-gobierno-que-la-causa-por-el-atentado-sea-una-cuestion-de-estado","status":"publish","type":"post","link":"https:\/\/apuntesdesanluis.com\/index.php\/2024\/07\/18\/el-presidente-de-amia-le-pidio-al-gobierno-que-la-causa-por-el-atentado-sea-una-cuestion-de-estado\/","title":{"rendered":"EL PRESIDENTE DE AMIA LE PIDI\u00d3 AL GOBIERNO QUE LA CAUSA POR EL ATENTADO SEA UNA \u201cCUESTI\u00d3N DE ESTADO\u201d"},"content":{"rendered":"<h3>El presidente de AMIA, <strong>Amos Linetzky<\/strong>, le pidi\u00f3 al Gobierno Nacional que la causa por el atentado se convierta en una cuesti\u00f3n de Estado; asimismo reclam\u00f3 por la falta de un juez en un hecho &#8220;emblem\u00e1tico de la historia judicial&#8221; y pidi\u00f3 por la liberaci\u00f3n de los secuestrados en Israel por la organizaci\u00f3n terrorista Ham\u00e1s.<\/h3>\n<h3>Si bien estuvo presente el presidente de la Naci\u00f3n, <strong>Javier Milei<\/strong>, acompa\u00f1ado por parte de su gabinete, como la vicepresidenta Victoria Villarruel; los ministros de Defensa y Justicia Luis Petri y Mariano C\u00faneo Libarona, respectivamente; y el diputado nacional por La Libertad Avanza (LLA) Jos\u00e9 Luis Espert, no hubo ning\u00fan discurso oficial desde el Gobierno ni tampoco fueron nombrados ninguno de sus integrantes.<\/h3>\n<p><img fetchpriority=\"high\" decoding=\"async\" class=\"wp-image-19484 aligncenter\" src=\"https:\/\/apuntesdesanluis.com\/wp-content\/uploads\/2024\/07\/milei-en-la-amia-300x212.png\" alt=\"\" width=\"599\" height=\"423\" srcset=\"https:\/\/apuntesdesanluis.com\/wp-content\/uploads\/2024\/07\/milei-en-la-amia-300x212.png 300w, https:\/\/apuntesdesanluis.com\/wp-content\/uploads\/2024\/07\/milei-en-la-amia.png 600w\" sizes=\"(max-width: 599px) 100vw, 599px\" \/><\/p>\n<h3>Durante su discurso, Linetzky recalc\u00f3 que es un &#8220;bochorno&#8221; que todav\u00eda no haya un juez designado, debido a que se cumplen &#8220;30 a\u00f1os&#8221; de &#8220;tantas preguntas sin respuestas&#8221; y que &#8220;la verdad&#8221; de lo sucedido &#8220;est\u00e1 en la causa&#8221; desde que se estableci\u00f3 que la responsabilidad del atentado&#8221; es de Hezbol\u00e1 y de Ir\u00e1n&#8221;.<\/h3>\n<h3>Por otra parte, resalt\u00f3 la decisi\u00f3n de la Argentina de declarar como &#8220;organizaci\u00f3n terrorista&#8221; a Ham\u00e1s y pidi\u00f3 al Congreso de la Naci\u00f3n que &#8220;avance&#8221; con la Ley de Juicio en Ausencia para poder juzgar a los responsables del atentado.<\/h3>\n<h3>Al cierre del discurso, apunt\u00f3 contra el Estado Argentino que &#8220;lleva 30 a\u00f1os mirando para otro lado&#8221; y &#8220;sin que el Poder Legislativo actualice la legislaci\u00f3n&#8221;. &#8220;\u00bfCu\u00e1ntas d\u00e9cadas m\u00e1s tienen que pasar para que hagan su trabajo?&#8221;, cuestion\u00f3.<\/h3>\n<h3>&#8220;Parece mentira que hayan pasado 30 a\u00f1os desde aquella fr\u00eda ma\u00f1ana del 18 de julio de 1994. 30 a\u00f1os sin una sola persona respondiendo por este ataque. 30 a\u00f1os en los que el Estado est\u00e1 colmado de falencias, demoras y errores, tal como fuera remarcado, hace poco, por la Corte Interamericana de Derechos Humanos&#8221;, concluy\u00f3.<\/h3>\n<h3><strong>LAS VOCES DE LOS FAMILIARES<\/strong><\/h3>\n<h3>Previo a los discursos, unos pocos familiares se manifestaron en contra del gobierno de Milei al grito de &#8220;basta de impunidad, no nos callamos m\u00e1s&#8221;.<\/h3>\n<p><img decoding=\"async\" class=\"wp-image-19485 aligncenter\" src=\"https:\/\/apuntesdesanluis.com\/wp-content\/uploads\/2024\/07\/amia-300x136.png\" alt=\"\" width=\"611\" height=\"277\" srcset=\"https:\/\/apuntesdesanluis.com\/wp-content\/uploads\/2024\/07\/amia-300x136.png 300w, https:\/\/apuntesdesanluis.com\/wp-content\/uploads\/2024\/07\/amia.png 600w\" sizes=\"(max-width: 611px) 100vw, 611px\" \/><\/p>\n<h3>&#8220;Que se vayan. Estamos todos afuera y ellos sac\u00e1ndose fotos, es una falta de respeto. Que se corran los que no son familiares directos&#8221;, vociferaron los presentes.<\/h3>\n<h3>Durante el discurso, se vio a familiares y amigos con fotos de las v\u00edctimas en alto, mientras que se le\u00edan cartas para recordarlos y repudiar este &#8220;cruel atentado&#8221;, que dej\u00f3 un saldo de 85 muertos, centenares de heridos y que contin\u00faa sin ninguna condena para los responsables.<\/h3>\n<h3>Sof\u00eda Guterman, la mam\u00e1 de Andrea, una de las v\u00edctimas, expres\u00f3 &#8220;el dolor&#8221; que implica para ella un aniversario m\u00e1s y se\u00f1al\u00f3 que &#8220;da tristeza de leer el nombre de su hija al lado de otros 84 &#8220;.<\/h3>\n<h3>El presidente de AMIA le pidi\u00f3 al Gobierno que la causa por el atentado sea una \u201ccuesti\u00f3n de Estado\u201d<\/h3>\n<h3>Otro de los testimonios fue el de Javier Mercovich, hermano de Ileana, quien record\u00f3 que ella hab\u00eda ido a buscar empleo a la bolsa de trabajo de la AMIA y se hab\u00eda quedado a dormir en la casa de su novio Pablo.<\/h3>\n<h3>&#8220;Cu\u00e1nto dolor. Cu\u00e1nta destrucci\u00f3n. Cu\u00e1nta maldad. Cu\u00e1nta muerte. Las sensaciones, los olores que te perforaban el cerebro. Lo que vimos y vivimos se convirtieron en pesadillas que me persiguieron durante muchos a\u00f1os&#8221;, finaliz\u00f3.<\/h3>\n<p>&nbsp;<\/p>\n<p>&nbsp;<\/p>\n<p>&nbsp;<\/p>\n<p>&nbsp;<\/p>\n","protected":false},"excerpt":{"rendered":"<p>El presidente de AMIA, Amos Linetzky, le pidi\u00f3 al Gobierno Nacional que la causa por&#8230;<\/p>\n","protected":false},"author":1,"featured_media":19483,"comment_status":"closed","ping_status":"closed","sticky":false,"template":"","format":"standard","meta":{"footnotes":""},"categories":[5],"tags":[],"class_list":["post-19482","post","type-post","status-publish","format-standard","has-post-thumbnail","hentry","category-nacionales-internacionales"],"yoast_head":"<!-- This site is optimized with the Yoast SEO plugin v26.1.1 - https:\/\/yoast.com\/wordpress\/plugins\/seo\/ -->\n<title>EL PRESIDENTE DE AMIA LE PIDI\u00d3 AL GOBIERNO QUE LA CAUSA POR EL ATENTADO SEA UNA \u201cCUESTI\u00d3N DE ESTADO\u201d - Apuntes de San Luis<\/title>\n<meta name=\"robots\" content=\"index, follow, max-snippet:-1, max-image-preview:large, max-video-preview:-1\" \/>\n<link rel=\"canonical\" href=\"https:\/\/apuntesdesanluis.com\/index.php\/2024\/07\/18\/el-presidente-de-amia-le-pidio-al-gobierno-que-la-causa-por-el-atentado-sea-una-cuestion-de-estado\/\" \/>\n<meta property=\"og:locale\" content=\"es_ES\" \/>\n<meta property=\"og:type\" content=\"article\" \/>\n<meta property=\"og:title\" content=\"EL PRESIDENTE DE AMIA LE PIDI\u00d3 AL GOBIERNO QUE LA CAUSA POR EL ATENTADO SEA UNA \u201cCUESTI\u00d3N DE ESTADO\u201d - Apuntes de San Luis\" \/>\n<meta property=\"og:description\" content=\"El presidente de AMIA, Amos Linetzky, le pidi\u00f3 al Gobierno Nacional que la causa por...\" \/>\n<meta property=\"og:url\" content=\"https:\/\/apuntesdesanluis.com\/index.php\/2024\/07\/18\/el-presidente-de-amia-le-pidio-al-gobierno-que-la-causa-por-el-atentado-sea-una-cuestion-de-estado\/\" \/>\n<meta property=\"og:site_name\" content=\"Apuntes de San Luis\" \/>\n<meta property=\"article:published_time\" content=\"2024-07-18T20:44:47+00:00\" \/>\n<meta property=\"og:image\" content=\"https:\/\/apuntesdesanluis.com\/wp-content\/uploads\/2024\/07\/amos-de-la-amia.png\" \/>\n\t<meta property=\"og:image:width\" content=\"700\" \/>\n\t<meta property=\"og:image:height\" content=\"409\" \/>\n\t<meta property=\"og:image:type\" content=\"image\/png\" \/>\n<meta name=\"author\" content=\"apuntesdesanluis.com\" \/>\n<meta name=\"twitter:card\" content=\"summary_large_image\" \/>\n<meta name=\"twitter:label1\" content=\"Escrito por\" \/>\n\t<meta name=\"twitter:data1\" content=\"apuntesdesanluis.com\" \/>\n\t<meta name=\"twitter:label2\" content=\"Tiempo de lectura\" \/>\n\t<meta name=\"twitter:data2\" content=\"4 minutos\" \/>\n<script type=\"application\/ld+json\" class=\"yoast-schema-graph\">{\"@context\":\"https:\/\/schema.org\",\"@graph\":[{\"@type\":\"Article\",\"@id\":\"https:\/\/apuntesdesanluis.com\/index.php\/2024\/07\/18\/el-presidente-de-amia-le-pidio-al-gobierno-que-la-causa-por-el-atentado-sea-una-cuestion-de-estado\/#article\",\"isPartOf\":{\"@id\":\"https:\/\/apuntesdesanluis.com\/index.php\/2024\/07\/18\/el-presidente-de-amia-le-pidio-al-gobierno-que-la-causa-por-el-atentado-sea-una-cuestion-de-estado\/\"},\"author\":{\"name\":\"apuntesdesanluis.com\",\"@id\":\"https:\/\/apuntesdesanluis.com\/#\/schema\/person\/b55151d52296fcce64d1a72538a70b90\"},\"headline\":\"EL PRESIDENTE DE AMIA LE PIDI\u00d3 AL GOBIERNO QUE LA CAUSA POR EL ATENTADO SEA UNA \u201cCUESTI\u00d3N DE ESTADO\u201d\",\"datePublished\":\"2024-07-18T20:44:47+00:00\",\"mainEntityOfPage\":{\"@id\":\"https:\/\/apuntesdesanluis.com\/index.php\/2024\/07\/18\/el-presidente-de-amia-le-pidio-al-gobierno-que-la-causa-por-el-atentado-sea-una-cuestion-de-estado\/\"},\"wordCount\":599,\"publisher\":{\"@id\":\"https:\/\/apuntesdesanluis.com\/#\/schema\/person\/b55151d52296fcce64d1a72538a70b90\"},\"image\":{\"@id\":\"https:\/\/apuntesdesanluis.com\/index.php\/2024\/07\/18\/el-presidente-de-amia-le-pidio-al-gobierno-que-la-causa-por-el-atentado-sea-una-cuestion-de-estado\/#primaryimage\"},\"thumbnailUrl\":\"https:\/\/apuntesdesanluis.com\/wp-content\/uploads\/2024\/07\/amos-de-la-amia.png\",\"articleSection\":[\"Nacionales\/Internacionales\"],\"inLanguage\":\"es-AR\"},{\"@type\":\"WebPage\",\"@id\":\"https:\/\/apuntesdesanluis.com\/index.php\/2024\/07\/18\/el-presidente-de-amia-le-pidio-al-gobierno-que-la-causa-por-el-atentado-sea-una-cuestion-de-estado\/\",\"url\":\"https:\/\/apuntesdesanluis.com\/index.php\/2024\/07\/18\/el-presidente-de-amia-le-pidio-al-gobierno-que-la-causa-por-el-atentado-sea-una-cuestion-de-estado\/\",\"name\":\"EL PRESIDENTE DE AMIA LE PIDI\u00d3 AL GOBIERNO QUE LA CAUSA POR EL ATENTADO SEA UNA \u201cCUESTI\u00d3N DE ESTADO\u201d - Apuntes de San Luis\",\"isPartOf\":{\"@id\":\"https:\/\/apuntesdesanluis.com\/#website\"},\"primaryImageOfPage\":{\"@id\":\"https:\/\/apuntesdesanluis.com\/index.php\/2024\/07\/18\/el-presidente-de-amia-le-pidio-al-gobierno-que-la-causa-por-el-atentado-sea-una-cuestion-de-estado\/#primaryimage\"},\"image\":{\"@id\":\"https:\/\/apuntesdesanluis.com\/index.php\/2024\/07\/18\/el-presidente-de-amia-le-pidio-al-gobierno-que-la-causa-por-el-atentado-sea-una-cuestion-de-estado\/#primaryimage\"},\"thumbnailUrl\":\"https:\/\/apuntesdesanluis.com\/wp-content\/uploads\/2024\/07\/amos-de-la-amia.png\",\"datePublished\":\"2024-07-18T20:44:47+00:00\",\"breadcrumb\":{\"@id\":\"https:\/\/apuntesdesanluis.com\/index.php\/2024\/07\/18\/el-presidente-de-amia-le-pidio-al-gobierno-que-la-causa-por-el-atentado-sea-una-cuestion-de-estado\/#breadcrumb\"},\"inLanguage\":\"es-AR\",\"potentialAction\":[{\"@type\":\"ReadAction\",\"target\":[\"https:\/\/apuntesdesanluis.com\/index.php\/2024\/07\/18\/el-presidente-de-amia-le-pidio-al-gobierno-que-la-causa-por-el-atentado-sea-una-cuestion-de-estado\/\"]}]},{\"@type\":\"ImageObject\",\"inLanguage\":\"es-AR\",\"@id\":\"https:\/\/apuntesdesanluis.com\/index.php\/2024\/07\/18\/el-presidente-de-amia-le-pidio-al-gobierno-que-la-causa-por-el-atentado-sea-una-cuestion-de-estado\/#primaryimage\",\"url\":\"https:\/\/apuntesdesanluis.com\/wp-content\/uploads\/2024\/07\/amos-de-la-amia.png\",\"contentUrl\":\"https:\/\/apuntesdesanluis.com\/wp-content\/uploads\/2024\/07\/amos-de-la-amia.png\",\"width\":700,\"height\":409},{\"@type\":\"BreadcrumbList\",\"@id\":\"https:\/\/apuntesdesanluis.com\/index.php\/2024\/07\/18\/el-presidente-de-amia-le-pidio-al-gobierno-que-la-causa-por-el-atentado-sea-una-cuestion-de-estado\/#breadcrumb\",\"itemListElement\":[{\"@type\":\"ListItem\",\"position\":1,\"name\":\"Inicio\",\"item\":\"https:\/\/apuntesdesanluis.com\/\"},{\"@type\":\"ListItem\",\"position\":2,\"name\":\"EL PRESIDENTE DE AMIA LE PIDI\u00d3 AL GOBIERNO QUE LA CAUSA POR EL ATENTADO SEA UNA \u201cCUESTI\u00d3N DE ESTADO\u201d\"}]},{\"@type\":\"WebSite\",\"@id\":\"https:\/\/apuntesdesanluis.com\/#website\",\"url\":\"https:\/\/apuntesdesanluis.com\/\",\"name\":\"Apuntes de San Luis\",\"description\":\"\",\"publisher\":{\"@id\":\"https:\/\/apuntesdesanluis.com\/#\/schema\/person\/b55151d52296fcce64d1a72538a70b90\"},\"potentialAction\":[{\"@type\":\"SearchAction\",\"target\":{\"@type\":\"EntryPoint\",\"urlTemplate\":\"https:\/\/apuntesdesanluis.com\/?s={search_term_string}\"},\"query-input\":{\"@type\":\"PropertyValueSpecification\",\"valueRequired\":true,\"valueName\":\"search_term_string\"}}],\"inLanguage\":\"es-AR\"},{\"@type\":[\"Person\",\"Organization\"],\"@id\":\"https:\/\/apuntesdesanluis.com\/#\/schema\/person\/b55151d52296fcce64d1a72538a70b90\",\"name\":\"apuntesdesanluis.com\",\"image\":{\"@type\":\"ImageObject\",\"inLanguage\":\"es-AR\",\"@id\":\"https:\/\/apuntesdesanluis.com\/#\/schema\/person\/image\/\",\"url\":\"https:\/\/apuntesdesanluis.com\/wp-content\/uploads\/2023\/07\/cropped-apuntesdesanluis.png\",\"contentUrl\":\"https:\/\/apuntesdesanluis.com\/wp-content\/uploads\/2023\/07\/cropped-apuntesdesanluis.png\",\"width\":450,\"height\":112,\"caption\":\"apuntesdesanluis.com\"},\"logo\":{\"@id\":\"https:\/\/apuntesdesanluis.com\/#\/schema\/person\/image\/\"},\"sameAs\":[\"https:\/\/apuntesdesanluis.com\"],\"url\":\"https:\/\/apuntesdesanluis.com\/index.php\/author\/apuntesdesanluis-com\/\"}]}<\/script>\n<!-- \/ Yoast SEO plugin. -->","yoast_head_json":{"title":"EL PRESIDENTE DE AMIA LE PIDI\u00d3 AL GOBIERNO QUE LA CAUSA POR EL ATENTADO SEA UNA \u201cCUESTI\u00d3N DE ESTADO\u201d - Apuntes de San Luis","robots":{"index":"index","follow":"follow","max-snippet":"max-snippet:-1","max-image-preview":"max-image-preview:large","max-video-preview":"max-video-preview:-1"},"canonical":"https:\/\/apuntesdesanluis.com\/index.php\/2024\/07\/18\/el-presidente-de-amia-le-pidio-al-gobierno-que-la-causa-por-el-atentado-sea-una-cuestion-de-estado\/","og_locale":"es_ES","og_type":"article","og_title":"EL PRESIDENTE DE AMIA LE PIDI\u00d3 AL GOBIERNO QUE LA CAUSA POR EL ATENTADO SEA UNA \u201cCUESTI\u00d3N DE ESTADO\u201d - Apuntes de San Luis","og_description":"El presidente de AMIA, Amos Linetzky, le pidi\u00f3 al Gobierno Nacional que la causa por...","og_url":"https:\/\/apuntesdesanluis.com\/index.php\/2024\/07\/18\/el-presidente-de-amia-le-pidio-al-gobierno-que-la-causa-por-el-atentado-sea-una-cuestion-de-estado\/","og_site_name":"Apuntes de San Luis","article_published_time":"2024-07-18T20:44:47+00:00","og_image":[{"width":700,"height":409,"url":"https:\/\/apuntesdesanluis.com\/wp-content\/uploads\/2024\/07\/amos-de-la-amia.png","type":"image\/png"}],"author":"apuntesdesanluis.com","twitter_card":"summary_large_image","twitter_misc":{"Escrito por":"apuntesdesanluis.com","Tiempo de lectura":"4 minutos"},"schema":{"@context":"https:\/\/schema.org","@graph":[{"@type":"Article","@id":"https:\/\/apuntesdesanluis.com\/index.php\/2024\/07\/18\/el-presidente-de-amia-le-pidio-al-gobierno-que-la-causa-por-el-atentado-sea-una-cuestion-de-estado\/#article","isPartOf":{"@id":"https:\/\/apuntesdesanluis.com\/index.php\/2024\/07\/18\/el-presidente-de-amia-le-pidio-al-gobierno-que-la-causa-por-el-atentado-sea-una-cuestion-de-estado\/"},"author":{"name":"apuntesdesanluis.com","@id":"https:\/\/apuntesdesanluis.com\/#\/schema\/person\/b55151d52296fcce64d1a72538a70b90"},"headline":"EL PRESIDENTE DE AMIA LE PIDI\u00d3 AL GOBIERNO QUE LA CAUSA POR EL ATENTADO SEA UNA \u201cCUESTI\u00d3N DE ESTADO\u201d","datePublished":"2024-07-18T20:44:47+00:00","mainEntityOfPage":{"@id":"https:\/\/apuntesdesanluis.com\/index.php\/2024\/07\/18\/el-presidente-de-amia-le-pidio-al-gobierno-que-la-causa-por-el-atentado-sea-una-cuestion-de-estado\/"},"wordCount":599,"publisher":{"@id":"https:\/\/apuntesdesanluis.com\/#\/schema\/person\/b55151d52296fcce64d1a72538a70b90"},"image":{"@id":"https:\/\/apuntesdesanluis.com\/index.php\/2024\/07\/18\/el-presidente-de-amia-le-pidio-al-gobierno-que-la-causa-por-el-atentado-sea-una-cuestion-de-estado\/#primaryimage"},"thumbnailUrl":"https:\/\/apuntesdesanluis.com\/wp-content\/uploads\/2024\/07\/amos-de-la-amia.png","articleSection":["Nacionales\/Internacionales"],"inLanguage":"es-AR"},{"@type":"WebPage","@id":"https:\/\/apuntesdesanluis.com\/index.php\/2024\/07\/18\/el-presidente-de-amia-le-pidio-al-gobierno-que-la-causa-por-el-atentado-sea-una-cuestion-de-estado\/","url":"https:\/\/apuntesdesanluis.com\/index.php\/2024\/07\/18\/el-presidente-de-amia-le-pidio-al-gobierno-que-la-causa-por-el-atentado-sea-una-cuestion-de-estado\/","name":"EL PRESIDENTE DE AMIA LE PIDI\u00d3 AL GOBIERNO QUE LA CAUSA POR EL ATENTADO SEA UNA \u201cCUESTI\u00d3N DE ESTADO\u201d - Apuntes de San Luis","isPartOf":{"@id":"https:\/\/apuntesdesanluis.com\/#website"},"primaryImageOfPage":{"@id":"https:\/\/apuntesdesanluis.com\/index.php\/2024\/07\/18\/el-presidente-de-amia-le-pidio-al-gobierno-que-la-causa-por-el-atentado-sea-una-cuestion-de-estado\/#primaryimage"},"image":{"@id":"https:\/\/apuntesdesanluis.com\/index.php\/2024\/07\/18\/el-presidente-de-amia-le-pidio-al-gobierno-que-la-causa-por-el-atentado-sea-una-cuestion-de-estado\/#primaryimage"},"thumbnailUrl":"https:\/\/apuntesdesanluis.com\/wp-content\/uploads\/2024\/07\/amos-de-la-amia.png","datePublished":"2024-07-18T20:44:47+00:00","breadcrumb":{"@id":"https:\/\/apuntesdesanluis.com\/index.php\/2024\/07\/18\/el-presidente-de-amia-le-pidio-al-gobierno-que-la-causa-por-el-atentado-sea-una-cuestion-de-estado\/#breadcrumb"},"inLanguage":"es-AR","potentialAction":[{"@type":"ReadAction","target":["https:\/\/apuntesdesanluis.com\/index.php\/2024\/07\/18\/el-presidente-de-amia-le-pidio-al-gobierno-que-la-causa-por-el-atentado-sea-una-cuestion-de-estado\/"]}]},{"@type":"ImageObject","inLanguage":"es-AR","@id":"https:\/\/apuntesdesanluis.com\/index.php\/2024\/07\/18\/el-presidente-de-amia-le-pidio-al-gobierno-que-la-causa-por-el-atentado-sea-una-cuestion-de-estado\/#primaryimage","url":"https:\/\/apuntesdesanluis.com\/wp-content\/uploads\/2024\/07\/amos-de-la-amia.png","contentUrl":"https:\/\/apuntesdesanluis.com\/wp-content\/uploads\/2024\/07\/amos-de-la-amia.png","width":700,"height":409},{"@type":"BreadcrumbList","@id":"https:\/\/apuntesdesanluis.com\/index.php\/2024\/07\/18\/el-presidente-de-amia-le-pidio-al-gobierno-que-la-causa-por-el-atentado-sea-una-cuestion-de-estado\/#breadcrumb","itemListElement":[{"@type":"ListItem","position":1,"name":"Inicio","item":"https:\/\/apuntesdesanluis.com\/"},{"@type":"ListItem","position":2,"name":"EL PRESIDENTE DE AMIA LE PIDI\u00d3 AL GOBIERNO QUE LA CAUSA POR EL ATENTADO SEA UNA \u201cCUESTI\u00d3N DE ESTADO\u201d"}]},{"@type":"WebSite","@id":"https:\/\/apuntesdesanluis.com\/#website","url":"https:\/\/apuntesdesanluis.com\/","name":"Apuntes de San Luis","description":"","publisher":{"@id":"https:\/\/apuntesdesanluis.com\/#\/schema\/person\/b55151d52296fcce64d1a72538a70b90"},"potentialAction":[{"@type":"SearchAction","target":{"@type":"EntryPoint","urlTemplate":"https:\/\/apuntesdesanluis.com\/?s={search_term_string}"},"query-input":{"@type":"PropertyValueSpecification","valueRequired":true,"valueName":"search_term_string"}}],"inLanguage":"es-AR"},{"@type":["Person","Organization"],"@id":"https:\/\/apuntesdesanluis.com\/#\/schema\/person\/b55151d52296fcce64d1a72538a70b90","name":"apuntesdesanluis.com","image":{"@type":"ImageObject","inLanguage":"es-AR","@id":"https:\/\/apuntesdesanluis.com\/#\/schema\/person\/image\/","url":"https:\/\/apuntesdesanluis.com\/wp-content\/uploads\/2023\/07\/cropped-apuntesdesanluis.png","contentUrl":"https:\/\/apuntesdesanluis.com\/wp-content\/uploads\/2023\/07\/cropped-apuntesdesanluis.png","width":450,"height":112,"caption":"apuntesdesanluis.com"},"logo":{"@id":"https:\/\/apuntesdesanluis.com\/#\/schema\/person\/image\/"},"sameAs":["https:\/\/apuntesdesanluis.com"],"url":"https:\/\/apuntesdesanluis.com\/index.php\/author\/apuntesdesanluis-com\/"}]}},"featured_image_urls":{"full":["https:\/\/apuntesdesanluis.com\/wp-content\/uploads\/2024\/07\/amos-de-la-amia.png",700,409,false],"thumbnail":["https:\/\/apuntesdesanluis.com\/wp-content\/uploads\/2024\/07\/amos-de-la-amia-150x150.png",150,150,true],"medium":["https:\/\/apuntesdesanluis.com\/wp-content\/uploads\/2024\/07\/amos-de-la-amia-300x175.png",300,175,true],"medium_large":["https:\/\/apuntesdesanluis.com\/wp-content\/uploads\/2024\/07\/amos-de-la-amia.png",640,374,false],"large":["https:\/\/apuntesdesanluis.com\/wp-content\/uploads\/2024\/07\/amos-de-la-amia.png",640,374,false],"1536x1536":["https:\/\/apuntesdesanluis.com\/wp-content\/uploads\/2024\/07\/amos-de-la-amia.png",700,409,false],"2048x2048":["https:\/\/apuntesdesanluis.com\/wp-content\/uploads\/2024\/07\/amos-de-la-amia.png",700,409,false],"newsever-slider-full":["https:\/\/apuntesdesanluis.com\/wp-content\/uploads\/2024\/07\/amos-de-la-amia.png",700,409,false],"newsever-featured":["https:\/\/apuntesdesanluis.com\/wp-content\/uploads\/2024\/07\/amos-de-la-amia.png",700,409,false],"newsever-medium":["https:\/\/apuntesdesanluis.com\/wp-content\/uploads\/2024\/07\/amos-de-la-amia.png",700,409,false]},"author_info":{"display_name":"apuntesdesanluis.com","author_link":"https:\/\/apuntesdesanluis.com\/index.php\/author\/apuntesdesanluis-com\/"},"category_info":"<a href=\"https:\/\/apuntesdesanluis.com\/index.php\/category\/nacionales-internacionales\/\" rel=\"category tag\">Nacionales\/Internacionales<\/a>","tag_info":"Nacionales\/Internacionales","comment_count":"0","_links":{"self":[{"href":"https:\/\/apuntesdesanluis.com\/index.php\/wp-json\/wp\/v2\/posts\/19482","targetHints":{"allow":["GET"]}}],"collection":[{"href":"https:\/\/apuntesdesanluis.com\/index.php\/wp-json\/wp\/v2\/posts"}],"about":[{"href":"https:\/\/apuntesdesanluis.com\/index.php\/wp-json\/wp\/v2\/types\/post"}],"author":[{"embeddable":true,"href":"https:\/\/apuntesdesanluis.com\/index.php\/wp-json\/wp\/v2\/users\/1"}],"replies":[{"embeddable":true,"href":"https:\/\/apuntesdesanluis.com\/index.php\/wp-json\/wp\/v2\/comments?post=19482"}],"version-history":[{"count":1,"href":"https:\/\/apuntesdesanluis.com\/index.php\/wp-json\/wp\/v2\/posts\/19482\/revisions"}],"predecessor-version":[{"id":19486,"href":"https:\/\/apuntesdesanluis.com\/index.php\/wp-json\/wp\/v2\/posts\/19482\/revisions\/19486"}],"wp:featuredmedia":[{"embeddable":true,"href":"https:\/\/apuntesdesanluis.com\/index.php\/wp-json\/wp\/v2\/media\/19483"}],"wp:attachment":[{"href":"https:\/\/apuntesdesanluis.com\/index.php\/wp-json\/wp\/v2\/media?parent=19482"}],"wp:term":[{"taxonomy":"category","embeddable":true,"href":"https:\/\/apuntesdesanluis.com\/index.php\/wp-json\/wp\/v2\/categories?post=19482"},{"taxonomy":"post_tag","embeddable":true,"href":"https:\/\/apuntesdesanluis.com\/index.php\/wp-json\/wp\/v2\/tags?post=19482"}],"curies":[{"name":"wp","href":"https:\/\/api.w.org\/{rel}","templated":true}]}}