{"id":1949,"date":"2023-08-22T23:15:59","date_gmt":"2023-08-23T02:15:59","guid":{"rendered":"https:\/\/apuntesdesanluis.com\/?p=1949"},"modified":"2023-08-22T23:15:59","modified_gmt":"2023-08-23T02:15:59","slug":"desde-septiembre-los-jubilados-cobraran-un-23-mas-y-bonos-mensuales","status":"publish","type":"post","link":"https:\/\/apuntesdesanluis.com\/index.php\/2023\/08\/22\/desde-septiembre-los-jubilados-cobraran-un-23-mas-y-bonos-mensuales\/","title":{"rendered":"DESDE SEPTIEMBRE, LOS JUBILADOS COBRAR\u00c1N UN 23 % M\u00c1S Y BONOS MENSUALES"},"content":{"rendered":"<h3 class=\"yiv7409174924ydp6329976emsonormal\" style=\"text-align: justify; background: white;\"><span style=\"font-family: 'Arial','sans-serif'; color: #1d2228;\">El aumento para jubilados y pensionados lleva el haber m\u00ednimo a $ 87.460 a partir del pr\u00f3ximo mes. Adicionalmente, los jubilados y pensionados que perciben el haber m\u00ednimo recibir\u00e1n un bono de $ 27.000 en septiembre, en octubre y en noviembre, con lo que nadie cobrar\u00e1 menos de $ 114.460.<\/span><\/h3>\n<h3 class=\"yiv7409174924ydp6329976emsonormal\" style=\"text-align: justify; background: white;\"><span style=\"font-family: 'Arial','sans-serif'; color: #1d2228;\">La Administraci\u00f3n Nacional de la Seguridad Social (Anses) formaliz\u00f3 el valor de la movilidad prevista en el art\u00edculo 32 de la Ley 24.241 correspondiente a septiembre de 2023 en 23,29%, a trav\u00e9s de la resoluci\u00f3n 186\/2023 publicada este martes en el Bolet\u00edn Oficial.<\/span><\/h3>\n<h3 class=\"yiv7409174924ydp6329976emsonormal\" style=\"text-align: justify; background: white;\"><span style=\"font-family: 'Arial','sans-serif'; color: #1d2228;\">El aumento para jubilados y pensionados fue anunciado el 10 de agosto \u00faltimo por el ministro de Econom\u00eda, Sergio Massa, junto con la directora ejecutiva de la Anses, Fernanda Raverta, y lleva el haber m\u00ednimo a $ 87.460 a partir del pr\u00f3ximo mes.<\/span><\/h3>\n<h3 class=\"yiv7409174924ydp6329976emsonormal\" style=\"text-align: justify; background: white;\"><span style=\"font-family: 'Arial','sans-serif'; color: #1d2228;\">Adicionalmente, los jubilados y pensionados que perciben el haber m\u00ednimo recibir\u00e1n un bono de $ 27.000 en septiembre, en octubre y en noviembre, con lo que nadie cobrar\u00e1 menos de $ 114.460.<\/span><\/h3>\n<h3 class=\"yiv7409174924ydp6329976emsonormal\" style=\"text-align: justify; background: white;\"><span style=\"font-family: 'Arial','sans-serif'; color: #1d2228;\">De esta forma, el haber de los jubilados de la m\u00ednima que lo hicieron con 30 a\u00f1os de aportes efectivos (1,2 millones de personas) quedar\u00e1 en $ 123.760.<\/span><\/h3>\n<h3 class=\"yiv7409174924ydp6329976emsonormal\" style=\"text-align: justify; background: white;\"><span style=\"font-family: 'Arial','sans-serif'; color: #1d2228;\">El incremento de septiembre ser\u00e1 el tercero del a\u00f1o y fue fijado a partir de la Ley de Movilidad.<\/span><\/h3>\n<h3 class=\"yiv7409174924ydp6329976emsonormal\" style=\"text-align: justify; background: white;\"><span style=\"font-family: 'Arial','sans-serif'; color: #1d2228;\">A partir de la suba del mes que viene, la jubilaci\u00f3n m\u00ednima habr\u00e1 tenido un incremento interanual del 127,3%, ubic\u00e1ndose por encima de la inflaci\u00f3n del per\u00edodo, destac\u00f3 la Anses en un comunicado.<\/span><\/h3>\n<p>&nbsp;<\/p>\n<p>&nbsp;<\/p>\n","protected":false},"excerpt":{"rendered":"<p>El aumento para jubilados y pensionados lleva el haber m\u00ednimo a $ 87.460 a partir&#8230;<\/p>\n","protected":false},"author":1,"featured_media":1950,"comment_status":"closed","ping_status":"closed","sticky":false,"template":"","format":"standard","meta":{"footnotes":""},"categories":[5],"tags":[],"class_list":["post-1949","post","type-post","status-publish","format-standard","has-post-thumbnail","hentry","category-nacionales-internacionales"],"yoast_head":"<!-- This site is optimized with the Yoast SEO plugin v26.1.1 - https:\/\/yoast.com\/wordpress\/plugins\/seo\/ -->\n<title>DESDE SEPTIEMBRE, LOS JUBILADOS COBRAR\u00c1N UN 23 % M\u00c1S Y BONOS MENSUALES - Apuntes de San Luis<\/title>\n<meta name=\"robots\" content=\"index, follow, max-snippet:-1, max-image-preview:large, max-video-preview:-1\" \/>\n<link rel=\"canonical\" href=\"https:\/\/apuntesdesanluis.com\/index.php\/2023\/08\/22\/desde-septiembre-los-jubilados-cobraran-un-23-mas-y-bonos-mensuales\/\" \/>\n<meta property=\"og:locale\" content=\"es_ES\" \/>\n<meta property=\"og:type\" content=\"article\" \/>\n<meta property=\"og:title\" content=\"DESDE SEPTIEMBRE, LOS JUBILADOS COBRAR\u00c1N UN 23 % M\u00c1S Y BONOS MENSUALES - Apuntes de San Luis\" \/>\n<meta property=\"og:description\" content=\"El aumento para jubilados y pensionados lleva el haber m\u00ednimo a $ 87.460 a partir...\" \/>\n<meta property=\"og:url\" content=\"https:\/\/apuntesdesanluis.com\/index.php\/2023\/08\/22\/desde-septiembre-los-jubilados-cobraran-un-23-mas-y-bonos-mensuales\/\" \/>\n<meta property=\"og:site_name\" content=\"Apuntes de San Luis\" \/>\n<meta property=\"article:published_time\" content=\"2023-08-23T02:15:59+00:00\" \/>\n<meta property=\"og:image\" content=\"https:\/\/apuntesdesanluis.com\/wp-content\/uploads\/2023\/08\/JUBILADOS-1.png\" \/>\n\t<meta property=\"og:image:width\" content=\"1094\" \/>\n\t<meta property=\"og:image:height\" content=\"662\" \/>\n\t<meta property=\"og:image:type\" content=\"image\/png\" \/>\n<meta name=\"author\" content=\"apuntesdesanluis.com\" \/>\n<meta name=\"twitter:card\" content=\"summary_large_image\" \/>\n<meta name=\"twitter:label1\" content=\"Escrito por\" \/>\n\t<meta name=\"twitter:data1\" content=\"apuntesdesanluis.com\" \/>\n\t<meta name=\"twitter:label2\" content=\"Tiempo de lectura\" \/>\n\t<meta name=\"twitter:data2\" content=\"2 minutos\" \/>\n<script type=\"application\/ld+json\" class=\"yoast-schema-graph\">{\"@context\":\"https:\/\/schema.org\",\"@graph\":[{\"@type\":\"Article\",\"@id\":\"https:\/\/apuntesdesanluis.com\/index.php\/2023\/08\/22\/desde-septiembre-los-jubilados-cobraran-un-23-mas-y-bonos-mensuales\/#article\",\"isPartOf\":{\"@id\":\"https:\/\/apuntesdesanluis.com\/index.php\/2023\/08\/22\/desde-septiembre-los-jubilados-cobraran-un-23-mas-y-bonos-mensuales\/\"},\"author\":{\"name\":\"apuntesdesanluis.com\",\"@id\":\"https:\/\/apuntesdesanluis.com\/#\/schema\/person\/b55151d52296fcce64d1a72538a70b90\"},\"headline\":\"DESDE SEPTIEMBRE, LOS JUBILADOS COBRAR\u00c1N UN 23 % M\u00c1S Y BONOS MENSUALES\",\"datePublished\":\"2023-08-23T02:15:59+00:00\",\"mainEntityOfPage\":{\"@id\":\"https:\/\/apuntesdesanluis.com\/index.php\/2023\/08\/22\/desde-septiembre-los-jubilados-cobraran-un-23-mas-y-bonos-mensuales\/\"},\"wordCount\":261,\"publisher\":{\"@id\":\"https:\/\/apuntesdesanluis.com\/#\/schema\/person\/b55151d52296fcce64d1a72538a70b90\"},\"image\":{\"@id\":\"https:\/\/apuntesdesanluis.com\/index.php\/2023\/08\/22\/desde-septiembre-los-jubilados-cobraran-un-23-mas-y-bonos-mensuales\/#primaryimage\"},\"thumbnailUrl\":\"https:\/\/apuntesdesanluis.com\/wp-content\/uploads\/2023\/08\/JUBILADOS-1.png\",\"articleSection\":[\"Nacionales\/Internacionales\"],\"inLanguage\":\"es-AR\"},{\"@type\":\"WebPage\",\"@id\":\"https:\/\/apuntesdesanluis.com\/index.php\/2023\/08\/22\/desde-septiembre-los-jubilados-cobraran-un-23-mas-y-bonos-mensuales\/\",\"url\":\"https:\/\/apuntesdesanluis.com\/index.php\/2023\/08\/22\/desde-septiembre-los-jubilados-cobraran-un-23-mas-y-bonos-mensuales\/\",\"name\":\"DESDE SEPTIEMBRE, LOS JUBILADOS COBRAR\u00c1N UN 23 % M\u00c1S Y BONOS MENSUALES - Apuntes de San Luis\",\"isPartOf\":{\"@id\":\"https:\/\/apuntesdesanluis.com\/#website\"},\"primaryImageOfPage\":{\"@id\":\"https:\/\/apuntesdesanluis.com\/index.php\/2023\/08\/22\/desde-septiembre-los-jubilados-cobraran-un-23-mas-y-bonos-mensuales\/#primaryimage\"},\"image\":{\"@id\":\"https:\/\/apuntesdesanluis.com\/index.php\/2023\/08\/22\/desde-septiembre-los-jubilados-cobraran-un-23-mas-y-bonos-mensuales\/#primaryimage\"},\"thumbnailUrl\":\"https:\/\/apuntesdesanluis.com\/wp-content\/uploads\/2023\/08\/JUBILADOS-1.png\",\"datePublished\":\"2023-08-23T02:15:59+00:00\",\"breadcrumb\":{\"@id\":\"https:\/\/apuntesdesanluis.com\/index.php\/2023\/08\/22\/desde-septiembre-los-jubilados-cobraran-un-23-mas-y-bonos-mensuales\/#breadcrumb\"},\"inLanguage\":\"es-AR\",\"potentialAction\":[{\"@type\":\"ReadAction\",\"target\":[\"https:\/\/apuntesdesanluis.com\/index.php\/2023\/08\/22\/desde-septiembre-los-jubilados-cobraran-un-23-mas-y-bonos-mensuales\/\"]}]},{\"@type\":\"ImageObject\",\"inLanguage\":\"es-AR\",\"@id\":\"https:\/\/apuntesdesanluis.com\/index.php\/2023\/08\/22\/desde-septiembre-los-jubilados-cobraran-un-23-mas-y-bonos-mensuales\/#primaryimage\",\"url\":\"https:\/\/apuntesdesanluis.com\/wp-content\/uploads\/2023\/08\/JUBILADOS-1.png\",\"contentUrl\":\"https:\/\/apuntesdesanluis.com\/wp-content\/uploads\/2023\/08\/JUBILADOS-1.png\",\"width\":1094,\"height\":662},{\"@type\":\"BreadcrumbList\",\"@id\":\"https:\/\/apuntesdesanluis.com\/index.php\/2023\/08\/22\/desde-septiembre-los-jubilados-cobraran-un-23-mas-y-bonos-mensuales\/#breadcrumb\",\"itemListElement\":[{\"@type\":\"ListItem\",\"position\":1,\"name\":\"Inicio\",\"item\":\"https:\/\/apuntesdesanluis.com\/\"},{\"@type\":\"ListItem\",\"position\":2,\"name\":\"DESDE SEPTIEMBRE, LOS JUBILADOS COBRAR\u00c1N UN 23 % M\u00c1S Y BONOS MENSUALES\"}]},{\"@type\":\"WebSite\",\"@id\":\"https:\/\/apuntesdesanluis.com\/#website\",\"url\":\"https:\/\/apuntesdesanluis.com\/\",\"name\":\"Apuntes de San Luis\",\"description\":\"\",\"publisher\":{\"@id\":\"https:\/\/apuntesdesanluis.com\/#\/schema\/person\/b55151d52296fcce64d1a72538a70b90\"},\"potentialAction\":[{\"@type\":\"SearchAction\",\"target\":{\"@type\":\"EntryPoint\",\"urlTemplate\":\"https:\/\/apuntesdesanluis.com\/?s={search_term_string}\"},\"query-input\":{\"@type\":\"PropertyValueSpecification\",\"valueRequired\":true,\"valueName\":\"search_term_string\"}}],\"inLanguage\":\"es-AR\"},{\"@type\":[\"Person\",\"Organization\"],\"@id\":\"https:\/\/apuntesdesanluis.com\/#\/schema\/person\/b55151d52296fcce64d1a72538a70b90\",\"name\":\"apuntesdesanluis.com\",\"image\":{\"@type\":\"ImageObject\",\"inLanguage\":\"es-AR\",\"@id\":\"https:\/\/apuntesdesanluis.com\/#\/schema\/person\/image\/\",\"url\":\"https:\/\/apuntesdesanluis.com\/wp-content\/uploads\/2023\/07\/cropped-apuntesdesanluis.png\",\"contentUrl\":\"https:\/\/apuntesdesanluis.com\/wp-content\/uploads\/2023\/07\/cropped-apuntesdesanluis.png\",\"width\":450,\"height\":112,\"caption\":\"apuntesdesanluis.com\"},\"logo\":{\"@id\":\"https:\/\/apuntesdesanluis.com\/#\/schema\/person\/image\/\"},\"sameAs\":[\"https:\/\/apuntesdesanluis.com\"],\"url\":\"https:\/\/apuntesdesanluis.com\/index.php\/author\/apuntesdesanluis-com\/\"}]}<\/script>\n<!-- \/ Yoast SEO plugin. -->","yoast_head_json":{"title":"DESDE SEPTIEMBRE, LOS JUBILADOS COBRAR\u00c1N UN 23 % M\u00c1S Y BONOS MENSUALES - Apuntes de San Luis","robots":{"index":"index","follow":"follow","max-snippet":"max-snippet:-1","max-image-preview":"max-image-preview:large","max-video-preview":"max-video-preview:-1"},"canonical":"https:\/\/apuntesdesanluis.com\/index.php\/2023\/08\/22\/desde-septiembre-los-jubilados-cobraran-un-23-mas-y-bonos-mensuales\/","og_locale":"es_ES","og_type":"article","og_title":"DESDE SEPTIEMBRE, LOS JUBILADOS COBRAR\u00c1N UN 23 % M\u00c1S Y BONOS MENSUALES - Apuntes de San Luis","og_description":"El aumento para jubilados y pensionados lleva el haber m\u00ednimo a $ 87.460 a partir...","og_url":"https:\/\/apuntesdesanluis.com\/index.php\/2023\/08\/22\/desde-septiembre-los-jubilados-cobraran-un-23-mas-y-bonos-mensuales\/","og_site_name":"Apuntes de San Luis","article_published_time":"2023-08-23T02:15:59+00:00","og_image":[{"width":1094,"height":662,"url":"https:\/\/apuntesdesanluis.com\/wp-content\/uploads\/2023\/08\/JUBILADOS-1.png","type":"image\/png"}],"author":"apuntesdesanluis.com","twitter_card":"summary_large_image","twitter_misc":{"Escrito por":"apuntesdesanluis.com","Tiempo de lectura":"2 minutos"},"schema":{"@context":"https:\/\/schema.org","@graph":[{"@type":"Article","@id":"https:\/\/apuntesdesanluis.com\/index.php\/2023\/08\/22\/desde-septiembre-los-jubilados-cobraran-un-23-mas-y-bonos-mensuales\/#article","isPartOf":{"@id":"https:\/\/apuntesdesanluis.com\/index.php\/2023\/08\/22\/desde-septiembre-los-jubilados-cobraran-un-23-mas-y-bonos-mensuales\/"},"author":{"name":"apuntesdesanluis.com","@id":"https:\/\/apuntesdesanluis.com\/#\/schema\/person\/b55151d52296fcce64d1a72538a70b90"},"headline":"DESDE SEPTIEMBRE, LOS JUBILADOS COBRAR\u00c1N UN 23 % M\u00c1S Y BONOS MENSUALES","datePublished":"2023-08-23T02:15:59+00:00","mainEntityOfPage":{"@id":"https:\/\/apuntesdesanluis.com\/index.php\/2023\/08\/22\/desde-septiembre-los-jubilados-cobraran-un-23-mas-y-bonos-mensuales\/"},"wordCount":261,"publisher":{"@id":"https:\/\/apuntesdesanluis.com\/#\/schema\/person\/b55151d52296fcce64d1a72538a70b90"},"image":{"@id":"https:\/\/apuntesdesanluis.com\/index.php\/2023\/08\/22\/desde-septiembre-los-jubilados-cobraran-un-23-mas-y-bonos-mensuales\/#primaryimage"},"thumbnailUrl":"https:\/\/apuntesdesanluis.com\/wp-content\/uploads\/2023\/08\/JUBILADOS-1.png","articleSection":["Nacionales\/Internacionales"],"inLanguage":"es-AR"},{"@type":"WebPage","@id":"https:\/\/apuntesdesanluis.com\/index.php\/2023\/08\/22\/desde-septiembre-los-jubilados-cobraran-un-23-mas-y-bonos-mensuales\/","url":"https:\/\/apuntesdesanluis.com\/index.php\/2023\/08\/22\/desde-septiembre-los-jubilados-cobraran-un-23-mas-y-bonos-mensuales\/","name":"DESDE SEPTIEMBRE, LOS JUBILADOS COBRAR\u00c1N UN 23 % M\u00c1S Y BONOS MENSUALES - Apuntes de San Luis","isPartOf":{"@id":"https:\/\/apuntesdesanluis.com\/#website"},"primaryImageOfPage":{"@id":"https:\/\/apuntesdesanluis.com\/index.php\/2023\/08\/22\/desde-septiembre-los-jubilados-cobraran-un-23-mas-y-bonos-mensuales\/#primaryimage"},"image":{"@id":"https:\/\/apuntesdesanluis.com\/index.php\/2023\/08\/22\/desde-septiembre-los-jubilados-cobraran-un-23-mas-y-bonos-mensuales\/#primaryimage"},"thumbnailUrl":"https:\/\/apuntesdesanluis.com\/wp-content\/uploads\/2023\/08\/JUBILADOS-1.png","datePublished":"2023-08-23T02:15:59+00:00","breadcrumb":{"@id":"https:\/\/apuntesdesanluis.com\/index.php\/2023\/08\/22\/desde-septiembre-los-jubilados-cobraran-un-23-mas-y-bonos-mensuales\/#breadcrumb"},"inLanguage":"es-AR","potentialAction":[{"@type":"ReadAction","target":["https:\/\/apuntesdesanluis.com\/index.php\/2023\/08\/22\/desde-septiembre-los-jubilados-cobraran-un-23-mas-y-bonos-mensuales\/"]}]},{"@type":"ImageObject","inLanguage":"es-AR","@id":"https:\/\/apuntesdesanluis.com\/index.php\/2023\/08\/22\/desde-septiembre-los-jubilados-cobraran-un-23-mas-y-bonos-mensuales\/#primaryimage","url":"https:\/\/apuntesdesanluis.com\/wp-content\/uploads\/2023\/08\/JUBILADOS-1.png","contentUrl":"https:\/\/apuntesdesanluis.com\/wp-content\/uploads\/2023\/08\/JUBILADOS-1.png","width":1094,"height":662},{"@type":"BreadcrumbList","@id":"https:\/\/apuntesdesanluis.com\/index.php\/2023\/08\/22\/desde-septiembre-los-jubilados-cobraran-un-23-mas-y-bonos-mensuales\/#breadcrumb","itemListElement":[{"@type":"ListItem","position":1,"name":"Inicio","item":"https:\/\/apuntesdesanluis.com\/"},{"@type":"ListItem","position":2,"name":"DESDE SEPTIEMBRE, LOS JUBILADOS COBRAR\u00c1N UN 23 % M\u00c1S Y BONOS MENSUALES"}]},{"@type":"WebSite","@id":"https:\/\/apuntesdesanluis.com\/#website","url":"https:\/\/apuntesdesanluis.com\/","name":"Apuntes de San Luis","description":"","publisher":{"@id":"https:\/\/apuntesdesanluis.com\/#\/schema\/person\/b55151d52296fcce64d1a72538a70b90"},"potentialAction":[{"@type":"SearchAction","target":{"@type":"EntryPoint","urlTemplate":"https:\/\/apuntesdesanluis.com\/?s={search_term_string}"},"query-input":{"@type":"PropertyValueSpecification","valueRequired":true,"valueName":"search_term_string"}}],"inLanguage":"es-AR"},{"@type":["Person","Organization"],"@id":"https:\/\/apuntesdesanluis.com\/#\/schema\/person\/b55151d52296fcce64d1a72538a70b90","name":"apuntesdesanluis.com","image":{"@type":"ImageObject","inLanguage":"es-AR","@id":"https:\/\/apuntesdesanluis.com\/#\/schema\/person\/image\/","url":"https:\/\/apuntesdesanluis.com\/wp-content\/uploads\/2023\/07\/cropped-apuntesdesanluis.png","contentUrl":"https:\/\/apuntesdesanluis.com\/wp-content\/uploads\/2023\/07\/cropped-apuntesdesanluis.png","width":450,"height":112,"caption":"apuntesdesanluis.com"},"logo":{"@id":"https:\/\/apuntesdesanluis.com\/#\/schema\/person\/image\/"},"sameAs":["https:\/\/apuntesdesanluis.com"],"url":"https:\/\/apuntesdesanluis.com\/index.php\/author\/apuntesdesanluis-com\/"}]}},"featured_image_urls":{"full":["https:\/\/apuntesdesanluis.com\/wp-content\/uploads\/2023\/08\/JUBILADOS-1.png",1094,662,false],"thumbnail":["https:\/\/apuntesdesanluis.com\/wp-content\/uploads\/2023\/08\/JUBILADOS-1-150x150.png",150,150,true],"medium":["https:\/\/apuntesdesanluis.com\/wp-content\/uploads\/2023\/08\/JUBILADOS-1-300x182.png",300,182,true],"medium_large":["https:\/\/apuntesdesanluis.com\/wp-content\/uploads\/2023\/08\/JUBILADOS-1-768x465.png",640,388,true],"large":["https:\/\/apuntesdesanluis.com\/wp-content\/uploads\/2023\/08\/JUBILADOS-1-1024x620.png",640,388,true],"1536x1536":["https:\/\/apuntesdesanluis.com\/wp-content\/uploads\/2023\/08\/JUBILADOS-1.png",1094,662,false],"2048x2048":["https:\/\/apuntesdesanluis.com\/wp-content\/uploads\/2023\/08\/JUBILADOS-1.png",1094,662,false],"newsever-slider-full":["https:\/\/apuntesdesanluis.com\/wp-content\/uploads\/2023\/08\/JUBILADOS-1.png",1094,662,false],"newsever-featured":["https:\/\/apuntesdesanluis.com\/wp-content\/uploads\/2023\/08\/JUBILADOS-1-1024x620.png",1024,620,true],"newsever-medium":["https:\/\/apuntesdesanluis.com\/wp-content\/uploads\/2023\/08\/JUBILADOS-1-720x475.png",720,475,true]},"author_info":{"display_name":"apuntesdesanluis.com","author_link":"https:\/\/apuntesdesanluis.com\/index.php\/author\/apuntesdesanluis-com\/"},"category_info":"<a href=\"https:\/\/apuntesdesanluis.com\/index.php\/category\/nacionales-internacionales\/\" rel=\"category tag\">Nacionales\/Internacionales<\/a>","tag_info":"Nacionales\/Internacionales","comment_count":"0","_links":{"self":[{"href":"https:\/\/apuntesdesanluis.com\/index.php\/wp-json\/wp\/v2\/posts\/1949","targetHints":{"allow":["GET"]}}],"collection":[{"href":"https:\/\/apuntesdesanluis.com\/index.php\/wp-json\/wp\/v2\/posts"}],"about":[{"href":"https:\/\/apuntesdesanluis.com\/index.php\/wp-json\/wp\/v2\/types\/post"}],"author":[{"embeddable":true,"href":"https:\/\/apuntesdesanluis.com\/index.php\/wp-json\/wp\/v2\/users\/1"}],"replies":[{"embeddable":true,"href":"https:\/\/apuntesdesanluis.com\/index.php\/wp-json\/wp\/v2\/comments?post=1949"}],"version-history":[{"count":1,"href":"https:\/\/apuntesdesanluis.com\/index.php\/wp-json\/wp\/v2\/posts\/1949\/revisions"}],"predecessor-version":[{"id":1951,"href":"https:\/\/apuntesdesanluis.com\/index.php\/wp-json\/wp\/v2\/posts\/1949\/revisions\/1951"}],"wp:featuredmedia":[{"embeddable":true,"href":"https:\/\/apuntesdesanluis.com\/index.php\/wp-json\/wp\/v2\/media\/1950"}],"wp:attachment":[{"href":"https:\/\/apuntesdesanluis.com\/index.php\/wp-json\/wp\/v2\/media?parent=1949"}],"wp:term":[{"taxonomy":"category","embeddable":true,"href":"https:\/\/apuntesdesanluis.com\/index.php\/wp-json\/wp\/v2\/categories?post=1949"},{"taxonomy":"post_tag","embeddable":true,"href":"https:\/\/apuntesdesanluis.com\/index.php\/wp-json\/wp\/v2\/tags?post=1949"}],"curies":[{"name":"wp","href":"https:\/\/api.w.org\/{rel}","templated":true}]}}