{"id":19496,"date":"2024-07-18T18:20:28","date_gmt":"2024-07-18T21:20:28","guid":{"rendered":"https:\/\/apuntesdesanluis.com\/?p=19496"},"modified":"2024-07-18T18:20:28","modified_gmt":"2024-07-18T21:20:28","slug":"fracasaron-las-negociaciones-y-la-secretaria-de-trabajo-definira-el-nuevo-salario-minimo-vital-y-movil","status":"publish","type":"post","link":"https:\/\/apuntesdesanluis.com\/index.php\/2024\/07\/18\/fracasaron-las-negociaciones-y-la-secretaria-de-trabajo-definira-el-nuevo-salario-minimo-vital-y-movil\/","title":{"rendered":"FRACASARON LAS NEGOCIACIONES Y LA SECRETAR\u00cdA DE TRABAJO DEFINIR\u00c1 EL NUEVO SALARIO M\u00cdNIMO VITAL Y M\u00d3VIL"},"content":{"rendered":"<h3>Las centrales obreras y las c\u00e1maras empresarias no llegaron a un acuerdo. Con el valor actual, el salario m\u00ednimo perdi\u00f3 un <strong>32,1%<\/strong> en t\u00e9rminos reales desde noviembre pasado<\/h3>\n<h3>El c\u00f3nclave entre gremios, empleadores, el Estado nacional y los gobiernos provinciales se llev\u00f3 a cabo esta tarde, primero en comisi\u00f3n, y luego en la sesi\u00f3n plenaria ordinaria del Consejo del Salario, pero no encontraron un punto de acuerdo entre lo ofrecido por las c\u00e1maras y lo demandado por los gremios.<\/h3>\n<h3>Seg\u00fan fuentes de las centrales sindicales, las tres centrales (CTA-A, CGT y CTA-T) unificaron posturas y solicitaron ajustes salariales partiendo en $482 mil de SMVM a julio y $505 mil a agosto, lo que significa aumentos de 106% y 116% respectivamente, mientras las c\u00e1maras empresarias ofrecieron $245 mil a julio, $253 mil agosto, $259 mil septiembre y $264 mil a octubre. Ante las significativas distancias se pas\u00f3 a un cuarto intermedio.<\/h3>\n<h3>Tras el parate, no hubo mejor\u00edas ni acercamientos de las partes por lo que el Consejo fracas\u00f3 y ahora el Gobierno vuelve a quedar con la responsabilidad de definir los nuevos m\u00ednimos salariales.<\/h3>\n<h3>El encuentro ten\u00eda el objetivo de definir un nuevo piso salarial junto con los montos m\u00ednimos y m\u00e1ximos de la prestaci\u00f3n por desempleo, en medio de un escenario que ubica al sueldo b\u00e1sico como el menor en 30 a\u00f1os.<\/h3>\n<h3>El \u00faltimo encuentro entre las partes, en la Secretar\u00eda de Trabajo, fue a fines de abril. En aquella oportunidad no se logr\u00f3 un acuerdo, al igual que en la primera convocatoria del a\u00f1o, y el Gobierno termin\u00f3 definiendo un aumento del 15% en el piso salarial en dos tramos (abril y mayo).<\/h3>\n<h3>De esta manera, el ingreso b\u00e1sico pas\u00f3 de $202.800 a $221.052 en abril para los trabajadores mensualizados, mientras que en mayo alcanz\u00f3 los $234.315,12. En cuanto a los empleados jornalizados, la hora aument\u00f3 de $1.014 a $1.105,26 en el cuarto mes del a\u00f1o y a $1,171,58 en el quinto.<\/h3>\n<h3>Con el actual valor, el salario m\u00ednimo tiene un poder de compra 32,1% menor del que ten\u00eda en noviembre del a\u00f1o pasado, ya que \u201clos aumentos nominales sumaron 60,5% respecto de noviembre de 2023, cuando en el mismo per\u00edodo se proyecta acumular una inflaci\u00f3n superior al 136%\u201d, de acuerdo a un informe elaborado por el Centro de Investigaci\u00f3n y Formaci\u00f3n (CIFRA) de la Central de los Trabajadores de la Argentina (CTA).<\/h3>\n<p>&nbsp;<\/p>\n<p>&nbsp;<\/p>\n<p>&nbsp;<\/p>\n","protected":false},"excerpt":{"rendered":"<p>Las centrales obreras y las c\u00e1maras empresarias no llegaron a un acuerdo. Con el valor&#8230;<\/p>\n","protected":false},"author":1,"featured_media":19497,"comment_status":"closed","ping_status":"closed","sticky":false,"template":"","format":"standard","meta":{"footnotes":""},"categories":[5],"tags":[],"class_list":["post-19496","post","type-post","status-publish","format-standard","has-post-thumbnail","hentry","category-nacionales-internacionales"],"yoast_head":"<!-- This site is optimized with the Yoast SEO plugin v26.1.1 - https:\/\/yoast.com\/wordpress\/plugins\/seo\/ -->\n<title>FRACASARON LAS NEGOCIACIONES Y LA SECRETAR\u00cdA DE TRABAJO DEFINIR\u00c1 EL NUEVO SALARIO M\u00cdNIMO VITAL Y M\u00d3VIL - Apuntes de San Luis<\/title>\n<meta name=\"robots\" content=\"index, follow, max-snippet:-1, max-image-preview:large, max-video-preview:-1\" \/>\n<link rel=\"canonical\" href=\"https:\/\/apuntesdesanluis.com\/index.php\/2024\/07\/18\/fracasaron-las-negociaciones-y-la-secretaria-de-trabajo-definira-el-nuevo-salario-minimo-vital-y-movil\/\" \/>\n<meta property=\"og:locale\" content=\"es_ES\" \/>\n<meta property=\"og:type\" content=\"article\" \/>\n<meta property=\"og:title\" content=\"FRACASARON LAS NEGOCIACIONES Y LA SECRETAR\u00cdA DE TRABAJO DEFINIR\u00c1 EL NUEVO SALARIO M\u00cdNIMO VITAL Y M\u00d3VIL - Apuntes de San Luis\" \/>\n<meta property=\"og:description\" content=\"Las centrales obreras y las c\u00e1maras empresarias no llegaron a un acuerdo. Con el valor...\" \/>\n<meta property=\"og:url\" content=\"https:\/\/apuntesdesanluis.com\/index.php\/2024\/07\/18\/fracasaron-las-negociaciones-y-la-secretaria-de-trabajo-definira-el-nuevo-salario-minimo-vital-y-movil\/\" \/>\n<meta property=\"og:site_name\" content=\"Apuntes de San Luis\" \/>\n<meta property=\"article:published_time\" content=\"2024-07-18T21:20:28+00:00\" \/>\n<meta property=\"og:image\" content=\"https:\/\/apuntesdesanluis.com\/wp-content\/uploads\/2024\/07\/dinero-en-la-billetera.png\" \/>\n\t<meta property=\"og:image:width\" content=\"700\" \/>\n\t<meta property=\"og:image:height\" content=\"419\" \/>\n\t<meta property=\"og:image:type\" content=\"image\/png\" \/>\n<meta name=\"author\" content=\"apuntesdesanluis.com\" \/>\n<meta name=\"twitter:card\" content=\"summary_large_image\" \/>\n<meta name=\"twitter:label1\" content=\"Escrito por\" \/>\n\t<meta name=\"twitter:data1\" content=\"apuntesdesanluis.com\" \/>\n\t<meta name=\"twitter:label2\" content=\"Tiempo de lectura\" \/>\n\t<meta name=\"twitter:data2\" content=\"3 minutos\" \/>\n<script type=\"application\/ld+json\" class=\"yoast-schema-graph\">{\"@context\":\"https:\/\/schema.org\",\"@graph\":[{\"@type\":\"Article\",\"@id\":\"https:\/\/apuntesdesanluis.com\/index.php\/2024\/07\/18\/fracasaron-las-negociaciones-y-la-secretaria-de-trabajo-definira-el-nuevo-salario-minimo-vital-y-movil\/#article\",\"isPartOf\":{\"@id\":\"https:\/\/apuntesdesanluis.com\/index.php\/2024\/07\/18\/fracasaron-las-negociaciones-y-la-secretaria-de-trabajo-definira-el-nuevo-salario-minimo-vital-y-movil\/\"},\"author\":{\"name\":\"apuntesdesanluis.com\",\"@id\":\"https:\/\/apuntesdesanluis.com\/#\/schema\/person\/b55151d52296fcce64d1a72538a70b90\"},\"headline\":\"FRACASARON LAS NEGOCIACIONES Y LA SECRETAR\u00cdA DE TRABAJO DEFINIR\u00c1 EL NUEVO SALARIO M\u00cdNIMO VITAL Y M\u00d3VIL\",\"datePublished\":\"2024-07-18T21:20:28+00:00\",\"mainEntityOfPage\":{\"@id\":\"https:\/\/apuntesdesanluis.com\/index.php\/2024\/07\/18\/fracasaron-las-negociaciones-y-la-secretaria-de-trabajo-definira-el-nuevo-salario-minimo-vital-y-movil\/\"},\"wordCount\":423,\"publisher\":{\"@id\":\"https:\/\/apuntesdesanluis.com\/#\/schema\/person\/b55151d52296fcce64d1a72538a70b90\"},\"image\":{\"@id\":\"https:\/\/apuntesdesanluis.com\/index.php\/2024\/07\/18\/fracasaron-las-negociaciones-y-la-secretaria-de-trabajo-definira-el-nuevo-salario-minimo-vital-y-movil\/#primaryimage\"},\"thumbnailUrl\":\"https:\/\/apuntesdesanluis.com\/wp-content\/uploads\/2024\/07\/dinero-en-la-billetera.png\",\"articleSection\":[\"Nacionales\/Internacionales\"],\"inLanguage\":\"es-AR\"},{\"@type\":\"WebPage\",\"@id\":\"https:\/\/apuntesdesanluis.com\/index.php\/2024\/07\/18\/fracasaron-las-negociaciones-y-la-secretaria-de-trabajo-definira-el-nuevo-salario-minimo-vital-y-movil\/\",\"url\":\"https:\/\/apuntesdesanluis.com\/index.php\/2024\/07\/18\/fracasaron-las-negociaciones-y-la-secretaria-de-trabajo-definira-el-nuevo-salario-minimo-vital-y-movil\/\",\"name\":\"FRACASARON LAS NEGOCIACIONES Y LA SECRETAR\u00cdA DE TRABAJO DEFINIR\u00c1 EL NUEVO SALARIO M\u00cdNIMO VITAL Y M\u00d3VIL - Apuntes de San Luis\",\"isPartOf\":{\"@id\":\"https:\/\/apuntesdesanluis.com\/#website\"},\"primaryImageOfPage\":{\"@id\":\"https:\/\/apuntesdesanluis.com\/index.php\/2024\/07\/18\/fracasaron-las-negociaciones-y-la-secretaria-de-trabajo-definira-el-nuevo-salario-minimo-vital-y-movil\/#primaryimage\"},\"image\":{\"@id\":\"https:\/\/apuntesdesanluis.com\/index.php\/2024\/07\/18\/fracasaron-las-negociaciones-y-la-secretaria-de-trabajo-definira-el-nuevo-salario-minimo-vital-y-movil\/#primaryimage\"},\"thumbnailUrl\":\"https:\/\/apuntesdesanluis.com\/wp-content\/uploads\/2024\/07\/dinero-en-la-billetera.png\",\"datePublished\":\"2024-07-18T21:20:28+00:00\",\"breadcrumb\":{\"@id\":\"https:\/\/apuntesdesanluis.com\/index.php\/2024\/07\/18\/fracasaron-las-negociaciones-y-la-secretaria-de-trabajo-definira-el-nuevo-salario-minimo-vital-y-movil\/#breadcrumb\"},\"inLanguage\":\"es-AR\",\"potentialAction\":[{\"@type\":\"ReadAction\",\"target\":[\"https:\/\/apuntesdesanluis.com\/index.php\/2024\/07\/18\/fracasaron-las-negociaciones-y-la-secretaria-de-trabajo-definira-el-nuevo-salario-minimo-vital-y-movil\/\"]}]},{\"@type\":\"ImageObject\",\"inLanguage\":\"es-AR\",\"@id\":\"https:\/\/apuntesdesanluis.com\/index.php\/2024\/07\/18\/fracasaron-las-negociaciones-y-la-secretaria-de-trabajo-definira-el-nuevo-salario-minimo-vital-y-movil\/#primaryimage\",\"url\":\"https:\/\/apuntesdesanluis.com\/wp-content\/uploads\/2024\/07\/dinero-en-la-billetera.png\",\"contentUrl\":\"https:\/\/apuntesdesanluis.com\/wp-content\/uploads\/2024\/07\/dinero-en-la-billetera.png\",\"width\":700,\"height\":419},{\"@type\":\"BreadcrumbList\",\"@id\":\"https:\/\/apuntesdesanluis.com\/index.php\/2024\/07\/18\/fracasaron-las-negociaciones-y-la-secretaria-de-trabajo-definira-el-nuevo-salario-minimo-vital-y-movil\/#breadcrumb\",\"itemListElement\":[{\"@type\":\"ListItem\",\"position\":1,\"name\":\"Inicio\",\"item\":\"https:\/\/apuntesdesanluis.com\/\"},{\"@type\":\"ListItem\",\"position\":2,\"name\":\"FRACASARON LAS NEGOCIACIONES Y LA SECRETAR\u00cdA DE TRABAJO DEFINIR\u00c1 EL NUEVO SALARIO M\u00cdNIMO VITAL Y M\u00d3VIL\"}]},{\"@type\":\"WebSite\",\"@id\":\"https:\/\/apuntesdesanluis.com\/#website\",\"url\":\"https:\/\/apuntesdesanluis.com\/\",\"name\":\"Apuntes de San Luis\",\"description\":\"\",\"publisher\":{\"@id\":\"https:\/\/apuntesdesanluis.com\/#\/schema\/person\/b55151d52296fcce64d1a72538a70b90\"},\"potentialAction\":[{\"@type\":\"SearchAction\",\"target\":{\"@type\":\"EntryPoint\",\"urlTemplate\":\"https:\/\/apuntesdesanluis.com\/?s={search_term_string}\"},\"query-input\":{\"@type\":\"PropertyValueSpecification\",\"valueRequired\":true,\"valueName\":\"search_term_string\"}}],\"inLanguage\":\"es-AR\"},{\"@type\":[\"Person\",\"Organization\"],\"@id\":\"https:\/\/apuntesdesanluis.com\/#\/schema\/person\/b55151d52296fcce64d1a72538a70b90\",\"name\":\"apuntesdesanluis.com\",\"image\":{\"@type\":\"ImageObject\",\"inLanguage\":\"es-AR\",\"@id\":\"https:\/\/apuntesdesanluis.com\/#\/schema\/person\/image\/\",\"url\":\"https:\/\/apuntesdesanluis.com\/wp-content\/uploads\/2023\/07\/cropped-apuntesdesanluis.png\",\"contentUrl\":\"https:\/\/apuntesdesanluis.com\/wp-content\/uploads\/2023\/07\/cropped-apuntesdesanluis.png\",\"width\":450,\"height\":112,\"caption\":\"apuntesdesanluis.com\"},\"logo\":{\"@id\":\"https:\/\/apuntesdesanluis.com\/#\/schema\/person\/image\/\"},\"sameAs\":[\"https:\/\/apuntesdesanluis.com\"],\"url\":\"https:\/\/apuntesdesanluis.com\/index.php\/author\/apuntesdesanluis-com\/\"}]}<\/script>\n<!-- \/ Yoast SEO plugin. -->","yoast_head_json":{"title":"FRACASARON LAS NEGOCIACIONES Y LA SECRETAR\u00cdA DE TRABAJO DEFINIR\u00c1 EL NUEVO SALARIO M\u00cdNIMO VITAL Y M\u00d3VIL - Apuntes de San Luis","robots":{"index":"index","follow":"follow","max-snippet":"max-snippet:-1","max-image-preview":"max-image-preview:large","max-video-preview":"max-video-preview:-1"},"canonical":"https:\/\/apuntesdesanluis.com\/index.php\/2024\/07\/18\/fracasaron-las-negociaciones-y-la-secretaria-de-trabajo-definira-el-nuevo-salario-minimo-vital-y-movil\/","og_locale":"es_ES","og_type":"article","og_title":"FRACASARON LAS NEGOCIACIONES Y LA SECRETAR\u00cdA DE TRABAJO DEFINIR\u00c1 EL NUEVO SALARIO M\u00cdNIMO VITAL Y M\u00d3VIL - Apuntes de San Luis","og_description":"Las centrales obreras y las c\u00e1maras empresarias no llegaron a un acuerdo. Con el valor...","og_url":"https:\/\/apuntesdesanluis.com\/index.php\/2024\/07\/18\/fracasaron-las-negociaciones-y-la-secretaria-de-trabajo-definira-el-nuevo-salario-minimo-vital-y-movil\/","og_site_name":"Apuntes de San Luis","article_published_time":"2024-07-18T21:20:28+00:00","og_image":[{"width":700,"height":419,"url":"https:\/\/apuntesdesanluis.com\/wp-content\/uploads\/2024\/07\/dinero-en-la-billetera.png","type":"image\/png"}],"author":"apuntesdesanluis.com","twitter_card":"summary_large_image","twitter_misc":{"Escrito por":"apuntesdesanluis.com","Tiempo de lectura":"3 minutos"},"schema":{"@context":"https:\/\/schema.org","@graph":[{"@type":"Article","@id":"https:\/\/apuntesdesanluis.com\/index.php\/2024\/07\/18\/fracasaron-las-negociaciones-y-la-secretaria-de-trabajo-definira-el-nuevo-salario-minimo-vital-y-movil\/#article","isPartOf":{"@id":"https:\/\/apuntesdesanluis.com\/index.php\/2024\/07\/18\/fracasaron-las-negociaciones-y-la-secretaria-de-trabajo-definira-el-nuevo-salario-minimo-vital-y-movil\/"},"author":{"name":"apuntesdesanluis.com","@id":"https:\/\/apuntesdesanluis.com\/#\/schema\/person\/b55151d52296fcce64d1a72538a70b90"},"headline":"FRACASARON LAS NEGOCIACIONES Y LA SECRETAR\u00cdA DE TRABAJO DEFINIR\u00c1 EL NUEVO SALARIO M\u00cdNIMO VITAL Y M\u00d3VIL","datePublished":"2024-07-18T21:20:28+00:00","mainEntityOfPage":{"@id":"https:\/\/apuntesdesanluis.com\/index.php\/2024\/07\/18\/fracasaron-las-negociaciones-y-la-secretaria-de-trabajo-definira-el-nuevo-salario-minimo-vital-y-movil\/"},"wordCount":423,"publisher":{"@id":"https:\/\/apuntesdesanluis.com\/#\/schema\/person\/b55151d52296fcce64d1a72538a70b90"},"image":{"@id":"https:\/\/apuntesdesanluis.com\/index.php\/2024\/07\/18\/fracasaron-las-negociaciones-y-la-secretaria-de-trabajo-definira-el-nuevo-salario-minimo-vital-y-movil\/#primaryimage"},"thumbnailUrl":"https:\/\/apuntesdesanluis.com\/wp-content\/uploads\/2024\/07\/dinero-en-la-billetera.png","articleSection":["Nacionales\/Internacionales"],"inLanguage":"es-AR"},{"@type":"WebPage","@id":"https:\/\/apuntesdesanluis.com\/index.php\/2024\/07\/18\/fracasaron-las-negociaciones-y-la-secretaria-de-trabajo-definira-el-nuevo-salario-minimo-vital-y-movil\/","url":"https:\/\/apuntesdesanluis.com\/index.php\/2024\/07\/18\/fracasaron-las-negociaciones-y-la-secretaria-de-trabajo-definira-el-nuevo-salario-minimo-vital-y-movil\/","name":"FRACASARON LAS NEGOCIACIONES Y LA SECRETAR\u00cdA DE TRABAJO DEFINIR\u00c1 EL NUEVO SALARIO M\u00cdNIMO VITAL Y M\u00d3VIL - Apuntes de San Luis","isPartOf":{"@id":"https:\/\/apuntesdesanluis.com\/#website"},"primaryImageOfPage":{"@id":"https:\/\/apuntesdesanluis.com\/index.php\/2024\/07\/18\/fracasaron-las-negociaciones-y-la-secretaria-de-trabajo-definira-el-nuevo-salario-minimo-vital-y-movil\/#primaryimage"},"image":{"@id":"https:\/\/apuntesdesanluis.com\/index.php\/2024\/07\/18\/fracasaron-las-negociaciones-y-la-secretaria-de-trabajo-definira-el-nuevo-salario-minimo-vital-y-movil\/#primaryimage"},"thumbnailUrl":"https:\/\/apuntesdesanluis.com\/wp-content\/uploads\/2024\/07\/dinero-en-la-billetera.png","datePublished":"2024-07-18T21:20:28+00:00","breadcrumb":{"@id":"https:\/\/apuntesdesanluis.com\/index.php\/2024\/07\/18\/fracasaron-las-negociaciones-y-la-secretaria-de-trabajo-definira-el-nuevo-salario-minimo-vital-y-movil\/#breadcrumb"},"inLanguage":"es-AR","potentialAction":[{"@type":"ReadAction","target":["https:\/\/apuntesdesanluis.com\/index.php\/2024\/07\/18\/fracasaron-las-negociaciones-y-la-secretaria-de-trabajo-definira-el-nuevo-salario-minimo-vital-y-movil\/"]}]},{"@type":"ImageObject","inLanguage":"es-AR","@id":"https:\/\/apuntesdesanluis.com\/index.php\/2024\/07\/18\/fracasaron-las-negociaciones-y-la-secretaria-de-trabajo-definira-el-nuevo-salario-minimo-vital-y-movil\/#primaryimage","url":"https:\/\/apuntesdesanluis.com\/wp-content\/uploads\/2024\/07\/dinero-en-la-billetera.png","contentUrl":"https:\/\/apuntesdesanluis.com\/wp-content\/uploads\/2024\/07\/dinero-en-la-billetera.png","width":700,"height":419},{"@type":"BreadcrumbList","@id":"https:\/\/apuntesdesanluis.com\/index.php\/2024\/07\/18\/fracasaron-las-negociaciones-y-la-secretaria-de-trabajo-definira-el-nuevo-salario-minimo-vital-y-movil\/#breadcrumb","itemListElement":[{"@type":"ListItem","position":1,"name":"Inicio","item":"https:\/\/apuntesdesanluis.com\/"},{"@type":"ListItem","position":2,"name":"FRACASARON LAS NEGOCIACIONES Y LA SECRETAR\u00cdA DE TRABAJO DEFINIR\u00c1 EL NUEVO SALARIO M\u00cdNIMO VITAL Y M\u00d3VIL"}]},{"@type":"WebSite","@id":"https:\/\/apuntesdesanluis.com\/#website","url":"https:\/\/apuntesdesanluis.com\/","name":"Apuntes de San Luis","description":"","publisher":{"@id":"https:\/\/apuntesdesanluis.com\/#\/schema\/person\/b55151d52296fcce64d1a72538a70b90"},"potentialAction":[{"@type":"SearchAction","target":{"@type":"EntryPoint","urlTemplate":"https:\/\/apuntesdesanluis.com\/?s={search_term_string}"},"query-input":{"@type":"PropertyValueSpecification","valueRequired":true,"valueName":"search_term_string"}}],"inLanguage":"es-AR"},{"@type":["Person","Organization"],"@id":"https:\/\/apuntesdesanluis.com\/#\/schema\/person\/b55151d52296fcce64d1a72538a70b90","name":"apuntesdesanluis.com","image":{"@type":"ImageObject","inLanguage":"es-AR","@id":"https:\/\/apuntesdesanluis.com\/#\/schema\/person\/image\/","url":"https:\/\/apuntesdesanluis.com\/wp-content\/uploads\/2023\/07\/cropped-apuntesdesanluis.png","contentUrl":"https:\/\/apuntesdesanluis.com\/wp-content\/uploads\/2023\/07\/cropped-apuntesdesanluis.png","width":450,"height":112,"caption":"apuntesdesanluis.com"},"logo":{"@id":"https:\/\/apuntesdesanluis.com\/#\/schema\/person\/image\/"},"sameAs":["https:\/\/apuntesdesanluis.com"],"url":"https:\/\/apuntesdesanluis.com\/index.php\/author\/apuntesdesanluis-com\/"}]}},"featured_image_urls":{"full":["https:\/\/apuntesdesanluis.com\/wp-content\/uploads\/2024\/07\/dinero-en-la-billetera.png",700,419,false],"thumbnail":["https:\/\/apuntesdesanluis.com\/wp-content\/uploads\/2024\/07\/dinero-en-la-billetera-150x150.png",150,150,true],"medium":["https:\/\/apuntesdesanluis.com\/wp-content\/uploads\/2024\/07\/dinero-en-la-billetera-300x180.png",300,180,true],"medium_large":["https:\/\/apuntesdesanluis.com\/wp-content\/uploads\/2024\/07\/dinero-en-la-billetera.png",640,383,false],"large":["https:\/\/apuntesdesanluis.com\/wp-content\/uploads\/2024\/07\/dinero-en-la-billetera.png",640,383,false],"1536x1536":["https:\/\/apuntesdesanluis.com\/wp-content\/uploads\/2024\/07\/dinero-en-la-billetera.png",700,419,false],"2048x2048":["https:\/\/apuntesdesanluis.com\/wp-content\/uploads\/2024\/07\/dinero-en-la-billetera.png",700,419,false],"newsever-slider-full":["https:\/\/apuntesdesanluis.com\/wp-content\/uploads\/2024\/07\/dinero-en-la-billetera.png",700,419,false],"newsever-featured":["https:\/\/apuntesdesanluis.com\/wp-content\/uploads\/2024\/07\/dinero-en-la-billetera.png",700,419,false],"newsever-medium":["https:\/\/apuntesdesanluis.com\/wp-content\/uploads\/2024\/07\/dinero-en-la-billetera.png",700,419,false]},"author_info":{"display_name":"apuntesdesanluis.com","author_link":"https:\/\/apuntesdesanluis.com\/index.php\/author\/apuntesdesanluis-com\/"},"category_info":"<a href=\"https:\/\/apuntesdesanluis.com\/index.php\/category\/nacionales-internacionales\/\" rel=\"category tag\">Nacionales\/Internacionales<\/a>","tag_info":"Nacionales\/Internacionales","comment_count":"0","_links":{"self":[{"href":"https:\/\/apuntesdesanluis.com\/index.php\/wp-json\/wp\/v2\/posts\/19496","targetHints":{"allow":["GET"]}}],"collection":[{"href":"https:\/\/apuntesdesanluis.com\/index.php\/wp-json\/wp\/v2\/posts"}],"about":[{"href":"https:\/\/apuntesdesanluis.com\/index.php\/wp-json\/wp\/v2\/types\/post"}],"author":[{"embeddable":true,"href":"https:\/\/apuntesdesanluis.com\/index.php\/wp-json\/wp\/v2\/users\/1"}],"replies":[{"embeddable":true,"href":"https:\/\/apuntesdesanluis.com\/index.php\/wp-json\/wp\/v2\/comments?post=19496"}],"version-history":[{"count":1,"href":"https:\/\/apuntesdesanluis.com\/index.php\/wp-json\/wp\/v2\/posts\/19496\/revisions"}],"predecessor-version":[{"id":19498,"href":"https:\/\/apuntesdesanluis.com\/index.php\/wp-json\/wp\/v2\/posts\/19496\/revisions\/19498"}],"wp:featuredmedia":[{"embeddable":true,"href":"https:\/\/apuntesdesanluis.com\/index.php\/wp-json\/wp\/v2\/media\/19497"}],"wp:attachment":[{"href":"https:\/\/apuntesdesanluis.com\/index.php\/wp-json\/wp\/v2\/media?parent=19496"}],"wp:term":[{"taxonomy":"category","embeddable":true,"href":"https:\/\/apuntesdesanluis.com\/index.php\/wp-json\/wp\/v2\/categories?post=19496"},{"taxonomy":"post_tag","embeddable":true,"href":"https:\/\/apuntesdesanluis.com\/index.php\/wp-json\/wp\/v2\/tags?post=19496"}],"curies":[{"name":"wp","href":"https:\/\/api.w.org\/{rel}","templated":true}]}}